{"id":6593,"date":"2024-11-21T10:00:10","date_gmt":"2024-11-21T16:00:10","guid":{"rendered":"https:\/\/www.nexoinformativo.mx\/?p=6593"},"modified":"2024-11-21T10:35:08","modified_gmt":"2024-11-21T16:35:08","slug":"fiscalia-de-queretaro-logra-avances-significativos-en-investigacion-del-ataque-en-los-cantaritos","status":"publish","type":"post","link":"https:\/\/www.nexoinformativo.mx\/index.php\/2024\/11\/21\/fiscalia-de-queretaro-logra-avances-significativos-en-investigacion-del-ataque-en-los-cantaritos\/","title":{"rendered":"Fiscal\u00eda de Quer\u00e9taro logra avances significativos en investigaci\u00f3n del ataque en Los Cantaritos"},"content":{"rendered":"<p style=\"text-align: justify;\" data-sourcepos=\"9:1-9:240\">La Fiscal\u00eda General del Estado de Quer\u00e9taro ha dado a conocer importantes avances en la investigaci\u00f3n del ataque armado ocurrido el pasado 9 de noviembre en el establecimiento <strong>&#8220;Los Cantaritos&#8221;<\/strong>, donde perdieron la vida 10 personas.<\/p>\n<p>&nbsp;<\/p>\n<p style=\"text-align: justify;\" data-sourcepos=\"11:1-11:271\">Gracias a un trabajo exhaustivo de investigaci\u00f3n, que incluy\u00f3 m\u00e1s de 12 cateos, 100 intervenciones periciales y el an\u00e1lisis de cientos de horas de videovigilancia, la Fiscal\u00eda ha logrado identificar y detener a dos personas presuntamente responsables de estos homicidios.<\/p>\n<p>&nbsp;<\/p>\n<p style=\"text-align: justify;\" data-sourcepos=\"13:1-13:312\">Las autoridades han se\u00f1alado que las investigaciones contin\u00faan para dar con el resto de los involucrados en este lamentable suceso. Asimismo, se ha destacado la colaboraci\u00f3n de las Secretar\u00edas de Seguridad P\u00fablica de Quer\u00e9taro, Corregidora y El Marqu\u00e9s, lo que ha sido fundamental para obtener estos resultados.<\/p>\n<p>&nbsp;<\/p>\n<p style=\"text-align: justify;\" data-sourcepos=\"15:1-15:176\">Los detenidos enfrentar\u00e1n cargos por homicidio calificado y homicidio en grado de tentativa, delitos que podr\u00edan acarrear una pena de hasta 50 a\u00f1os de prisi\u00f3n por cada v\u00edctima.<\/p>\n<p>&nbsp;<\/p>\n<p style=\"text-align: justify;\" data-sourcepos=\"17:1-17:236\">Este caso ha conmocionado a la sociedad queretana y ha generado una gran expectativa en torno a las investigaciones. La Fiscal\u00eda ha reafirmado su compromiso de llevar ante la justicia a todos los responsables y de combatir la impunidad.<\/p>\n<p>&nbsp;<\/p>\n<p style=\"text-align: center;\" data-sourcepos=\"17:1-17:236\"><em><strong>\u00a1Informaci\u00f3n que transforma!<\/strong><\/em><\/p>\n","protected":false},"excerpt":{"rendered":"<p>La Fiscal\u00eda General del Estado de Quer\u00e9taro ha dado a conocer importantes avances en la investigaci\u00f3n del ataque armado ocurrido el pasado 9 de noviembre en el establecimiento &#8220;Los Cantaritos&#8221;, donde perdieron la vida 10 personas.<\/p>\n","protected":false},"author":3,"featured_media":6594,"comment_status":"open","ping_status":"open","sticky":false,"template":"","format":"standard","meta":{"footnotes":""},"categories":[137,58],"tags":[723,500,1968,2154],"class_list":["post-6593","post","type-post","status-publish","format-standard","has-post-thumbnail","hentry","category-sucesos","category-ultima-hora","tag-detenciones","tag-fiscaliaqueretaro","tag-justiciaporqueretaro","tag-loscantaritos"],"yoast_head":"<!-- This site is optimized with the Yoast SEO plugin v25.0 - https:\/\/yoast.com\/wordpress\/plugins\/seo\/ -->\n<title>Fiscal\u00eda de Quer\u00e9taro logra avances significativos en investigaci\u00f3n del ataque en Los Cantaritos | Nexo Informativo Santiago de Quer\u00e9taro<\/title>\n<meta name=\"description\" content=\"Fiscal\u00eda de Quer\u00e9taro logra avances significativos en investigaci\u00f3n del ataque en Los Cantaritos\" \/>\n<meta name=\"robots\" content=\"index, follow, max-snippet:-1, max-image-preview:large, max-video-preview:-1\" \/>\n<link rel=\"canonical\" href=\"https:\/\/www.nexoinformativo.mx\/index.php\/2024\/11\/21\/fiscalia-de-queretaro-logra-avances-significativos-en-investigacion-del-ataque-en-los-cantaritos\/\" \/>\n<meta property=\"og:locale\" content=\"es_MX\" \/>\n<meta property=\"og:type\" content=\"article\" \/>\n<meta property=\"og:title\" content=\"Fiscal\u00eda de Quer\u00e9taro logra avances significativos en investigaci\u00f3n del ataque en Los Cantaritos | Nexo Informativo Santiago de Quer\u00e9taro\" \/>\n<meta property=\"og:description\" content=\"Fiscal\u00eda de Quer\u00e9taro logra avances significativos en investigaci\u00f3n del ataque en Los Cantaritos\" \/>\n<meta property=\"og:url\" content=\"https:\/\/www.nexoinformativo.mx\/index.php\/2024\/11\/21\/fiscalia-de-queretaro-logra-avances-significativos-en-investigacion-del-ataque-en-los-cantaritos\/\" \/>\n<meta property=\"og:site_name\" content=\"Nexo Informativo Santiago de Quer\u00e9taro\" \/>\n<meta property=\"article:publisher\" content=\"https:\/\/www.facebook.com\/people\/Nexo-Informativo\/61564066885511\/\" \/>\n<meta property=\"article:published_time\" content=\"2024-11-21T16:00:10+00:00\" \/>\n<meta property=\"article:modified_time\" content=\"2024-11-21T16:35:08+00:00\" \/>\n<meta property=\"og:image\" content=\"https:\/\/www.nexoinformativo.mx\/wp-content\/uploads\/2024\/11\/PHOTO-2024-11-21-10-19-52-e1732206833947.jpg\" \/>\n\t<meta property=\"og:image:width\" content=\"700\" \/>\n\t<meta property=\"og:image:height\" content=\"441\" \/>\n\t<meta property=\"og:image:type\" content=\"image\/jpeg\" \/>\n<meta name=\"author\" content=\"Nexo Informativo\" \/>\n<meta name=\"twitter:card\" content=\"summary_large_image\" \/>\n<meta name=\"twitter:label1\" content=\"Escrito por\" \/>\n\t<meta name=\"twitter:data1\" content=\"Nexo Informativo\" \/>\n\t<meta name=\"twitter:label2\" content=\"Tiempo de lectura\" \/>\n\t<meta name=\"twitter:data2\" content=\"2 minutos\" \/>\n<script type=\"application\/ld+json\" class=\"yoast-schema-graph\">{\"@context\":\"https:\/\/schema.org\",\"@graph\":[{\"@type\":\"Article\",\"@id\":\"https:\/\/www.nexoinformativo.mx\/index.php\/2024\/11\/21\/fiscalia-de-queretaro-logra-avances-significativos-en-investigacion-del-ataque-en-los-cantaritos\/#article\",\"isPartOf\":{\"@id\":\"https:\/\/www.nexoinformativo.mx\/index.php\/2024\/11\/21\/fiscalia-de-queretaro-logra-avances-significativos-en-investigacion-del-ataque-en-los-cantaritos\/\"},\"author\":{\"name\":\"Nexo Informativo\",\"@id\":\"https:\/\/www.nexoinformativo.mx\/#\/schema\/person\/7749d380ba08c8ca00d7bc76fd907b7d\"},\"headline\":\"Fiscal\u00eda de Quer\u00e9taro logra avances significativos en investigaci\u00f3n del ataque en Los Cantaritos\",\"datePublished\":\"2024-11-21T16:00:10+00:00\",\"dateModified\":\"2024-11-21T16:35:08+00:00\",\"mainEntityOfPage\":{\"@id\":\"https:\/\/www.nexoinformativo.mx\/index.php\/2024\/11\/21\/fiscalia-de-queretaro-logra-avances-significativos-en-investigacion-del-ataque-en-los-cantaritos\/\"},\"wordCount\":230,\"commentCount\":0,\"publisher\":{\"@id\":\"https:\/\/www.nexoinformativo.mx\/#organization\"},\"image\":{\"@id\":\"https:\/\/www.nexoinformativo.mx\/index.php\/2024\/11\/21\/fiscalia-de-queretaro-logra-avances-significativos-en-investigacion-del-ataque-en-los-cantaritos\/#primaryimage\"},\"thumbnailUrl\":\"https:\/\/www.nexoinformativo.mx\/wp-content\/uploads\/2024\/11\/PHOTO-2024-11-21-10-19-52-e1732206833947.jpg\",\"keywords\":[\"Detenciones\",\"Fiscal\u00edaQuer\u00e9taro\",\"JusticiaPorQuer\u00e9taro\",\"LosCantaritos\"],\"articleSection\":[\"Sucesos\",\"\u00daltima Hora\"],\"inLanguage\":\"es\",\"potentialAction\":[{\"@type\":\"CommentAction\",\"name\":\"Comment\",\"target\":[\"https:\/\/www.nexoinformativo.mx\/index.php\/2024\/11\/21\/fiscalia-de-queretaro-logra-avances-significativos-en-investigacion-del-ataque-en-los-cantaritos\/#respond\"]}]},{\"@type\":\"WebPage\",\"@id\":\"https:\/\/www.nexoinformativo.mx\/index.php\/2024\/11\/21\/fiscalia-de-queretaro-logra-avances-significativos-en-investigacion-del-ataque-en-los-cantaritos\/\",\"url\":\"https:\/\/www.nexoinformativo.mx\/index.php\/2024\/11\/21\/fiscalia-de-queretaro-logra-avances-significativos-en-investigacion-del-ataque-en-los-cantaritos\/\",\"name\":\"Fiscal\u00eda de Quer\u00e9taro logra avances significativos en investigaci\u00f3n del ataque en Los Cantaritos | Nexo Informativo Santiago de Quer\u00e9taro\",\"isPartOf\":{\"@id\":\"https:\/\/www.nexoinformativo.mx\/#website\"},\"primaryImageOfPage\":{\"@id\":\"https:\/\/www.nexoinformativo.mx\/index.php\/2024\/11\/21\/fiscalia-de-queretaro-logra-avances-significativos-en-investigacion-del-ataque-en-los-cantaritos\/#primaryimage\"},\"image\":{\"@id\":\"https:\/\/www.nexoinformativo.mx\/index.php\/2024\/11\/21\/fiscalia-de-queretaro-logra-avances-significativos-en-investigacion-del-ataque-en-los-cantaritos\/#primaryimage\"},\"thumbnailUrl\":\"https:\/\/www.nexoinformativo.mx\/wp-content\/uploads\/2024\/11\/PHOTO-2024-11-21-10-19-52-e1732206833947.jpg\",\"datePublished\":\"2024-11-21T16:00:10+00:00\",\"dateModified\":\"2024-11-21T16:35:08+00:00\",\"description\":\"Fiscal\u00eda de Quer\u00e9taro logra avances significativos en investigaci\u00f3n del ataque en Los Cantaritos\",\"breadcrumb\":{\"@id\":\"https:\/\/www.nexoinformativo.mx\/index.php\/2024\/11\/21\/fiscalia-de-queretaro-logra-avances-significativos-en-investigacion-del-ataque-en-los-cantaritos\/#breadcrumb\"},\"inLanguage\":\"es\",\"potentialAction\":[{\"@type\":\"ReadAction\",\"target\":[\"https:\/\/www.nexoinformativo.mx\/index.php\/2024\/11\/21\/fiscalia-de-queretaro-logra-avances-significativos-en-investigacion-del-ataque-en-los-cantaritos\/\"]}]},{\"@type\":\"ImageObject\",\"inLanguage\":\"es\",\"@id\":\"https:\/\/www.nexoinformativo.mx\/index.php\/2024\/11\/21\/fiscalia-de-queretaro-logra-avances-significativos-en-investigacion-del-ataque-en-los-cantaritos\/#primaryimage\",\"url\":\"https:\/\/www.nexoinformativo.mx\/wp-content\/uploads\/2024\/11\/PHOTO-2024-11-21-10-19-52-e1732206833947.jpg\",\"contentUrl\":\"https:\/\/www.nexoinformativo.mx\/wp-content\/uploads\/2024\/11\/PHOTO-2024-11-21-10-19-52-e1732206833947.jpg\",\"width\":700,\"height\":441},{\"@type\":\"BreadcrumbList\",\"@id\":\"https:\/\/www.nexoinformativo.mx\/index.php\/2024\/11\/21\/fiscalia-de-queretaro-logra-avances-significativos-en-investigacion-del-ataque-en-los-cantaritos\/#breadcrumb\",\"itemListElement\":[{\"@type\":\"ListItem\",\"position\":1,\"name\":\"Inicio\",\"item\":\"https:\/\/www.nexoinformativo.mx\/\"},{\"@type\":\"ListItem\",\"position\":2,\"name\":\"Fiscal\u00eda de Quer\u00e9taro logra avances significativos en investigaci\u00f3n del ataque en Los Cantaritos\"}]},{\"@type\":\"WebSite\",\"@id\":\"https:\/\/www.nexoinformativo.mx\/#website\",\"url\":\"https:\/\/www.nexoinformativo.mx\/\",\"name\":\"Nexo Informativo Santiago de Quer\u00e9taro\",\"description\":\"Explora NexoInformativo y convi\u00e9rtete en parte de una comunidad que valora el conocimiento y la verdad. Tu nexoinformativo es tu puente hacia una comprensi\u00f3n m\u00e1s profunda del mundo que te rodea.\",\"publisher\":{\"@id\":\"https:\/\/www.nexoinformativo.mx\/#organization\"},\"potentialAction\":[{\"@type\":\"SearchAction\",\"target\":{\"@type\":\"EntryPoint\",\"urlTemplate\":\"https:\/\/www.nexoinformativo.mx\/?s={search_term_string}\"},\"query-input\":{\"@type\":\"PropertyValueSpecification\",\"valueRequired\":true,\"valueName\":\"search_term_string\"}}],\"inLanguage\":\"es\"},{\"@type\":\"Organization\",\"@id\":\"https:\/\/www.nexoinformativo.mx\/#organization\",\"name\":\"Nexo Informativo Santiago de Quer\u00e9taro\",\"url\":\"https:\/\/www.nexoinformativo.mx\/\",\"logo\":{\"@type\":\"ImageObject\",\"inLanguage\":\"es\",\"@id\":\"https:\/\/www.nexoinformativo.mx\/#\/schema\/logo\/image\/\",\"url\":\"https:\/\/www.nexoinformativo.mx\/wp-content\/uploads\/2024\/07\/nexoi-trasparente-2.png\",\"contentUrl\":\"https:\/\/www.nexoinformativo.mx\/wp-content\/uploads\/2024\/07\/nexoi-trasparente-2.png\",\"width\":816,\"height\":339,\"caption\":\"Nexo Informativo Santiago de Quer\u00e9taro\"},\"image\":{\"@id\":\"https:\/\/www.nexoinformativo.mx\/#\/schema\/logo\/image\/\"},\"sameAs\":[\"https:\/\/www.facebook.com\/people\/Nexo-Informativo\/61564066885511\/\"]},{\"@type\":\"Person\",\"@id\":\"https:\/\/www.nexoinformativo.mx\/#\/schema\/person\/7749d380ba08c8ca00d7bc76fd907b7d\",\"name\":\"Nexo Informativo\",\"image\":{\"@type\":\"ImageObject\",\"inLanguage\":\"es\",\"@id\":\"https:\/\/www.nexoinformativo.mx\/#\/schema\/person\/image\/\",\"url\":\"https:\/\/secure.gravatar.com\/avatar\/dde2928154642a13d95f87ddf1ea9718fe2b46760a005c53e41ff5ad610704e6?s=96&d=mm&r=g\",\"contentUrl\":\"https:\/\/secure.gravatar.com\/avatar\/dde2928154642a13d95f87ddf1ea9718fe2b46760a005c53e41ff5ad610704e6?s=96&d=mm&r=g\",\"caption\":\"Nexo Informativo\"},\"url\":\"https:\/\/www.nexoinformativo.mx\/index.php\/author\/edicion\/\"}]}<\/script>\n<!-- \/ Yoast SEO plugin. -->","yoast_head_json":{"title":"Fiscal\u00eda de Quer\u00e9taro logra avances significativos en investigaci\u00f3n del ataque en Los Cantaritos | Nexo Informativo Santiago de Quer\u00e9taro","description":"Fiscal\u00eda de Quer\u00e9taro logra avances significativos en investigaci\u00f3n del ataque en Los Cantaritos","robots":{"index":"index","follow":"follow","max-snippet":"max-snippet:-1","max-image-preview":"max-image-preview:large","max-video-preview":"max-video-preview:-1"},"canonical":"https:\/\/www.nexoinformativo.mx\/index.php\/2024\/11\/21\/fiscalia-de-queretaro-logra-avances-significativos-en-investigacion-del-ataque-en-los-cantaritos\/","og_locale":"es_MX","og_type":"article","og_title":"Fiscal\u00eda de Quer\u00e9taro logra avances significativos en investigaci\u00f3n del ataque en Los Cantaritos | Nexo Informativo Santiago de Quer\u00e9taro","og_description":"Fiscal\u00eda de Quer\u00e9taro logra avances significativos en investigaci\u00f3n del ataque en Los Cantaritos","og_url":"https:\/\/www.nexoinformativo.mx\/index.php\/2024\/11\/21\/fiscalia-de-queretaro-logra-avances-significativos-en-investigacion-del-ataque-en-los-cantaritos\/","og_site_name":"Nexo Informativo Santiago de Quer\u00e9taro","article_publisher":"https:\/\/www.facebook.com\/people\/Nexo-Informativo\/61564066885511\/","article_published_time":"2024-11-21T16:00:10+00:00","article_modified_time":"2024-11-21T16:35:08+00:00","og_image":[{"width":700,"height":441,"url":"https:\/\/www.nexoinformativo.mx\/wp-content\/uploads\/2024\/11\/PHOTO-2024-11-21-10-19-52-e1732206833947.jpg","type":"image\/jpeg"}],"author":"Nexo Informativo","twitter_card":"summary_large_image","twitter_misc":{"Escrito por":"Nexo Informativo","Tiempo de lectura":"2 minutos"},"schema":{"@context":"https:\/\/schema.org","@graph":[{"@type":"Article","@id":"https:\/\/www.nexoinformativo.mx\/index.php\/2024\/11\/21\/fiscalia-de-queretaro-logra-avances-significativos-en-investigacion-del-ataque-en-los-cantaritos\/#article","isPartOf":{"@id":"https:\/\/www.nexoinformativo.mx\/index.php\/2024\/11\/21\/fiscalia-de-queretaro-logra-avances-significativos-en-investigacion-del-ataque-en-los-cantaritos\/"},"author":{"name":"Nexo Informativo","@id":"https:\/\/www.nexoinformativo.mx\/#\/schema\/person\/7749d380ba08c8ca00d7bc76fd907b7d"},"headline":"Fiscal\u00eda de Quer\u00e9taro logra avances significativos en investigaci\u00f3n del ataque en Los Cantaritos","datePublished":"2024-11-21T16:00:10+00:00","dateModified":"2024-11-21T16:35:08+00:00","mainEntityOfPage":{"@id":"https:\/\/www.nexoinformativo.mx\/index.php\/2024\/11\/21\/fiscalia-de-queretaro-logra-avances-significativos-en-investigacion-del-ataque-en-los-cantaritos\/"},"wordCount":230,"commentCount":0,"publisher":{"@id":"https:\/\/www.nexoinformativo.mx\/#organization"},"image":{"@id":"https:\/\/www.nexoinformativo.mx\/index.php\/2024\/11\/21\/fiscalia-de-queretaro-logra-avances-significativos-en-investigacion-del-ataque-en-los-cantaritos\/#primaryimage"},"thumbnailUrl":"https:\/\/www.nexoinformativo.mx\/wp-content\/uploads\/2024\/11\/PHOTO-2024-11-21-10-19-52-e1732206833947.jpg","keywords":["Detenciones","Fiscal\u00edaQuer\u00e9taro","JusticiaPorQuer\u00e9taro","LosCantaritos"],"articleSection":["Sucesos","\u00daltima Hora"],"inLanguage":"es","potentialAction":[{"@type":"CommentAction","name":"Comment","target":["https:\/\/www.nexoinformativo.mx\/index.php\/2024\/11\/21\/fiscalia-de-queretaro-logra-avances-significativos-en-investigacion-del-ataque-en-los-cantaritos\/#respond"]}]},{"@type":"WebPage","@id":"https:\/\/www.nexoinformativo.mx\/index.php\/2024\/11\/21\/fiscalia-de-queretaro-logra-avances-significativos-en-investigacion-del-ataque-en-los-cantaritos\/","url":"https:\/\/www.nexoinformativo.mx\/index.php\/2024\/11\/21\/fiscalia-de-queretaro-logra-avances-significativos-en-investigacion-del-ataque-en-los-cantaritos\/","name":"Fiscal\u00eda de Quer\u00e9taro logra avances significativos en investigaci\u00f3n del ataque en Los Cantaritos | Nexo Informativo Santiago de Quer\u00e9taro","isPartOf":{"@id":"https:\/\/www.nexoinformativo.mx\/#website"},"primaryImageOfPage":{"@id":"https:\/\/www.nexoinformativo.mx\/index.php\/2024\/11\/21\/fiscalia-de-queretaro-logra-avances-significativos-en-investigacion-del-ataque-en-los-cantaritos\/#primaryimage"},"image":{"@id":"https:\/\/www.nexoinformativo.mx\/index.php\/2024\/11\/21\/fiscalia-de-queretaro-logra-avances-significativos-en-investigacion-del-ataque-en-los-cantaritos\/#primaryimage"},"thumbnailUrl":"https:\/\/www.nexoinformativo.mx\/wp-content\/uploads\/2024\/11\/PHOTO-2024-11-21-10-19-52-e1732206833947.jpg","datePublished":"2024-11-21T16:00:10+00:00","dateModified":"2024-11-21T16:35:08+00:00","description":"Fiscal\u00eda de Quer\u00e9taro logra avances significativos en investigaci\u00f3n del ataque en Los Cantaritos","breadcrumb":{"@id":"https:\/\/www.nexoinformativo.mx\/index.php\/2024\/11\/21\/fiscalia-de-queretaro-logra-avances-significativos-en-investigacion-del-ataque-en-los-cantaritos\/#breadcrumb"},"inLanguage":"es","potentialAction":[{"@type":"ReadAction","target":["https:\/\/www.nexoinformativo.mx\/index.php\/2024\/11\/21\/fiscalia-de-queretaro-logra-avances-significativos-en-investigacion-del-ataque-en-los-cantaritos\/"]}]},{"@type":"ImageObject","inLanguage":"es","@id":"https:\/\/www.nexoinformativo.mx\/index.php\/2024\/11\/21\/fiscalia-de-queretaro-logra-avances-significativos-en-investigacion-del-ataque-en-los-cantaritos\/#primaryimage","url":"https:\/\/www.nexoinformativo.mx\/wp-content\/uploads\/2024\/11\/PHOTO-2024-11-21-10-19-52-e1732206833947.jpg","contentUrl":"https:\/\/www.nexoinformativo.mx\/wp-content\/uploads\/2024\/11\/PHOTO-2024-11-21-10-19-52-e1732206833947.jpg","width":700,"height":441},{"@type":"BreadcrumbList","@id":"https:\/\/www.nexoinformativo.mx\/index.php\/2024\/11\/21\/fiscalia-de-queretaro-logra-avances-significativos-en-investigacion-del-ataque-en-los-cantaritos\/#breadcrumb","itemListElement":[{"@type":"ListItem","position":1,"name":"Inicio","item":"https:\/\/www.nexoinformativo.mx\/"},{"@type":"ListItem","position":2,"name":"Fiscal\u00eda de Quer\u00e9taro logra avances significativos en investigaci\u00f3n del ataque en Los Cantaritos"}]},{"@type":"WebSite","@id":"https:\/\/www.nexoinformativo.mx\/#website","url":"https:\/\/www.nexoinformativo.mx\/","name":"Nexo Informativo Santiago de Quer\u00e9taro","description":"Explora NexoInformativo y convi\u00e9rtete en parte de una comunidad que valora el conocimiento y la verdad. Tu nexoinformativo es tu puente hacia una comprensi\u00f3n m\u00e1s profunda del mundo que te rodea.","publisher":{"@id":"https:\/\/www.nexoinformativo.mx\/#organization"},"potentialAction":[{"@type":"SearchAction","target":{"@type":"EntryPoint","urlTemplate":"https:\/\/www.nexoinformativo.mx\/?s={search_term_string}"},"query-input":{"@type":"PropertyValueSpecification","valueRequired":true,"valueName":"search_term_string"}}],"inLanguage":"es"},{"@type":"Organization","@id":"https:\/\/www.nexoinformativo.mx\/#organization","name":"Nexo Informativo Santiago de Quer\u00e9taro","url":"https:\/\/www.nexoinformativo.mx\/","logo":{"@type":"ImageObject","inLanguage":"es","@id":"https:\/\/www.nexoinformativo.mx\/#\/schema\/logo\/image\/","url":"https:\/\/www.nexoinformativo.mx\/wp-content\/uploads\/2024\/07\/nexoi-trasparente-2.png","contentUrl":"https:\/\/www.nexoinformativo.mx\/wp-content\/uploads\/2024\/07\/nexoi-trasparente-2.png","width":816,"height":339,"caption":"Nexo Informativo Santiago de Quer\u00e9taro"},"image":{"@id":"https:\/\/www.nexoinformativo.mx\/#\/schema\/logo\/image\/"},"sameAs":["https:\/\/www.facebook.com\/people\/Nexo-Informativo\/61564066885511\/"]},{"@type":"Person","@id":"https:\/\/www.nexoinformativo.mx\/#\/schema\/person\/7749d380ba08c8ca00d7bc76fd907b7d","name":"Nexo Informativo","image":{"@type":"ImageObject","inLanguage":"es","@id":"https:\/\/www.nexoinformativo.mx\/#\/schema\/person\/image\/","url":"https:\/\/secure.gravatar.com\/avatar\/dde2928154642a13d95f87ddf1ea9718fe2b46760a005c53e41ff5ad610704e6?s=96&d=mm&r=g","contentUrl":"https:\/\/secure.gravatar.com\/avatar\/dde2928154642a13d95f87ddf1ea9718fe2b46760a005c53e41ff5ad610704e6?s=96&d=mm&r=g","caption":"Nexo Informativo"},"url":"https:\/\/www.nexoinformativo.mx\/index.php\/author\/edicion\/"}]}},"_links":{"self":[{"href":"https:\/\/www.nexoinformativo.mx\/index.php\/wp-json\/wp\/v2\/posts\/6593","targetHints":{"allow":["GET"]}}],"collection":[{"href":"https:\/\/www.nexoinformativo.mx\/index.php\/wp-json\/wp\/v2\/posts"}],"about":[{"href":"https:\/\/www.nexoinformativo.mx\/index.php\/wp-json\/wp\/v2\/types\/post"}],"author":[{"embeddable":true,"href":"https:\/\/www.nexoinformativo.mx\/index.php\/wp-json\/wp\/v2\/users\/3"}],"replies":[{"embeddable":true,"href":"https:\/\/www.nexoinformativo.mx\/index.php\/wp-json\/wp\/v2\/comments?post=6593"}],"version-history":[{"count":3,"href":"https:\/\/www.nexoinformativo.mx\/index.php\/wp-json\/wp\/v2\/posts\/6593\/revisions"}],"predecessor-version":[{"id":6597,"href":"https:\/\/www.nexoinformativo.mx\/index.php\/wp-json\/wp\/v2\/posts\/6593\/revisions\/6597"}],"wp:featuredmedia":[{"embeddable":true,"href":"https:\/\/www.nexoinformativo.mx\/index.php\/wp-json\/wp\/v2\/media\/6594"}],"wp:attachment":[{"href":"https:\/\/www.nexoinformativo.mx\/index.php\/wp-json\/wp\/v2\/media?parent=6593"}],"wp:term":[{"taxonomy":"category","embeddable":true,"href":"https:\/\/www.nexoinformativo.mx\/index.php\/wp-json\/wp\/v2\/categories?post=6593"},{"taxonomy":"post_tag","embeddable":true,"href":"https:\/\/www.nexoinformativo.mx\/index.php\/wp-json\/wp\/v2\/tags?post=6593"}],"curies":[{"name":"wp","href":"https:\/\/api.w.org\/{rel}","templated":true}]}}