{"id":6598,"date":"2024-11-21T08:30:57","date_gmt":"2024-11-21T14:30:57","guid":{"rendered":"https:\/\/www.nexoinformativo.mx\/?p=6598"},"modified":"2024-11-21T10:51:51","modified_gmt":"2024-11-21T16:51:51","slug":"secretaria-de-salud-cofepris-e-impi-unen-fuerzas-para-mejorar-la-salud-de-los-mexicanos","status":"publish","type":"post","link":"https:\/\/www.nexoinformativo.mx\/index.php\/2024\/11\/21\/secretaria-de-salud-cofepris-e-impi-unen-fuerzas-para-mejorar-la-salud-de-los-mexicanos\/","title":{"rendered":"Secretar\u00eda de Salud, Cofepris e IMPI unen fuerzas para mejorar la salud de los mexicanos"},"content":{"rendered":"<p style=\"text-align: justify;\" data-sourcepos=\"9:1-9:307\">La Secretar\u00eda de Salud, la Comisi\u00f3n Federal para la Protecci\u00f3n contra Riesgos Sanitarios (Cofepris) y el Instituto Mexicano de la Propiedad Industrial (IMPI) han anunciado una alianza estrat\u00e9gica para fortalecer la protecci\u00f3n de la salud de los mexicanos y fomentar la innovaci\u00f3n en el sector.<\/p>\n<p>&nbsp;<\/p>\n<div style=\"text-align: justify;\">\n<div>\n<div>\n<div data-test-id=\"sources-carousel-source\">En una reuni\u00f3n encabezada por el secretario de Salud, David Kershenobich Stalnikowitz, las tres instituciones acordaron trabajar de manera conjunta para agilizar los tr\u00e1mites, mejorar la transparencia y fortalecer la colaboraci\u00f3n en temas de propiedad industrial relacionados con la salud.<\/div>\n<p>&nbsp;<\/p>\n<\/div>\n<\/div>\n<\/div>\n<p style=\"text-align: justify;\" data-sourcepos=\"13:1-13:380\">Una de las principales acciones ser\u00e1 la firma de un Acuerdo de Colaboraci\u00f3n entre la Cofepris y el IMPI, el cual permitir\u00e1 establecer mesas de trabajo para abordar temas legales y tecnol\u00f3gicos. Adem\u00e1s, se desarrollar\u00e1 una plataforma digital que facilitar\u00e1 la interacci\u00f3n entre las instituciones y los usuarios, y permitir\u00e1 homologar criterios y mejorar el acceso a la informaci\u00f3n.<\/p>\n<p>&nbsp;<\/p>\n<p style=\"text-align: justify;\" data-sourcepos=\"15:1-15:397\">Esta alianza representa un paso importante para garantizar que los mexicanos tengan acceso a medicamentos y dispositivos m\u00e9dicos seguros y eficaces. En los \u00faltimos 10 meses, como resultado de la colaboraci\u00f3n entre la Cofepris y el IMPI, se han autorizado 3,549 nuevos insumos para la salud y 15 ensayos cl\u00ednicos, incluyendo tratamientos innovadores para combatir la obesidad y la migra\u00f1a en ni\u00f1os.<\/p>\n<p>&nbsp;<\/p>\n<p style=\"text-align: justify;\" data-sourcepos=\"17:1-17:315\">El director general del IMPI, Santiago Nieto Castillo, destac\u00f3 la importancia de trabajar en conjunto para fomentar el desarrollo tecnol\u00f3gico e industrial del pa\u00eds, mientras que la titular de la Cofepris, Armida Z\u00fa\u00f1iga Estrada, resalt\u00f3 el compromiso de la instituci\u00f3n para acercar la atenci\u00f3n m\u00e9dica a la poblaci\u00f3n.<\/p>\n<p>&nbsp;<\/p>\n<p style=\"text-align: center;\" data-sourcepos=\"17:1-17:315\"><em><strong>\u00a1Informaci\u00f3n que transforma!<\/strong><\/em><\/p>\n","protected":false},"excerpt":{"rendered":"<p>La Secretar\u00eda de Salud, la Comisi\u00f3n Federal para la Protecci\u00f3n contra Riesgos Sanitarios (Cofepris) y el Instituto Mexicano de la Propiedad Industrial (IMPI) han anunciado una alianza estrat\u00e9gica para fortalecer la protecci\u00f3n de la salud de los mexicanos y fomentar la innovaci\u00f3n en el sector.<\/p>\n","protected":false},"author":3,"featured_media":6599,"comment_status":"open","ping_status":"open","sticky":false,"template":"","format":"standard","meta":{"footnotes":""},"categories":[88,58],"tags":[1414,2243,341,2242,1079],"class_list":["post-6598","post","type-post","status-publish","format-standard","has-post-thumbnail","hentry","category-nacional","category-ultima-hora","tag-cofepris","tag-impi","tag-innovacion","tag-saludmexicana","tag-saludparatodos"],"yoast_head":"<!-- This site is optimized with the Yoast SEO plugin v25.0 - https:\/\/yoast.com\/wordpress\/plugins\/seo\/ -->\n<title>Secretar\u00eda de Salud, Cofepris e IMPI unen fuerzas para mejorar la salud de los mexicanos | Nexo Informativo Santiago de Quer\u00e9taro<\/title>\n<meta name=\"description\" content=\"Secretar\u00eda de Salud, Cofepris e IMPI unen fuerzas para mejorar la salud de los mexicanos\" \/>\n<meta name=\"robots\" content=\"index, follow, max-snippet:-1, max-image-preview:large, max-video-preview:-1\" \/>\n<link rel=\"canonical\" href=\"https:\/\/www.nexoinformativo.mx\/index.php\/2024\/11\/21\/secretaria-de-salud-cofepris-e-impi-unen-fuerzas-para-mejorar-la-salud-de-los-mexicanos\/\" \/>\n<meta property=\"og:locale\" content=\"es_MX\" \/>\n<meta property=\"og:type\" content=\"article\" \/>\n<meta property=\"og:title\" content=\"Secretar\u00eda de Salud, Cofepris e IMPI unen fuerzas para mejorar la salud de los mexicanos | Nexo Informativo Santiago de Quer\u00e9taro\" \/>\n<meta property=\"og:description\" content=\"Secretar\u00eda de Salud, Cofepris e IMPI unen fuerzas para mejorar la salud de los mexicanos\" \/>\n<meta property=\"og:url\" content=\"https:\/\/www.nexoinformativo.mx\/index.php\/2024\/11\/21\/secretaria-de-salud-cofepris-e-impi-unen-fuerzas-para-mejorar-la-salud-de-los-mexicanos\/\" \/>\n<meta property=\"og:site_name\" content=\"Nexo Informativo Santiago de Quer\u00e9taro\" \/>\n<meta property=\"article:publisher\" content=\"https:\/\/www.facebook.com\/people\/Nexo-Informativo\/61564066885511\/\" \/>\n<meta property=\"article:published_time\" content=\"2024-11-21T14:30:57+00:00\" \/>\n<meta property=\"article:modified_time\" content=\"2024-11-21T16:51:51+00:00\" \/>\n<meta property=\"og:image\" content=\"https:\/\/www.nexoinformativo.mx\/wp-content\/uploads\/2024\/11\/IMG_8028-e1732207760441.jpg\" \/>\n\t<meta property=\"og:image:width\" content=\"700\" \/>\n\t<meta property=\"og:image:height\" content=\"744\" \/>\n\t<meta property=\"og:image:type\" content=\"image\/jpeg\" \/>\n<meta name=\"author\" content=\"Nexo Informativo\" \/>\n<meta name=\"twitter:card\" content=\"summary_large_image\" \/>\n<meta name=\"twitter:label1\" content=\"Escrito por\" \/>\n\t<meta name=\"twitter:data1\" content=\"Nexo Informativo\" \/>\n\t<meta name=\"twitter:label2\" content=\"Tiempo de lectura\" \/>\n\t<meta name=\"twitter:data2\" content=\"2 minutos\" \/>\n<script type=\"application\/ld+json\" class=\"yoast-schema-graph\">{\"@context\":\"https:\/\/schema.org\",\"@graph\":[{\"@type\":\"Article\",\"@id\":\"https:\/\/www.nexoinformativo.mx\/index.php\/2024\/11\/21\/secretaria-de-salud-cofepris-e-impi-unen-fuerzas-para-mejorar-la-salud-de-los-mexicanos\/#article\",\"isPartOf\":{\"@id\":\"https:\/\/www.nexoinformativo.mx\/index.php\/2024\/11\/21\/secretaria-de-salud-cofepris-e-impi-unen-fuerzas-para-mejorar-la-salud-de-los-mexicanos\/\"},\"author\":{\"name\":\"Nexo Informativo\",\"@id\":\"https:\/\/www.nexoinformativo.mx\/#\/schema\/person\/7749d380ba08c8ca00d7bc76fd907b7d\"},\"headline\":\"Secretar\u00eda de Salud, Cofepris e IMPI unen fuerzas para mejorar la salud de los mexicanos\",\"datePublished\":\"2024-11-21T14:30:57+00:00\",\"dateModified\":\"2024-11-21T16:51:51+00:00\",\"mainEntityOfPage\":{\"@id\":\"https:\/\/www.nexoinformativo.mx\/index.php\/2024\/11\/21\/secretaria-de-salud-cofepris-e-impi-unen-fuerzas-para-mejorar-la-salud-de-los-mexicanos\/\"},\"wordCount\":302,\"commentCount\":0,\"publisher\":{\"@id\":\"https:\/\/www.nexoinformativo.mx\/#organization\"},\"image\":{\"@id\":\"https:\/\/www.nexoinformativo.mx\/index.php\/2024\/11\/21\/secretaria-de-salud-cofepris-e-impi-unen-fuerzas-para-mejorar-la-salud-de-los-mexicanos\/#primaryimage\"},\"thumbnailUrl\":\"https:\/\/www.nexoinformativo.mx\/wp-content\/uploads\/2024\/11\/IMG_8028-e1732207760441.jpg\",\"keywords\":[\"Cofepris\",\"IMPI\",\"Innovaci\u00f3n\",\"SaludMexicana\",\"SaludParaTodos\"],\"articleSection\":[\"Nacional\",\"\u00daltima Hora\"],\"inLanguage\":\"es\",\"potentialAction\":[{\"@type\":\"CommentAction\",\"name\":\"Comment\",\"target\":[\"https:\/\/www.nexoinformativo.mx\/index.php\/2024\/11\/21\/secretaria-de-salud-cofepris-e-impi-unen-fuerzas-para-mejorar-la-salud-de-los-mexicanos\/#respond\"]}]},{\"@type\":\"WebPage\",\"@id\":\"https:\/\/www.nexoinformativo.mx\/index.php\/2024\/11\/21\/secretaria-de-salud-cofepris-e-impi-unen-fuerzas-para-mejorar-la-salud-de-los-mexicanos\/\",\"url\":\"https:\/\/www.nexoinformativo.mx\/index.php\/2024\/11\/21\/secretaria-de-salud-cofepris-e-impi-unen-fuerzas-para-mejorar-la-salud-de-los-mexicanos\/\",\"name\":\"Secretar\u00eda de Salud, Cofepris e IMPI unen fuerzas para mejorar la salud de los mexicanos | Nexo Informativo Santiago de Quer\u00e9taro\",\"isPartOf\":{\"@id\":\"https:\/\/www.nexoinformativo.mx\/#website\"},\"primaryImageOfPage\":{\"@id\":\"https:\/\/www.nexoinformativo.mx\/index.php\/2024\/11\/21\/secretaria-de-salud-cofepris-e-impi-unen-fuerzas-para-mejorar-la-salud-de-los-mexicanos\/#primaryimage\"},\"image\":{\"@id\":\"https:\/\/www.nexoinformativo.mx\/index.php\/2024\/11\/21\/secretaria-de-salud-cofepris-e-impi-unen-fuerzas-para-mejorar-la-salud-de-los-mexicanos\/#primaryimage\"},\"thumbnailUrl\":\"https:\/\/www.nexoinformativo.mx\/wp-content\/uploads\/2024\/11\/IMG_8028-e1732207760441.jpg\",\"datePublished\":\"2024-11-21T14:30:57+00:00\",\"dateModified\":\"2024-11-21T16:51:51+00:00\",\"description\":\"Secretar\u00eda de Salud, Cofepris e IMPI unen fuerzas para mejorar la salud de los mexicanos\",\"breadcrumb\":{\"@id\":\"https:\/\/www.nexoinformativo.mx\/index.php\/2024\/11\/21\/secretaria-de-salud-cofepris-e-impi-unen-fuerzas-para-mejorar-la-salud-de-los-mexicanos\/#breadcrumb\"},\"inLanguage\":\"es\",\"potentialAction\":[{\"@type\":\"ReadAction\",\"target\":[\"https:\/\/www.nexoinformativo.mx\/index.php\/2024\/11\/21\/secretaria-de-salud-cofepris-e-impi-unen-fuerzas-para-mejorar-la-salud-de-los-mexicanos\/\"]}]},{\"@type\":\"ImageObject\",\"inLanguage\":\"es\",\"@id\":\"https:\/\/www.nexoinformativo.mx\/index.php\/2024\/11\/21\/secretaria-de-salud-cofepris-e-impi-unen-fuerzas-para-mejorar-la-salud-de-los-mexicanos\/#primaryimage\",\"url\":\"https:\/\/www.nexoinformativo.mx\/wp-content\/uploads\/2024\/11\/IMG_8028-e1732207760441.jpg\",\"contentUrl\":\"https:\/\/www.nexoinformativo.mx\/wp-content\/uploads\/2024\/11\/IMG_8028-e1732207760441.jpg\",\"width\":700,\"height\":744},{\"@type\":\"BreadcrumbList\",\"@id\":\"https:\/\/www.nexoinformativo.mx\/index.php\/2024\/11\/21\/secretaria-de-salud-cofepris-e-impi-unen-fuerzas-para-mejorar-la-salud-de-los-mexicanos\/#breadcrumb\",\"itemListElement\":[{\"@type\":\"ListItem\",\"position\":1,\"name\":\"Inicio\",\"item\":\"https:\/\/www.nexoinformativo.mx\/\"},{\"@type\":\"ListItem\",\"position\":2,\"name\":\"Secretar\u00eda de Salud, Cofepris e IMPI unen fuerzas para mejorar la salud de los mexicanos\"}]},{\"@type\":\"WebSite\",\"@id\":\"https:\/\/www.nexoinformativo.mx\/#website\",\"url\":\"https:\/\/www.nexoinformativo.mx\/\",\"name\":\"Nexo Informativo Santiago de Quer\u00e9taro\",\"description\":\"Explora NexoInformativo y convi\u00e9rtete en parte de una comunidad que valora el conocimiento y la verdad. Tu nexoinformativo es tu puente hacia una comprensi\u00f3n m\u00e1s profunda del mundo que te rodea.\",\"publisher\":{\"@id\":\"https:\/\/www.nexoinformativo.mx\/#organization\"},\"potentialAction\":[{\"@type\":\"SearchAction\",\"target\":{\"@type\":\"EntryPoint\",\"urlTemplate\":\"https:\/\/www.nexoinformativo.mx\/?s={search_term_string}\"},\"query-input\":{\"@type\":\"PropertyValueSpecification\",\"valueRequired\":true,\"valueName\":\"search_term_string\"}}],\"inLanguage\":\"es\"},{\"@type\":\"Organization\",\"@id\":\"https:\/\/www.nexoinformativo.mx\/#organization\",\"name\":\"Nexo Informativo Santiago de Quer\u00e9taro\",\"url\":\"https:\/\/www.nexoinformativo.mx\/\",\"logo\":{\"@type\":\"ImageObject\",\"inLanguage\":\"es\",\"@id\":\"https:\/\/www.nexoinformativo.mx\/#\/schema\/logo\/image\/\",\"url\":\"https:\/\/www.nexoinformativo.mx\/wp-content\/uploads\/2024\/07\/nexoi-trasparente-2.png\",\"contentUrl\":\"https:\/\/www.nexoinformativo.mx\/wp-content\/uploads\/2024\/07\/nexoi-trasparente-2.png\",\"width\":816,\"height\":339,\"caption\":\"Nexo Informativo Santiago de Quer\u00e9taro\"},\"image\":{\"@id\":\"https:\/\/www.nexoinformativo.mx\/#\/schema\/logo\/image\/\"},\"sameAs\":[\"https:\/\/www.facebook.com\/people\/Nexo-Informativo\/61564066885511\/\"]},{\"@type\":\"Person\",\"@id\":\"https:\/\/www.nexoinformativo.mx\/#\/schema\/person\/7749d380ba08c8ca00d7bc76fd907b7d\",\"name\":\"Nexo Informativo\",\"image\":{\"@type\":\"ImageObject\",\"inLanguage\":\"es\",\"@id\":\"https:\/\/www.nexoinformativo.mx\/#\/schema\/person\/image\/\",\"url\":\"https:\/\/secure.gravatar.com\/avatar\/dde2928154642a13d95f87ddf1ea9718fe2b46760a005c53e41ff5ad610704e6?s=96&d=mm&r=g\",\"contentUrl\":\"https:\/\/secure.gravatar.com\/avatar\/dde2928154642a13d95f87ddf1ea9718fe2b46760a005c53e41ff5ad610704e6?s=96&d=mm&r=g\",\"caption\":\"Nexo Informativo\"},\"url\":\"https:\/\/www.nexoinformativo.mx\/index.php\/author\/edicion\/\"}]}<\/script>\n<!-- \/ Yoast SEO plugin. -->","yoast_head_json":{"title":"Secretar\u00eda de Salud, Cofepris e IMPI unen fuerzas para mejorar la salud de los mexicanos | Nexo Informativo Santiago de Quer\u00e9taro","description":"Secretar\u00eda de Salud, Cofepris e IMPI unen fuerzas para mejorar la salud de los mexicanos","robots":{"index":"index","follow":"follow","max-snippet":"max-snippet:-1","max-image-preview":"max-image-preview:large","max-video-preview":"max-video-preview:-1"},"canonical":"https:\/\/www.nexoinformativo.mx\/index.php\/2024\/11\/21\/secretaria-de-salud-cofepris-e-impi-unen-fuerzas-para-mejorar-la-salud-de-los-mexicanos\/","og_locale":"es_MX","og_type":"article","og_title":"Secretar\u00eda de Salud, Cofepris e IMPI unen fuerzas para mejorar la salud de los mexicanos | Nexo Informativo Santiago de Quer\u00e9taro","og_description":"Secretar\u00eda de Salud, Cofepris e IMPI unen fuerzas para mejorar la salud de los mexicanos","og_url":"https:\/\/www.nexoinformativo.mx\/index.php\/2024\/11\/21\/secretaria-de-salud-cofepris-e-impi-unen-fuerzas-para-mejorar-la-salud-de-los-mexicanos\/","og_site_name":"Nexo Informativo Santiago de Quer\u00e9taro","article_publisher":"https:\/\/www.facebook.com\/people\/Nexo-Informativo\/61564066885511\/","article_published_time":"2024-11-21T14:30:57+00:00","article_modified_time":"2024-11-21T16:51:51+00:00","og_image":[{"width":700,"height":744,"url":"https:\/\/www.nexoinformativo.mx\/wp-content\/uploads\/2024\/11\/IMG_8028-e1732207760441.jpg","type":"image\/jpeg"}],"author":"Nexo Informativo","twitter_card":"summary_large_image","twitter_misc":{"Escrito por":"Nexo Informativo","Tiempo de lectura":"2 minutos"},"schema":{"@context":"https:\/\/schema.org","@graph":[{"@type":"Article","@id":"https:\/\/www.nexoinformativo.mx\/index.php\/2024\/11\/21\/secretaria-de-salud-cofepris-e-impi-unen-fuerzas-para-mejorar-la-salud-de-los-mexicanos\/#article","isPartOf":{"@id":"https:\/\/www.nexoinformativo.mx\/index.php\/2024\/11\/21\/secretaria-de-salud-cofepris-e-impi-unen-fuerzas-para-mejorar-la-salud-de-los-mexicanos\/"},"author":{"name":"Nexo Informativo","@id":"https:\/\/www.nexoinformativo.mx\/#\/schema\/person\/7749d380ba08c8ca00d7bc76fd907b7d"},"headline":"Secretar\u00eda de Salud, Cofepris e IMPI unen fuerzas para mejorar la salud de los mexicanos","datePublished":"2024-11-21T14:30:57+00:00","dateModified":"2024-11-21T16:51:51+00:00","mainEntityOfPage":{"@id":"https:\/\/www.nexoinformativo.mx\/index.php\/2024\/11\/21\/secretaria-de-salud-cofepris-e-impi-unen-fuerzas-para-mejorar-la-salud-de-los-mexicanos\/"},"wordCount":302,"commentCount":0,"publisher":{"@id":"https:\/\/www.nexoinformativo.mx\/#organization"},"image":{"@id":"https:\/\/www.nexoinformativo.mx\/index.php\/2024\/11\/21\/secretaria-de-salud-cofepris-e-impi-unen-fuerzas-para-mejorar-la-salud-de-los-mexicanos\/#primaryimage"},"thumbnailUrl":"https:\/\/www.nexoinformativo.mx\/wp-content\/uploads\/2024\/11\/IMG_8028-e1732207760441.jpg","keywords":["Cofepris","IMPI","Innovaci\u00f3n","SaludMexicana","SaludParaTodos"],"articleSection":["Nacional","\u00daltima Hora"],"inLanguage":"es","potentialAction":[{"@type":"CommentAction","name":"Comment","target":["https:\/\/www.nexoinformativo.mx\/index.php\/2024\/11\/21\/secretaria-de-salud-cofepris-e-impi-unen-fuerzas-para-mejorar-la-salud-de-los-mexicanos\/#respond"]}]},{"@type":"WebPage","@id":"https:\/\/www.nexoinformativo.mx\/index.php\/2024\/11\/21\/secretaria-de-salud-cofepris-e-impi-unen-fuerzas-para-mejorar-la-salud-de-los-mexicanos\/","url":"https:\/\/www.nexoinformativo.mx\/index.php\/2024\/11\/21\/secretaria-de-salud-cofepris-e-impi-unen-fuerzas-para-mejorar-la-salud-de-los-mexicanos\/","name":"Secretar\u00eda de Salud, Cofepris e IMPI unen fuerzas para mejorar la salud de los mexicanos | Nexo Informativo Santiago de Quer\u00e9taro","isPartOf":{"@id":"https:\/\/www.nexoinformativo.mx\/#website"},"primaryImageOfPage":{"@id":"https:\/\/www.nexoinformativo.mx\/index.php\/2024\/11\/21\/secretaria-de-salud-cofepris-e-impi-unen-fuerzas-para-mejorar-la-salud-de-los-mexicanos\/#primaryimage"},"image":{"@id":"https:\/\/www.nexoinformativo.mx\/index.php\/2024\/11\/21\/secretaria-de-salud-cofepris-e-impi-unen-fuerzas-para-mejorar-la-salud-de-los-mexicanos\/#primaryimage"},"thumbnailUrl":"https:\/\/www.nexoinformativo.mx\/wp-content\/uploads\/2024\/11\/IMG_8028-e1732207760441.jpg","datePublished":"2024-11-21T14:30:57+00:00","dateModified":"2024-11-21T16:51:51+00:00","description":"Secretar\u00eda de Salud, Cofepris e IMPI unen fuerzas para mejorar la salud de los mexicanos","breadcrumb":{"@id":"https:\/\/www.nexoinformativo.mx\/index.php\/2024\/11\/21\/secretaria-de-salud-cofepris-e-impi-unen-fuerzas-para-mejorar-la-salud-de-los-mexicanos\/#breadcrumb"},"inLanguage":"es","potentialAction":[{"@type":"ReadAction","target":["https:\/\/www.nexoinformativo.mx\/index.php\/2024\/11\/21\/secretaria-de-salud-cofepris-e-impi-unen-fuerzas-para-mejorar-la-salud-de-los-mexicanos\/"]}]},{"@type":"ImageObject","inLanguage":"es","@id":"https:\/\/www.nexoinformativo.mx\/index.php\/2024\/11\/21\/secretaria-de-salud-cofepris-e-impi-unen-fuerzas-para-mejorar-la-salud-de-los-mexicanos\/#primaryimage","url":"https:\/\/www.nexoinformativo.mx\/wp-content\/uploads\/2024\/11\/IMG_8028-e1732207760441.jpg","contentUrl":"https:\/\/www.nexoinformativo.mx\/wp-content\/uploads\/2024\/11\/IMG_8028-e1732207760441.jpg","width":700,"height":744},{"@type":"BreadcrumbList","@id":"https:\/\/www.nexoinformativo.mx\/index.php\/2024\/11\/21\/secretaria-de-salud-cofepris-e-impi-unen-fuerzas-para-mejorar-la-salud-de-los-mexicanos\/#breadcrumb","itemListElement":[{"@type":"ListItem","position":1,"name":"Inicio","item":"https:\/\/www.nexoinformativo.mx\/"},{"@type":"ListItem","position":2,"name":"Secretar\u00eda de Salud, Cofepris e IMPI unen fuerzas para mejorar la salud de los mexicanos"}]},{"@type":"WebSite","@id":"https:\/\/www.nexoinformativo.mx\/#website","url":"https:\/\/www.nexoinformativo.mx\/","name":"Nexo Informativo Santiago de Quer\u00e9taro","description":"Explora NexoInformativo y convi\u00e9rtete en parte de una comunidad que valora el conocimiento y la verdad. Tu nexoinformativo es tu puente hacia una comprensi\u00f3n m\u00e1s profunda del mundo que te rodea.","publisher":{"@id":"https:\/\/www.nexoinformativo.mx\/#organization"},"potentialAction":[{"@type":"SearchAction","target":{"@type":"EntryPoint","urlTemplate":"https:\/\/www.nexoinformativo.mx\/?s={search_term_string}"},"query-input":{"@type":"PropertyValueSpecification","valueRequired":true,"valueName":"search_term_string"}}],"inLanguage":"es"},{"@type":"Organization","@id":"https:\/\/www.nexoinformativo.mx\/#organization","name":"Nexo Informativo Santiago de Quer\u00e9taro","url":"https:\/\/www.nexoinformativo.mx\/","logo":{"@type":"ImageObject","inLanguage":"es","@id":"https:\/\/www.nexoinformativo.mx\/#\/schema\/logo\/image\/","url":"https:\/\/www.nexoinformativo.mx\/wp-content\/uploads\/2024\/07\/nexoi-trasparente-2.png","contentUrl":"https:\/\/www.nexoinformativo.mx\/wp-content\/uploads\/2024\/07\/nexoi-trasparente-2.png","width":816,"height":339,"caption":"Nexo Informativo Santiago de Quer\u00e9taro"},"image":{"@id":"https:\/\/www.nexoinformativo.mx\/#\/schema\/logo\/image\/"},"sameAs":["https:\/\/www.facebook.com\/people\/Nexo-Informativo\/61564066885511\/"]},{"@type":"Person","@id":"https:\/\/www.nexoinformativo.mx\/#\/schema\/person\/7749d380ba08c8ca00d7bc76fd907b7d","name":"Nexo Informativo","image":{"@type":"ImageObject","inLanguage":"es","@id":"https:\/\/www.nexoinformativo.mx\/#\/schema\/person\/image\/","url":"https:\/\/secure.gravatar.com\/avatar\/dde2928154642a13d95f87ddf1ea9718fe2b46760a005c53e41ff5ad610704e6?s=96&d=mm&r=g","contentUrl":"https:\/\/secure.gravatar.com\/avatar\/dde2928154642a13d95f87ddf1ea9718fe2b46760a005c53e41ff5ad610704e6?s=96&d=mm&r=g","caption":"Nexo Informativo"},"url":"https:\/\/www.nexoinformativo.mx\/index.php\/author\/edicion\/"}]}},"_links":{"self":[{"href":"https:\/\/www.nexoinformativo.mx\/index.php\/wp-json\/wp\/v2\/posts\/6598","targetHints":{"allow":["GET"]}}],"collection":[{"href":"https:\/\/www.nexoinformativo.mx\/index.php\/wp-json\/wp\/v2\/posts"}],"about":[{"href":"https:\/\/www.nexoinformativo.mx\/index.php\/wp-json\/wp\/v2\/types\/post"}],"author":[{"embeddable":true,"href":"https:\/\/www.nexoinformativo.mx\/index.php\/wp-json\/wp\/v2\/users\/3"}],"replies":[{"embeddable":true,"href":"https:\/\/www.nexoinformativo.mx\/index.php\/wp-json\/wp\/v2\/comments?post=6598"}],"version-history":[{"count":4,"href":"https:\/\/www.nexoinformativo.mx\/index.php\/wp-json\/wp\/v2\/posts\/6598\/revisions"}],"predecessor-version":[{"id":6601,"href":"https:\/\/www.nexoinformativo.mx\/index.php\/wp-json\/wp\/v2\/posts\/6598\/revisions\/6601"}],"wp:featuredmedia":[{"embeddable":true,"href":"https:\/\/www.nexoinformativo.mx\/index.php\/wp-json\/wp\/v2\/media\/6599"}],"wp:attachment":[{"href":"https:\/\/www.nexoinformativo.mx\/index.php\/wp-json\/wp\/v2\/media?parent=6598"}],"wp:term":[{"taxonomy":"category","embeddable":true,"href":"https:\/\/www.nexoinformativo.mx\/index.php\/wp-json\/wp\/v2\/categories?post=6598"},{"taxonomy":"post_tag","embeddable":true,"href":"https:\/\/www.nexoinformativo.mx\/index.php\/wp-json\/wp\/v2\/tags?post=6598"}],"curies":[{"name":"wp","href":"https:\/\/api.w.org\/{rel}","templated":true}]}}