{"id":6616,"date":"2024-11-21T10:30:02","date_gmt":"2024-11-21T16:30:02","guid":{"rendered":"https:\/\/www.nexoinformativo.mx\/?p=6616"},"modified":"2024-11-21T11:14:46","modified_gmt":"2024-11-21T17:14:46","slug":"dmytro-choni-el-talento-ucraniano-que-cautivara-a-queretaro-con-la-orquesta-filarmonica","status":"publish","type":"post","link":"https:\/\/www.nexoinformativo.mx\/index.php\/2024\/11\/21\/dmytro-choni-el-talento-ucraniano-que-cautivara-a-queretaro-con-la-orquesta-filarmonica\/","title":{"rendered":"Dmytro Choni, el talento ucraniano que cautivar\u00e1 a Quer\u00e9taro con la Orquesta Filarm\u00f3nica"},"content":{"rendered":"<p style=\"text-align: justify;\" data-sourcepos=\"9:1-9:269\">Quer\u00e9taro se prepara para recibir a una estrella internacional de la m\u00fasica cl\u00e1sica. El reconocido pianista ucraniano Dmytro Choni se presentar\u00e1 junto a la <strong>Orquesta Filarm\u00f3nica del Estado de Quer\u00e9taro<\/strong> (OFEQ) el pr\u00f3ximo jueves 28 de noviembre en el Teatro Metropolitano.<\/p>\n<p>&nbsp;<\/p>\n<p style=\"text-align: justify;\" data-sourcepos=\"11:1-11:260\">Bajo la batuta del Maestro Mark Kadin, el concierto promete una velada inolvidable para los amantes de la m\u00fasica. El programa incluir\u00e1 un repertorio variado y emocionante, que abarca desde las obras maestras del romanticismo hasta composiciones contempor\u00e1neas.<\/p>\n<p>&nbsp;<\/p>\n<p style=\"text-align: justify;\" data-sourcepos=\"13:1-13:465\">La noche comenzar\u00e1 con la interpretaci\u00f3n del Concierto para piano n\u00famero 1 de Brahms, una pieza ic\u00f3nica que destaca por su profundidad emocional y complejidad t\u00e9cnica.<\/p>\n<p>&nbsp;<\/p>\n<p style=\"text-align: justify;\" data-sourcepos=\"13:1-13:465\">Posteriormente, el p\u00fablico podr\u00e1 disfrutar de la obra <strong>&#8220;M\u00fasica silenciosa&#8221;<\/strong> de Valent\u00edn Silvestrov, una composici\u00f3n introspectiva que invita a la reflexi\u00f3n. Para cerrar con broche de oro, la OFEQ interpretar\u00e1 la Suite del ballet Bolt de Shostakovich, una obra llena de energ\u00eda y vitalidad.<\/p>\n<p>&nbsp;<\/p>\n<p style=\"text-align: justify;\" data-sourcepos=\"15:1-15:178\">Este concierto representa una oportunidad \u00fanica para apreciar el talento de Dmytro Choni y disfrutar de la m\u00fasica en vivo de una de las orquestas m\u00e1s importantes de nuestro pa\u00eds.<\/p>\n<p>&nbsp;<\/p>\n<p style=\"text-align: justify;\" data-sourcepos=\"15:1-15:178\">Los boletos para el concierto que se ofrecer\u00e1 a las 20:00 horas est\u00e1n disponibles a trav\u00e9s de la p\u00e1gina oficial de la Orquesta Filarm\u00f3nica de Quer\u00e9taro <strong><a href=\"http:\/\/www.filarmonicadequeretaro.org\/\" target=\"_blank\" rel=\"noopener\" data-saferedirecturl=\"https:\/\/www.google.com\/url?q=http:\/\/www.filarmonicadequeretaro.org&amp;source=gmail&amp;ust=1732292977491000&amp;usg=AOvVaw02C3OBTvJiPJUf14-fuln-\">www.filarmonicadequeretaro.org<\/a><\/strong><\/p>\n<\/p>\n<p>&nbsp;<\/p>\n<p style=\"text-align: center;\" data-sourcepos=\"15:1-15:178\"><em><strong>\u00a1Informaci\u00f3n que transforma!<\/strong><\/em><\/p>\n","protected":false},"excerpt":{"rendered":"<p>El reconocido pianista ucraniano Dmytro Choni se presentar\u00e1 junto a la Orquesta Filarm\u00f3nica del Estado de Quer\u00e9taro (OFEQ) el pr\u00f3ximo jueves 28 de noviembre en el Teatro Metropolitano.<\/p>\n","protected":false},"author":3,"featured_media":6617,"comment_status":"open","ping_status":"open","sticky":false,"template":"","format":"standard","meta":{"footnotes":""},"categories":[50,58],"tags":[2249,2247,1531,2248],"class_list":["post-6616","post","type-post","status-publish","format-standard","has-post-thumbnail","hentry","category-espectaculos","category-ultima-hora","tag-conciertoqueretaro","tag-dmytrochoni","tag-musicaclasica","tag-ofeq"],"yoast_head":"<!-- This site is optimized with the Yoast SEO plugin v25.0 - https:\/\/yoast.com\/wordpress\/plugins\/seo\/ -->\n<title>Dmytro Choni, el talento ucraniano que cautivar\u00e1 a Quer\u00e9taro con la Orquesta Filarm\u00f3nica | Nexo Informativo Santiago de Quer\u00e9taro<\/title>\n<meta name=\"description\" content=\"Dmytro Choni, el talento ucraniano que cautivar\u00e1 a Quer\u00e9taro con la Orquesta Filarm\u00f3nica\" \/>\n<meta name=\"robots\" content=\"index, follow, max-snippet:-1, max-image-preview:large, max-video-preview:-1\" \/>\n<link rel=\"canonical\" href=\"https:\/\/www.nexoinformativo.mx\/index.php\/2024\/11\/21\/dmytro-choni-el-talento-ucraniano-que-cautivara-a-queretaro-con-la-orquesta-filarmonica\/\" \/>\n<meta property=\"og:locale\" content=\"es_MX\" \/>\n<meta property=\"og:type\" content=\"article\" \/>\n<meta property=\"og:title\" content=\"Dmytro Choni, el talento ucraniano que cautivar\u00e1 a Quer\u00e9taro con la Orquesta Filarm\u00f3nica | Nexo Informativo Santiago de Quer\u00e9taro\" \/>\n<meta property=\"og:description\" content=\"Dmytro Choni, el talento ucraniano que cautivar\u00e1 a Quer\u00e9taro con la Orquesta Filarm\u00f3nica\" \/>\n<meta property=\"og:url\" content=\"https:\/\/www.nexoinformativo.mx\/index.php\/2024\/11\/21\/dmytro-choni-el-talento-ucraniano-que-cautivara-a-queretaro-con-la-orquesta-filarmonica\/\" \/>\n<meta property=\"og:site_name\" content=\"Nexo Informativo Santiago de Quer\u00e9taro\" \/>\n<meta property=\"article:publisher\" content=\"https:\/\/www.facebook.com\/people\/Nexo-Informativo\/61564066885511\/\" \/>\n<meta property=\"article:published_time\" content=\"2024-11-21T16:30:02+00:00\" \/>\n<meta property=\"article:modified_time\" content=\"2024-11-21T17:14:46+00:00\" \/>\n<meta property=\"og:image\" content=\"https:\/\/www.nexoinformativo.mx\/wp-content\/uploads\/2024\/11\/PHOTO-2024-11-21-08-07-54-2-e1732209217553.jpg\" \/>\n\t<meta property=\"og:image:width\" content=\"800\" \/>\n\t<meta property=\"og:image:height\" content=\"547\" \/>\n\t<meta property=\"og:image:type\" content=\"image\/jpeg\" \/>\n<meta name=\"author\" content=\"Nexo Informativo\" \/>\n<meta name=\"twitter:card\" content=\"summary_large_image\" \/>\n<meta name=\"twitter:label1\" content=\"Escrito por\" \/>\n\t<meta name=\"twitter:data1\" content=\"Nexo Informativo\" \/>\n\t<meta name=\"twitter:label2\" content=\"Tiempo de lectura\" \/>\n\t<meta name=\"twitter:data2\" content=\"2 minutos\" \/>\n<script type=\"application\/ld+json\" class=\"yoast-schema-graph\">{\"@context\":\"https:\/\/schema.org\",\"@graph\":[{\"@type\":\"Article\",\"@id\":\"https:\/\/www.nexoinformativo.mx\/index.php\/2024\/11\/21\/dmytro-choni-el-talento-ucraniano-que-cautivara-a-queretaro-con-la-orquesta-filarmonica\/#article\",\"isPartOf\":{\"@id\":\"https:\/\/www.nexoinformativo.mx\/index.php\/2024\/11\/21\/dmytro-choni-el-talento-ucraniano-que-cautivara-a-queretaro-con-la-orquesta-filarmonica\/\"},\"author\":{\"name\":\"Nexo Informativo\",\"@id\":\"https:\/\/www.nexoinformativo.mx\/#\/schema\/person\/7749d380ba08c8ca00d7bc76fd907b7d\"},\"headline\":\"Dmytro Choni, el talento ucraniano que cautivar\u00e1 a Quer\u00e9taro con la Orquesta Filarm\u00f3nica\",\"datePublished\":\"2024-11-21T16:30:02+00:00\",\"dateModified\":\"2024-11-21T17:14:46+00:00\",\"mainEntityOfPage\":{\"@id\":\"https:\/\/www.nexoinformativo.mx\/index.php\/2024\/11\/21\/dmytro-choni-el-talento-ucraniano-que-cautivara-a-queretaro-con-la-orquesta-filarmonica\/\"},\"wordCount\":256,\"commentCount\":0,\"publisher\":{\"@id\":\"https:\/\/www.nexoinformativo.mx\/#organization\"},\"image\":{\"@id\":\"https:\/\/www.nexoinformativo.mx\/index.php\/2024\/11\/21\/dmytro-choni-el-talento-ucraniano-que-cautivara-a-queretaro-con-la-orquesta-filarmonica\/#primaryimage\"},\"thumbnailUrl\":\"https:\/\/www.nexoinformativo.mx\/wp-content\/uploads\/2024\/11\/PHOTO-2024-11-21-08-07-54-2-e1732209217553.jpg\",\"keywords\":[\"ConciertoQuer\u00e9taro\",\"DmytroChoni\",\"M\u00fasicaCl\u00e1sica\",\"OFEQ\"],\"articleSection\":[\"Espect\u00e1culos\",\"\u00daltima Hora\"],\"inLanguage\":\"es\",\"potentialAction\":[{\"@type\":\"CommentAction\",\"name\":\"Comment\",\"target\":[\"https:\/\/www.nexoinformativo.mx\/index.php\/2024\/11\/21\/dmytro-choni-el-talento-ucraniano-que-cautivara-a-queretaro-con-la-orquesta-filarmonica\/#respond\"]}]},{\"@type\":\"WebPage\",\"@id\":\"https:\/\/www.nexoinformativo.mx\/index.php\/2024\/11\/21\/dmytro-choni-el-talento-ucraniano-que-cautivara-a-queretaro-con-la-orquesta-filarmonica\/\",\"url\":\"https:\/\/www.nexoinformativo.mx\/index.php\/2024\/11\/21\/dmytro-choni-el-talento-ucraniano-que-cautivara-a-queretaro-con-la-orquesta-filarmonica\/\",\"name\":\"Dmytro Choni, el talento ucraniano que cautivar\u00e1 a Quer\u00e9taro con la Orquesta Filarm\u00f3nica | Nexo Informativo Santiago de Quer\u00e9taro\",\"isPartOf\":{\"@id\":\"https:\/\/www.nexoinformativo.mx\/#website\"},\"primaryImageOfPage\":{\"@id\":\"https:\/\/www.nexoinformativo.mx\/index.php\/2024\/11\/21\/dmytro-choni-el-talento-ucraniano-que-cautivara-a-queretaro-con-la-orquesta-filarmonica\/#primaryimage\"},\"image\":{\"@id\":\"https:\/\/www.nexoinformativo.mx\/index.php\/2024\/11\/21\/dmytro-choni-el-talento-ucraniano-que-cautivara-a-queretaro-con-la-orquesta-filarmonica\/#primaryimage\"},\"thumbnailUrl\":\"https:\/\/www.nexoinformativo.mx\/wp-content\/uploads\/2024\/11\/PHOTO-2024-11-21-08-07-54-2-e1732209217553.jpg\",\"datePublished\":\"2024-11-21T16:30:02+00:00\",\"dateModified\":\"2024-11-21T17:14:46+00:00\",\"description\":\"Dmytro Choni, el talento ucraniano que cautivar\u00e1 a Quer\u00e9taro con la Orquesta Filarm\u00f3nica\",\"breadcrumb\":{\"@id\":\"https:\/\/www.nexoinformativo.mx\/index.php\/2024\/11\/21\/dmytro-choni-el-talento-ucraniano-que-cautivara-a-queretaro-con-la-orquesta-filarmonica\/#breadcrumb\"},\"inLanguage\":\"es\",\"potentialAction\":[{\"@type\":\"ReadAction\",\"target\":[\"https:\/\/www.nexoinformativo.mx\/index.php\/2024\/11\/21\/dmytro-choni-el-talento-ucraniano-que-cautivara-a-queretaro-con-la-orquesta-filarmonica\/\"]}]},{\"@type\":\"ImageObject\",\"inLanguage\":\"es\",\"@id\":\"https:\/\/www.nexoinformativo.mx\/index.php\/2024\/11\/21\/dmytro-choni-el-talento-ucraniano-que-cautivara-a-queretaro-con-la-orquesta-filarmonica\/#primaryimage\",\"url\":\"https:\/\/www.nexoinformativo.mx\/wp-content\/uploads\/2024\/11\/PHOTO-2024-11-21-08-07-54-2-e1732209217553.jpg\",\"contentUrl\":\"https:\/\/www.nexoinformativo.mx\/wp-content\/uploads\/2024\/11\/PHOTO-2024-11-21-08-07-54-2-e1732209217553.jpg\",\"width\":800,\"height\":547},{\"@type\":\"BreadcrumbList\",\"@id\":\"https:\/\/www.nexoinformativo.mx\/index.php\/2024\/11\/21\/dmytro-choni-el-talento-ucraniano-que-cautivara-a-queretaro-con-la-orquesta-filarmonica\/#breadcrumb\",\"itemListElement\":[{\"@type\":\"ListItem\",\"position\":1,\"name\":\"Inicio\",\"item\":\"https:\/\/www.nexoinformativo.mx\/\"},{\"@type\":\"ListItem\",\"position\":2,\"name\":\"Dmytro Choni, el talento ucraniano que cautivar\u00e1 a Quer\u00e9taro con la Orquesta Filarm\u00f3nica\"}]},{\"@type\":\"WebSite\",\"@id\":\"https:\/\/www.nexoinformativo.mx\/#website\",\"url\":\"https:\/\/www.nexoinformativo.mx\/\",\"name\":\"Nexo Informativo Santiago de Quer\u00e9taro\",\"description\":\"Explora NexoInformativo y convi\u00e9rtete en parte de una comunidad que valora el conocimiento y la verdad. Tu nexoinformativo es tu puente hacia una comprensi\u00f3n m\u00e1s profunda del mundo que te rodea.\",\"publisher\":{\"@id\":\"https:\/\/www.nexoinformativo.mx\/#organization\"},\"potentialAction\":[{\"@type\":\"SearchAction\",\"target\":{\"@type\":\"EntryPoint\",\"urlTemplate\":\"https:\/\/www.nexoinformativo.mx\/?s={search_term_string}\"},\"query-input\":{\"@type\":\"PropertyValueSpecification\",\"valueRequired\":true,\"valueName\":\"search_term_string\"}}],\"inLanguage\":\"es\"},{\"@type\":\"Organization\",\"@id\":\"https:\/\/www.nexoinformativo.mx\/#organization\",\"name\":\"Nexo Informativo Santiago de Quer\u00e9taro\",\"url\":\"https:\/\/www.nexoinformativo.mx\/\",\"logo\":{\"@type\":\"ImageObject\",\"inLanguage\":\"es\",\"@id\":\"https:\/\/www.nexoinformativo.mx\/#\/schema\/logo\/image\/\",\"url\":\"https:\/\/www.nexoinformativo.mx\/wp-content\/uploads\/2024\/07\/nexoi-trasparente-2.png\",\"contentUrl\":\"https:\/\/www.nexoinformativo.mx\/wp-content\/uploads\/2024\/07\/nexoi-trasparente-2.png\",\"width\":816,\"height\":339,\"caption\":\"Nexo Informativo Santiago de Quer\u00e9taro\"},\"image\":{\"@id\":\"https:\/\/www.nexoinformativo.mx\/#\/schema\/logo\/image\/\"},\"sameAs\":[\"https:\/\/www.facebook.com\/people\/Nexo-Informativo\/61564066885511\/\"]},{\"@type\":\"Person\",\"@id\":\"https:\/\/www.nexoinformativo.mx\/#\/schema\/person\/7749d380ba08c8ca00d7bc76fd907b7d\",\"name\":\"Nexo Informativo\",\"image\":{\"@type\":\"ImageObject\",\"inLanguage\":\"es\",\"@id\":\"https:\/\/www.nexoinformativo.mx\/#\/schema\/person\/image\/\",\"url\":\"https:\/\/secure.gravatar.com\/avatar\/dde2928154642a13d95f87ddf1ea9718fe2b46760a005c53e41ff5ad610704e6?s=96&d=mm&r=g\",\"contentUrl\":\"https:\/\/secure.gravatar.com\/avatar\/dde2928154642a13d95f87ddf1ea9718fe2b46760a005c53e41ff5ad610704e6?s=96&d=mm&r=g\",\"caption\":\"Nexo Informativo\"},\"url\":\"https:\/\/www.nexoinformativo.mx\/index.php\/author\/edicion\/\"}]}<\/script>\n<!-- \/ Yoast SEO plugin. -->","yoast_head_json":{"title":"Dmytro Choni, el talento ucraniano que cautivar\u00e1 a Quer\u00e9taro con la Orquesta Filarm\u00f3nica | Nexo Informativo Santiago de Quer\u00e9taro","description":"Dmytro Choni, el talento ucraniano que cautivar\u00e1 a Quer\u00e9taro con la Orquesta Filarm\u00f3nica","robots":{"index":"index","follow":"follow","max-snippet":"max-snippet:-1","max-image-preview":"max-image-preview:large","max-video-preview":"max-video-preview:-1"},"canonical":"https:\/\/www.nexoinformativo.mx\/index.php\/2024\/11\/21\/dmytro-choni-el-talento-ucraniano-que-cautivara-a-queretaro-con-la-orquesta-filarmonica\/","og_locale":"es_MX","og_type":"article","og_title":"Dmytro Choni, el talento ucraniano que cautivar\u00e1 a Quer\u00e9taro con la Orquesta Filarm\u00f3nica | Nexo Informativo Santiago de Quer\u00e9taro","og_description":"Dmytro Choni, el talento ucraniano que cautivar\u00e1 a Quer\u00e9taro con la Orquesta Filarm\u00f3nica","og_url":"https:\/\/www.nexoinformativo.mx\/index.php\/2024\/11\/21\/dmytro-choni-el-talento-ucraniano-que-cautivara-a-queretaro-con-la-orquesta-filarmonica\/","og_site_name":"Nexo Informativo Santiago de Quer\u00e9taro","article_publisher":"https:\/\/www.facebook.com\/people\/Nexo-Informativo\/61564066885511\/","article_published_time":"2024-11-21T16:30:02+00:00","article_modified_time":"2024-11-21T17:14:46+00:00","og_image":[{"width":800,"height":547,"url":"https:\/\/www.nexoinformativo.mx\/wp-content\/uploads\/2024\/11\/PHOTO-2024-11-21-08-07-54-2-e1732209217553.jpg","type":"image\/jpeg"}],"author":"Nexo Informativo","twitter_card":"summary_large_image","twitter_misc":{"Escrito por":"Nexo Informativo","Tiempo de lectura":"2 minutos"},"schema":{"@context":"https:\/\/schema.org","@graph":[{"@type":"Article","@id":"https:\/\/www.nexoinformativo.mx\/index.php\/2024\/11\/21\/dmytro-choni-el-talento-ucraniano-que-cautivara-a-queretaro-con-la-orquesta-filarmonica\/#article","isPartOf":{"@id":"https:\/\/www.nexoinformativo.mx\/index.php\/2024\/11\/21\/dmytro-choni-el-talento-ucraniano-que-cautivara-a-queretaro-con-la-orquesta-filarmonica\/"},"author":{"name":"Nexo Informativo","@id":"https:\/\/www.nexoinformativo.mx\/#\/schema\/person\/7749d380ba08c8ca00d7bc76fd907b7d"},"headline":"Dmytro Choni, el talento ucraniano que cautivar\u00e1 a Quer\u00e9taro con la Orquesta Filarm\u00f3nica","datePublished":"2024-11-21T16:30:02+00:00","dateModified":"2024-11-21T17:14:46+00:00","mainEntityOfPage":{"@id":"https:\/\/www.nexoinformativo.mx\/index.php\/2024\/11\/21\/dmytro-choni-el-talento-ucraniano-que-cautivara-a-queretaro-con-la-orquesta-filarmonica\/"},"wordCount":256,"commentCount":0,"publisher":{"@id":"https:\/\/www.nexoinformativo.mx\/#organization"},"image":{"@id":"https:\/\/www.nexoinformativo.mx\/index.php\/2024\/11\/21\/dmytro-choni-el-talento-ucraniano-que-cautivara-a-queretaro-con-la-orquesta-filarmonica\/#primaryimage"},"thumbnailUrl":"https:\/\/www.nexoinformativo.mx\/wp-content\/uploads\/2024\/11\/PHOTO-2024-11-21-08-07-54-2-e1732209217553.jpg","keywords":["ConciertoQuer\u00e9taro","DmytroChoni","M\u00fasicaCl\u00e1sica","OFEQ"],"articleSection":["Espect\u00e1culos","\u00daltima Hora"],"inLanguage":"es","potentialAction":[{"@type":"CommentAction","name":"Comment","target":["https:\/\/www.nexoinformativo.mx\/index.php\/2024\/11\/21\/dmytro-choni-el-talento-ucraniano-que-cautivara-a-queretaro-con-la-orquesta-filarmonica\/#respond"]}]},{"@type":"WebPage","@id":"https:\/\/www.nexoinformativo.mx\/index.php\/2024\/11\/21\/dmytro-choni-el-talento-ucraniano-que-cautivara-a-queretaro-con-la-orquesta-filarmonica\/","url":"https:\/\/www.nexoinformativo.mx\/index.php\/2024\/11\/21\/dmytro-choni-el-talento-ucraniano-que-cautivara-a-queretaro-con-la-orquesta-filarmonica\/","name":"Dmytro Choni, el talento ucraniano que cautivar\u00e1 a Quer\u00e9taro con la Orquesta Filarm\u00f3nica | Nexo Informativo Santiago de Quer\u00e9taro","isPartOf":{"@id":"https:\/\/www.nexoinformativo.mx\/#website"},"primaryImageOfPage":{"@id":"https:\/\/www.nexoinformativo.mx\/index.php\/2024\/11\/21\/dmytro-choni-el-talento-ucraniano-que-cautivara-a-queretaro-con-la-orquesta-filarmonica\/#primaryimage"},"image":{"@id":"https:\/\/www.nexoinformativo.mx\/index.php\/2024\/11\/21\/dmytro-choni-el-talento-ucraniano-que-cautivara-a-queretaro-con-la-orquesta-filarmonica\/#primaryimage"},"thumbnailUrl":"https:\/\/www.nexoinformativo.mx\/wp-content\/uploads\/2024\/11\/PHOTO-2024-11-21-08-07-54-2-e1732209217553.jpg","datePublished":"2024-11-21T16:30:02+00:00","dateModified":"2024-11-21T17:14:46+00:00","description":"Dmytro Choni, el talento ucraniano que cautivar\u00e1 a Quer\u00e9taro con la Orquesta Filarm\u00f3nica","breadcrumb":{"@id":"https:\/\/www.nexoinformativo.mx\/index.php\/2024\/11\/21\/dmytro-choni-el-talento-ucraniano-que-cautivara-a-queretaro-con-la-orquesta-filarmonica\/#breadcrumb"},"inLanguage":"es","potentialAction":[{"@type":"ReadAction","target":["https:\/\/www.nexoinformativo.mx\/index.php\/2024\/11\/21\/dmytro-choni-el-talento-ucraniano-que-cautivara-a-queretaro-con-la-orquesta-filarmonica\/"]}]},{"@type":"ImageObject","inLanguage":"es","@id":"https:\/\/www.nexoinformativo.mx\/index.php\/2024\/11\/21\/dmytro-choni-el-talento-ucraniano-que-cautivara-a-queretaro-con-la-orquesta-filarmonica\/#primaryimage","url":"https:\/\/www.nexoinformativo.mx\/wp-content\/uploads\/2024\/11\/PHOTO-2024-11-21-08-07-54-2-e1732209217553.jpg","contentUrl":"https:\/\/www.nexoinformativo.mx\/wp-content\/uploads\/2024\/11\/PHOTO-2024-11-21-08-07-54-2-e1732209217553.jpg","width":800,"height":547},{"@type":"BreadcrumbList","@id":"https:\/\/www.nexoinformativo.mx\/index.php\/2024\/11\/21\/dmytro-choni-el-talento-ucraniano-que-cautivara-a-queretaro-con-la-orquesta-filarmonica\/#breadcrumb","itemListElement":[{"@type":"ListItem","position":1,"name":"Inicio","item":"https:\/\/www.nexoinformativo.mx\/"},{"@type":"ListItem","position":2,"name":"Dmytro Choni, el talento ucraniano que cautivar\u00e1 a Quer\u00e9taro con la Orquesta Filarm\u00f3nica"}]},{"@type":"WebSite","@id":"https:\/\/www.nexoinformativo.mx\/#website","url":"https:\/\/www.nexoinformativo.mx\/","name":"Nexo Informativo Santiago de Quer\u00e9taro","description":"Explora NexoInformativo y convi\u00e9rtete en parte de una comunidad que valora el conocimiento y la verdad. Tu nexoinformativo es tu puente hacia una comprensi\u00f3n m\u00e1s profunda del mundo que te rodea.","publisher":{"@id":"https:\/\/www.nexoinformativo.mx\/#organization"},"potentialAction":[{"@type":"SearchAction","target":{"@type":"EntryPoint","urlTemplate":"https:\/\/www.nexoinformativo.mx\/?s={search_term_string}"},"query-input":{"@type":"PropertyValueSpecification","valueRequired":true,"valueName":"search_term_string"}}],"inLanguage":"es"},{"@type":"Organization","@id":"https:\/\/www.nexoinformativo.mx\/#organization","name":"Nexo Informativo Santiago de Quer\u00e9taro","url":"https:\/\/www.nexoinformativo.mx\/","logo":{"@type":"ImageObject","inLanguage":"es","@id":"https:\/\/www.nexoinformativo.mx\/#\/schema\/logo\/image\/","url":"https:\/\/www.nexoinformativo.mx\/wp-content\/uploads\/2024\/07\/nexoi-trasparente-2.png","contentUrl":"https:\/\/www.nexoinformativo.mx\/wp-content\/uploads\/2024\/07\/nexoi-trasparente-2.png","width":816,"height":339,"caption":"Nexo Informativo Santiago de Quer\u00e9taro"},"image":{"@id":"https:\/\/www.nexoinformativo.mx\/#\/schema\/logo\/image\/"},"sameAs":["https:\/\/www.facebook.com\/people\/Nexo-Informativo\/61564066885511\/"]},{"@type":"Person","@id":"https:\/\/www.nexoinformativo.mx\/#\/schema\/person\/7749d380ba08c8ca00d7bc76fd907b7d","name":"Nexo Informativo","image":{"@type":"ImageObject","inLanguage":"es","@id":"https:\/\/www.nexoinformativo.mx\/#\/schema\/person\/image\/","url":"https:\/\/secure.gravatar.com\/avatar\/dde2928154642a13d95f87ddf1ea9718fe2b46760a005c53e41ff5ad610704e6?s=96&d=mm&r=g","contentUrl":"https:\/\/secure.gravatar.com\/avatar\/dde2928154642a13d95f87ddf1ea9718fe2b46760a005c53e41ff5ad610704e6?s=96&d=mm&r=g","caption":"Nexo Informativo"},"url":"https:\/\/www.nexoinformativo.mx\/index.php\/author\/edicion\/"}]}},"_links":{"self":[{"href":"https:\/\/www.nexoinformativo.mx\/index.php\/wp-json\/wp\/v2\/posts\/6616","targetHints":{"allow":["GET"]}}],"collection":[{"href":"https:\/\/www.nexoinformativo.mx\/index.php\/wp-json\/wp\/v2\/posts"}],"about":[{"href":"https:\/\/www.nexoinformativo.mx\/index.php\/wp-json\/wp\/v2\/types\/post"}],"author":[{"embeddable":true,"href":"https:\/\/www.nexoinformativo.mx\/index.php\/wp-json\/wp\/v2\/users\/3"}],"replies":[{"embeddable":true,"href":"https:\/\/www.nexoinformativo.mx\/index.php\/wp-json\/wp\/v2\/comments?post=6616"}],"version-history":[{"count":3,"href":"https:\/\/www.nexoinformativo.mx\/index.php\/wp-json\/wp\/v2\/posts\/6616\/revisions"}],"predecessor-version":[{"id":6620,"href":"https:\/\/www.nexoinformativo.mx\/index.php\/wp-json\/wp\/v2\/posts\/6616\/revisions\/6620"}],"wp:featuredmedia":[{"embeddable":true,"href":"https:\/\/www.nexoinformativo.mx\/index.php\/wp-json\/wp\/v2\/media\/6617"}],"wp:attachment":[{"href":"https:\/\/www.nexoinformativo.mx\/index.php\/wp-json\/wp\/v2\/media?parent=6616"}],"wp:term":[{"taxonomy":"category","embeddable":true,"href":"https:\/\/www.nexoinformativo.mx\/index.php\/wp-json\/wp\/v2\/categories?post=6616"},{"taxonomy":"post_tag","embeddable":true,"href":"https:\/\/www.nexoinformativo.mx\/index.php\/wp-json\/wp\/v2\/tags?post=6616"}],"curies":[{"name":"wp","href":"https:\/\/api.w.org\/{rel}","templated":true}]}}