{"id":6656,"date":"2024-11-21T12:00:07","date_gmt":"2024-11-21T18:00:07","guid":{"rendered":"https:\/\/www.nexoinformativo.mx\/?p=6656"},"modified":"2024-11-21T15:30:39","modified_gmt":"2024-11-21T21:30:39","slug":"kuri-reconoce-labor-de-la-fiscalia-tras-captura-de-responsables-del-ataque-a-los-cantaritos","status":"publish","type":"post","link":"https:\/\/www.nexoinformativo.mx\/index.php\/2024\/11\/21\/kuri-reconoce-labor-de-la-fiscalia-tras-captura-de-responsables-del-ataque-a-los-cantaritos\/","title":{"rendered":"Kuri reconoce labor de la Fiscal\u00eda tras captura de responsables del ataque a &#8220;Los Cantaritos&#8221;"},"content":{"rendered":"<p style=\"text-align: justify;\" data-sourcepos=\"9:1-9:315\">El gobernador de Quer\u00e9taro, Mauricio Kuri Gonz\u00e1lez, ha elogiado el trabajo realizado por la Fiscal\u00eda General del Estado tras la detenci\u00f3n de los presuntos responsables del ataque armado al bar <strong>&#8220;Los Cantaritos&#8221;<\/strong>, ocurrido el pasado 9 de noviembre. En este lamentable suceso, diez personas perdieron la vida.<\/p>\n<p>&nbsp;<\/p>\n<p style=\"text-align: justify;\" data-sourcepos=\"11:1-11:225\">Kuri destac\u00f3 la importancia de la coordinaci\u00f3n entre los tres niveles de gobierno, as\u00ed como la participaci\u00f3n activa de polic\u00edas municipales, estatales y federales, que permiti\u00f3 dar con los responsables de este acto violento.<\/p>\n<p>&nbsp;<\/p>\n<p style=\"text-align: justify;\" data-sourcepos=\"13:1-13:343\">&#8220;Gracias a la colaboraci\u00f3n de todos, hemos logrado un avance significativo en este caso&#8221;, expres\u00f3 el gobernador. Asimismo, hizo un llamado a la ciudadan\u00eda a no politizar el tema de la seguridad y asegur\u00f3 que las investigaciones continuar\u00e1n hasta esclarecer completamente los hechos y llevar ante la justicia a todos los involucrados.<\/p>\n<p>&nbsp;<\/p>\n<p style=\"text-align: justify;\" data-sourcepos=\"15:1-15:167\">Con estas acciones, el gobierno de Quer\u00e9taro refrenda su compromiso de garantizar la seguridad de los ciudadanos y combatir la violencia en todas sus manifestaciones.<\/p>\n<p>&nbsp;<\/p>\n<p style=\"text-align: center;\" data-sourcepos=\"15:1-15:167\"><em><strong>\u00a1Informaci\u00f3n que transforma!<\/strong><\/em><\/p>\n","protected":false},"excerpt":{"rendered":"<p>El gobernador de Quer\u00e9taro, Mauricio Kuri Gonz\u00e1lez, ha elogiado el trabajo realizado por la Fiscal\u00eda General del Estado tras la detenci\u00f3n de los presuntos responsables del ataque armado al bar &#8220;Los Cantaritos&#8221;, ocurrido el pasado 9 de noviembre. En este lamentable suceso, diez personas perdieron la vida.<\/p>\n","protected":false},"author":3,"featured_media":6657,"comment_status":"open","ping_status":"open","sticky":false,"template":"","format":"standard","meta":{"footnotes":""},"categories":[42,58],"tags":[480,2154,133,131],"class_list":["post-6656","post","type-post","status-publish","format-standard","has-post-thumbnail","hentry","category-estado","category-ultima-hora","tag-justicia","tag-loscantaritos","tag-queretaro","tag-seguridad"],"yoast_head":"<!-- This site is optimized with the Yoast SEO plugin v25.0 - https:\/\/yoast.com\/wordpress\/plugins\/seo\/ -->\n<title>Kuri reconoce labor de la Fiscal\u00eda tras captura de responsables del ataque a &quot;Los Cantaritos&quot; | Nexo Informativo Santiago de Quer\u00e9taro<\/title>\n<meta name=\"description\" content=\"Kuri reconoce labor de la Fiscal\u00eda tras captura de responsables del ataque a &quot;Los Cantaritos&quot;\" \/>\n<meta name=\"robots\" content=\"index, follow, max-snippet:-1, max-image-preview:large, max-video-preview:-1\" \/>\n<link rel=\"canonical\" href=\"https:\/\/www.nexoinformativo.mx\/index.php\/2024\/11\/21\/kuri-reconoce-labor-de-la-fiscalia-tras-captura-de-responsables-del-ataque-a-los-cantaritos\/\" \/>\n<meta property=\"og:locale\" content=\"es_MX\" \/>\n<meta property=\"og:type\" content=\"article\" \/>\n<meta property=\"og:title\" content=\"Kuri reconoce labor de la Fiscal\u00eda tras captura de responsables del ataque a &quot;Los Cantaritos&quot; | Nexo Informativo Santiago de Quer\u00e9taro\" \/>\n<meta property=\"og:description\" content=\"Kuri reconoce labor de la Fiscal\u00eda tras captura de responsables del ataque a &quot;Los Cantaritos&quot;\" \/>\n<meta property=\"og:url\" content=\"https:\/\/www.nexoinformativo.mx\/index.php\/2024\/11\/21\/kuri-reconoce-labor-de-la-fiscalia-tras-captura-de-responsables-del-ataque-a-los-cantaritos\/\" \/>\n<meta property=\"og:site_name\" content=\"Nexo Informativo Santiago de Quer\u00e9taro\" \/>\n<meta property=\"article:publisher\" content=\"https:\/\/www.facebook.com\/people\/Nexo-Informativo\/61564066885511\/\" \/>\n<meta property=\"article:published_time\" content=\"2024-11-21T18:00:07+00:00\" \/>\n<meta property=\"article:modified_time\" content=\"2024-11-21T21:30:39+00:00\" \/>\n<meta property=\"og:image\" content=\"https:\/\/www.nexoinformativo.mx\/wp-content\/uploads\/2024\/11\/PHOTO-2024-11-21-15-24-24-e1732224589765.jpg\" \/>\n\t<meta property=\"og:image:width\" content=\"800\" \/>\n\t<meta property=\"og:image:height\" content=\"405\" \/>\n\t<meta property=\"og:image:type\" content=\"image\/jpeg\" \/>\n<meta name=\"author\" content=\"Nexo Informativo\" \/>\n<meta name=\"twitter:card\" content=\"summary_large_image\" \/>\n<meta name=\"twitter:label1\" content=\"Escrito por\" \/>\n\t<meta name=\"twitter:data1\" content=\"Nexo Informativo\" \/>\n\t<meta name=\"twitter:label2\" content=\"Tiempo de lectura\" \/>\n\t<meta name=\"twitter:data2\" content=\"1 minuto\" \/>\n<script type=\"application\/ld+json\" class=\"yoast-schema-graph\">{\"@context\":\"https:\/\/schema.org\",\"@graph\":[{\"@type\":\"Article\",\"@id\":\"https:\/\/www.nexoinformativo.mx\/index.php\/2024\/11\/21\/kuri-reconoce-labor-de-la-fiscalia-tras-captura-de-responsables-del-ataque-a-los-cantaritos\/#article\",\"isPartOf\":{\"@id\":\"https:\/\/www.nexoinformativo.mx\/index.php\/2024\/11\/21\/kuri-reconoce-labor-de-la-fiscalia-tras-captura-de-responsables-del-ataque-a-los-cantaritos\/\"},\"author\":{\"name\":\"Nexo Informativo\",\"@id\":\"https:\/\/www.nexoinformativo.mx\/#\/schema\/person\/7749d380ba08c8ca00d7bc76fd907b7d\"},\"headline\":\"Kuri reconoce labor de la Fiscal\u00eda tras captura de responsables del ataque a &#8220;Los Cantaritos&#8221;\",\"datePublished\":\"2024-11-21T18:00:07+00:00\",\"dateModified\":\"2024-11-21T21:30:39+00:00\",\"mainEntityOfPage\":{\"@id\":\"https:\/\/www.nexoinformativo.mx\/index.php\/2024\/11\/21\/kuri-reconoce-labor-de-la-fiscalia-tras-captura-de-responsables-del-ataque-a-los-cantaritos\/\"},\"wordCount\":192,\"commentCount\":0,\"publisher\":{\"@id\":\"https:\/\/www.nexoinformativo.mx\/#organization\"},\"image\":{\"@id\":\"https:\/\/www.nexoinformativo.mx\/index.php\/2024\/11\/21\/kuri-reconoce-labor-de-la-fiscalia-tras-captura-de-responsables-del-ataque-a-los-cantaritos\/#primaryimage\"},\"thumbnailUrl\":\"https:\/\/www.nexoinformativo.mx\/wp-content\/uploads\/2024\/11\/PHOTO-2024-11-21-15-24-24-e1732224589765.jpg\",\"keywords\":[\"Justicia\",\"LosCantaritos\",\"Quer\u00e9taro\",\"Seguridad\"],\"articleSection\":[\"Estado\",\"\u00daltima Hora\"],\"inLanguage\":\"es\",\"potentialAction\":[{\"@type\":\"CommentAction\",\"name\":\"Comment\",\"target\":[\"https:\/\/www.nexoinformativo.mx\/index.php\/2024\/11\/21\/kuri-reconoce-labor-de-la-fiscalia-tras-captura-de-responsables-del-ataque-a-los-cantaritos\/#respond\"]}]},{\"@type\":\"WebPage\",\"@id\":\"https:\/\/www.nexoinformativo.mx\/index.php\/2024\/11\/21\/kuri-reconoce-labor-de-la-fiscalia-tras-captura-de-responsables-del-ataque-a-los-cantaritos\/\",\"url\":\"https:\/\/www.nexoinformativo.mx\/index.php\/2024\/11\/21\/kuri-reconoce-labor-de-la-fiscalia-tras-captura-de-responsables-del-ataque-a-los-cantaritos\/\",\"name\":\"Kuri reconoce labor de la Fiscal\u00eda tras captura de responsables del ataque a \\\"Los Cantaritos\\\" | Nexo Informativo Santiago de Quer\u00e9taro\",\"isPartOf\":{\"@id\":\"https:\/\/www.nexoinformativo.mx\/#website\"},\"primaryImageOfPage\":{\"@id\":\"https:\/\/www.nexoinformativo.mx\/index.php\/2024\/11\/21\/kuri-reconoce-labor-de-la-fiscalia-tras-captura-de-responsables-del-ataque-a-los-cantaritos\/#primaryimage\"},\"image\":{\"@id\":\"https:\/\/www.nexoinformativo.mx\/index.php\/2024\/11\/21\/kuri-reconoce-labor-de-la-fiscalia-tras-captura-de-responsables-del-ataque-a-los-cantaritos\/#primaryimage\"},\"thumbnailUrl\":\"https:\/\/www.nexoinformativo.mx\/wp-content\/uploads\/2024\/11\/PHOTO-2024-11-21-15-24-24-e1732224589765.jpg\",\"datePublished\":\"2024-11-21T18:00:07+00:00\",\"dateModified\":\"2024-11-21T21:30:39+00:00\",\"description\":\"Kuri reconoce labor de la Fiscal\u00eda tras captura de responsables del ataque a \\\"Los Cantaritos\\\"\",\"breadcrumb\":{\"@id\":\"https:\/\/www.nexoinformativo.mx\/index.php\/2024\/11\/21\/kuri-reconoce-labor-de-la-fiscalia-tras-captura-de-responsables-del-ataque-a-los-cantaritos\/#breadcrumb\"},\"inLanguage\":\"es\",\"potentialAction\":[{\"@type\":\"ReadAction\",\"target\":[\"https:\/\/www.nexoinformativo.mx\/index.php\/2024\/11\/21\/kuri-reconoce-labor-de-la-fiscalia-tras-captura-de-responsables-del-ataque-a-los-cantaritos\/\"]}]},{\"@type\":\"ImageObject\",\"inLanguage\":\"es\",\"@id\":\"https:\/\/www.nexoinformativo.mx\/index.php\/2024\/11\/21\/kuri-reconoce-labor-de-la-fiscalia-tras-captura-de-responsables-del-ataque-a-los-cantaritos\/#primaryimage\",\"url\":\"https:\/\/www.nexoinformativo.mx\/wp-content\/uploads\/2024\/11\/PHOTO-2024-11-21-15-24-24-e1732224589765.jpg\",\"contentUrl\":\"https:\/\/www.nexoinformativo.mx\/wp-content\/uploads\/2024\/11\/PHOTO-2024-11-21-15-24-24-e1732224589765.jpg\",\"width\":800,\"height\":405},{\"@type\":\"BreadcrumbList\",\"@id\":\"https:\/\/www.nexoinformativo.mx\/index.php\/2024\/11\/21\/kuri-reconoce-labor-de-la-fiscalia-tras-captura-de-responsables-del-ataque-a-los-cantaritos\/#breadcrumb\",\"itemListElement\":[{\"@type\":\"ListItem\",\"position\":1,\"name\":\"Inicio\",\"item\":\"https:\/\/www.nexoinformativo.mx\/\"},{\"@type\":\"ListItem\",\"position\":2,\"name\":\"Kuri reconoce labor de la Fiscal\u00eda tras captura de responsables del ataque a &#8220;Los Cantaritos&#8221;\"}]},{\"@type\":\"WebSite\",\"@id\":\"https:\/\/www.nexoinformativo.mx\/#website\",\"url\":\"https:\/\/www.nexoinformativo.mx\/\",\"name\":\"Nexo Informativo Santiago de Quer\u00e9taro\",\"description\":\"Explora NexoInformativo y convi\u00e9rtete en parte de una comunidad que valora el conocimiento y la verdad. Tu nexoinformativo es tu puente hacia una comprensi\u00f3n m\u00e1s profunda del mundo que te rodea.\",\"publisher\":{\"@id\":\"https:\/\/www.nexoinformativo.mx\/#organization\"},\"potentialAction\":[{\"@type\":\"SearchAction\",\"target\":{\"@type\":\"EntryPoint\",\"urlTemplate\":\"https:\/\/www.nexoinformativo.mx\/?s={search_term_string}\"},\"query-input\":{\"@type\":\"PropertyValueSpecification\",\"valueRequired\":true,\"valueName\":\"search_term_string\"}}],\"inLanguage\":\"es\"},{\"@type\":\"Organization\",\"@id\":\"https:\/\/www.nexoinformativo.mx\/#organization\",\"name\":\"Nexo Informativo Santiago de Quer\u00e9taro\",\"url\":\"https:\/\/www.nexoinformativo.mx\/\",\"logo\":{\"@type\":\"ImageObject\",\"inLanguage\":\"es\",\"@id\":\"https:\/\/www.nexoinformativo.mx\/#\/schema\/logo\/image\/\",\"url\":\"https:\/\/www.nexoinformativo.mx\/wp-content\/uploads\/2024\/07\/nexoi-trasparente-2.png\",\"contentUrl\":\"https:\/\/www.nexoinformativo.mx\/wp-content\/uploads\/2024\/07\/nexoi-trasparente-2.png\",\"width\":816,\"height\":339,\"caption\":\"Nexo Informativo Santiago de Quer\u00e9taro\"},\"image\":{\"@id\":\"https:\/\/www.nexoinformativo.mx\/#\/schema\/logo\/image\/\"},\"sameAs\":[\"https:\/\/www.facebook.com\/people\/Nexo-Informativo\/61564066885511\/\"]},{\"@type\":\"Person\",\"@id\":\"https:\/\/www.nexoinformativo.mx\/#\/schema\/person\/7749d380ba08c8ca00d7bc76fd907b7d\",\"name\":\"Nexo Informativo\",\"image\":{\"@type\":\"ImageObject\",\"inLanguage\":\"es\",\"@id\":\"https:\/\/www.nexoinformativo.mx\/#\/schema\/person\/image\/\",\"url\":\"https:\/\/secure.gravatar.com\/avatar\/dde2928154642a13d95f87ddf1ea9718fe2b46760a005c53e41ff5ad610704e6?s=96&d=mm&r=g\",\"contentUrl\":\"https:\/\/secure.gravatar.com\/avatar\/dde2928154642a13d95f87ddf1ea9718fe2b46760a005c53e41ff5ad610704e6?s=96&d=mm&r=g\",\"caption\":\"Nexo Informativo\"},\"url\":\"https:\/\/www.nexoinformativo.mx\/index.php\/author\/edicion\/\"}]}<\/script>\n<!-- \/ Yoast SEO plugin. -->","yoast_head_json":{"title":"Kuri reconoce labor de la Fiscal\u00eda tras captura de responsables del ataque a \"Los Cantaritos\" | Nexo Informativo Santiago de Quer\u00e9taro","description":"Kuri reconoce labor de la Fiscal\u00eda tras captura de responsables del ataque a \"Los Cantaritos\"","robots":{"index":"index","follow":"follow","max-snippet":"max-snippet:-1","max-image-preview":"max-image-preview:large","max-video-preview":"max-video-preview:-1"},"canonical":"https:\/\/www.nexoinformativo.mx\/index.php\/2024\/11\/21\/kuri-reconoce-labor-de-la-fiscalia-tras-captura-de-responsables-del-ataque-a-los-cantaritos\/","og_locale":"es_MX","og_type":"article","og_title":"Kuri reconoce labor de la Fiscal\u00eda tras captura de responsables del ataque a \"Los Cantaritos\" | Nexo Informativo Santiago de Quer\u00e9taro","og_description":"Kuri reconoce labor de la Fiscal\u00eda tras captura de responsables del ataque a \"Los Cantaritos\"","og_url":"https:\/\/www.nexoinformativo.mx\/index.php\/2024\/11\/21\/kuri-reconoce-labor-de-la-fiscalia-tras-captura-de-responsables-del-ataque-a-los-cantaritos\/","og_site_name":"Nexo Informativo Santiago de Quer\u00e9taro","article_publisher":"https:\/\/www.facebook.com\/people\/Nexo-Informativo\/61564066885511\/","article_published_time":"2024-11-21T18:00:07+00:00","article_modified_time":"2024-11-21T21:30:39+00:00","og_image":[{"width":800,"height":405,"url":"https:\/\/www.nexoinformativo.mx\/wp-content\/uploads\/2024\/11\/PHOTO-2024-11-21-15-24-24-e1732224589765.jpg","type":"image\/jpeg"}],"author":"Nexo Informativo","twitter_card":"summary_large_image","twitter_misc":{"Escrito por":"Nexo Informativo","Tiempo de lectura":"1 minuto"},"schema":{"@context":"https:\/\/schema.org","@graph":[{"@type":"Article","@id":"https:\/\/www.nexoinformativo.mx\/index.php\/2024\/11\/21\/kuri-reconoce-labor-de-la-fiscalia-tras-captura-de-responsables-del-ataque-a-los-cantaritos\/#article","isPartOf":{"@id":"https:\/\/www.nexoinformativo.mx\/index.php\/2024\/11\/21\/kuri-reconoce-labor-de-la-fiscalia-tras-captura-de-responsables-del-ataque-a-los-cantaritos\/"},"author":{"name":"Nexo Informativo","@id":"https:\/\/www.nexoinformativo.mx\/#\/schema\/person\/7749d380ba08c8ca00d7bc76fd907b7d"},"headline":"Kuri reconoce labor de la Fiscal\u00eda tras captura de responsables del ataque a &#8220;Los Cantaritos&#8221;","datePublished":"2024-11-21T18:00:07+00:00","dateModified":"2024-11-21T21:30:39+00:00","mainEntityOfPage":{"@id":"https:\/\/www.nexoinformativo.mx\/index.php\/2024\/11\/21\/kuri-reconoce-labor-de-la-fiscalia-tras-captura-de-responsables-del-ataque-a-los-cantaritos\/"},"wordCount":192,"commentCount":0,"publisher":{"@id":"https:\/\/www.nexoinformativo.mx\/#organization"},"image":{"@id":"https:\/\/www.nexoinformativo.mx\/index.php\/2024\/11\/21\/kuri-reconoce-labor-de-la-fiscalia-tras-captura-de-responsables-del-ataque-a-los-cantaritos\/#primaryimage"},"thumbnailUrl":"https:\/\/www.nexoinformativo.mx\/wp-content\/uploads\/2024\/11\/PHOTO-2024-11-21-15-24-24-e1732224589765.jpg","keywords":["Justicia","LosCantaritos","Quer\u00e9taro","Seguridad"],"articleSection":["Estado","\u00daltima Hora"],"inLanguage":"es","potentialAction":[{"@type":"CommentAction","name":"Comment","target":["https:\/\/www.nexoinformativo.mx\/index.php\/2024\/11\/21\/kuri-reconoce-labor-de-la-fiscalia-tras-captura-de-responsables-del-ataque-a-los-cantaritos\/#respond"]}]},{"@type":"WebPage","@id":"https:\/\/www.nexoinformativo.mx\/index.php\/2024\/11\/21\/kuri-reconoce-labor-de-la-fiscalia-tras-captura-de-responsables-del-ataque-a-los-cantaritos\/","url":"https:\/\/www.nexoinformativo.mx\/index.php\/2024\/11\/21\/kuri-reconoce-labor-de-la-fiscalia-tras-captura-de-responsables-del-ataque-a-los-cantaritos\/","name":"Kuri reconoce labor de la Fiscal\u00eda tras captura de responsables del ataque a \"Los Cantaritos\" | Nexo Informativo Santiago de Quer\u00e9taro","isPartOf":{"@id":"https:\/\/www.nexoinformativo.mx\/#website"},"primaryImageOfPage":{"@id":"https:\/\/www.nexoinformativo.mx\/index.php\/2024\/11\/21\/kuri-reconoce-labor-de-la-fiscalia-tras-captura-de-responsables-del-ataque-a-los-cantaritos\/#primaryimage"},"image":{"@id":"https:\/\/www.nexoinformativo.mx\/index.php\/2024\/11\/21\/kuri-reconoce-labor-de-la-fiscalia-tras-captura-de-responsables-del-ataque-a-los-cantaritos\/#primaryimage"},"thumbnailUrl":"https:\/\/www.nexoinformativo.mx\/wp-content\/uploads\/2024\/11\/PHOTO-2024-11-21-15-24-24-e1732224589765.jpg","datePublished":"2024-11-21T18:00:07+00:00","dateModified":"2024-11-21T21:30:39+00:00","description":"Kuri reconoce labor de la Fiscal\u00eda tras captura de responsables del ataque a \"Los Cantaritos\"","breadcrumb":{"@id":"https:\/\/www.nexoinformativo.mx\/index.php\/2024\/11\/21\/kuri-reconoce-labor-de-la-fiscalia-tras-captura-de-responsables-del-ataque-a-los-cantaritos\/#breadcrumb"},"inLanguage":"es","potentialAction":[{"@type":"ReadAction","target":["https:\/\/www.nexoinformativo.mx\/index.php\/2024\/11\/21\/kuri-reconoce-labor-de-la-fiscalia-tras-captura-de-responsables-del-ataque-a-los-cantaritos\/"]}]},{"@type":"ImageObject","inLanguage":"es","@id":"https:\/\/www.nexoinformativo.mx\/index.php\/2024\/11\/21\/kuri-reconoce-labor-de-la-fiscalia-tras-captura-de-responsables-del-ataque-a-los-cantaritos\/#primaryimage","url":"https:\/\/www.nexoinformativo.mx\/wp-content\/uploads\/2024\/11\/PHOTO-2024-11-21-15-24-24-e1732224589765.jpg","contentUrl":"https:\/\/www.nexoinformativo.mx\/wp-content\/uploads\/2024\/11\/PHOTO-2024-11-21-15-24-24-e1732224589765.jpg","width":800,"height":405},{"@type":"BreadcrumbList","@id":"https:\/\/www.nexoinformativo.mx\/index.php\/2024\/11\/21\/kuri-reconoce-labor-de-la-fiscalia-tras-captura-de-responsables-del-ataque-a-los-cantaritos\/#breadcrumb","itemListElement":[{"@type":"ListItem","position":1,"name":"Inicio","item":"https:\/\/www.nexoinformativo.mx\/"},{"@type":"ListItem","position":2,"name":"Kuri reconoce labor de la Fiscal\u00eda tras captura de responsables del ataque a &#8220;Los Cantaritos&#8221;"}]},{"@type":"WebSite","@id":"https:\/\/www.nexoinformativo.mx\/#website","url":"https:\/\/www.nexoinformativo.mx\/","name":"Nexo Informativo Santiago de Quer\u00e9taro","description":"Explora NexoInformativo y convi\u00e9rtete en parte de una comunidad que valora el conocimiento y la verdad. Tu nexoinformativo es tu puente hacia una comprensi\u00f3n m\u00e1s profunda del mundo que te rodea.","publisher":{"@id":"https:\/\/www.nexoinformativo.mx\/#organization"},"potentialAction":[{"@type":"SearchAction","target":{"@type":"EntryPoint","urlTemplate":"https:\/\/www.nexoinformativo.mx\/?s={search_term_string}"},"query-input":{"@type":"PropertyValueSpecification","valueRequired":true,"valueName":"search_term_string"}}],"inLanguage":"es"},{"@type":"Organization","@id":"https:\/\/www.nexoinformativo.mx\/#organization","name":"Nexo Informativo Santiago de Quer\u00e9taro","url":"https:\/\/www.nexoinformativo.mx\/","logo":{"@type":"ImageObject","inLanguage":"es","@id":"https:\/\/www.nexoinformativo.mx\/#\/schema\/logo\/image\/","url":"https:\/\/www.nexoinformativo.mx\/wp-content\/uploads\/2024\/07\/nexoi-trasparente-2.png","contentUrl":"https:\/\/www.nexoinformativo.mx\/wp-content\/uploads\/2024\/07\/nexoi-trasparente-2.png","width":816,"height":339,"caption":"Nexo Informativo Santiago de Quer\u00e9taro"},"image":{"@id":"https:\/\/www.nexoinformativo.mx\/#\/schema\/logo\/image\/"},"sameAs":["https:\/\/www.facebook.com\/people\/Nexo-Informativo\/61564066885511\/"]},{"@type":"Person","@id":"https:\/\/www.nexoinformativo.mx\/#\/schema\/person\/7749d380ba08c8ca00d7bc76fd907b7d","name":"Nexo Informativo","image":{"@type":"ImageObject","inLanguage":"es","@id":"https:\/\/www.nexoinformativo.mx\/#\/schema\/person\/image\/","url":"https:\/\/secure.gravatar.com\/avatar\/dde2928154642a13d95f87ddf1ea9718fe2b46760a005c53e41ff5ad610704e6?s=96&d=mm&r=g","contentUrl":"https:\/\/secure.gravatar.com\/avatar\/dde2928154642a13d95f87ddf1ea9718fe2b46760a005c53e41ff5ad610704e6?s=96&d=mm&r=g","caption":"Nexo Informativo"},"url":"https:\/\/www.nexoinformativo.mx\/index.php\/author\/edicion\/"}]}},"_links":{"self":[{"href":"https:\/\/www.nexoinformativo.mx\/index.php\/wp-json\/wp\/v2\/posts\/6656","targetHints":{"allow":["GET"]}}],"collection":[{"href":"https:\/\/www.nexoinformativo.mx\/index.php\/wp-json\/wp\/v2\/posts"}],"about":[{"href":"https:\/\/www.nexoinformativo.mx\/index.php\/wp-json\/wp\/v2\/types\/post"}],"author":[{"embeddable":true,"href":"https:\/\/www.nexoinformativo.mx\/index.php\/wp-json\/wp\/v2\/users\/3"}],"replies":[{"embeddable":true,"href":"https:\/\/www.nexoinformativo.mx\/index.php\/wp-json\/wp\/v2\/comments?post=6656"}],"version-history":[{"count":3,"href":"https:\/\/www.nexoinformativo.mx\/index.php\/wp-json\/wp\/v2\/posts\/6656\/revisions"}],"predecessor-version":[{"id":6660,"href":"https:\/\/www.nexoinformativo.mx\/index.php\/wp-json\/wp\/v2\/posts\/6656\/revisions\/6660"}],"wp:featuredmedia":[{"embeddable":true,"href":"https:\/\/www.nexoinformativo.mx\/index.php\/wp-json\/wp\/v2\/media\/6657"}],"wp:attachment":[{"href":"https:\/\/www.nexoinformativo.mx\/index.php\/wp-json\/wp\/v2\/media?parent=6656"}],"wp:term":[{"taxonomy":"category","embeddable":true,"href":"https:\/\/www.nexoinformativo.mx\/index.php\/wp-json\/wp\/v2\/categories?post=6656"},{"taxonomy":"post_tag","embeddable":true,"href":"https:\/\/www.nexoinformativo.mx\/index.php\/wp-json\/wp\/v2\/tags?post=6656"}],"curies":[{"name":"wp","href":"https:\/\/api.w.org\/{rel}","templated":true}]}}