{"id":6685,"date":"2024-11-22T06:45:07","date_gmt":"2024-11-22T12:45:07","guid":{"rendered":"https:\/\/www.nexoinformativo.mx\/?p=6685"},"modified":"2024-11-22T08:00:59","modified_gmt":"2024-11-22T14:00:59","slug":"mexico-impulsara-la-ingenieria-biomedica-para-mejorar-la-atencion-a-personas-con-discapacidad","status":"publish","type":"post","link":"https:\/\/www.nexoinformativo.mx\/index.php\/2024\/11\/22\/mexico-impulsara-la-ingenieria-biomedica-para-mejorar-la-atencion-a-personas-con-discapacidad\/","title":{"rendered":"M\u00e9xico impulsar\u00e1 la ingenier\u00eda biom\u00e9dica para mejorar la atenci\u00f3n a personas con discapacidad"},"content":{"rendered":"<p style=\"text-align: justify;\" data-sourcepos=\"9:1-9:290\">El gobierno de M\u00e9xico, encabezado por la presidenta Claudia Sheinbaum, anunci\u00f3 un ambicioso plan para desarrollar la ingenier\u00eda biom\u00e9dica en el pa\u00eds. El objetivo es fortalecer la atenci\u00f3n a personas con discapacidad y garantizar su acceso a tecnolog\u00eda de rehabilitaci\u00f3n de vanguardia.<\/p>\n<p>&nbsp;<\/p>\n<p style=\"text-align: justify;\" data-sourcepos=\"11:1-11:294\">As\u00ed lo dio a conocer el secretario de Salud, David Kershenobich, durante el XI Congreso Internacional de Investigaci\u00f3n en Rehabilitaci\u00f3n, donde destac\u00f3 la importancia de formar profesionales especializados en el dise\u00f1o y fabricaci\u00f3n de dispositivos m\u00e9dicos como pr\u00f3tesis y \u00f3rtesis.<\/p>\n<p>&nbsp;<\/p>\n<p style=\"text-align: justify;\" data-sourcepos=\"13:1-13:426\"><strong>&#8220;M\u00e9xico necesita una pol\u00edtica industrial relacionada con la medicina que desarrolle m\u00e1s ingenier\u00eda biom\u00e9dica&#8221;<\/strong>, afirm\u00f3 Kershenobich. El secretario detall\u00f3 que se trabajar\u00e1 en la inclusi\u00f3n de nuevas materias relacionadas con la ingenier\u00eda biom\u00e9dica en los planes de estudio de las universidades de salud, con el fin de formar profesionales m\u00e1s capacitados para atender necesidades personas con discapacidad.<\/p>\n<p>&nbsp;<\/p>\n<p style=\"text-align: justify;\" data-sourcepos=\"15:1-15:340\">El Instituto Nacional de Rehabilitaci\u00f3n <strong>&#8220;Luis Guillermo Ibarra Ibarra&#8221;<\/strong> (INRLGII) jugar\u00e1 un papel fundamental en este proyecto, aportando su experiencia y conocimiento para la formaci\u00f3n de nuevos talentos.<\/p>\n<p>&nbsp;<\/p>\n<p style=\"text-align: justify;\" data-sourcepos=\"17:1-17:239\">El secretario de Salud destac\u00f3 que la discapacidad afecta a un porcentaje significativo de la poblaci\u00f3n mexicana y que es necesario garantizar el acceso a servicios de salud de calidad para todas las personas, sin importar sus condiciones.<\/p>\n<p>&nbsp;<\/p>\n<p style=\"text-align: justify;\" data-sourcepos=\"19:1-19:388\">Por su parte, el director general del <strong>INRLGII<\/strong>, Carlos Javier Pineda, resalt\u00f3 la importancia de un enfoque integral de la salud que incluya aspectos sociales, culturales e hist\u00f3ricos, asegurando que el instituto est\u00e1 comprometido con la implementaci\u00f3n del Plan Sectorial de Salud 2024-2030, buscando garantizar la cobertura universal de salud para las personas con discapacidad.<\/p>\n<p>&nbsp;<\/p>\n<p style=\"text-align: center;\" data-sourcepos=\"19:1-19:388\"><em><strong>\u00a1Informaci\u00f3n que transforma!<\/strong><\/em><\/p>\n","protected":false},"excerpt":{"rendered":"<p>El gobierno de M\u00e9xico, encabezado por la presidenta Claudia Sheinbaum, anunci\u00f3 un ambicioso plan para desarrollar la ingenier\u00eda biom\u00e9dica en el pa\u00eds.<\/p>\n","protected":false},"author":3,"featured_media":6686,"comment_status":"open","ping_status":"open","sticky":false,"template":"","format":"standard","meta":{"footnotes":""},"categories":[88,58],"tags":[2261,2260,1610,139],"class_list":["post-6685","post","type-post","status-publish","format-standard","has-post-thumbnail","hentry","category-nacional","category-ultima-hora","tag-discapacidad","tag-ingenieriabiomedica","tag-mexico","tag-salud"],"yoast_head":"<!-- This site is optimized with the Yoast SEO plugin v25.0 - https:\/\/yoast.com\/wordpress\/plugins\/seo\/ -->\n<title>M\u00e9xico impulsar\u00e1 la ingenier\u00eda biom\u00e9dica para mejorar la atenci\u00f3n a personas con discapacidad | Nexo Informativo Santiago de Quer\u00e9taro<\/title>\n<meta name=\"description\" content=\"M\u00e9xico impulsar\u00e1 la ingenier\u00eda biom\u00e9dica para mejorar la atenci\u00f3n a personas con discapacidad\" \/>\n<meta name=\"robots\" content=\"index, follow, max-snippet:-1, max-image-preview:large, max-video-preview:-1\" \/>\n<link rel=\"canonical\" href=\"https:\/\/www.nexoinformativo.mx\/index.php\/2024\/11\/22\/mexico-impulsara-la-ingenieria-biomedica-para-mejorar-la-atencion-a-personas-con-discapacidad\/\" \/>\n<meta property=\"og:locale\" content=\"es_MX\" \/>\n<meta property=\"og:type\" content=\"article\" \/>\n<meta property=\"og:title\" content=\"M\u00e9xico impulsar\u00e1 la ingenier\u00eda biom\u00e9dica para mejorar la atenci\u00f3n a personas con discapacidad | Nexo Informativo Santiago de Quer\u00e9taro\" \/>\n<meta property=\"og:description\" content=\"M\u00e9xico impulsar\u00e1 la ingenier\u00eda biom\u00e9dica para mejorar la atenci\u00f3n a personas con discapacidad\" \/>\n<meta property=\"og:url\" content=\"https:\/\/www.nexoinformativo.mx\/index.php\/2024\/11\/22\/mexico-impulsara-la-ingenieria-biomedica-para-mejorar-la-atencion-a-personas-con-discapacidad\/\" \/>\n<meta property=\"og:site_name\" content=\"Nexo Informativo Santiago de Quer\u00e9taro\" \/>\n<meta property=\"article:publisher\" content=\"https:\/\/www.facebook.com\/people\/Nexo-Informativo\/61564066885511\/\" \/>\n<meta property=\"article:published_time\" content=\"2024-11-22T12:45:07+00:00\" \/>\n<meta property=\"article:modified_time\" content=\"2024-11-22T14:00:59+00:00\" \/>\n<meta property=\"og:image\" content=\"https:\/\/www.nexoinformativo.mx\/wp-content\/uploads\/2024\/11\/IMG_8050-e1732283864225.jpg\" \/>\n\t<meta property=\"og:image:width\" content=\"700\" \/>\n\t<meta property=\"og:image:height\" content=\"468\" \/>\n\t<meta property=\"og:image:type\" content=\"image\/jpeg\" \/>\n<meta name=\"author\" content=\"Nexo Informativo\" \/>\n<meta name=\"twitter:card\" content=\"summary_large_image\" \/>\n<meta name=\"twitter:label1\" content=\"Escrito por\" \/>\n\t<meta name=\"twitter:data1\" content=\"Nexo Informativo\" \/>\n\t<meta name=\"twitter:label2\" content=\"Tiempo de lectura\" \/>\n\t<meta name=\"twitter:data2\" content=\"2 minutos\" \/>\n<script type=\"application\/ld+json\" class=\"yoast-schema-graph\">{\"@context\":\"https:\/\/schema.org\",\"@graph\":[{\"@type\":\"Article\",\"@id\":\"https:\/\/www.nexoinformativo.mx\/index.php\/2024\/11\/22\/mexico-impulsara-la-ingenieria-biomedica-para-mejorar-la-atencion-a-personas-con-discapacidad\/#article\",\"isPartOf\":{\"@id\":\"https:\/\/www.nexoinformativo.mx\/index.php\/2024\/11\/22\/mexico-impulsara-la-ingenieria-biomedica-para-mejorar-la-atencion-a-personas-con-discapacidad\/\"},\"author\":{\"name\":\"Nexo Informativo\",\"@id\":\"https:\/\/www.nexoinformativo.mx\/#\/schema\/person\/7749d380ba08c8ca00d7bc76fd907b7d\"},\"headline\":\"M\u00e9xico impulsar\u00e1 la ingenier\u00eda biom\u00e9dica para mejorar la atenci\u00f3n a personas con discapacidad\",\"datePublished\":\"2024-11-22T12:45:07+00:00\",\"dateModified\":\"2024-11-22T14:00:59+00:00\",\"mainEntityOfPage\":{\"@id\":\"https:\/\/www.nexoinformativo.mx\/index.php\/2024\/11\/22\/mexico-impulsara-la-ingenieria-biomedica-para-mejorar-la-atencion-a-personas-con-discapacidad\/\"},\"wordCount\":314,\"commentCount\":0,\"publisher\":{\"@id\":\"https:\/\/www.nexoinformativo.mx\/#organization\"},\"image\":{\"@id\":\"https:\/\/www.nexoinformativo.mx\/index.php\/2024\/11\/22\/mexico-impulsara-la-ingenieria-biomedica-para-mejorar-la-atencion-a-personas-con-discapacidad\/#primaryimage\"},\"thumbnailUrl\":\"https:\/\/www.nexoinformativo.mx\/wp-content\/uploads\/2024\/11\/IMG_8050-e1732283864225.jpg\",\"keywords\":[\"Discapacidad\",\"Ingenier\u00edaBiom\u00e9dica\",\"M\u00e9xico\",\"salud\"],\"articleSection\":[\"Nacional\",\"\u00daltima Hora\"],\"inLanguage\":\"es\",\"potentialAction\":[{\"@type\":\"CommentAction\",\"name\":\"Comment\",\"target\":[\"https:\/\/www.nexoinformativo.mx\/index.php\/2024\/11\/22\/mexico-impulsara-la-ingenieria-biomedica-para-mejorar-la-atencion-a-personas-con-discapacidad\/#respond\"]}]},{\"@type\":\"WebPage\",\"@id\":\"https:\/\/www.nexoinformativo.mx\/index.php\/2024\/11\/22\/mexico-impulsara-la-ingenieria-biomedica-para-mejorar-la-atencion-a-personas-con-discapacidad\/\",\"url\":\"https:\/\/www.nexoinformativo.mx\/index.php\/2024\/11\/22\/mexico-impulsara-la-ingenieria-biomedica-para-mejorar-la-atencion-a-personas-con-discapacidad\/\",\"name\":\"M\u00e9xico impulsar\u00e1 la ingenier\u00eda biom\u00e9dica para mejorar la atenci\u00f3n a personas con discapacidad | Nexo Informativo Santiago de Quer\u00e9taro\",\"isPartOf\":{\"@id\":\"https:\/\/www.nexoinformativo.mx\/#website\"},\"primaryImageOfPage\":{\"@id\":\"https:\/\/www.nexoinformativo.mx\/index.php\/2024\/11\/22\/mexico-impulsara-la-ingenieria-biomedica-para-mejorar-la-atencion-a-personas-con-discapacidad\/#primaryimage\"},\"image\":{\"@id\":\"https:\/\/www.nexoinformativo.mx\/index.php\/2024\/11\/22\/mexico-impulsara-la-ingenieria-biomedica-para-mejorar-la-atencion-a-personas-con-discapacidad\/#primaryimage\"},\"thumbnailUrl\":\"https:\/\/www.nexoinformativo.mx\/wp-content\/uploads\/2024\/11\/IMG_8050-e1732283864225.jpg\",\"datePublished\":\"2024-11-22T12:45:07+00:00\",\"dateModified\":\"2024-11-22T14:00:59+00:00\",\"description\":\"M\u00e9xico impulsar\u00e1 la ingenier\u00eda biom\u00e9dica para mejorar la atenci\u00f3n a personas con discapacidad\",\"breadcrumb\":{\"@id\":\"https:\/\/www.nexoinformativo.mx\/index.php\/2024\/11\/22\/mexico-impulsara-la-ingenieria-biomedica-para-mejorar-la-atencion-a-personas-con-discapacidad\/#breadcrumb\"},\"inLanguage\":\"es\",\"potentialAction\":[{\"@type\":\"ReadAction\",\"target\":[\"https:\/\/www.nexoinformativo.mx\/index.php\/2024\/11\/22\/mexico-impulsara-la-ingenieria-biomedica-para-mejorar-la-atencion-a-personas-con-discapacidad\/\"]}]},{\"@type\":\"ImageObject\",\"inLanguage\":\"es\",\"@id\":\"https:\/\/www.nexoinformativo.mx\/index.php\/2024\/11\/22\/mexico-impulsara-la-ingenieria-biomedica-para-mejorar-la-atencion-a-personas-con-discapacidad\/#primaryimage\",\"url\":\"https:\/\/www.nexoinformativo.mx\/wp-content\/uploads\/2024\/11\/IMG_8050-e1732283864225.jpg\",\"contentUrl\":\"https:\/\/www.nexoinformativo.mx\/wp-content\/uploads\/2024\/11\/IMG_8050-e1732283864225.jpg\",\"width\":700,\"height\":468},{\"@type\":\"BreadcrumbList\",\"@id\":\"https:\/\/www.nexoinformativo.mx\/index.php\/2024\/11\/22\/mexico-impulsara-la-ingenieria-biomedica-para-mejorar-la-atencion-a-personas-con-discapacidad\/#breadcrumb\",\"itemListElement\":[{\"@type\":\"ListItem\",\"position\":1,\"name\":\"Inicio\",\"item\":\"https:\/\/www.nexoinformativo.mx\/\"},{\"@type\":\"ListItem\",\"position\":2,\"name\":\"M\u00e9xico impulsar\u00e1 la ingenier\u00eda biom\u00e9dica para mejorar la atenci\u00f3n a personas con discapacidad\"}]},{\"@type\":\"WebSite\",\"@id\":\"https:\/\/www.nexoinformativo.mx\/#website\",\"url\":\"https:\/\/www.nexoinformativo.mx\/\",\"name\":\"Nexo Informativo Santiago de Quer\u00e9taro\",\"description\":\"Explora NexoInformativo y convi\u00e9rtete en parte de una comunidad que valora el conocimiento y la verdad. Tu nexoinformativo es tu puente hacia una comprensi\u00f3n m\u00e1s profunda del mundo que te rodea.\",\"publisher\":{\"@id\":\"https:\/\/www.nexoinformativo.mx\/#organization\"},\"potentialAction\":[{\"@type\":\"SearchAction\",\"target\":{\"@type\":\"EntryPoint\",\"urlTemplate\":\"https:\/\/www.nexoinformativo.mx\/?s={search_term_string}\"},\"query-input\":{\"@type\":\"PropertyValueSpecification\",\"valueRequired\":true,\"valueName\":\"search_term_string\"}}],\"inLanguage\":\"es\"},{\"@type\":\"Organization\",\"@id\":\"https:\/\/www.nexoinformativo.mx\/#organization\",\"name\":\"Nexo Informativo Santiago de Quer\u00e9taro\",\"url\":\"https:\/\/www.nexoinformativo.mx\/\",\"logo\":{\"@type\":\"ImageObject\",\"inLanguage\":\"es\",\"@id\":\"https:\/\/www.nexoinformativo.mx\/#\/schema\/logo\/image\/\",\"url\":\"https:\/\/www.nexoinformativo.mx\/wp-content\/uploads\/2024\/07\/nexoi-trasparente-2.png\",\"contentUrl\":\"https:\/\/www.nexoinformativo.mx\/wp-content\/uploads\/2024\/07\/nexoi-trasparente-2.png\",\"width\":816,\"height\":339,\"caption\":\"Nexo Informativo Santiago de Quer\u00e9taro\"},\"image\":{\"@id\":\"https:\/\/www.nexoinformativo.mx\/#\/schema\/logo\/image\/\"},\"sameAs\":[\"https:\/\/www.facebook.com\/people\/Nexo-Informativo\/61564066885511\/\"]},{\"@type\":\"Person\",\"@id\":\"https:\/\/www.nexoinformativo.mx\/#\/schema\/person\/7749d380ba08c8ca00d7bc76fd907b7d\",\"name\":\"Nexo Informativo\",\"image\":{\"@type\":\"ImageObject\",\"inLanguage\":\"es\",\"@id\":\"https:\/\/www.nexoinformativo.mx\/#\/schema\/person\/image\/\",\"url\":\"https:\/\/secure.gravatar.com\/avatar\/dde2928154642a13d95f87ddf1ea9718fe2b46760a005c53e41ff5ad610704e6?s=96&d=mm&r=g\",\"contentUrl\":\"https:\/\/secure.gravatar.com\/avatar\/dde2928154642a13d95f87ddf1ea9718fe2b46760a005c53e41ff5ad610704e6?s=96&d=mm&r=g\",\"caption\":\"Nexo Informativo\"},\"url\":\"https:\/\/www.nexoinformativo.mx\/index.php\/author\/edicion\/\"}]}<\/script>\n<!-- \/ Yoast SEO plugin. -->","yoast_head_json":{"title":"M\u00e9xico impulsar\u00e1 la ingenier\u00eda biom\u00e9dica para mejorar la atenci\u00f3n a personas con discapacidad | Nexo Informativo Santiago de Quer\u00e9taro","description":"M\u00e9xico impulsar\u00e1 la ingenier\u00eda biom\u00e9dica para mejorar la atenci\u00f3n a personas con discapacidad","robots":{"index":"index","follow":"follow","max-snippet":"max-snippet:-1","max-image-preview":"max-image-preview:large","max-video-preview":"max-video-preview:-1"},"canonical":"https:\/\/www.nexoinformativo.mx\/index.php\/2024\/11\/22\/mexico-impulsara-la-ingenieria-biomedica-para-mejorar-la-atencion-a-personas-con-discapacidad\/","og_locale":"es_MX","og_type":"article","og_title":"M\u00e9xico impulsar\u00e1 la ingenier\u00eda biom\u00e9dica para mejorar la atenci\u00f3n a personas con discapacidad | Nexo Informativo Santiago de Quer\u00e9taro","og_description":"M\u00e9xico impulsar\u00e1 la ingenier\u00eda biom\u00e9dica para mejorar la atenci\u00f3n a personas con discapacidad","og_url":"https:\/\/www.nexoinformativo.mx\/index.php\/2024\/11\/22\/mexico-impulsara-la-ingenieria-biomedica-para-mejorar-la-atencion-a-personas-con-discapacidad\/","og_site_name":"Nexo Informativo Santiago de Quer\u00e9taro","article_publisher":"https:\/\/www.facebook.com\/people\/Nexo-Informativo\/61564066885511\/","article_published_time":"2024-11-22T12:45:07+00:00","article_modified_time":"2024-11-22T14:00:59+00:00","og_image":[{"width":700,"height":468,"url":"https:\/\/www.nexoinformativo.mx\/wp-content\/uploads\/2024\/11\/IMG_8050-e1732283864225.jpg","type":"image\/jpeg"}],"author":"Nexo Informativo","twitter_card":"summary_large_image","twitter_misc":{"Escrito por":"Nexo Informativo","Tiempo de lectura":"2 minutos"},"schema":{"@context":"https:\/\/schema.org","@graph":[{"@type":"Article","@id":"https:\/\/www.nexoinformativo.mx\/index.php\/2024\/11\/22\/mexico-impulsara-la-ingenieria-biomedica-para-mejorar-la-atencion-a-personas-con-discapacidad\/#article","isPartOf":{"@id":"https:\/\/www.nexoinformativo.mx\/index.php\/2024\/11\/22\/mexico-impulsara-la-ingenieria-biomedica-para-mejorar-la-atencion-a-personas-con-discapacidad\/"},"author":{"name":"Nexo Informativo","@id":"https:\/\/www.nexoinformativo.mx\/#\/schema\/person\/7749d380ba08c8ca00d7bc76fd907b7d"},"headline":"M\u00e9xico impulsar\u00e1 la ingenier\u00eda biom\u00e9dica para mejorar la atenci\u00f3n a personas con discapacidad","datePublished":"2024-11-22T12:45:07+00:00","dateModified":"2024-11-22T14:00:59+00:00","mainEntityOfPage":{"@id":"https:\/\/www.nexoinformativo.mx\/index.php\/2024\/11\/22\/mexico-impulsara-la-ingenieria-biomedica-para-mejorar-la-atencion-a-personas-con-discapacidad\/"},"wordCount":314,"commentCount":0,"publisher":{"@id":"https:\/\/www.nexoinformativo.mx\/#organization"},"image":{"@id":"https:\/\/www.nexoinformativo.mx\/index.php\/2024\/11\/22\/mexico-impulsara-la-ingenieria-biomedica-para-mejorar-la-atencion-a-personas-con-discapacidad\/#primaryimage"},"thumbnailUrl":"https:\/\/www.nexoinformativo.mx\/wp-content\/uploads\/2024\/11\/IMG_8050-e1732283864225.jpg","keywords":["Discapacidad","Ingenier\u00edaBiom\u00e9dica","M\u00e9xico","salud"],"articleSection":["Nacional","\u00daltima Hora"],"inLanguage":"es","potentialAction":[{"@type":"CommentAction","name":"Comment","target":["https:\/\/www.nexoinformativo.mx\/index.php\/2024\/11\/22\/mexico-impulsara-la-ingenieria-biomedica-para-mejorar-la-atencion-a-personas-con-discapacidad\/#respond"]}]},{"@type":"WebPage","@id":"https:\/\/www.nexoinformativo.mx\/index.php\/2024\/11\/22\/mexico-impulsara-la-ingenieria-biomedica-para-mejorar-la-atencion-a-personas-con-discapacidad\/","url":"https:\/\/www.nexoinformativo.mx\/index.php\/2024\/11\/22\/mexico-impulsara-la-ingenieria-biomedica-para-mejorar-la-atencion-a-personas-con-discapacidad\/","name":"M\u00e9xico impulsar\u00e1 la ingenier\u00eda biom\u00e9dica para mejorar la atenci\u00f3n a personas con discapacidad | Nexo Informativo Santiago de Quer\u00e9taro","isPartOf":{"@id":"https:\/\/www.nexoinformativo.mx\/#website"},"primaryImageOfPage":{"@id":"https:\/\/www.nexoinformativo.mx\/index.php\/2024\/11\/22\/mexico-impulsara-la-ingenieria-biomedica-para-mejorar-la-atencion-a-personas-con-discapacidad\/#primaryimage"},"image":{"@id":"https:\/\/www.nexoinformativo.mx\/index.php\/2024\/11\/22\/mexico-impulsara-la-ingenieria-biomedica-para-mejorar-la-atencion-a-personas-con-discapacidad\/#primaryimage"},"thumbnailUrl":"https:\/\/www.nexoinformativo.mx\/wp-content\/uploads\/2024\/11\/IMG_8050-e1732283864225.jpg","datePublished":"2024-11-22T12:45:07+00:00","dateModified":"2024-11-22T14:00:59+00:00","description":"M\u00e9xico impulsar\u00e1 la ingenier\u00eda biom\u00e9dica para mejorar la atenci\u00f3n a personas con discapacidad","breadcrumb":{"@id":"https:\/\/www.nexoinformativo.mx\/index.php\/2024\/11\/22\/mexico-impulsara-la-ingenieria-biomedica-para-mejorar-la-atencion-a-personas-con-discapacidad\/#breadcrumb"},"inLanguage":"es","potentialAction":[{"@type":"ReadAction","target":["https:\/\/www.nexoinformativo.mx\/index.php\/2024\/11\/22\/mexico-impulsara-la-ingenieria-biomedica-para-mejorar-la-atencion-a-personas-con-discapacidad\/"]}]},{"@type":"ImageObject","inLanguage":"es","@id":"https:\/\/www.nexoinformativo.mx\/index.php\/2024\/11\/22\/mexico-impulsara-la-ingenieria-biomedica-para-mejorar-la-atencion-a-personas-con-discapacidad\/#primaryimage","url":"https:\/\/www.nexoinformativo.mx\/wp-content\/uploads\/2024\/11\/IMG_8050-e1732283864225.jpg","contentUrl":"https:\/\/www.nexoinformativo.mx\/wp-content\/uploads\/2024\/11\/IMG_8050-e1732283864225.jpg","width":700,"height":468},{"@type":"BreadcrumbList","@id":"https:\/\/www.nexoinformativo.mx\/index.php\/2024\/11\/22\/mexico-impulsara-la-ingenieria-biomedica-para-mejorar-la-atencion-a-personas-con-discapacidad\/#breadcrumb","itemListElement":[{"@type":"ListItem","position":1,"name":"Inicio","item":"https:\/\/www.nexoinformativo.mx\/"},{"@type":"ListItem","position":2,"name":"M\u00e9xico impulsar\u00e1 la ingenier\u00eda biom\u00e9dica para mejorar la atenci\u00f3n a personas con discapacidad"}]},{"@type":"WebSite","@id":"https:\/\/www.nexoinformativo.mx\/#website","url":"https:\/\/www.nexoinformativo.mx\/","name":"Nexo Informativo Santiago de Quer\u00e9taro","description":"Explora NexoInformativo y convi\u00e9rtete en parte de una comunidad que valora el conocimiento y la verdad. Tu nexoinformativo es tu puente hacia una comprensi\u00f3n m\u00e1s profunda del mundo que te rodea.","publisher":{"@id":"https:\/\/www.nexoinformativo.mx\/#organization"},"potentialAction":[{"@type":"SearchAction","target":{"@type":"EntryPoint","urlTemplate":"https:\/\/www.nexoinformativo.mx\/?s={search_term_string}"},"query-input":{"@type":"PropertyValueSpecification","valueRequired":true,"valueName":"search_term_string"}}],"inLanguage":"es"},{"@type":"Organization","@id":"https:\/\/www.nexoinformativo.mx\/#organization","name":"Nexo Informativo Santiago de Quer\u00e9taro","url":"https:\/\/www.nexoinformativo.mx\/","logo":{"@type":"ImageObject","inLanguage":"es","@id":"https:\/\/www.nexoinformativo.mx\/#\/schema\/logo\/image\/","url":"https:\/\/www.nexoinformativo.mx\/wp-content\/uploads\/2024\/07\/nexoi-trasparente-2.png","contentUrl":"https:\/\/www.nexoinformativo.mx\/wp-content\/uploads\/2024\/07\/nexoi-trasparente-2.png","width":816,"height":339,"caption":"Nexo Informativo Santiago de Quer\u00e9taro"},"image":{"@id":"https:\/\/www.nexoinformativo.mx\/#\/schema\/logo\/image\/"},"sameAs":["https:\/\/www.facebook.com\/people\/Nexo-Informativo\/61564066885511\/"]},{"@type":"Person","@id":"https:\/\/www.nexoinformativo.mx\/#\/schema\/person\/7749d380ba08c8ca00d7bc76fd907b7d","name":"Nexo Informativo","image":{"@type":"ImageObject","inLanguage":"es","@id":"https:\/\/www.nexoinformativo.mx\/#\/schema\/person\/image\/","url":"https:\/\/secure.gravatar.com\/avatar\/dde2928154642a13d95f87ddf1ea9718fe2b46760a005c53e41ff5ad610704e6?s=96&d=mm&r=g","contentUrl":"https:\/\/secure.gravatar.com\/avatar\/dde2928154642a13d95f87ddf1ea9718fe2b46760a005c53e41ff5ad610704e6?s=96&d=mm&r=g","caption":"Nexo Informativo"},"url":"https:\/\/www.nexoinformativo.mx\/index.php\/author\/edicion\/"}]}},"_links":{"self":[{"href":"https:\/\/www.nexoinformativo.mx\/index.php\/wp-json\/wp\/v2\/posts\/6685","targetHints":{"allow":["GET"]}}],"collection":[{"href":"https:\/\/www.nexoinformativo.mx\/index.php\/wp-json\/wp\/v2\/posts"}],"about":[{"href":"https:\/\/www.nexoinformativo.mx\/index.php\/wp-json\/wp\/v2\/types\/post"}],"author":[{"embeddable":true,"href":"https:\/\/www.nexoinformativo.mx\/index.php\/wp-json\/wp\/v2\/users\/3"}],"replies":[{"embeddable":true,"href":"https:\/\/www.nexoinformativo.mx\/index.php\/wp-json\/wp\/v2\/comments?post=6685"}],"version-history":[{"count":6,"href":"https:\/\/www.nexoinformativo.mx\/index.php\/wp-json\/wp\/v2\/posts\/6685\/revisions"}],"predecessor-version":[{"id":6693,"href":"https:\/\/www.nexoinformativo.mx\/index.php\/wp-json\/wp\/v2\/posts\/6685\/revisions\/6693"}],"wp:featuredmedia":[{"embeddable":true,"href":"https:\/\/www.nexoinformativo.mx\/index.php\/wp-json\/wp\/v2\/media\/6686"}],"wp:attachment":[{"href":"https:\/\/www.nexoinformativo.mx\/index.php\/wp-json\/wp\/v2\/media?parent=6685"}],"wp:term":[{"taxonomy":"category","embeddable":true,"href":"https:\/\/www.nexoinformativo.mx\/index.php\/wp-json\/wp\/v2\/categories?post=6685"},{"taxonomy":"post_tag","embeddable":true,"href":"https:\/\/www.nexoinformativo.mx\/index.php\/wp-json\/wp\/v2\/tags?post=6685"}],"curies":[{"name":"wp","href":"https:\/\/api.w.org\/{rel}","templated":true}]}}