{"id":6700,"date":"2024-11-22T07:30:34","date_gmt":"2024-11-22T13:30:34","guid":{"rendered":"https:\/\/www.nexoinformativo.mx\/?p=6700"},"modified":"2024-11-22T08:21:22","modified_gmt":"2024-11-22T14:21:22","slug":"uteq-y-cidesi-unen-fuerzas-para-impulsar-la-innovacion-tecnologica-en-queretaro","status":"publish","type":"post","link":"https:\/\/www.nexoinformativo.mx\/index.php\/2024\/11\/22\/uteq-y-cidesi-unen-fuerzas-para-impulsar-la-innovacion-tecnologica-en-queretaro\/","title":{"rendered":"UTEQ y CIDESI unen fuerzas para impulsar la innovaci\u00f3n tecnol\u00f3gica en Quer\u00e9taro"},"content":{"rendered":"<p style=\"text-align: justify;\" data-sourcepos=\"9:1-9:482\"><strong>La Universidad Tecnol\u00f3gica de Quer\u00e9taro<\/strong> (UTEQ) y el <strong>Centro de Desarrollo e Investigaci\u00f3n<\/strong> (CIDESI) han unido fuerzas para impulsar la investigaci\u00f3n en \u00e1reas clave como microelectr\u00f3nica, semiconductores e inteligencia artificial.<\/p>\n<p>&nbsp;<\/p>\n<p style=\"text-align: justify;\" data-sourcepos=\"9:1-9:482\">A trav\u00e9s de un convenio de colaboraci\u00f3n firmado recientemente, estudiantes y docentes de la UTEQ tendr\u00e1n acceso a tecnolog\u00eda de vanguardia, equipamiento de \u00faltima generaci\u00f3n y el conocimiento de expertos del CIDESI para desarrollar proyectos innovadores.<\/p>\n<p>&nbsp;<\/p>\n<p style=\"text-align: justify;\" data-sourcepos=\"11:1-11:571\">El rector de la UTEQ, Jos\u00e9 Carlos Arredondo, destac\u00f3 la importancia de esta alianza para fortalecer la vinculaci\u00f3n entre la academia y la industria, y para brindar a los estudiantes las herramientas necesarias para enfrentar los retos del mundo laboral del siglo XXI.<\/p>\n<p>&nbsp;<\/p>\n<p style=\"text-align: justify;\" data-sourcepos=\"11:1-11:571\">Por su parte, Jes\u00fas Cruz Pineda, director general del CIDESI, resalt\u00f3 la experiencia de la UTEQ en temas relacionados con la Industria 4.0 y asegur\u00f3 que esta colaboraci\u00f3n permitir\u00e1 desarrollar proyectos de alto impacto que contribuyan al desarrollo tecnol\u00f3gico de Quer\u00e9taro.<\/p>\n<p>&nbsp;<\/p>\n<p style=\"text-align: justify;\" data-sourcepos=\"13:1-13:235\">Con este convenio, la UTEQ y el CIDESI buscan fomentar la investigaci\u00f3n y el desarrollo de nuevas tecnolog\u00edas, fortalecer la formaci\u00f3n de recursos humanos altamente capacitados y promover la innovaci\u00f3n en diversos sectores productivos.<\/p>\n<p>&nbsp;<\/p>\n<p style=\"text-align: center;\" data-sourcepos=\"13:1-13:235\"><em><strong>\u00a1Informaci\u00f3n que transforma!<\/strong><\/em><\/p>\n","protected":false},"excerpt":{"rendered":"<p>La Universidad Tecnol\u00f3gica de Quer\u00e9taro (UTEQ) y el Centro de Desarrollo e Investigaci\u00f3n (CIDESI) han unido fuerzas para impulsar la investigaci\u00f3n en \u00e1reas clave como microelectr\u00f3nica, semiconductores e inteligencia artificial.<\/p>\n","protected":false},"author":3,"featured_media":6701,"comment_status":"open","ping_status":"open","sticky":false,"template":"","format":"standard","meta":{"footnotes":""},"categories":[42,13,58],"tags":[2265,341,1164,2264],"class_list":["post-6700","post","type-post","status-publish","format-standard","has-post-thumbnail","hentry","category-estado","category-tecnologia","category-ultima-hora","tag-cidesi","tag-innovacion","tag-tecnologia","tag-uteq"],"yoast_head":"<!-- This site is optimized with the Yoast SEO plugin v25.0 - https:\/\/yoast.com\/wordpress\/plugins\/seo\/ -->\n<title>UTEQ y CIDESI unen fuerzas para impulsar la innovaci\u00f3n tecnol\u00f3gica en Quer\u00e9taro | Nexo Informativo Santiago de Quer\u00e9taro<\/title>\n<meta name=\"description\" content=\"UTEQ y CIDESI unen fuerzas para impulsar la innovaci\u00f3n tecnol\u00f3gica en Quer\u00e9taro\" \/>\n<meta name=\"robots\" content=\"index, follow, max-snippet:-1, max-image-preview:large, max-video-preview:-1\" \/>\n<link rel=\"canonical\" href=\"https:\/\/www.nexoinformativo.mx\/index.php\/2024\/11\/22\/uteq-y-cidesi-unen-fuerzas-para-impulsar-la-innovacion-tecnologica-en-queretaro\/\" \/>\n<meta property=\"og:locale\" content=\"es_MX\" \/>\n<meta property=\"og:type\" content=\"article\" \/>\n<meta property=\"og:title\" content=\"UTEQ y CIDESI unen fuerzas para impulsar la innovaci\u00f3n tecnol\u00f3gica en Quer\u00e9taro | Nexo Informativo Santiago de Quer\u00e9taro\" \/>\n<meta property=\"og:description\" content=\"UTEQ y CIDESI unen fuerzas para impulsar la innovaci\u00f3n tecnol\u00f3gica en Quer\u00e9taro\" \/>\n<meta property=\"og:url\" content=\"https:\/\/www.nexoinformativo.mx\/index.php\/2024\/11\/22\/uteq-y-cidesi-unen-fuerzas-para-impulsar-la-innovacion-tecnologica-en-queretaro\/\" \/>\n<meta property=\"og:site_name\" content=\"Nexo Informativo Santiago de Quer\u00e9taro\" \/>\n<meta property=\"article:publisher\" content=\"https:\/\/www.facebook.com\/people\/Nexo-Informativo\/61564066885511\/\" \/>\n<meta property=\"article:published_time\" content=\"2024-11-22T13:30:34+00:00\" \/>\n<meta property=\"article:modified_time\" content=\"2024-11-22T14:21:22+00:00\" \/>\n<meta property=\"og:image\" content=\"https:\/\/www.nexoinformativo.mx\/wp-content\/uploads\/2024\/11\/f1f9c99a-2912-41f8-8ba2-e6e15d366020-2-e1732285124138.jpg\" \/>\n\t<meta property=\"og:image:width\" content=\"700\" \/>\n\t<meta property=\"og:image:height\" content=\"936\" \/>\n\t<meta property=\"og:image:type\" content=\"image\/jpeg\" \/>\n<meta name=\"author\" content=\"Nexo Informativo\" \/>\n<meta name=\"twitter:card\" content=\"summary_large_image\" \/>\n<meta name=\"twitter:label1\" content=\"Escrito por\" \/>\n\t<meta name=\"twitter:data1\" content=\"Nexo Informativo\" \/>\n\t<meta name=\"twitter:label2\" content=\"Tiempo de lectura\" \/>\n\t<meta name=\"twitter:data2\" content=\"2 minutos\" \/>\n<script type=\"application\/ld+json\" class=\"yoast-schema-graph\">{\"@context\":\"https:\/\/schema.org\",\"@graph\":[{\"@type\":\"Article\",\"@id\":\"https:\/\/www.nexoinformativo.mx\/index.php\/2024\/11\/22\/uteq-y-cidesi-unen-fuerzas-para-impulsar-la-innovacion-tecnologica-en-queretaro\/#article\",\"isPartOf\":{\"@id\":\"https:\/\/www.nexoinformativo.mx\/index.php\/2024\/11\/22\/uteq-y-cidesi-unen-fuerzas-para-impulsar-la-innovacion-tecnologica-en-queretaro\/\"},\"author\":{\"name\":\"Nexo Informativo\",\"@id\":\"https:\/\/www.nexoinformativo.mx\/#\/schema\/person\/7749d380ba08c8ca00d7bc76fd907b7d\"},\"headline\":\"UTEQ y CIDESI unen fuerzas para impulsar la innovaci\u00f3n tecnol\u00f3gica en Quer\u00e9taro\",\"datePublished\":\"2024-11-22T13:30:34+00:00\",\"dateModified\":\"2024-11-22T14:21:22+00:00\",\"mainEntityOfPage\":{\"@id\":\"https:\/\/www.nexoinformativo.mx\/index.php\/2024\/11\/22\/uteq-y-cidesi-unen-fuerzas-para-impulsar-la-innovacion-tecnologica-en-queretaro\/\"},\"wordCount\":226,\"commentCount\":0,\"publisher\":{\"@id\":\"https:\/\/www.nexoinformativo.mx\/#organization\"},\"image\":{\"@id\":\"https:\/\/www.nexoinformativo.mx\/index.php\/2024\/11\/22\/uteq-y-cidesi-unen-fuerzas-para-impulsar-la-innovacion-tecnologica-en-queretaro\/#primaryimage\"},\"thumbnailUrl\":\"https:\/\/www.nexoinformativo.mx\/wp-content\/uploads\/2024\/11\/f1f9c99a-2912-41f8-8ba2-e6e15d366020-2-e1732285124138.jpg\",\"keywords\":[\"CIDESI\",\"Innovaci\u00f3n\",\"Tecnolog\u00eda\",\"UTEQ\"],\"articleSection\":[\"Estado\",\"Tecnolog\u00eda\",\"\u00daltima Hora\"],\"inLanguage\":\"es\",\"potentialAction\":[{\"@type\":\"CommentAction\",\"name\":\"Comment\",\"target\":[\"https:\/\/www.nexoinformativo.mx\/index.php\/2024\/11\/22\/uteq-y-cidesi-unen-fuerzas-para-impulsar-la-innovacion-tecnologica-en-queretaro\/#respond\"]}]},{\"@type\":\"WebPage\",\"@id\":\"https:\/\/www.nexoinformativo.mx\/index.php\/2024\/11\/22\/uteq-y-cidesi-unen-fuerzas-para-impulsar-la-innovacion-tecnologica-en-queretaro\/\",\"url\":\"https:\/\/www.nexoinformativo.mx\/index.php\/2024\/11\/22\/uteq-y-cidesi-unen-fuerzas-para-impulsar-la-innovacion-tecnologica-en-queretaro\/\",\"name\":\"UTEQ y CIDESI unen fuerzas para impulsar la innovaci\u00f3n tecnol\u00f3gica en Quer\u00e9taro | Nexo Informativo Santiago de Quer\u00e9taro\",\"isPartOf\":{\"@id\":\"https:\/\/www.nexoinformativo.mx\/#website\"},\"primaryImageOfPage\":{\"@id\":\"https:\/\/www.nexoinformativo.mx\/index.php\/2024\/11\/22\/uteq-y-cidesi-unen-fuerzas-para-impulsar-la-innovacion-tecnologica-en-queretaro\/#primaryimage\"},\"image\":{\"@id\":\"https:\/\/www.nexoinformativo.mx\/index.php\/2024\/11\/22\/uteq-y-cidesi-unen-fuerzas-para-impulsar-la-innovacion-tecnologica-en-queretaro\/#primaryimage\"},\"thumbnailUrl\":\"https:\/\/www.nexoinformativo.mx\/wp-content\/uploads\/2024\/11\/f1f9c99a-2912-41f8-8ba2-e6e15d366020-2-e1732285124138.jpg\",\"datePublished\":\"2024-11-22T13:30:34+00:00\",\"dateModified\":\"2024-11-22T14:21:22+00:00\",\"description\":\"UTEQ y CIDESI unen fuerzas para impulsar la innovaci\u00f3n tecnol\u00f3gica en Quer\u00e9taro\",\"breadcrumb\":{\"@id\":\"https:\/\/www.nexoinformativo.mx\/index.php\/2024\/11\/22\/uteq-y-cidesi-unen-fuerzas-para-impulsar-la-innovacion-tecnologica-en-queretaro\/#breadcrumb\"},\"inLanguage\":\"es\",\"potentialAction\":[{\"@type\":\"ReadAction\",\"target\":[\"https:\/\/www.nexoinformativo.mx\/index.php\/2024\/11\/22\/uteq-y-cidesi-unen-fuerzas-para-impulsar-la-innovacion-tecnologica-en-queretaro\/\"]}]},{\"@type\":\"ImageObject\",\"inLanguage\":\"es\",\"@id\":\"https:\/\/www.nexoinformativo.mx\/index.php\/2024\/11\/22\/uteq-y-cidesi-unen-fuerzas-para-impulsar-la-innovacion-tecnologica-en-queretaro\/#primaryimage\",\"url\":\"https:\/\/www.nexoinformativo.mx\/wp-content\/uploads\/2024\/11\/f1f9c99a-2912-41f8-8ba2-e6e15d366020-2-e1732285124138.jpg\",\"contentUrl\":\"https:\/\/www.nexoinformativo.mx\/wp-content\/uploads\/2024\/11\/f1f9c99a-2912-41f8-8ba2-e6e15d366020-2-e1732285124138.jpg\",\"width\":700,\"height\":936},{\"@type\":\"BreadcrumbList\",\"@id\":\"https:\/\/www.nexoinformativo.mx\/index.php\/2024\/11\/22\/uteq-y-cidesi-unen-fuerzas-para-impulsar-la-innovacion-tecnologica-en-queretaro\/#breadcrumb\",\"itemListElement\":[{\"@type\":\"ListItem\",\"position\":1,\"name\":\"Inicio\",\"item\":\"https:\/\/www.nexoinformativo.mx\/\"},{\"@type\":\"ListItem\",\"position\":2,\"name\":\"UTEQ y CIDESI unen fuerzas para impulsar la innovaci\u00f3n tecnol\u00f3gica en Quer\u00e9taro\"}]},{\"@type\":\"WebSite\",\"@id\":\"https:\/\/www.nexoinformativo.mx\/#website\",\"url\":\"https:\/\/www.nexoinformativo.mx\/\",\"name\":\"Nexo Informativo Santiago de Quer\u00e9taro\",\"description\":\"Explora NexoInformativo y convi\u00e9rtete en parte de una comunidad que valora el conocimiento y la verdad. Tu nexoinformativo es tu puente hacia una comprensi\u00f3n m\u00e1s profunda del mundo que te rodea.\",\"publisher\":{\"@id\":\"https:\/\/www.nexoinformativo.mx\/#organization\"},\"potentialAction\":[{\"@type\":\"SearchAction\",\"target\":{\"@type\":\"EntryPoint\",\"urlTemplate\":\"https:\/\/www.nexoinformativo.mx\/?s={search_term_string}\"},\"query-input\":{\"@type\":\"PropertyValueSpecification\",\"valueRequired\":true,\"valueName\":\"search_term_string\"}}],\"inLanguage\":\"es\"},{\"@type\":\"Organization\",\"@id\":\"https:\/\/www.nexoinformativo.mx\/#organization\",\"name\":\"Nexo Informativo Santiago de Quer\u00e9taro\",\"url\":\"https:\/\/www.nexoinformativo.mx\/\",\"logo\":{\"@type\":\"ImageObject\",\"inLanguage\":\"es\",\"@id\":\"https:\/\/www.nexoinformativo.mx\/#\/schema\/logo\/image\/\",\"url\":\"https:\/\/www.nexoinformativo.mx\/wp-content\/uploads\/2024\/07\/nexoi-trasparente-2.png\",\"contentUrl\":\"https:\/\/www.nexoinformativo.mx\/wp-content\/uploads\/2024\/07\/nexoi-trasparente-2.png\",\"width\":816,\"height\":339,\"caption\":\"Nexo Informativo Santiago de Quer\u00e9taro\"},\"image\":{\"@id\":\"https:\/\/www.nexoinformativo.mx\/#\/schema\/logo\/image\/\"},\"sameAs\":[\"https:\/\/www.facebook.com\/people\/Nexo-Informativo\/61564066885511\/\"]},{\"@type\":\"Person\",\"@id\":\"https:\/\/www.nexoinformativo.mx\/#\/schema\/person\/7749d380ba08c8ca00d7bc76fd907b7d\",\"name\":\"Nexo Informativo\",\"image\":{\"@type\":\"ImageObject\",\"inLanguage\":\"es\",\"@id\":\"https:\/\/www.nexoinformativo.mx\/#\/schema\/person\/image\/\",\"url\":\"https:\/\/secure.gravatar.com\/avatar\/dde2928154642a13d95f87ddf1ea9718fe2b46760a005c53e41ff5ad610704e6?s=96&d=mm&r=g\",\"contentUrl\":\"https:\/\/secure.gravatar.com\/avatar\/dde2928154642a13d95f87ddf1ea9718fe2b46760a005c53e41ff5ad610704e6?s=96&d=mm&r=g\",\"caption\":\"Nexo Informativo\"},\"url\":\"https:\/\/www.nexoinformativo.mx\/index.php\/author\/edicion\/\"}]}<\/script>\n<!-- \/ Yoast SEO plugin. -->","yoast_head_json":{"title":"UTEQ y CIDESI unen fuerzas para impulsar la innovaci\u00f3n tecnol\u00f3gica en Quer\u00e9taro | Nexo Informativo Santiago de Quer\u00e9taro","description":"UTEQ y CIDESI unen fuerzas para impulsar la innovaci\u00f3n tecnol\u00f3gica en Quer\u00e9taro","robots":{"index":"index","follow":"follow","max-snippet":"max-snippet:-1","max-image-preview":"max-image-preview:large","max-video-preview":"max-video-preview:-1"},"canonical":"https:\/\/www.nexoinformativo.mx\/index.php\/2024\/11\/22\/uteq-y-cidesi-unen-fuerzas-para-impulsar-la-innovacion-tecnologica-en-queretaro\/","og_locale":"es_MX","og_type":"article","og_title":"UTEQ y CIDESI unen fuerzas para impulsar la innovaci\u00f3n tecnol\u00f3gica en Quer\u00e9taro | Nexo Informativo Santiago de Quer\u00e9taro","og_description":"UTEQ y CIDESI unen fuerzas para impulsar la innovaci\u00f3n tecnol\u00f3gica en Quer\u00e9taro","og_url":"https:\/\/www.nexoinformativo.mx\/index.php\/2024\/11\/22\/uteq-y-cidesi-unen-fuerzas-para-impulsar-la-innovacion-tecnologica-en-queretaro\/","og_site_name":"Nexo Informativo Santiago de Quer\u00e9taro","article_publisher":"https:\/\/www.facebook.com\/people\/Nexo-Informativo\/61564066885511\/","article_published_time":"2024-11-22T13:30:34+00:00","article_modified_time":"2024-11-22T14:21:22+00:00","og_image":[{"width":700,"height":936,"url":"https:\/\/www.nexoinformativo.mx\/wp-content\/uploads\/2024\/11\/f1f9c99a-2912-41f8-8ba2-e6e15d366020-2-e1732285124138.jpg","type":"image\/jpeg"}],"author":"Nexo Informativo","twitter_card":"summary_large_image","twitter_misc":{"Escrito por":"Nexo Informativo","Tiempo de lectura":"2 minutos"},"schema":{"@context":"https:\/\/schema.org","@graph":[{"@type":"Article","@id":"https:\/\/www.nexoinformativo.mx\/index.php\/2024\/11\/22\/uteq-y-cidesi-unen-fuerzas-para-impulsar-la-innovacion-tecnologica-en-queretaro\/#article","isPartOf":{"@id":"https:\/\/www.nexoinformativo.mx\/index.php\/2024\/11\/22\/uteq-y-cidesi-unen-fuerzas-para-impulsar-la-innovacion-tecnologica-en-queretaro\/"},"author":{"name":"Nexo Informativo","@id":"https:\/\/www.nexoinformativo.mx\/#\/schema\/person\/7749d380ba08c8ca00d7bc76fd907b7d"},"headline":"UTEQ y CIDESI unen fuerzas para impulsar la innovaci\u00f3n tecnol\u00f3gica en Quer\u00e9taro","datePublished":"2024-11-22T13:30:34+00:00","dateModified":"2024-11-22T14:21:22+00:00","mainEntityOfPage":{"@id":"https:\/\/www.nexoinformativo.mx\/index.php\/2024\/11\/22\/uteq-y-cidesi-unen-fuerzas-para-impulsar-la-innovacion-tecnologica-en-queretaro\/"},"wordCount":226,"commentCount":0,"publisher":{"@id":"https:\/\/www.nexoinformativo.mx\/#organization"},"image":{"@id":"https:\/\/www.nexoinformativo.mx\/index.php\/2024\/11\/22\/uteq-y-cidesi-unen-fuerzas-para-impulsar-la-innovacion-tecnologica-en-queretaro\/#primaryimage"},"thumbnailUrl":"https:\/\/www.nexoinformativo.mx\/wp-content\/uploads\/2024\/11\/f1f9c99a-2912-41f8-8ba2-e6e15d366020-2-e1732285124138.jpg","keywords":["CIDESI","Innovaci\u00f3n","Tecnolog\u00eda","UTEQ"],"articleSection":["Estado","Tecnolog\u00eda","\u00daltima Hora"],"inLanguage":"es","potentialAction":[{"@type":"CommentAction","name":"Comment","target":["https:\/\/www.nexoinformativo.mx\/index.php\/2024\/11\/22\/uteq-y-cidesi-unen-fuerzas-para-impulsar-la-innovacion-tecnologica-en-queretaro\/#respond"]}]},{"@type":"WebPage","@id":"https:\/\/www.nexoinformativo.mx\/index.php\/2024\/11\/22\/uteq-y-cidesi-unen-fuerzas-para-impulsar-la-innovacion-tecnologica-en-queretaro\/","url":"https:\/\/www.nexoinformativo.mx\/index.php\/2024\/11\/22\/uteq-y-cidesi-unen-fuerzas-para-impulsar-la-innovacion-tecnologica-en-queretaro\/","name":"UTEQ y CIDESI unen fuerzas para impulsar la innovaci\u00f3n tecnol\u00f3gica en Quer\u00e9taro | Nexo Informativo Santiago de Quer\u00e9taro","isPartOf":{"@id":"https:\/\/www.nexoinformativo.mx\/#website"},"primaryImageOfPage":{"@id":"https:\/\/www.nexoinformativo.mx\/index.php\/2024\/11\/22\/uteq-y-cidesi-unen-fuerzas-para-impulsar-la-innovacion-tecnologica-en-queretaro\/#primaryimage"},"image":{"@id":"https:\/\/www.nexoinformativo.mx\/index.php\/2024\/11\/22\/uteq-y-cidesi-unen-fuerzas-para-impulsar-la-innovacion-tecnologica-en-queretaro\/#primaryimage"},"thumbnailUrl":"https:\/\/www.nexoinformativo.mx\/wp-content\/uploads\/2024\/11\/f1f9c99a-2912-41f8-8ba2-e6e15d366020-2-e1732285124138.jpg","datePublished":"2024-11-22T13:30:34+00:00","dateModified":"2024-11-22T14:21:22+00:00","description":"UTEQ y CIDESI unen fuerzas para impulsar la innovaci\u00f3n tecnol\u00f3gica en Quer\u00e9taro","breadcrumb":{"@id":"https:\/\/www.nexoinformativo.mx\/index.php\/2024\/11\/22\/uteq-y-cidesi-unen-fuerzas-para-impulsar-la-innovacion-tecnologica-en-queretaro\/#breadcrumb"},"inLanguage":"es","potentialAction":[{"@type":"ReadAction","target":["https:\/\/www.nexoinformativo.mx\/index.php\/2024\/11\/22\/uteq-y-cidesi-unen-fuerzas-para-impulsar-la-innovacion-tecnologica-en-queretaro\/"]}]},{"@type":"ImageObject","inLanguage":"es","@id":"https:\/\/www.nexoinformativo.mx\/index.php\/2024\/11\/22\/uteq-y-cidesi-unen-fuerzas-para-impulsar-la-innovacion-tecnologica-en-queretaro\/#primaryimage","url":"https:\/\/www.nexoinformativo.mx\/wp-content\/uploads\/2024\/11\/f1f9c99a-2912-41f8-8ba2-e6e15d366020-2-e1732285124138.jpg","contentUrl":"https:\/\/www.nexoinformativo.mx\/wp-content\/uploads\/2024\/11\/f1f9c99a-2912-41f8-8ba2-e6e15d366020-2-e1732285124138.jpg","width":700,"height":936},{"@type":"BreadcrumbList","@id":"https:\/\/www.nexoinformativo.mx\/index.php\/2024\/11\/22\/uteq-y-cidesi-unen-fuerzas-para-impulsar-la-innovacion-tecnologica-en-queretaro\/#breadcrumb","itemListElement":[{"@type":"ListItem","position":1,"name":"Inicio","item":"https:\/\/www.nexoinformativo.mx\/"},{"@type":"ListItem","position":2,"name":"UTEQ y CIDESI unen fuerzas para impulsar la innovaci\u00f3n tecnol\u00f3gica en Quer\u00e9taro"}]},{"@type":"WebSite","@id":"https:\/\/www.nexoinformativo.mx\/#website","url":"https:\/\/www.nexoinformativo.mx\/","name":"Nexo Informativo Santiago de Quer\u00e9taro","description":"Explora NexoInformativo y convi\u00e9rtete en parte de una comunidad que valora el conocimiento y la verdad. Tu nexoinformativo es tu puente hacia una comprensi\u00f3n m\u00e1s profunda del mundo que te rodea.","publisher":{"@id":"https:\/\/www.nexoinformativo.mx\/#organization"},"potentialAction":[{"@type":"SearchAction","target":{"@type":"EntryPoint","urlTemplate":"https:\/\/www.nexoinformativo.mx\/?s={search_term_string}"},"query-input":{"@type":"PropertyValueSpecification","valueRequired":true,"valueName":"search_term_string"}}],"inLanguage":"es"},{"@type":"Organization","@id":"https:\/\/www.nexoinformativo.mx\/#organization","name":"Nexo Informativo Santiago de Quer\u00e9taro","url":"https:\/\/www.nexoinformativo.mx\/","logo":{"@type":"ImageObject","inLanguage":"es","@id":"https:\/\/www.nexoinformativo.mx\/#\/schema\/logo\/image\/","url":"https:\/\/www.nexoinformativo.mx\/wp-content\/uploads\/2024\/07\/nexoi-trasparente-2.png","contentUrl":"https:\/\/www.nexoinformativo.mx\/wp-content\/uploads\/2024\/07\/nexoi-trasparente-2.png","width":816,"height":339,"caption":"Nexo Informativo Santiago de Quer\u00e9taro"},"image":{"@id":"https:\/\/www.nexoinformativo.mx\/#\/schema\/logo\/image\/"},"sameAs":["https:\/\/www.facebook.com\/people\/Nexo-Informativo\/61564066885511\/"]},{"@type":"Person","@id":"https:\/\/www.nexoinformativo.mx\/#\/schema\/person\/7749d380ba08c8ca00d7bc76fd907b7d","name":"Nexo Informativo","image":{"@type":"ImageObject","inLanguage":"es","@id":"https:\/\/www.nexoinformativo.mx\/#\/schema\/person\/image\/","url":"https:\/\/secure.gravatar.com\/avatar\/dde2928154642a13d95f87ddf1ea9718fe2b46760a005c53e41ff5ad610704e6?s=96&d=mm&r=g","contentUrl":"https:\/\/secure.gravatar.com\/avatar\/dde2928154642a13d95f87ddf1ea9718fe2b46760a005c53e41ff5ad610704e6?s=96&d=mm&r=g","caption":"Nexo Informativo"},"url":"https:\/\/www.nexoinformativo.mx\/index.php\/author\/edicion\/"}]}},"_links":{"self":[{"href":"https:\/\/www.nexoinformativo.mx\/index.php\/wp-json\/wp\/v2\/posts\/6700","targetHints":{"allow":["GET"]}}],"collection":[{"href":"https:\/\/www.nexoinformativo.mx\/index.php\/wp-json\/wp\/v2\/posts"}],"about":[{"href":"https:\/\/www.nexoinformativo.mx\/index.php\/wp-json\/wp\/v2\/types\/post"}],"author":[{"embeddable":true,"href":"https:\/\/www.nexoinformativo.mx\/index.php\/wp-json\/wp\/v2\/users\/3"}],"replies":[{"embeddable":true,"href":"https:\/\/www.nexoinformativo.mx\/index.php\/wp-json\/wp\/v2\/comments?post=6700"}],"version-history":[{"count":5,"href":"https:\/\/www.nexoinformativo.mx\/index.php\/wp-json\/wp\/v2\/posts\/6700\/revisions"}],"predecessor-version":[{"id":6706,"href":"https:\/\/www.nexoinformativo.mx\/index.php\/wp-json\/wp\/v2\/posts\/6700\/revisions\/6706"}],"wp:featuredmedia":[{"embeddable":true,"href":"https:\/\/www.nexoinformativo.mx\/index.php\/wp-json\/wp\/v2\/media\/6701"}],"wp:attachment":[{"href":"https:\/\/www.nexoinformativo.mx\/index.php\/wp-json\/wp\/v2\/media?parent=6700"}],"wp:term":[{"taxonomy":"category","embeddable":true,"href":"https:\/\/www.nexoinformativo.mx\/index.php\/wp-json\/wp\/v2\/categories?post=6700"},{"taxonomy":"post_tag","embeddable":true,"href":"https:\/\/www.nexoinformativo.mx\/index.php\/wp-json\/wp\/v2\/tags?post=6700"}],"curies":[{"name":"wp","href":"https:\/\/api.w.org\/{rel}","templated":true}]}}