{"id":6714,"date":"2024-11-22T08:30:41","date_gmt":"2024-11-22T14:30:41","guid":{"rendered":"https:\/\/www.nexoinformativo.mx\/?p=6714"},"modified":"2024-11-22T08:36:53","modified_gmt":"2024-11-22T14:36:53","slug":"caos-en-la-mexico-queretaro-reabierta-pero-con-carga-vehicular-mas-de-20-horas-cerrada","status":"publish","type":"post","link":"https:\/\/www.nexoinformativo.mx\/index.php\/2024\/11\/22\/caos-en-la-mexico-queretaro-reabierta-pero-con-carga-vehicular-mas-de-20-horas-cerrada\/","title":{"rendered":"Caos en la M\u00e9xico-Quer\u00e9taro: Reabierta pero con carga vehicular, m\u00e1s de 20 horas cerrada"},"content":{"rendered":"<p style=\"text-align: justify;\" data-sourcepos=\"9:1-9:226\">La autopista M\u00e9xico-Quer\u00e9taro ha experimentado una jornada ca\u00f3tica debido a una serie de accidentes que han provocado el cierre de varios tramos y largas filas de veh\u00edculos, principalmente en direcci\u00f3n a Quer\u00e9taro.<\/p>\n<p>&nbsp;<\/p>\n<p style=\"text-align: justify;\" data-sourcepos=\"11:1-11:276\">El primer incidente se registr\u00f3 en la madrugada, alrededor de las 2:00 a.m., en el kil\u00f3metro 96, donde chocaron dos tr\u00e1ilers. A esta situaci\u00f3n se sumaron otros percances en los kil\u00f3metros 75 y 159, lo que gener\u00f3 una congesti\u00f3n vehicular que se extendi\u00f3 por varios kil\u00f3metros.<\/p>\n<p>&nbsp;<\/p>\n<p style=\"text-align: justify;\" data-sourcepos=\"13:1-13:273\">Las autoridades, incluyendo la Guardia Nacional, CAPUFE y Protecci\u00f3n Civil, trabajaron arduamente para atender los accidentes y liberar los carriles afectados. Sin embargo, las labores de limpieza y remoci\u00f3n de veh\u00edculos provocaron retrasos considerables en la circulaci\u00f3n.<\/p>\n<p>&nbsp;<\/p>\n<p style=\"text-align: justify;\" data-sourcepos=\"15:1-15:277\">Ante esta situaci\u00f3n, se recomienda a los automovilistas que planeen sus viajes con anticipaci\u00f3n, consideren rutas alternas y extremen precauciones al conducir en la zona. CAPUFE ha informado que no se tiene un estimado de cu\u00e1ndo se restablecer\u00e1 la circulaci\u00f3n de manera normal.<\/p>\n<p>&nbsp;<\/p>\n<p style=\"text-align: justify;\" data-sourcepos=\"17:1-17:192\">Este incidente pone de manifiesto la importancia de contar con infraestructura vial adecuada y de implementar medidas preventivas para evitar accidentes y reducir sus impactos en la movilidad.<\/p>\n<p>&nbsp;<\/p>\n<p style=\"text-align: justify;\">\u00daltimas actualizaciones de CAPUFE en redes sociales: AutM\u00e9xicoQuer\u00e9taro, km 33, direcci\u00f3n CDMX.\u00a0Carga vehicular por incidente fuera de la jurisdicci\u00f3n a cargo de CAPUFE. En la zona se registran 7 km de fila aproximadamente. Toma tus precauciones. Para m\u00e1s informaci\u00f3n llama al 088\u00a0de @GN_Carreteras.<\/p>\n<p>&nbsp;<\/p>\n<p style=\"text-align: center;\"><em><strong>\u00a1Informaci\u00f3n que transforma!<\/strong><\/em><\/p>\n<p data-sourcepos=\"17:1-17:192\">\n","protected":false},"excerpt":{"rendered":"<p>La autopista M\u00e9xico-Quer\u00e9taro ha experimentado una jornada ca\u00f3tica debido a una serie de accidentes que han provocado el cierre de varios tramos y largas filas de veh\u00edculos, principalmente en direcci\u00f3n a Quer\u00e9taro.<\/p>\n","protected":false},"author":3,"featured_media":6715,"comment_status":"open","ping_status":"open","sticky":false,"template":"","format":"standard","meta":{"footnotes":""},"categories":[42,58],"tags":[475,2269,2270,2268],"class_list":["post-6714","post","type-post","status-publish","format-standard","has-post-thumbnail","hentry","category-estado","category-ultima-hora","tag-accidentevial","tag-caosvial","tag-cierrecarretera","tag-mexicoqueretaro"],"yoast_head":"<!-- This site is optimized with the Yoast SEO plugin v25.0 - https:\/\/yoast.com\/wordpress\/plugins\/seo\/ -->\n<title>Caos en la M\u00e9xico-Quer\u00e9taro: Reabierta pero con carga vehicular, m\u00e1s de 20 horas cerrada | Nexo Informativo Santiago de Quer\u00e9taro<\/title>\n<meta name=\"description\" content=\"Caos en la M\u00e9xico-Quer\u00e9taro: Reabierta pero con carga Vehicular sum\u00f3 m\u00e1s de 20 horas cerrada\" \/>\n<meta name=\"robots\" content=\"index, follow, max-snippet:-1, max-image-preview:large, max-video-preview:-1\" \/>\n<link rel=\"canonical\" href=\"https:\/\/www.nexoinformativo.mx\/index.php\/2024\/11\/22\/caos-en-la-mexico-queretaro-reabierta-pero-con-carga-vehicular-mas-de-20-horas-cerrada\/\" \/>\n<meta property=\"og:locale\" content=\"es_MX\" \/>\n<meta property=\"og:type\" content=\"article\" \/>\n<meta property=\"og:title\" content=\"Caos en la M\u00e9xico-Quer\u00e9taro: Reabierta pero con carga vehicular, m\u00e1s de 20 horas cerrada | Nexo Informativo Santiago de Quer\u00e9taro\" \/>\n<meta property=\"og:description\" content=\"Caos en la M\u00e9xico-Quer\u00e9taro: Reabierta pero con carga Vehicular sum\u00f3 m\u00e1s de 20 horas cerrada\" \/>\n<meta property=\"og:url\" content=\"https:\/\/www.nexoinformativo.mx\/index.php\/2024\/11\/22\/caos-en-la-mexico-queretaro-reabierta-pero-con-carga-vehicular-mas-de-20-horas-cerrada\/\" \/>\n<meta property=\"og:site_name\" content=\"Nexo Informativo Santiago de Quer\u00e9taro\" \/>\n<meta property=\"article:publisher\" content=\"https:\/\/www.facebook.com\/people\/Nexo-Informativo\/61564066885511\/\" \/>\n<meta property=\"article:published_time\" content=\"2024-11-22T14:30:41+00:00\" \/>\n<meta property=\"article:modified_time\" content=\"2024-11-22T14:36:53+00:00\" \/>\n<meta property=\"og:image\" content=\"https:\/\/www.nexoinformativo.mx\/wp-content\/uploads\/2024\/11\/IMG_3734-e1732286093228.jpg\" \/>\n\t<meta property=\"og:image:width\" content=\"700\" \/>\n\t<meta property=\"og:image:height\" content=\"700\" \/>\n\t<meta property=\"og:image:type\" content=\"image\/jpeg\" \/>\n<meta name=\"author\" content=\"Nexo Informativo\" \/>\n<meta name=\"twitter:card\" content=\"summary_large_image\" \/>\n<meta name=\"twitter:label1\" content=\"Escrito por\" \/>\n\t<meta name=\"twitter:data1\" content=\"Nexo Informativo\" \/>\n\t<meta name=\"twitter:label2\" content=\"Tiempo de lectura\" \/>\n\t<meta name=\"twitter:data2\" content=\"2 minutos\" \/>\n<script type=\"application\/ld+json\" class=\"yoast-schema-graph\">{\"@context\":\"https:\/\/schema.org\",\"@graph\":[{\"@type\":\"Article\",\"@id\":\"https:\/\/www.nexoinformativo.mx\/index.php\/2024\/11\/22\/caos-en-la-mexico-queretaro-reabierta-pero-con-carga-vehicular-mas-de-20-horas-cerrada\/#article\",\"isPartOf\":{\"@id\":\"https:\/\/www.nexoinformativo.mx\/index.php\/2024\/11\/22\/caos-en-la-mexico-queretaro-reabierta-pero-con-carga-vehicular-mas-de-20-horas-cerrada\/\"},\"author\":{\"name\":\"Nexo Informativo\",\"@id\":\"https:\/\/www.nexoinformativo.mx\/#\/schema\/person\/7749d380ba08c8ca00d7bc76fd907b7d\"},\"headline\":\"Caos en la M\u00e9xico-Quer\u00e9taro: Reabierta pero con carga vehicular, m\u00e1s de 20 horas cerrada\",\"datePublished\":\"2024-11-22T14:30:41+00:00\",\"dateModified\":\"2024-11-22T14:36:53+00:00\",\"mainEntityOfPage\":{\"@id\":\"https:\/\/www.nexoinformativo.mx\/index.php\/2024\/11\/22\/caos-en-la-mexico-queretaro-reabierta-pero-con-carga-vehicular-mas-de-20-horas-cerrada\/\"},\"wordCount\":278,\"commentCount\":0,\"publisher\":{\"@id\":\"https:\/\/www.nexoinformativo.mx\/#organization\"},\"image\":{\"@id\":\"https:\/\/www.nexoinformativo.mx\/index.php\/2024\/11\/22\/caos-en-la-mexico-queretaro-reabierta-pero-con-carga-vehicular-mas-de-20-horas-cerrada\/#primaryimage\"},\"thumbnailUrl\":\"https:\/\/www.nexoinformativo.mx\/wp-content\/uploads\/2024\/11\/IMG_3734-e1732286093228.jpg\",\"keywords\":[\"AccidenteVial\",\"CaosVial\",\"CierreCarretera\",\"M\u00e9xicoQuer\u00e9taro\"],\"articleSection\":[\"Estado\",\"\u00daltima Hora\"],\"inLanguage\":\"es\",\"potentialAction\":[{\"@type\":\"CommentAction\",\"name\":\"Comment\",\"target\":[\"https:\/\/www.nexoinformativo.mx\/index.php\/2024\/11\/22\/caos-en-la-mexico-queretaro-reabierta-pero-con-carga-vehicular-mas-de-20-horas-cerrada\/#respond\"]}]},{\"@type\":\"WebPage\",\"@id\":\"https:\/\/www.nexoinformativo.mx\/index.php\/2024\/11\/22\/caos-en-la-mexico-queretaro-reabierta-pero-con-carga-vehicular-mas-de-20-horas-cerrada\/\",\"url\":\"https:\/\/www.nexoinformativo.mx\/index.php\/2024\/11\/22\/caos-en-la-mexico-queretaro-reabierta-pero-con-carga-vehicular-mas-de-20-horas-cerrada\/\",\"name\":\"Caos en la M\u00e9xico-Quer\u00e9taro: Reabierta pero con carga vehicular, m\u00e1s de 20 horas cerrada | Nexo Informativo Santiago de Quer\u00e9taro\",\"isPartOf\":{\"@id\":\"https:\/\/www.nexoinformativo.mx\/#website\"},\"primaryImageOfPage\":{\"@id\":\"https:\/\/www.nexoinformativo.mx\/index.php\/2024\/11\/22\/caos-en-la-mexico-queretaro-reabierta-pero-con-carga-vehicular-mas-de-20-horas-cerrada\/#primaryimage\"},\"image\":{\"@id\":\"https:\/\/www.nexoinformativo.mx\/index.php\/2024\/11\/22\/caos-en-la-mexico-queretaro-reabierta-pero-con-carga-vehicular-mas-de-20-horas-cerrada\/#primaryimage\"},\"thumbnailUrl\":\"https:\/\/www.nexoinformativo.mx\/wp-content\/uploads\/2024\/11\/IMG_3734-e1732286093228.jpg\",\"datePublished\":\"2024-11-22T14:30:41+00:00\",\"dateModified\":\"2024-11-22T14:36:53+00:00\",\"description\":\"Caos en la M\u00e9xico-Quer\u00e9taro: Reabierta pero con carga Vehicular sum\u00f3 m\u00e1s de 20 horas cerrada\",\"breadcrumb\":{\"@id\":\"https:\/\/www.nexoinformativo.mx\/index.php\/2024\/11\/22\/caos-en-la-mexico-queretaro-reabierta-pero-con-carga-vehicular-mas-de-20-horas-cerrada\/#breadcrumb\"},\"inLanguage\":\"es\",\"potentialAction\":[{\"@type\":\"ReadAction\",\"target\":[\"https:\/\/www.nexoinformativo.mx\/index.php\/2024\/11\/22\/caos-en-la-mexico-queretaro-reabierta-pero-con-carga-vehicular-mas-de-20-horas-cerrada\/\"]}]},{\"@type\":\"ImageObject\",\"inLanguage\":\"es\",\"@id\":\"https:\/\/www.nexoinformativo.mx\/index.php\/2024\/11\/22\/caos-en-la-mexico-queretaro-reabierta-pero-con-carga-vehicular-mas-de-20-horas-cerrada\/#primaryimage\",\"url\":\"https:\/\/www.nexoinformativo.mx\/wp-content\/uploads\/2024\/11\/IMG_3734-e1732286093228.jpg\",\"contentUrl\":\"https:\/\/www.nexoinformativo.mx\/wp-content\/uploads\/2024\/11\/IMG_3734-e1732286093228.jpg\",\"width\":700,\"height\":700},{\"@type\":\"BreadcrumbList\",\"@id\":\"https:\/\/www.nexoinformativo.mx\/index.php\/2024\/11\/22\/caos-en-la-mexico-queretaro-reabierta-pero-con-carga-vehicular-mas-de-20-horas-cerrada\/#breadcrumb\",\"itemListElement\":[{\"@type\":\"ListItem\",\"position\":1,\"name\":\"Inicio\",\"item\":\"https:\/\/www.nexoinformativo.mx\/\"},{\"@type\":\"ListItem\",\"position\":2,\"name\":\"Caos en la M\u00e9xico-Quer\u00e9taro: Reabierta pero con carga vehicular, m\u00e1s de 20 horas cerrada\"}]},{\"@type\":\"WebSite\",\"@id\":\"https:\/\/www.nexoinformativo.mx\/#website\",\"url\":\"https:\/\/www.nexoinformativo.mx\/\",\"name\":\"Nexo Informativo Santiago de Quer\u00e9taro\",\"description\":\"Explora NexoInformativo y convi\u00e9rtete en parte de una comunidad que valora el conocimiento y la verdad. Tu nexoinformativo es tu puente hacia una comprensi\u00f3n m\u00e1s profunda del mundo que te rodea.\",\"publisher\":{\"@id\":\"https:\/\/www.nexoinformativo.mx\/#organization\"},\"potentialAction\":[{\"@type\":\"SearchAction\",\"target\":{\"@type\":\"EntryPoint\",\"urlTemplate\":\"https:\/\/www.nexoinformativo.mx\/?s={search_term_string}\"},\"query-input\":{\"@type\":\"PropertyValueSpecification\",\"valueRequired\":true,\"valueName\":\"search_term_string\"}}],\"inLanguage\":\"es\"},{\"@type\":\"Organization\",\"@id\":\"https:\/\/www.nexoinformativo.mx\/#organization\",\"name\":\"Nexo Informativo Santiago de Quer\u00e9taro\",\"url\":\"https:\/\/www.nexoinformativo.mx\/\",\"logo\":{\"@type\":\"ImageObject\",\"inLanguage\":\"es\",\"@id\":\"https:\/\/www.nexoinformativo.mx\/#\/schema\/logo\/image\/\",\"url\":\"https:\/\/www.nexoinformativo.mx\/wp-content\/uploads\/2024\/07\/nexoi-trasparente-2.png\",\"contentUrl\":\"https:\/\/www.nexoinformativo.mx\/wp-content\/uploads\/2024\/07\/nexoi-trasparente-2.png\",\"width\":816,\"height\":339,\"caption\":\"Nexo Informativo Santiago de Quer\u00e9taro\"},\"image\":{\"@id\":\"https:\/\/www.nexoinformativo.mx\/#\/schema\/logo\/image\/\"},\"sameAs\":[\"https:\/\/www.facebook.com\/people\/Nexo-Informativo\/61564066885511\/\"]},{\"@type\":\"Person\",\"@id\":\"https:\/\/www.nexoinformativo.mx\/#\/schema\/person\/7749d380ba08c8ca00d7bc76fd907b7d\",\"name\":\"Nexo Informativo\",\"image\":{\"@type\":\"ImageObject\",\"inLanguage\":\"es\",\"@id\":\"https:\/\/www.nexoinformativo.mx\/#\/schema\/person\/image\/\",\"url\":\"https:\/\/secure.gravatar.com\/avatar\/dde2928154642a13d95f87ddf1ea9718fe2b46760a005c53e41ff5ad610704e6?s=96&d=mm&r=g\",\"contentUrl\":\"https:\/\/secure.gravatar.com\/avatar\/dde2928154642a13d95f87ddf1ea9718fe2b46760a005c53e41ff5ad610704e6?s=96&d=mm&r=g\",\"caption\":\"Nexo Informativo\"},\"url\":\"https:\/\/www.nexoinformativo.mx\/index.php\/author\/edicion\/\"}]}<\/script>\n<!-- \/ Yoast SEO plugin. -->","yoast_head_json":{"title":"Caos en la M\u00e9xico-Quer\u00e9taro: Reabierta pero con carga vehicular, m\u00e1s de 20 horas cerrada | Nexo Informativo Santiago de Quer\u00e9taro","description":"Caos en la M\u00e9xico-Quer\u00e9taro: Reabierta pero con carga Vehicular sum\u00f3 m\u00e1s de 20 horas cerrada","robots":{"index":"index","follow":"follow","max-snippet":"max-snippet:-1","max-image-preview":"max-image-preview:large","max-video-preview":"max-video-preview:-1"},"canonical":"https:\/\/www.nexoinformativo.mx\/index.php\/2024\/11\/22\/caos-en-la-mexico-queretaro-reabierta-pero-con-carga-vehicular-mas-de-20-horas-cerrada\/","og_locale":"es_MX","og_type":"article","og_title":"Caos en la M\u00e9xico-Quer\u00e9taro: Reabierta pero con carga vehicular, m\u00e1s de 20 horas cerrada | Nexo Informativo Santiago de Quer\u00e9taro","og_description":"Caos en la M\u00e9xico-Quer\u00e9taro: Reabierta pero con carga Vehicular sum\u00f3 m\u00e1s de 20 horas cerrada","og_url":"https:\/\/www.nexoinformativo.mx\/index.php\/2024\/11\/22\/caos-en-la-mexico-queretaro-reabierta-pero-con-carga-vehicular-mas-de-20-horas-cerrada\/","og_site_name":"Nexo Informativo Santiago de Quer\u00e9taro","article_publisher":"https:\/\/www.facebook.com\/people\/Nexo-Informativo\/61564066885511\/","article_published_time":"2024-11-22T14:30:41+00:00","article_modified_time":"2024-11-22T14:36:53+00:00","og_image":[{"width":700,"height":700,"url":"https:\/\/www.nexoinformativo.mx\/wp-content\/uploads\/2024\/11\/IMG_3734-e1732286093228.jpg","type":"image\/jpeg"}],"author":"Nexo Informativo","twitter_card":"summary_large_image","twitter_misc":{"Escrito por":"Nexo Informativo","Tiempo de lectura":"2 minutos"},"schema":{"@context":"https:\/\/schema.org","@graph":[{"@type":"Article","@id":"https:\/\/www.nexoinformativo.mx\/index.php\/2024\/11\/22\/caos-en-la-mexico-queretaro-reabierta-pero-con-carga-vehicular-mas-de-20-horas-cerrada\/#article","isPartOf":{"@id":"https:\/\/www.nexoinformativo.mx\/index.php\/2024\/11\/22\/caos-en-la-mexico-queretaro-reabierta-pero-con-carga-vehicular-mas-de-20-horas-cerrada\/"},"author":{"name":"Nexo Informativo","@id":"https:\/\/www.nexoinformativo.mx\/#\/schema\/person\/7749d380ba08c8ca00d7bc76fd907b7d"},"headline":"Caos en la M\u00e9xico-Quer\u00e9taro: Reabierta pero con carga vehicular, m\u00e1s de 20 horas cerrada","datePublished":"2024-11-22T14:30:41+00:00","dateModified":"2024-11-22T14:36:53+00:00","mainEntityOfPage":{"@id":"https:\/\/www.nexoinformativo.mx\/index.php\/2024\/11\/22\/caos-en-la-mexico-queretaro-reabierta-pero-con-carga-vehicular-mas-de-20-horas-cerrada\/"},"wordCount":278,"commentCount":0,"publisher":{"@id":"https:\/\/www.nexoinformativo.mx\/#organization"},"image":{"@id":"https:\/\/www.nexoinformativo.mx\/index.php\/2024\/11\/22\/caos-en-la-mexico-queretaro-reabierta-pero-con-carga-vehicular-mas-de-20-horas-cerrada\/#primaryimage"},"thumbnailUrl":"https:\/\/www.nexoinformativo.mx\/wp-content\/uploads\/2024\/11\/IMG_3734-e1732286093228.jpg","keywords":["AccidenteVial","CaosVial","CierreCarretera","M\u00e9xicoQuer\u00e9taro"],"articleSection":["Estado","\u00daltima Hora"],"inLanguage":"es","potentialAction":[{"@type":"CommentAction","name":"Comment","target":["https:\/\/www.nexoinformativo.mx\/index.php\/2024\/11\/22\/caos-en-la-mexico-queretaro-reabierta-pero-con-carga-vehicular-mas-de-20-horas-cerrada\/#respond"]}]},{"@type":"WebPage","@id":"https:\/\/www.nexoinformativo.mx\/index.php\/2024\/11\/22\/caos-en-la-mexico-queretaro-reabierta-pero-con-carga-vehicular-mas-de-20-horas-cerrada\/","url":"https:\/\/www.nexoinformativo.mx\/index.php\/2024\/11\/22\/caos-en-la-mexico-queretaro-reabierta-pero-con-carga-vehicular-mas-de-20-horas-cerrada\/","name":"Caos en la M\u00e9xico-Quer\u00e9taro: Reabierta pero con carga vehicular, m\u00e1s de 20 horas cerrada | Nexo Informativo Santiago de Quer\u00e9taro","isPartOf":{"@id":"https:\/\/www.nexoinformativo.mx\/#website"},"primaryImageOfPage":{"@id":"https:\/\/www.nexoinformativo.mx\/index.php\/2024\/11\/22\/caos-en-la-mexico-queretaro-reabierta-pero-con-carga-vehicular-mas-de-20-horas-cerrada\/#primaryimage"},"image":{"@id":"https:\/\/www.nexoinformativo.mx\/index.php\/2024\/11\/22\/caos-en-la-mexico-queretaro-reabierta-pero-con-carga-vehicular-mas-de-20-horas-cerrada\/#primaryimage"},"thumbnailUrl":"https:\/\/www.nexoinformativo.mx\/wp-content\/uploads\/2024\/11\/IMG_3734-e1732286093228.jpg","datePublished":"2024-11-22T14:30:41+00:00","dateModified":"2024-11-22T14:36:53+00:00","description":"Caos en la M\u00e9xico-Quer\u00e9taro: Reabierta pero con carga Vehicular sum\u00f3 m\u00e1s de 20 horas cerrada","breadcrumb":{"@id":"https:\/\/www.nexoinformativo.mx\/index.php\/2024\/11\/22\/caos-en-la-mexico-queretaro-reabierta-pero-con-carga-vehicular-mas-de-20-horas-cerrada\/#breadcrumb"},"inLanguage":"es","potentialAction":[{"@type":"ReadAction","target":["https:\/\/www.nexoinformativo.mx\/index.php\/2024\/11\/22\/caos-en-la-mexico-queretaro-reabierta-pero-con-carga-vehicular-mas-de-20-horas-cerrada\/"]}]},{"@type":"ImageObject","inLanguage":"es","@id":"https:\/\/www.nexoinformativo.mx\/index.php\/2024\/11\/22\/caos-en-la-mexico-queretaro-reabierta-pero-con-carga-vehicular-mas-de-20-horas-cerrada\/#primaryimage","url":"https:\/\/www.nexoinformativo.mx\/wp-content\/uploads\/2024\/11\/IMG_3734-e1732286093228.jpg","contentUrl":"https:\/\/www.nexoinformativo.mx\/wp-content\/uploads\/2024\/11\/IMG_3734-e1732286093228.jpg","width":700,"height":700},{"@type":"BreadcrumbList","@id":"https:\/\/www.nexoinformativo.mx\/index.php\/2024\/11\/22\/caos-en-la-mexico-queretaro-reabierta-pero-con-carga-vehicular-mas-de-20-horas-cerrada\/#breadcrumb","itemListElement":[{"@type":"ListItem","position":1,"name":"Inicio","item":"https:\/\/www.nexoinformativo.mx\/"},{"@type":"ListItem","position":2,"name":"Caos en la M\u00e9xico-Quer\u00e9taro: Reabierta pero con carga vehicular, m\u00e1s de 20 horas cerrada"}]},{"@type":"WebSite","@id":"https:\/\/www.nexoinformativo.mx\/#website","url":"https:\/\/www.nexoinformativo.mx\/","name":"Nexo Informativo Santiago de Quer\u00e9taro","description":"Explora NexoInformativo y convi\u00e9rtete en parte de una comunidad que valora el conocimiento y la verdad. Tu nexoinformativo es tu puente hacia una comprensi\u00f3n m\u00e1s profunda del mundo que te rodea.","publisher":{"@id":"https:\/\/www.nexoinformativo.mx\/#organization"},"potentialAction":[{"@type":"SearchAction","target":{"@type":"EntryPoint","urlTemplate":"https:\/\/www.nexoinformativo.mx\/?s={search_term_string}"},"query-input":{"@type":"PropertyValueSpecification","valueRequired":true,"valueName":"search_term_string"}}],"inLanguage":"es"},{"@type":"Organization","@id":"https:\/\/www.nexoinformativo.mx\/#organization","name":"Nexo Informativo Santiago de Quer\u00e9taro","url":"https:\/\/www.nexoinformativo.mx\/","logo":{"@type":"ImageObject","inLanguage":"es","@id":"https:\/\/www.nexoinformativo.mx\/#\/schema\/logo\/image\/","url":"https:\/\/www.nexoinformativo.mx\/wp-content\/uploads\/2024\/07\/nexoi-trasparente-2.png","contentUrl":"https:\/\/www.nexoinformativo.mx\/wp-content\/uploads\/2024\/07\/nexoi-trasparente-2.png","width":816,"height":339,"caption":"Nexo Informativo Santiago de Quer\u00e9taro"},"image":{"@id":"https:\/\/www.nexoinformativo.mx\/#\/schema\/logo\/image\/"},"sameAs":["https:\/\/www.facebook.com\/people\/Nexo-Informativo\/61564066885511\/"]},{"@type":"Person","@id":"https:\/\/www.nexoinformativo.mx\/#\/schema\/person\/7749d380ba08c8ca00d7bc76fd907b7d","name":"Nexo Informativo","image":{"@type":"ImageObject","inLanguage":"es","@id":"https:\/\/www.nexoinformativo.mx\/#\/schema\/person\/image\/","url":"https:\/\/secure.gravatar.com\/avatar\/dde2928154642a13d95f87ddf1ea9718fe2b46760a005c53e41ff5ad610704e6?s=96&d=mm&r=g","contentUrl":"https:\/\/secure.gravatar.com\/avatar\/dde2928154642a13d95f87ddf1ea9718fe2b46760a005c53e41ff5ad610704e6?s=96&d=mm&r=g","caption":"Nexo Informativo"},"url":"https:\/\/www.nexoinformativo.mx\/index.php\/author\/edicion\/"}]}},"_links":{"self":[{"href":"https:\/\/www.nexoinformativo.mx\/index.php\/wp-json\/wp\/v2\/posts\/6714","targetHints":{"allow":["GET"]}}],"collection":[{"href":"https:\/\/www.nexoinformativo.mx\/index.php\/wp-json\/wp\/v2\/posts"}],"about":[{"href":"https:\/\/www.nexoinformativo.mx\/index.php\/wp-json\/wp\/v2\/types\/post"}],"author":[{"embeddable":true,"href":"https:\/\/www.nexoinformativo.mx\/index.php\/wp-json\/wp\/v2\/users\/3"}],"replies":[{"embeddable":true,"href":"https:\/\/www.nexoinformativo.mx\/index.php\/wp-json\/wp\/v2\/comments?post=6714"}],"version-history":[{"count":4,"href":"https:\/\/www.nexoinformativo.mx\/index.php\/wp-json\/wp\/v2\/posts\/6714\/revisions"}],"predecessor-version":[{"id":6718,"href":"https:\/\/www.nexoinformativo.mx\/index.php\/wp-json\/wp\/v2\/posts\/6714\/revisions\/6718"}],"wp:featuredmedia":[{"embeddable":true,"href":"https:\/\/www.nexoinformativo.mx\/index.php\/wp-json\/wp\/v2\/media\/6715"}],"wp:attachment":[{"href":"https:\/\/www.nexoinformativo.mx\/index.php\/wp-json\/wp\/v2\/media?parent=6714"}],"wp:term":[{"taxonomy":"category","embeddable":true,"href":"https:\/\/www.nexoinformativo.mx\/index.php\/wp-json\/wp\/v2\/categories?post=6714"},{"taxonomy":"post_tag","embeddable":true,"href":"https:\/\/www.nexoinformativo.mx\/index.php\/wp-json\/wp\/v2\/tags?post=6714"}],"curies":[{"name":"wp","href":"https:\/\/api.w.org\/{rel}","templated":true}]}}