{"id":6745,"date":"2024-11-22T16:00:43","date_gmt":"2024-11-22T22:00:43","guid":{"rendered":"https:\/\/www.nexoinformativo.mx\/?p=6745"},"modified":"2024-11-22T17:25:21","modified_gmt":"2024-11-22T23:25:21","slug":"detienen-a-taxista-por-privar-de-la-libertad-a-una-mujer-en-tequisquiapan","status":"publish","type":"post","link":"https:\/\/www.nexoinformativo.mx\/index.php\/2024\/11\/22\/detienen-a-taxista-por-privar-de-la-libertad-a-una-mujer-en-tequisquiapan\/","title":{"rendered":"Detienen a taxista por privar de la libertad a una mujer en Tequisquiapan"},"content":{"rendered":"<p style=\"text-align: justify;\" data-sourcepos=\"7:1-7:269\">La Fiscal\u00eda General del Estado (FGE) logr\u00f3 que un juez de control vinculara a proceso a un hombre por el delito de privaci\u00f3n de la libertad personal en agravio de una mujer. Los hechos ocurrieron el pasado 19 de noviembre en la comunidad de Bordo Blanco, Tequisquiapan.<\/p>\n<p>&nbsp;<\/p>\n<p style=\"text-align: justify;\" data-sourcepos=\"9:1-9:220\">De acuerdo con las investigaciones, el imputado, quien conduc\u00eda un veh\u00edculo tipo taxi, se neg\u00f3 a dejar bajar a la v\u00edctima. Tras un forcejeo, el hombre fue detenido por elementos de la Polic\u00eda Municipal de Tequisquiapan.<\/p>\n<p>&nbsp;<\/p>\n<p style=\"text-align: justify;\" data-sourcepos=\"11:1-11:183\">Actualmente, el presunto responsable se encuentra en prisi\u00f3n preventiva justificada mientras contin\u00faa la investigaci\u00f3n complementaria, para la cual el juez otorg\u00f3 un plazo de un mes.<\/p>\n<p>&nbsp;<\/p>\n<p style=\"text-align: justify;\" data-sourcepos=\"13:1-13:173\">Con esta acci\u00f3n, la Fiscal\u00eda General del Estado refrenda su compromiso de combatir la violencia de g\u00e9nero y garantizar la seguridad de las mujeres en el estado de Quer\u00e9taro.<\/p>\n<p>&nbsp;<\/p>\n<p style=\"text-align: center;\" data-sourcepos=\"13:1-13:173\"><em><strong>\u00a1Informaci\u00f3n que transforma!<\/strong><\/em><\/p>\n","protected":false},"excerpt":{"rendered":"<p>La Fiscal\u00eda General del Estado (FGE) logr\u00f3 que un juez de control vinculara a proceso a un hombre por el delito de privaci\u00f3n de la libertad personal en agravio de una mujer.<\/p>\n","protected":false},"author":3,"featured_media":6746,"comment_status":"open","ping_status":"open","sticky":false,"template":"","format":"standard","meta":{"footnotes":""},"categories":[137,58],"tags":[155,814,783,815],"class_list":["post-6745","post","type-post","status-publish","format-standard","has-post-thumbnail","hentry","category-sucesos","category-ultima-hora","tag-detencion","tag-justiciaparalasmujeres","tag-tequisquiapan","tag-violenciadegenero"],"yoast_head":"<!-- This site is optimized with the Yoast SEO plugin v25.0 - https:\/\/yoast.com\/wordpress\/plugins\/seo\/ -->\n<title>Detienen a taxista por privar de la libertad a una mujer en Tequisquiapan | Nexo Informativo Santiago de Quer\u00e9taro<\/title>\n<meta name=\"description\" content=\"Detienen a taxista por privar de la libertad a una mujer en Tequisquiapan\" \/>\n<meta name=\"robots\" content=\"index, follow, max-snippet:-1, max-image-preview:large, max-video-preview:-1\" \/>\n<link rel=\"canonical\" href=\"https:\/\/www.nexoinformativo.mx\/index.php\/2024\/11\/22\/detienen-a-taxista-por-privar-de-la-libertad-a-una-mujer-en-tequisquiapan\/\" \/>\n<meta property=\"og:locale\" content=\"es_MX\" \/>\n<meta property=\"og:type\" content=\"article\" \/>\n<meta property=\"og:title\" content=\"Detienen a taxista por privar de la libertad a una mujer en Tequisquiapan | Nexo Informativo Santiago de Quer\u00e9taro\" \/>\n<meta property=\"og:description\" content=\"Detienen a taxista por privar de la libertad a una mujer en Tequisquiapan\" \/>\n<meta property=\"og:url\" content=\"https:\/\/www.nexoinformativo.mx\/index.php\/2024\/11\/22\/detienen-a-taxista-por-privar-de-la-libertad-a-una-mujer-en-tequisquiapan\/\" \/>\n<meta property=\"og:site_name\" content=\"Nexo Informativo Santiago de Quer\u00e9taro\" \/>\n<meta property=\"article:publisher\" content=\"https:\/\/www.facebook.com\/people\/Nexo-Informativo\/61564066885511\/\" \/>\n<meta property=\"article:published_time\" content=\"2024-11-22T22:00:43+00:00\" \/>\n<meta property=\"article:modified_time\" content=\"2024-11-22T23:25:21+00:00\" \/>\n<meta property=\"og:image\" content=\"https:\/\/www.nexoinformativo.mx\/wp-content\/uploads\/2024\/11\/6c5f80de-5646-4c3b-8379-0516cf3c417a-e1732317737941.jpg\" \/>\n\t<meta property=\"og:image:width\" content=\"700\" \/>\n\t<meta property=\"og:image:height\" content=\"441\" \/>\n\t<meta property=\"og:image:type\" content=\"image\/jpeg\" \/>\n<meta name=\"author\" content=\"Nexo Informativo\" \/>\n<meta name=\"twitter:card\" content=\"summary_large_image\" \/>\n<meta name=\"twitter:label1\" content=\"Escrito por\" \/>\n\t<meta name=\"twitter:data1\" content=\"Nexo Informativo\" \/>\n\t<meta name=\"twitter:label2\" content=\"Tiempo de lectura\" \/>\n\t<meta name=\"twitter:data2\" content=\"1 minuto\" \/>\n<script type=\"application\/ld+json\" class=\"yoast-schema-graph\">{\"@context\":\"https:\/\/schema.org\",\"@graph\":[{\"@type\":\"Article\",\"@id\":\"https:\/\/www.nexoinformativo.mx\/index.php\/2024\/11\/22\/detienen-a-taxista-por-privar-de-la-libertad-a-una-mujer-en-tequisquiapan\/#article\",\"isPartOf\":{\"@id\":\"https:\/\/www.nexoinformativo.mx\/index.php\/2024\/11\/22\/detienen-a-taxista-por-privar-de-la-libertad-a-una-mujer-en-tequisquiapan\/\"},\"author\":{\"name\":\"Nexo Informativo\",\"@id\":\"https:\/\/www.nexoinformativo.mx\/#\/schema\/person\/7749d380ba08c8ca00d7bc76fd907b7d\"},\"headline\":\"Detienen a taxista por privar de la libertad a una mujer en Tequisquiapan\",\"datePublished\":\"2024-11-22T22:00:43+00:00\",\"dateModified\":\"2024-11-22T23:25:21+00:00\",\"mainEntityOfPage\":{\"@id\":\"https:\/\/www.nexoinformativo.mx\/index.php\/2024\/11\/22\/detienen-a-taxista-por-privar-de-la-libertad-a-una-mujer-en-tequisquiapan\/\"},\"wordCount\":171,\"commentCount\":0,\"publisher\":{\"@id\":\"https:\/\/www.nexoinformativo.mx\/#organization\"},\"image\":{\"@id\":\"https:\/\/www.nexoinformativo.mx\/index.php\/2024\/11\/22\/detienen-a-taxista-por-privar-de-la-libertad-a-una-mujer-en-tequisquiapan\/#primaryimage\"},\"thumbnailUrl\":\"https:\/\/www.nexoinformativo.mx\/wp-content\/uploads\/2024\/11\/6c5f80de-5646-4c3b-8379-0516cf3c417a-e1732317737941.jpg\",\"keywords\":[\"Detenci\u00f3n\",\"JusticiaParaLasMujeres\",\"Tequisquiapan\",\"ViolenciaDeG\u00e9nero\"],\"articleSection\":[\"Sucesos\",\"\u00daltima Hora\"],\"inLanguage\":\"es\",\"potentialAction\":[{\"@type\":\"CommentAction\",\"name\":\"Comment\",\"target\":[\"https:\/\/www.nexoinformativo.mx\/index.php\/2024\/11\/22\/detienen-a-taxista-por-privar-de-la-libertad-a-una-mujer-en-tequisquiapan\/#respond\"]}]},{\"@type\":\"WebPage\",\"@id\":\"https:\/\/www.nexoinformativo.mx\/index.php\/2024\/11\/22\/detienen-a-taxista-por-privar-de-la-libertad-a-una-mujer-en-tequisquiapan\/\",\"url\":\"https:\/\/www.nexoinformativo.mx\/index.php\/2024\/11\/22\/detienen-a-taxista-por-privar-de-la-libertad-a-una-mujer-en-tequisquiapan\/\",\"name\":\"Detienen a taxista por privar de la libertad a una mujer en Tequisquiapan | Nexo Informativo Santiago de Quer\u00e9taro\",\"isPartOf\":{\"@id\":\"https:\/\/www.nexoinformativo.mx\/#website\"},\"primaryImageOfPage\":{\"@id\":\"https:\/\/www.nexoinformativo.mx\/index.php\/2024\/11\/22\/detienen-a-taxista-por-privar-de-la-libertad-a-una-mujer-en-tequisquiapan\/#primaryimage\"},\"image\":{\"@id\":\"https:\/\/www.nexoinformativo.mx\/index.php\/2024\/11\/22\/detienen-a-taxista-por-privar-de-la-libertad-a-una-mujer-en-tequisquiapan\/#primaryimage\"},\"thumbnailUrl\":\"https:\/\/www.nexoinformativo.mx\/wp-content\/uploads\/2024\/11\/6c5f80de-5646-4c3b-8379-0516cf3c417a-e1732317737941.jpg\",\"datePublished\":\"2024-11-22T22:00:43+00:00\",\"dateModified\":\"2024-11-22T23:25:21+00:00\",\"description\":\"Detienen a taxista por privar de la libertad a una mujer en Tequisquiapan\",\"breadcrumb\":{\"@id\":\"https:\/\/www.nexoinformativo.mx\/index.php\/2024\/11\/22\/detienen-a-taxista-por-privar-de-la-libertad-a-una-mujer-en-tequisquiapan\/#breadcrumb\"},\"inLanguage\":\"es\",\"potentialAction\":[{\"@type\":\"ReadAction\",\"target\":[\"https:\/\/www.nexoinformativo.mx\/index.php\/2024\/11\/22\/detienen-a-taxista-por-privar-de-la-libertad-a-una-mujer-en-tequisquiapan\/\"]}]},{\"@type\":\"ImageObject\",\"inLanguage\":\"es\",\"@id\":\"https:\/\/www.nexoinformativo.mx\/index.php\/2024\/11\/22\/detienen-a-taxista-por-privar-de-la-libertad-a-una-mujer-en-tequisquiapan\/#primaryimage\",\"url\":\"https:\/\/www.nexoinformativo.mx\/wp-content\/uploads\/2024\/11\/6c5f80de-5646-4c3b-8379-0516cf3c417a-e1732317737941.jpg\",\"contentUrl\":\"https:\/\/www.nexoinformativo.mx\/wp-content\/uploads\/2024\/11\/6c5f80de-5646-4c3b-8379-0516cf3c417a-e1732317737941.jpg\",\"width\":700,\"height\":441},{\"@type\":\"BreadcrumbList\",\"@id\":\"https:\/\/www.nexoinformativo.mx\/index.php\/2024\/11\/22\/detienen-a-taxista-por-privar-de-la-libertad-a-una-mujer-en-tequisquiapan\/#breadcrumb\",\"itemListElement\":[{\"@type\":\"ListItem\",\"position\":1,\"name\":\"Inicio\",\"item\":\"https:\/\/www.nexoinformativo.mx\/\"},{\"@type\":\"ListItem\",\"position\":2,\"name\":\"Detienen a taxista por privar de la libertad a una mujer en Tequisquiapan\"}]},{\"@type\":\"WebSite\",\"@id\":\"https:\/\/www.nexoinformativo.mx\/#website\",\"url\":\"https:\/\/www.nexoinformativo.mx\/\",\"name\":\"Nexo Informativo Santiago de Quer\u00e9taro\",\"description\":\"Explora NexoInformativo y convi\u00e9rtete en parte de una comunidad que valora el conocimiento y la verdad. Tu nexoinformativo es tu puente hacia una comprensi\u00f3n m\u00e1s profunda del mundo que te rodea.\",\"publisher\":{\"@id\":\"https:\/\/www.nexoinformativo.mx\/#organization\"},\"potentialAction\":[{\"@type\":\"SearchAction\",\"target\":{\"@type\":\"EntryPoint\",\"urlTemplate\":\"https:\/\/www.nexoinformativo.mx\/?s={search_term_string}\"},\"query-input\":{\"@type\":\"PropertyValueSpecification\",\"valueRequired\":true,\"valueName\":\"search_term_string\"}}],\"inLanguage\":\"es\"},{\"@type\":\"Organization\",\"@id\":\"https:\/\/www.nexoinformativo.mx\/#organization\",\"name\":\"Nexo Informativo Santiago de Quer\u00e9taro\",\"url\":\"https:\/\/www.nexoinformativo.mx\/\",\"logo\":{\"@type\":\"ImageObject\",\"inLanguage\":\"es\",\"@id\":\"https:\/\/www.nexoinformativo.mx\/#\/schema\/logo\/image\/\",\"url\":\"https:\/\/www.nexoinformativo.mx\/wp-content\/uploads\/2024\/07\/nexoi-trasparente-2.png\",\"contentUrl\":\"https:\/\/www.nexoinformativo.mx\/wp-content\/uploads\/2024\/07\/nexoi-trasparente-2.png\",\"width\":816,\"height\":339,\"caption\":\"Nexo Informativo Santiago de Quer\u00e9taro\"},\"image\":{\"@id\":\"https:\/\/www.nexoinformativo.mx\/#\/schema\/logo\/image\/\"},\"sameAs\":[\"https:\/\/www.facebook.com\/people\/Nexo-Informativo\/61564066885511\/\"]},{\"@type\":\"Person\",\"@id\":\"https:\/\/www.nexoinformativo.mx\/#\/schema\/person\/7749d380ba08c8ca00d7bc76fd907b7d\",\"name\":\"Nexo Informativo\",\"image\":{\"@type\":\"ImageObject\",\"inLanguage\":\"es\",\"@id\":\"https:\/\/www.nexoinformativo.mx\/#\/schema\/person\/image\/\",\"url\":\"https:\/\/secure.gravatar.com\/avatar\/dde2928154642a13d95f87ddf1ea9718fe2b46760a005c53e41ff5ad610704e6?s=96&d=mm&r=g\",\"contentUrl\":\"https:\/\/secure.gravatar.com\/avatar\/dde2928154642a13d95f87ddf1ea9718fe2b46760a005c53e41ff5ad610704e6?s=96&d=mm&r=g\",\"caption\":\"Nexo Informativo\"},\"url\":\"https:\/\/www.nexoinformativo.mx\/index.php\/author\/edicion\/\"}]}<\/script>\n<!-- \/ Yoast SEO plugin. -->","yoast_head_json":{"title":"Detienen a taxista por privar de la libertad a una mujer en Tequisquiapan | Nexo Informativo Santiago de Quer\u00e9taro","description":"Detienen a taxista por privar de la libertad a una mujer en Tequisquiapan","robots":{"index":"index","follow":"follow","max-snippet":"max-snippet:-1","max-image-preview":"max-image-preview:large","max-video-preview":"max-video-preview:-1"},"canonical":"https:\/\/www.nexoinformativo.mx\/index.php\/2024\/11\/22\/detienen-a-taxista-por-privar-de-la-libertad-a-una-mujer-en-tequisquiapan\/","og_locale":"es_MX","og_type":"article","og_title":"Detienen a taxista por privar de la libertad a una mujer en Tequisquiapan | Nexo Informativo Santiago de Quer\u00e9taro","og_description":"Detienen a taxista por privar de la libertad a una mujer en Tequisquiapan","og_url":"https:\/\/www.nexoinformativo.mx\/index.php\/2024\/11\/22\/detienen-a-taxista-por-privar-de-la-libertad-a-una-mujer-en-tequisquiapan\/","og_site_name":"Nexo Informativo Santiago de Quer\u00e9taro","article_publisher":"https:\/\/www.facebook.com\/people\/Nexo-Informativo\/61564066885511\/","article_published_time":"2024-11-22T22:00:43+00:00","article_modified_time":"2024-11-22T23:25:21+00:00","og_image":[{"width":700,"height":441,"url":"https:\/\/www.nexoinformativo.mx\/wp-content\/uploads\/2024\/11\/6c5f80de-5646-4c3b-8379-0516cf3c417a-e1732317737941.jpg","type":"image\/jpeg"}],"author":"Nexo Informativo","twitter_card":"summary_large_image","twitter_misc":{"Escrito por":"Nexo Informativo","Tiempo de lectura":"1 minuto"},"schema":{"@context":"https:\/\/schema.org","@graph":[{"@type":"Article","@id":"https:\/\/www.nexoinformativo.mx\/index.php\/2024\/11\/22\/detienen-a-taxista-por-privar-de-la-libertad-a-una-mujer-en-tequisquiapan\/#article","isPartOf":{"@id":"https:\/\/www.nexoinformativo.mx\/index.php\/2024\/11\/22\/detienen-a-taxista-por-privar-de-la-libertad-a-una-mujer-en-tequisquiapan\/"},"author":{"name":"Nexo Informativo","@id":"https:\/\/www.nexoinformativo.mx\/#\/schema\/person\/7749d380ba08c8ca00d7bc76fd907b7d"},"headline":"Detienen a taxista por privar de la libertad a una mujer en Tequisquiapan","datePublished":"2024-11-22T22:00:43+00:00","dateModified":"2024-11-22T23:25:21+00:00","mainEntityOfPage":{"@id":"https:\/\/www.nexoinformativo.mx\/index.php\/2024\/11\/22\/detienen-a-taxista-por-privar-de-la-libertad-a-una-mujer-en-tequisquiapan\/"},"wordCount":171,"commentCount":0,"publisher":{"@id":"https:\/\/www.nexoinformativo.mx\/#organization"},"image":{"@id":"https:\/\/www.nexoinformativo.mx\/index.php\/2024\/11\/22\/detienen-a-taxista-por-privar-de-la-libertad-a-una-mujer-en-tequisquiapan\/#primaryimage"},"thumbnailUrl":"https:\/\/www.nexoinformativo.mx\/wp-content\/uploads\/2024\/11\/6c5f80de-5646-4c3b-8379-0516cf3c417a-e1732317737941.jpg","keywords":["Detenci\u00f3n","JusticiaParaLasMujeres","Tequisquiapan","ViolenciaDeG\u00e9nero"],"articleSection":["Sucesos","\u00daltima Hora"],"inLanguage":"es","potentialAction":[{"@type":"CommentAction","name":"Comment","target":["https:\/\/www.nexoinformativo.mx\/index.php\/2024\/11\/22\/detienen-a-taxista-por-privar-de-la-libertad-a-una-mujer-en-tequisquiapan\/#respond"]}]},{"@type":"WebPage","@id":"https:\/\/www.nexoinformativo.mx\/index.php\/2024\/11\/22\/detienen-a-taxista-por-privar-de-la-libertad-a-una-mujer-en-tequisquiapan\/","url":"https:\/\/www.nexoinformativo.mx\/index.php\/2024\/11\/22\/detienen-a-taxista-por-privar-de-la-libertad-a-una-mujer-en-tequisquiapan\/","name":"Detienen a taxista por privar de la libertad a una mujer en Tequisquiapan | Nexo Informativo Santiago de Quer\u00e9taro","isPartOf":{"@id":"https:\/\/www.nexoinformativo.mx\/#website"},"primaryImageOfPage":{"@id":"https:\/\/www.nexoinformativo.mx\/index.php\/2024\/11\/22\/detienen-a-taxista-por-privar-de-la-libertad-a-una-mujer-en-tequisquiapan\/#primaryimage"},"image":{"@id":"https:\/\/www.nexoinformativo.mx\/index.php\/2024\/11\/22\/detienen-a-taxista-por-privar-de-la-libertad-a-una-mujer-en-tequisquiapan\/#primaryimage"},"thumbnailUrl":"https:\/\/www.nexoinformativo.mx\/wp-content\/uploads\/2024\/11\/6c5f80de-5646-4c3b-8379-0516cf3c417a-e1732317737941.jpg","datePublished":"2024-11-22T22:00:43+00:00","dateModified":"2024-11-22T23:25:21+00:00","description":"Detienen a taxista por privar de la libertad a una mujer en Tequisquiapan","breadcrumb":{"@id":"https:\/\/www.nexoinformativo.mx\/index.php\/2024\/11\/22\/detienen-a-taxista-por-privar-de-la-libertad-a-una-mujer-en-tequisquiapan\/#breadcrumb"},"inLanguage":"es","potentialAction":[{"@type":"ReadAction","target":["https:\/\/www.nexoinformativo.mx\/index.php\/2024\/11\/22\/detienen-a-taxista-por-privar-de-la-libertad-a-una-mujer-en-tequisquiapan\/"]}]},{"@type":"ImageObject","inLanguage":"es","@id":"https:\/\/www.nexoinformativo.mx\/index.php\/2024\/11\/22\/detienen-a-taxista-por-privar-de-la-libertad-a-una-mujer-en-tequisquiapan\/#primaryimage","url":"https:\/\/www.nexoinformativo.mx\/wp-content\/uploads\/2024\/11\/6c5f80de-5646-4c3b-8379-0516cf3c417a-e1732317737941.jpg","contentUrl":"https:\/\/www.nexoinformativo.mx\/wp-content\/uploads\/2024\/11\/6c5f80de-5646-4c3b-8379-0516cf3c417a-e1732317737941.jpg","width":700,"height":441},{"@type":"BreadcrumbList","@id":"https:\/\/www.nexoinformativo.mx\/index.php\/2024\/11\/22\/detienen-a-taxista-por-privar-de-la-libertad-a-una-mujer-en-tequisquiapan\/#breadcrumb","itemListElement":[{"@type":"ListItem","position":1,"name":"Inicio","item":"https:\/\/www.nexoinformativo.mx\/"},{"@type":"ListItem","position":2,"name":"Detienen a taxista por privar de la libertad a una mujer en Tequisquiapan"}]},{"@type":"WebSite","@id":"https:\/\/www.nexoinformativo.mx\/#website","url":"https:\/\/www.nexoinformativo.mx\/","name":"Nexo Informativo Santiago de Quer\u00e9taro","description":"Explora NexoInformativo y convi\u00e9rtete en parte de una comunidad que valora el conocimiento y la verdad. Tu nexoinformativo es tu puente hacia una comprensi\u00f3n m\u00e1s profunda del mundo que te rodea.","publisher":{"@id":"https:\/\/www.nexoinformativo.mx\/#organization"},"potentialAction":[{"@type":"SearchAction","target":{"@type":"EntryPoint","urlTemplate":"https:\/\/www.nexoinformativo.mx\/?s={search_term_string}"},"query-input":{"@type":"PropertyValueSpecification","valueRequired":true,"valueName":"search_term_string"}}],"inLanguage":"es"},{"@type":"Organization","@id":"https:\/\/www.nexoinformativo.mx\/#organization","name":"Nexo Informativo Santiago de Quer\u00e9taro","url":"https:\/\/www.nexoinformativo.mx\/","logo":{"@type":"ImageObject","inLanguage":"es","@id":"https:\/\/www.nexoinformativo.mx\/#\/schema\/logo\/image\/","url":"https:\/\/www.nexoinformativo.mx\/wp-content\/uploads\/2024\/07\/nexoi-trasparente-2.png","contentUrl":"https:\/\/www.nexoinformativo.mx\/wp-content\/uploads\/2024\/07\/nexoi-trasparente-2.png","width":816,"height":339,"caption":"Nexo Informativo Santiago de Quer\u00e9taro"},"image":{"@id":"https:\/\/www.nexoinformativo.mx\/#\/schema\/logo\/image\/"},"sameAs":["https:\/\/www.facebook.com\/people\/Nexo-Informativo\/61564066885511\/"]},{"@type":"Person","@id":"https:\/\/www.nexoinformativo.mx\/#\/schema\/person\/7749d380ba08c8ca00d7bc76fd907b7d","name":"Nexo Informativo","image":{"@type":"ImageObject","inLanguage":"es","@id":"https:\/\/www.nexoinformativo.mx\/#\/schema\/person\/image\/","url":"https:\/\/secure.gravatar.com\/avatar\/dde2928154642a13d95f87ddf1ea9718fe2b46760a005c53e41ff5ad610704e6?s=96&d=mm&r=g","contentUrl":"https:\/\/secure.gravatar.com\/avatar\/dde2928154642a13d95f87ddf1ea9718fe2b46760a005c53e41ff5ad610704e6?s=96&d=mm&r=g","caption":"Nexo Informativo"},"url":"https:\/\/www.nexoinformativo.mx\/index.php\/author\/edicion\/"}]}},"_links":{"self":[{"href":"https:\/\/www.nexoinformativo.mx\/index.php\/wp-json\/wp\/v2\/posts\/6745","targetHints":{"allow":["GET"]}}],"collection":[{"href":"https:\/\/www.nexoinformativo.mx\/index.php\/wp-json\/wp\/v2\/posts"}],"about":[{"href":"https:\/\/www.nexoinformativo.mx\/index.php\/wp-json\/wp\/v2\/types\/post"}],"author":[{"embeddable":true,"href":"https:\/\/www.nexoinformativo.mx\/index.php\/wp-json\/wp\/v2\/users\/3"}],"replies":[{"embeddable":true,"href":"https:\/\/www.nexoinformativo.mx\/index.php\/wp-json\/wp\/v2\/comments?post=6745"}],"version-history":[{"count":3,"href":"https:\/\/www.nexoinformativo.mx\/index.php\/wp-json\/wp\/v2\/posts\/6745\/revisions"}],"predecessor-version":[{"id":6749,"href":"https:\/\/www.nexoinformativo.mx\/index.php\/wp-json\/wp\/v2\/posts\/6745\/revisions\/6749"}],"wp:featuredmedia":[{"embeddable":true,"href":"https:\/\/www.nexoinformativo.mx\/index.php\/wp-json\/wp\/v2\/media\/6746"}],"wp:attachment":[{"href":"https:\/\/www.nexoinformativo.mx\/index.php\/wp-json\/wp\/v2\/media?parent=6745"}],"wp:term":[{"taxonomy":"category","embeddable":true,"href":"https:\/\/www.nexoinformativo.mx\/index.php\/wp-json\/wp\/v2\/categories?post=6745"},{"taxonomy":"post_tag","embeddable":true,"href":"https:\/\/www.nexoinformativo.mx\/index.php\/wp-json\/wp\/v2\/tags?post=6745"}],"curies":[{"name":"wp","href":"https:\/\/api.w.org\/{rel}","templated":true}]}}