{"id":6795,"date":"2024-11-24T14:00:18","date_gmt":"2024-11-24T20:00:18","guid":{"rendered":"https:\/\/www.nexoinformativo.mx\/?p=6795"},"modified":"2024-11-24T18:44:51","modified_gmt":"2024-11-25T00:44:51","slug":"sheinbaum-destaca-el-papel-de-la-armada-en-el-desarrollo-de-mexico-y-anuncia-ampliacion-del-puerto-de-manzanillo","status":"publish","type":"post","link":"https:\/\/www.nexoinformativo.mx\/index.php\/2024\/11\/24\/sheinbaum-destaca-el-papel-de-la-armada-en-el-desarrollo-de-mexico-y-anuncia-ampliacion-del-puerto-de-manzanillo\/","title":{"rendered":"Sheinbaum destaca el papel de la Armada en el desarrollo de M\u00e9xico y anuncia ampliaci\u00f3n del puerto de Manzanillo"},"content":{"rendered":"<p style=\"text-align: justify;\" data-sourcepos=\"9:1-9:381\">La presidenta de M\u00e9xico, Claudia Sheinbaum, encabez\u00f3 la conmemoraci\u00f3n del 199 aniversario de la consolidaci\u00f3n de la Independencia en el mar, reconociendo a la Armada de M\u00e9xico como un pilar fundamental para el desarrollo del pa\u00eds.<\/p>\n<p>&nbsp;<\/p>\n<p style=\"text-align: justify;\" data-sourcepos=\"9:1-9:381\">Durante el evento, realizado en Manzanillo, Colima, se anunci\u00f3 la ampliaci\u00f3n del puerto y se entregaron reconocimientos al personal naval.<\/p>\n<p>&nbsp;<\/p>\n<p style=\"text-align: justify;\" data-sourcepos=\"11:1-11:277\"><strong>&#8220;La Armada de M\u00e9xico no es solo una fuerza de defensa, es un s\u00edmbolo de la identidad de M\u00e9xico en la mar&#8221;<\/strong>, afirm\u00f3 Sheinbaum, quien destac\u00f3 el papel de la instituci\u00f3n en la construcci\u00f3n de obras estrat\u00e9gicas como el Tren Maya, el Tren Interoce\u00e1nico y diversos puertos.<\/p>\n<p>&nbsp;<\/p>\n<p style=\"text-align: justify;\" data-sourcepos=\"13:1-13:281\">Por su parte, el secretario de Marina, almirante Raymundo Pedro Morales \u00c1ngeles, resalt\u00f3 el compromiso de la Armada de M\u00e9xico con el pa\u00eds y anunci\u00f3 que se continuar\u00e1 fortaleciendo la infraestructura portuaria en Manzanillo, L\u00e1zaro C\u00e1rdenas, Veracruz, Progreso, Acapulco y Ensenada.<\/p>\n<p>&nbsp;<\/p>\n<p style=\"text-align: justify;\" data-sourcepos=\"15:1-15:195\">La ampliaci\u00f3n del puerto de Manzanillo, que incluye el dragado de canales y la construcci\u00f3n de nuevas terminales, permitir\u00e1 incrementar el comercio exterior y fortalecer la econom\u00eda de la regi\u00f3n.<\/p>\n<p>&nbsp;<\/p>\n<p style=\"text-align: justify;\" data-sourcepos=\"17:1-17:133\">Durante la ceremonia, se entregaron reconocimientos a personal naval por su destacada labor, resaltando su profesionalismo y entrega.<\/p>\n<p>&nbsp;<\/p>\n<p style=\"text-align: justify;\" data-sourcepos=\"19:1-19:167\">Con este evento, el gobierno federal refrenda su compromiso con el desarrollo de las fuerzas armadas y con el fortalecimiento de la infraestructura portuaria del pa\u00eds.<\/p>\n<p>&nbsp;<\/p>\n<p style=\"text-align: center;\" data-sourcepos=\"19:1-19:167\"><em><strong>\u00a1Informaci\u00f3n que transforma!<\/strong><\/em><\/p>\n","protected":false},"excerpt":{"rendered":"<p>La presidenta de M\u00e9xico, Claudia Sheinbaum, encabez\u00f3 este jueves la conmemoraci\u00f3n del 199 aniversario de la consolidaci\u00f3n de la Independencia en el mar, reconociendo a la Armada de M\u00e9xico como un pilar fundamental para el desarrollo del pa\u00eds.<\/p>\n","protected":false},"author":3,"featured_media":6796,"comment_status":"open","ping_status":"open","sticky":false,"template":"","format":"standard","meta":{"footnotes":""},"categories":[88,58],"tags":[1055,2293,2292,1256],"class_list":["post-6795","post","type-post","status-publish","format-standard","has-post-thumbnail","hentry","category-nacional","category-ultima-hora","tag-armadademexico","tag-desarrolloportuario","tag-manzanillo","tag-sheinbaum"],"yoast_head":"<!-- This site is optimized with the Yoast SEO plugin v25.0 - https:\/\/yoast.com\/wordpress\/plugins\/seo\/ -->\n<title>Sheinbaum destaca el papel de la Armada en el desarrollo de M\u00e9xico y anuncia ampliaci\u00f3n del puerto de Manzanillo | Nexo Informativo Santiago de Quer\u00e9taro<\/title>\n<meta name=\"description\" content=\"Sheinbaum destaca el papel de la Armada en el desarrollo de M\u00e9xico y anuncia ampliaci\u00f3n del puerto de Manzanillo\" \/>\n<meta name=\"robots\" content=\"index, follow, max-snippet:-1, max-image-preview:large, max-video-preview:-1\" \/>\n<link rel=\"canonical\" href=\"https:\/\/www.nexoinformativo.mx\/index.php\/2024\/11\/24\/sheinbaum-destaca-el-papel-de-la-armada-en-el-desarrollo-de-mexico-y-anuncia-ampliacion-del-puerto-de-manzanillo\/\" \/>\n<meta property=\"og:locale\" content=\"es_MX\" \/>\n<meta property=\"og:type\" content=\"article\" \/>\n<meta property=\"og:title\" content=\"Sheinbaum destaca el papel de la Armada en el desarrollo de M\u00e9xico y anuncia ampliaci\u00f3n del puerto de Manzanillo | Nexo Informativo Santiago de Quer\u00e9taro\" \/>\n<meta property=\"og:description\" content=\"Sheinbaum destaca el papel de la Armada en el desarrollo de M\u00e9xico y anuncia ampliaci\u00f3n del puerto de Manzanillo\" \/>\n<meta property=\"og:url\" content=\"https:\/\/www.nexoinformativo.mx\/index.php\/2024\/11\/24\/sheinbaum-destaca-el-papel-de-la-armada-en-el-desarrollo-de-mexico-y-anuncia-ampliacion-del-puerto-de-manzanillo\/\" \/>\n<meta property=\"og:site_name\" content=\"Nexo Informativo Santiago de Quer\u00e9taro\" \/>\n<meta property=\"article:publisher\" content=\"https:\/\/www.facebook.com\/people\/Nexo-Informativo\/61564066885511\/\" \/>\n<meta property=\"article:published_time\" content=\"2024-11-24T20:00:18+00:00\" \/>\n<meta property=\"article:modified_time\" content=\"2024-11-25T00:44:51+00:00\" \/>\n<meta property=\"og:image\" content=\"https:\/\/www.nexoinformativo.mx\/wp-content\/uploads\/2024\/11\/IMG_8108.jpg\" \/>\n\t<meta property=\"og:image:width\" content=\"650\" \/>\n\t<meta property=\"og:image:height\" content=\"380\" \/>\n\t<meta property=\"og:image:type\" content=\"image\/jpeg\" \/>\n<meta name=\"author\" content=\"Nexo Informativo\" \/>\n<meta name=\"twitter:card\" content=\"summary_large_image\" \/>\n<meta name=\"twitter:label1\" content=\"Escrito por\" \/>\n\t<meta name=\"twitter:data1\" content=\"Nexo Informativo\" \/>\n\t<meta name=\"twitter:label2\" content=\"Tiempo de lectura\" \/>\n\t<meta name=\"twitter:data2\" content=\"2 minutos\" \/>\n<script type=\"application\/ld+json\" class=\"yoast-schema-graph\">{\"@context\":\"https:\/\/schema.org\",\"@graph\":[{\"@type\":\"Article\",\"@id\":\"https:\/\/www.nexoinformativo.mx\/index.php\/2024\/11\/24\/sheinbaum-destaca-el-papel-de-la-armada-en-el-desarrollo-de-mexico-y-anuncia-ampliacion-del-puerto-de-manzanillo\/#article\",\"isPartOf\":{\"@id\":\"https:\/\/www.nexoinformativo.mx\/index.php\/2024\/11\/24\/sheinbaum-destaca-el-papel-de-la-armada-en-el-desarrollo-de-mexico-y-anuncia-ampliacion-del-puerto-de-manzanillo\/\"},\"author\":{\"name\":\"Nexo Informativo\",\"@id\":\"https:\/\/www.nexoinformativo.mx\/#\/schema\/person\/7749d380ba08c8ca00d7bc76fd907b7d\"},\"headline\":\"Sheinbaum destaca el papel de la Armada en el desarrollo de M\u00e9xico y anuncia ampliaci\u00f3n del puerto de Manzanillo\",\"datePublished\":\"2024-11-24T20:00:18+00:00\",\"dateModified\":\"2024-11-25T00:44:51+00:00\",\"mainEntityOfPage\":{\"@id\":\"https:\/\/www.nexoinformativo.mx\/index.php\/2024\/11\/24\/sheinbaum-destaca-el-papel-de-la-armada-en-el-desarrollo-de-mexico-y-anuncia-ampliacion-del-puerto-de-manzanillo\/\"},\"wordCount\":271,\"commentCount\":0,\"publisher\":{\"@id\":\"https:\/\/www.nexoinformativo.mx\/#organization\"},\"image\":{\"@id\":\"https:\/\/www.nexoinformativo.mx\/index.php\/2024\/11\/24\/sheinbaum-destaca-el-papel-de-la-armada-en-el-desarrollo-de-mexico-y-anuncia-ampliacion-del-puerto-de-manzanillo\/#primaryimage\"},\"thumbnailUrl\":\"https:\/\/www.nexoinformativo.mx\/wp-content\/uploads\/2024\/11\/IMG_8108.jpg\",\"keywords\":[\"ArmadaDeM\u00e9xico\",\"DesarrolloPortuario\",\"Manzanillo\",\"Sheinbaum\"],\"articleSection\":[\"Nacional\",\"\u00daltima Hora\"],\"inLanguage\":\"es\",\"potentialAction\":[{\"@type\":\"CommentAction\",\"name\":\"Comment\",\"target\":[\"https:\/\/www.nexoinformativo.mx\/index.php\/2024\/11\/24\/sheinbaum-destaca-el-papel-de-la-armada-en-el-desarrollo-de-mexico-y-anuncia-ampliacion-del-puerto-de-manzanillo\/#respond\"]}]},{\"@type\":\"WebPage\",\"@id\":\"https:\/\/www.nexoinformativo.mx\/index.php\/2024\/11\/24\/sheinbaum-destaca-el-papel-de-la-armada-en-el-desarrollo-de-mexico-y-anuncia-ampliacion-del-puerto-de-manzanillo\/\",\"url\":\"https:\/\/www.nexoinformativo.mx\/index.php\/2024\/11\/24\/sheinbaum-destaca-el-papel-de-la-armada-en-el-desarrollo-de-mexico-y-anuncia-ampliacion-del-puerto-de-manzanillo\/\",\"name\":\"Sheinbaum destaca el papel de la Armada en el desarrollo de M\u00e9xico y anuncia ampliaci\u00f3n del puerto de Manzanillo | Nexo Informativo Santiago de Quer\u00e9taro\",\"isPartOf\":{\"@id\":\"https:\/\/www.nexoinformativo.mx\/#website\"},\"primaryImageOfPage\":{\"@id\":\"https:\/\/www.nexoinformativo.mx\/index.php\/2024\/11\/24\/sheinbaum-destaca-el-papel-de-la-armada-en-el-desarrollo-de-mexico-y-anuncia-ampliacion-del-puerto-de-manzanillo\/#primaryimage\"},\"image\":{\"@id\":\"https:\/\/www.nexoinformativo.mx\/index.php\/2024\/11\/24\/sheinbaum-destaca-el-papel-de-la-armada-en-el-desarrollo-de-mexico-y-anuncia-ampliacion-del-puerto-de-manzanillo\/#primaryimage\"},\"thumbnailUrl\":\"https:\/\/www.nexoinformativo.mx\/wp-content\/uploads\/2024\/11\/IMG_8108.jpg\",\"datePublished\":\"2024-11-24T20:00:18+00:00\",\"dateModified\":\"2024-11-25T00:44:51+00:00\",\"description\":\"Sheinbaum destaca el papel de la Armada en el desarrollo de M\u00e9xico y anuncia ampliaci\u00f3n del puerto de Manzanillo\",\"breadcrumb\":{\"@id\":\"https:\/\/www.nexoinformativo.mx\/index.php\/2024\/11\/24\/sheinbaum-destaca-el-papel-de-la-armada-en-el-desarrollo-de-mexico-y-anuncia-ampliacion-del-puerto-de-manzanillo\/#breadcrumb\"},\"inLanguage\":\"es\",\"potentialAction\":[{\"@type\":\"ReadAction\",\"target\":[\"https:\/\/www.nexoinformativo.mx\/index.php\/2024\/11\/24\/sheinbaum-destaca-el-papel-de-la-armada-en-el-desarrollo-de-mexico-y-anuncia-ampliacion-del-puerto-de-manzanillo\/\"]}]},{\"@type\":\"ImageObject\",\"inLanguage\":\"es\",\"@id\":\"https:\/\/www.nexoinformativo.mx\/index.php\/2024\/11\/24\/sheinbaum-destaca-el-papel-de-la-armada-en-el-desarrollo-de-mexico-y-anuncia-ampliacion-del-puerto-de-manzanillo\/#primaryimage\",\"url\":\"https:\/\/www.nexoinformativo.mx\/wp-content\/uploads\/2024\/11\/IMG_8108.jpg\",\"contentUrl\":\"https:\/\/www.nexoinformativo.mx\/wp-content\/uploads\/2024\/11\/IMG_8108.jpg\",\"width\":650,\"height\":380},{\"@type\":\"BreadcrumbList\",\"@id\":\"https:\/\/www.nexoinformativo.mx\/index.php\/2024\/11\/24\/sheinbaum-destaca-el-papel-de-la-armada-en-el-desarrollo-de-mexico-y-anuncia-ampliacion-del-puerto-de-manzanillo\/#breadcrumb\",\"itemListElement\":[{\"@type\":\"ListItem\",\"position\":1,\"name\":\"Inicio\",\"item\":\"https:\/\/www.nexoinformativo.mx\/\"},{\"@type\":\"ListItem\",\"position\":2,\"name\":\"Sheinbaum destaca el papel de la Armada en el desarrollo de M\u00e9xico y anuncia ampliaci\u00f3n del puerto de Manzanillo\"}]},{\"@type\":\"WebSite\",\"@id\":\"https:\/\/www.nexoinformativo.mx\/#website\",\"url\":\"https:\/\/www.nexoinformativo.mx\/\",\"name\":\"Nexo Informativo Santiago de Quer\u00e9taro\",\"description\":\"Explora NexoInformativo y convi\u00e9rtete en parte de una comunidad que valora el conocimiento y la verdad. Tu nexoinformativo es tu puente hacia una comprensi\u00f3n m\u00e1s profunda del mundo que te rodea.\",\"publisher\":{\"@id\":\"https:\/\/www.nexoinformativo.mx\/#organization\"},\"potentialAction\":[{\"@type\":\"SearchAction\",\"target\":{\"@type\":\"EntryPoint\",\"urlTemplate\":\"https:\/\/www.nexoinformativo.mx\/?s={search_term_string}\"},\"query-input\":{\"@type\":\"PropertyValueSpecification\",\"valueRequired\":true,\"valueName\":\"search_term_string\"}}],\"inLanguage\":\"es\"},{\"@type\":\"Organization\",\"@id\":\"https:\/\/www.nexoinformativo.mx\/#organization\",\"name\":\"Nexo Informativo Santiago de Quer\u00e9taro\",\"url\":\"https:\/\/www.nexoinformativo.mx\/\",\"logo\":{\"@type\":\"ImageObject\",\"inLanguage\":\"es\",\"@id\":\"https:\/\/www.nexoinformativo.mx\/#\/schema\/logo\/image\/\",\"url\":\"https:\/\/www.nexoinformativo.mx\/wp-content\/uploads\/2024\/07\/nexoi-trasparente-2.png\",\"contentUrl\":\"https:\/\/www.nexoinformativo.mx\/wp-content\/uploads\/2024\/07\/nexoi-trasparente-2.png\",\"width\":816,\"height\":339,\"caption\":\"Nexo Informativo Santiago de Quer\u00e9taro\"},\"image\":{\"@id\":\"https:\/\/www.nexoinformativo.mx\/#\/schema\/logo\/image\/\"},\"sameAs\":[\"https:\/\/www.facebook.com\/people\/Nexo-Informativo\/61564066885511\/\"]},{\"@type\":\"Person\",\"@id\":\"https:\/\/www.nexoinformativo.mx\/#\/schema\/person\/7749d380ba08c8ca00d7bc76fd907b7d\",\"name\":\"Nexo Informativo\",\"image\":{\"@type\":\"ImageObject\",\"inLanguage\":\"es\",\"@id\":\"https:\/\/www.nexoinformativo.mx\/#\/schema\/person\/image\/\",\"url\":\"https:\/\/secure.gravatar.com\/avatar\/dde2928154642a13d95f87ddf1ea9718fe2b46760a005c53e41ff5ad610704e6?s=96&d=mm&r=g\",\"contentUrl\":\"https:\/\/secure.gravatar.com\/avatar\/dde2928154642a13d95f87ddf1ea9718fe2b46760a005c53e41ff5ad610704e6?s=96&d=mm&r=g\",\"caption\":\"Nexo Informativo\"},\"url\":\"https:\/\/www.nexoinformativo.mx\/index.php\/author\/edicion\/\"}]}<\/script>\n<!-- \/ Yoast SEO plugin. -->","yoast_head_json":{"title":"Sheinbaum destaca el papel de la Armada en el desarrollo de M\u00e9xico y anuncia ampliaci\u00f3n del puerto de Manzanillo | Nexo Informativo Santiago de Quer\u00e9taro","description":"Sheinbaum destaca el papel de la Armada en el desarrollo de M\u00e9xico y anuncia ampliaci\u00f3n del puerto de Manzanillo","robots":{"index":"index","follow":"follow","max-snippet":"max-snippet:-1","max-image-preview":"max-image-preview:large","max-video-preview":"max-video-preview:-1"},"canonical":"https:\/\/www.nexoinformativo.mx\/index.php\/2024\/11\/24\/sheinbaum-destaca-el-papel-de-la-armada-en-el-desarrollo-de-mexico-y-anuncia-ampliacion-del-puerto-de-manzanillo\/","og_locale":"es_MX","og_type":"article","og_title":"Sheinbaum destaca el papel de la Armada en el desarrollo de M\u00e9xico y anuncia ampliaci\u00f3n del puerto de Manzanillo | Nexo Informativo Santiago de Quer\u00e9taro","og_description":"Sheinbaum destaca el papel de la Armada en el desarrollo de M\u00e9xico y anuncia ampliaci\u00f3n del puerto de Manzanillo","og_url":"https:\/\/www.nexoinformativo.mx\/index.php\/2024\/11\/24\/sheinbaum-destaca-el-papel-de-la-armada-en-el-desarrollo-de-mexico-y-anuncia-ampliacion-del-puerto-de-manzanillo\/","og_site_name":"Nexo Informativo Santiago de Quer\u00e9taro","article_publisher":"https:\/\/www.facebook.com\/people\/Nexo-Informativo\/61564066885511\/","article_published_time":"2024-11-24T20:00:18+00:00","article_modified_time":"2024-11-25T00:44:51+00:00","og_image":[{"width":650,"height":380,"url":"https:\/\/www.nexoinformativo.mx\/wp-content\/uploads\/2024\/11\/IMG_8108.jpg","type":"image\/jpeg"}],"author":"Nexo Informativo","twitter_card":"summary_large_image","twitter_misc":{"Escrito por":"Nexo Informativo","Tiempo de lectura":"2 minutos"},"schema":{"@context":"https:\/\/schema.org","@graph":[{"@type":"Article","@id":"https:\/\/www.nexoinformativo.mx\/index.php\/2024\/11\/24\/sheinbaum-destaca-el-papel-de-la-armada-en-el-desarrollo-de-mexico-y-anuncia-ampliacion-del-puerto-de-manzanillo\/#article","isPartOf":{"@id":"https:\/\/www.nexoinformativo.mx\/index.php\/2024\/11\/24\/sheinbaum-destaca-el-papel-de-la-armada-en-el-desarrollo-de-mexico-y-anuncia-ampliacion-del-puerto-de-manzanillo\/"},"author":{"name":"Nexo Informativo","@id":"https:\/\/www.nexoinformativo.mx\/#\/schema\/person\/7749d380ba08c8ca00d7bc76fd907b7d"},"headline":"Sheinbaum destaca el papel de la Armada en el desarrollo de M\u00e9xico y anuncia ampliaci\u00f3n del puerto de Manzanillo","datePublished":"2024-11-24T20:00:18+00:00","dateModified":"2024-11-25T00:44:51+00:00","mainEntityOfPage":{"@id":"https:\/\/www.nexoinformativo.mx\/index.php\/2024\/11\/24\/sheinbaum-destaca-el-papel-de-la-armada-en-el-desarrollo-de-mexico-y-anuncia-ampliacion-del-puerto-de-manzanillo\/"},"wordCount":271,"commentCount":0,"publisher":{"@id":"https:\/\/www.nexoinformativo.mx\/#organization"},"image":{"@id":"https:\/\/www.nexoinformativo.mx\/index.php\/2024\/11\/24\/sheinbaum-destaca-el-papel-de-la-armada-en-el-desarrollo-de-mexico-y-anuncia-ampliacion-del-puerto-de-manzanillo\/#primaryimage"},"thumbnailUrl":"https:\/\/www.nexoinformativo.mx\/wp-content\/uploads\/2024\/11\/IMG_8108.jpg","keywords":["ArmadaDeM\u00e9xico","DesarrolloPortuario","Manzanillo","Sheinbaum"],"articleSection":["Nacional","\u00daltima Hora"],"inLanguage":"es","potentialAction":[{"@type":"CommentAction","name":"Comment","target":["https:\/\/www.nexoinformativo.mx\/index.php\/2024\/11\/24\/sheinbaum-destaca-el-papel-de-la-armada-en-el-desarrollo-de-mexico-y-anuncia-ampliacion-del-puerto-de-manzanillo\/#respond"]}]},{"@type":"WebPage","@id":"https:\/\/www.nexoinformativo.mx\/index.php\/2024\/11\/24\/sheinbaum-destaca-el-papel-de-la-armada-en-el-desarrollo-de-mexico-y-anuncia-ampliacion-del-puerto-de-manzanillo\/","url":"https:\/\/www.nexoinformativo.mx\/index.php\/2024\/11\/24\/sheinbaum-destaca-el-papel-de-la-armada-en-el-desarrollo-de-mexico-y-anuncia-ampliacion-del-puerto-de-manzanillo\/","name":"Sheinbaum destaca el papel de la Armada en el desarrollo de M\u00e9xico y anuncia ampliaci\u00f3n del puerto de Manzanillo | Nexo Informativo Santiago de Quer\u00e9taro","isPartOf":{"@id":"https:\/\/www.nexoinformativo.mx\/#website"},"primaryImageOfPage":{"@id":"https:\/\/www.nexoinformativo.mx\/index.php\/2024\/11\/24\/sheinbaum-destaca-el-papel-de-la-armada-en-el-desarrollo-de-mexico-y-anuncia-ampliacion-del-puerto-de-manzanillo\/#primaryimage"},"image":{"@id":"https:\/\/www.nexoinformativo.mx\/index.php\/2024\/11\/24\/sheinbaum-destaca-el-papel-de-la-armada-en-el-desarrollo-de-mexico-y-anuncia-ampliacion-del-puerto-de-manzanillo\/#primaryimage"},"thumbnailUrl":"https:\/\/www.nexoinformativo.mx\/wp-content\/uploads\/2024\/11\/IMG_8108.jpg","datePublished":"2024-11-24T20:00:18+00:00","dateModified":"2024-11-25T00:44:51+00:00","description":"Sheinbaum destaca el papel de la Armada en el desarrollo de M\u00e9xico y anuncia ampliaci\u00f3n del puerto de Manzanillo","breadcrumb":{"@id":"https:\/\/www.nexoinformativo.mx\/index.php\/2024\/11\/24\/sheinbaum-destaca-el-papel-de-la-armada-en-el-desarrollo-de-mexico-y-anuncia-ampliacion-del-puerto-de-manzanillo\/#breadcrumb"},"inLanguage":"es","potentialAction":[{"@type":"ReadAction","target":["https:\/\/www.nexoinformativo.mx\/index.php\/2024\/11\/24\/sheinbaum-destaca-el-papel-de-la-armada-en-el-desarrollo-de-mexico-y-anuncia-ampliacion-del-puerto-de-manzanillo\/"]}]},{"@type":"ImageObject","inLanguage":"es","@id":"https:\/\/www.nexoinformativo.mx\/index.php\/2024\/11\/24\/sheinbaum-destaca-el-papel-de-la-armada-en-el-desarrollo-de-mexico-y-anuncia-ampliacion-del-puerto-de-manzanillo\/#primaryimage","url":"https:\/\/www.nexoinformativo.mx\/wp-content\/uploads\/2024\/11\/IMG_8108.jpg","contentUrl":"https:\/\/www.nexoinformativo.mx\/wp-content\/uploads\/2024\/11\/IMG_8108.jpg","width":650,"height":380},{"@type":"BreadcrumbList","@id":"https:\/\/www.nexoinformativo.mx\/index.php\/2024\/11\/24\/sheinbaum-destaca-el-papel-de-la-armada-en-el-desarrollo-de-mexico-y-anuncia-ampliacion-del-puerto-de-manzanillo\/#breadcrumb","itemListElement":[{"@type":"ListItem","position":1,"name":"Inicio","item":"https:\/\/www.nexoinformativo.mx\/"},{"@type":"ListItem","position":2,"name":"Sheinbaum destaca el papel de la Armada en el desarrollo de M\u00e9xico y anuncia ampliaci\u00f3n del puerto de Manzanillo"}]},{"@type":"WebSite","@id":"https:\/\/www.nexoinformativo.mx\/#website","url":"https:\/\/www.nexoinformativo.mx\/","name":"Nexo Informativo Santiago de Quer\u00e9taro","description":"Explora NexoInformativo y convi\u00e9rtete en parte de una comunidad que valora el conocimiento y la verdad. Tu nexoinformativo es tu puente hacia una comprensi\u00f3n m\u00e1s profunda del mundo que te rodea.","publisher":{"@id":"https:\/\/www.nexoinformativo.mx\/#organization"},"potentialAction":[{"@type":"SearchAction","target":{"@type":"EntryPoint","urlTemplate":"https:\/\/www.nexoinformativo.mx\/?s={search_term_string}"},"query-input":{"@type":"PropertyValueSpecification","valueRequired":true,"valueName":"search_term_string"}}],"inLanguage":"es"},{"@type":"Organization","@id":"https:\/\/www.nexoinformativo.mx\/#organization","name":"Nexo Informativo Santiago de Quer\u00e9taro","url":"https:\/\/www.nexoinformativo.mx\/","logo":{"@type":"ImageObject","inLanguage":"es","@id":"https:\/\/www.nexoinformativo.mx\/#\/schema\/logo\/image\/","url":"https:\/\/www.nexoinformativo.mx\/wp-content\/uploads\/2024\/07\/nexoi-trasparente-2.png","contentUrl":"https:\/\/www.nexoinformativo.mx\/wp-content\/uploads\/2024\/07\/nexoi-trasparente-2.png","width":816,"height":339,"caption":"Nexo Informativo Santiago de Quer\u00e9taro"},"image":{"@id":"https:\/\/www.nexoinformativo.mx\/#\/schema\/logo\/image\/"},"sameAs":["https:\/\/www.facebook.com\/people\/Nexo-Informativo\/61564066885511\/"]},{"@type":"Person","@id":"https:\/\/www.nexoinformativo.mx\/#\/schema\/person\/7749d380ba08c8ca00d7bc76fd907b7d","name":"Nexo Informativo","image":{"@type":"ImageObject","inLanguage":"es","@id":"https:\/\/www.nexoinformativo.mx\/#\/schema\/person\/image\/","url":"https:\/\/secure.gravatar.com\/avatar\/dde2928154642a13d95f87ddf1ea9718fe2b46760a005c53e41ff5ad610704e6?s=96&d=mm&r=g","contentUrl":"https:\/\/secure.gravatar.com\/avatar\/dde2928154642a13d95f87ddf1ea9718fe2b46760a005c53e41ff5ad610704e6?s=96&d=mm&r=g","caption":"Nexo Informativo"},"url":"https:\/\/www.nexoinformativo.mx\/index.php\/author\/edicion\/"}]}},"_links":{"self":[{"href":"https:\/\/www.nexoinformativo.mx\/index.php\/wp-json\/wp\/v2\/posts\/6795","targetHints":{"allow":["GET"]}}],"collection":[{"href":"https:\/\/www.nexoinformativo.mx\/index.php\/wp-json\/wp\/v2\/posts"}],"about":[{"href":"https:\/\/www.nexoinformativo.mx\/index.php\/wp-json\/wp\/v2\/types\/post"}],"author":[{"embeddable":true,"href":"https:\/\/www.nexoinformativo.mx\/index.php\/wp-json\/wp\/v2\/users\/3"}],"replies":[{"embeddable":true,"href":"https:\/\/www.nexoinformativo.mx\/index.php\/wp-json\/wp\/v2\/comments?post=6795"}],"version-history":[{"count":4,"href":"https:\/\/www.nexoinformativo.mx\/index.php\/wp-json\/wp\/v2\/posts\/6795\/revisions"}],"predecessor-version":[{"id":6815,"href":"https:\/\/www.nexoinformativo.mx\/index.php\/wp-json\/wp\/v2\/posts\/6795\/revisions\/6815"}],"wp:featuredmedia":[{"embeddable":true,"href":"https:\/\/www.nexoinformativo.mx\/index.php\/wp-json\/wp\/v2\/media\/6796"}],"wp:attachment":[{"href":"https:\/\/www.nexoinformativo.mx\/index.php\/wp-json\/wp\/v2\/media?parent=6795"}],"wp:term":[{"taxonomy":"category","embeddable":true,"href":"https:\/\/www.nexoinformativo.mx\/index.php\/wp-json\/wp\/v2\/categories?post=6795"},{"taxonomy":"post_tag","embeddable":true,"href":"https:\/\/www.nexoinformativo.mx\/index.php\/wp-json\/wp\/v2\/tags?post=6795"}],"curies":[{"name":"wp","href":"https:\/\/api.w.org\/{rel}","templated":true}]}}