{"id":6807,"date":"2024-11-24T16:00:29","date_gmt":"2024-11-24T22:00:29","guid":{"rendered":"https:\/\/www.nexoinformativo.mx\/?p=6807"},"modified":"2024-11-24T18:43:04","modified_gmt":"2024-11-25T00:43:04","slug":"queretaro-refuerza-vigilancia-epidemiologica-del-dengue-ante-incremento-de-casos","status":"publish","type":"post","link":"https:\/\/www.nexoinformativo.mx\/index.php\/2024\/11\/24\/queretaro-refuerza-vigilancia-epidemiologica-del-dengue-ante-incremento-de-casos\/","title":{"rendered":"Quer\u00e9taro refuerza vigilancia epidemiol\u00f3gica del Dengue ante incremento de casos"},"content":{"rendered":"<p style=\"text-align: justify;\">La Secretar\u00eda de Salud (SESA) del estado de Quer\u00e9taro exhorta a la poblaci\u00f3n a adoptar y reforzar las medidas preventivas ante el aumento en el n\u00famero de casos de dengue.<\/p>\n<p>&nbsp;<\/p>\n<p style=\"text-align: justify;\">Es crucial eliminar los criaderos de mosquitos, protegerse de las picaduras y buscar atenci\u00f3n m\u00e9dica inmediata en caso de presentar s\u00edntomas.<\/p>\n<p>&nbsp;<\/p>\n<p style=\"text-align: justify;\">Hasta el 21 de noviembre de 2024, Quer\u00e9taro ha registrado 2,624 casos positivos de dengue, con un total de 2,041 casos de dengue no grave, 532 casos con signos de alarma y 51 casos de dengue grave. Adem\u00e1s, se han reportado dos defunciones. A nivel nacional, se han contabilizado 110,281 casos positivos y 262 defunciones.<\/p>\n<p>&nbsp;<\/p>\n<p style=\"text-align: justify;\">Las brigadas de vectores han realizado acciones de control en 101 localidades, recolectando 47 toneladas de cacharros y efectuando control larvario en 47,815 casas.<\/p>\n<p>&nbsp;<\/p>\n<p style=\"text-align: justify;\">Adem\u00e1s, se ha llevado a cabo rociado intradomiciliario y fumigaci\u00f3n espacial en diversas \u00e1reas, colocando ovitrampas para monitorear la poblaci\u00f3n de mosquitos.<\/p>\n<p>&nbsp;<\/p>\n<p style=\"text-align: justify;\">El dengue es una enfermedad viral transmitida por el mosquito Aedes aegypti. Los s\u00edntomas incluyen fiebre, dolor de cabeza, n\u00e1useas, dolor muscular y articular, entre otros. Es fundamental no automedicarse y acudir a la unidad de salud m\u00e1s cercana en caso de presentar s\u00edntomas.<\/p>\n<p>&nbsp;<\/p>\n<p style=\"text-align: center;\"><em><strong>\u00a1Informaci\u00f3n que transforma!<\/strong><\/em><\/p>\n","protected":false},"excerpt":{"rendered":"<p>La Secretar\u00eda de Salud (SESA) del estado de Quer\u00e9taro exhorta a la poblaci\u00f3n a adoptar y reforzar las medidas preventivas ante el aumento en el n\u00famero de casos de dengue.<\/p>\n","protected":false},"author":3,"featured_media":6808,"comment_status":"open","ping_status":"open","sticky":false,"template":"","format":"standard","meta":{"footnotes":""},"categories":[42,58],"tags":[2295,948,1054,2294],"class_list":["post-6807","post","type-post","status-publish","format-standard","has-post-thumbnail","hentry","category-estado","category-ultima-hora","tag-denguemexico","tag-prevenciondengue","tag-saludqueretaro","tag-vigilanciaepidemiologica"],"yoast_head":"<!-- This site is optimized with the Yoast SEO plugin v25.0 - https:\/\/yoast.com\/wordpress\/plugins\/seo\/ -->\n<title>Quer\u00e9taro refuerza vigilancia epidemiol\u00f3gica del Dengue ante incremento de casos | Nexo Informativo Santiago de Quer\u00e9taro<\/title>\n<meta name=\"description\" content=\"Quer\u00e9taro refuerza vigilancia epidemiol\u00f3gica del Dengue ante incremento de casos\" \/>\n<meta name=\"robots\" content=\"index, follow, max-snippet:-1, max-image-preview:large, max-video-preview:-1\" \/>\n<link rel=\"canonical\" href=\"https:\/\/www.nexoinformativo.mx\/index.php\/2024\/11\/24\/queretaro-refuerza-vigilancia-epidemiologica-del-dengue-ante-incremento-de-casos\/\" \/>\n<meta property=\"og:locale\" content=\"es_MX\" \/>\n<meta property=\"og:type\" content=\"article\" \/>\n<meta property=\"og:title\" content=\"Quer\u00e9taro refuerza vigilancia epidemiol\u00f3gica del Dengue ante incremento de casos | Nexo Informativo Santiago de Quer\u00e9taro\" \/>\n<meta property=\"og:description\" content=\"Quer\u00e9taro refuerza vigilancia epidemiol\u00f3gica del Dengue ante incremento de casos\" \/>\n<meta property=\"og:url\" content=\"https:\/\/www.nexoinformativo.mx\/index.php\/2024\/11\/24\/queretaro-refuerza-vigilancia-epidemiologica-del-dengue-ante-incremento-de-casos\/\" \/>\n<meta property=\"og:site_name\" content=\"Nexo Informativo Santiago de Quer\u00e9taro\" \/>\n<meta property=\"article:publisher\" content=\"https:\/\/www.facebook.com\/people\/Nexo-Informativo\/61564066885511\/\" \/>\n<meta property=\"article:published_time\" content=\"2024-11-24T22:00:29+00:00\" \/>\n<meta property=\"article:modified_time\" content=\"2024-11-25T00:43:04+00:00\" \/>\n<meta property=\"og:image\" content=\"https:\/\/www.nexoinformativo.mx\/wp-content\/uploads\/2024\/11\/PHOTO-2024-11-24-18-20-32-e1732495332241.jpg\" \/>\n\t<meta property=\"og:image:width\" content=\"700\" \/>\n\t<meta property=\"og:image:height\" content=\"700\" \/>\n\t<meta property=\"og:image:type\" content=\"image\/jpeg\" \/>\n<meta name=\"author\" content=\"Nexo Informativo\" \/>\n<meta name=\"twitter:card\" content=\"summary_large_image\" \/>\n<meta name=\"twitter:label1\" content=\"Escrito por\" \/>\n\t<meta name=\"twitter:data1\" content=\"Nexo Informativo\" \/>\n\t<meta name=\"twitter:label2\" content=\"Tiempo de lectura\" \/>\n\t<meta name=\"twitter:data2\" content=\"2 minutos\" \/>\n<script type=\"application\/ld+json\" class=\"yoast-schema-graph\">{\"@context\":\"https:\/\/schema.org\",\"@graph\":[{\"@type\":\"Article\",\"@id\":\"https:\/\/www.nexoinformativo.mx\/index.php\/2024\/11\/24\/queretaro-refuerza-vigilancia-epidemiologica-del-dengue-ante-incremento-de-casos\/#article\",\"isPartOf\":{\"@id\":\"https:\/\/www.nexoinformativo.mx\/index.php\/2024\/11\/24\/queretaro-refuerza-vigilancia-epidemiologica-del-dengue-ante-incremento-de-casos\/\"},\"author\":{\"name\":\"Nexo Informativo\",\"@id\":\"https:\/\/www.nexoinformativo.mx\/#\/schema\/person\/7749d380ba08c8ca00d7bc76fd907b7d\"},\"headline\":\"Quer\u00e9taro refuerza vigilancia epidemiol\u00f3gica del Dengue ante incremento de casos\",\"datePublished\":\"2024-11-24T22:00:29+00:00\",\"dateModified\":\"2024-11-25T00:43:04+00:00\",\"mainEntityOfPage\":{\"@id\":\"https:\/\/www.nexoinformativo.mx\/index.php\/2024\/11\/24\/queretaro-refuerza-vigilancia-epidemiologica-del-dengue-ante-incremento-de-casos\/\"},\"wordCount\":223,\"commentCount\":0,\"publisher\":{\"@id\":\"https:\/\/www.nexoinformativo.mx\/#organization\"},\"image\":{\"@id\":\"https:\/\/www.nexoinformativo.mx\/index.php\/2024\/11\/24\/queretaro-refuerza-vigilancia-epidemiologica-del-dengue-ante-incremento-de-casos\/#primaryimage\"},\"thumbnailUrl\":\"https:\/\/www.nexoinformativo.mx\/wp-content\/uploads\/2024\/11\/PHOTO-2024-11-24-18-20-32-e1732495332241.jpg\",\"keywords\":[\"DengueM\u00e9xico\",\"Prevenci\u00f3nDengue\",\"SaludQuer\u00e9taro\",\"VigilanciaEpidemiol\u00f3gica\"],\"articleSection\":[\"Estado\",\"\u00daltima Hora\"],\"inLanguage\":\"es\",\"potentialAction\":[{\"@type\":\"CommentAction\",\"name\":\"Comment\",\"target\":[\"https:\/\/www.nexoinformativo.mx\/index.php\/2024\/11\/24\/queretaro-refuerza-vigilancia-epidemiologica-del-dengue-ante-incremento-de-casos\/#respond\"]}]},{\"@type\":\"WebPage\",\"@id\":\"https:\/\/www.nexoinformativo.mx\/index.php\/2024\/11\/24\/queretaro-refuerza-vigilancia-epidemiologica-del-dengue-ante-incremento-de-casos\/\",\"url\":\"https:\/\/www.nexoinformativo.mx\/index.php\/2024\/11\/24\/queretaro-refuerza-vigilancia-epidemiologica-del-dengue-ante-incremento-de-casos\/\",\"name\":\"Quer\u00e9taro refuerza vigilancia epidemiol\u00f3gica del Dengue ante incremento de casos | Nexo Informativo Santiago de Quer\u00e9taro\",\"isPartOf\":{\"@id\":\"https:\/\/www.nexoinformativo.mx\/#website\"},\"primaryImageOfPage\":{\"@id\":\"https:\/\/www.nexoinformativo.mx\/index.php\/2024\/11\/24\/queretaro-refuerza-vigilancia-epidemiologica-del-dengue-ante-incremento-de-casos\/#primaryimage\"},\"image\":{\"@id\":\"https:\/\/www.nexoinformativo.mx\/index.php\/2024\/11\/24\/queretaro-refuerza-vigilancia-epidemiologica-del-dengue-ante-incremento-de-casos\/#primaryimage\"},\"thumbnailUrl\":\"https:\/\/www.nexoinformativo.mx\/wp-content\/uploads\/2024\/11\/PHOTO-2024-11-24-18-20-32-e1732495332241.jpg\",\"datePublished\":\"2024-11-24T22:00:29+00:00\",\"dateModified\":\"2024-11-25T00:43:04+00:00\",\"description\":\"Quer\u00e9taro refuerza vigilancia epidemiol\u00f3gica del Dengue ante incremento de casos\",\"breadcrumb\":{\"@id\":\"https:\/\/www.nexoinformativo.mx\/index.php\/2024\/11\/24\/queretaro-refuerza-vigilancia-epidemiologica-del-dengue-ante-incremento-de-casos\/#breadcrumb\"},\"inLanguage\":\"es\",\"potentialAction\":[{\"@type\":\"ReadAction\",\"target\":[\"https:\/\/www.nexoinformativo.mx\/index.php\/2024\/11\/24\/queretaro-refuerza-vigilancia-epidemiologica-del-dengue-ante-incremento-de-casos\/\"]}]},{\"@type\":\"ImageObject\",\"inLanguage\":\"es\",\"@id\":\"https:\/\/www.nexoinformativo.mx\/index.php\/2024\/11\/24\/queretaro-refuerza-vigilancia-epidemiologica-del-dengue-ante-incremento-de-casos\/#primaryimage\",\"url\":\"https:\/\/www.nexoinformativo.mx\/wp-content\/uploads\/2024\/11\/PHOTO-2024-11-24-18-20-32-e1732495332241.jpg\",\"contentUrl\":\"https:\/\/www.nexoinformativo.mx\/wp-content\/uploads\/2024\/11\/PHOTO-2024-11-24-18-20-32-e1732495332241.jpg\",\"width\":700,\"height\":700},{\"@type\":\"BreadcrumbList\",\"@id\":\"https:\/\/www.nexoinformativo.mx\/index.php\/2024\/11\/24\/queretaro-refuerza-vigilancia-epidemiologica-del-dengue-ante-incremento-de-casos\/#breadcrumb\",\"itemListElement\":[{\"@type\":\"ListItem\",\"position\":1,\"name\":\"Inicio\",\"item\":\"https:\/\/www.nexoinformativo.mx\/\"},{\"@type\":\"ListItem\",\"position\":2,\"name\":\"Quer\u00e9taro refuerza vigilancia epidemiol\u00f3gica del Dengue ante incremento de casos\"}]},{\"@type\":\"WebSite\",\"@id\":\"https:\/\/www.nexoinformativo.mx\/#website\",\"url\":\"https:\/\/www.nexoinformativo.mx\/\",\"name\":\"Nexo Informativo Santiago de Quer\u00e9taro\",\"description\":\"Explora NexoInformativo y convi\u00e9rtete en parte de una comunidad que valora el conocimiento y la verdad. Tu nexoinformativo es tu puente hacia una comprensi\u00f3n m\u00e1s profunda del mundo que te rodea.\",\"publisher\":{\"@id\":\"https:\/\/www.nexoinformativo.mx\/#organization\"},\"potentialAction\":[{\"@type\":\"SearchAction\",\"target\":{\"@type\":\"EntryPoint\",\"urlTemplate\":\"https:\/\/www.nexoinformativo.mx\/?s={search_term_string}\"},\"query-input\":{\"@type\":\"PropertyValueSpecification\",\"valueRequired\":true,\"valueName\":\"search_term_string\"}}],\"inLanguage\":\"es\"},{\"@type\":\"Organization\",\"@id\":\"https:\/\/www.nexoinformativo.mx\/#organization\",\"name\":\"Nexo Informativo Santiago de Quer\u00e9taro\",\"url\":\"https:\/\/www.nexoinformativo.mx\/\",\"logo\":{\"@type\":\"ImageObject\",\"inLanguage\":\"es\",\"@id\":\"https:\/\/www.nexoinformativo.mx\/#\/schema\/logo\/image\/\",\"url\":\"https:\/\/www.nexoinformativo.mx\/wp-content\/uploads\/2024\/07\/nexoi-trasparente-2.png\",\"contentUrl\":\"https:\/\/www.nexoinformativo.mx\/wp-content\/uploads\/2024\/07\/nexoi-trasparente-2.png\",\"width\":816,\"height\":339,\"caption\":\"Nexo Informativo Santiago de Quer\u00e9taro\"},\"image\":{\"@id\":\"https:\/\/www.nexoinformativo.mx\/#\/schema\/logo\/image\/\"},\"sameAs\":[\"https:\/\/www.facebook.com\/people\/Nexo-Informativo\/61564066885511\/\"]},{\"@type\":\"Person\",\"@id\":\"https:\/\/www.nexoinformativo.mx\/#\/schema\/person\/7749d380ba08c8ca00d7bc76fd907b7d\",\"name\":\"Nexo Informativo\",\"image\":{\"@type\":\"ImageObject\",\"inLanguage\":\"es\",\"@id\":\"https:\/\/www.nexoinformativo.mx\/#\/schema\/person\/image\/\",\"url\":\"https:\/\/secure.gravatar.com\/avatar\/dde2928154642a13d95f87ddf1ea9718fe2b46760a005c53e41ff5ad610704e6?s=96&d=mm&r=g\",\"contentUrl\":\"https:\/\/secure.gravatar.com\/avatar\/dde2928154642a13d95f87ddf1ea9718fe2b46760a005c53e41ff5ad610704e6?s=96&d=mm&r=g\",\"caption\":\"Nexo Informativo\"},\"url\":\"https:\/\/www.nexoinformativo.mx\/index.php\/author\/edicion\/\"}]}<\/script>\n<!-- \/ Yoast SEO plugin. -->","yoast_head_json":{"title":"Quer\u00e9taro refuerza vigilancia epidemiol\u00f3gica del Dengue ante incremento de casos | Nexo Informativo Santiago de Quer\u00e9taro","description":"Quer\u00e9taro refuerza vigilancia epidemiol\u00f3gica del Dengue ante incremento de casos","robots":{"index":"index","follow":"follow","max-snippet":"max-snippet:-1","max-image-preview":"max-image-preview:large","max-video-preview":"max-video-preview:-1"},"canonical":"https:\/\/www.nexoinformativo.mx\/index.php\/2024\/11\/24\/queretaro-refuerza-vigilancia-epidemiologica-del-dengue-ante-incremento-de-casos\/","og_locale":"es_MX","og_type":"article","og_title":"Quer\u00e9taro refuerza vigilancia epidemiol\u00f3gica del Dengue ante incremento de casos | Nexo Informativo Santiago de Quer\u00e9taro","og_description":"Quer\u00e9taro refuerza vigilancia epidemiol\u00f3gica del Dengue ante incremento de casos","og_url":"https:\/\/www.nexoinformativo.mx\/index.php\/2024\/11\/24\/queretaro-refuerza-vigilancia-epidemiologica-del-dengue-ante-incremento-de-casos\/","og_site_name":"Nexo Informativo Santiago de Quer\u00e9taro","article_publisher":"https:\/\/www.facebook.com\/people\/Nexo-Informativo\/61564066885511\/","article_published_time":"2024-11-24T22:00:29+00:00","article_modified_time":"2024-11-25T00:43:04+00:00","og_image":[{"width":700,"height":700,"url":"https:\/\/www.nexoinformativo.mx\/wp-content\/uploads\/2024\/11\/PHOTO-2024-11-24-18-20-32-e1732495332241.jpg","type":"image\/jpeg"}],"author":"Nexo Informativo","twitter_card":"summary_large_image","twitter_misc":{"Escrito por":"Nexo Informativo","Tiempo de lectura":"2 minutos"},"schema":{"@context":"https:\/\/schema.org","@graph":[{"@type":"Article","@id":"https:\/\/www.nexoinformativo.mx\/index.php\/2024\/11\/24\/queretaro-refuerza-vigilancia-epidemiologica-del-dengue-ante-incremento-de-casos\/#article","isPartOf":{"@id":"https:\/\/www.nexoinformativo.mx\/index.php\/2024\/11\/24\/queretaro-refuerza-vigilancia-epidemiologica-del-dengue-ante-incremento-de-casos\/"},"author":{"name":"Nexo Informativo","@id":"https:\/\/www.nexoinformativo.mx\/#\/schema\/person\/7749d380ba08c8ca00d7bc76fd907b7d"},"headline":"Quer\u00e9taro refuerza vigilancia epidemiol\u00f3gica del Dengue ante incremento de casos","datePublished":"2024-11-24T22:00:29+00:00","dateModified":"2024-11-25T00:43:04+00:00","mainEntityOfPage":{"@id":"https:\/\/www.nexoinformativo.mx\/index.php\/2024\/11\/24\/queretaro-refuerza-vigilancia-epidemiologica-del-dengue-ante-incremento-de-casos\/"},"wordCount":223,"commentCount":0,"publisher":{"@id":"https:\/\/www.nexoinformativo.mx\/#organization"},"image":{"@id":"https:\/\/www.nexoinformativo.mx\/index.php\/2024\/11\/24\/queretaro-refuerza-vigilancia-epidemiologica-del-dengue-ante-incremento-de-casos\/#primaryimage"},"thumbnailUrl":"https:\/\/www.nexoinformativo.mx\/wp-content\/uploads\/2024\/11\/PHOTO-2024-11-24-18-20-32-e1732495332241.jpg","keywords":["DengueM\u00e9xico","Prevenci\u00f3nDengue","SaludQuer\u00e9taro","VigilanciaEpidemiol\u00f3gica"],"articleSection":["Estado","\u00daltima Hora"],"inLanguage":"es","potentialAction":[{"@type":"CommentAction","name":"Comment","target":["https:\/\/www.nexoinformativo.mx\/index.php\/2024\/11\/24\/queretaro-refuerza-vigilancia-epidemiologica-del-dengue-ante-incremento-de-casos\/#respond"]}]},{"@type":"WebPage","@id":"https:\/\/www.nexoinformativo.mx\/index.php\/2024\/11\/24\/queretaro-refuerza-vigilancia-epidemiologica-del-dengue-ante-incremento-de-casos\/","url":"https:\/\/www.nexoinformativo.mx\/index.php\/2024\/11\/24\/queretaro-refuerza-vigilancia-epidemiologica-del-dengue-ante-incremento-de-casos\/","name":"Quer\u00e9taro refuerza vigilancia epidemiol\u00f3gica del Dengue ante incremento de casos | Nexo Informativo Santiago de Quer\u00e9taro","isPartOf":{"@id":"https:\/\/www.nexoinformativo.mx\/#website"},"primaryImageOfPage":{"@id":"https:\/\/www.nexoinformativo.mx\/index.php\/2024\/11\/24\/queretaro-refuerza-vigilancia-epidemiologica-del-dengue-ante-incremento-de-casos\/#primaryimage"},"image":{"@id":"https:\/\/www.nexoinformativo.mx\/index.php\/2024\/11\/24\/queretaro-refuerza-vigilancia-epidemiologica-del-dengue-ante-incremento-de-casos\/#primaryimage"},"thumbnailUrl":"https:\/\/www.nexoinformativo.mx\/wp-content\/uploads\/2024\/11\/PHOTO-2024-11-24-18-20-32-e1732495332241.jpg","datePublished":"2024-11-24T22:00:29+00:00","dateModified":"2024-11-25T00:43:04+00:00","description":"Quer\u00e9taro refuerza vigilancia epidemiol\u00f3gica del Dengue ante incremento de casos","breadcrumb":{"@id":"https:\/\/www.nexoinformativo.mx\/index.php\/2024\/11\/24\/queretaro-refuerza-vigilancia-epidemiologica-del-dengue-ante-incremento-de-casos\/#breadcrumb"},"inLanguage":"es","potentialAction":[{"@type":"ReadAction","target":["https:\/\/www.nexoinformativo.mx\/index.php\/2024\/11\/24\/queretaro-refuerza-vigilancia-epidemiologica-del-dengue-ante-incremento-de-casos\/"]}]},{"@type":"ImageObject","inLanguage":"es","@id":"https:\/\/www.nexoinformativo.mx\/index.php\/2024\/11\/24\/queretaro-refuerza-vigilancia-epidemiologica-del-dengue-ante-incremento-de-casos\/#primaryimage","url":"https:\/\/www.nexoinformativo.mx\/wp-content\/uploads\/2024\/11\/PHOTO-2024-11-24-18-20-32-e1732495332241.jpg","contentUrl":"https:\/\/www.nexoinformativo.mx\/wp-content\/uploads\/2024\/11\/PHOTO-2024-11-24-18-20-32-e1732495332241.jpg","width":700,"height":700},{"@type":"BreadcrumbList","@id":"https:\/\/www.nexoinformativo.mx\/index.php\/2024\/11\/24\/queretaro-refuerza-vigilancia-epidemiologica-del-dengue-ante-incremento-de-casos\/#breadcrumb","itemListElement":[{"@type":"ListItem","position":1,"name":"Inicio","item":"https:\/\/www.nexoinformativo.mx\/"},{"@type":"ListItem","position":2,"name":"Quer\u00e9taro refuerza vigilancia epidemiol\u00f3gica del Dengue ante incremento de casos"}]},{"@type":"WebSite","@id":"https:\/\/www.nexoinformativo.mx\/#website","url":"https:\/\/www.nexoinformativo.mx\/","name":"Nexo Informativo Santiago de Quer\u00e9taro","description":"Explora NexoInformativo y convi\u00e9rtete en parte de una comunidad que valora el conocimiento y la verdad. Tu nexoinformativo es tu puente hacia una comprensi\u00f3n m\u00e1s profunda del mundo que te rodea.","publisher":{"@id":"https:\/\/www.nexoinformativo.mx\/#organization"},"potentialAction":[{"@type":"SearchAction","target":{"@type":"EntryPoint","urlTemplate":"https:\/\/www.nexoinformativo.mx\/?s={search_term_string}"},"query-input":{"@type":"PropertyValueSpecification","valueRequired":true,"valueName":"search_term_string"}}],"inLanguage":"es"},{"@type":"Organization","@id":"https:\/\/www.nexoinformativo.mx\/#organization","name":"Nexo Informativo Santiago de Quer\u00e9taro","url":"https:\/\/www.nexoinformativo.mx\/","logo":{"@type":"ImageObject","inLanguage":"es","@id":"https:\/\/www.nexoinformativo.mx\/#\/schema\/logo\/image\/","url":"https:\/\/www.nexoinformativo.mx\/wp-content\/uploads\/2024\/07\/nexoi-trasparente-2.png","contentUrl":"https:\/\/www.nexoinformativo.mx\/wp-content\/uploads\/2024\/07\/nexoi-trasparente-2.png","width":816,"height":339,"caption":"Nexo Informativo Santiago de Quer\u00e9taro"},"image":{"@id":"https:\/\/www.nexoinformativo.mx\/#\/schema\/logo\/image\/"},"sameAs":["https:\/\/www.facebook.com\/people\/Nexo-Informativo\/61564066885511\/"]},{"@type":"Person","@id":"https:\/\/www.nexoinformativo.mx\/#\/schema\/person\/7749d380ba08c8ca00d7bc76fd907b7d","name":"Nexo Informativo","image":{"@type":"ImageObject","inLanguage":"es","@id":"https:\/\/www.nexoinformativo.mx\/#\/schema\/person\/image\/","url":"https:\/\/secure.gravatar.com\/avatar\/dde2928154642a13d95f87ddf1ea9718fe2b46760a005c53e41ff5ad610704e6?s=96&d=mm&r=g","contentUrl":"https:\/\/secure.gravatar.com\/avatar\/dde2928154642a13d95f87ddf1ea9718fe2b46760a005c53e41ff5ad610704e6?s=96&d=mm&r=g","caption":"Nexo Informativo"},"url":"https:\/\/www.nexoinformativo.mx\/index.php\/author\/edicion\/"}]}},"_links":{"self":[{"href":"https:\/\/www.nexoinformativo.mx\/index.php\/wp-json\/wp\/v2\/posts\/6807","targetHints":{"allow":["GET"]}}],"collection":[{"href":"https:\/\/www.nexoinformativo.mx\/index.php\/wp-json\/wp\/v2\/posts"}],"about":[{"href":"https:\/\/www.nexoinformativo.mx\/index.php\/wp-json\/wp\/v2\/types\/post"}],"author":[{"embeddable":true,"href":"https:\/\/www.nexoinformativo.mx\/index.php\/wp-json\/wp\/v2\/users\/3"}],"replies":[{"embeddable":true,"href":"https:\/\/www.nexoinformativo.mx\/index.php\/wp-json\/wp\/v2\/comments?post=6807"}],"version-history":[{"count":3,"href":"https:\/\/www.nexoinformativo.mx\/index.php\/wp-json\/wp\/v2\/posts\/6807\/revisions"}],"predecessor-version":[{"id":6811,"href":"https:\/\/www.nexoinformativo.mx\/index.php\/wp-json\/wp\/v2\/posts\/6807\/revisions\/6811"}],"wp:featuredmedia":[{"embeddable":true,"href":"https:\/\/www.nexoinformativo.mx\/index.php\/wp-json\/wp\/v2\/media\/6808"}],"wp:attachment":[{"href":"https:\/\/www.nexoinformativo.mx\/index.php\/wp-json\/wp\/v2\/media?parent=6807"}],"wp:term":[{"taxonomy":"category","embeddable":true,"href":"https:\/\/www.nexoinformativo.mx\/index.php\/wp-json\/wp\/v2\/categories?post=6807"},{"taxonomy":"post_tag","embeddable":true,"href":"https:\/\/www.nexoinformativo.mx\/index.php\/wp-json\/wp\/v2\/tags?post=6807"}],"curies":[{"name":"wp","href":"https:\/\/api.w.org\/{rel}","templated":true}]}}