{"id":6821,"date":"2024-11-24T17:00:49","date_gmt":"2024-11-24T23:00:49","guid":{"rendered":"https:\/\/www.nexoinformativo.mx\/?p=6821"},"modified":"2024-11-24T18:54:33","modified_gmt":"2024-11-25T00:54:33","slug":"mexico-propone-destinar-1-del-gasto-militar-a-reforestacion-en-la-cop29","status":"publish","type":"post","link":"https:\/\/www.nexoinformativo.mx\/index.php\/2024\/11\/24\/mexico-propone-destinar-1-del-gasto-militar-a-reforestacion-en-la-cop29\/","title":{"rendered":"M\u00e9xico propone destinar 1% del gasto Militar a Reforestaci\u00f3n en la COP29"},"content":{"rendered":"<p style=\"text-align: justify;\">M\u00e9xico, representado por la delegaci\u00f3n encabezada por el subsecretario Enrique Ochoa, particip\u00f3 en la <strong>29\u00aa Conferencia de las Partes de la Convenci\u00f3n Marco de las Naciones Unidas<\/strong> sobre Cambio Clim\u00e1tico (COP29) en Bak\u00fa, Azerbaiy\u00e1n.<\/p>\n<p>&nbsp;<\/p>\n<p style=\"text-align: justify;\">Durante el evento, se reiter\u00f3 el compromiso del pa\u00eds de alcanzar cero emisiones netas para 2050, aline\u00e1ndose con los objetivos del Acuerdo de Par\u00eds.\u00a0El subsecretario Ochoa destac\u00f3 que el Plan Nacional de Energ\u00eda busca incrementar la generaci\u00f3n el\u00e9ctrica por fuentes limpias a m\u00e1s del 40% para 2030.<\/p>\n<p>&nbsp;<\/p>\n<p style=\"text-align: justify;\">Adem\u00e1s, se reiter\u00f3 el llamado de la presidenta Claudia Sheinbaum, realizado en la Cumbre de L\u00edderes del G20, de destinar el 1% del gasto militar a un programa de reforestaci\u00f3n. Este programa tiene como objetivo recuperar 15 millones de hect\u00e1reas y capturar millones de toneladas de di\u00f3xido de carbono.<\/p>\n<p>&nbsp;<\/p>\n<p style=\"text-align: justify;\">M\u00e9xico subray\u00f3 la importancia de la equidad intergeneracional para la justicia clim\u00e1tica y la necesidad de garantizar los medios de implementaci\u00f3n para fortalecer las estrategias de mitigaci\u00f3n.<\/p>\n<p>&nbsp;<\/p>\n<p style=\"text-align: justify;\">La delegaci\u00f3n mexicana tambi\u00e9n particip\u00f3 en las discusiones sobre la Nueva Meta Colectiva Cuantificada de Financiamiento Clim\u00e1tico (NCQG), donde se acord\u00f3 que los pa\u00edses desarrollados aporten 300 mil millones de d\u00f3lares anuales para los pa\u00edses en desarrollo hasta 2035.<\/p>\n<p>&nbsp;<\/p>\n<p style=\"text-align: justify;\">La pr\u00f3xima Conferencia de las Partes se celebrar\u00e1 en Bel\u00e9m do Par\u00e1, Brasil, en 2025, donde se dar\u00e1 seguimiento a los compromisos de reducci\u00f3n de emisiones y adaptaci\u00f3n clim\u00e1tica.<\/p>\n<p>&nbsp;<\/p>\n<p style=\"text-align: center;\"><em><strong>\u00a1Informaci\u00f3n que transforma!<\/strong><\/em><\/p>\n","protected":false},"excerpt":{"rendered":"<p>M\u00e9xico, representado por la delegaci\u00f3n encabezada por el subsecretario Enrique Ochoa, particip\u00f3 en la 29\u00aa Conferencia de las Partes de la Convenci\u00f3n Marco de las Naciones Unidas sobre Cambio Clim\u00e1tico (COP29) en Bak\u00fa, Azerbaiy\u00e1n.<\/p>\n","protected":false},"author":3,"featured_media":6822,"comment_status":"open","ping_status":"open","sticky":false,"template":"","format":"standard","meta":{"footnotes":""},"categories":[88,58],"tags":[2285,2300,2302,2301],"class_list":["post-6821","post","type-post","status-publish","format-standard","has-post-thumbnail","hentry","category-nacional","category-ultima-hora","tag-cambioclimatico","tag-cop29","tag-energialimpia","tag-reforestacionmexico"],"yoast_head":"<!-- This site is optimized with the Yoast SEO plugin v25.0 - https:\/\/yoast.com\/wordpress\/plugins\/seo\/ -->\n<title>M\u00e9xico propone destinar 1% del gasto Militar a Reforestaci\u00f3n en la COP29 | Nexo Informativo Santiago de Quer\u00e9taro<\/title>\n<meta name=\"description\" content=\"M\u00e9xico propone destinar 1% del gasto Militar a Reforestaci\u00f3n en la COP29\" \/>\n<meta name=\"robots\" content=\"index, follow, max-snippet:-1, max-image-preview:large, max-video-preview:-1\" \/>\n<link rel=\"canonical\" href=\"https:\/\/www.nexoinformativo.mx\/index.php\/2024\/11\/24\/mexico-propone-destinar-1-del-gasto-militar-a-reforestacion-en-la-cop29\/\" \/>\n<meta property=\"og:locale\" content=\"es_MX\" \/>\n<meta property=\"og:type\" content=\"article\" \/>\n<meta property=\"og:title\" content=\"M\u00e9xico propone destinar 1% del gasto Militar a Reforestaci\u00f3n en la COP29 | Nexo Informativo Santiago de Quer\u00e9taro\" \/>\n<meta property=\"og:description\" content=\"M\u00e9xico propone destinar 1% del gasto Militar a Reforestaci\u00f3n en la COP29\" \/>\n<meta property=\"og:url\" content=\"https:\/\/www.nexoinformativo.mx\/index.php\/2024\/11\/24\/mexico-propone-destinar-1-del-gasto-militar-a-reforestacion-en-la-cop29\/\" \/>\n<meta property=\"og:site_name\" content=\"Nexo Informativo Santiago de Quer\u00e9taro\" \/>\n<meta property=\"article:publisher\" content=\"https:\/\/www.facebook.com\/people\/Nexo-Informativo\/61564066885511\/\" \/>\n<meta property=\"article:published_time\" content=\"2024-11-24T23:00:49+00:00\" \/>\n<meta property=\"article:modified_time\" content=\"2024-11-25T00:54:33+00:00\" \/>\n<meta property=\"og:image\" content=\"https:\/\/www.nexoinformativo.mx\/wp-content\/uploads\/2024\/11\/IMG_8110.jpg\" \/>\n\t<meta property=\"og:image:width\" content=\"650\" \/>\n\t<meta property=\"og:image:height\" content=\"380\" \/>\n\t<meta property=\"og:image:type\" content=\"image\/jpeg\" \/>\n<meta name=\"author\" content=\"Nexo Informativo\" \/>\n<meta name=\"twitter:card\" content=\"summary_large_image\" \/>\n<meta name=\"twitter:label1\" content=\"Escrito por\" \/>\n\t<meta name=\"twitter:data1\" content=\"Nexo Informativo\" \/>\n\t<meta name=\"twitter:label2\" content=\"Tiempo de lectura\" \/>\n\t<meta name=\"twitter:data2\" content=\"2 minutos\" \/>\n<script type=\"application\/ld+json\" class=\"yoast-schema-graph\">{\"@context\":\"https:\/\/schema.org\",\"@graph\":[{\"@type\":\"Article\",\"@id\":\"https:\/\/www.nexoinformativo.mx\/index.php\/2024\/11\/24\/mexico-propone-destinar-1-del-gasto-militar-a-reforestacion-en-la-cop29\/#article\",\"isPartOf\":{\"@id\":\"https:\/\/www.nexoinformativo.mx\/index.php\/2024\/11\/24\/mexico-propone-destinar-1-del-gasto-militar-a-reforestacion-en-la-cop29\/\"},\"author\":{\"name\":\"Nexo Informativo\",\"@id\":\"https:\/\/www.nexoinformativo.mx\/#\/schema\/person\/7749d380ba08c8ca00d7bc76fd907b7d\"},\"headline\":\"M\u00e9xico propone destinar 1% del gasto Militar a Reforestaci\u00f3n en la COP29\",\"datePublished\":\"2024-11-24T23:00:49+00:00\",\"dateModified\":\"2024-11-25T00:54:33+00:00\",\"mainEntityOfPage\":{\"@id\":\"https:\/\/www.nexoinformativo.mx\/index.php\/2024\/11\/24\/mexico-propone-destinar-1-del-gasto-militar-a-reforestacion-en-la-cop29\/\"},\"wordCount\":272,\"commentCount\":0,\"publisher\":{\"@id\":\"https:\/\/www.nexoinformativo.mx\/#organization\"},\"image\":{\"@id\":\"https:\/\/www.nexoinformativo.mx\/index.php\/2024\/11\/24\/mexico-propone-destinar-1-del-gasto-militar-a-reforestacion-en-la-cop29\/#primaryimage\"},\"thumbnailUrl\":\"https:\/\/www.nexoinformativo.mx\/wp-content\/uploads\/2024\/11\/IMG_8110.jpg\",\"keywords\":[\"CambioClim\u00e1tico\",\"COP29\",\"Energ\u00edaLimpia\",\"Reforestaci\u00f3nM\u00e9xico\"],\"articleSection\":[\"Nacional\",\"\u00daltima Hora\"],\"inLanguage\":\"es\",\"potentialAction\":[{\"@type\":\"CommentAction\",\"name\":\"Comment\",\"target\":[\"https:\/\/www.nexoinformativo.mx\/index.php\/2024\/11\/24\/mexico-propone-destinar-1-del-gasto-militar-a-reforestacion-en-la-cop29\/#respond\"]}]},{\"@type\":\"WebPage\",\"@id\":\"https:\/\/www.nexoinformativo.mx\/index.php\/2024\/11\/24\/mexico-propone-destinar-1-del-gasto-militar-a-reforestacion-en-la-cop29\/\",\"url\":\"https:\/\/www.nexoinformativo.mx\/index.php\/2024\/11\/24\/mexico-propone-destinar-1-del-gasto-militar-a-reforestacion-en-la-cop29\/\",\"name\":\"M\u00e9xico propone destinar 1% del gasto Militar a Reforestaci\u00f3n en la COP29 | Nexo Informativo Santiago de Quer\u00e9taro\",\"isPartOf\":{\"@id\":\"https:\/\/www.nexoinformativo.mx\/#website\"},\"primaryImageOfPage\":{\"@id\":\"https:\/\/www.nexoinformativo.mx\/index.php\/2024\/11\/24\/mexico-propone-destinar-1-del-gasto-militar-a-reforestacion-en-la-cop29\/#primaryimage\"},\"image\":{\"@id\":\"https:\/\/www.nexoinformativo.mx\/index.php\/2024\/11\/24\/mexico-propone-destinar-1-del-gasto-militar-a-reforestacion-en-la-cop29\/#primaryimage\"},\"thumbnailUrl\":\"https:\/\/www.nexoinformativo.mx\/wp-content\/uploads\/2024\/11\/IMG_8110.jpg\",\"datePublished\":\"2024-11-24T23:00:49+00:00\",\"dateModified\":\"2024-11-25T00:54:33+00:00\",\"description\":\"M\u00e9xico propone destinar 1% del gasto Militar a Reforestaci\u00f3n en la COP29\",\"breadcrumb\":{\"@id\":\"https:\/\/www.nexoinformativo.mx\/index.php\/2024\/11\/24\/mexico-propone-destinar-1-del-gasto-militar-a-reforestacion-en-la-cop29\/#breadcrumb\"},\"inLanguage\":\"es\",\"potentialAction\":[{\"@type\":\"ReadAction\",\"target\":[\"https:\/\/www.nexoinformativo.mx\/index.php\/2024\/11\/24\/mexico-propone-destinar-1-del-gasto-militar-a-reforestacion-en-la-cop29\/\"]}]},{\"@type\":\"ImageObject\",\"inLanguage\":\"es\",\"@id\":\"https:\/\/www.nexoinformativo.mx\/index.php\/2024\/11\/24\/mexico-propone-destinar-1-del-gasto-militar-a-reforestacion-en-la-cop29\/#primaryimage\",\"url\":\"https:\/\/www.nexoinformativo.mx\/wp-content\/uploads\/2024\/11\/IMG_8110.jpg\",\"contentUrl\":\"https:\/\/www.nexoinformativo.mx\/wp-content\/uploads\/2024\/11\/IMG_8110.jpg\",\"width\":650,\"height\":380},{\"@type\":\"BreadcrumbList\",\"@id\":\"https:\/\/www.nexoinformativo.mx\/index.php\/2024\/11\/24\/mexico-propone-destinar-1-del-gasto-militar-a-reforestacion-en-la-cop29\/#breadcrumb\",\"itemListElement\":[{\"@type\":\"ListItem\",\"position\":1,\"name\":\"Inicio\",\"item\":\"https:\/\/www.nexoinformativo.mx\/\"},{\"@type\":\"ListItem\",\"position\":2,\"name\":\"M\u00e9xico propone destinar 1% del gasto Militar a Reforestaci\u00f3n en la COP29\"}]},{\"@type\":\"WebSite\",\"@id\":\"https:\/\/www.nexoinformativo.mx\/#website\",\"url\":\"https:\/\/www.nexoinformativo.mx\/\",\"name\":\"Nexo Informativo Santiago de Quer\u00e9taro\",\"description\":\"Explora NexoInformativo y convi\u00e9rtete en parte de una comunidad que valora el conocimiento y la verdad. Tu nexoinformativo es tu puente hacia una comprensi\u00f3n m\u00e1s profunda del mundo que te rodea.\",\"publisher\":{\"@id\":\"https:\/\/www.nexoinformativo.mx\/#organization\"},\"potentialAction\":[{\"@type\":\"SearchAction\",\"target\":{\"@type\":\"EntryPoint\",\"urlTemplate\":\"https:\/\/www.nexoinformativo.mx\/?s={search_term_string}\"},\"query-input\":{\"@type\":\"PropertyValueSpecification\",\"valueRequired\":true,\"valueName\":\"search_term_string\"}}],\"inLanguage\":\"es\"},{\"@type\":\"Organization\",\"@id\":\"https:\/\/www.nexoinformativo.mx\/#organization\",\"name\":\"Nexo Informativo Santiago de Quer\u00e9taro\",\"url\":\"https:\/\/www.nexoinformativo.mx\/\",\"logo\":{\"@type\":\"ImageObject\",\"inLanguage\":\"es\",\"@id\":\"https:\/\/www.nexoinformativo.mx\/#\/schema\/logo\/image\/\",\"url\":\"https:\/\/www.nexoinformativo.mx\/wp-content\/uploads\/2024\/07\/nexoi-trasparente-2.png\",\"contentUrl\":\"https:\/\/www.nexoinformativo.mx\/wp-content\/uploads\/2024\/07\/nexoi-trasparente-2.png\",\"width\":816,\"height\":339,\"caption\":\"Nexo Informativo Santiago de Quer\u00e9taro\"},\"image\":{\"@id\":\"https:\/\/www.nexoinformativo.mx\/#\/schema\/logo\/image\/\"},\"sameAs\":[\"https:\/\/www.facebook.com\/people\/Nexo-Informativo\/61564066885511\/\"]},{\"@type\":\"Person\",\"@id\":\"https:\/\/www.nexoinformativo.mx\/#\/schema\/person\/7749d380ba08c8ca00d7bc76fd907b7d\",\"name\":\"Nexo Informativo\",\"image\":{\"@type\":\"ImageObject\",\"inLanguage\":\"es\",\"@id\":\"https:\/\/www.nexoinformativo.mx\/#\/schema\/person\/image\/\",\"url\":\"https:\/\/secure.gravatar.com\/avatar\/dde2928154642a13d95f87ddf1ea9718fe2b46760a005c53e41ff5ad610704e6?s=96&d=mm&r=g\",\"contentUrl\":\"https:\/\/secure.gravatar.com\/avatar\/dde2928154642a13d95f87ddf1ea9718fe2b46760a005c53e41ff5ad610704e6?s=96&d=mm&r=g\",\"caption\":\"Nexo Informativo\"},\"url\":\"https:\/\/www.nexoinformativo.mx\/index.php\/author\/edicion\/\"}]}<\/script>\n<!-- \/ Yoast SEO plugin. -->","yoast_head_json":{"title":"M\u00e9xico propone destinar 1% del gasto Militar a Reforestaci\u00f3n en la COP29 | Nexo Informativo Santiago de Quer\u00e9taro","description":"M\u00e9xico propone destinar 1% del gasto Militar a Reforestaci\u00f3n en la COP29","robots":{"index":"index","follow":"follow","max-snippet":"max-snippet:-1","max-image-preview":"max-image-preview:large","max-video-preview":"max-video-preview:-1"},"canonical":"https:\/\/www.nexoinformativo.mx\/index.php\/2024\/11\/24\/mexico-propone-destinar-1-del-gasto-militar-a-reforestacion-en-la-cop29\/","og_locale":"es_MX","og_type":"article","og_title":"M\u00e9xico propone destinar 1% del gasto Militar a Reforestaci\u00f3n en la COP29 | Nexo Informativo Santiago de Quer\u00e9taro","og_description":"M\u00e9xico propone destinar 1% del gasto Militar a Reforestaci\u00f3n en la COP29","og_url":"https:\/\/www.nexoinformativo.mx\/index.php\/2024\/11\/24\/mexico-propone-destinar-1-del-gasto-militar-a-reforestacion-en-la-cop29\/","og_site_name":"Nexo Informativo Santiago de Quer\u00e9taro","article_publisher":"https:\/\/www.facebook.com\/people\/Nexo-Informativo\/61564066885511\/","article_published_time":"2024-11-24T23:00:49+00:00","article_modified_time":"2024-11-25T00:54:33+00:00","og_image":[{"width":650,"height":380,"url":"https:\/\/www.nexoinformativo.mx\/wp-content\/uploads\/2024\/11\/IMG_8110.jpg","type":"image\/jpeg"}],"author":"Nexo Informativo","twitter_card":"summary_large_image","twitter_misc":{"Escrito por":"Nexo Informativo","Tiempo de lectura":"2 minutos"},"schema":{"@context":"https:\/\/schema.org","@graph":[{"@type":"Article","@id":"https:\/\/www.nexoinformativo.mx\/index.php\/2024\/11\/24\/mexico-propone-destinar-1-del-gasto-militar-a-reforestacion-en-la-cop29\/#article","isPartOf":{"@id":"https:\/\/www.nexoinformativo.mx\/index.php\/2024\/11\/24\/mexico-propone-destinar-1-del-gasto-militar-a-reforestacion-en-la-cop29\/"},"author":{"name":"Nexo Informativo","@id":"https:\/\/www.nexoinformativo.mx\/#\/schema\/person\/7749d380ba08c8ca00d7bc76fd907b7d"},"headline":"M\u00e9xico propone destinar 1% del gasto Militar a Reforestaci\u00f3n en la COP29","datePublished":"2024-11-24T23:00:49+00:00","dateModified":"2024-11-25T00:54:33+00:00","mainEntityOfPage":{"@id":"https:\/\/www.nexoinformativo.mx\/index.php\/2024\/11\/24\/mexico-propone-destinar-1-del-gasto-militar-a-reforestacion-en-la-cop29\/"},"wordCount":272,"commentCount":0,"publisher":{"@id":"https:\/\/www.nexoinformativo.mx\/#organization"},"image":{"@id":"https:\/\/www.nexoinformativo.mx\/index.php\/2024\/11\/24\/mexico-propone-destinar-1-del-gasto-militar-a-reforestacion-en-la-cop29\/#primaryimage"},"thumbnailUrl":"https:\/\/www.nexoinformativo.mx\/wp-content\/uploads\/2024\/11\/IMG_8110.jpg","keywords":["CambioClim\u00e1tico","COP29","Energ\u00edaLimpia","Reforestaci\u00f3nM\u00e9xico"],"articleSection":["Nacional","\u00daltima Hora"],"inLanguage":"es","potentialAction":[{"@type":"CommentAction","name":"Comment","target":["https:\/\/www.nexoinformativo.mx\/index.php\/2024\/11\/24\/mexico-propone-destinar-1-del-gasto-militar-a-reforestacion-en-la-cop29\/#respond"]}]},{"@type":"WebPage","@id":"https:\/\/www.nexoinformativo.mx\/index.php\/2024\/11\/24\/mexico-propone-destinar-1-del-gasto-militar-a-reforestacion-en-la-cop29\/","url":"https:\/\/www.nexoinformativo.mx\/index.php\/2024\/11\/24\/mexico-propone-destinar-1-del-gasto-militar-a-reforestacion-en-la-cop29\/","name":"M\u00e9xico propone destinar 1% del gasto Militar a Reforestaci\u00f3n en la COP29 | Nexo Informativo Santiago de Quer\u00e9taro","isPartOf":{"@id":"https:\/\/www.nexoinformativo.mx\/#website"},"primaryImageOfPage":{"@id":"https:\/\/www.nexoinformativo.mx\/index.php\/2024\/11\/24\/mexico-propone-destinar-1-del-gasto-militar-a-reforestacion-en-la-cop29\/#primaryimage"},"image":{"@id":"https:\/\/www.nexoinformativo.mx\/index.php\/2024\/11\/24\/mexico-propone-destinar-1-del-gasto-militar-a-reforestacion-en-la-cop29\/#primaryimage"},"thumbnailUrl":"https:\/\/www.nexoinformativo.mx\/wp-content\/uploads\/2024\/11\/IMG_8110.jpg","datePublished":"2024-11-24T23:00:49+00:00","dateModified":"2024-11-25T00:54:33+00:00","description":"M\u00e9xico propone destinar 1% del gasto Militar a Reforestaci\u00f3n en la COP29","breadcrumb":{"@id":"https:\/\/www.nexoinformativo.mx\/index.php\/2024\/11\/24\/mexico-propone-destinar-1-del-gasto-militar-a-reforestacion-en-la-cop29\/#breadcrumb"},"inLanguage":"es","potentialAction":[{"@type":"ReadAction","target":["https:\/\/www.nexoinformativo.mx\/index.php\/2024\/11\/24\/mexico-propone-destinar-1-del-gasto-militar-a-reforestacion-en-la-cop29\/"]}]},{"@type":"ImageObject","inLanguage":"es","@id":"https:\/\/www.nexoinformativo.mx\/index.php\/2024\/11\/24\/mexico-propone-destinar-1-del-gasto-militar-a-reforestacion-en-la-cop29\/#primaryimage","url":"https:\/\/www.nexoinformativo.mx\/wp-content\/uploads\/2024\/11\/IMG_8110.jpg","contentUrl":"https:\/\/www.nexoinformativo.mx\/wp-content\/uploads\/2024\/11\/IMG_8110.jpg","width":650,"height":380},{"@type":"BreadcrumbList","@id":"https:\/\/www.nexoinformativo.mx\/index.php\/2024\/11\/24\/mexico-propone-destinar-1-del-gasto-militar-a-reforestacion-en-la-cop29\/#breadcrumb","itemListElement":[{"@type":"ListItem","position":1,"name":"Inicio","item":"https:\/\/www.nexoinformativo.mx\/"},{"@type":"ListItem","position":2,"name":"M\u00e9xico propone destinar 1% del gasto Militar a Reforestaci\u00f3n en la COP29"}]},{"@type":"WebSite","@id":"https:\/\/www.nexoinformativo.mx\/#website","url":"https:\/\/www.nexoinformativo.mx\/","name":"Nexo Informativo Santiago de Quer\u00e9taro","description":"Explora NexoInformativo y convi\u00e9rtete en parte de una comunidad que valora el conocimiento y la verdad. Tu nexoinformativo es tu puente hacia una comprensi\u00f3n m\u00e1s profunda del mundo que te rodea.","publisher":{"@id":"https:\/\/www.nexoinformativo.mx\/#organization"},"potentialAction":[{"@type":"SearchAction","target":{"@type":"EntryPoint","urlTemplate":"https:\/\/www.nexoinformativo.mx\/?s={search_term_string}"},"query-input":{"@type":"PropertyValueSpecification","valueRequired":true,"valueName":"search_term_string"}}],"inLanguage":"es"},{"@type":"Organization","@id":"https:\/\/www.nexoinformativo.mx\/#organization","name":"Nexo Informativo Santiago de Quer\u00e9taro","url":"https:\/\/www.nexoinformativo.mx\/","logo":{"@type":"ImageObject","inLanguage":"es","@id":"https:\/\/www.nexoinformativo.mx\/#\/schema\/logo\/image\/","url":"https:\/\/www.nexoinformativo.mx\/wp-content\/uploads\/2024\/07\/nexoi-trasparente-2.png","contentUrl":"https:\/\/www.nexoinformativo.mx\/wp-content\/uploads\/2024\/07\/nexoi-trasparente-2.png","width":816,"height":339,"caption":"Nexo Informativo Santiago de Quer\u00e9taro"},"image":{"@id":"https:\/\/www.nexoinformativo.mx\/#\/schema\/logo\/image\/"},"sameAs":["https:\/\/www.facebook.com\/people\/Nexo-Informativo\/61564066885511\/"]},{"@type":"Person","@id":"https:\/\/www.nexoinformativo.mx\/#\/schema\/person\/7749d380ba08c8ca00d7bc76fd907b7d","name":"Nexo Informativo","image":{"@type":"ImageObject","inLanguage":"es","@id":"https:\/\/www.nexoinformativo.mx\/#\/schema\/person\/image\/","url":"https:\/\/secure.gravatar.com\/avatar\/dde2928154642a13d95f87ddf1ea9718fe2b46760a005c53e41ff5ad610704e6?s=96&d=mm&r=g","contentUrl":"https:\/\/secure.gravatar.com\/avatar\/dde2928154642a13d95f87ddf1ea9718fe2b46760a005c53e41ff5ad610704e6?s=96&d=mm&r=g","caption":"Nexo Informativo"},"url":"https:\/\/www.nexoinformativo.mx\/index.php\/author\/edicion\/"}]}},"_links":{"self":[{"href":"https:\/\/www.nexoinformativo.mx\/index.php\/wp-json\/wp\/v2\/posts\/6821","targetHints":{"allow":["GET"]}}],"collection":[{"href":"https:\/\/www.nexoinformativo.mx\/index.php\/wp-json\/wp\/v2\/posts"}],"about":[{"href":"https:\/\/www.nexoinformativo.mx\/index.php\/wp-json\/wp\/v2\/types\/post"}],"author":[{"embeddable":true,"href":"https:\/\/www.nexoinformativo.mx\/index.php\/wp-json\/wp\/v2\/users\/3"}],"replies":[{"embeddable":true,"href":"https:\/\/www.nexoinformativo.mx\/index.php\/wp-json\/wp\/v2\/comments?post=6821"}],"version-history":[{"count":4,"href":"https:\/\/www.nexoinformativo.mx\/index.php\/wp-json\/wp\/v2\/posts\/6821\/revisions"}],"predecessor-version":[{"id":6826,"href":"https:\/\/www.nexoinformativo.mx\/index.php\/wp-json\/wp\/v2\/posts\/6821\/revisions\/6826"}],"wp:featuredmedia":[{"embeddable":true,"href":"https:\/\/www.nexoinformativo.mx\/index.php\/wp-json\/wp\/v2\/media\/6822"}],"wp:attachment":[{"href":"https:\/\/www.nexoinformativo.mx\/index.php\/wp-json\/wp\/v2\/media?parent=6821"}],"wp:term":[{"taxonomy":"category","embeddable":true,"href":"https:\/\/www.nexoinformativo.mx\/index.php\/wp-json\/wp\/v2\/categories?post=6821"},{"taxonomy":"post_tag","embeddable":true,"href":"https:\/\/www.nexoinformativo.mx\/index.php\/wp-json\/wp\/v2\/tags?post=6821"}],"curies":[{"name":"wp","href":"https:\/\/api.w.org\/{rel}","templated":true}]}}