{"id":6832,"date":"2024-11-25T06:30:20","date_gmt":"2024-11-25T12:30:20","guid":{"rendered":"https:\/\/www.nexoinformativo.mx\/?p=6832"},"modified":"2024-11-25T08:30:48","modified_gmt":"2024-11-25T14:30:48","slug":"sep-presenta-herramientas-para-garantizar-la-educacion-de-ninas-ninos-y-adolescentes-migrantes","status":"publish","type":"post","link":"https:\/\/www.nexoinformativo.mx\/index.php\/2024\/11\/25\/sep-presenta-herramientas-para-garantizar-la-educacion-de-ninas-ninos-y-adolescentes-migrantes\/","title":{"rendered":"SEP presenta herramientas para garantizar la educaci\u00f3n de ni\u00f1as, ni\u00f1os y adolescentes migrantes"},"content":{"rendered":"<p style=\"text-align: justify;\" data-sourcepos=\"9:1-9:363\">La Secretar\u00eda de Educaci\u00f3n P\u00fablica (SEP) dio un paso importante hacia la inclusi\u00f3n educativa al presentar dos nuevos materiales: <strong>&#8220;Caminos de aprendizaje&#8221;<\/strong> y <strong>&#8220;Adonde voy, la escuela va conmigo&#8221;<\/strong>.<\/p>\n<p>&nbsp;<\/p>\n<p style=\"text-align: justify;\" data-sourcepos=\"9:1-9:363\">Estos recursos est\u00e1n dise\u00f1ados para apoyar a docentes en la atenci\u00f3n de ni\u00f1as, ni\u00f1os y adolescentes migrantes, garantizando su derecho a la educaci\u00f3n.<\/p>\n<p>&nbsp;<\/p>\n<p style=\"text-align: justify;\" data-sourcepos=\"11:1-11:266\">La subsecretaria de Educaci\u00f3n B\u00e1sica, Ang\u00e9lica Noemi Ju\u00e1rez, destac\u00f3 que estos materiales ofrecen herramientas pr\u00e1cticas para atender las necesidades educativas de la poblaci\u00f3n migrante, promoviendo la inclusi\u00f3n y erradicando la discriminaci\u00f3n en las escuelas.<\/p>\n<p>&nbsp;<\/p>\n<p style=\"text-align: justify;\" data-sourcepos=\"13:1-13:293\">Por su parte, Astrid Hollander, jefa de Educaci\u00f3n de UNICEF en M\u00e9xico, enfatiz\u00f3 que la educaci\u00f3n es un derecho fundamental para todos los ni\u00f1os, sin importar su origen. &#8220;<strong>Cuando se le niega el derecho a la educaci\u00f3n a la ni\u00f1ez, se les niega la posibilidad de un futuro mejor&#8221;<\/strong>, afirm\u00f3.<\/p>\n<p>&nbsp;<\/p>\n<p style=\"text-align: justify;\" data-sourcepos=\"15:1-15:287\">Los materiales ser\u00e1n distribuidos en ocho entidades del pa\u00eds con alta poblaci\u00f3n migrante, como Chiapas, Chihuahua y la Ciudad de M\u00e9xico. Adem\u00e1s, la SEP y UNICEF trabajar\u00e1n en conjunto para capacitar a docentes y sensibilizar a la comunidad educativa sobre la importancia de la inclusi\u00f3n.<\/p>\n<p>&nbsp;<\/p>\n<p style=\"text-align: center;\" data-sourcepos=\"15:1-15:287\"><em><strong>\u00a1Informaci\u00f3n que transforma!<\/strong><\/em><\/p>\n","protected":false},"excerpt":{"rendered":"<p>La Secretar\u00eda de Educaci\u00f3n P\u00fablica (SEP) dio un paso importante hacia la inclusi\u00f3n educativa al presentar dos nuevos materiales: &#8220;Caminos de aprendizaje&#8221; y &#8220;Adonde voy, la escuela va conmigo&#8221;.<\/p>\n","protected":false},"author":3,"featured_media":6833,"comment_status":"open","ping_status":"open","sticky":false,"template":"","format":"standard","meta":{"footnotes":""},"categories":[88,58],"tags":[2305,2306,538,2307],"class_list":["post-6832","post","type-post","status-publish","format-standard","has-post-thumbnail","hentry","category-nacional","category-ultima-hora","tag-educacioninclusiva","tag-ninosmigrantes","tag-sep","tag-unicef"],"yoast_head":"<!-- This site is optimized with the Yoast SEO plugin v25.0 - https:\/\/yoast.com\/wordpress\/plugins\/seo\/ -->\n<title>SEP presenta herramientas para garantizar la educaci\u00f3n de ni\u00f1as, ni\u00f1os y adolescentes migrantes | Nexo Informativo Santiago de Quer\u00e9taro<\/title>\n<meta name=\"description\" content=\"SEP presenta herramientas para garantizar la educaci\u00f3n de ni\u00f1as, ni\u00f1os y adolescentes migrantes\" \/>\n<meta name=\"robots\" content=\"index, follow, max-snippet:-1, max-image-preview:large, max-video-preview:-1\" \/>\n<link rel=\"canonical\" href=\"https:\/\/www.nexoinformativo.mx\/index.php\/2024\/11\/25\/sep-presenta-herramientas-para-garantizar-la-educacion-de-ninas-ninos-y-adolescentes-migrantes\/\" \/>\n<meta property=\"og:locale\" content=\"es_MX\" \/>\n<meta property=\"og:type\" content=\"article\" \/>\n<meta property=\"og:title\" content=\"SEP presenta herramientas para garantizar la educaci\u00f3n de ni\u00f1as, ni\u00f1os y adolescentes migrantes | Nexo Informativo Santiago de Quer\u00e9taro\" \/>\n<meta property=\"og:description\" content=\"SEP presenta herramientas para garantizar la educaci\u00f3n de ni\u00f1as, ni\u00f1os y adolescentes migrantes\" \/>\n<meta property=\"og:url\" content=\"https:\/\/www.nexoinformativo.mx\/index.php\/2024\/11\/25\/sep-presenta-herramientas-para-garantizar-la-educacion-de-ninas-ninos-y-adolescentes-migrantes\/\" \/>\n<meta property=\"og:site_name\" content=\"Nexo Informativo Santiago de Quer\u00e9taro\" \/>\n<meta property=\"article:publisher\" content=\"https:\/\/www.facebook.com\/people\/Nexo-Informativo\/61564066885511\/\" \/>\n<meta property=\"article:published_time\" content=\"2024-11-25T12:30:20+00:00\" \/>\n<meta property=\"article:modified_time\" content=\"2024-11-25T14:30:48+00:00\" \/>\n<meta property=\"og:image\" content=\"https:\/\/www.nexoinformativo.mx\/wp-content\/uploads\/2024\/11\/IMG_8124-scaled-e1732544939938.jpg\" \/>\n\t<meta property=\"og:image:width\" content=\"700\" \/>\n\t<meta property=\"og:image:height\" content=\"510\" \/>\n\t<meta property=\"og:image:type\" content=\"image\/jpeg\" \/>\n<meta name=\"author\" content=\"Nexo Informativo\" \/>\n<meta name=\"twitter:card\" content=\"summary_large_image\" \/>\n<meta name=\"twitter:label1\" content=\"Escrito por\" \/>\n\t<meta name=\"twitter:data1\" content=\"Nexo Informativo\" \/>\n\t<meta name=\"twitter:label2\" content=\"Tiempo de lectura\" \/>\n\t<meta name=\"twitter:data2\" content=\"2 minutos\" \/>\n<script type=\"application\/ld+json\" class=\"yoast-schema-graph\">{\"@context\":\"https:\/\/schema.org\",\"@graph\":[{\"@type\":\"Article\",\"@id\":\"https:\/\/www.nexoinformativo.mx\/index.php\/2024\/11\/25\/sep-presenta-herramientas-para-garantizar-la-educacion-de-ninas-ninos-y-adolescentes-migrantes\/#article\",\"isPartOf\":{\"@id\":\"https:\/\/www.nexoinformativo.mx\/index.php\/2024\/11\/25\/sep-presenta-herramientas-para-garantizar-la-educacion-de-ninas-ninos-y-adolescentes-migrantes\/\"},\"author\":{\"name\":\"Nexo Informativo\",\"@id\":\"https:\/\/www.nexoinformativo.mx\/#\/schema\/person\/7749d380ba08c8ca00d7bc76fd907b7d\"},\"headline\":\"SEP presenta herramientas para garantizar la educaci\u00f3n de ni\u00f1as, ni\u00f1os y adolescentes migrantes\",\"datePublished\":\"2024-11-25T12:30:20+00:00\",\"dateModified\":\"2024-11-25T14:30:48+00:00\",\"mainEntityOfPage\":{\"@id\":\"https:\/\/www.nexoinformativo.mx\/index.php\/2024\/11\/25\/sep-presenta-herramientas-para-garantizar-la-educacion-de-ninas-ninos-y-adolescentes-migrantes\/\"},\"wordCount\":237,\"commentCount\":0,\"publisher\":{\"@id\":\"https:\/\/www.nexoinformativo.mx\/#organization\"},\"image\":{\"@id\":\"https:\/\/www.nexoinformativo.mx\/index.php\/2024\/11\/25\/sep-presenta-herramientas-para-garantizar-la-educacion-de-ninas-ninos-y-adolescentes-migrantes\/#primaryimage\"},\"thumbnailUrl\":\"https:\/\/www.nexoinformativo.mx\/wp-content\/uploads\/2024\/11\/IMG_8124-scaled-e1732544939938.jpg\",\"keywords\":[\"Educaci\u00f3nInclusiva\",\"Ni\u00f1osMigrantes\",\"SEP\",\"UNICEF\"],\"articleSection\":[\"Nacional\",\"\u00daltima Hora\"],\"inLanguage\":\"es\",\"potentialAction\":[{\"@type\":\"CommentAction\",\"name\":\"Comment\",\"target\":[\"https:\/\/www.nexoinformativo.mx\/index.php\/2024\/11\/25\/sep-presenta-herramientas-para-garantizar-la-educacion-de-ninas-ninos-y-adolescentes-migrantes\/#respond\"]}]},{\"@type\":\"WebPage\",\"@id\":\"https:\/\/www.nexoinformativo.mx\/index.php\/2024\/11\/25\/sep-presenta-herramientas-para-garantizar-la-educacion-de-ninas-ninos-y-adolescentes-migrantes\/\",\"url\":\"https:\/\/www.nexoinformativo.mx\/index.php\/2024\/11\/25\/sep-presenta-herramientas-para-garantizar-la-educacion-de-ninas-ninos-y-adolescentes-migrantes\/\",\"name\":\"SEP presenta herramientas para garantizar la educaci\u00f3n de ni\u00f1as, ni\u00f1os y adolescentes migrantes | Nexo Informativo Santiago de Quer\u00e9taro\",\"isPartOf\":{\"@id\":\"https:\/\/www.nexoinformativo.mx\/#website\"},\"primaryImageOfPage\":{\"@id\":\"https:\/\/www.nexoinformativo.mx\/index.php\/2024\/11\/25\/sep-presenta-herramientas-para-garantizar-la-educacion-de-ninas-ninos-y-adolescentes-migrantes\/#primaryimage\"},\"image\":{\"@id\":\"https:\/\/www.nexoinformativo.mx\/index.php\/2024\/11\/25\/sep-presenta-herramientas-para-garantizar-la-educacion-de-ninas-ninos-y-adolescentes-migrantes\/#primaryimage\"},\"thumbnailUrl\":\"https:\/\/www.nexoinformativo.mx\/wp-content\/uploads\/2024\/11\/IMG_8124-scaled-e1732544939938.jpg\",\"datePublished\":\"2024-11-25T12:30:20+00:00\",\"dateModified\":\"2024-11-25T14:30:48+00:00\",\"description\":\"SEP presenta herramientas para garantizar la educaci\u00f3n de ni\u00f1as, ni\u00f1os y adolescentes migrantes\",\"breadcrumb\":{\"@id\":\"https:\/\/www.nexoinformativo.mx\/index.php\/2024\/11\/25\/sep-presenta-herramientas-para-garantizar-la-educacion-de-ninas-ninos-y-adolescentes-migrantes\/#breadcrumb\"},\"inLanguage\":\"es\",\"potentialAction\":[{\"@type\":\"ReadAction\",\"target\":[\"https:\/\/www.nexoinformativo.mx\/index.php\/2024\/11\/25\/sep-presenta-herramientas-para-garantizar-la-educacion-de-ninas-ninos-y-adolescentes-migrantes\/\"]}]},{\"@type\":\"ImageObject\",\"inLanguage\":\"es\",\"@id\":\"https:\/\/www.nexoinformativo.mx\/index.php\/2024\/11\/25\/sep-presenta-herramientas-para-garantizar-la-educacion-de-ninas-ninos-y-adolescentes-migrantes\/#primaryimage\",\"url\":\"https:\/\/www.nexoinformativo.mx\/wp-content\/uploads\/2024\/11\/IMG_8124-scaled-e1732544939938.jpg\",\"contentUrl\":\"https:\/\/www.nexoinformativo.mx\/wp-content\/uploads\/2024\/11\/IMG_8124-scaled-e1732544939938.jpg\",\"width\":700,\"height\":510},{\"@type\":\"BreadcrumbList\",\"@id\":\"https:\/\/www.nexoinformativo.mx\/index.php\/2024\/11\/25\/sep-presenta-herramientas-para-garantizar-la-educacion-de-ninas-ninos-y-adolescentes-migrantes\/#breadcrumb\",\"itemListElement\":[{\"@type\":\"ListItem\",\"position\":1,\"name\":\"Inicio\",\"item\":\"https:\/\/www.nexoinformativo.mx\/\"},{\"@type\":\"ListItem\",\"position\":2,\"name\":\"SEP presenta herramientas para garantizar la educaci\u00f3n de ni\u00f1as, ni\u00f1os y adolescentes migrantes\"}]},{\"@type\":\"WebSite\",\"@id\":\"https:\/\/www.nexoinformativo.mx\/#website\",\"url\":\"https:\/\/www.nexoinformativo.mx\/\",\"name\":\"Nexo Informativo Santiago de Quer\u00e9taro\",\"description\":\"Explora NexoInformativo y convi\u00e9rtete en parte de una comunidad que valora el conocimiento y la verdad. Tu nexoinformativo es tu puente hacia una comprensi\u00f3n m\u00e1s profunda del mundo que te rodea.\",\"publisher\":{\"@id\":\"https:\/\/www.nexoinformativo.mx\/#organization\"},\"potentialAction\":[{\"@type\":\"SearchAction\",\"target\":{\"@type\":\"EntryPoint\",\"urlTemplate\":\"https:\/\/www.nexoinformativo.mx\/?s={search_term_string}\"},\"query-input\":{\"@type\":\"PropertyValueSpecification\",\"valueRequired\":true,\"valueName\":\"search_term_string\"}}],\"inLanguage\":\"es\"},{\"@type\":\"Organization\",\"@id\":\"https:\/\/www.nexoinformativo.mx\/#organization\",\"name\":\"Nexo Informativo Santiago de Quer\u00e9taro\",\"url\":\"https:\/\/www.nexoinformativo.mx\/\",\"logo\":{\"@type\":\"ImageObject\",\"inLanguage\":\"es\",\"@id\":\"https:\/\/www.nexoinformativo.mx\/#\/schema\/logo\/image\/\",\"url\":\"https:\/\/www.nexoinformativo.mx\/wp-content\/uploads\/2024\/07\/nexoi-trasparente-2.png\",\"contentUrl\":\"https:\/\/www.nexoinformativo.mx\/wp-content\/uploads\/2024\/07\/nexoi-trasparente-2.png\",\"width\":816,\"height\":339,\"caption\":\"Nexo Informativo Santiago de Quer\u00e9taro\"},\"image\":{\"@id\":\"https:\/\/www.nexoinformativo.mx\/#\/schema\/logo\/image\/\"},\"sameAs\":[\"https:\/\/www.facebook.com\/people\/Nexo-Informativo\/61564066885511\/\"]},{\"@type\":\"Person\",\"@id\":\"https:\/\/www.nexoinformativo.mx\/#\/schema\/person\/7749d380ba08c8ca00d7bc76fd907b7d\",\"name\":\"Nexo Informativo\",\"image\":{\"@type\":\"ImageObject\",\"inLanguage\":\"es\",\"@id\":\"https:\/\/www.nexoinformativo.mx\/#\/schema\/person\/image\/\",\"url\":\"https:\/\/secure.gravatar.com\/avatar\/dde2928154642a13d95f87ddf1ea9718fe2b46760a005c53e41ff5ad610704e6?s=96&d=mm&r=g\",\"contentUrl\":\"https:\/\/secure.gravatar.com\/avatar\/dde2928154642a13d95f87ddf1ea9718fe2b46760a005c53e41ff5ad610704e6?s=96&d=mm&r=g\",\"caption\":\"Nexo Informativo\"},\"url\":\"https:\/\/www.nexoinformativo.mx\/index.php\/author\/edicion\/\"}]}<\/script>\n<!-- \/ Yoast SEO plugin. -->","yoast_head_json":{"title":"SEP presenta herramientas para garantizar la educaci\u00f3n de ni\u00f1as, ni\u00f1os y adolescentes migrantes | Nexo Informativo Santiago de Quer\u00e9taro","description":"SEP presenta herramientas para garantizar la educaci\u00f3n de ni\u00f1as, ni\u00f1os y adolescentes migrantes","robots":{"index":"index","follow":"follow","max-snippet":"max-snippet:-1","max-image-preview":"max-image-preview:large","max-video-preview":"max-video-preview:-1"},"canonical":"https:\/\/www.nexoinformativo.mx\/index.php\/2024\/11\/25\/sep-presenta-herramientas-para-garantizar-la-educacion-de-ninas-ninos-y-adolescentes-migrantes\/","og_locale":"es_MX","og_type":"article","og_title":"SEP presenta herramientas para garantizar la educaci\u00f3n de ni\u00f1as, ni\u00f1os y adolescentes migrantes | Nexo Informativo Santiago de Quer\u00e9taro","og_description":"SEP presenta herramientas para garantizar la educaci\u00f3n de ni\u00f1as, ni\u00f1os y adolescentes migrantes","og_url":"https:\/\/www.nexoinformativo.mx\/index.php\/2024\/11\/25\/sep-presenta-herramientas-para-garantizar-la-educacion-de-ninas-ninos-y-adolescentes-migrantes\/","og_site_name":"Nexo Informativo Santiago de Quer\u00e9taro","article_publisher":"https:\/\/www.facebook.com\/people\/Nexo-Informativo\/61564066885511\/","article_published_time":"2024-11-25T12:30:20+00:00","article_modified_time":"2024-11-25T14:30:48+00:00","og_image":[{"width":700,"height":510,"url":"https:\/\/www.nexoinformativo.mx\/wp-content\/uploads\/2024\/11\/IMG_8124-scaled-e1732544939938.jpg","type":"image\/jpeg"}],"author":"Nexo Informativo","twitter_card":"summary_large_image","twitter_misc":{"Escrito por":"Nexo Informativo","Tiempo de lectura":"2 minutos"},"schema":{"@context":"https:\/\/schema.org","@graph":[{"@type":"Article","@id":"https:\/\/www.nexoinformativo.mx\/index.php\/2024\/11\/25\/sep-presenta-herramientas-para-garantizar-la-educacion-de-ninas-ninos-y-adolescentes-migrantes\/#article","isPartOf":{"@id":"https:\/\/www.nexoinformativo.mx\/index.php\/2024\/11\/25\/sep-presenta-herramientas-para-garantizar-la-educacion-de-ninas-ninos-y-adolescentes-migrantes\/"},"author":{"name":"Nexo Informativo","@id":"https:\/\/www.nexoinformativo.mx\/#\/schema\/person\/7749d380ba08c8ca00d7bc76fd907b7d"},"headline":"SEP presenta herramientas para garantizar la educaci\u00f3n de ni\u00f1as, ni\u00f1os y adolescentes migrantes","datePublished":"2024-11-25T12:30:20+00:00","dateModified":"2024-11-25T14:30:48+00:00","mainEntityOfPage":{"@id":"https:\/\/www.nexoinformativo.mx\/index.php\/2024\/11\/25\/sep-presenta-herramientas-para-garantizar-la-educacion-de-ninas-ninos-y-adolescentes-migrantes\/"},"wordCount":237,"commentCount":0,"publisher":{"@id":"https:\/\/www.nexoinformativo.mx\/#organization"},"image":{"@id":"https:\/\/www.nexoinformativo.mx\/index.php\/2024\/11\/25\/sep-presenta-herramientas-para-garantizar-la-educacion-de-ninas-ninos-y-adolescentes-migrantes\/#primaryimage"},"thumbnailUrl":"https:\/\/www.nexoinformativo.mx\/wp-content\/uploads\/2024\/11\/IMG_8124-scaled-e1732544939938.jpg","keywords":["Educaci\u00f3nInclusiva","Ni\u00f1osMigrantes","SEP","UNICEF"],"articleSection":["Nacional","\u00daltima Hora"],"inLanguage":"es","potentialAction":[{"@type":"CommentAction","name":"Comment","target":["https:\/\/www.nexoinformativo.mx\/index.php\/2024\/11\/25\/sep-presenta-herramientas-para-garantizar-la-educacion-de-ninas-ninos-y-adolescentes-migrantes\/#respond"]}]},{"@type":"WebPage","@id":"https:\/\/www.nexoinformativo.mx\/index.php\/2024\/11\/25\/sep-presenta-herramientas-para-garantizar-la-educacion-de-ninas-ninos-y-adolescentes-migrantes\/","url":"https:\/\/www.nexoinformativo.mx\/index.php\/2024\/11\/25\/sep-presenta-herramientas-para-garantizar-la-educacion-de-ninas-ninos-y-adolescentes-migrantes\/","name":"SEP presenta herramientas para garantizar la educaci\u00f3n de ni\u00f1as, ni\u00f1os y adolescentes migrantes | Nexo Informativo Santiago de Quer\u00e9taro","isPartOf":{"@id":"https:\/\/www.nexoinformativo.mx\/#website"},"primaryImageOfPage":{"@id":"https:\/\/www.nexoinformativo.mx\/index.php\/2024\/11\/25\/sep-presenta-herramientas-para-garantizar-la-educacion-de-ninas-ninos-y-adolescentes-migrantes\/#primaryimage"},"image":{"@id":"https:\/\/www.nexoinformativo.mx\/index.php\/2024\/11\/25\/sep-presenta-herramientas-para-garantizar-la-educacion-de-ninas-ninos-y-adolescentes-migrantes\/#primaryimage"},"thumbnailUrl":"https:\/\/www.nexoinformativo.mx\/wp-content\/uploads\/2024\/11\/IMG_8124-scaled-e1732544939938.jpg","datePublished":"2024-11-25T12:30:20+00:00","dateModified":"2024-11-25T14:30:48+00:00","description":"SEP presenta herramientas para garantizar la educaci\u00f3n de ni\u00f1as, ni\u00f1os y adolescentes migrantes","breadcrumb":{"@id":"https:\/\/www.nexoinformativo.mx\/index.php\/2024\/11\/25\/sep-presenta-herramientas-para-garantizar-la-educacion-de-ninas-ninos-y-adolescentes-migrantes\/#breadcrumb"},"inLanguage":"es","potentialAction":[{"@type":"ReadAction","target":["https:\/\/www.nexoinformativo.mx\/index.php\/2024\/11\/25\/sep-presenta-herramientas-para-garantizar-la-educacion-de-ninas-ninos-y-adolescentes-migrantes\/"]}]},{"@type":"ImageObject","inLanguage":"es","@id":"https:\/\/www.nexoinformativo.mx\/index.php\/2024\/11\/25\/sep-presenta-herramientas-para-garantizar-la-educacion-de-ninas-ninos-y-adolescentes-migrantes\/#primaryimage","url":"https:\/\/www.nexoinformativo.mx\/wp-content\/uploads\/2024\/11\/IMG_8124-scaled-e1732544939938.jpg","contentUrl":"https:\/\/www.nexoinformativo.mx\/wp-content\/uploads\/2024\/11\/IMG_8124-scaled-e1732544939938.jpg","width":700,"height":510},{"@type":"BreadcrumbList","@id":"https:\/\/www.nexoinformativo.mx\/index.php\/2024\/11\/25\/sep-presenta-herramientas-para-garantizar-la-educacion-de-ninas-ninos-y-adolescentes-migrantes\/#breadcrumb","itemListElement":[{"@type":"ListItem","position":1,"name":"Inicio","item":"https:\/\/www.nexoinformativo.mx\/"},{"@type":"ListItem","position":2,"name":"SEP presenta herramientas para garantizar la educaci\u00f3n de ni\u00f1as, ni\u00f1os y adolescentes migrantes"}]},{"@type":"WebSite","@id":"https:\/\/www.nexoinformativo.mx\/#website","url":"https:\/\/www.nexoinformativo.mx\/","name":"Nexo Informativo Santiago de Quer\u00e9taro","description":"Explora NexoInformativo y convi\u00e9rtete en parte de una comunidad que valora el conocimiento y la verdad. Tu nexoinformativo es tu puente hacia una comprensi\u00f3n m\u00e1s profunda del mundo que te rodea.","publisher":{"@id":"https:\/\/www.nexoinformativo.mx\/#organization"},"potentialAction":[{"@type":"SearchAction","target":{"@type":"EntryPoint","urlTemplate":"https:\/\/www.nexoinformativo.mx\/?s={search_term_string}"},"query-input":{"@type":"PropertyValueSpecification","valueRequired":true,"valueName":"search_term_string"}}],"inLanguage":"es"},{"@type":"Organization","@id":"https:\/\/www.nexoinformativo.mx\/#organization","name":"Nexo Informativo Santiago de Quer\u00e9taro","url":"https:\/\/www.nexoinformativo.mx\/","logo":{"@type":"ImageObject","inLanguage":"es","@id":"https:\/\/www.nexoinformativo.mx\/#\/schema\/logo\/image\/","url":"https:\/\/www.nexoinformativo.mx\/wp-content\/uploads\/2024\/07\/nexoi-trasparente-2.png","contentUrl":"https:\/\/www.nexoinformativo.mx\/wp-content\/uploads\/2024\/07\/nexoi-trasparente-2.png","width":816,"height":339,"caption":"Nexo Informativo Santiago de Quer\u00e9taro"},"image":{"@id":"https:\/\/www.nexoinformativo.mx\/#\/schema\/logo\/image\/"},"sameAs":["https:\/\/www.facebook.com\/people\/Nexo-Informativo\/61564066885511\/"]},{"@type":"Person","@id":"https:\/\/www.nexoinformativo.mx\/#\/schema\/person\/7749d380ba08c8ca00d7bc76fd907b7d","name":"Nexo Informativo","image":{"@type":"ImageObject","inLanguage":"es","@id":"https:\/\/www.nexoinformativo.mx\/#\/schema\/person\/image\/","url":"https:\/\/secure.gravatar.com\/avatar\/dde2928154642a13d95f87ddf1ea9718fe2b46760a005c53e41ff5ad610704e6?s=96&d=mm&r=g","contentUrl":"https:\/\/secure.gravatar.com\/avatar\/dde2928154642a13d95f87ddf1ea9718fe2b46760a005c53e41ff5ad610704e6?s=96&d=mm&r=g","caption":"Nexo Informativo"},"url":"https:\/\/www.nexoinformativo.mx\/index.php\/author\/edicion\/"}]}},"_links":{"self":[{"href":"https:\/\/www.nexoinformativo.mx\/index.php\/wp-json\/wp\/v2\/posts\/6832","targetHints":{"allow":["GET"]}}],"collection":[{"href":"https:\/\/www.nexoinformativo.mx\/index.php\/wp-json\/wp\/v2\/posts"}],"about":[{"href":"https:\/\/www.nexoinformativo.mx\/index.php\/wp-json\/wp\/v2\/types\/post"}],"author":[{"embeddable":true,"href":"https:\/\/www.nexoinformativo.mx\/index.php\/wp-json\/wp\/v2\/users\/3"}],"replies":[{"embeddable":true,"href":"https:\/\/www.nexoinformativo.mx\/index.php\/wp-json\/wp\/v2\/comments?post=6832"}],"version-history":[{"count":3,"href":"https:\/\/www.nexoinformativo.mx\/index.php\/wp-json\/wp\/v2\/posts\/6832\/revisions"}],"predecessor-version":[{"id":6838,"href":"https:\/\/www.nexoinformativo.mx\/index.php\/wp-json\/wp\/v2\/posts\/6832\/revisions\/6838"}],"wp:featuredmedia":[{"embeddable":true,"href":"https:\/\/www.nexoinformativo.mx\/index.php\/wp-json\/wp\/v2\/media\/6833"}],"wp:attachment":[{"href":"https:\/\/www.nexoinformativo.mx\/index.php\/wp-json\/wp\/v2\/media?parent=6832"}],"wp:term":[{"taxonomy":"category","embeddable":true,"href":"https:\/\/www.nexoinformativo.mx\/index.php\/wp-json\/wp\/v2\/categories?post=6832"},{"taxonomy":"post_tag","embeddable":true,"href":"https:\/\/www.nexoinformativo.mx\/index.php\/wp-json\/wp\/v2\/tags?post=6832"}],"curies":[{"name":"wp","href":"https:\/\/api.w.org\/{rel}","templated":true}]}}