{"id":6839,"date":"2024-11-25T07:00:54","date_gmt":"2024-11-25T13:00:54","guid":{"rendered":"https:\/\/www.nexoinformativo.mx\/?p=6839"},"modified":"2024-11-25T08:34:19","modified_gmt":"2024-11-25T14:34:19","slug":"mexico-lucha-contra-la-resistencia-a-los-antimicrobianos-senasica-impulsa-acciones-en-el-sector-agropecuario","status":"publish","type":"post","link":"https:\/\/www.nexoinformativo.mx\/index.php\/2024\/11\/25\/mexico-lucha-contra-la-resistencia-a-los-antimicrobianos-senasica-impulsa-acciones-en-el-sector-agropecuario\/","title":{"rendered":"M\u00e9xico lucha contra la resistencia a los antimicrobianos: Senasica impulsa acciones en el sector agropecuario"},"content":{"rendered":"<p style=\"text-align: justify;\" data-sourcepos=\"9:1-9:263\">La Secretar\u00eda de Agricultura y Desarrollo Rural, a trav\u00e9s del Senasica, se uni\u00f3 a <strong>la Semana Mundial de Concientizaci\u00f3n sobre la Resistencia a los Antimicrobianos<\/strong> (WAAW) para alertar sobre los riesgos del uso indiscriminado de antibi\u00f3ticos en la producci\u00f3n animal.<\/p>\n<p>&nbsp;<\/p>\n<p style=\"text-align: justify;\" data-sourcepos=\"11:1-11:267\"><strong>La resistencia a los antimicrobianos<\/strong> (RAM) es una amenaza global que pone en riesgo la salud humana y animal. El uso excesivo y inadecuado de antibi\u00f3ticos en la agricultura contribuye al desarrollo de bacterias resistentes, dificultando el tratamiento de infecciones.<\/p>\n<p>&nbsp;<\/p>\n<p style=\"text-align: justify;\" data-sourcepos=\"13:1-13:313\">Para combatir este problema, el Senasica ha implementado diversas acciones, como la realizaci\u00f3n de conferencias y seminarios para concientizar a productores y veterinarios sobre las consecuencias de la RAM. Adem\u00e1s, se est\u00e1 elaborando una gu\u00eda para promover el uso responsable de antimicrobianos en la acuicultura.<\/p>\n<p>&nbsp;<\/p>\n<p style=\"text-align: justify;\" data-sourcepos=\"15:1-15:276\"><strong>&#8220;La concientizaci\u00f3n es clave para reducir el uso de antibi\u00f3ticos en la producci\u00f3n animal&#8221;<\/strong>, afirm\u00f3 Carlos Jasso, coordinador del Subcomit\u00e9 de RAM en Salud Animal. &#8220;Debemos trabajar juntos para garantizar la salud de los animales y de las personas&#8221;.<\/p>\n<p>&nbsp;<\/p>\n<p style=\"text-align: justify;\" data-sourcepos=\"17:1-17:326\">La WAAW 2024, bajo el lema <strong>&#8220;Educar. Promover. Actuar ahora&#8221;<\/strong>, busca fomentar la colaboraci\u00f3n entre diferentes sectores para combatir la RAM. El Senasica, junto con otras organizaciones internacionales, trabaja para promover pr\u00e1cticas responsables en el uso de antimicrobianos y garantizar la salud de los ecosistemas.<\/p>\n<p>&nbsp;<\/p>\n<p style=\"text-align: center;\" data-sourcepos=\"17:1-17:326\"><em><strong>\u00a1Informaci\u00f3n que transforma!<\/strong><\/em><\/p>\n","protected":false},"excerpt":{"rendered":"<p>La Secretar\u00eda de Agricultura y Desarrollo Rural, a trav\u00e9s del Senasica, se uni\u00f3 a la Semana Mundial de Concientizaci\u00f3n sobre la Resistencia a los Antimicrobianos (WAAW) para alertar sobre los riesgos del uso indiscriminado de antibi\u00f3ticos en la producci\u00f3n animal.<\/p>\n","protected":false},"author":3,"featured_media":6840,"comment_status":"open","ping_status":"open","sticky":false,"template":"","format":"standard","meta":{"footnotes":""},"categories":[88,58],"tags":[2308,2043,2044,2309],"class_list":["post-6839","post","type-post","status-publish","format-standard","has-post-thumbnail","hentry","category-nacional","category-ultima-hora","tag-resistenciaantimicrobiana","tag-saludanimal","tag-senasica","tag-unasalud"],"yoast_head":"<!-- This site is optimized with the Yoast SEO plugin v25.0 - https:\/\/yoast.com\/wordpress\/plugins\/seo\/ -->\n<title>M\u00e9xico lucha contra la resistencia a los antimicrobianos: Senasica impulsa acciones en el sector agropecuario | Nexo Informativo Santiago de Quer\u00e9taro<\/title>\n<meta name=\"description\" content=\"M\u00e9xico lucha contra la resistencia a los antimicrobianos: Senasica impulsa acciones en el sector agropecuario\" \/>\n<meta name=\"robots\" content=\"index, follow, max-snippet:-1, max-image-preview:large, max-video-preview:-1\" \/>\n<link rel=\"canonical\" href=\"https:\/\/www.nexoinformativo.mx\/index.php\/2024\/11\/25\/mexico-lucha-contra-la-resistencia-a-los-antimicrobianos-senasica-impulsa-acciones-en-el-sector-agropecuario\/\" \/>\n<meta property=\"og:locale\" content=\"es_MX\" \/>\n<meta property=\"og:type\" content=\"article\" \/>\n<meta property=\"og:title\" content=\"M\u00e9xico lucha contra la resistencia a los antimicrobianos: Senasica impulsa acciones en el sector agropecuario | Nexo Informativo Santiago de Quer\u00e9taro\" \/>\n<meta property=\"og:description\" content=\"M\u00e9xico lucha contra la resistencia a los antimicrobianos: Senasica impulsa acciones en el sector agropecuario\" \/>\n<meta property=\"og:url\" content=\"https:\/\/www.nexoinformativo.mx\/index.php\/2024\/11\/25\/mexico-lucha-contra-la-resistencia-a-los-antimicrobianos-senasica-impulsa-acciones-en-el-sector-agropecuario\/\" \/>\n<meta property=\"og:site_name\" content=\"Nexo Informativo Santiago de Quer\u00e9taro\" \/>\n<meta property=\"article:publisher\" content=\"https:\/\/www.facebook.com\/people\/Nexo-Informativo\/61564066885511\/\" \/>\n<meta property=\"article:published_time\" content=\"2024-11-25T13:00:54+00:00\" \/>\n<meta property=\"article:modified_time\" content=\"2024-11-25T14:34:19+00:00\" \/>\n<meta property=\"og:image\" content=\"https:\/\/www.nexoinformativo.mx\/wp-content\/uploads\/2024\/11\/IMG_8125.jpg\" \/>\n\t<meta property=\"og:image:width\" content=\"650\" \/>\n\t<meta property=\"og:image:height\" content=\"380\" \/>\n\t<meta property=\"og:image:type\" content=\"image\/jpeg\" \/>\n<meta name=\"author\" content=\"Nexo Informativo\" \/>\n<meta name=\"twitter:card\" content=\"summary_large_image\" \/>\n<meta name=\"twitter:label1\" content=\"Escrito por\" \/>\n\t<meta name=\"twitter:data1\" content=\"Nexo Informativo\" \/>\n\t<meta name=\"twitter:label2\" content=\"Tiempo de lectura\" \/>\n\t<meta name=\"twitter:data2\" content=\"2 minutos\" \/>\n<script type=\"application\/ld+json\" class=\"yoast-schema-graph\">{\"@context\":\"https:\/\/schema.org\",\"@graph\":[{\"@type\":\"Article\",\"@id\":\"https:\/\/www.nexoinformativo.mx\/index.php\/2024\/11\/25\/mexico-lucha-contra-la-resistencia-a-los-antimicrobianos-senasica-impulsa-acciones-en-el-sector-agropecuario\/#article\",\"isPartOf\":{\"@id\":\"https:\/\/www.nexoinformativo.mx\/index.php\/2024\/11\/25\/mexico-lucha-contra-la-resistencia-a-los-antimicrobianos-senasica-impulsa-acciones-en-el-sector-agropecuario\/\"},\"author\":{\"name\":\"Nexo Informativo\",\"@id\":\"https:\/\/www.nexoinformativo.mx\/#\/schema\/person\/7749d380ba08c8ca00d7bc76fd907b7d\"},\"headline\":\"M\u00e9xico lucha contra la resistencia a los antimicrobianos: Senasica impulsa acciones en el sector agropecuario\",\"datePublished\":\"2024-11-25T13:00:54+00:00\",\"dateModified\":\"2024-11-25T14:34:19+00:00\",\"mainEntityOfPage\":{\"@id\":\"https:\/\/www.nexoinformativo.mx\/index.php\/2024\/11\/25\/mexico-lucha-contra-la-resistencia-a-los-antimicrobianos-senasica-impulsa-acciones-en-el-sector-agropecuario\/\"},\"wordCount\":247,\"commentCount\":0,\"publisher\":{\"@id\":\"https:\/\/www.nexoinformativo.mx\/#organization\"},\"image\":{\"@id\":\"https:\/\/www.nexoinformativo.mx\/index.php\/2024\/11\/25\/mexico-lucha-contra-la-resistencia-a-los-antimicrobianos-senasica-impulsa-acciones-en-el-sector-agropecuario\/#primaryimage\"},\"thumbnailUrl\":\"https:\/\/www.nexoinformativo.mx\/wp-content\/uploads\/2024\/11\/IMG_8125.jpg\",\"keywords\":[\"ResistenciaAntimicrobiana\",\"SaludAnimal\",\"Senasica\",\"UnaSalud\"],\"articleSection\":[\"Nacional\",\"\u00daltima Hora\"],\"inLanguage\":\"es\",\"potentialAction\":[{\"@type\":\"CommentAction\",\"name\":\"Comment\",\"target\":[\"https:\/\/www.nexoinformativo.mx\/index.php\/2024\/11\/25\/mexico-lucha-contra-la-resistencia-a-los-antimicrobianos-senasica-impulsa-acciones-en-el-sector-agropecuario\/#respond\"]}]},{\"@type\":\"WebPage\",\"@id\":\"https:\/\/www.nexoinformativo.mx\/index.php\/2024\/11\/25\/mexico-lucha-contra-la-resistencia-a-los-antimicrobianos-senasica-impulsa-acciones-en-el-sector-agropecuario\/\",\"url\":\"https:\/\/www.nexoinformativo.mx\/index.php\/2024\/11\/25\/mexico-lucha-contra-la-resistencia-a-los-antimicrobianos-senasica-impulsa-acciones-en-el-sector-agropecuario\/\",\"name\":\"M\u00e9xico lucha contra la resistencia a los antimicrobianos: Senasica impulsa acciones en el sector agropecuario | Nexo Informativo Santiago de Quer\u00e9taro\",\"isPartOf\":{\"@id\":\"https:\/\/www.nexoinformativo.mx\/#website\"},\"primaryImageOfPage\":{\"@id\":\"https:\/\/www.nexoinformativo.mx\/index.php\/2024\/11\/25\/mexico-lucha-contra-la-resistencia-a-los-antimicrobianos-senasica-impulsa-acciones-en-el-sector-agropecuario\/#primaryimage\"},\"image\":{\"@id\":\"https:\/\/www.nexoinformativo.mx\/index.php\/2024\/11\/25\/mexico-lucha-contra-la-resistencia-a-los-antimicrobianos-senasica-impulsa-acciones-en-el-sector-agropecuario\/#primaryimage\"},\"thumbnailUrl\":\"https:\/\/www.nexoinformativo.mx\/wp-content\/uploads\/2024\/11\/IMG_8125.jpg\",\"datePublished\":\"2024-11-25T13:00:54+00:00\",\"dateModified\":\"2024-11-25T14:34:19+00:00\",\"description\":\"M\u00e9xico lucha contra la resistencia a los antimicrobianos: Senasica impulsa acciones en el sector agropecuario\",\"breadcrumb\":{\"@id\":\"https:\/\/www.nexoinformativo.mx\/index.php\/2024\/11\/25\/mexico-lucha-contra-la-resistencia-a-los-antimicrobianos-senasica-impulsa-acciones-en-el-sector-agropecuario\/#breadcrumb\"},\"inLanguage\":\"es\",\"potentialAction\":[{\"@type\":\"ReadAction\",\"target\":[\"https:\/\/www.nexoinformativo.mx\/index.php\/2024\/11\/25\/mexico-lucha-contra-la-resistencia-a-los-antimicrobianos-senasica-impulsa-acciones-en-el-sector-agropecuario\/\"]}]},{\"@type\":\"ImageObject\",\"inLanguage\":\"es\",\"@id\":\"https:\/\/www.nexoinformativo.mx\/index.php\/2024\/11\/25\/mexico-lucha-contra-la-resistencia-a-los-antimicrobianos-senasica-impulsa-acciones-en-el-sector-agropecuario\/#primaryimage\",\"url\":\"https:\/\/www.nexoinformativo.mx\/wp-content\/uploads\/2024\/11\/IMG_8125.jpg\",\"contentUrl\":\"https:\/\/www.nexoinformativo.mx\/wp-content\/uploads\/2024\/11\/IMG_8125.jpg\",\"width\":650,\"height\":380},{\"@type\":\"BreadcrumbList\",\"@id\":\"https:\/\/www.nexoinformativo.mx\/index.php\/2024\/11\/25\/mexico-lucha-contra-la-resistencia-a-los-antimicrobianos-senasica-impulsa-acciones-en-el-sector-agropecuario\/#breadcrumb\",\"itemListElement\":[{\"@type\":\"ListItem\",\"position\":1,\"name\":\"Inicio\",\"item\":\"https:\/\/www.nexoinformativo.mx\/\"},{\"@type\":\"ListItem\",\"position\":2,\"name\":\"M\u00e9xico lucha contra la resistencia a los antimicrobianos: Senasica impulsa acciones en el sector agropecuario\"}]},{\"@type\":\"WebSite\",\"@id\":\"https:\/\/www.nexoinformativo.mx\/#website\",\"url\":\"https:\/\/www.nexoinformativo.mx\/\",\"name\":\"Nexo Informativo Santiago de Quer\u00e9taro\",\"description\":\"Explora NexoInformativo y convi\u00e9rtete en parte de una comunidad que valora el conocimiento y la verdad. Tu nexoinformativo es tu puente hacia una comprensi\u00f3n m\u00e1s profunda del mundo que te rodea.\",\"publisher\":{\"@id\":\"https:\/\/www.nexoinformativo.mx\/#organization\"},\"potentialAction\":[{\"@type\":\"SearchAction\",\"target\":{\"@type\":\"EntryPoint\",\"urlTemplate\":\"https:\/\/www.nexoinformativo.mx\/?s={search_term_string}\"},\"query-input\":{\"@type\":\"PropertyValueSpecification\",\"valueRequired\":true,\"valueName\":\"search_term_string\"}}],\"inLanguage\":\"es\"},{\"@type\":\"Organization\",\"@id\":\"https:\/\/www.nexoinformativo.mx\/#organization\",\"name\":\"Nexo Informativo Santiago de Quer\u00e9taro\",\"url\":\"https:\/\/www.nexoinformativo.mx\/\",\"logo\":{\"@type\":\"ImageObject\",\"inLanguage\":\"es\",\"@id\":\"https:\/\/www.nexoinformativo.mx\/#\/schema\/logo\/image\/\",\"url\":\"https:\/\/www.nexoinformativo.mx\/wp-content\/uploads\/2024\/07\/nexoi-trasparente-2.png\",\"contentUrl\":\"https:\/\/www.nexoinformativo.mx\/wp-content\/uploads\/2024\/07\/nexoi-trasparente-2.png\",\"width\":816,\"height\":339,\"caption\":\"Nexo Informativo Santiago de Quer\u00e9taro\"},\"image\":{\"@id\":\"https:\/\/www.nexoinformativo.mx\/#\/schema\/logo\/image\/\"},\"sameAs\":[\"https:\/\/www.facebook.com\/people\/Nexo-Informativo\/61564066885511\/\"]},{\"@type\":\"Person\",\"@id\":\"https:\/\/www.nexoinformativo.mx\/#\/schema\/person\/7749d380ba08c8ca00d7bc76fd907b7d\",\"name\":\"Nexo Informativo\",\"image\":{\"@type\":\"ImageObject\",\"inLanguage\":\"es\",\"@id\":\"https:\/\/www.nexoinformativo.mx\/#\/schema\/person\/image\/\",\"url\":\"https:\/\/secure.gravatar.com\/avatar\/dde2928154642a13d95f87ddf1ea9718fe2b46760a005c53e41ff5ad610704e6?s=96&d=mm&r=g\",\"contentUrl\":\"https:\/\/secure.gravatar.com\/avatar\/dde2928154642a13d95f87ddf1ea9718fe2b46760a005c53e41ff5ad610704e6?s=96&d=mm&r=g\",\"caption\":\"Nexo Informativo\"},\"url\":\"https:\/\/www.nexoinformativo.mx\/index.php\/author\/edicion\/\"}]}<\/script>\n<!-- \/ Yoast SEO plugin. -->","yoast_head_json":{"title":"M\u00e9xico lucha contra la resistencia a los antimicrobianos: Senasica impulsa acciones en el sector agropecuario | Nexo Informativo Santiago de Quer\u00e9taro","description":"M\u00e9xico lucha contra la resistencia a los antimicrobianos: Senasica impulsa acciones en el sector agropecuario","robots":{"index":"index","follow":"follow","max-snippet":"max-snippet:-1","max-image-preview":"max-image-preview:large","max-video-preview":"max-video-preview:-1"},"canonical":"https:\/\/www.nexoinformativo.mx\/index.php\/2024\/11\/25\/mexico-lucha-contra-la-resistencia-a-los-antimicrobianos-senasica-impulsa-acciones-en-el-sector-agropecuario\/","og_locale":"es_MX","og_type":"article","og_title":"M\u00e9xico lucha contra la resistencia a los antimicrobianos: Senasica impulsa acciones en el sector agropecuario | Nexo Informativo Santiago de Quer\u00e9taro","og_description":"M\u00e9xico lucha contra la resistencia a los antimicrobianos: Senasica impulsa acciones en el sector agropecuario","og_url":"https:\/\/www.nexoinformativo.mx\/index.php\/2024\/11\/25\/mexico-lucha-contra-la-resistencia-a-los-antimicrobianos-senasica-impulsa-acciones-en-el-sector-agropecuario\/","og_site_name":"Nexo Informativo Santiago de Quer\u00e9taro","article_publisher":"https:\/\/www.facebook.com\/people\/Nexo-Informativo\/61564066885511\/","article_published_time":"2024-11-25T13:00:54+00:00","article_modified_time":"2024-11-25T14:34:19+00:00","og_image":[{"width":650,"height":380,"url":"https:\/\/www.nexoinformativo.mx\/wp-content\/uploads\/2024\/11\/IMG_8125.jpg","type":"image\/jpeg"}],"author":"Nexo Informativo","twitter_card":"summary_large_image","twitter_misc":{"Escrito por":"Nexo Informativo","Tiempo de lectura":"2 minutos"},"schema":{"@context":"https:\/\/schema.org","@graph":[{"@type":"Article","@id":"https:\/\/www.nexoinformativo.mx\/index.php\/2024\/11\/25\/mexico-lucha-contra-la-resistencia-a-los-antimicrobianos-senasica-impulsa-acciones-en-el-sector-agropecuario\/#article","isPartOf":{"@id":"https:\/\/www.nexoinformativo.mx\/index.php\/2024\/11\/25\/mexico-lucha-contra-la-resistencia-a-los-antimicrobianos-senasica-impulsa-acciones-en-el-sector-agropecuario\/"},"author":{"name":"Nexo Informativo","@id":"https:\/\/www.nexoinformativo.mx\/#\/schema\/person\/7749d380ba08c8ca00d7bc76fd907b7d"},"headline":"M\u00e9xico lucha contra la resistencia a los antimicrobianos: Senasica impulsa acciones en el sector agropecuario","datePublished":"2024-11-25T13:00:54+00:00","dateModified":"2024-11-25T14:34:19+00:00","mainEntityOfPage":{"@id":"https:\/\/www.nexoinformativo.mx\/index.php\/2024\/11\/25\/mexico-lucha-contra-la-resistencia-a-los-antimicrobianos-senasica-impulsa-acciones-en-el-sector-agropecuario\/"},"wordCount":247,"commentCount":0,"publisher":{"@id":"https:\/\/www.nexoinformativo.mx\/#organization"},"image":{"@id":"https:\/\/www.nexoinformativo.mx\/index.php\/2024\/11\/25\/mexico-lucha-contra-la-resistencia-a-los-antimicrobianos-senasica-impulsa-acciones-en-el-sector-agropecuario\/#primaryimage"},"thumbnailUrl":"https:\/\/www.nexoinformativo.mx\/wp-content\/uploads\/2024\/11\/IMG_8125.jpg","keywords":["ResistenciaAntimicrobiana","SaludAnimal","Senasica","UnaSalud"],"articleSection":["Nacional","\u00daltima Hora"],"inLanguage":"es","potentialAction":[{"@type":"CommentAction","name":"Comment","target":["https:\/\/www.nexoinformativo.mx\/index.php\/2024\/11\/25\/mexico-lucha-contra-la-resistencia-a-los-antimicrobianos-senasica-impulsa-acciones-en-el-sector-agropecuario\/#respond"]}]},{"@type":"WebPage","@id":"https:\/\/www.nexoinformativo.mx\/index.php\/2024\/11\/25\/mexico-lucha-contra-la-resistencia-a-los-antimicrobianos-senasica-impulsa-acciones-en-el-sector-agropecuario\/","url":"https:\/\/www.nexoinformativo.mx\/index.php\/2024\/11\/25\/mexico-lucha-contra-la-resistencia-a-los-antimicrobianos-senasica-impulsa-acciones-en-el-sector-agropecuario\/","name":"M\u00e9xico lucha contra la resistencia a los antimicrobianos: Senasica impulsa acciones en el sector agropecuario | Nexo Informativo Santiago de Quer\u00e9taro","isPartOf":{"@id":"https:\/\/www.nexoinformativo.mx\/#website"},"primaryImageOfPage":{"@id":"https:\/\/www.nexoinformativo.mx\/index.php\/2024\/11\/25\/mexico-lucha-contra-la-resistencia-a-los-antimicrobianos-senasica-impulsa-acciones-en-el-sector-agropecuario\/#primaryimage"},"image":{"@id":"https:\/\/www.nexoinformativo.mx\/index.php\/2024\/11\/25\/mexico-lucha-contra-la-resistencia-a-los-antimicrobianos-senasica-impulsa-acciones-en-el-sector-agropecuario\/#primaryimage"},"thumbnailUrl":"https:\/\/www.nexoinformativo.mx\/wp-content\/uploads\/2024\/11\/IMG_8125.jpg","datePublished":"2024-11-25T13:00:54+00:00","dateModified":"2024-11-25T14:34:19+00:00","description":"M\u00e9xico lucha contra la resistencia a los antimicrobianos: Senasica impulsa acciones en el sector agropecuario","breadcrumb":{"@id":"https:\/\/www.nexoinformativo.mx\/index.php\/2024\/11\/25\/mexico-lucha-contra-la-resistencia-a-los-antimicrobianos-senasica-impulsa-acciones-en-el-sector-agropecuario\/#breadcrumb"},"inLanguage":"es","potentialAction":[{"@type":"ReadAction","target":["https:\/\/www.nexoinformativo.mx\/index.php\/2024\/11\/25\/mexico-lucha-contra-la-resistencia-a-los-antimicrobianos-senasica-impulsa-acciones-en-el-sector-agropecuario\/"]}]},{"@type":"ImageObject","inLanguage":"es","@id":"https:\/\/www.nexoinformativo.mx\/index.php\/2024\/11\/25\/mexico-lucha-contra-la-resistencia-a-los-antimicrobianos-senasica-impulsa-acciones-en-el-sector-agropecuario\/#primaryimage","url":"https:\/\/www.nexoinformativo.mx\/wp-content\/uploads\/2024\/11\/IMG_8125.jpg","contentUrl":"https:\/\/www.nexoinformativo.mx\/wp-content\/uploads\/2024\/11\/IMG_8125.jpg","width":650,"height":380},{"@type":"BreadcrumbList","@id":"https:\/\/www.nexoinformativo.mx\/index.php\/2024\/11\/25\/mexico-lucha-contra-la-resistencia-a-los-antimicrobianos-senasica-impulsa-acciones-en-el-sector-agropecuario\/#breadcrumb","itemListElement":[{"@type":"ListItem","position":1,"name":"Inicio","item":"https:\/\/www.nexoinformativo.mx\/"},{"@type":"ListItem","position":2,"name":"M\u00e9xico lucha contra la resistencia a los antimicrobianos: Senasica impulsa acciones en el sector agropecuario"}]},{"@type":"WebSite","@id":"https:\/\/www.nexoinformativo.mx\/#website","url":"https:\/\/www.nexoinformativo.mx\/","name":"Nexo Informativo Santiago de Quer\u00e9taro","description":"Explora NexoInformativo y convi\u00e9rtete en parte de una comunidad que valora el conocimiento y la verdad. Tu nexoinformativo es tu puente hacia una comprensi\u00f3n m\u00e1s profunda del mundo que te rodea.","publisher":{"@id":"https:\/\/www.nexoinformativo.mx\/#organization"},"potentialAction":[{"@type":"SearchAction","target":{"@type":"EntryPoint","urlTemplate":"https:\/\/www.nexoinformativo.mx\/?s={search_term_string}"},"query-input":{"@type":"PropertyValueSpecification","valueRequired":true,"valueName":"search_term_string"}}],"inLanguage":"es"},{"@type":"Organization","@id":"https:\/\/www.nexoinformativo.mx\/#organization","name":"Nexo Informativo Santiago de Quer\u00e9taro","url":"https:\/\/www.nexoinformativo.mx\/","logo":{"@type":"ImageObject","inLanguage":"es","@id":"https:\/\/www.nexoinformativo.mx\/#\/schema\/logo\/image\/","url":"https:\/\/www.nexoinformativo.mx\/wp-content\/uploads\/2024\/07\/nexoi-trasparente-2.png","contentUrl":"https:\/\/www.nexoinformativo.mx\/wp-content\/uploads\/2024\/07\/nexoi-trasparente-2.png","width":816,"height":339,"caption":"Nexo Informativo Santiago de Quer\u00e9taro"},"image":{"@id":"https:\/\/www.nexoinformativo.mx\/#\/schema\/logo\/image\/"},"sameAs":["https:\/\/www.facebook.com\/people\/Nexo-Informativo\/61564066885511\/"]},{"@type":"Person","@id":"https:\/\/www.nexoinformativo.mx\/#\/schema\/person\/7749d380ba08c8ca00d7bc76fd907b7d","name":"Nexo Informativo","image":{"@type":"ImageObject","inLanguage":"es","@id":"https:\/\/www.nexoinformativo.mx\/#\/schema\/person\/image\/","url":"https:\/\/secure.gravatar.com\/avatar\/dde2928154642a13d95f87ddf1ea9718fe2b46760a005c53e41ff5ad610704e6?s=96&d=mm&r=g","contentUrl":"https:\/\/secure.gravatar.com\/avatar\/dde2928154642a13d95f87ddf1ea9718fe2b46760a005c53e41ff5ad610704e6?s=96&d=mm&r=g","caption":"Nexo Informativo"},"url":"https:\/\/www.nexoinformativo.mx\/index.php\/author\/edicion\/"}]}},"_links":{"self":[{"href":"https:\/\/www.nexoinformativo.mx\/index.php\/wp-json\/wp\/v2\/posts\/6839","targetHints":{"allow":["GET"]}}],"collection":[{"href":"https:\/\/www.nexoinformativo.mx\/index.php\/wp-json\/wp\/v2\/posts"}],"about":[{"href":"https:\/\/www.nexoinformativo.mx\/index.php\/wp-json\/wp\/v2\/types\/post"}],"author":[{"embeddable":true,"href":"https:\/\/www.nexoinformativo.mx\/index.php\/wp-json\/wp\/v2\/users\/3"}],"replies":[{"embeddable":true,"href":"https:\/\/www.nexoinformativo.mx\/index.php\/wp-json\/wp\/v2\/comments?post=6839"}],"version-history":[{"count":3,"href":"https:\/\/www.nexoinformativo.mx\/index.php\/wp-json\/wp\/v2\/posts\/6839\/revisions"}],"predecessor-version":[{"id":6843,"href":"https:\/\/www.nexoinformativo.mx\/index.php\/wp-json\/wp\/v2\/posts\/6839\/revisions\/6843"}],"wp:featuredmedia":[{"embeddable":true,"href":"https:\/\/www.nexoinformativo.mx\/index.php\/wp-json\/wp\/v2\/media\/6840"}],"wp:attachment":[{"href":"https:\/\/www.nexoinformativo.mx\/index.php\/wp-json\/wp\/v2\/media?parent=6839"}],"wp:term":[{"taxonomy":"category","embeddable":true,"href":"https:\/\/www.nexoinformativo.mx\/index.php\/wp-json\/wp\/v2\/categories?post=6839"},{"taxonomy":"post_tag","embeddable":true,"href":"https:\/\/www.nexoinformativo.mx\/index.php\/wp-json\/wp\/v2\/tags?post=6839"}],"curies":[{"name":"wp","href":"https:\/\/api.w.org\/{rel}","templated":true}]}}