{"id":6849,"date":"2024-11-25T08:00:18","date_gmt":"2024-11-25T14:00:18","guid":{"rendered":"https:\/\/www.nexoinformativo.mx\/?p=6849"},"modified":"2024-11-25T08:50:22","modified_gmt":"2024-11-25T14:50:22","slug":"navidad-sin-gastar-de-mas-profeco-revela-los-precios-mas-bajos-para-tu-cena-navidena","status":"publish","type":"post","link":"https:\/\/www.nexoinformativo.mx\/index.php\/2024\/11\/25\/navidad-sin-gastar-de-mas-profeco-revela-los-precios-mas-bajos-para-tu-cena-navidena\/","title":{"rendered":"\u00a1Navidad sin gastar de m\u00e1s! Profeco revela los precios m\u00e1s bajos para tu cena Navide\u00f1a"},"content":{"rendered":"<p style=\"text-align: justify;\" data-sourcepos=\"9:1-9:345\"><strong>La Procuradur\u00eda Federal del Consumidor<\/strong> (Profeco) se ha puesto manos a la obra para ayudarte a planificar tu cena navide\u00f1a sin que tu bolsillo se resienta. Con la intenci\u00f3n de que disfrutes de estas fiestas sin preocupaciones, la Profeco est\u00e1 monitoreando los precios de 197 productos navide\u00f1os en cientos de establecimientos a lo largo del pa\u00eds.<\/p>\n<p>&nbsp;<\/p>\n<p style=\"text-align: justify;\" data-sourcepos=\"11:1-11:258\">Desde bacalao y sidra hasta aceitunas y rompope, la Profeco ha recopilado informaci\u00f3n detallada sobre los precios de los ingredientes esenciales para tu cena navide\u00f1a. El objetivo es que puedas comparar precios y elegir las mejores opciones para tu bolsillo.<\/p>\n<p>&nbsp;<\/p>\n<p style=\"text-align: justify;\" data-sourcepos=\"13:1-13:31\"><strong>\u00bfCu\u00e1nto te costar\u00e1 la cena?<\/strong>\u00a0Para darte una idea, la Profeco ha encontrado precios m\u00ednimos para algunos productos clave:<\/p>\n<p>&nbsp;<\/p>\n<ul style=\"text-align: justify;\">\n<li>Sidra (700 ml): desde $99 MXN<\/li>\n<li>Aceite de oliva: desde $115 MXN<\/li>\n<li>Aceitunas (180 g): desde $20 MXN<\/li>\n<li>Chiles g\u00fceros (1 kg): desde $150 MXN<\/li>\n<li>Bacalao (1 kg): desde $365 MXN<\/li>\n<li>Rompope (1 l): desde $153 MXN<\/li>\n<li>Vino de mesa (750 ml): desde $122 MXN<\/li>\n<\/ul>\n<p>&nbsp;<\/p>\n<p style=\"text-align: justify;\" data-sourcepos=\"25:1-25:38\"><strong>\u00bfC\u00f3mo aprovechar esta informaci\u00f3n?<\/strong><\/p>\n<ol style=\"text-align: justify;\" data-sourcepos=\"27:1-30:0\">\n<li data-sourcepos=\"27:1-27:184\"><strong>Consulta la herramienta en l\u00ednea de Profeco:<\/strong> Para conocer los precios m\u00e1s actualizados y comparar entre diferentes marcas y establecimientos, visita la p\u00e1gina web de la Profeco.<\/li>\n<li data-sourcepos=\"28:1-28:132\"><strong>Compara precios:<\/strong> Antes de realizar tus compras, compara los precios de diferentes tiendas para encontrar las mejores ofertas.<\/li>\n<li data-sourcepos=\"29:1-30:0\"><strong>Verifica la calidad:<\/strong> No te dejes llevar solo por el precio, aseg\u00farate de que los productos sean de buena calidad y cumplan con las normas sanitarias.<\/li>\n<\/ol>\n<p>&nbsp;<\/p>\n<p style=\"text-align: justify;\" data-sourcepos=\"31:1-31:95\">\u00a1Planifica tu cena navide\u00f1a con inteligencia y disfruta de estas fiestas sin gastar de m\u00e1s!<\/p>\n<p>&nbsp;<\/p>\n<p style=\"text-align: center;\" data-sourcepos=\"31:1-31:95\"><em><strong>\u00a1Informaci\u00f3n que transforma!<\/strong><\/em><\/p>\n","protected":false},"excerpt":{"rendered":"<p>La Procuradur\u00eda Federal del Consumidor (Profeco) se ha puesto manos a la obra para ayudarte a planificar tu cena navide\u00f1a sin que tu bolsillo se resienta.<\/p>\n","protected":false},"author":3,"featured_media":6850,"comment_status":"open","ping_status":"open","sticky":false,"template":"","format":"standard","meta":{"footnotes":""},"categories":[5,88,58],"tags":[2313,2311,2312,1834],"class_list":["post-6849","post","type-post","status-publish","format-standard","has-post-thumbnail","hentry","category-economia","category-nacional","category-ultima-hora","tag-comparadordeprecios","tag-navidadeconomica","tag-preciosnavidenos","tag-profeco"],"yoast_head":"<!-- This site is optimized with the Yoast SEO plugin v25.0 - https:\/\/yoast.com\/wordpress\/plugins\/seo\/ -->\n<title>\u00a1Navidad sin gastar de m\u00e1s! Profeco revela los precios m\u00e1s bajos para tu cena Navide\u00f1a | Nexo Informativo Santiago de Quer\u00e9taro<\/title>\n<meta name=\"description\" content=\"\u00a1Navidad sin gastar de m\u00e1s! Profeco revela los precios m\u00e1s bajos para tu cena Navide\u00f1a\" \/>\n<meta name=\"robots\" content=\"index, follow, max-snippet:-1, max-image-preview:large, max-video-preview:-1\" \/>\n<link rel=\"canonical\" href=\"https:\/\/www.nexoinformativo.mx\/index.php\/2024\/11\/25\/navidad-sin-gastar-de-mas-profeco-revela-los-precios-mas-bajos-para-tu-cena-navidena\/\" \/>\n<meta property=\"og:locale\" content=\"es_MX\" \/>\n<meta property=\"og:type\" content=\"article\" \/>\n<meta property=\"og:title\" content=\"\u00a1Navidad sin gastar de m\u00e1s! Profeco revela los precios m\u00e1s bajos para tu cena Navide\u00f1a | Nexo Informativo Santiago de Quer\u00e9taro\" \/>\n<meta property=\"og:description\" content=\"\u00a1Navidad sin gastar de m\u00e1s! Profeco revela los precios m\u00e1s bajos para tu cena Navide\u00f1a\" \/>\n<meta property=\"og:url\" content=\"https:\/\/www.nexoinformativo.mx\/index.php\/2024\/11\/25\/navidad-sin-gastar-de-mas-profeco-revela-los-precios-mas-bajos-para-tu-cena-navidena\/\" \/>\n<meta property=\"og:site_name\" content=\"Nexo Informativo Santiago de Quer\u00e9taro\" \/>\n<meta property=\"article:publisher\" content=\"https:\/\/www.facebook.com\/people\/Nexo-Informativo\/61564066885511\/\" \/>\n<meta property=\"article:published_time\" content=\"2024-11-25T14:00:18+00:00\" \/>\n<meta property=\"article:modified_time\" content=\"2024-11-25T14:50:22+00:00\" \/>\n<meta property=\"og:image\" content=\"https:\/\/www.nexoinformativo.mx\/wp-content\/uploads\/2024\/11\/PHOTO-2024-11-25-08-45-57-e1732546085665.jpg\" \/>\n\t<meta property=\"og:image:width\" content=\"800\" \/>\n\t<meta property=\"og:image:height\" content=\"533\" \/>\n\t<meta property=\"og:image:type\" content=\"image\/jpeg\" \/>\n<meta name=\"author\" content=\"Nexo Informativo\" \/>\n<meta name=\"twitter:card\" content=\"summary_large_image\" \/>\n<meta name=\"twitter:label1\" content=\"Escrito por\" \/>\n\t<meta name=\"twitter:data1\" content=\"Nexo Informativo\" \/>\n\t<meta name=\"twitter:label2\" content=\"Tiempo de lectura\" \/>\n\t<meta name=\"twitter:data2\" content=\"2 minutos\" \/>\n<script type=\"application\/ld+json\" class=\"yoast-schema-graph\">{\"@context\":\"https:\/\/schema.org\",\"@graph\":[{\"@type\":\"Article\",\"@id\":\"https:\/\/www.nexoinformativo.mx\/index.php\/2024\/11\/25\/navidad-sin-gastar-de-mas-profeco-revela-los-precios-mas-bajos-para-tu-cena-navidena\/#article\",\"isPartOf\":{\"@id\":\"https:\/\/www.nexoinformativo.mx\/index.php\/2024\/11\/25\/navidad-sin-gastar-de-mas-profeco-revela-los-precios-mas-bajos-para-tu-cena-navidena\/\"},\"author\":{\"name\":\"Nexo Informativo\",\"@id\":\"https:\/\/www.nexoinformativo.mx\/#\/schema\/person\/7749d380ba08c8ca00d7bc76fd907b7d\"},\"headline\":\"\u00a1Navidad sin gastar de m\u00e1s! Profeco revela los precios m\u00e1s bajos para tu cena Navide\u00f1a\",\"datePublished\":\"2024-11-25T14:00:18+00:00\",\"dateModified\":\"2024-11-25T14:50:22+00:00\",\"mainEntityOfPage\":{\"@id\":\"https:\/\/www.nexoinformativo.mx\/index.php\/2024\/11\/25\/navidad-sin-gastar-de-mas-profeco-revela-los-precios-mas-bajos-para-tu-cena-navidena\/\"},\"wordCount\":282,\"commentCount\":0,\"publisher\":{\"@id\":\"https:\/\/www.nexoinformativo.mx\/#organization\"},\"image\":{\"@id\":\"https:\/\/www.nexoinformativo.mx\/index.php\/2024\/11\/25\/navidad-sin-gastar-de-mas-profeco-revela-los-precios-mas-bajos-para-tu-cena-navidena\/#primaryimage\"},\"thumbnailUrl\":\"https:\/\/www.nexoinformativo.mx\/wp-content\/uploads\/2024\/11\/PHOTO-2024-11-25-08-45-57-e1732546085665.jpg\",\"keywords\":[\"ComparadorDePrecios\",\"NavidadEconomica\",\"PreciosNavide\u00f1os\",\"Profeco\"],\"articleSection\":[\"Econom\u00eda\",\"Nacional\",\"\u00daltima Hora\"],\"inLanguage\":\"es\",\"potentialAction\":[{\"@type\":\"CommentAction\",\"name\":\"Comment\",\"target\":[\"https:\/\/www.nexoinformativo.mx\/index.php\/2024\/11\/25\/navidad-sin-gastar-de-mas-profeco-revela-los-precios-mas-bajos-para-tu-cena-navidena\/#respond\"]}]},{\"@type\":\"WebPage\",\"@id\":\"https:\/\/www.nexoinformativo.mx\/index.php\/2024\/11\/25\/navidad-sin-gastar-de-mas-profeco-revela-los-precios-mas-bajos-para-tu-cena-navidena\/\",\"url\":\"https:\/\/www.nexoinformativo.mx\/index.php\/2024\/11\/25\/navidad-sin-gastar-de-mas-profeco-revela-los-precios-mas-bajos-para-tu-cena-navidena\/\",\"name\":\"\u00a1Navidad sin gastar de m\u00e1s! Profeco revela los precios m\u00e1s bajos para tu cena Navide\u00f1a | Nexo Informativo Santiago de Quer\u00e9taro\",\"isPartOf\":{\"@id\":\"https:\/\/www.nexoinformativo.mx\/#website\"},\"primaryImageOfPage\":{\"@id\":\"https:\/\/www.nexoinformativo.mx\/index.php\/2024\/11\/25\/navidad-sin-gastar-de-mas-profeco-revela-los-precios-mas-bajos-para-tu-cena-navidena\/#primaryimage\"},\"image\":{\"@id\":\"https:\/\/www.nexoinformativo.mx\/index.php\/2024\/11\/25\/navidad-sin-gastar-de-mas-profeco-revela-los-precios-mas-bajos-para-tu-cena-navidena\/#primaryimage\"},\"thumbnailUrl\":\"https:\/\/www.nexoinformativo.mx\/wp-content\/uploads\/2024\/11\/PHOTO-2024-11-25-08-45-57-e1732546085665.jpg\",\"datePublished\":\"2024-11-25T14:00:18+00:00\",\"dateModified\":\"2024-11-25T14:50:22+00:00\",\"description\":\"\u00a1Navidad sin gastar de m\u00e1s! Profeco revela los precios m\u00e1s bajos para tu cena Navide\u00f1a\",\"breadcrumb\":{\"@id\":\"https:\/\/www.nexoinformativo.mx\/index.php\/2024\/11\/25\/navidad-sin-gastar-de-mas-profeco-revela-los-precios-mas-bajos-para-tu-cena-navidena\/#breadcrumb\"},\"inLanguage\":\"es\",\"potentialAction\":[{\"@type\":\"ReadAction\",\"target\":[\"https:\/\/www.nexoinformativo.mx\/index.php\/2024\/11\/25\/navidad-sin-gastar-de-mas-profeco-revela-los-precios-mas-bajos-para-tu-cena-navidena\/\"]}]},{\"@type\":\"ImageObject\",\"inLanguage\":\"es\",\"@id\":\"https:\/\/www.nexoinformativo.mx\/index.php\/2024\/11\/25\/navidad-sin-gastar-de-mas-profeco-revela-los-precios-mas-bajos-para-tu-cena-navidena\/#primaryimage\",\"url\":\"https:\/\/www.nexoinformativo.mx\/wp-content\/uploads\/2024\/11\/PHOTO-2024-11-25-08-45-57-e1732546085665.jpg\",\"contentUrl\":\"https:\/\/www.nexoinformativo.mx\/wp-content\/uploads\/2024\/11\/PHOTO-2024-11-25-08-45-57-e1732546085665.jpg\",\"width\":800,\"height\":533},{\"@type\":\"BreadcrumbList\",\"@id\":\"https:\/\/www.nexoinformativo.mx\/index.php\/2024\/11\/25\/navidad-sin-gastar-de-mas-profeco-revela-los-precios-mas-bajos-para-tu-cena-navidena\/#breadcrumb\",\"itemListElement\":[{\"@type\":\"ListItem\",\"position\":1,\"name\":\"Inicio\",\"item\":\"https:\/\/www.nexoinformativo.mx\/\"},{\"@type\":\"ListItem\",\"position\":2,\"name\":\"\u00a1Navidad sin gastar de m\u00e1s! Profeco revela los precios m\u00e1s bajos para tu cena Navide\u00f1a\"}]},{\"@type\":\"WebSite\",\"@id\":\"https:\/\/www.nexoinformativo.mx\/#website\",\"url\":\"https:\/\/www.nexoinformativo.mx\/\",\"name\":\"Nexo Informativo Santiago de Quer\u00e9taro\",\"description\":\"Explora NexoInformativo y convi\u00e9rtete en parte de una comunidad que valora el conocimiento y la verdad. Tu nexoinformativo es tu puente hacia una comprensi\u00f3n m\u00e1s profunda del mundo que te rodea.\",\"publisher\":{\"@id\":\"https:\/\/www.nexoinformativo.mx\/#organization\"},\"potentialAction\":[{\"@type\":\"SearchAction\",\"target\":{\"@type\":\"EntryPoint\",\"urlTemplate\":\"https:\/\/www.nexoinformativo.mx\/?s={search_term_string}\"},\"query-input\":{\"@type\":\"PropertyValueSpecification\",\"valueRequired\":true,\"valueName\":\"search_term_string\"}}],\"inLanguage\":\"es\"},{\"@type\":\"Organization\",\"@id\":\"https:\/\/www.nexoinformativo.mx\/#organization\",\"name\":\"Nexo Informativo Santiago de Quer\u00e9taro\",\"url\":\"https:\/\/www.nexoinformativo.mx\/\",\"logo\":{\"@type\":\"ImageObject\",\"inLanguage\":\"es\",\"@id\":\"https:\/\/www.nexoinformativo.mx\/#\/schema\/logo\/image\/\",\"url\":\"https:\/\/www.nexoinformativo.mx\/wp-content\/uploads\/2024\/07\/nexoi-trasparente-2.png\",\"contentUrl\":\"https:\/\/www.nexoinformativo.mx\/wp-content\/uploads\/2024\/07\/nexoi-trasparente-2.png\",\"width\":816,\"height\":339,\"caption\":\"Nexo Informativo Santiago de Quer\u00e9taro\"},\"image\":{\"@id\":\"https:\/\/www.nexoinformativo.mx\/#\/schema\/logo\/image\/\"},\"sameAs\":[\"https:\/\/www.facebook.com\/people\/Nexo-Informativo\/61564066885511\/\"]},{\"@type\":\"Person\",\"@id\":\"https:\/\/www.nexoinformativo.mx\/#\/schema\/person\/7749d380ba08c8ca00d7bc76fd907b7d\",\"name\":\"Nexo Informativo\",\"image\":{\"@type\":\"ImageObject\",\"inLanguage\":\"es\",\"@id\":\"https:\/\/www.nexoinformativo.mx\/#\/schema\/person\/image\/\",\"url\":\"https:\/\/secure.gravatar.com\/avatar\/dde2928154642a13d95f87ddf1ea9718fe2b46760a005c53e41ff5ad610704e6?s=96&d=mm&r=g\",\"contentUrl\":\"https:\/\/secure.gravatar.com\/avatar\/dde2928154642a13d95f87ddf1ea9718fe2b46760a005c53e41ff5ad610704e6?s=96&d=mm&r=g\",\"caption\":\"Nexo Informativo\"},\"url\":\"https:\/\/www.nexoinformativo.mx\/index.php\/author\/edicion\/\"}]}<\/script>\n<!-- \/ Yoast SEO plugin. -->","yoast_head_json":{"title":"\u00a1Navidad sin gastar de m\u00e1s! Profeco revela los precios m\u00e1s bajos para tu cena Navide\u00f1a | Nexo Informativo Santiago de Quer\u00e9taro","description":"\u00a1Navidad sin gastar de m\u00e1s! Profeco revela los precios m\u00e1s bajos para tu cena Navide\u00f1a","robots":{"index":"index","follow":"follow","max-snippet":"max-snippet:-1","max-image-preview":"max-image-preview:large","max-video-preview":"max-video-preview:-1"},"canonical":"https:\/\/www.nexoinformativo.mx\/index.php\/2024\/11\/25\/navidad-sin-gastar-de-mas-profeco-revela-los-precios-mas-bajos-para-tu-cena-navidena\/","og_locale":"es_MX","og_type":"article","og_title":"\u00a1Navidad sin gastar de m\u00e1s! Profeco revela los precios m\u00e1s bajos para tu cena Navide\u00f1a | Nexo Informativo Santiago de Quer\u00e9taro","og_description":"\u00a1Navidad sin gastar de m\u00e1s! Profeco revela los precios m\u00e1s bajos para tu cena Navide\u00f1a","og_url":"https:\/\/www.nexoinformativo.mx\/index.php\/2024\/11\/25\/navidad-sin-gastar-de-mas-profeco-revela-los-precios-mas-bajos-para-tu-cena-navidena\/","og_site_name":"Nexo Informativo Santiago de Quer\u00e9taro","article_publisher":"https:\/\/www.facebook.com\/people\/Nexo-Informativo\/61564066885511\/","article_published_time":"2024-11-25T14:00:18+00:00","article_modified_time":"2024-11-25T14:50:22+00:00","og_image":[{"width":800,"height":533,"url":"https:\/\/www.nexoinformativo.mx\/wp-content\/uploads\/2024\/11\/PHOTO-2024-11-25-08-45-57-e1732546085665.jpg","type":"image\/jpeg"}],"author":"Nexo Informativo","twitter_card":"summary_large_image","twitter_misc":{"Escrito por":"Nexo Informativo","Tiempo de lectura":"2 minutos"},"schema":{"@context":"https:\/\/schema.org","@graph":[{"@type":"Article","@id":"https:\/\/www.nexoinformativo.mx\/index.php\/2024\/11\/25\/navidad-sin-gastar-de-mas-profeco-revela-los-precios-mas-bajos-para-tu-cena-navidena\/#article","isPartOf":{"@id":"https:\/\/www.nexoinformativo.mx\/index.php\/2024\/11\/25\/navidad-sin-gastar-de-mas-profeco-revela-los-precios-mas-bajos-para-tu-cena-navidena\/"},"author":{"name":"Nexo Informativo","@id":"https:\/\/www.nexoinformativo.mx\/#\/schema\/person\/7749d380ba08c8ca00d7bc76fd907b7d"},"headline":"\u00a1Navidad sin gastar de m\u00e1s! Profeco revela los precios m\u00e1s bajos para tu cena Navide\u00f1a","datePublished":"2024-11-25T14:00:18+00:00","dateModified":"2024-11-25T14:50:22+00:00","mainEntityOfPage":{"@id":"https:\/\/www.nexoinformativo.mx\/index.php\/2024\/11\/25\/navidad-sin-gastar-de-mas-profeco-revela-los-precios-mas-bajos-para-tu-cena-navidena\/"},"wordCount":282,"commentCount":0,"publisher":{"@id":"https:\/\/www.nexoinformativo.mx\/#organization"},"image":{"@id":"https:\/\/www.nexoinformativo.mx\/index.php\/2024\/11\/25\/navidad-sin-gastar-de-mas-profeco-revela-los-precios-mas-bajos-para-tu-cena-navidena\/#primaryimage"},"thumbnailUrl":"https:\/\/www.nexoinformativo.mx\/wp-content\/uploads\/2024\/11\/PHOTO-2024-11-25-08-45-57-e1732546085665.jpg","keywords":["ComparadorDePrecios","NavidadEconomica","PreciosNavide\u00f1os","Profeco"],"articleSection":["Econom\u00eda","Nacional","\u00daltima Hora"],"inLanguage":"es","potentialAction":[{"@type":"CommentAction","name":"Comment","target":["https:\/\/www.nexoinformativo.mx\/index.php\/2024\/11\/25\/navidad-sin-gastar-de-mas-profeco-revela-los-precios-mas-bajos-para-tu-cena-navidena\/#respond"]}]},{"@type":"WebPage","@id":"https:\/\/www.nexoinformativo.mx\/index.php\/2024\/11\/25\/navidad-sin-gastar-de-mas-profeco-revela-los-precios-mas-bajos-para-tu-cena-navidena\/","url":"https:\/\/www.nexoinformativo.mx\/index.php\/2024\/11\/25\/navidad-sin-gastar-de-mas-profeco-revela-los-precios-mas-bajos-para-tu-cena-navidena\/","name":"\u00a1Navidad sin gastar de m\u00e1s! Profeco revela los precios m\u00e1s bajos para tu cena Navide\u00f1a | Nexo Informativo Santiago de Quer\u00e9taro","isPartOf":{"@id":"https:\/\/www.nexoinformativo.mx\/#website"},"primaryImageOfPage":{"@id":"https:\/\/www.nexoinformativo.mx\/index.php\/2024\/11\/25\/navidad-sin-gastar-de-mas-profeco-revela-los-precios-mas-bajos-para-tu-cena-navidena\/#primaryimage"},"image":{"@id":"https:\/\/www.nexoinformativo.mx\/index.php\/2024\/11\/25\/navidad-sin-gastar-de-mas-profeco-revela-los-precios-mas-bajos-para-tu-cena-navidena\/#primaryimage"},"thumbnailUrl":"https:\/\/www.nexoinformativo.mx\/wp-content\/uploads\/2024\/11\/PHOTO-2024-11-25-08-45-57-e1732546085665.jpg","datePublished":"2024-11-25T14:00:18+00:00","dateModified":"2024-11-25T14:50:22+00:00","description":"\u00a1Navidad sin gastar de m\u00e1s! Profeco revela los precios m\u00e1s bajos para tu cena Navide\u00f1a","breadcrumb":{"@id":"https:\/\/www.nexoinformativo.mx\/index.php\/2024\/11\/25\/navidad-sin-gastar-de-mas-profeco-revela-los-precios-mas-bajos-para-tu-cena-navidena\/#breadcrumb"},"inLanguage":"es","potentialAction":[{"@type":"ReadAction","target":["https:\/\/www.nexoinformativo.mx\/index.php\/2024\/11\/25\/navidad-sin-gastar-de-mas-profeco-revela-los-precios-mas-bajos-para-tu-cena-navidena\/"]}]},{"@type":"ImageObject","inLanguage":"es","@id":"https:\/\/www.nexoinformativo.mx\/index.php\/2024\/11\/25\/navidad-sin-gastar-de-mas-profeco-revela-los-precios-mas-bajos-para-tu-cena-navidena\/#primaryimage","url":"https:\/\/www.nexoinformativo.mx\/wp-content\/uploads\/2024\/11\/PHOTO-2024-11-25-08-45-57-e1732546085665.jpg","contentUrl":"https:\/\/www.nexoinformativo.mx\/wp-content\/uploads\/2024\/11\/PHOTO-2024-11-25-08-45-57-e1732546085665.jpg","width":800,"height":533},{"@type":"BreadcrumbList","@id":"https:\/\/www.nexoinformativo.mx\/index.php\/2024\/11\/25\/navidad-sin-gastar-de-mas-profeco-revela-los-precios-mas-bajos-para-tu-cena-navidena\/#breadcrumb","itemListElement":[{"@type":"ListItem","position":1,"name":"Inicio","item":"https:\/\/www.nexoinformativo.mx\/"},{"@type":"ListItem","position":2,"name":"\u00a1Navidad sin gastar de m\u00e1s! Profeco revela los precios m\u00e1s bajos para tu cena Navide\u00f1a"}]},{"@type":"WebSite","@id":"https:\/\/www.nexoinformativo.mx\/#website","url":"https:\/\/www.nexoinformativo.mx\/","name":"Nexo Informativo Santiago de Quer\u00e9taro","description":"Explora NexoInformativo y convi\u00e9rtete en parte de una comunidad que valora el conocimiento y la verdad. Tu nexoinformativo es tu puente hacia una comprensi\u00f3n m\u00e1s profunda del mundo que te rodea.","publisher":{"@id":"https:\/\/www.nexoinformativo.mx\/#organization"},"potentialAction":[{"@type":"SearchAction","target":{"@type":"EntryPoint","urlTemplate":"https:\/\/www.nexoinformativo.mx\/?s={search_term_string}"},"query-input":{"@type":"PropertyValueSpecification","valueRequired":true,"valueName":"search_term_string"}}],"inLanguage":"es"},{"@type":"Organization","@id":"https:\/\/www.nexoinformativo.mx\/#organization","name":"Nexo Informativo Santiago de Quer\u00e9taro","url":"https:\/\/www.nexoinformativo.mx\/","logo":{"@type":"ImageObject","inLanguage":"es","@id":"https:\/\/www.nexoinformativo.mx\/#\/schema\/logo\/image\/","url":"https:\/\/www.nexoinformativo.mx\/wp-content\/uploads\/2024\/07\/nexoi-trasparente-2.png","contentUrl":"https:\/\/www.nexoinformativo.mx\/wp-content\/uploads\/2024\/07\/nexoi-trasparente-2.png","width":816,"height":339,"caption":"Nexo Informativo Santiago de Quer\u00e9taro"},"image":{"@id":"https:\/\/www.nexoinformativo.mx\/#\/schema\/logo\/image\/"},"sameAs":["https:\/\/www.facebook.com\/people\/Nexo-Informativo\/61564066885511\/"]},{"@type":"Person","@id":"https:\/\/www.nexoinformativo.mx\/#\/schema\/person\/7749d380ba08c8ca00d7bc76fd907b7d","name":"Nexo Informativo","image":{"@type":"ImageObject","inLanguage":"es","@id":"https:\/\/www.nexoinformativo.mx\/#\/schema\/person\/image\/","url":"https:\/\/secure.gravatar.com\/avatar\/dde2928154642a13d95f87ddf1ea9718fe2b46760a005c53e41ff5ad610704e6?s=96&d=mm&r=g","contentUrl":"https:\/\/secure.gravatar.com\/avatar\/dde2928154642a13d95f87ddf1ea9718fe2b46760a005c53e41ff5ad610704e6?s=96&d=mm&r=g","caption":"Nexo Informativo"},"url":"https:\/\/www.nexoinformativo.mx\/index.php\/author\/edicion\/"}]}},"_links":{"self":[{"href":"https:\/\/www.nexoinformativo.mx\/index.php\/wp-json\/wp\/v2\/posts\/6849","targetHints":{"allow":["GET"]}}],"collection":[{"href":"https:\/\/www.nexoinformativo.mx\/index.php\/wp-json\/wp\/v2\/posts"}],"about":[{"href":"https:\/\/www.nexoinformativo.mx\/index.php\/wp-json\/wp\/v2\/types\/post"}],"author":[{"embeddable":true,"href":"https:\/\/www.nexoinformativo.mx\/index.php\/wp-json\/wp\/v2\/users\/3"}],"replies":[{"embeddable":true,"href":"https:\/\/www.nexoinformativo.mx\/index.php\/wp-json\/wp\/v2\/comments?post=6849"}],"version-history":[{"count":5,"href":"https:\/\/www.nexoinformativo.mx\/index.php\/wp-json\/wp\/v2\/posts\/6849\/revisions"}],"predecessor-version":[{"id":6853,"href":"https:\/\/www.nexoinformativo.mx\/index.php\/wp-json\/wp\/v2\/posts\/6849\/revisions\/6853"}],"wp:featuredmedia":[{"embeddable":true,"href":"https:\/\/www.nexoinformativo.mx\/index.php\/wp-json\/wp\/v2\/media\/6850"}],"wp:attachment":[{"href":"https:\/\/www.nexoinformativo.mx\/index.php\/wp-json\/wp\/v2\/media?parent=6849"}],"wp:term":[{"taxonomy":"category","embeddable":true,"href":"https:\/\/www.nexoinformativo.mx\/index.php\/wp-json\/wp\/v2\/categories?post=6849"},{"taxonomy":"post_tag","embeddable":true,"href":"https:\/\/www.nexoinformativo.mx\/index.php\/wp-json\/wp\/v2\/tags?post=6849"}],"curies":[{"name":"wp","href":"https:\/\/api.w.org\/{rel}","templated":true}]}}