{"id":6873,"date":"2024-11-25T09:30:25","date_gmt":"2024-11-25T15:30:25","guid":{"rendered":"https:\/\/www.nexoinformativo.mx\/?p=6873"},"modified":"2024-11-25T11:46:49","modified_gmt":"2024-11-25T17:46:49","slug":"el-marques-realiza-operativo-de-inspeccion-un-comercio-clausurado-por-falta-de-licencia","status":"publish","type":"post","link":"https:\/\/www.nexoinformativo.mx\/index.php\/2024\/11\/25\/el-marques-realiza-operativo-de-inspeccion-un-comercio-clausurado-por-falta-de-licencia\/","title":{"rendered":"El Marqu\u00e9s realiza operativo de Inspecci\u00f3n: Un comercio Clausurado por falta de Licencia"},"content":{"rendered":"<p style=\"text-align: justify;\">La noche del viernes 22 de noviembre, por instrucciones del presidente municipal de El Marqu\u00e9s, Rodrigo Monsalvo, la Direcci\u00f3n de Inspecci\u00f3n Municipal llev\u00f3 a cabo un operativo en diversos comercios de la demarcaci\u00f3n. El objetivo fue verificar que todos los establecimientos cumplan con la normativa vigente.<\/p>\n<p>&nbsp;<\/p>\n<p style=\"text-align: justify;\">Durante el operativo, se revisaron 9 comercios, de los cuales uno fue clausurado por no contar con la licencia de funcionamiento correspondiente. Las otras ocho inspecciones fueron aleatorias y sorpresivas, confirmando que estos negocios s\u00ed cumpl\u00edan con los requisitos necesarios.<\/p>\n<p>&nbsp;<\/p>\n<p style=\"text-align: justify;\">Este tipo de acciones buscan asegurar que todos los comercios en El Marqu\u00e9s operen dentro de la legalidad y bajo las normas establecidas, fomentando un ambiente seguro y regulado para comerciantes y consumidores.<\/p>\n<p>&nbsp;<\/p>\n<p style=\"text-align: center;\"><em><strong>\u00a1Informaci\u00f3n que transforma!<\/strong><\/em><\/p>\n","protected":false},"excerpt":{"rendered":"<p>La noche del viernes 22 de noviembre, por instrucciones del presidente municipal de El Marqu\u00e9s, Rodrigo Monsalvo, la Direcci\u00f3n de Inspecci\u00f3n Municipal llev\u00f3 a cabo un operativo en diversos comercios de la demarcaci\u00f3n<\/p>\n","protected":false},"author":3,"featured_media":6874,"comment_status":"open","ping_status":"open","sticky":false,"template":"","format":"standard","meta":{"footnotes":""},"categories":[65,137,58],"tags":[149,2318,2319,2320],"class_list":["post-6873","post","type-post","status-publish","format-standard","has-post-thumbnail","hentry","category-municipios","category-sucesos","category-ultima-hora","tag-elmarques","tag-inspeccioncomercial","tag-legalidadcomercial","tag-operativomunicipal"],"yoast_head":"<!-- This site is optimized with the Yoast SEO plugin v25.0 - https:\/\/yoast.com\/wordpress\/plugins\/seo\/ -->\n<title>El Marqu\u00e9s realiza operativo de Inspecci\u00f3n: Un comercio Clausurado por falta de Licencia | Nexo Informativo Santiago de Quer\u00e9taro<\/title>\n<meta name=\"description\" content=\"El Marqu\u00e9s realiza operativo de Inspecci\u00f3n: Un comercio Clausurado por falta de Licencia\" \/>\n<meta name=\"robots\" content=\"index, follow, max-snippet:-1, max-image-preview:large, max-video-preview:-1\" \/>\n<link rel=\"canonical\" href=\"https:\/\/www.nexoinformativo.mx\/index.php\/2024\/11\/25\/el-marques-realiza-operativo-de-inspeccion-un-comercio-clausurado-por-falta-de-licencia\/\" \/>\n<meta property=\"og:locale\" content=\"es_MX\" \/>\n<meta property=\"og:type\" content=\"article\" \/>\n<meta property=\"og:title\" content=\"El Marqu\u00e9s realiza operativo de Inspecci\u00f3n: Un comercio Clausurado por falta de Licencia | Nexo Informativo Santiago de Quer\u00e9taro\" \/>\n<meta property=\"og:description\" content=\"El Marqu\u00e9s realiza operativo de Inspecci\u00f3n: Un comercio Clausurado por falta de Licencia\" \/>\n<meta property=\"og:url\" content=\"https:\/\/www.nexoinformativo.mx\/index.php\/2024\/11\/25\/el-marques-realiza-operativo-de-inspeccion-un-comercio-clausurado-por-falta-de-licencia\/\" \/>\n<meta property=\"og:site_name\" content=\"Nexo Informativo Santiago de Quer\u00e9taro\" \/>\n<meta property=\"article:publisher\" content=\"https:\/\/www.facebook.com\/people\/Nexo-Informativo\/61564066885511\/\" \/>\n<meta property=\"article:published_time\" content=\"2024-11-25T15:30:25+00:00\" \/>\n<meta property=\"article:modified_time\" content=\"2024-11-25T17:46:49+00:00\" \/>\n<meta property=\"og:image\" content=\"https:\/\/www.nexoinformativo.mx\/wp-content\/uploads\/2024\/11\/PHOTO-2024-11-25-10-10-30-e1732556719882.jpg\" \/>\n\t<meta property=\"og:image:width\" content=\"800\" \/>\n\t<meta property=\"og:image:height\" content=\"602\" \/>\n\t<meta property=\"og:image:type\" content=\"image\/jpeg\" \/>\n<meta name=\"author\" content=\"Nexo Informativo\" \/>\n<meta name=\"twitter:card\" content=\"summary_large_image\" \/>\n<meta name=\"twitter:label1\" content=\"Escrito por\" \/>\n\t<meta name=\"twitter:data1\" content=\"Nexo Informativo\" \/>\n\t<meta name=\"twitter:label2\" content=\"Tiempo de lectura\" \/>\n\t<meta name=\"twitter:data2\" content=\"1 minuto\" \/>\n<script type=\"application\/ld+json\" class=\"yoast-schema-graph\">{\"@context\":\"https:\/\/schema.org\",\"@graph\":[{\"@type\":\"Article\",\"@id\":\"https:\/\/www.nexoinformativo.mx\/index.php\/2024\/11\/25\/el-marques-realiza-operativo-de-inspeccion-un-comercio-clausurado-por-falta-de-licencia\/#article\",\"isPartOf\":{\"@id\":\"https:\/\/www.nexoinformativo.mx\/index.php\/2024\/11\/25\/el-marques-realiza-operativo-de-inspeccion-un-comercio-clausurado-por-falta-de-licencia\/\"},\"author\":{\"name\":\"Nexo Informativo\",\"@id\":\"https:\/\/www.nexoinformativo.mx\/#\/schema\/person\/7749d380ba08c8ca00d7bc76fd907b7d\"},\"headline\":\"El Marqu\u00e9s realiza operativo de Inspecci\u00f3n: Un comercio Clausurado por falta de Licencia\",\"datePublished\":\"2024-11-25T15:30:25+00:00\",\"dateModified\":\"2024-11-25T17:46:49+00:00\",\"mainEntityOfPage\":{\"@id\":\"https:\/\/www.nexoinformativo.mx\/index.php\/2024\/11\/25\/el-marques-realiza-operativo-de-inspeccion-un-comercio-clausurado-por-falta-de-licencia\/\"},\"wordCount\":145,\"commentCount\":0,\"publisher\":{\"@id\":\"https:\/\/www.nexoinformativo.mx\/#organization\"},\"image\":{\"@id\":\"https:\/\/www.nexoinformativo.mx\/index.php\/2024\/11\/25\/el-marques-realiza-operativo-de-inspeccion-un-comercio-clausurado-por-falta-de-licencia\/#primaryimage\"},\"thumbnailUrl\":\"https:\/\/www.nexoinformativo.mx\/wp-content\/uploads\/2024\/11\/PHOTO-2024-11-25-10-10-30-e1732556719882.jpg\",\"keywords\":[\"elmarques\",\"Inspecci\u00f3nComercial\",\"LegalidadComercial\",\"OperativoMunicipal\"],\"articleSection\":[\"Municipios\",\"Sucesos\",\"\u00daltima Hora\"],\"inLanguage\":\"es\",\"potentialAction\":[{\"@type\":\"CommentAction\",\"name\":\"Comment\",\"target\":[\"https:\/\/www.nexoinformativo.mx\/index.php\/2024\/11\/25\/el-marques-realiza-operativo-de-inspeccion-un-comercio-clausurado-por-falta-de-licencia\/#respond\"]}]},{\"@type\":\"WebPage\",\"@id\":\"https:\/\/www.nexoinformativo.mx\/index.php\/2024\/11\/25\/el-marques-realiza-operativo-de-inspeccion-un-comercio-clausurado-por-falta-de-licencia\/\",\"url\":\"https:\/\/www.nexoinformativo.mx\/index.php\/2024\/11\/25\/el-marques-realiza-operativo-de-inspeccion-un-comercio-clausurado-por-falta-de-licencia\/\",\"name\":\"El Marqu\u00e9s realiza operativo de Inspecci\u00f3n: Un comercio Clausurado por falta de Licencia | Nexo Informativo Santiago de Quer\u00e9taro\",\"isPartOf\":{\"@id\":\"https:\/\/www.nexoinformativo.mx\/#website\"},\"primaryImageOfPage\":{\"@id\":\"https:\/\/www.nexoinformativo.mx\/index.php\/2024\/11\/25\/el-marques-realiza-operativo-de-inspeccion-un-comercio-clausurado-por-falta-de-licencia\/#primaryimage\"},\"image\":{\"@id\":\"https:\/\/www.nexoinformativo.mx\/index.php\/2024\/11\/25\/el-marques-realiza-operativo-de-inspeccion-un-comercio-clausurado-por-falta-de-licencia\/#primaryimage\"},\"thumbnailUrl\":\"https:\/\/www.nexoinformativo.mx\/wp-content\/uploads\/2024\/11\/PHOTO-2024-11-25-10-10-30-e1732556719882.jpg\",\"datePublished\":\"2024-11-25T15:30:25+00:00\",\"dateModified\":\"2024-11-25T17:46:49+00:00\",\"description\":\"El Marqu\u00e9s realiza operativo de Inspecci\u00f3n: Un comercio Clausurado por falta de Licencia\",\"breadcrumb\":{\"@id\":\"https:\/\/www.nexoinformativo.mx\/index.php\/2024\/11\/25\/el-marques-realiza-operativo-de-inspeccion-un-comercio-clausurado-por-falta-de-licencia\/#breadcrumb\"},\"inLanguage\":\"es\",\"potentialAction\":[{\"@type\":\"ReadAction\",\"target\":[\"https:\/\/www.nexoinformativo.mx\/index.php\/2024\/11\/25\/el-marques-realiza-operativo-de-inspeccion-un-comercio-clausurado-por-falta-de-licencia\/\"]}]},{\"@type\":\"ImageObject\",\"inLanguage\":\"es\",\"@id\":\"https:\/\/www.nexoinformativo.mx\/index.php\/2024\/11\/25\/el-marques-realiza-operativo-de-inspeccion-un-comercio-clausurado-por-falta-de-licencia\/#primaryimage\",\"url\":\"https:\/\/www.nexoinformativo.mx\/wp-content\/uploads\/2024\/11\/PHOTO-2024-11-25-10-10-30-e1732556719882.jpg\",\"contentUrl\":\"https:\/\/www.nexoinformativo.mx\/wp-content\/uploads\/2024\/11\/PHOTO-2024-11-25-10-10-30-e1732556719882.jpg\",\"width\":800,\"height\":602},{\"@type\":\"BreadcrumbList\",\"@id\":\"https:\/\/www.nexoinformativo.mx\/index.php\/2024\/11\/25\/el-marques-realiza-operativo-de-inspeccion-un-comercio-clausurado-por-falta-de-licencia\/#breadcrumb\",\"itemListElement\":[{\"@type\":\"ListItem\",\"position\":1,\"name\":\"Inicio\",\"item\":\"https:\/\/www.nexoinformativo.mx\/\"},{\"@type\":\"ListItem\",\"position\":2,\"name\":\"El Marqu\u00e9s realiza operativo de Inspecci\u00f3n: Un comercio Clausurado por falta de Licencia\"}]},{\"@type\":\"WebSite\",\"@id\":\"https:\/\/www.nexoinformativo.mx\/#website\",\"url\":\"https:\/\/www.nexoinformativo.mx\/\",\"name\":\"Nexo Informativo Santiago de Quer\u00e9taro\",\"description\":\"Explora NexoInformativo y convi\u00e9rtete en parte de una comunidad que valora el conocimiento y la verdad. Tu nexoinformativo es tu puente hacia una comprensi\u00f3n m\u00e1s profunda del mundo que te rodea.\",\"publisher\":{\"@id\":\"https:\/\/www.nexoinformativo.mx\/#organization\"},\"potentialAction\":[{\"@type\":\"SearchAction\",\"target\":{\"@type\":\"EntryPoint\",\"urlTemplate\":\"https:\/\/www.nexoinformativo.mx\/?s={search_term_string}\"},\"query-input\":{\"@type\":\"PropertyValueSpecification\",\"valueRequired\":true,\"valueName\":\"search_term_string\"}}],\"inLanguage\":\"es\"},{\"@type\":\"Organization\",\"@id\":\"https:\/\/www.nexoinformativo.mx\/#organization\",\"name\":\"Nexo Informativo Santiago de Quer\u00e9taro\",\"url\":\"https:\/\/www.nexoinformativo.mx\/\",\"logo\":{\"@type\":\"ImageObject\",\"inLanguage\":\"es\",\"@id\":\"https:\/\/www.nexoinformativo.mx\/#\/schema\/logo\/image\/\",\"url\":\"https:\/\/www.nexoinformativo.mx\/wp-content\/uploads\/2024\/07\/nexoi-trasparente-2.png\",\"contentUrl\":\"https:\/\/www.nexoinformativo.mx\/wp-content\/uploads\/2024\/07\/nexoi-trasparente-2.png\",\"width\":816,\"height\":339,\"caption\":\"Nexo Informativo Santiago de Quer\u00e9taro\"},\"image\":{\"@id\":\"https:\/\/www.nexoinformativo.mx\/#\/schema\/logo\/image\/\"},\"sameAs\":[\"https:\/\/www.facebook.com\/people\/Nexo-Informativo\/61564066885511\/\"]},{\"@type\":\"Person\",\"@id\":\"https:\/\/www.nexoinformativo.mx\/#\/schema\/person\/7749d380ba08c8ca00d7bc76fd907b7d\",\"name\":\"Nexo Informativo\",\"image\":{\"@type\":\"ImageObject\",\"inLanguage\":\"es\",\"@id\":\"https:\/\/www.nexoinformativo.mx\/#\/schema\/person\/image\/\",\"url\":\"https:\/\/secure.gravatar.com\/avatar\/dde2928154642a13d95f87ddf1ea9718fe2b46760a005c53e41ff5ad610704e6?s=96&d=mm&r=g\",\"contentUrl\":\"https:\/\/secure.gravatar.com\/avatar\/dde2928154642a13d95f87ddf1ea9718fe2b46760a005c53e41ff5ad610704e6?s=96&d=mm&r=g\",\"caption\":\"Nexo Informativo\"},\"url\":\"https:\/\/www.nexoinformativo.mx\/index.php\/author\/edicion\/\"}]}<\/script>\n<!-- \/ Yoast SEO plugin. -->","yoast_head_json":{"title":"El Marqu\u00e9s realiza operativo de Inspecci\u00f3n: Un comercio Clausurado por falta de Licencia | Nexo Informativo Santiago de Quer\u00e9taro","description":"El Marqu\u00e9s realiza operativo de Inspecci\u00f3n: Un comercio Clausurado por falta de Licencia","robots":{"index":"index","follow":"follow","max-snippet":"max-snippet:-1","max-image-preview":"max-image-preview:large","max-video-preview":"max-video-preview:-1"},"canonical":"https:\/\/www.nexoinformativo.mx\/index.php\/2024\/11\/25\/el-marques-realiza-operativo-de-inspeccion-un-comercio-clausurado-por-falta-de-licencia\/","og_locale":"es_MX","og_type":"article","og_title":"El Marqu\u00e9s realiza operativo de Inspecci\u00f3n: Un comercio Clausurado por falta de Licencia | Nexo Informativo Santiago de Quer\u00e9taro","og_description":"El Marqu\u00e9s realiza operativo de Inspecci\u00f3n: Un comercio Clausurado por falta de Licencia","og_url":"https:\/\/www.nexoinformativo.mx\/index.php\/2024\/11\/25\/el-marques-realiza-operativo-de-inspeccion-un-comercio-clausurado-por-falta-de-licencia\/","og_site_name":"Nexo Informativo Santiago de Quer\u00e9taro","article_publisher":"https:\/\/www.facebook.com\/people\/Nexo-Informativo\/61564066885511\/","article_published_time":"2024-11-25T15:30:25+00:00","article_modified_time":"2024-11-25T17:46:49+00:00","og_image":[{"width":800,"height":602,"url":"https:\/\/www.nexoinformativo.mx\/wp-content\/uploads\/2024\/11\/PHOTO-2024-11-25-10-10-30-e1732556719882.jpg","type":"image\/jpeg"}],"author":"Nexo Informativo","twitter_card":"summary_large_image","twitter_misc":{"Escrito por":"Nexo Informativo","Tiempo de lectura":"1 minuto"},"schema":{"@context":"https:\/\/schema.org","@graph":[{"@type":"Article","@id":"https:\/\/www.nexoinformativo.mx\/index.php\/2024\/11\/25\/el-marques-realiza-operativo-de-inspeccion-un-comercio-clausurado-por-falta-de-licencia\/#article","isPartOf":{"@id":"https:\/\/www.nexoinformativo.mx\/index.php\/2024\/11\/25\/el-marques-realiza-operativo-de-inspeccion-un-comercio-clausurado-por-falta-de-licencia\/"},"author":{"name":"Nexo Informativo","@id":"https:\/\/www.nexoinformativo.mx\/#\/schema\/person\/7749d380ba08c8ca00d7bc76fd907b7d"},"headline":"El Marqu\u00e9s realiza operativo de Inspecci\u00f3n: Un comercio Clausurado por falta de Licencia","datePublished":"2024-11-25T15:30:25+00:00","dateModified":"2024-11-25T17:46:49+00:00","mainEntityOfPage":{"@id":"https:\/\/www.nexoinformativo.mx\/index.php\/2024\/11\/25\/el-marques-realiza-operativo-de-inspeccion-un-comercio-clausurado-por-falta-de-licencia\/"},"wordCount":145,"commentCount":0,"publisher":{"@id":"https:\/\/www.nexoinformativo.mx\/#organization"},"image":{"@id":"https:\/\/www.nexoinformativo.mx\/index.php\/2024\/11\/25\/el-marques-realiza-operativo-de-inspeccion-un-comercio-clausurado-por-falta-de-licencia\/#primaryimage"},"thumbnailUrl":"https:\/\/www.nexoinformativo.mx\/wp-content\/uploads\/2024\/11\/PHOTO-2024-11-25-10-10-30-e1732556719882.jpg","keywords":["elmarques","Inspecci\u00f3nComercial","LegalidadComercial","OperativoMunicipal"],"articleSection":["Municipios","Sucesos","\u00daltima Hora"],"inLanguage":"es","potentialAction":[{"@type":"CommentAction","name":"Comment","target":["https:\/\/www.nexoinformativo.mx\/index.php\/2024\/11\/25\/el-marques-realiza-operativo-de-inspeccion-un-comercio-clausurado-por-falta-de-licencia\/#respond"]}]},{"@type":"WebPage","@id":"https:\/\/www.nexoinformativo.mx\/index.php\/2024\/11\/25\/el-marques-realiza-operativo-de-inspeccion-un-comercio-clausurado-por-falta-de-licencia\/","url":"https:\/\/www.nexoinformativo.mx\/index.php\/2024\/11\/25\/el-marques-realiza-operativo-de-inspeccion-un-comercio-clausurado-por-falta-de-licencia\/","name":"El Marqu\u00e9s realiza operativo de Inspecci\u00f3n: Un comercio Clausurado por falta de Licencia | Nexo Informativo Santiago de Quer\u00e9taro","isPartOf":{"@id":"https:\/\/www.nexoinformativo.mx\/#website"},"primaryImageOfPage":{"@id":"https:\/\/www.nexoinformativo.mx\/index.php\/2024\/11\/25\/el-marques-realiza-operativo-de-inspeccion-un-comercio-clausurado-por-falta-de-licencia\/#primaryimage"},"image":{"@id":"https:\/\/www.nexoinformativo.mx\/index.php\/2024\/11\/25\/el-marques-realiza-operativo-de-inspeccion-un-comercio-clausurado-por-falta-de-licencia\/#primaryimage"},"thumbnailUrl":"https:\/\/www.nexoinformativo.mx\/wp-content\/uploads\/2024\/11\/PHOTO-2024-11-25-10-10-30-e1732556719882.jpg","datePublished":"2024-11-25T15:30:25+00:00","dateModified":"2024-11-25T17:46:49+00:00","description":"El Marqu\u00e9s realiza operativo de Inspecci\u00f3n: Un comercio Clausurado por falta de Licencia","breadcrumb":{"@id":"https:\/\/www.nexoinformativo.mx\/index.php\/2024\/11\/25\/el-marques-realiza-operativo-de-inspeccion-un-comercio-clausurado-por-falta-de-licencia\/#breadcrumb"},"inLanguage":"es","potentialAction":[{"@type":"ReadAction","target":["https:\/\/www.nexoinformativo.mx\/index.php\/2024\/11\/25\/el-marques-realiza-operativo-de-inspeccion-un-comercio-clausurado-por-falta-de-licencia\/"]}]},{"@type":"ImageObject","inLanguage":"es","@id":"https:\/\/www.nexoinformativo.mx\/index.php\/2024\/11\/25\/el-marques-realiza-operativo-de-inspeccion-un-comercio-clausurado-por-falta-de-licencia\/#primaryimage","url":"https:\/\/www.nexoinformativo.mx\/wp-content\/uploads\/2024\/11\/PHOTO-2024-11-25-10-10-30-e1732556719882.jpg","contentUrl":"https:\/\/www.nexoinformativo.mx\/wp-content\/uploads\/2024\/11\/PHOTO-2024-11-25-10-10-30-e1732556719882.jpg","width":800,"height":602},{"@type":"BreadcrumbList","@id":"https:\/\/www.nexoinformativo.mx\/index.php\/2024\/11\/25\/el-marques-realiza-operativo-de-inspeccion-un-comercio-clausurado-por-falta-de-licencia\/#breadcrumb","itemListElement":[{"@type":"ListItem","position":1,"name":"Inicio","item":"https:\/\/www.nexoinformativo.mx\/"},{"@type":"ListItem","position":2,"name":"El Marqu\u00e9s realiza operativo de Inspecci\u00f3n: Un comercio Clausurado por falta de Licencia"}]},{"@type":"WebSite","@id":"https:\/\/www.nexoinformativo.mx\/#website","url":"https:\/\/www.nexoinformativo.mx\/","name":"Nexo Informativo Santiago de Quer\u00e9taro","description":"Explora NexoInformativo y convi\u00e9rtete en parte de una comunidad que valora el conocimiento y la verdad. Tu nexoinformativo es tu puente hacia una comprensi\u00f3n m\u00e1s profunda del mundo que te rodea.","publisher":{"@id":"https:\/\/www.nexoinformativo.mx\/#organization"},"potentialAction":[{"@type":"SearchAction","target":{"@type":"EntryPoint","urlTemplate":"https:\/\/www.nexoinformativo.mx\/?s={search_term_string}"},"query-input":{"@type":"PropertyValueSpecification","valueRequired":true,"valueName":"search_term_string"}}],"inLanguage":"es"},{"@type":"Organization","@id":"https:\/\/www.nexoinformativo.mx\/#organization","name":"Nexo Informativo Santiago de Quer\u00e9taro","url":"https:\/\/www.nexoinformativo.mx\/","logo":{"@type":"ImageObject","inLanguage":"es","@id":"https:\/\/www.nexoinformativo.mx\/#\/schema\/logo\/image\/","url":"https:\/\/www.nexoinformativo.mx\/wp-content\/uploads\/2024\/07\/nexoi-trasparente-2.png","contentUrl":"https:\/\/www.nexoinformativo.mx\/wp-content\/uploads\/2024\/07\/nexoi-trasparente-2.png","width":816,"height":339,"caption":"Nexo Informativo Santiago de Quer\u00e9taro"},"image":{"@id":"https:\/\/www.nexoinformativo.mx\/#\/schema\/logo\/image\/"},"sameAs":["https:\/\/www.facebook.com\/people\/Nexo-Informativo\/61564066885511\/"]},{"@type":"Person","@id":"https:\/\/www.nexoinformativo.mx\/#\/schema\/person\/7749d380ba08c8ca00d7bc76fd907b7d","name":"Nexo Informativo","image":{"@type":"ImageObject","inLanguage":"es","@id":"https:\/\/www.nexoinformativo.mx\/#\/schema\/person\/image\/","url":"https:\/\/secure.gravatar.com\/avatar\/dde2928154642a13d95f87ddf1ea9718fe2b46760a005c53e41ff5ad610704e6?s=96&d=mm&r=g","contentUrl":"https:\/\/secure.gravatar.com\/avatar\/dde2928154642a13d95f87ddf1ea9718fe2b46760a005c53e41ff5ad610704e6?s=96&d=mm&r=g","caption":"Nexo Informativo"},"url":"https:\/\/www.nexoinformativo.mx\/index.php\/author\/edicion\/"}]}},"_links":{"self":[{"href":"https:\/\/www.nexoinformativo.mx\/index.php\/wp-json\/wp\/v2\/posts\/6873","targetHints":{"allow":["GET"]}}],"collection":[{"href":"https:\/\/www.nexoinformativo.mx\/index.php\/wp-json\/wp\/v2\/posts"}],"about":[{"href":"https:\/\/www.nexoinformativo.mx\/index.php\/wp-json\/wp\/v2\/types\/post"}],"author":[{"embeddable":true,"href":"https:\/\/www.nexoinformativo.mx\/index.php\/wp-json\/wp\/v2\/users\/3"}],"replies":[{"embeddable":true,"href":"https:\/\/www.nexoinformativo.mx\/index.php\/wp-json\/wp\/v2\/comments?post=6873"}],"version-history":[{"count":3,"href":"https:\/\/www.nexoinformativo.mx\/index.php\/wp-json\/wp\/v2\/posts\/6873\/revisions"}],"predecessor-version":[{"id":6877,"href":"https:\/\/www.nexoinformativo.mx\/index.php\/wp-json\/wp\/v2\/posts\/6873\/revisions\/6877"}],"wp:featuredmedia":[{"embeddable":true,"href":"https:\/\/www.nexoinformativo.mx\/index.php\/wp-json\/wp\/v2\/media\/6874"}],"wp:attachment":[{"href":"https:\/\/www.nexoinformativo.mx\/index.php\/wp-json\/wp\/v2\/media?parent=6873"}],"wp:term":[{"taxonomy":"category","embeddable":true,"href":"https:\/\/www.nexoinformativo.mx\/index.php\/wp-json\/wp\/v2\/categories?post=6873"},{"taxonomy":"post_tag","embeddable":true,"href":"https:\/\/www.nexoinformativo.mx\/index.php\/wp-json\/wp\/v2\/tags?post=6873"}],"curies":[{"name":"wp","href":"https:\/\/api.w.org\/{rel}","templated":true}]}}