{"id":6882,"date":"2024-11-25T10:30:43","date_gmt":"2024-11-25T16:30:43","guid":{"rendered":"https:\/\/www.nexoinformativo.mx\/?p=6882"},"modified":"2024-11-25T11:54:22","modified_gmt":"2024-11-25T17:54:22","slug":"pinal-de-amoles-espera-la-llegada-de-250-familias-migrantes-en-la-caravana-navidena","status":"publish","type":"post","link":"https:\/\/www.nexoinformativo.mx\/index.php\/2024\/11\/25\/pinal-de-amoles-espera-la-llegada-de-250-familias-migrantes-en-la-caravana-navidena\/","title":{"rendered":"Pinal de Amoles espera la llegada de 250 familias migrantes en la Caravana Navide\u00f1a"},"content":{"rendered":"<p style=\"text-align: justify;\">La presidenta municipal de Pinal de Amoles, Guadalupe Ram\u00edrez Plaza, anunci\u00f3 que esperan la llegada de 250 familias migrantes como parte de la caravana que saldr\u00e1 el 19 de diciembre desde la Arena Energy en Laredo, Texas.<\/p>\n<p>&nbsp;<\/p>\n<p style=\"text-align: justify;\">Esta es la cuarta ocasi\u00f3n consecutiva en la que el municipio acompa\u00f1ar\u00e1 a la caravana, asegurando que se est\u00e1n realizando los tr\u00e1mites necesarios para obtener los permisos de las armas para los polic\u00edas que escoltar\u00e1n a los migrantes.<\/p>\n<p>&nbsp;<\/p>\n<p style=\"text-align: justify;\">Ram\u00edrez Plaza destac\u00f3 la importancia de esta caravana, especialmente en diciembre, cuando cientos de migrantes regresan para celebrar las fiestas de Navidad y A\u00f1o Nuevo con sus seres queridos. \u201cEs una oportunidad para que lleguen seguros a casa y no estamos exentos a un accidente, que se poncho una llanta que se averi\u00f3 un veh\u00edculo, pero para eso es la caravana, para apoyarlos y acompa\u00f1arlos,\u201d coment\u00f3.<\/p>\n<p>&nbsp;<\/p>\n<p style=\"text-align: justify;\">La presidenta municipal record\u00f3 su participaci\u00f3n en las caravanas de los \u00faltimos tres a\u00f1os, resaltando la importancia de la seguridad y el apoyo a los migrantes durante su viaje. Este esfuerzo conjunto entre los municipios y los polic\u00edas municipales tiene como objetivo garantizar un retorno seguro y sin incidentes para las familias migrantes.<\/p>\n<p>&nbsp;<\/p>\n<p style=\"text-align: center;\"><em><strong>\u00a1Informaci\u00f3n que transforma!<\/strong><\/em><\/p>\n","protected":false},"excerpt":{"rendered":"<p>La presidenta municipal de Pinal de Amoles, Guadalupe Ram\u00edrez Plaza, anunci\u00f3 que esperan la llegada de 250 familias migrantes como parte de la caravana que saldr\u00e1 el 19 de diciembre desde la Arena Energy en Laredo, Texas.<\/p>\n","protected":false},"author":3,"featured_media":6883,"comment_status":"open","ping_status":"open","sticky":false,"template":"","format":"standard","meta":{"footnotes":""},"categories":[65,58],"tags":[2324,2325,2326,601],"class_list":["post-6882","post","type-post","status-publish","format-standard","has-post-thumbnail","hentry","category-municipios","category-ultima-hora","tag-caravanamigrante","tag-familiasmigrantes","tag-navidadsegura","tag-pinaldeamoles"],"yoast_head":"<!-- This site is optimized with the Yoast SEO plugin v25.0 - https:\/\/yoast.com\/wordpress\/plugins\/seo\/ -->\n<title>Pinal de Amoles espera la llegada de 250 familias migrantes en la Caravana Navide\u00f1a | Nexo Informativo Santiago de Quer\u00e9taro<\/title>\n<meta name=\"description\" content=\"Pinal de Amoles espera la llegada de 250 familias migrantes en la Caravana Navide\u00f1a\" \/>\n<meta name=\"robots\" content=\"index, follow, max-snippet:-1, max-image-preview:large, max-video-preview:-1\" \/>\n<link rel=\"canonical\" href=\"https:\/\/www.nexoinformativo.mx\/index.php\/2024\/11\/25\/pinal-de-amoles-espera-la-llegada-de-250-familias-migrantes-en-la-caravana-navidena\/\" \/>\n<meta property=\"og:locale\" content=\"es_MX\" \/>\n<meta property=\"og:type\" content=\"article\" \/>\n<meta property=\"og:title\" content=\"Pinal de Amoles espera la llegada de 250 familias migrantes en la Caravana Navide\u00f1a | Nexo Informativo Santiago de Quer\u00e9taro\" \/>\n<meta property=\"og:description\" content=\"Pinal de Amoles espera la llegada de 250 familias migrantes en la Caravana Navide\u00f1a\" \/>\n<meta property=\"og:url\" content=\"https:\/\/www.nexoinformativo.mx\/index.php\/2024\/11\/25\/pinal-de-amoles-espera-la-llegada-de-250-familias-migrantes-en-la-caravana-navidena\/\" \/>\n<meta property=\"og:site_name\" content=\"Nexo Informativo Santiago de Quer\u00e9taro\" \/>\n<meta property=\"article:publisher\" content=\"https:\/\/www.facebook.com\/people\/Nexo-Informativo\/61564066885511\/\" \/>\n<meta property=\"article:published_time\" content=\"2024-11-25T16:30:43+00:00\" \/>\n<meta property=\"article:modified_time\" content=\"2024-11-25T17:54:22+00:00\" \/>\n<meta property=\"og:image\" content=\"https:\/\/www.nexoinformativo.mx\/wp-content\/uploads\/2024\/11\/PHOTO-2024-11-25-11-10-07.jpg\" \/>\n\t<meta property=\"og:image:width\" content=\"394\" \/>\n\t<meta property=\"og:image:height\" content=\"414\" \/>\n\t<meta property=\"og:image:type\" content=\"image\/jpeg\" \/>\n<meta name=\"author\" content=\"Nexo Informativo\" \/>\n<meta name=\"twitter:card\" content=\"summary_large_image\" \/>\n<meta name=\"twitter:label1\" content=\"Escrito por\" \/>\n\t<meta name=\"twitter:data1\" content=\"Nexo Informativo\" \/>\n\t<meta name=\"twitter:label2\" content=\"Tiempo de lectura\" \/>\n\t<meta name=\"twitter:data2\" content=\"2 minutos\" \/>\n<script type=\"application\/ld+json\" class=\"yoast-schema-graph\">{\"@context\":\"https:\/\/schema.org\",\"@graph\":[{\"@type\":\"Article\",\"@id\":\"https:\/\/www.nexoinformativo.mx\/index.php\/2024\/11\/25\/pinal-de-amoles-espera-la-llegada-de-250-familias-migrantes-en-la-caravana-navidena\/#article\",\"isPartOf\":{\"@id\":\"https:\/\/www.nexoinformativo.mx\/index.php\/2024\/11\/25\/pinal-de-amoles-espera-la-llegada-de-250-familias-migrantes-en-la-caravana-navidena\/\"},\"author\":{\"name\":\"Nexo Informativo\",\"@id\":\"https:\/\/www.nexoinformativo.mx\/#\/schema\/person\/7749d380ba08c8ca00d7bc76fd907b7d\"},\"headline\":\"Pinal de Amoles espera la llegada de 250 familias migrantes en la Caravana Navide\u00f1a\",\"datePublished\":\"2024-11-25T16:30:43+00:00\",\"dateModified\":\"2024-11-25T17:54:22+00:00\",\"mainEntityOfPage\":{\"@id\":\"https:\/\/www.nexoinformativo.mx\/index.php\/2024\/11\/25\/pinal-de-amoles-espera-la-llegada-de-250-familias-migrantes-en-la-caravana-navidena\/\"},\"wordCount\":228,\"commentCount\":0,\"publisher\":{\"@id\":\"https:\/\/www.nexoinformativo.mx\/#organization\"},\"image\":{\"@id\":\"https:\/\/www.nexoinformativo.mx\/index.php\/2024\/11\/25\/pinal-de-amoles-espera-la-llegada-de-250-familias-migrantes-en-la-caravana-navidena\/#primaryimage\"},\"thumbnailUrl\":\"https:\/\/www.nexoinformativo.mx\/wp-content\/uploads\/2024\/11\/PHOTO-2024-11-25-11-10-07.jpg\",\"keywords\":[\"CaravanaMigrante\",\"FamiliasMigrantes\",\"NavidadSegura\",\"PinalDeAmoles\"],\"articleSection\":[\"Municipios\",\"\u00daltima Hora\"],\"inLanguage\":\"es\",\"potentialAction\":[{\"@type\":\"CommentAction\",\"name\":\"Comment\",\"target\":[\"https:\/\/www.nexoinformativo.mx\/index.php\/2024\/11\/25\/pinal-de-amoles-espera-la-llegada-de-250-familias-migrantes-en-la-caravana-navidena\/#respond\"]}]},{\"@type\":\"WebPage\",\"@id\":\"https:\/\/www.nexoinformativo.mx\/index.php\/2024\/11\/25\/pinal-de-amoles-espera-la-llegada-de-250-familias-migrantes-en-la-caravana-navidena\/\",\"url\":\"https:\/\/www.nexoinformativo.mx\/index.php\/2024\/11\/25\/pinal-de-amoles-espera-la-llegada-de-250-familias-migrantes-en-la-caravana-navidena\/\",\"name\":\"Pinal de Amoles espera la llegada de 250 familias migrantes en la Caravana Navide\u00f1a | Nexo Informativo Santiago de Quer\u00e9taro\",\"isPartOf\":{\"@id\":\"https:\/\/www.nexoinformativo.mx\/#website\"},\"primaryImageOfPage\":{\"@id\":\"https:\/\/www.nexoinformativo.mx\/index.php\/2024\/11\/25\/pinal-de-amoles-espera-la-llegada-de-250-familias-migrantes-en-la-caravana-navidena\/#primaryimage\"},\"image\":{\"@id\":\"https:\/\/www.nexoinformativo.mx\/index.php\/2024\/11\/25\/pinal-de-amoles-espera-la-llegada-de-250-familias-migrantes-en-la-caravana-navidena\/#primaryimage\"},\"thumbnailUrl\":\"https:\/\/www.nexoinformativo.mx\/wp-content\/uploads\/2024\/11\/PHOTO-2024-11-25-11-10-07.jpg\",\"datePublished\":\"2024-11-25T16:30:43+00:00\",\"dateModified\":\"2024-11-25T17:54:22+00:00\",\"description\":\"Pinal de Amoles espera la llegada de 250 familias migrantes en la Caravana Navide\u00f1a\",\"breadcrumb\":{\"@id\":\"https:\/\/www.nexoinformativo.mx\/index.php\/2024\/11\/25\/pinal-de-amoles-espera-la-llegada-de-250-familias-migrantes-en-la-caravana-navidena\/#breadcrumb\"},\"inLanguage\":\"es\",\"potentialAction\":[{\"@type\":\"ReadAction\",\"target\":[\"https:\/\/www.nexoinformativo.mx\/index.php\/2024\/11\/25\/pinal-de-amoles-espera-la-llegada-de-250-familias-migrantes-en-la-caravana-navidena\/\"]}]},{\"@type\":\"ImageObject\",\"inLanguage\":\"es\",\"@id\":\"https:\/\/www.nexoinformativo.mx\/index.php\/2024\/11\/25\/pinal-de-amoles-espera-la-llegada-de-250-familias-migrantes-en-la-caravana-navidena\/#primaryimage\",\"url\":\"https:\/\/www.nexoinformativo.mx\/wp-content\/uploads\/2024\/11\/PHOTO-2024-11-25-11-10-07.jpg\",\"contentUrl\":\"https:\/\/www.nexoinformativo.mx\/wp-content\/uploads\/2024\/11\/PHOTO-2024-11-25-11-10-07.jpg\",\"width\":394,\"height\":414},{\"@type\":\"BreadcrumbList\",\"@id\":\"https:\/\/www.nexoinformativo.mx\/index.php\/2024\/11\/25\/pinal-de-amoles-espera-la-llegada-de-250-familias-migrantes-en-la-caravana-navidena\/#breadcrumb\",\"itemListElement\":[{\"@type\":\"ListItem\",\"position\":1,\"name\":\"Inicio\",\"item\":\"https:\/\/www.nexoinformativo.mx\/\"},{\"@type\":\"ListItem\",\"position\":2,\"name\":\"Pinal de Amoles espera la llegada de 250 familias migrantes en la Caravana Navide\u00f1a\"}]},{\"@type\":\"WebSite\",\"@id\":\"https:\/\/www.nexoinformativo.mx\/#website\",\"url\":\"https:\/\/www.nexoinformativo.mx\/\",\"name\":\"Nexo Informativo Santiago de Quer\u00e9taro\",\"description\":\"Explora NexoInformativo y convi\u00e9rtete en parte de una comunidad que valora el conocimiento y la verdad. Tu nexoinformativo es tu puente hacia una comprensi\u00f3n m\u00e1s profunda del mundo que te rodea.\",\"publisher\":{\"@id\":\"https:\/\/www.nexoinformativo.mx\/#organization\"},\"potentialAction\":[{\"@type\":\"SearchAction\",\"target\":{\"@type\":\"EntryPoint\",\"urlTemplate\":\"https:\/\/www.nexoinformativo.mx\/?s={search_term_string}\"},\"query-input\":{\"@type\":\"PropertyValueSpecification\",\"valueRequired\":true,\"valueName\":\"search_term_string\"}}],\"inLanguage\":\"es\"},{\"@type\":\"Organization\",\"@id\":\"https:\/\/www.nexoinformativo.mx\/#organization\",\"name\":\"Nexo Informativo Santiago de Quer\u00e9taro\",\"url\":\"https:\/\/www.nexoinformativo.mx\/\",\"logo\":{\"@type\":\"ImageObject\",\"inLanguage\":\"es\",\"@id\":\"https:\/\/www.nexoinformativo.mx\/#\/schema\/logo\/image\/\",\"url\":\"https:\/\/www.nexoinformativo.mx\/wp-content\/uploads\/2024\/07\/nexoi-trasparente-2.png\",\"contentUrl\":\"https:\/\/www.nexoinformativo.mx\/wp-content\/uploads\/2024\/07\/nexoi-trasparente-2.png\",\"width\":816,\"height\":339,\"caption\":\"Nexo Informativo Santiago de Quer\u00e9taro\"},\"image\":{\"@id\":\"https:\/\/www.nexoinformativo.mx\/#\/schema\/logo\/image\/\"},\"sameAs\":[\"https:\/\/www.facebook.com\/people\/Nexo-Informativo\/61564066885511\/\"]},{\"@type\":\"Person\",\"@id\":\"https:\/\/www.nexoinformativo.mx\/#\/schema\/person\/7749d380ba08c8ca00d7bc76fd907b7d\",\"name\":\"Nexo Informativo\",\"image\":{\"@type\":\"ImageObject\",\"inLanguage\":\"es\",\"@id\":\"https:\/\/www.nexoinformativo.mx\/#\/schema\/person\/image\/\",\"url\":\"https:\/\/secure.gravatar.com\/avatar\/dde2928154642a13d95f87ddf1ea9718fe2b46760a005c53e41ff5ad610704e6?s=96&d=mm&r=g\",\"contentUrl\":\"https:\/\/secure.gravatar.com\/avatar\/dde2928154642a13d95f87ddf1ea9718fe2b46760a005c53e41ff5ad610704e6?s=96&d=mm&r=g\",\"caption\":\"Nexo Informativo\"},\"url\":\"https:\/\/www.nexoinformativo.mx\/index.php\/author\/edicion\/\"}]}<\/script>\n<!-- \/ Yoast SEO plugin. -->","yoast_head_json":{"title":"Pinal de Amoles espera la llegada de 250 familias migrantes en la Caravana Navide\u00f1a | Nexo Informativo Santiago de Quer\u00e9taro","description":"Pinal de Amoles espera la llegada de 250 familias migrantes en la Caravana Navide\u00f1a","robots":{"index":"index","follow":"follow","max-snippet":"max-snippet:-1","max-image-preview":"max-image-preview:large","max-video-preview":"max-video-preview:-1"},"canonical":"https:\/\/www.nexoinformativo.mx\/index.php\/2024\/11\/25\/pinal-de-amoles-espera-la-llegada-de-250-familias-migrantes-en-la-caravana-navidena\/","og_locale":"es_MX","og_type":"article","og_title":"Pinal de Amoles espera la llegada de 250 familias migrantes en la Caravana Navide\u00f1a | Nexo Informativo Santiago de Quer\u00e9taro","og_description":"Pinal de Amoles espera la llegada de 250 familias migrantes en la Caravana Navide\u00f1a","og_url":"https:\/\/www.nexoinformativo.mx\/index.php\/2024\/11\/25\/pinal-de-amoles-espera-la-llegada-de-250-familias-migrantes-en-la-caravana-navidena\/","og_site_name":"Nexo Informativo Santiago de Quer\u00e9taro","article_publisher":"https:\/\/www.facebook.com\/people\/Nexo-Informativo\/61564066885511\/","article_published_time":"2024-11-25T16:30:43+00:00","article_modified_time":"2024-11-25T17:54:22+00:00","og_image":[{"width":394,"height":414,"url":"https:\/\/www.nexoinformativo.mx\/wp-content\/uploads\/2024\/11\/PHOTO-2024-11-25-11-10-07.jpg","type":"image\/jpeg"}],"author":"Nexo Informativo","twitter_card":"summary_large_image","twitter_misc":{"Escrito por":"Nexo Informativo","Tiempo de lectura":"2 minutos"},"schema":{"@context":"https:\/\/schema.org","@graph":[{"@type":"Article","@id":"https:\/\/www.nexoinformativo.mx\/index.php\/2024\/11\/25\/pinal-de-amoles-espera-la-llegada-de-250-familias-migrantes-en-la-caravana-navidena\/#article","isPartOf":{"@id":"https:\/\/www.nexoinformativo.mx\/index.php\/2024\/11\/25\/pinal-de-amoles-espera-la-llegada-de-250-familias-migrantes-en-la-caravana-navidena\/"},"author":{"name":"Nexo Informativo","@id":"https:\/\/www.nexoinformativo.mx\/#\/schema\/person\/7749d380ba08c8ca00d7bc76fd907b7d"},"headline":"Pinal de Amoles espera la llegada de 250 familias migrantes en la Caravana Navide\u00f1a","datePublished":"2024-11-25T16:30:43+00:00","dateModified":"2024-11-25T17:54:22+00:00","mainEntityOfPage":{"@id":"https:\/\/www.nexoinformativo.mx\/index.php\/2024\/11\/25\/pinal-de-amoles-espera-la-llegada-de-250-familias-migrantes-en-la-caravana-navidena\/"},"wordCount":228,"commentCount":0,"publisher":{"@id":"https:\/\/www.nexoinformativo.mx\/#organization"},"image":{"@id":"https:\/\/www.nexoinformativo.mx\/index.php\/2024\/11\/25\/pinal-de-amoles-espera-la-llegada-de-250-familias-migrantes-en-la-caravana-navidena\/#primaryimage"},"thumbnailUrl":"https:\/\/www.nexoinformativo.mx\/wp-content\/uploads\/2024\/11\/PHOTO-2024-11-25-11-10-07.jpg","keywords":["CaravanaMigrante","FamiliasMigrantes","NavidadSegura","PinalDeAmoles"],"articleSection":["Municipios","\u00daltima Hora"],"inLanguage":"es","potentialAction":[{"@type":"CommentAction","name":"Comment","target":["https:\/\/www.nexoinformativo.mx\/index.php\/2024\/11\/25\/pinal-de-amoles-espera-la-llegada-de-250-familias-migrantes-en-la-caravana-navidena\/#respond"]}]},{"@type":"WebPage","@id":"https:\/\/www.nexoinformativo.mx\/index.php\/2024\/11\/25\/pinal-de-amoles-espera-la-llegada-de-250-familias-migrantes-en-la-caravana-navidena\/","url":"https:\/\/www.nexoinformativo.mx\/index.php\/2024\/11\/25\/pinal-de-amoles-espera-la-llegada-de-250-familias-migrantes-en-la-caravana-navidena\/","name":"Pinal de Amoles espera la llegada de 250 familias migrantes en la Caravana Navide\u00f1a | Nexo Informativo Santiago de Quer\u00e9taro","isPartOf":{"@id":"https:\/\/www.nexoinformativo.mx\/#website"},"primaryImageOfPage":{"@id":"https:\/\/www.nexoinformativo.mx\/index.php\/2024\/11\/25\/pinal-de-amoles-espera-la-llegada-de-250-familias-migrantes-en-la-caravana-navidena\/#primaryimage"},"image":{"@id":"https:\/\/www.nexoinformativo.mx\/index.php\/2024\/11\/25\/pinal-de-amoles-espera-la-llegada-de-250-familias-migrantes-en-la-caravana-navidena\/#primaryimage"},"thumbnailUrl":"https:\/\/www.nexoinformativo.mx\/wp-content\/uploads\/2024\/11\/PHOTO-2024-11-25-11-10-07.jpg","datePublished":"2024-11-25T16:30:43+00:00","dateModified":"2024-11-25T17:54:22+00:00","description":"Pinal de Amoles espera la llegada de 250 familias migrantes en la Caravana Navide\u00f1a","breadcrumb":{"@id":"https:\/\/www.nexoinformativo.mx\/index.php\/2024\/11\/25\/pinal-de-amoles-espera-la-llegada-de-250-familias-migrantes-en-la-caravana-navidena\/#breadcrumb"},"inLanguage":"es","potentialAction":[{"@type":"ReadAction","target":["https:\/\/www.nexoinformativo.mx\/index.php\/2024\/11\/25\/pinal-de-amoles-espera-la-llegada-de-250-familias-migrantes-en-la-caravana-navidena\/"]}]},{"@type":"ImageObject","inLanguage":"es","@id":"https:\/\/www.nexoinformativo.mx\/index.php\/2024\/11\/25\/pinal-de-amoles-espera-la-llegada-de-250-familias-migrantes-en-la-caravana-navidena\/#primaryimage","url":"https:\/\/www.nexoinformativo.mx\/wp-content\/uploads\/2024\/11\/PHOTO-2024-11-25-11-10-07.jpg","contentUrl":"https:\/\/www.nexoinformativo.mx\/wp-content\/uploads\/2024\/11\/PHOTO-2024-11-25-11-10-07.jpg","width":394,"height":414},{"@type":"BreadcrumbList","@id":"https:\/\/www.nexoinformativo.mx\/index.php\/2024\/11\/25\/pinal-de-amoles-espera-la-llegada-de-250-familias-migrantes-en-la-caravana-navidena\/#breadcrumb","itemListElement":[{"@type":"ListItem","position":1,"name":"Inicio","item":"https:\/\/www.nexoinformativo.mx\/"},{"@type":"ListItem","position":2,"name":"Pinal de Amoles espera la llegada de 250 familias migrantes en la Caravana Navide\u00f1a"}]},{"@type":"WebSite","@id":"https:\/\/www.nexoinformativo.mx\/#website","url":"https:\/\/www.nexoinformativo.mx\/","name":"Nexo Informativo Santiago de Quer\u00e9taro","description":"Explora NexoInformativo y convi\u00e9rtete en parte de una comunidad que valora el conocimiento y la verdad. Tu nexoinformativo es tu puente hacia una comprensi\u00f3n m\u00e1s profunda del mundo que te rodea.","publisher":{"@id":"https:\/\/www.nexoinformativo.mx\/#organization"},"potentialAction":[{"@type":"SearchAction","target":{"@type":"EntryPoint","urlTemplate":"https:\/\/www.nexoinformativo.mx\/?s={search_term_string}"},"query-input":{"@type":"PropertyValueSpecification","valueRequired":true,"valueName":"search_term_string"}}],"inLanguage":"es"},{"@type":"Organization","@id":"https:\/\/www.nexoinformativo.mx\/#organization","name":"Nexo Informativo Santiago de Quer\u00e9taro","url":"https:\/\/www.nexoinformativo.mx\/","logo":{"@type":"ImageObject","inLanguage":"es","@id":"https:\/\/www.nexoinformativo.mx\/#\/schema\/logo\/image\/","url":"https:\/\/www.nexoinformativo.mx\/wp-content\/uploads\/2024\/07\/nexoi-trasparente-2.png","contentUrl":"https:\/\/www.nexoinformativo.mx\/wp-content\/uploads\/2024\/07\/nexoi-trasparente-2.png","width":816,"height":339,"caption":"Nexo Informativo Santiago de Quer\u00e9taro"},"image":{"@id":"https:\/\/www.nexoinformativo.mx\/#\/schema\/logo\/image\/"},"sameAs":["https:\/\/www.facebook.com\/people\/Nexo-Informativo\/61564066885511\/"]},{"@type":"Person","@id":"https:\/\/www.nexoinformativo.mx\/#\/schema\/person\/7749d380ba08c8ca00d7bc76fd907b7d","name":"Nexo Informativo","image":{"@type":"ImageObject","inLanguage":"es","@id":"https:\/\/www.nexoinformativo.mx\/#\/schema\/person\/image\/","url":"https:\/\/secure.gravatar.com\/avatar\/dde2928154642a13d95f87ddf1ea9718fe2b46760a005c53e41ff5ad610704e6?s=96&d=mm&r=g","contentUrl":"https:\/\/secure.gravatar.com\/avatar\/dde2928154642a13d95f87ddf1ea9718fe2b46760a005c53e41ff5ad610704e6?s=96&d=mm&r=g","caption":"Nexo Informativo"},"url":"https:\/\/www.nexoinformativo.mx\/index.php\/author\/edicion\/"}]}},"_links":{"self":[{"href":"https:\/\/www.nexoinformativo.mx\/index.php\/wp-json\/wp\/v2\/posts\/6882","targetHints":{"allow":["GET"]}}],"collection":[{"href":"https:\/\/www.nexoinformativo.mx\/index.php\/wp-json\/wp\/v2\/posts"}],"about":[{"href":"https:\/\/www.nexoinformativo.mx\/index.php\/wp-json\/wp\/v2\/types\/post"}],"author":[{"embeddable":true,"href":"https:\/\/www.nexoinformativo.mx\/index.php\/wp-json\/wp\/v2\/users\/3"}],"replies":[{"embeddable":true,"href":"https:\/\/www.nexoinformativo.mx\/index.php\/wp-json\/wp\/v2\/comments?post=6882"}],"version-history":[{"count":3,"href":"https:\/\/www.nexoinformativo.mx\/index.php\/wp-json\/wp\/v2\/posts\/6882\/revisions"}],"predecessor-version":[{"id":6886,"href":"https:\/\/www.nexoinformativo.mx\/index.php\/wp-json\/wp\/v2\/posts\/6882\/revisions\/6886"}],"wp:featuredmedia":[{"embeddable":true,"href":"https:\/\/www.nexoinformativo.mx\/index.php\/wp-json\/wp\/v2\/media\/6883"}],"wp:attachment":[{"href":"https:\/\/www.nexoinformativo.mx\/index.php\/wp-json\/wp\/v2\/media?parent=6882"}],"wp:term":[{"taxonomy":"category","embeddable":true,"href":"https:\/\/www.nexoinformativo.mx\/index.php\/wp-json\/wp\/v2\/categories?post=6882"},{"taxonomy":"post_tag","embeddable":true,"href":"https:\/\/www.nexoinformativo.mx\/index.php\/wp-json\/wp\/v2\/tags?post=6882"}],"curies":[{"name":"wp","href":"https:\/\/api.w.org\/{rel}","templated":true}]}}