{"id":6887,"date":"2024-11-25T11:00:08","date_gmt":"2024-11-25T17:00:08","guid":{"rendered":"https:\/\/www.nexoinformativo.mx\/?p=6887"},"modified":"2024-11-25T13:38:34","modified_gmt":"2024-11-25T19:38:34","slug":"queretaro-reabren-bares-y-antros-tras-subsanar-pequenos-problemas","status":"publish","type":"post","link":"https:\/\/www.nexoinformativo.mx\/index.php\/2024\/11\/25\/queretaro-reabren-bares-y-antros-tras-subsanar-pequenos-problemas\/","title":{"rendered":"Quer\u00e9taro: Reabren bares y antros tras subsanar &#8220;peque\u00f1os&#8221; problemas"},"content":{"rendered":"<p style=\"text-align: justify;\" data-sourcepos=\"9:1-9:305\">Tras una serie de clausuras en establecimientos nocturnos de Quer\u00e9taro, el Gobierno del Estado ha anunciado que cerca de 50 de ellos podr\u00e1n reabrir sus puertas. \u00bfLa raz\u00f3n? Seg\u00fan el secretario de Gobierno, Carlos Alcaraz, estos negocios presentaron &#8220;anomal\u00edas menores&#8221; que ya han sido subsanadas.<\/p>\n<p>&nbsp;<\/p>\n<p style=\"text-align: justify;\" data-sourcepos=\"11:1-11:272\">&#8220;Hemos identificado que alrededor de 50 establecimientos tienen irregularidades menores, como tr\u00e1mites pendientes o peque\u00f1os ajustes en sus licencias de funcionamiento&#8221;, explic\u00f3 Alcaraz. <strong>&#8220;Una vez que regularicen su situaci\u00f3n, podr\u00e1n operar nuevamente&#8221;.<\/strong><\/p>\n<p>&nbsp;<\/p>\n<p style=\"text-align: justify;\" data-sourcepos=\"13:1-13:187\">Sin embargo, la situaci\u00f3n es m\u00e1s compleja para otros 20 negocios que enfrentan irregularidades m\u00e1s graves. Estos casos est\u00e1n siendo revisados a fondo por las autoridades correspondientes.<\/p>\n<p>&nbsp;<\/p>\n<p style=\"text-align: justify;\" data-sourcepos=\"15:1-15:63\">\u00bfCu\u00e1les fueron las principales irregularidades encontradas?<\/p>\n<p>&nbsp;<\/p>\n<ul style=\"text-align: justify;\" data-sourcepos=\"17:1-21:0\">\n<li data-sourcepos=\"17:1-17:141\"><strong>Tr\u00e1mites administrativos pendientes:<\/strong> Muchos establecimientos no hab\u00edan completado todos los tr\u00e1mites requeridos para operar legalmente.<\/li>\n<li data-sourcepos=\"18:1-18:150\"><strong>Giros distintos a los autorizados:<\/strong> Algunos negocios estaban operando con licencias que no correspond\u00edan a la actividad que realmente realizaban.<\/li>\n<li data-sourcepos=\"19:1-19:153\"><strong>Conexiones irregulares con otros edificios:<\/strong> Se detectaron casos de establecimientos que estaban conectados de manera irregular con otros inmuebles.<\/li>\n<li data-sourcepos=\"20:1-21:0\"><strong>Precios bajos en bebidas alcoh\u00f3licas:<\/strong> Algunos negocios ofrec\u00edan bebidas alcoh\u00f3licas a precios por debajo de lo establecido por la ley.<\/li>\n<\/ul>\n<p>&nbsp;<\/p>\n<p style=\"text-align: justify;\" data-sourcepos=\"22:1-22:203\">El secretario Alcaraz enfatiz\u00f3 que el objetivo del gobierno es regularizar la operaci\u00f3n de los establecimientos nocturnos, garantizando as\u00ed la seguridad de los ciudadanos y el cumplimiento de las normas.<\/p>\n<p>&nbsp;<\/p>\n<p style=\"text-align: justify;\" data-sourcepos=\"24:1-24:147\"><strong>&#8220;Queremos que los negocios funcionen de manera ordenada y que la gente pueda disfrutar de ellos de manera segura&#8221;<\/strong>, se\u00f1al\u00f3 el funcionario.<\/p>\n<p>&nbsp;<\/p>\n<p style=\"text-align: center;\" data-sourcepos=\"24:1-24:147\"><em><strong>\u00a1Informaci\u00f3n que transforma!<\/strong><\/em><\/p>\n","protected":false},"excerpt":{"rendered":"<p>Tras una serie de clausuras en establecimientos nocturnos de Quer\u00e9taro, el Gobierno del Estado ha anunciado que cerca de 50 de ellos podr\u00e1n reabrir sus puertas<\/p>\n","protected":false},"author":3,"featured_media":6888,"comment_status":"open","ping_status":"open","sticky":false,"template":"","format":"standard","meta":{"footnotes":""},"categories":[42,58],"tags":[2327,1982,133,2278],"class_list":["post-6887","post","type-post","status-publish","format-standard","has-post-thumbnail","hentry","category-estado","category-ultima-hora","tag-baresantros","tag-clausura","tag-queretaro","tag-reapertura"],"yoast_head":"<!-- This site is optimized with the Yoast SEO plugin v25.0 - https:\/\/yoast.com\/wordpress\/plugins\/seo\/ -->\n<title>Quer\u00e9taro: Reabren bares y antros tras subsanar &quot;peque\u00f1os&quot; problemas | Nexo Informativo Santiago de Quer\u00e9taro<\/title>\n<meta name=\"description\" content=\"Quer\u00e9taro: Reabren bares y antros tras subsanar &quot;peque\u00f1os&quot; problemas\" \/>\n<meta name=\"robots\" content=\"index, follow, max-snippet:-1, max-image-preview:large, max-video-preview:-1\" \/>\n<link rel=\"canonical\" href=\"https:\/\/www.nexoinformativo.mx\/index.php\/2024\/11\/25\/queretaro-reabren-bares-y-antros-tras-subsanar-pequenos-problemas\/\" \/>\n<meta property=\"og:locale\" content=\"es_MX\" \/>\n<meta property=\"og:type\" content=\"article\" \/>\n<meta property=\"og:title\" content=\"Quer\u00e9taro: Reabren bares y antros tras subsanar &quot;peque\u00f1os&quot; problemas | Nexo Informativo Santiago de Quer\u00e9taro\" \/>\n<meta property=\"og:description\" content=\"Quer\u00e9taro: Reabren bares y antros tras subsanar &quot;peque\u00f1os&quot; problemas\" \/>\n<meta property=\"og:url\" content=\"https:\/\/www.nexoinformativo.mx\/index.php\/2024\/11\/25\/queretaro-reabren-bares-y-antros-tras-subsanar-pequenos-problemas\/\" \/>\n<meta property=\"og:site_name\" content=\"Nexo Informativo Santiago de Quer\u00e9taro\" \/>\n<meta property=\"article:publisher\" content=\"https:\/\/www.facebook.com\/people\/Nexo-Informativo\/61564066885511\/\" \/>\n<meta property=\"article:published_time\" content=\"2024-11-25T17:00:08+00:00\" \/>\n<meta property=\"article:modified_time\" content=\"2024-11-25T19:38:34+00:00\" \/>\n<meta property=\"og:image\" content=\"https:\/\/www.nexoinformativo.mx\/wp-content\/uploads\/2024\/11\/PHOTO-2024-11-25-11-19-46-e1732563364970.jpg\" \/>\n\t<meta property=\"og:image:width\" content=\"800\" \/>\n\t<meta property=\"og:image:height\" content=\"600\" \/>\n\t<meta property=\"og:image:type\" content=\"image\/jpeg\" \/>\n<meta name=\"author\" content=\"Nexo Informativo\" \/>\n<meta name=\"twitter:card\" content=\"summary_large_image\" \/>\n<meta name=\"twitter:label1\" content=\"Escrito por\" \/>\n\t<meta name=\"twitter:data1\" content=\"Nexo Informativo\" \/>\n\t<meta name=\"twitter:label2\" content=\"Tiempo de lectura\" \/>\n\t<meta name=\"twitter:data2\" content=\"2 minutos\" \/>\n<script type=\"application\/ld+json\" class=\"yoast-schema-graph\">{\"@context\":\"https:\/\/schema.org\",\"@graph\":[{\"@type\":\"Article\",\"@id\":\"https:\/\/www.nexoinformativo.mx\/index.php\/2024\/11\/25\/queretaro-reabren-bares-y-antros-tras-subsanar-pequenos-problemas\/#article\",\"isPartOf\":{\"@id\":\"https:\/\/www.nexoinformativo.mx\/index.php\/2024\/11\/25\/queretaro-reabren-bares-y-antros-tras-subsanar-pequenos-problemas\/\"},\"author\":{\"name\":\"Nexo Informativo\",\"@id\":\"https:\/\/www.nexoinformativo.mx\/#\/schema\/person\/7749d380ba08c8ca00d7bc76fd907b7d\"},\"headline\":\"Quer\u00e9taro: Reabren bares y antros tras subsanar &#8220;peque\u00f1os&#8221; problemas\",\"datePublished\":\"2024-11-25T17:00:08+00:00\",\"dateModified\":\"2024-11-25T19:38:34+00:00\",\"mainEntityOfPage\":{\"@id\":\"https:\/\/www.nexoinformativo.mx\/index.php\/2024\/11\/25\/queretaro-reabren-bares-y-antros-tras-subsanar-pequenos-problemas\/\"},\"wordCount\":278,\"commentCount\":0,\"publisher\":{\"@id\":\"https:\/\/www.nexoinformativo.mx\/#organization\"},\"image\":{\"@id\":\"https:\/\/www.nexoinformativo.mx\/index.php\/2024\/11\/25\/queretaro-reabren-bares-y-antros-tras-subsanar-pequenos-problemas\/#primaryimage\"},\"thumbnailUrl\":\"https:\/\/www.nexoinformativo.mx\/wp-content\/uploads\/2024\/11\/PHOTO-2024-11-25-11-19-46-e1732563364970.jpg\",\"keywords\":[\"BaresAntros\",\"Clausura\",\"Quer\u00e9taro\",\"Reapertura\"],\"articleSection\":[\"Estado\",\"\u00daltima Hora\"],\"inLanguage\":\"es\",\"potentialAction\":[{\"@type\":\"CommentAction\",\"name\":\"Comment\",\"target\":[\"https:\/\/www.nexoinformativo.mx\/index.php\/2024\/11\/25\/queretaro-reabren-bares-y-antros-tras-subsanar-pequenos-problemas\/#respond\"]}]},{\"@type\":\"WebPage\",\"@id\":\"https:\/\/www.nexoinformativo.mx\/index.php\/2024\/11\/25\/queretaro-reabren-bares-y-antros-tras-subsanar-pequenos-problemas\/\",\"url\":\"https:\/\/www.nexoinformativo.mx\/index.php\/2024\/11\/25\/queretaro-reabren-bares-y-antros-tras-subsanar-pequenos-problemas\/\",\"name\":\"Quer\u00e9taro: Reabren bares y antros tras subsanar \\\"peque\u00f1os\\\" problemas | Nexo Informativo Santiago de Quer\u00e9taro\",\"isPartOf\":{\"@id\":\"https:\/\/www.nexoinformativo.mx\/#website\"},\"primaryImageOfPage\":{\"@id\":\"https:\/\/www.nexoinformativo.mx\/index.php\/2024\/11\/25\/queretaro-reabren-bares-y-antros-tras-subsanar-pequenos-problemas\/#primaryimage\"},\"image\":{\"@id\":\"https:\/\/www.nexoinformativo.mx\/index.php\/2024\/11\/25\/queretaro-reabren-bares-y-antros-tras-subsanar-pequenos-problemas\/#primaryimage\"},\"thumbnailUrl\":\"https:\/\/www.nexoinformativo.mx\/wp-content\/uploads\/2024\/11\/PHOTO-2024-11-25-11-19-46-e1732563364970.jpg\",\"datePublished\":\"2024-11-25T17:00:08+00:00\",\"dateModified\":\"2024-11-25T19:38:34+00:00\",\"description\":\"Quer\u00e9taro: Reabren bares y antros tras subsanar \\\"peque\u00f1os\\\" problemas\",\"breadcrumb\":{\"@id\":\"https:\/\/www.nexoinformativo.mx\/index.php\/2024\/11\/25\/queretaro-reabren-bares-y-antros-tras-subsanar-pequenos-problemas\/#breadcrumb\"},\"inLanguage\":\"es\",\"potentialAction\":[{\"@type\":\"ReadAction\",\"target\":[\"https:\/\/www.nexoinformativo.mx\/index.php\/2024\/11\/25\/queretaro-reabren-bares-y-antros-tras-subsanar-pequenos-problemas\/\"]}]},{\"@type\":\"ImageObject\",\"inLanguage\":\"es\",\"@id\":\"https:\/\/www.nexoinformativo.mx\/index.php\/2024\/11\/25\/queretaro-reabren-bares-y-antros-tras-subsanar-pequenos-problemas\/#primaryimage\",\"url\":\"https:\/\/www.nexoinformativo.mx\/wp-content\/uploads\/2024\/11\/PHOTO-2024-11-25-11-19-46-e1732563364970.jpg\",\"contentUrl\":\"https:\/\/www.nexoinformativo.mx\/wp-content\/uploads\/2024\/11\/PHOTO-2024-11-25-11-19-46-e1732563364970.jpg\",\"width\":800,\"height\":600},{\"@type\":\"BreadcrumbList\",\"@id\":\"https:\/\/www.nexoinformativo.mx\/index.php\/2024\/11\/25\/queretaro-reabren-bares-y-antros-tras-subsanar-pequenos-problemas\/#breadcrumb\",\"itemListElement\":[{\"@type\":\"ListItem\",\"position\":1,\"name\":\"Inicio\",\"item\":\"https:\/\/www.nexoinformativo.mx\/\"},{\"@type\":\"ListItem\",\"position\":2,\"name\":\"Quer\u00e9taro: Reabren bares y antros tras subsanar &#8220;peque\u00f1os&#8221; problemas\"}]},{\"@type\":\"WebSite\",\"@id\":\"https:\/\/www.nexoinformativo.mx\/#website\",\"url\":\"https:\/\/www.nexoinformativo.mx\/\",\"name\":\"Nexo Informativo Santiago de Quer\u00e9taro\",\"description\":\"Explora NexoInformativo y convi\u00e9rtete en parte de una comunidad que valora el conocimiento y la verdad. Tu nexoinformativo es tu puente hacia una comprensi\u00f3n m\u00e1s profunda del mundo que te rodea.\",\"publisher\":{\"@id\":\"https:\/\/www.nexoinformativo.mx\/#organization\"},\"potentialAction\":[{\"@type\":\"SearchAction\",\"target\":{\"@type\":\"EntryPoint\",\"urlTemplate\":\"https:\/\/www.nexoinformativo.mx\/?s={search_term_string}\"},\"query-input\":{\"@type\":\"PropertyValueSpecification\",\"valueRequired\":true,\"valueName\":\"search_term_string\"}}],\"inLanguage\":\"es\"},{\"@type\":\"Organization\",\"@id\":\"https:\/\/www.nexoinformativo.mx\/#organization\",\"name\":\"Nexo Informativo Santiago de Quer\u00e9taro\",\"url\":\"https:\/\/www.nexoinformativo.mx\/\",\"logo\":{\"@type\":\"ImageObject\",\"inLanguage\":\"es\",\"@id\":\"https:\/\/www.nexoinformativo.mx\/#\/schema\/logo\/image\/\",\"url\":\"https:\/\/www.nexoinformativo.mx\/wp-content\/uploads\/2024\/07\/nexoi-trasparente-2.png\",\"contentUrl\":\"https:\/\/www.nexoinformativo.mx\/wp-content\/uploads\/2024\/07\/nexoi-trasparente-2.png\",\"width\":816,\"height\":339,\"caption\":\"Nexo Informativo Santiago de Quer\u00e9taro\"},\"image\":{\"@id\":\"https:\/\/www.nexoinformativo.mx\/#\/schema\/logo\/image\/\"},\"sameAs\":[\"https:\/\/www.facebook.com\/people\/Nexo-Informativo\/61564066885511\/\"]},{\"@type\":\"Person\",\"@id\":\"https:\/\/www.nexoinformativo.mx\/#\/schema\/person\/7749d380ba08c8ca00d7bc76fd907b7d\",\"name\":\"Nexo Informativo\",\"image\":{\"@type\":\"ImageObject\",\"inLanguage\":\"es\",\"@id\":\"https:\/\/www.nexoinformativo.mx\/#\/schema\/person\/image\/\",\"url\":\"https:\/\/secure.gravatar.com\/avatar\/dde2928154642a13d95f87ddf1ea9718fe2b46760a005c53e41ff5ad610704e6?s=96&d=mm&r=g\",\"contentUrl\":\"https:\/\/secure.gravatar.com\/avatar\/dde2928154642a13d95f87ddf1ea9718fe2b46760a005c53e41ff5ad610704e6?s=96&d=mm&r=g\",\"caption\":\"Nexo Informativo\"},\"url\":\"https:\/\/www.nexoinformativo.mx\/index.php\/author\/edicion\/\"}]}<\/script>\n<!-- \/ Yoast SEO plugin. -->","yoast_head_json":{"title":"Quer\u00e9taro: Reabren bares y antros tras subsanar \"peque\u00f1os\" problemas | Nexo Informativo Santiago de Quer\u00e9taro","description":"Quer\u00e9taro: Reabren bares y antros tras subsanar \"peque\u00f1os\" problemas","robots":{"index":"index","follow":"follow","max-snippet":"max-snippet:-1","max-image-preview":"max-image-preview:large","max-video-preview":"max-video-preview:-1"},"canonical":"https:\/\/www.nexoinformativo.mx\/index.php\/2024\/11\/25\/queretaro-reabren-bares-y-antros-tras-subsanar-pequenos-problemas\/","og_locale":"es_MX","og_type":"article","og_title":"Quer\u00e9taro: Reabren bares y antros tras subsanar \"peque\u00f1os\" problemas | Nexo Informativo Santiago de Quer\u00e9taro","og_description":"Quer\u00e9taro: Reabren bares y antros tras subsanar \"peque\u00f1os\" problemas","og_url":"https:\/\/www.nexoinformativo.mx\/index.php\/2024\/11\/25\/queretaro-reabren-bares-y-antros-tras-subsanar-pequenos-problemas\/","og_site_name":"Nexo Informativo Santiago de Quer\u00e9taro","article_publisher":"https:\/\/www.facebook.com\/people\/Nexo-Informativo\/61564066885511\/","article_published_time":"2024-11-25T17:00:08+00:00","article_modified_time":"2024-11-25T19:38:34+00:00","og_image":[{"width":800,"height":600,"url":"https:\/\/www.nexoinformativo.mx\/wp-content\/uploads\/2024\/11\/PHOTO-2024-11-25-11-19-46-e1732563364970.jpg","type":"image\/jpeg"}],"author":"Nexo Informativo","twitter_card":"summary_large_image","twitter_misc":{"Escrito por":"Nexo Informativo","Tiempo de lectura":"2 minutos"},"schema":{"@context":"https:\/\/schema.org","@graph":[{"@type":"Article","@id":"https:\/\/www.nexoinformativo.mx\/index.php\/2024\/11\/25\/queretaro-reabren-bares-y-antros-tras-subsanar-pequenos-problemas\/#article","isPartOf":{"@id":"https:\/\/www.nexoinformativo.mx\/index.php\/2024\/11\/25\/queretaro-reabren-bares-y-antros-tras-subsanar-pequenos-problemas\/"},"author":{"name":"Nexo Informativo","@id":"https:\/\/www.nexoinformativo.mx\/#\/schema\/person\/7749d380ba08c8ca00d7bc76fd907b7d"},"headline":"Quer\u00e9taro: Reabren bares y antros tras subsanar &#8220;peque\u00f1os&#8221; problemas","datePublished":"2024-11-25T17:00:08+00:00","dateModified":"2024-11-25T19:38:34+00:00","mainEntityOfPage":{"@id":"https:\/\/www.nexoinformativo.mx\/index.php\/2024\/11\/25\/queretaro-reabren-bares-y-antros-tras-subsanar-pequenos-problemas\/"},"wordCount":278,"commentCount":0,"publisher":{"@id":"https:\/\/www.nexoinformativo.mx\/#organization"},"image":{"@id":"https:\/\/www.nexoinformativo.mx\/index.php\/2024\/11\/25\/queretaro-reabren-bares-y-antros-tras-subsanar-pequenos-problemas\/#primaryimage"},"thumbnailUrl":"https:\/\/www.nexoinformativo.mx\/wp-content\/uploads\/2024\/11\/PHOTO-2024-11-25-11-19-46-e1732563364970.jpg","keywords":["BaresAntros","Clausura","Quer\u00e9taro","Reapertura"],"articleSection":["Estado","\u00daltima Hora"],"inLanguage":"es","potentialAction":[{"@type":"CommentAction","name":"Comment","target":["https:\/\/www.nexoinformativo.mx\/index.php\/2024\/11\/25\/queretaro-reabren-bares-y-antros-tras-subsanar-pequenos-problemas\/#respond"]}]},{"@type":"WebPage","@id":"https:\/\/www.nexoinformativo.mx\/index.php\/2024\/11\/25\/queretaro-reabren-bares-y-antros-tras-subsanar-pequenos-problemas\/","url":"https:\/\/www.nexoinformativo.mx\/index.php\/2024\/11\/25\/queretaro-reabren-bares-y-antros-tras-subsanar-pequenos-problemas\/","name":"Quer\u00e9taro: Reabren bares y antros tras subsanar \"peque\u00f1os\" problemas | Nexo Informativo Santiago de Quer\u00e9taro","isPartOf":{"@id":"https:\/\/www.nexoinformativo.mx\/#website"},"primaryImageOfPage":{"@id":"https:\/\/www.nexoinformativo.mx\/index.php\/2024\/11\/25\/queretaro-reabren-bares-y-antros-tras-subsanar-pequenos-problemas\/#primaryimage"},"image":{"@id":"https:\/\/www.nexoinformativo.mx\/index.php\/2024\/11\/25\/queretaro-reabren-bares-y-antros-tras-subsanar-pequenos-problemas\/#primaryimage"},"thumbnailUrl":"https:\/\/www.nexoinformativo.mx\/wp-content\/uploads\/2024\/11\/PHOTO-2024-11-25-11-19-46-e1732563364970.jpg","datePublished":"2024-11-25T17:00:08+00:00","dateModified":"2024-11-25T19:38:34+00:00","description":"Quer\u00e9taro: Reabren bares y antros tras subsanar \"peque\u00f1os\" problemas","breadcrumb":{"@id":"https:\/\/www.nexoinformativo.mx\/index.php\/2024\/11\/25\/queretaro-reabren-bares-y-antros-tras-subsanar-pequenos-problemas\/#breadcrumb"},"inLanguage":"es","potentialAction":[{"@type":"ReadAction","target":["https:\/\/www.nexoinformativo.mx\/index.php\/2024\/11\/25\/queretaro-reabren-bares-y-antros-tras-subsanar-pequenos-problemas\/"]}]},{"@type":"ImageObject","inLanguage":"es","@id":"https:\/\/www.nexoinformativo.mx\/index.php\/2024\/11\/25\/queretaro-reabren-bares-y-antros-tras-subsanar-pequenos-problemas\/#primaryimage","url":"https:\/\/www.nexoinformativo.mx\/wp-content\/uploads\/2024\/11\/PHOTO-2024-11-25-11-19-46-e1732563364970.jpg","contentUrl":"https:\/\/www.nexoinformativo.mx\/wp-content\/uploads\/2024\/11\/PHOTO-2024-11-25-11-19-46-e1732563364970.jpg","width":800,"height":600},{"@type":"BreadcrumbList","@id":"https:\/\/www.nexoinformativo.mx\/index.php\/2024\/11\/25\/queretaro-reabren-bares-y-antros-tras-subsanar-pequenos-problemas\/#breadcrumb","itemListElement":[{"@type":"ListItem","position":1,"name":"Inicio","item":"https:\/\/www.nexoinformativo.mx\/"},{"@type":"ListItem","position":2,"name":"Quer\u00e9taro: Reabren bares y antros tras subsanar &#8220;peque\u00f1os&#8221; problemas"}]},{"@type":"WebSite","@id":"https:\/\/www.nexoinformativo.mx\/#website","url":"https:\/\/www.nexoinformativo.mx\/","name":"Nexo Informativo Santiago de Quer\u00e9taro","description":"Explora NexoInformativo y convi\u00e9rtete en parte de una comunidad que valora el conocimiento y la verdad. Tu nexoinformativo es tu puente hacia una comprensi\u00f3n m\u00e1s profunda del mundo que te rodea.","publisher":{"@id":"https:\/\/www.nexoinformativo.mx\/#organization"},"potentialAction":[{"@type":"SearchAction","target":{"@type":"EntryPoint","urlTemplate":"https:\/\/www.nexoinformativo.mx\/?s={search_term_string}"},"query-input":{"@type":"PropertyValueSpecification","valueRequired":true,"valueName":"search_term_string"}}],"inLanguage":"es"},{"@type":"Organization","@id":"https:\/\/www.nexoinformativo.mx\/#organization","name":"Nexo Informativo Santiago de Quer\u00e9taro","url":"https:\/\/www.nexoinformativo.mx\/","logo":{"@type":"ImageObject","inLanguage":"es","@id":"https:\/\/www.nexoinformativo.mx\/#\/schema\/logo\/image\/","url":"https:\/\/www.nexoinformativo.mx\/wp-content\/uploads\/2024\/07\/nexoi-trasparente-2.png","contentUrl":"https:\/\/www.nexoinformativo.mx\/wp-content\/uploads\/2024\/07\/nexoi-trasparente-2.png","width":816,"height":339,"caption":"Nexo Informativo Santiago de Quer\u00e9taro"},"image":{"@id":"https:\/\/www.nexoinformativo.mx\/#\/schema\/logo\/image\/"},"sameAs":["https:\/\/www.facebook.com\/people\/Nexo-Informativo\/61564066885511\/"]},{"@type":"Person","@id":"https:\/\/www.nexoinformativo.mx\/#\/schema\/person\/7749d380ba08c8ca00d7bc76fd907b7d","name":"Nexo Informativo","image":{"@type":"ImageObject","inLanguage":"es","@id":"https:\/\/www.nexoinformativo.mx\/#\/schema\/person\/image\/","url":"https:\/\/secure.gravatar.com\/avatar\/dde2928154642a13d95f87ddf1ea9718fe2b46760a005c53e41ff5ad610704e6?s=96&d=mm&r=g","contentUrl":"https:\/\/secure.gravatar.com\/avatar\/dde2928154642a13d95f87ddf1ea9718fe2b46760a005c53e41ff5ad610704e6?s=96&d=mm&r=g","caption":"Nexo Informativo"},"url":"https:\/\/www.nexoinformativo.mx\/index.php\/author\/edicion\/"}]}},"_links":{"self":[{"href":"https:\/\/www.nexoinformativo.mx\/index.php\/wp-json\/wp\/v2\/posts\/6887","targetHints":{"allow":["GET"]}}],"collection":[{"href":"https:\/\/www.nexoinformativo.mx\/index.php\/wp-json\/wp\/v2\/posts"}],"about":[{"href":"https:\/\/www.nexoinformativo.mx\/index.php\/wp-json\/wp\/v2\/types\/post"}],"author":[{"embeddable":true,"href":"https:\/\/www.nexoinformativo.mx\/index.php\/wp-json\/wp\/v2\/users\/3"}],"replies":[{"embeddable":true,"href":"https:\/\/www.nexoinformativo.mx\/index.php\/wp-json\/wp\/v2\/comments?post=6887"}],"version-history":[{"count":5,"href":"https:\/\/www.nexoinformativo.mx\/index.php\/wp-json\/wp\/v2\/posts\/6887\/revisions"}],"predecessor-version":[{"id":6891,"href":"https:\/\/www.nexoinformativo.mx\/index.php\/wp-json\/wp\/v2\/posts\/6887\/revisions\/6891"}],"wp:featuredmedia":[{"embeddable":true,"href":"https:\/\/www.nexoinformativo.mx\/index.php\/wp-json\/wp\/v2\/media\/6888"}],"wp:attachment":[{"href":"https:\/\/www.nexoinformativo.mx\/index.php\/wp-json\/wp\/v2\/media?parent=6887"}],"wp:term":[{"taxonomy":"category","embeddable":true,"href":"https:\/\/www.nexoinformativo.mx\/index.php\/wp-json\/wp\/v2\/categories?post=6887"},{"taxonomy":"post_tag","embeddable":true,"href":"https:\/\/www.nexoinformativo.mx\/index.php\/wp-json\/wp\/v2\/tags?post=6887"}],"curies":[{"name":"wp","href":"https:\/\/api.w.org\/{rel}","templated":true}]}}