{"id":6900,"date":"2024-11-25T12:30:42","date_gmt":"2024-11-25T18:30:42","guid":{"rendered":"https:\/\/www.nexoinformativo.mx\/?p=6900"},"modified":"2024-11-25T14:02:56","modified_gmt":"2024-11-25T20:02:56","slug":"queretaro-reafirma-compromiso-con-la-paz-autoridades-municipales-y-federales-unen-fuerzas","status":"publish","type":"post","link":"https:\/\/www.nexoinformativo.mx\/index.php\/2024\/11\/25\/queretaro-reafirma-compromiso-con-la-paz-autoridades-municipales-y-federales-unen-fuerzas\/","title":{"rendered":"Quer\u00e9taro reafirma compromiso con la paz: autoridades municipales y federales unen fuerzas"},"content":{"rendered":"<p style=\"text-align: justify;\" data-sourcepos=\"9:1-9:277\">En un emotivo acto c\u00edvico realizado en el Jard\u00edn Guerrero, el presidente municipal de Quer\u00e9taro, Felifer Mac\u00edas, junto con autoridades militares y estatales, refrend\u00f3 el compromiso de trabajar en conjunto para garantizar la seguridad y tranquilidad de las familias queretanas.<\/p>\n<p>&nbsp;<\/p>\n<p style=\"text-align: justify;\" data-sourcepos=\"11:1-11:316\">Durante la ceremonia de honores a la bandera, el alcalde destac\u00f3 la importancia de la coordinaci\u00f3n entre las diferentes instituciones para enfrentar los desaf\u00edos en materia de seguridad y construir un Quer\u00e9taro en paz. <strong>&#8220;Somos un mismo equipo y no vamos a bajar la guardia ni un solo minuto&#8221;<\/strong>, afirm\u00f3 Mac\u00edas.<\/p>\n<p>&nbsp;<\/p>\n<p style=\"text-align: justify;\" data-sourcepos=\"13:1-13:297\">El General de Brigada Estado Mayor Vinicio Perea Alcaraz, comandante de la D\u00e9cimo S\u00e9ptima Zona Militar, hizo un llamado a fortalecer los valores c\u00edvicos y a la colaboraci\u00f3n entre las fuerzas armadas y la sociedad, especialmente en el marco del D\u00eda Internacional de la No Violencia contra la Mujer.<\/p>\n<p>&nbsp;<\/p>\n<p style=\"text-align: justify;\" data-sourcepos=\"15:1-15:278\">Por su parte, el Comisario Jefe Filiberto Oropeza, coordinador estatal de la Guardia Nacional en Quer\u00e9taro, resalt\u00f3 el compromiso de la instituci\u00f3n con la seguridad de los queretanos y la importancia de trabajar de manera coordinada con los gobiernos estatal y municipal.<\/p>\n<p>&nbsp;<\/p>\n<p style=\"text-align: justify;\" data-sourcepos=\"17:1-17:200\">Durante el evento, se destac\u00f3 la importancia de promover el respeto mutuo, la disciplina y los valores c\u00edvicos como pilares fundamentales para preservar la tranquilidad y calidad de vida en Quer\u00e9taro.<\/p>\n<p>&nbsp;<\/p>\n<p style=\"text-align: center;\" data-sourcepos=\"17:1-17:200\"><em><strong>\u00a1Informaci\u00f3n que transforma!<\/strong><\/em><\/p>\n","protected":false},"excerpt":{"rendered":"<p>En un emotivo acto c\u00edvico realizado en el Jard\u00edn Guerrero, el presidente municipal de Quer\u00e9taro, Felifer Mac\u00edas, junto con autoridades militares y estatales, refrend\u00f3 el compromiso de trabajar en conjunto para garantizar la seguridad y tranquilidad de las familias queretanas.<\/p>\n","protected":false},"author":3,"featured_media":6901,"comment_status":"open","ping_status":"open","sticky":false,"template":"","format":"standard","meta":{"footnotes":""},"categories":[65,58],"tags":[2332,157,2333,2334],"class_list":["post-6900","post","type-post","status-publish","format-standard","has-post-thumbnail","hentry","category-municipios","category-ultima-hora","tag-queretaroenpaz","tag-seguridadciudadana","tag-unidosporqueretaro","tag-valorescivicos"],"yoast_head":"<!-- This site is optimized with the Yoast SEO plugin v25.0 - https:\/\/yoast.com\/wordpress\/plugins\/seo\/ -->\n<title>Quer\u00e9taro reafirma compromiso con la paz: autoridades municipales y federales unen fuerzas | Nexo Informativo Santiago de Quer\u00e9taro<\/title>\n<meta name=\"description\" content=\"Quer\u00e9taro reafirma compromiso con la paz: autoridades municipales y federales unen fuerzas\" \/>\n<meta name=\"robots\" content=\"index, follow, max-snippet:-1, max-image-preview:large, max-video-preview:-1\" \/>\n<link rel=\"canonical\" href=\"https:\/\/www.nexoinformativo.mx\/index.php\/2024\/11\/25\/queretaro-reafirma-compromiso-con-la-paz-autoridades-municipales-y-federales-unen-fuerzas\/\" \/>\n<meta property=\"og:locale\" content=\"es_MX\" \/>\n<meta property=\"og:type\" content=\"article\" \/>\n<meta property=\"og:title\" content=\"Quer\u00e9taro reafirma compromiso con la paz: autoridades municipales y federales unen fuerzas | Nexo Informativo Santiago de Quer\u00e9taro\" \/>\n<meta property=\"og:description\" content=\"Quer\u00e9taro reafirma compromiso con la paz: autoridades municipales y federales unen fuerzas\" \/>\n<meta property=\"og:url\" content=\"https:\/\/www.nexoinformativo.mx\/index.php\/2024\/11\/25\/queretaro-reafirma-compromiso-con-la-paz-autoridades-municipales-y-federales-unen-fuerzas\/\" \/>\n<meta property=\"og:site_name\" content=\"Nexo Informativo Santiago de Quer\u00e9taro\" \/>\n<meta property=\"article:publisher\" content=\"https:\/\/www.facebook.com\/people\/Nexo-Informativo\/61564066885511\/\" \/>\n<meta property=\"article:published_time\" content=\"2024-11-25T18:30:42+00:00\" \/>\n<meta property=\"article:modified_time\" content=\"2024-11-25T20:02:56+00:00\" \/>\n<meta property=\"og:image\" content=\"https:\/\/www.nexoinformativo.mx\/wp-content\/uploads\/2024\/11\/09aaa752-83e9-424a-81ce-9d5e2a45630e-e1732564856902.jpg\" \/>\n\t<meta property=\"og:image:width\" content=\"700\" \/>\n\t<meta property=\"og:image:height\" content=\"537\" \/>\n\t<meta property=\"og:image:type\" content=\"image\/jpeg\" \/>\n<meta name=\"author\" content=\"Nexo Informativo\" \/>\n<meta name=\"twitter:card\" content=\"summary_large_image\" \/>\n<meta name=\"twitter:label1\" content=\"Escrito por\" \/>\n\t<meta name=\"twitter:data1\" content=\"Nexo Informativo\" \/>\n\t<meta name=\"twitter:label2\" content=\"Tiempo de lectura\" \/>\n\t<meta name=\"twitter:data2\" content=\"2 minutos\" \/>\n<script type=\"application\/ld+json\" class=\"yoast-schema-graph\">{\"@context\":\"https:\/\/schema.org\",\"@graph\":[{\"@type\":\"Article\",\"@id\":\"https:\/\/www.nexoinformativo.mx\/index.php\/2024\/11\/25\/queretaro-reafirma-compromiso-con-la-paz-autoridades-municipales-y-federales-unen-fuerzas\/#article\",\"isPartOf\":{\"@id\":\"https:\/\/www.nexoinformativo.mx\/index.php\/2024\/11\/25\/queretaro-reafirma-compromiso-con-la-paz-autoridades-municipales-y-federales-unen-fuerzas\/\"},\"author\":{\"name\":\"Nexo Informativo\",\"@id\":\"https:\/\/www.nexoinformativo.mx\/#\/schema\/person\/7749d380ba08c8ca00d7bc76fd907b7d\"},\"headline\":\"Quer\u00e9taro reafirma compromiso con la paz: autoridades municipales y federales unen fuerzas\",\"datePublished\":\"2024-11-25T18:30:42+00:00\",\"dateModified\":\"2024-11-25T20:02:56+00:00\",\"mainEntityOfPage\":{\"@id\":\"https:\/\/www.nexoinformativo.mx\/index.php\/2024\/11\/25\/queretaro-reafirma-compromiso-con-la-paz-autoridades-municipales-y-federales-unen-fuerzas\/\"},\"wordCount\":252,\"commentCount\":0,\"publisher\":{\"@id\":\"https:\/\/www.nexoinformativo.mx\/#organization\"},\"image\":{\"@id\":\"https:\/\/www.nexoinformativo.mx\/index.php\/2024\/11\/25\/queretaro-reafirma-compromiso-con-la-paz-autoridades-municipales-y-federales-unen-fuerzas\/#primaryimage\"},\"thumbnailUrl\":\"https:\/\/www.nexoinformativo.mx\/wp-content\/uploads\/2024\/11\/09aaa752-83e9-424a-81ce-9d5e2a45630e-e1732564856902.jpg\",\"keywords\":[\"Quer\u00e9taroEnPaz\",\"SeguridadCiudadana\",\"UnidosPorQuer\u00e9taro\",\"ValoresC\u00edvicos\"],\"articleSection\":[\"Municipios\",\"\u00daltima Hora\"],\"inLanguage\":\"es\",\"potentialAction\":[{\"@type\":\"CommentAction\",\"name\":\"Comment\",\"target\":[\"https:\/\/www.nexoinformativo.mx\/index.php\/2024\/11\/25\/queretaro-reafirma-compromiso-con-la-paz-autoridades-municipales-y-federales-unen-fuerzas\/#respond\"]}]},{\"@type\":\"WebPage\",\"@id\":\"https:\/\/www.nexoinformativo.mx\/index.php\/2024\/11\/25\/queretaro-reafirma-compromiso-con-la-paz-autoridades-municipales-y-federales-unen-fuerzas\/\",\"url\":\"https:\/\/www.nexoinformativo.mx\/index.php\/2024\/11\/25\/queretaro-reafirma-compromiso-con-la-paz-autoridades-municipales-y-federales-unen-fuerzas\/\",\"name\":\"Quer\u00e9taro reafirma compromiso con la paz: autoridades municipales y federales unen fuerzas | Nexo Informativo Santiago de Quer\u00e9taro\",\"isPartOf\":{\"@id\":\"https:\/\/www.nexoinformativo.mx\/#website\"},\"primaryImageOfPage\":{\"@id\":\"https:\/\/www.nexoinformativo.mx\/index.php\/2024\/11\/25\/queretaro-reafirma-compromiso-con-la-paz-autoridades-municipales-y-federales-unen-fuerzas\/#primaryimage\"},\"image\":{\"@id\":\"https:\/\/www.nexoinformativo.mx\/index.php\/2024\/11\/25\/queretaro-reafirma-compromiso-con-la-paz-autoridades-municipales-y-federales-unen-fuerzas\/#primaryimage\"},\"thumbnailUrl\":\"https:\/\/www.nexoinformativo.mx\/wp-content\/uploads\/2024\/11\/09aaa752-83e9-424a-81ce-9d5e2a45630e-e1732564856902.jpg\",\"datePublished\":\"2024-11-25T18:30:42+00:00\",\"dateModified\":\"2024-11-25T20:02:56+00:00\",\"description\":\"Quer\u00e9taro reafirma compromiso con la paz: autoridades municipales y federales unen fuerzas\",\"breadcrumb\":{\"@id\":\"https:\/\/www.nexoinformativo.mx\/index.php\/2024\/11\/25\/queretaro-reafirma-compromiso-con-la-paz-autoridades-municipales-y-federales-unen-fuerzas\/#breadcrumb\"},\"inLanguage\":\"es\",\"potentialAction\":[{\"@type\":\"ReadAction\",\"target\":[\"https:\/\/www.nexoinformativo.mx\/index.php\/2024\/11\/25\/queretaro-reafirma-compromiso-con-la-paz-autoridades-municipales-y-federales-unen-fuerzas\/\"]}]},{\"@type\":\"ImageObject\",\"inLanguage\":\"es\",\"@id\":\"https:\/\/www.nexoinformativo.mx\/index.php\/2024\/11\/25\/queretaro-reafirma-compromiso-con-la-paz-autoridades-municipales-y-federales-unen-fuerzas\/#primaryimage\",\"url\":\"https:\/\/www.nexoinformativo.mx\/wp-content\/uploads\/2024\/11\/09aaa752-83e9-424a-81ce-9d5e2a45630e-e1732564856902.jpg\",\"contentUrl\":\"https:\/\/www.nexoinformativo.mx\/wp-content\/uploads\/2024\/11\/09aaa752-83e9-424a-81ce-9d5e2a45630e-e1732564856902.jpg\",\"width\":700,\"height\":537},{\"@type\":\"BreadcrumbList\",\"@id\":\"https:\/\/www.nexoinformativo.mx\/index.php\/2024\/11\/25\/queretaro-reafirma-compromiso-con-la-paz-autoridades-municipales-y-federales-unen-fuerzas\/#breadcrumb\",\"itemListElement\":[{\"@type\":\"ListItem\",\"position\":1,\"name\":\"Inicio\",\"item\":\"https:\/\/www.nexoinformativo.mx\/\"},{\"@type\":\"ListItem\",\"position\":2,\"name\":\"Quer\u00e9taro reafirma compromiso con la paz: autoridades municipales y federales unen fuerzas\"}]},{\"@type\":\"WebSite\",\"@id\":\"https:\/\/www.nexoinformativo.mx\/#website\",\"url\":\"https:\/\/www.nexoinformativo.mx\/\",\"name\":\"Nexo Informativo Santiago de Quer\u00e9taro\",\"description\":\"Explora NexoInformativo y convi\u00e9rtete en parte de una comunidad que valora el conocimiento y la verdad. Tu nexoinformativo es tu puente hacia una comprensi\u00f3n m\u00e1s profunda del mundo que te rodea.\",\"publisher\":{\"@id\":\"https:\/\/www.nexoinformativo.mx\/#organization\"},\"potentialAction\":[{\"@type\":\"SearchAction\",\"target\":{\"@type\":\"EntryPoint\",\"urlTemplate\":\"https:\/\/www.nexoinformativo.mx\/?s={search_term_string}\"},\"query-input\":{\"@type\":\"PropertyValueSpecification\",\"valueRequired\":true,\"valueName\":\"search_term_string\"}}],\"inLanguage\":\"es\"},{\"@type\":\"Organization\",\"@id\":\"https:\/\/www.nexoinformativo.mx\/#organization\",\"name\":\"Nexo Informativo Santiago de Quer\u00e9taro\",\"url\":\"https:\/\/www.nexoinformativo.mx\/\",\"logo\":{\"@type\":\"ImageObject\",\"inLanguage\":\"es\",\"@id\":\"https:\/\/www.nexoinformativo.mx\/#\/schema\/logo\/image\/\",\"url\":\"https:\/\/www.nexoinformativo.mx\/wp-content\/uploads\/2024\/07\/nexoi-trasparente-2.png\",\"contentUrl\":\"https:\/\/www.nexoinformativo.mx\/wp-content\/uploads\/2024\/07\/nexoi-trasparente-2.png\",\"width\":816,\"height\":339,\"caption\":\"Nexo Informativo Santiago de Quer\u00e9taro\"},\"image\":{\"@id\":\"https:\/\/www.nexoinformativo.mx\/#\/schema\/logo\/image\/\"},\"sameAs\":[\"https:\/\/www.facebook.com\/people\/Nexo-Informativo\/61564066885511\/\"]},{\"@type\":\"Person\",\"@id\":\"https:\/\/www.nexoinformativo.mx\/#\/schema\/person\/7749d380ba08c8ca00d7bc76fd907b7d\",\"name\":\"Nexo Informativo\",\"image\":{\"@type\":\"ImageObject\",\"inLanguage\":\"es\",\"@id\":\"https:\/\/www.nexoinformativo.mx\/#\/schema\/person\/image\/\",\"url\":\"https:\/\/secure.gravatar.com\/avatar\/dde2928154642a13d95f87ddf1ea9718fe2b46760a005c53e41ff5ad610704e6?s=96&d=mm&r=g\",\"contentUrl\":\"https:\/\/secure.gravatar.com\/avatar\/dde2928154642a13d95f87ddf1ea9718fe2b46760a005c53e41ff5ad610704e6?s=96&d=mm&r=g\",\"caption\":\"Nexo Informativo\"},\"url\":\"https:\/\/www.nexoinformativo.mx\/index.php\/author\/edicion\/\"}]}<\/script>\n<!-- \/ Yoast SEO plugin. -->","yoast_head_json":{"title":"Quer\u00e9taro reafirma compromiso con la paz: autoridades municipales y federales unen fuerzas | Nexo Informativo Santiago de Quer\u00e9taro","description":"Quer\u00e9taro reafirma compromiso con la paz: autoridades municipales y federales unen fuerzas","robots":{"index":"index","follow":"follow","max-snippet":"max-snippet:-1","max-image-preview":"max-image-preview:large","max-video-preview":"max-video-preview:-1"},"canonical":"https:\/\/www.nexoinformativo.mx\/index.php\/2024\/11\/25\/queretaro-reafirma-compromiso-con-la-paz-autoridades-municipales-y-federales-unen-fuerzas\/","og_locale":"es_MX","og_type":"article","og_title":"Quer\u00e9taro reafirma compromiso con la paz: autoridades municipales y federales unen fuerzas | Nexo Informativo Santiago de Quer\u00e9taro","og_description":"Quer\u00e9taro reafirma compromiso con la paz: autoridades municipales y federales unen fuerzas","og_url":"https:\/\/www.nexoinformativo.mx\/index.php\/2024\/11\/25\/queretaro-reafirma-compromiso-con-la-paz-autoridades-municipales-y-federales-unen-fuerzas\/","og_site_name":"Nexo Informativo Santiago de Quer\u00e9taro","article_publisher":"https:\/\/www.facebook.com\/people\/Nexo-Informativo\/61564066885511\/","article_published_time":"2024-11-25T18:30:42+00:00","article_modified_time":"2024-11-25T20:02:56+00:00","og_image":[{"width":700,"height":537,"url":"https:\/\/www.nexoinformativo.mx\/wp-content\/uploads\/2024\/11\/09aaa752-83e9-424a-81ce-9d5e2a45630e-e1732564856902.jpg","type":"image\/jpeg"}],"author":"Nexo Informativo","twitter_card":"summary_large_image","twitter_misc":{"Escrito por":"Nexo Informativo","Tiempo de lectura":"2 minutos"},"schema":{"@context":"https:\/\/schema.org","@graph":[{"@type":"Article","@id":"https:\/\/www.nexoinformativo.mx\/index.php\/2024\/11\/25\/queretaro-reafirma-compromiso-con-la-paz-autoridades-municipales-y-federales-unen-fuerzas\/#article","isPartOf":{"@id":"https:\/\/www.nexoinformativo.mx\/index.php\/2024\/11\/25\/queretaro-reafirma-compromiso-con-la-paz-autoridades-municipales-y-federales-unen-fuerzas\/"},"author":{"name":"Nexo Informativo","@id":"https:\/\/www.nexoinformativo.mx\/#\/schema\/person\/7749d380ba08c8ca00d7bc76fd907b7d"},"headline":"Quer\u00e9taro reafirma compromiso con la paz: autoridades municipales y federales unen fuerzas","datePublished":"2024-11-25T18:30:42+00:00","dateModified":"2024-11-25T20:02:56+00:00","mainEntityOfPage":{"@id":"https:\/\/www.nexoinformativo.mx\/index.php\/2024\/11\/25\/queretaro-reafirma-compromiso-con-la-paz-autoridades-municipales-y-federales-unen-fuerzas\/"},"wordCount":252,"commentCount":0,"publisher":{"@id":"https:\/\/www.nexoinformativo.mx\/#organization"},"image":{"@id":"https:\/\/www.nexoinformativo.mx\/index.php\/2024\/11\/25\/queretaro-reafirma-compromiso-con-la-paz-autoridades-municipales-y-federales-unen-fuerzas\/#primaryimage"},"thumbnailUrl":"https:\/\/www.nexoinformativo.mx\/wp-content\/uploads\/2024\/11\/09aaa752-83e9-424a-81ce-9d5e2a45630e-e1732564856902.jpg","keywords":["Quer\u00e9taroEnPaz","SeguridadCiudadana","UnidosPorQuer\u00e9taro","ValoresC\u00edvicos"],"articleSection":["Municipios","\u00daltima Hora"],"inLanguage":"es","potentialAction":[{"@type":"CommentAction","name":"Comment","target":["https:\/\/www.nexoinformativo.mx\/index.php\/2024\/11\/25\/queretaro-reafirma-compromiso-con-la-paz-autoridades-municipales-y-federales-unen-fuerzas\/#respond"]}]},{"@type":"WebPage","@id":"https:\/\/www.nexoinformativo.mx\/index.php\/2024\/11\/25\/queretaro-reafirma-compromiso-con-la-paz-autoridades-municipales-y-federales-unen-fuerzas\/","url":"https:\/\/www.nexoinformativo.mx\/index.php\/2024\/11\/25\/queretaro-reafirma-compromiso-con-la-paz-autoridades-municipales-y-federales-unen-fuerzas\/","name":"Quer\u00e9taro reafirma compromiso con la paz: autoridades municipales y federales unen fuerzas | Nexo Informativo Santiago de Quer\u00e9taro","isPartOf":{"@id":"https:\/\/www.nexoinformativo.mx\/#website"},"primaryImageOfPage":{"@id":"https:\/\/www.nexoinformativo.mx\/index.php\/2024\/11\/25\/queretaro-reafirma-compromiso-con-la-paz-autoridades-municipales-y-federales-unen-fuerzas\/#primaryimage"},"image":{"@id":"https:\/\/www.nexoinformativo.mx\/index.php\/2024\/11\/25\/queretaro-reafirma-compromiso-con-la-paz-autoridades-municipales-y-federales-unen-fuerzas\/#primaryimage"},"thumbnailUrl":"https:\/\/www.nexoinformativo.mx\/wp-content\/uploads\/2024\/11\/09aaa752-83e9-424a-81ce-9d5e2a45630e-e1732564856902.jpg","datePublished":"2024-11-25T18:30:42+00:00","dateModified":"2024-11-25T20:02:56+00:00","description":"Quer\u00e9taro reafirma compromiso con la paz: autoridades municipales y federales unen fuerzas","breadcrumb":{"@id":"https:\/\/www.nexoinformativo.mx\/index.php\/2024\/11\/25\/queretaro-reafirma-compromiso-con-la-paz-autoridades-municipales-y-federales-unen-fuerzas\/#breadcrumb"},"inLanguage":"es","potentialAction":[{"@type":"ReadAction","target":["https:\/\/www.nexoinformativo.mx\/index.php\/2024\/11\/25\/queretaro-reafirma-compromiso-con-la-paz-autoridades-municipales-y-federales-unen-fuerzas\/"]}]},{"@type":"ImageObject","inLanguage":"es","@id":"https:\/\/www.nexoinformativo.mx\/index.php\/2024\/11\/25\/queretaro-reafirma-compromiso-con-la-paz-autoridades-municipales-y-federales-unen-fuerzas\/#primaryimage","url":"https:\/\/www.nexoinformativo.mx\/wp-content\/uploads\/2024\/11\/09aaa752-83e9-424a-81ce-9d5e2a45630e-e1732564856902.jpg","contentUrl":"https:\/\/www.nexoinformativo.mx\/wp-content\/uploads\/2024\/11\/09aaa752-83e9-424a-81ce-9d5e2a45630e-e1732564856902.jpg","width":700,"height":537},{"@type":"BreadcrumbList","@id":"https:\/\/www.nexoinformativo.mx\/index.php\/2024\/11\/25\/queretaro-reafirma-compromiso-con-la-paz-autoridades-municipales-y-federales-unen-fuerzas\/#breadcrumb","itemListElement":[{"@type":"ListItem","position":1,"name":"Inicio","item":"https:\/\/www.nexoinformativo.mx\/"},{"@type":"ListItem","position":2,"name":"Quer\u00e9taro reafirma compromiso con la paz: autoridades municipales y federales unen fuerzas"}]},{"@type":"WebSite","@id":"https:\/\/www.nexoinformativo.mx\/#website","url":"https:\/\/www.nexoinformativo.mx\/","name":"Nexo Informativo Santiago de Quer\u00e9taro","description":"Explora NexoInformativo y convi\u00e9rtete en parte de una comunidad que valora el conocimiento y la verdad. Tu nexoinformativo es tu puente hacia una comprensi\u00f3n m\u00e1s profunda del mundo que te rodea.","publisher":{"@id":"https:\/\/www.nexoinformativo.mx\/#organization"},"potentialAction":[{"@type":"SearchAction","target":{"@type":"EntryPoint","urlTemplate":"https:\/\/www.nexoinformativo.mx\/?s={search_term_string}"},"query-input":{"@type":"PropertyValueSpecification","valueRequired":true,"valueName":"search_term_string"}}],"inLanguage":"es"},{"@type":"Organization","@id":"https:\/\/www.nexoinformativo.mx\/#organization","name":"Nexo Informativo Santiago de Quer\u00e9taro","url":"https:\/\/www.nexoinformativo.mx\/","logo":{"@type":"ImageObject","inLanguage":"es","@id":"https:\/\/www.nexoinformativo.mx\/#\/schema\/logo\/image\/","url":"https:\/\/www.nexoinformativo.mx\/wp-content\/uploads\/2024\/07\/nexoi-trasparente-2.png","contentUrl":"https:\/\/www.nexoinformativo.mx\/wp-content\/uploads\/2024\/07\/nexoi-trasparente-2.png","width":816,"height":339,"caption":"Nexo Informativo Santiago de Quer\u00e9taro"},"image":{"@id":"https:\/\/www.nexoinformativo.mx\/#\/schema\/logo\/image\/"},"sameAs":["https:\/\/www.facebook.com\/people\/Nexo-Informativo\/61564066885511\/"]},{"@type":"Person","@id":"https:\/\/www.nexoinformativo.mx\/#\/schema\/person\/7749d380ba08c8ca00d7bc76fd907b7d","name":"Nexo Informativo","image":{"@type":"ImageObject","inLanguage":"es","@id":"https:\/\/www.nexoinformativo.mx\/#\/schema\/person\/image\/","url":"https:\/\/secure.gravatar.com\/avatar\/dde2928154642a13d95f87ddf1ea9718fe2b46760a005c53e41ff5ad610704e6?s=96&d=mm&r=g","contentUrl":"https:\/\/secure.gravatar.com\/avatar\/dde2928154642a13d95f87ddf1ea9718fe2b46760a005c53e41ff5ad610704e6?s=96&d=mm&r=g","caption":"Nexo Informativo"},"url":"https:\/\/www.nexoinformativo.mx\/index.php\/author\/edicion\/"}]}},"_links":{"self":[{"href":"https:\/\/www.nexoinformativo.mx\/index.php\/wp-json\/wp\/v2\/posts\/6900","targetHints":{"allow":["GET"]}}],"collection":[{"href":"https:\/\/www.nexoinformativo.mx\/index.php\/wp-json\/wp\/v2\/posts"}],"about":[{"href":"https:\/\/www.nexoinformativo.mx\/index.php\/wp-json\/wp\/v2\/types\/post"}],"author":[{"embeddable":true,"href":"https:\/\/www.nexoinformativo.mx\/index.php\/wp-json\/wp\/v2\/users\/3"}],"replies":[{"embeddable":true,"href":"https:\/\/www.nexoinformativo.mx\/index.php\/wp-json\/wp\/v2\/comments?post=6900"}],"version-history":[{"count":4,"href":"https:\/\/www.nexoinformativo.mx\/index.php\/wp-json\/wp\/v2\/posts\/6900\/revisions"}],"predecessor-version":[{"id":6904,"href":"https:\/\/www.nexoinformativo.mx\/index.php\/wp-json\/wp\/v2\/posts\/6900\/revisions\/6904"}],"wp:featuredmedia":[{"embeddable":true,"href":"https:\/\/www.nexoinformativo.mx\/index.php\/wp-json\/wp\/v2\/media\/6901"}],"wp:attachment":[{"href":"https:\/\/www.nexoinformativo.mx\/index.php\/wp-json\/wp\/v2\/media?parent=6900"}],"wp:term":[{"taxonomy":"category","embeddable":true,"href":"https:\/\/www.nexoinformativo.mx\/index.php\/wp-json\/wp\/v2\/categories?post=6900"},{"taxonomy":"post_tag","embeddable":true,"href":"https:\/\/www.nexoinformativo.mx\/index.php\/wp-json\/wp\/v2\/tags?post=6900"}],"curies":[{"name":"wp","href":"https:\/\/api.w.org\/{rel}","templated":true}]}}