{"id":6906,"date":"2024-11-25T13:00:08","date_gmt":"2024-11-25T19:00:08","guid":{"rendered":"https:\/\/www.nexoinformativo.mx\/?p=6906"},"modified":"2024-11-25T15:03:18","modified_gmt":"2024-11-25T21:03:18","slug":"marco-del-prete-inaugura-summit-sobre-economia-circular-y-posiciona-a-queretaro-como-lider-en-sostenibilidad","status":"publish","type":"post","link":"https:\/\/www.nexoinformativo.mx\/index.php\/2024\/11\/25\/marco-del-prete-inaugura-summit-sobre-economia-circular-y-posiciona-a-queretaro-como-lider-en-sostenibilidad\/","title":{"rendered":"Marco Del Prete inaugura summit sobre econom\u00eda circular y posiciona a Quer\u00e9taro como l\u00edder en sostenibilidad"},"content":{"rendered":"<p style=\"text-align: justify;\" data-sourcepos=\"9:1-9:415\">Quer\u00e9taro se posiciona como un referente nacional en materia de sostenibilidad y econom\u00eda circular. El titular de la Secretar\u00eda de Desarrollo Sustentable (SEDESU), Marco Antonio Del Prete, inaugur\u00f3 <strong>el CO2 &amp; Circular Economy Business Summit 2024.<\/strong><\/p>\n<p>&nbsp;<\/p>\n<p style=\"text-align: justify;\" data-sourcepos=\"9:1-9:415\">Un evento que re\u00fane a empresas, expertos y tomadores de decisiones para impulsar la adopci\u00f3n de pr\u00e1cticas m\u00e1s sostenibles en la regi\u00f3n.\u00a0Del Prete Tercero destac\u00f3 que Quer\u00e9taro cuenta con una agenda ambiental clara y ambiciosa, enfocada en la descarbonizaci\u00f3n y la econom\u00eda circular.<\/p>\n<p>&nbsp;<\/p>\n<p style=\"text-align: justify;\" data-sourcepos=\"13:1-13:303\">El Sello Estatal, una iniciativa que premia a las empresas que implementan proyectos sostenibles en la Sierra Gorda, es un ejemplo del compromiso del estado con la protecci\u00f3n del medio ambiente. Al mismo tiempo, esta iniciativa demuestra que la sostenibilidad puede ser un motor de desarrollo econ\u00f3mico.<\/p>\n<p>&nbsp;<\/p>\n<p style=\"text-align: justify;\" data-sourcepos=\"15:1-15:220\">Por su parte, Ra\u00fal Lizarriturri, presidente del Cl\u00faster Automotriz, resalt\u00f3 la importancia de este tipo de eventos para conectar a las empresas con proveedores de soluciones sostenibles y fomentar la innovaci\u00f3n.<\/p>\n<p>&nbsp;<\/p>\n<p style=\"text-align: justify;\" data-sourcepos=\"17:1-17:242\">Celia Pigueron, subdirectora de Riesgos Clim\u00e1ticos de la <strong>SEMARNAT<\/strong>, destac\u00f3 el papel de Quer\u00e9taro en las iniciativas de econom\u00eda circular a nivel nacional y subray\u00f3 la necesidad de soluciones sist\u00e9micas para enfrentar el cambio clim\u00e1tico.<\/p>\n<p>&nbsp;<\/p>\n<p style=\"text-align: justify;\" data-sourcepos=\"19:1-19:190\">Con este summit, Quer\u00e9taro reafirma su compromiso con la sostenibilidad y se consolida como un referente en la transici\u00f3n hacia una econom\u00eda m\u00e1s circular y responsable con el medio ambiente.<\/p>\n<p>&nbsp;<\/p>\n<p style=\"text-align: center;\" data-sourcepos=\"19:1-19:190\"><em><strong>\u00a1Informaci\u00f3n que transforma!<\/strong><\/em><\/p>\n","protected":false},"excerpt":{"rendered":"<p>Quer\u00e9taro se posiciona como un referente nacional en materia de sostenibilidad y econom\u00eda circular.<\/p>\n","protected":false},"author":3,"featured_media":6907,"comment_status":"open","ping_status":"open","sticky":false,"template":"","format":"standard","meta":{"footnotes":""},"categories":[42,58],"tags":[2336,2335,958,1451],"class_list":["post-6906","post","type-post","status-publish","format-standard","has-post-thumbnail","hentry","category-estado","category-ultima-hora","tag-co2summit","tag-economiacircular","tag-queretaroverde","tag-sostenibilidad"],"yoast_head":"<!-- This site is optimized with the Yoast SEO plugin v25.0 - https:\/\/yoast.com\/wordpress\/plugins\/seo\/ -->\n<title>Marco Del Prete inaugura summit sobre econom\u00eda circular y posiciona a Quer\u00e9taro como l\u00edder en sostenibilidad | Nexo Informativo Santiago de Quer\u00e9taro<\/title>\n<meta name=\"description\" content=\"Marco Del Prete inaugura summit sobre econom\u00eda circular y posiciona a Quer\u00e9taro como l\u00edder en sostenibilidad\" \/>\n<meta name=\"robots\" content=\"index, follow, max-snippet:-1, max-image-preview:large, max-video-preview:-1\" \/>\n<link rel=\"canonical\" href=\"https:\/\/www.nexoinformativo.mx\/index.php\/2024\/11\/25\/marco-del-prete-inaugura-summit-sobre-economia-circular-y-posiciona-a-queretaro-como-lider-en-sostenibilidad\/\" \/>\n<meta property=\"og:locale\" content=\"es_MX\" \/>\n<meta property=\"og:type\" content=\"article\" \/>\n<meta property=\"og:title\" content=\"Marco Del Prete inaugura summit sobre econom\u00eda circular y posiciona a Quer\u00e9taro como l\u00edder en sostenibilidad | Nexo Informativo Santiago de Quer\u00e9taro\" \/>\n<meta property=\"og:description\" content=\"Marco Del Prete inaugura summit sobre econom\u00eda circular y posiciona a Quer\u00e9taro como l\u00edder en sostenibilidad\" \/>\n<meta property=\"og:url\" content=\"https:\/\/www.nexoinformativo.mx\/index.php\/2024\/11\/25\/marco-del-prete-inaugura-summit-sobre-economia-circular-y-posiciona-a-queretaro-como-lider-en-sostenibilidad\/\" \/>\n<meta property=\"og:site_name\" content=\"Nexo Informativo Santiago de Quer\u00e9taro\" \/>\n<meta property=\"article:publisher\" content=\"https:\/\/www.facebook.com\/people\/Nexo-Informativo\/61564066885511\/\" \/>\n<meta property=\"article:published_time\" content=\"2024-11-25T19:00:08+00:00\" \/>\n<meta property=\"article:modified_time\" content=\"2024-11-25T21:03:18+00:00\" \/>\n<meta property=\"og:image\" content=\"https:\/\/www.nexoinformativo.mx\/wp-content\/uploads\/2024\/11\/PHOTO-2024-11-25-15-00-15-e1732568473479.jpg\" \/>\n\t<meta property=\"og:image:width\" content=\"800\" \/>\n\t<meta property=\"og:image:height\" content=\"528\" \/>\n\t<meta property=\"og:image:type\" content=\"image\/jpeg\" \/>\n<meta name=\"author\" content=\"Nexo Informativo\" \/>\n<meta name=\"twitter:card\" content=\"summary_large_image\" \/>\n<meta name=\"twitter:label1\" content=\"Escrito por\" \/>\n\t<meta name=\"twitter:data1\" content=\"Nexo Informativo\" \/>\n\t<meta name=\"twitter:label2\" content=\"Tiempo de lectura\" \/>\n\t<meta name=\"twitter:data2\" content=\"2 minutos\" \/>\n<script type=\"application\/ld+json\" class=\"yoast-schema-graph\">{\"@context\":\"https:\/\/schema.org\",\"@graph\":[{\"@type\":\"Article\",\"@id\":\"https:\/\/www.nexoinformativo.mx\/index.php\/2024\/11\/25\/marco-del-prete-inaugura-summit-sobre-economia-circular-y-posiciona-a-queretaro-como-lider-en-sostenibilidad\/#article\",\"isPartOf\":{\"@id\":\"https:\/\/www.nexoinformativo.mx\/index.php\/2024\/11\/25\/marco-del-prete-inaugura-summit-sobre-economia-circular-y-posiciona-a-queretaro-como-lider-en-sostenibilidad\/\"},\"author\":{\"name\":\"Nexo Informativo\",\"@id\":\"https:\/\/www.nexoinformativo.mx\/#\/schema\/person\/7749d380ba08c8ca00d7bc76fd907b7d\"},\"headline\":\"Marco Del Prete inaugura summit sobre econom\u00eda circular y posiciona a Quer\u00e9taro como l\u00edder en sostenibilidad\",\"datePublished\":\"2024-11-25T19:00:08+00:00\",\"dateModified\":\"2024-11-25T21:03:18+00:00\",\"mainEntityOfPage\":{\"@id\":\"https:\/\/www.nexoinformativo.mx\/index.php\/2024\/11\/25\/marco-del-prete-inaugura-summit-sobre-economia-circular-y-posiciona-a-queretaro-como-lider-en-sostenibilidad\/\"},\"wordCount\":276,\"commentCount\":0,\"publisher\":{\"@id\":\"https:\/\/www.nexoinformativo.mx\/#organization\"},\"image\":{\"@id\":\"https:\/\/www.nexoinformativo.mx\/index.php\/2024\/11\/25\/marco-del-prete-inaugura-summit-sobre-economia-circular-y-posiciona-a-queretaro-como-lider-en-sostenibilidad\/#primaryimage\"},\"thumbnailUrl\":\"https:\/\/www.nexoinformativo.mx\/wp-content\/uploads\/2024\/11\/PHOTO-2024-11-25-15-00-15-e1732568473479.jpg\",\"keywords\":[\"CO2Summit\",\"Econom\u00edaCircular\",\"Quer\u00e9taroVerde\",\"Sostenibilidad\"],\"articleSection\":[\"Estado\",\"\u00daltima Hora\"],\"inLanguage\":\"es\",\"potentialAction\":[{\"@type\":\"CommentAction\",\"name\":\"Comment\",\"target\":[\"https:\/\/www.nexoinformativo.mx\/index.php\/2024\/11\/25\/marco-del-prete-inaugura-summit-sobre-economia-circular-y-posiciona-a-queretaro-como-lider-en-sostenibilidad\/#respond\"]}]},{\"@type\":\"WebPage\",\"@id\":\"https:\/\/www.nexoinformativo.mx\/index.php\/2024\/11\/25\/marco-del-prete-inaugura-summit-sobre-economia-circular-y-posiciona-a-queretaro-como-lider-en-sostenibilidad\/\",\"url\":\"https:\/\/www.nexoinformativo.mx\/index.php\/2024\/11\/25\/marco-del-prete-inaugura-summit-sobre-economia-circular-y-posiciona-a-queretaro-como-lider-en-sostenibilidad\/\",\"name\":\"Marco Del Prete inaugura summit sobre econom\u00eda circular y posiciona a Quer\u00e9taro como l\u00edder en sostenibilidad | Nexo Informativo Santiago de Quer\u00e9taro\",\"isPartOf\":{\"@id\":\"https:\/\/www.nexoinformativo.mx\/#website\"},\"primaryImageOfPage\":{\"@id\":\"https:\/\/www.nexoinformativo.mx\/index.php\/2024\/11\/25\/marco-del-prete-inaugura-summit-sobre-economia-circular-y-posiciona-a-queretaro-como-lider-en-sostenibilidad\/#primaryimage\"},\"image\":{\"@id\":\"https:\/\/www.nexoinformativo.mx\/index.php\/2024\/11\/25\/marco-del-prete-inaugura-summit-sobre-economia-circular-y-posiciona-a-queretaro-como-lider-en-sostenibilidad\/#primaryimage\"},\"thumbnailUrl\":\"https:\/\/www.nexoinformativo.mx\/wp-content\/uploads\/2024\/11\/PHOTO-2024-11-25-15-00-15-e1732568473479.jpg\",\"datePublished\":\"2024-11-25T19:00:08+00:00\",\"dateModified\":\"2024-11-25T21:03:18+00:00\",\"description\":\"Marco Del Prete inaugura summit sobre econom\u00eda circular y posiciona a Quer\u00e9taro como l\u00edder en sostenibilidad\",\"breadcrumb\":{\"@id\":\"https:\/\/www.nexoinformativo.mx\/index.php\/2024\/11\/25\/marco-del-prete-inaugura-summit-sobre-economia-circular-y-posiciona-a-queretaro-como-lider-en-sostenibilidad\/#breadcrumb\"},\"inLanguage\":\"es\",\"potentialAction\":[{\"@type\":\"ReadAction\",\"target\":[\"https:\/\/www.nexoinformativo.mx\/index.php\/2024\/11\/25\/marco-del-prete-inaugura-summit-sobre-economia-circular-y-posiciona-a-queretaro-como-lider-en-sostenibilidad\/\"]}]},{\"@type\":\"ImageObject\",\"inLanguage\":\"es\",\"@id\":\"https:\/\/www.nexoinformativo.mx\/index.php\/2024\/11\/25\/marco-del-prete-inaugura-summit-sobre-economia-circular-y-posiciona-a-queretaro-como-lider-en-sostenibilidad\/#primaryimage\",\"url\":\"https:\/\/www.nexoinformativo.mx\/wp-content\/uploads\/2024\/11\/PHOTO-2024-11-25-15-00-15-e1732568473479.jpg\",\"contentUrl\":\"https:\/\/www.nexoinformativo.mx\/wp-content\/uploads\/2024\/11\/PHOTO-2024-11-25-15-00-15-e1732568473479.jpg\",\"width\":800,\"height\":528},{\"@type\":\"BreadcrumbList\",\"@id\":\"https:\/\/www.nexoinformativo.mx\/index.php\/2024\/11\/25\/marco-del-prete-inaugura-summit-sobre-economia-circular-y-posiciona-a-queretaro-como-lider-en-sostenibilidad\/#breadcrumb\",\"itemListElement\":[{\"@type\":\"ListItem\",\"position\":1,\"name\":\"Inicio\",\"item\":\"https:\/\/www.nexoinformativo.mx\/\"},{\"@type\":\"ListItem\",\"position\":2,\"name\":\"Marco Del Prete inaugura summit sobre econom\u00eda circular y posiciona a Quer\u00e9taro como l\u00edder en sostenibilidad\"}]},{\"@type\":\"WebSite\",\"@id\":\"https:\/\/www.nexoinformativo.mx\/#website\",\"url\":\"https:\/\/www.nexoinformativo.mx\/\",\"name\":\"Nexo Informativo Santiago de Quer\u00e9taro\",\"description\":\"Explora NexoInformativo y convi\u00e9rtete en parte de una comunidad que valora el conocimiento y la verdad. Tu nexoinformativo es tu puente hacia una comprensi\u00f3n m\u00e1s profunda del mundo que te rodea.\",\"publisher\":{\"@id\":\"https:\/\/www.nexoinformativo.mx\/#organization\"},\"potentialAction\":[{\"@type\":\"SearchAction\",\"target\":{\"@type\":\"EntryPoint\",\"urlTemplate\":\"https:\/\/www.nexoinformativo.mx\/?s={search_term_string}\"},\"query-input\":{\"@type\":\"PropertyValueSpecification\",\"valueRequired\":true,\"valueName\":\"search_term_string\"}}],\"inLanguage\":\"es\"},{\"@type\":\"Organization\",\"@id\":\"https:\/\/www.nexoinformativo.mx\/#organization\",\"name\":\"Nexo Informativo Santiago de Quer\u00e9taro\",\"url\":\"https:\/\/www.nexoinformativo.mx\/\",\"logo\":{\"@type\":\"ImageObject\",\"inLanguage\":\"es\",\"@id\":\"https:\/\/www.nexoinformativo.mx\/#\/schema\/logo\/image\/\",\"url\":\"https:\/\/www.nexoinformativo.mx\/wp-content\/uploads\/2024\/07\/nexoi-trasparente-2.png\",\"contentUrl\":\"https:\/\/www.nexoinformativo.mx\/wp-content\/uploads\/2024\/07\/nexoi-trasparente-2.png\",\"width\":816,\"height\":339,\"caption\":\"Nexo Informativo Santiago de Quer\u00e9taro\"},\"image\":{\"@id\":\"https:\/\/www.nexoinformativo.mx\/#\/schema\/logo\/image\/\"},\"sameAs\":[\"https:\/\/www.facebook.com\/people\/Nexo-Informativo\/61564066885511\/\"]},{\"@type\":\"Person\",\"@id\":\"https:\/\/www.nexoinformativo.mx\/#\/schema\/person\/7749d380ba08c8ca00d7bc76fd907b7d\",\"name\":\"Nexo Informativo\",\"image\":{\"@type\":\"ImageObject\",\"inLanguage\":\"es\",\"@id\":\"https:\/\/www.nexoinformativo.mx\/#\/schema\/person\/image\/\",\"url\":\"https:\/\/secure.gravatar.com\/avatar\/dde2928154642a13d95f87ddf1ea9718fe2b46760a005c53e41ff5ad610704e6?s=96&d=mm&r=g\",\"contentUrl\":\"https:\/\/secure.gravatar.com\/avatar\/dde2928154642a13d95f87ddf1ea9718fe2b46760a005c53e41ff5ad610704e6?s=96&d=mm&r=g\",\"caption\":\"Nexo Informativo\"},\"url\":\"https:\/\/www.nexoinformativo.mx\/index.php\/author\/edicion\/\"}]}<\/script>\n<!-- \/ Yoast SEO plugin. -->","yoast_head_json":{"title":"Marco Del Prete inaugura summit sobre econom\u00eda circular y posiciona a Quer\u00e9taro como l\u00edder en sostenibilidad | Nexo Informativo Santiago de Quer\u00e9taro","description":"Marco Del Prete inaugura summit sobre econom\u00eda circular y posiciona a Quer\u00e9taro como l\u00edder en sostenibilidad","robots":{"index":"index","follow":"follow","max-snippet":"max-snippet:-1","max-image-preview":"max-image-preview:large","max-video-preview":"max-video-preview:-1"},"canonical":"https:\/\/www.nexoinformativo.mx\/index.php\/2024\/11\/25\/marco-del-prete-inaugura-summit-sobre-economia-circular-y-posiciona-a-queretaro-como-lider-en-sostenibilidad\/","og_locale":"es_MX","og_type":"article","og_title":"Marco Del Prete inaugura summit sobre econom\u00eda circular y posiciona a Quer\u00e9taro como l\u00edder en sostenibilidad | Nexo Informativo Santiago de Quer\u00e9taro","og_description":"Marco Del Prete inaugura summit sobre econom\u00eda circular y posiciona a Quer\u00e9taro como l\u00edder en sostenibilidad","og_url":"https:\/\/www.nexoinformativo.mx\/index.php\/2024\/11\/25\/marco-del-prete-inaugura-summit-sobre-economia-circular-y-posiciona-a-queretaro-como-lider-en-sostenibilidad\/","og_site_name":"Nexo Informativo Santiago de Quer\u00e9taro","article_publisher":"https:\/\/www.facebook.com\/people\/Nexo-Informativo\/61564066885511\/","article_published_time":"2024-11-25T19:00:08+00:00","article_modified_time":"2024-11-25T21:03:18+00:00","og_image":[{"width":800,"height":528,"url":"https:\/\/www.nexoinformativo.mx\/wp-content\/uploads\/2024\/11\/PHOTO-2024-11-25-15-00-15-e1732568473479.jpg","type":"image\/jpeg"}],"author":"Nexo Informativo","twitter_card":"summary_large_image","twitter_misc":{"Escrito por":"Nexo Informativo","Tiempo de lectura":"2 minutos"},"schema":{"@context":"https:\/\/schema.org","@graph":[{"@type":"Article","@id":"https:\/\/www.nexoinformativo.mx\/index.php\/2024\/11\/25\/marco-del-prete-inaugura-summit-sobre-economia-circular-y-posiciona-a-queretaro-como-lider-en-sostenibilidad\/#article","isPartOf":{"@id":"https:\/\/www.nexoinformativo.mx\/index.php\/2024\/11\/25\/marco-del-prete-inaugura-summit-sobre-economia-circular-y-posiciona-a-queretaro-como-lider-en-sostenibilidad\/"},"author":{"name":"Nexo Informativo","@id":"https:\/\/www.nexoinformativo.mx\/#\/schema\/person\/7749d380ba08c8ca00d7bc76fd907b7d"},"headline":"Marco Del Prete inaugura summit sobre econom\u00eda circular y posiciona a Quer\u00e9taro como l\u00edder en sostenibilidad","datePublished":"2024-11-25T19:00:08+00:00","dateModified":"2024-11-25T21:03:18+00:00","mainEntityOfPage":{"@id":"https:\/\/www.nexoinformativo.mx\/index.php\/2024\/11\/25\/marco-del-prete-inaugura-summit-sobre-economia-circular-y-posiciona-a-queretaro-como-lider-en-sostenibilidad\/"},"wordCount":276,"commentCount":0,"publisher":{"@id":"https:\/\/www.nexoinformativo.mx\/#organization"},"image":{"@id":"https:\/\/www.nexoinformativo.mx\/index.php\/2024\/11\/25\/marco-del-prete-inaugura-summit-sobre-economia-circular-y-posiciona-a-queretaro-como-lider-en-sostenibilidad\/#primaryimage"},"thumbnailUrl":"https:\/\/www.nexoinformativo.mx\/wp-content\/uploads\/2024\/11\/PHOTO-2024-11-25-15-00-15-e1732568473479.jpg","keywords":["CO2Summit","Econom\u00edaCircular","Quer\u00e9taroVerde","Sostenibilidad"],"articleSection":["Estado","\u00daltima Hora"],"inLanguage":"es","potentialAction":[{"@type":"CommentAction","name":"Comment","target":["https:\/\/www.nexoinformativo.mx\/index.php\/2024\/11\/25\/marco-del-prete-inaugura-summit-sobre-economia-circular-y-posiciona-a-queretaro-como-lider-en-sostenibilidad\/#respond"]}]},{"@type":"WebPage","@id":"https:\/\/www.nexoinformativo.mx\/index.php\/2024\/11\/25\/marco-del-prete-inaugura-summit-sobre-economia-circular-y-posiciona-a-queretaro-como-lider-en-sostenibilidad\/","url":"https:\/\/www.nexoinformativo.mx\/index.php\/2024\/11\/25\/marco-del-prete-inaugura-summit-sobre-economia-circular-y-posiciona-a-queretaro-como-lider-en-sostenibilidad\/","name":"Marco Del Prete inaugura summit sobre econom\u00eda circular y posiciona a Quer\u00e9taro como l\u00edder en sostenibilidad | Nexo Informativo Santiago de Quer\u00e9taro","isPartOf":{"@id":"https:\/\/www.nexoinformativo.mx\/#website"},"primaryImageOfPage":{"@id":"https:\/\/www.nexoinformativo.mx\/index.php\/2024\/11\/25\/marco-del-prete-inaugura-summit-sobre-economia-circular-y-posiciona-a-queretaro-como-lider-en-sostenibilidad\/#primaryimage"},"image":{"@id":"https:\/\/www.nexoinformativo.mx\/index.php\/2024\/11\/25\/marco-del-prete-inaugura-summit-sobre-economia-circular-y-posiciona-a-queretaro-como-lider-en-sostenibilidad\/#primaryimage"},"thumbnailUrl":"https:\/\/www.nexoinformativo.mx\/wp-content\/uploads\/2024\/11\/PHOTO-2024-11-25-15-00-15-e1732568473479.jpg","datePublished":"2024-11-25T19:00:08+00:00","dateModified":"2024-11-25T21:03:18+00:00","description":"Marco Del Prete inaugura summit sobre econom\u00eda circular y posiciona a Quer\u00e9taro como l\u00edder en sostenibilidad","breadcrumb":{"@id":"https:\/\/www.nexoinformativo.mx\/index.php\/2024\/11\/25\/marco-del-prete-inaugura-summit-sobre-economia-circular-y-posiciona-a-queretaro-como-lider-en-sostenibilidad\/#breadcrumb"},"inLanguage":"es","potentialAction":[{"@type":"ReadAction","target":["https:\/\/www.nexoinformativo.mx\/index.php\/2024\/11\/25\/marco-del-prete-inaugura-summit-sobre-economia-circular-y-posiciona-a-queretaro-como-lider-en-sostenibilidad\/"]}]},{"@type":"ImageObject","inLanguage":"es","@id":"https:\/\/www.nexoinformativo.mx\/index.php\/2024\/11\/25\/marco-del-prete-inaugura-summit-sobre-economia-circular-y-posiciona-a-queretaro-como-lider-en-sostenibilidad\/#primaryimage","url":"https:\/\/www.nexoinformativo.mx\/wp-content\/uploads\/2024\/11\/PHOTO-2024-11-25-15-00-15-e1732568473479.jpg","contentUrl":"https:\/\/www.nexoinformativo.mx\/wp-content\/uploads\/2024\/11\/PHOTO-2024-11-25-15-00-15-e1732568473479.jpg","width":800,"height":528},{"@type":"BreadcrumbList","@id":"https:\/\/www.nexoinformativo.mx\/index.php\/2024\/11\/25\/marco-del-prete-inaugura-summit-sobre-economia-circular-y-posiciona-a-queretaro-como-lider-en-sostenibilidad\/#breadcrumb","itemListElement":[{"@type":"ListItem","position":1,"name":"Inicio","item":"https:\/\/www.nexoinformativo.mx\/"},{"@type":"ListItem","position":2,"name":"Marco Del Prete inaugura summit sobre econom\u00eda circular y posiciona a Quer\u00e9taro como l\u00edder en sostenibilidad"}]},{"@type":"WebSite","@id":"https:\/\/www.nexoinformativo.mx\/#website","url":"https:\/\/www.nexoinformativo.mx\/","name":"Nexo Informativo Santiago de Quer\u00e9taro","description":"Explora NexoInformativo y convi\u00e9rtete en parte de una comunidad que valora el conocimiento y la verdad. Tu nexoinformativo es tu puente hacia una comprensi\u00f3n m\u00e1s profunda del mundo que te rodea.","publisher":{"@id":"https:\/\/www.nexoinformativo.mx\/#organization"},"potentialAction":[{"@type":"SearchAction","target":{"@type":"EntryPoint","urlTemplate":"https:\/\/www.nexoinformativo.mx\/?s={search_term_string}"},"query-input":{"@type":"PropertyValueSpecification","valueRequired":true,"valueName":"search_term_string"}}],"inLanguage":"es"},{"@type":"Organization","@id":"https:\/\/www.nexoinformativo.mx\/#organization","name":"Nexo Informativo Santiago de Quer\u00e9taro","url":"https:\/\/www.nexoinformativo.mx\/","logo":{"@type":"ImageObject","inLanguage":"es","@id":"https:\/\/www.nexoinformativo.mx\/#\/schema\/logo\/image\/","url":"https:\/\/www.nexoinformativo.mx\/wp-content\/uploads\/2024\/07\/nexoi-trasparente-2.png","contentUrl":"https:\/\/www.nexoinformativo.mx\/wp-content\/uploads\/2024\/07\/nexoi-trasparente-2.png","width":816,"height":339,"caption":"Nexo Informativo Santiago de Quer\u00e9taro"},"image":{"@id":"https:\/\/www.nexoinformativo.mx\/#\/schema\/logo\/image\/"},"sameAs":["https:\/\/www.facebook.com\/people\/Nexo-Informativo\/61564066885511\/"]},{"@type":"Person","@id":"https:\/\/www.nexoinformativo.mx\/#\/schema\/person\/7749d380ba08c8ca00d7bc76fd907b7d","name":"Nexo Informativo","image":{"@type":"ImageObject","inLanguage":"es","@id":"https:\/\/www.nexoinformativo.mx\/#\/schema\/person\/image\/","url":"https:\/\/secure.gravatar.com\/avatar\/dde2928154642a13d95f87ddf1ea9718fe2b46760a005c53e41ff5ad610704e6?s=96&d=mm&r=g","contentUrl":"https:\/\/secure.gravatar.com\/avatar\/dde2928154642a13d95f87ddf1ea9718fe2b46760a005c53e41ff5ad610704e6?s=96&d=mm&r=g","caption":"Nexo Informativo"},"url":"https:\/\/www.nexoinformativo.mx\/index.php\/author\/edicion\/"}]}},"_links":{"self":[{"href":"https:\/\/www.nexoinformativo.mx\/index.php\/wp-json\/wp\/v2\/posts\/6906","targetHints":{"allow":["GET"]}}],"collection":[{"href":"https:\/\/www.nexoinformativo.mx\/index.php\/wp-json\/wp\/v2\/posts"}],"about":[{"href":"https:\/\/www.nexoinformativo.mx\/index.php\/wp-json\/wp\/v2\/types\/post"}],"author":[{"embeddable":true,"href":"https:\/\/www.nexoinformativo.mx\/index.php\/wp-json\/wp\/v2\/users\/3"}],"replies":[{"embeddable":true,"href":"https:\/\/www.nexoinformativo.mx\/index.php\/wp-json\/wp\/v2\/comments?post=6906"}],"version-history":[{"count":5,"href":"https:\/\/www.nexoinformativo.mx\/index.php\/wp-json\/wp\/v2\/posts\/6906\/revisions"}],"predecessor-version":[{"id":6910,"href":"https:\/\/www.nexoinformativo.mx\/index.php\/wp-json\/wp\/v2\/posts\/6906\/revisions\/6910"}],"wp:featuredmedia":[{"embeddable":true,"href":"https:\/\/www.nexoinformativo.mx\/index.php\/wp-json\/wp\/v2\/media\/6907"}],"wp:attachment":[{"href":"https:\/\/www.nexoinformativo.mx\/index.php\/wp-json\/wp\/v2\/media?parent=6906"}],"wp:term":[{"taxonomy":"category","embeddable":true,"href":"https:\/\/www.nexoinformativo.mx\/index.php\/wp-json\/wp\/v2\/categories?post=6906"},{"taxonomy":"post_tag","embeddable":true,"href":"https:\/\/www.nexoinformativo.mx\/index.php\/wp-json\/wp\/v2\/tags?post=6906"}],"curies":[{"name":"wp","href":"https:\/\/api.w.org\/{rel}","templated":true}]}}