{"id":6918,"date":"2024-11-25T15:00:45","date_gmt":"2024-11-25T21:00:45","guid":{"rendered":"https:\/\/www.nexoinformativo.mx\/?p=6918"},"modified":"2024-11-25T18:02:59","modified_gmt":"2024-11-26T00:02:59","slug":"mauricio-kuri-firma-acuerdo-nacional-por-el-derecho-humano-al-agua-y-la-sustentabilidad","status":"publish","type":"post","link":"https:\/\/www.nexoinformativo.mx\/index.php\/2024\/11\/25\/mauricio-kuri-firma-acuerdo-nacional-por-el-derecho-humano-al-agua-y-la-sustentabilidad\/","title":{"rendered":"Mauricio Kuri firma acuerdo Nacional por el derecho humano al agua y la sustentabilidad"},"content":{"rendered":"<p style=\"text-align: justify;\">El gobernador de Quer\u00e9taro, Mauricio Kuri, particip\u00f3 en la firma del A<strong>cuerdo Nacional por el Derecho Humano al Agua y la Sustentabilidad<\/strong>, una iniciativa del Gobierno de M\u00e9xico como parte del Programa Nacional H\u00eddrico. Este acuerdo busca promover un desarrollo sostenible que valore y proteja el ciclo del agua como un bien nacional y p\u00fablico.<\/p>\n<p>&nbsp;<\/p>\n<p style=\"text-align: justify;\">Durante el evento, la presidenta de M\u00e9xico, Claudia Sheinbaum, destac\u00f3 la colaboraci\u00f3n de autoridades de las 32 entidades federativas, empresarios y representantes de sectores productivos y acad\u00e9micos para garantizar el acceso a agua potable de calidad para todos los mexicanos.<\/p>\n<p>&nbsp;<\/p>\n<p style=\"text-align: justify;\">El director de CONAGUA, Efra\u00edn Morales, explic\u00f3 que el convenio incluye la elaboraci\u00f3n de un plan maestro en infraestructura hidr\u00e1ulica, financiado por programas federalizados y recursos estatales y federales.<\/p>\n<p>&nbsp;<\/p>\n<p style=\"text-align: justify;\">El acuerdo tambi\u00e9n contempla la eficiencia en el uso del agua en procesos productivos, la colaboraci\u00f3n entre sectores p\u00fablico, privado y social, y la implementaci\u00f3n de un programa de digitalizaci\u00f3n y simplificaci\u00f3n de tr\u00e1mites para una gesti\u00f3n m\u00e1s eficaz y transparente.<\/p>\n<p>&nbsp;<\/p>\n<p style=\"text-align: justify;\">Adem\u00e1s, se promover\u00e1 la innovaci\u00f3n tecnol\u00f3gica para el tratamiento, re\u00faso y potabilizaci\u00f3n del agua, y se llevar\u00e1n a cabo medidas de adaptaci\u00f3n y mitigaci\u00f3n frente al cambio clim\u00e1tico.<\/p>\n<p>&nbsp;<\/p>\n<p style=\"text-align: justify;\">Entre los compromisos del acuerdo se incluye evitar la contaminaci\u00f3n de cuencas, r\u00edos y mares, y contribuir a su restauraci\u00f3n y saneamiento, as\u00ed como implementar una campa\u00f1a permanente de concientizaci\u00f3n sobre el uso y cuidado del agua.<\/p>\n<p>&nbsp;<\/p>\n<p style=\"text-align: center;\"><em><strong>\u00a1Informaci\u00f3n que transforma!<\/strong><\/em><\/p>\n","protected":false},"excerpt":{"rendered":"<p>El gobernador de Quer\u00e9taro, Mauricio Kuri, particip\u00f3 en la firma del Acuerdo Nacional por el Derecho Humano al Agua y la Sustentabilidad, una iniciativa del Gobierno de M\u00e9xico como parte del Programa Nacional H\u00eddrico.<\/p>\n","protected":false},"author":3,"featured_media":6923,"comment_status":"open","ping_status":"open","sticky":false,"template":"","format":"standard","meta":{"footnotes":""},"categories":[42,58],"tags":[1366,2340,1060,1841],"class_list":["post-6918","post","type-post","status-publish","format-standard","has-post-thumbnail","hentry","category-estado","category-ultima-hora","tag-aguaparatodos","tag-derechoalagua","tag-desarrollosostenible","tag-sustentabilidad"],"yoast_head":"<!-- This site is optimized with the Yoast SEO plugin v25.0 - https:\/\/yoast.com\/wordpress\/plugins\/seo\/ -->\n<title>Mauricio Kuri firma acuerdo Nacional por el derecho humano al agua y la sustentabilidad | Nexo Informativo Santiago de Quer\u00e9taro<\/title>\n<meta name=\"description\" content=\"Mauricio Kuri firma acuerdo Nacional por el derecho humano al agua y la sustentabilidad\" \/>\n<meta name=\"robots\" content=\"index, follow, max-snippet:-1, max-image-preview:large, max-video-preview:-1\" \/>\n<link rel=\"canonical\" href=\"https:\/\/www.nexoinformativo.mx\/index.php\/2024\/11\/25\/mauricio-kuri-firma-acuerdo-nacional-por-el-derecho-humano-al-agua-y-la-sustentabilidad\/\" \/>\n<meta property=\"og:locale\" content=\"es_MX\" \/>\n<meta property=\"og:type\" content=\"article\" \/>\n<meta property=\"og:title\" content=\"Mauricio Kuri firma acuerdo Nacional por el derecho humano al agua y la sustentabilidad | Nexo Informativo Santiago de Quer\u00e9taro\" \/>\n<meta property=\"og:description\" content=\"Mauricio Kuri firma acuerdo Nacional por el derecho humano al agua y la sustentabilidad\" \/>\n<meta property=\"og:url\" content=\"https:\/\/www.nexoinformativo.mx\/index.php\/2024\/11\/25\/mauricio-kuri-firma-acuerdo-nacional-por-el-derecho-humano-al-agua-y-la-sustentabilidad\/\" \/>\n<meta property=\"og:site_name\" content=\"Nexo Informativo Santiago de Quer\u00e9taro\" \/>\n<meta property=\"article:publisher\" content=\"https:\/\/www.facebook.com\/people\/Nexo-Informativo\/61564066885511\/\" \/>\n<meta property=\"article:published_time\" content=\"2024-11-25T21:00:45+00:00\" \/>\n<meta property=\"article:modified_time\" content=\"2024-11-26T00:02:59+00:00\" \/>\n<meta property=\"og:image\" content=\"https:\/\/www.nexoinformativo.mx\/wp-content\/uploads\/2024\/11\/d7849bdb-513b-4ec0-b6f0-a0718038460f-e1732579370456.jpg\" \/>\n\t<meta property=\"og:image:width\" content=\"700\" \/>\n\t<meta property=\"og:image:height\" content=\"466\" \/>\n\t<meta property=\"og:image:type\" content=\"image\/jpeg\" \/>\n<meta name=\"author\" content=\"Nexo Informativo\" \/>\n<meta name=\"twitter:card\" content=\"summary_large_image\" \/>\n<meta name=\"twitter:label1\" content=\"Escrito por\" \/>\n\t<meta name=\"twitter:data1\" content=\"Nexo Informativo\" \/>\n\t<meta name=\"twitter:label2\" content=\"Tiempo de lectura\" \/>\n\t<meta name=\"twitter:data2\" content=\"2 minutos\" \/>\n<script type=\"application\/ld+json\" class=\"yoast-schema-graph\">{\"@context\":\"https:\/\/schema.org\",\"@graph\":[{\"@type\":\"Article\",\"@id\":\"https:\/\/www.nexoinformativo.mx\/index.php\/2024\/11\/25\/mauricio-kuri-firma-acuerdo-nacional-por-el-derecho-humano-al-agua-y-la-sustentabilidad\/#article\",\"isPartOf\":{\"@id\":\"https:\/\/www.nexoinformativo.mx\/index.php\/2024\/11\/25\/mauricio-kuri-firma-acuerdo-nacional-por-el-derecho-humano-al-agua-y-la-sustentabilidad\/\"},\"author\":{\"name\":\"Nexo Informativo\",\"@id\":\"https:\/\/www.nexoinformativo.mx\/#\/schema\/person\/7749d380ba08c8ca00d7bc76fd907b7d\"},\"headline\":\"Mauricio Kuri firma acuerdo Nacional por el derecho humano al agua y la sustentabilidad\",\"datePublished\":\"2024-11-25T21:00:45+00:00\",\"dateModified\":\"2024-11-26T00:02:59+00:00\",\"mainEntityOfPage\":{\"@id\":\"https:\/\/www.nexoinformativo.mx\/index.php\/2024\/11\/25\/mauricio-kuri-firma-acuerdo-nacional-por-el-derecho-humano-al-agua-y-la-sustentabilidad\/\"},\"wordCount\":286,\"commentCount\":0,\"publisher\":{\"@id\":\"https:\/\/www.nexoinformativo.mx\/#organization\"},\"image\":{\"@id\":\"https:\/\/www.nexoinformativo.mx\/index.php\/2024\/11\/25\/mauricio-kuri-firma-acuerdo-nacional-por-el-derecho-humano-al-agua-y-la-sustentabilidad\/#primaryimage\"},\"thumbnailUrl\":\"https:\/\/www.nexoinformativo.mx\/wp-content\/uploads\/2024\/11\/d7849bdb-513b-4ec0-b6f0-a0718038460f-e1732579370456.jpg\",\"keywords\":[\"AguaParaTodos\",\"DerechoAlAgua\",\"DesarrolloSostenible\",\"Sustentabilidad\"],\"articleSection\":[\"Estado\",\"\u00daltima Hora\"],\"inLanguage\":\"es\",\"potentialAction\":[{\"@type\":\"CommentAction\",\"name\":\"Comment\",\"target\":[\"https:\/\/www.nexoinformativo.mx\/index.php\/2024\/11\/25\/mauricio-kuri-firma-acuerdo-nacional-por-el-derecho-humano-al-agua-y-la-sustentabilidad\/#respond\"]}]},{\"@type\":\"WebPage\",\"@id\":\"https:\/\/www.nexoinformativo.mx\/index.php\/2024\/11\/25\/mauricio-kuri-firma-acuerdo-nacional-por-el-derecho-humano-al-agua-y-la-sustentabilidad\/\",\"url\":\"https:\/\/www.nexoinformativo.mx\/index.php\/2024\/11\/25\/mauricio-kuri-firma-acuerdo-nacional-por-el-derecho-humano-al-agua-y-la-sustentabilidad\/\",\"name\":\"Mauricio Kuri firma acuerdo Nacional por el derecho humano al agua y la sustentabilidad | Nexo Informativo Santiago de Quer\u00e9taro\",\"isPartOf\":{\"@id\":\"https:\/\/www.nexoinformativo.mx\/#website\"},\"primaryImageOfPage\":{\"@id\":\"https:\/\/www.nexoinformativo.mx\/index.php\/2024\/11\/25\/mauricio-kuri-firma-acuerdo-nacional-por-el-derecho-humano-al-agua-y-la-sustentabilidad\/#primaryimage\"},\"image\":{\"@id\":\"https:\/\/www.nexoinformativo.mx\/index.php\/2024\/11\/25\/mauricio-kuri-firma-acuerdo-nacional-por-el-derecho-humano-al-agua-y-la-sustentabilidad\/#primaryimage\"},\"thumbnailUrl\":\"https:\/\/www.nexoinformativo.mx\/wp-content\/uploads\/2024\/11\/d7849bdb-513b-4ec0-b6f0-a0718038460f-e1732579370456.jpg\",\"datePublished\":\"2024-11-25T21:00:45+00:00\",\"dateModified\":\"2024-11-26T00:02:59+00:00\",\"description\":\"Mauricio Kuri firma acuerdo Nacional por el derecho humano al agua y la sustentabilidad\",\"breadcrumb\":{\"@id\":\"https:\/\/www.nexoinformativo.mx\/index.php\/2024\/11\/25\/mauricio-kuri-firma-acuerdo-nacional-por-el-derecho-humano-al-agua-y-la-sustentabilidad\/#breadcrumb\"},\"inLanguage\":\"es\",\"potentialAction\":[{\"@type\":\"ReadAction\",\"target\":[\"https:\/\/www.nexoinformativo.mx\/index.php\/2024\/11\/25\/mauricio-kuri-firma-acuerdo-nacional-por-el-derecho-humano-al-agua-y-la-sustentabilidad\/\"]}]},{\"@type\":\"ImageObject\",\"inLanguage\":\"es\",\"@id\":\"https:\/\/www.nexoinformativo.mx\/index.php\/2024\/11\/25\/mauricio-kuri-firma-acuerdo-nacional-por-el-derecho-humano-al-agua-y-la-sustentabilidad\/#primaryimage\",\"url\":\"https:\/\/www.nexoinformativo.mx\/wp-content\/uploads\/2024\/11\/d7849bdb-513b-4ec0-b6f0-a0718038460f-e1732579370456.jpg\",\"contentUrl\":\"https:\/\/www.nexoinformativo.mx\/wp-content\/uploads\/2024\/11\/d7849bdb-513b-4ec0-b6f0-a0718038460f-e1732579370456.jpg\",\"width\":700,\"height\":466},{\"@type\":\"BreadcrumbList\",\"@id\":\"https:\/\/www.nexoinformativo.mx\/index.php\/2024\/11\/25\/mauricio-kuri-firma-acuerdo-nacional-por-el-derecho-humano-al-agua-y-la-sustentabilidad\/#breadcrumb\",\"itemListElement\":[{\"@type\":\"ListItem\",\"position\":1,\"name\":\"Inicio\",\"item\":\"https:\/\/www.nexoinformativo.mx\/\"},{\"@type\":\"ListItem\",\"position\":2,\"name\":\"Mauricio Kuri firma acuerdo Nacional por el derecho humano al agua y la sustentabilidad\"}]},{\"@type\":\"WebSite\",\"@id\":\"https:\/\/www.nexoinformativo.mx\/#website\",\"url\":\"https:\/\/www.nexoinformativo.mx\/\",\"name\":\"Nexo Informativo Santiago de Quer\u00e9taro\",\"description\":\"Explora NexoInformativo y convi\u00e9rtete en parte de una comunidad que valora el conocimiento y la verdad. Tu nexoinformativo es tu puente hacia una comprensi\u00f3n m\u00e1s profunda del mundo que te rodea.\",\"publisher\":{\"@id\":\"https:\/\/www.nexoinformativo.mx\/#organization\"},\"potentialAction\":[{\"@type\":\"SearchAction\",\"target\":{\"@type\":\"EntryPoint\",\"urlTemplate\":\"https:\/\/www.nexoinformativo.mx\/?s={search_term_string}\"},\"query-input\":{\"@type\":\"PropertyValueSpecification\",\"valueRequired\":true,\"valueName\":\"search_term_string\"}}],\"inLanguage\":\"es\"},{\"@type\":\"Organization\",\"@id\":\"https:\/\/www.nexoinformativo.mx\/#organization\",\"name\":\"Nexo Informativo Santiago de Quer\u00e9taro\",\"url\":\"https:\/\/www.nexoinformativo.mx\/\",\"logo\":{\"@type\":\"ImageObject\",\"inLanguage\":\"es\",\"@id\":\"https:\/\/www.nexoinformativo.mx\/#\/schema\/logo\/image\/\",\"url\":\"https:\/\/www.nexoinformativo.mx\/wp-content\/uploads\/2024\/07\/nexoi-trasparente-2.png\",\"contentUrl\":\"https:\/\/www.nexoinformativo.mx\/wp-content\/uploads\/2024\/07\/nexoi-trasparente-2.png\",\"width\":816,\"height\":339,\"caption\":\"Nexo Informativo Santiago de Quer\u00e9taro\"},\"image\":{\"@id\":\"https:\/\/www.nexoinformativo.mx\/#\/schema\/logo\/image\/\"},\"sameAs\":[\"https:\/\/www.facebook.com\/people\/Nexo-Informativo\/61564066885511\/\"]},{\"@type\":\"Person\",\"@id\":\"https:\/\/www.nexoinformativo.mx\/#\/schema\/person\/7749d380ba08c8ca00d7bc76fd907b7d\",\"name\":\"Nexo Informativo\",\"image\":{\"@type\":\"ImageObject\",\"inLanguage\":\"es\",\"@id\":\"https:\/\/www.nexoinformativo.mx\/#\/schema\/person\/image\/\",\"url\":\"https:\/\/secure.gravatar.com\/avatar\/dde2928154642a13d95f87ddf1ea9718fe2b46760a005c53e41ff5ad610704e6?s=96&d=mm&r=g\",\"contentUrl\":\"https:\/\/secure.gravatar.com\/avatar\/dde2928154642a13d95f87ddf1ea9718fe2b46760a005c53e41ff5ad610704e6?s=96&d=mm&r=g\",\"caption\":\"Nexo Informativo\"},\"url\":\"https:\/\/www.nexoinformativo.mx\/index.php\/author\/edicion\/\"}]}<\/script>\n<!-- \/ Yoast SEO plugin. -->","yoast_head_json":{"title":"Mauricio Kuri firma acuerdo Nacional por el derecho humano al agua y la sustentabilidad | Nexo Informativo Santiago de Quer\u00e9taro","description":"Mauricio Kuri firma acuerdo Nacional por el derecho humano al agua y la sustentabilidad","robots":{"index":"index","follow":"follow","max-snippet":"max-snippet:-1","max-image-preview":"max-image-preview:large","max-video-preview":"max-video-preview:-1"},"canonical":"https:\/\/www.nexoinformativo.mx\/index.php\/2024\/11\/25\/mauricio-kuri-firma-acuerdo-nacional-por-el-derecho-humano-al-agua-y-la-sustentabilidad\/","og_locale":"es_MX","og_type":"article","og_title":"Mauricio Kuri firma acuerdo Nacional por el derecho humano al agua y la sustentabilidad | Nexo Informativo Santiago de Quer\u00e9taro","og_description":"Mauricio Kuri firma acuerdo Nacional por el derecho humano al agua y la sustentabilidad","og_url":"https:\/\/www.nexoinformativo.mx\/index.php\/2024\/11\/25\/mauricio-kuri-firma-acuerdo-nacional-por-el-derecho-humano-al-agua-y-la-sustentabilidad\/","og_site_name":"Nexo Informativo Santiago de Quer\u00e9taro","article_publisher":"https:\/\/www.facebook.com\/people\/Nexo-Informativo\/61564066885511\/","article_published_time":"2024-11-25T21:00:45+00:00","article_modified_time":"2024-11-26T00:02:59+00:00","og_image":[{"width":700,"height":466,"url":"https:\/\/www.nexoinformativo.mx\/wp-content\/uploads\/2024\/11\/d7849bdb-513b-4ec0-b6f0-a0718038460f-e1732579370456.jpg","type":"image\/jpeg"}],"author":"Nexo Informativo","twitter_card":"summary_large_image","twitter_misc":{"Escrito por":"Nexo Informativo","Tiempo de lectura":"2 minutos"},"schema":{"@context":"https:\/\/schema.org","@graph":[{"@type":"Article","@id":"https:\/\/www.nexoinformativo.mx\/index.php\/2024\/11\/25\/mauricio-kuri-firma-acuerdo-nacional-por-el-derecho-humano-al-agua-y-la-sustentabilidad\/#article","isPartOf":{"@id":"https:\/\/www.nexoinformativo.mx\/index.php\/2024\/11\/25\/mauricio-kuri-firma-acuerdo-nacional-por-el-derecho-humano-al-agua-y-la-sustentabilidad\/"},"author":{"name":"Nexo Informativo","@id":"https:\/\/www.nexoinformativo.mx\/#\/schema\/person\/7749d380ba08c8ca00d7bc76fd907b7d"},"headline":"Mauricio Kuri firma acuerdo Nacional por el derecho humano al agua y la sustentabilidad","datePublished":"2024-11-25T21:00:45+00:00","dateModified":"2024-11-26T00:02:59+00:00","mainEntityOfPage":{"@id":"https:\/\/www.nexoinformativo.mx\/index.php\/2024\/11\/25\/mauricio-kuri-firma-acuerdo-nacional-por-el-derecho-humano-al-agua-y-la-sustentabilidad\/"},"wordCount":286,"commentCount":0,"publisher":{"@id":"https:\/\/www.nexoinformativo.mx\/#organization"},"image":{"@id":"https:\/\/www.nexoinformativo.mx\/index.php\/2024\/11\/25\/mauricio-kuri-firma-acuerdo-nacional-por-el-derecho-humano-al-agua-y-la-sustentabilidad\/#primaryimage"},"thumbnailUrl":"https:\/\/www.nexoinformativo.mx\/wp-content\/uploads\/2024\/11\/d7849bdb-513b-4ec0-b6f0-a0718038460f-e1732579370456.jpg","keywords":["AguaParaTodos","DerechoAlAgua","DesarrolloSostenible","Sustentabilidad"],"articleSection":["Estado","\u00daltima Hora"],"inLanguage":"es","potentialAction":[{"@type":"CommentAction","name":"Comment","target":["https:\/\/www.nexoinformativo.mx\/index.php\/2024\/11\/25\/mauricio-kuri-firma-acuerdo-nacional-por-el-derecho-humano-al-agua-y-la-sustentabilidad\/#respond"]}]},{"@type":"WebPage","@id":"https:\/\/www.nexoinformativo.mx\/index.php\/2024\/11\/25\/mauricio-kuri-firma-acuerdo-nacional-por-el-derecho-humano-al-agua-y-la-sustentabilidad\/","url":"https:\/\/www.nexoinformativo.mx\/index.php\/2024\/11\/25\/mauricio-kuri-firma-acuerdo-nacional-por-el-derecho-humano-al-agua-y-la-sustentabilidad\/","name":"Mauricio Kuri firma acuerdo Nacional por el derecho humano al agua y la sustentabilidad | Nexo Informativo Santiago de Quer\u00e9taro","isPartOf":{"@id":"https:\/\/www.nexoinformativo.mx\/#website"},"primaryImageOfPage":{"@id":"https:\/\/www.nexoinformativo.mx\/index.php\/2024\/11\/25\/mauricio-kuri-firma-acuerdo-nacional-por-el-derecho-humano-al-agua-y-la-sustentabilidad\/#primaryimage"},"image":{"@id":"https:\/\/www.nexoinformativo.mx\/index.php\/2024\/11\/25\/mauricio-kuri-firma-acuerdo-nacional-por-el-derecho-humano-al-agua-y-la-sustentabilidad\/#primaryimage"},"thumbnailUrl":"https:\/\/www.nexoinformativo.mx\/wp-content\/uploads\/2024\/11\/d7849bdb-513b-4ec0-b6f0-a0718038460f-e1732579370456.jpg","datePublished":"2024-11-25T21:00:45+00:00","dateModified":"2024-11-26T00:02:59+00:00","description":"Mauricio Kuri firma acuerdo Nacional por el derecho humano al agua y la sustentabilidad","breadcrumb":{"@id":"https:\/\/www.nexoinformativo.mx\/index.php\/2024\/11\/25\/mauricio-kuri-firma-acuerdo-nacional-por-el-derecho-humano-al-agua-y-la-sustentabilidad\/#breadcrumb"},"inLanguage":"es","potentialAction":[{"@type":"ReadAction","target":["https:\/\/www.nexoinformativo.mx\/index.php\/2024\/11\/25\/mauricio-kuri-firma-acuerdo-nacional-por-el-derecho-humano-al-agua-y-la-sustentabilidad\/"]}]},{"@type":"ImageObject","inLanguage":"es","@id":"https:\/\/www.nexoinformativo.mx\/index.php\/2024\/11\/25\/mauricio-kuri-firma-acuerdo-nacional-por-el-derecho-humano-al-agua-y-la-sustentabilidad\/#primaryimage","url":"https:\/\/www.nexoinformativo.mx\/wp-content\/uploads\/2024\/11\/d7849bdb-513b-4ec0-b6f0-a0718038460f-e1732579370456.jpg","contentUrl":"https:\/\/www.nexoinformativo.mx\/wp-content\/uploads\/2024\/11\/d7849bdb-513b-4ec0-b6f0-a0718038460f-e1732579370456.jpg","width":700,"height":466},{"@type":"BreadcrumbList","@id":"https:\/\/www.nexoinformativo.mx\/index.php\/2024\/11\/25\/mauricio-kuri-firma-acuerdo-nacional-por-el-derecho-humano-al-agua-y-la-sustentabilidad\/#breadcrumb","itemListElement":[{"@type":"ListItem","position":1,"name":"Inicio","item":"https:\/\/www.nexoinformativo.mx\/"},{"@type":"ListItem","position":2,"name":"Mauricio Kuri firma acuerdo Nacional por el derecho humano al agua y la sustentabilidad"}]},{"@type":"WebSite","@id":"https:\/\/www.nexoinformativo.mx\/#website","url":"https:\/\/www.nexoinformativo.mx\/","name":"Nexo Informativo Santiago de Quer\u00e9taro","description":"Explora NexoInformativo y convi\u00e9rtete en parte de una comunidad que valora el conocimiento y la verdad. Tu nexoinformativo es tu puente hacia una comprensi\u00f3n m\u00e1s profunda del mundo que te rodea.","publisher":{"@id":"https:\/\/www.nexoinformativo.mx\/#organization"},"potentialAction":[{"@type":"SearchAction","target":{"@type":"EntryPoint","urlTemplate":"https:\/\/www.nexoinformativo.mx\/?s={search_term_string}"},"query-input":{"@type":"PropertyValueSpecification","valueRequired":true,"valueName":"search_term_string"}}],"inLanguage":"es"},{"@type":"Organization","@id":"https:\/\/www.nexoinformativo.mx\/#organization","name":"Nexo Informativo Santiago de Quer\u00e9taro","url":"https:\/\/www.nexoinformativo.mx\/","logo":{"@type":"ImageObject","inLanguage":"es","@id":"https:\/\/www.nexoinformativo.mx\/#\/schema\/logo\/image\/","url":"https:\/\/www.nexoinformativo.mx\/wp-content\/uploads\/2024\/07\/nexoi-trasparente-2.png","contentUrl":"https:\/\/www.nexoinformativo.mx\/wp-content\/uploads\/2024\/07\/nexoi-trasparente-2.png","width":816,"height":339,"caption":"Nexo Informativo Santiago de Quer\u00e9taro"},"image":{"@id":"https:\/\/www.nexoinformativo.mx\/#\/schema\/logo\/image\/"},"sameAs":["https:\/\/www.facebook.com\/people\/Nexo-Informativo\/61564066885511\/"]},{"@type":"Person","@id":"https:\/\/www.nexoinformativo.mx\/#\/schema\/person\/7749d380ba08c8ca00d7bc76fd907b7d","name":"Nexo Informativo","image":{"@type":"ImageObject","inLanguage":"es","@id":"https:\/\/www.nexoinformativo.mx\/#\/schema\/person\/image\/","url":"https:\/\/secure.gravatar.com\/avatar\/dde2928154642a13d95f87ddf1ea9718fe2b46760a005c53e41ff5ad610704e6?s=96&d=mm&r=g","contentUrl":"https:\/\/secure.gravatar.com\/avatar\/dde2928154642a13d95f87ddf1ea9718fe2b46760a005c53e41ff5ad610704e6?s=96&d=mm&r=g","caption":"Nexo Informativo"},"url":"https:\/\/www.nexoinformativo.mx\/index.php\/author\/edicion\/"}]}},"_links":{"self":[{"href":"https:\/\/www.nexoinformativo.mx\/index.php\/wp-json\/wp\/v2\/posts\/6918","targetHints":{"allow":["GET"]}}],"collection":[{"href":"https:\/\/www.nexoinformativo.mx\/index.php\/wp-json\/wp\/v2\/posts"}],"about":[{"href":"https:\/\/www.nexoinformativo.mx\/index.php\/wp-json\/wp\/v2\/types\/post"}],"author":[{"embeddable":true,"href":"https:\/\/www.nexoinformativo.mx\/index.php\/wp-json\/wp\/v2\/users\/3"}],"replies":[{"embeddable":true,"href":"https:\/\/www.nexoinformativo.mx\/index.php\/wp-json\/wp\/v2\/comments?post=6918"}],"version-history":[{"count":3,"href":"https:\/\/www.nexoinformativo.mx\/index.php\/wp-json\/wp\/v2\/posts\/6918\/revisions"}],"predecessor-version":[{"id":6924,"href":"https:\/\/www.nexoinformativo.mx\/index.php\/wp-json\/wp\/v2\/posts\/6918\/revisions\/6924"}],"wp:featuredmedia":[{"embeddable":true,"href":"https:\/\/www.nexoinformativo.mx\/index.php\/wp-json\/wp\/v2\/media\/6923"}],"wp:attachment":[{"href":"https:\/\/www.nexoinformativo.mx\/index.php\/wp-json\/wp\/v2\/media?parent=6918"}],"wp:term":[{"taxonomy":"category","embeddable":true,"href":"https:\/\/www.nexoinformativo.mx\/index.php\/wp-json\/wp\/v2\/categories?post=6918"},{"taxonomy":"post_tag","embeddable":true,"href":"https:\/\/www.nexoinformativo.mx\/index.php\/wp-json\/wp\/v2\/tags?post=6918"}],"curies":[{"name":"wp","href":"https:\/\/api.w.org\/{rel}","templated":true}]}}