{"id":6938,"date":"2024-11-25T17:00:45","date_gmt":"2024-11-25T23:00:45","guid":{"rendered":"https:\/\/www.nexoinformativo.mx\/?p=6938"},"modified":"2024-11-25T18:23:46","modified_gmt":"2024-11-26T00:23:46","slug":"mas-de-700-oportunidades-laborales-te-esperan-san-juan-del-rio-celebra-la-5a-expo-empleo","status":"publish","type":"post","link":"https:\/\/www.nexoinformativo.mx\/index.php\/2024\/11\/25\/mas-de-700-oportunidades-laborales-te-esperan-san-juan-del-rio-celebra-la-5a-expo-empleo\/","title":{"rendered":"\u00a1M\u00e1s de 700 oportunidades laborales te esperan! San Juan del R\u00edo celebra la 5\u00aa Expo Empleo"},"content":{"rendered":"<p style=\"text-align: justify;\" data-sourcepos=\"9:1-9:397\">El pr\u00f3ximo 28 de noviembre, San Juan del R\u00edo ser\u00e1 el epicentro de oportunidades laborales con la realizaci\u00f3n de la quinta <strong>Expo Empleo<\/strong>.<\/p>\n<p>&nbsp;<\/p>\n<p style=\"text-align: justify;\" data-sourcepos=\"9:1-9:397\">Organizada por la Secretar\u00eda del Trabajo y la Universidad Tecnol\u00f3gica de San Juan del R\u00edo, este evento reunir\u00e1 a m\u00e1s de 37 empresas de la regi\u00f3n, las cuales ofrecer\u00e1n m\u00e1s de 700 vacantes para perfiles de todos los niveles educativos.<\/p>\n<p>&nbsp;<\/p>\n<p style=\"text-align: justify;\" data-sourcepos=\"11:1-11:377\">La titular de la Secretar\u00eda del Trabajo, Liliana San Mart\u00edn, destac\u00f3 la importancia de esta iniciativa para acercar el empleo formal a los sanjuanenses. <strong>&#8220;Agradezco la alianza con la UT San Juan y el sector empresarial, lo que permitir\u00e1 a los ciudadanos encontrar opciones laborales con salarios muy competitivos, que alcanzan hasta los 35 mil pesos&#8221;<\/strong>, afirm\u00f3.<\/p>\n<p>&nbsp;<\/p>\n<p style=\"text-align: justify;\" data-sourcepos=\"13:1-13:297\">Entre las empresas participantes se encuentran reconocidas firmas como IMBERA, GG Cables &amp; Wires, Perficom, La Madrile\u00f1a, HEB y Liverpool, entre otras. Las vacantes disponibles abarcan una amplia gama de perfiles, desde puestos operativos hasta profesionales calificados.<\/p>\n<p>&nbsp;<\/p>\n<p style=\"text-align: justify;\" data-sourcepos=\"15:1-15:176\">Para facilitar el acceso al evento, se ha organizado un servicio de transporte gratuito desde la Comercial Mexicana con una frecuencia de 15 minutos a partir de las 9:15 horas.<\/p>\n<p>&nbsp;<\/p>\n<p style=\"text-align: justify;\" data-sourcepos=\"17:1-17:257\">Por su parte, el rector de la UT San Juan, Fernando Ferrusca Ortiz, resalt\u00f3 el alto \u00edndice de colocaci\u00f3n laboral de los egresados de la instituci\u00f3n, lo cual demuestra la pertinencia de su modelo educativo y su estrecha vinculaci\u00f3n con el sector empresarial.<\/p>\n<p>&nbsp;<\/p>\n<p style=\"text-align: justify;\" data-sourcepos=\"19:1-19:154\">Esta quinta Expo Empleo se presenta como una oportunidad \u00fanica para que los habitantes de San Juan del R\u00edo encuentren un empleo estable y bien remunerado.<\/p>\n<p>&nbsp;<\/p>\n<p style=\"text-align: center;\" data-sourcepos=\"19:1-19:154\"><em><strong>\u00a1Informaci\u00f3n que transforma!<\/strong><\/em><\/p>\n","protected":false},"excerpt":{"rendered":"<p>El pr\u00f3ximo 28 de noviembre, San Juan del R\u00edo ser\u00e1 el epicentro de oportunidades laborales con la realizaci\u00f3n de la quinta Expo Empleo.<\/p>\n","protected":false},"author":3,"featured_media":6941,"comment_status":"open","ping_status":"open","sticky":false,"template":"","format":"standard","meta":{"footnotes":""},"categories":[65,58],"tags":[2344,2343,541,382],"class_list":["post-6938","post","type-post","status-publish","format-standard","has-post-thumbnail","hentry","category-municipios","category-ultima-hora","tag-empleoformal","tag-expoempleo","tag-oportunidadeslaborales","tag-sanjuandelrio"],"yoast_head":"<!-- This site is optimized with the Yoast SEO plugin v25.0 - https:\/\/yoast.com\/wordpress\/plugins\/seo\/ -->\n<title>\u00a1M\u00e1s de 700 oportunidades laborales te esperan! San Juan del R\u00edo celebra la 5\u00aa Expo Empleo | Nexo Informativo Santiago de Quer\u00e9taro<\/title>\n<meta name=\"description\" content=\"\u00a1M\u00e1s de 700 oportunidades laborales te esperan! San Juan del R\u00edo celebra la 5\u00aa Expo Empleo\" \/>\n<meta name=\"robots\" content=\"index, follow, max-snippet:-1, max-image-preview:large, max-video-preview:-1\" \/>\n<link rel=\"canonical\" href=\"https:\/\/www.nexoinformativo.mx\/index.php\/2024\/11\/25\/mas-de-700-oportunidades-laborales-te-esperan-san-juan-del-rio-celebra-la-5a-expo-empleo\/\" \/>\n<meta property=\"og:locale\" content=\"es_MX\" \/>\n<meta property=\"og:type\" content=\"article\" \/>\n<meta property=\"og:title\" content=\"\u00a1M\u00e1s de 700 oportunidades laborales te esperan! San Juan del R\u00edo celebra la 5\u00aa Expo Empleo | Nexo Informativo Santiago de Quer\u00e9taro\" \/>\n<meta property=\"og:description\" content=\"\u00a1M\u00e1s de 700 oportunidades laborales te esperan! San Juan del R\u00edo celebra la 5\u00aa Expo Empleo\" \/>\n<meta property=\"og:url\" content=\"https:\/\/www.nexoinformativo.mx\/index.php\/2024\/11\/25\/mas-de-700-oportunidades-laborales-te-esperan-san-juan-del-rio-celebra-la-5a-expo-empleo\/\" \/>\n<meta property=\"og:site_name\" content=\"Nexo Informativo Santiago de Quer\u00e9taro\" \/>\n<meta property=\"article:publisher\" content=\"https:\/\/www.facebook.com\/people\/Nexo-Informativo\/61564066885511\/\" \/>\n<meta property=\"article:published_time\" content=\"2024-11-25T23:00:45+00:00\" \/>\n<meta property=\"article:modified_time\" content=\"2024-11-26T00:23:46+00:00\" \/>\n<meta property=\"og:image\" content=\"https:\/\/www.nexoinformativo.mx\/wp-content\/uploads\/2024\/11\/PHOTO-2024-11-25-16-50-00-2-e1732580577452.jpg\" \/>\n\t<meta property=\"og:image:width\" content=\"800\" \/>\n\t<meta property=\"og:image:height\" content=\"533\" \/>\n\t<meta property=\"og:image:type\" content=\"image\/jpeg\" \/>\n<meta name=\"author\" content=\"Nexo Informativo\" \/>\n<meta name=\"twitter:card\" content=\"summary_large_image\" \/>\n<meta name=\"twitter:label1\" content=\"Escrito por\" \/>\n\t<meta name=\"twitter:data1\" content=\"Nexo Informativo\" \/>\n\t<meta name=\"twitter:label2\" content=\"Tiempo de lectura\" \/>\n\t<meta name=\"twitter:data2\" content=\"2 minutos\" \/>\n<script type=\"application\/ld+json\" class=\"yoast-schema-graph\">{\"@context\":\"https:\/\/schema.org\",\"@graph\":[{\"@type\":\"Article\",\"@id\":\"https:\/\/www.nexoinformativo.mx\/index.php\/2024\/11\/25\/mas-de-700-oportunidades-laborales-te-esperan-san-juan-del-rio-celebra-la-5a-expo-empleo\/#article\",\"isPartOf\":{\"@id\":\"https:\/\/www.nexoinformativo.mx\/index.php\/2024\/11\/25\/mas-de-700-oportunidades-laborales-te-esperan-san-juan-del-rio-celebra-la-5a-expo-empleo\/\"},\"author\":{\"name\":\"Nexo Informativo\",\"@id\":\"https:\/\/www.nexoinformativo.mx\/#\/schema\/person\/7749d380ba08c8ca00d7bc76fd907b7d\"},\"headline\":\"\u00a1M\u00e1s de 700 oportunidades laborales te esperan! San Juan del R\u00edo celebra la 5\u00aa Expo Empleo\",\"datePublished\":\"2024-11-25T23:00:45+00:00\",\"dateModified\":\"2024-11-26T00:23:46+00:00\",\"mainEntityOfPage\":{\"@id\":\"https:\/\/www.nexoinformativo.mx\/index.php\/2024\/11\/25\/mas-de-700-oportunidades-laborales-te-esperan-san-juan-del-rio-celebra-la-5a-expo-empleo\/\"},\"wordCount\":294,\"commentCount\":0,\"publisher\":{\"@id\":\"https:\/\/www.nexoinformativo.mx\/#organization\"},\"image\":{\"@id\":\"https:\/\/www.nexoinformativo.mx\/index.php\/2024\/11\/25\/mas-de-700-oportunidades-laborales-te-esperan-san-juan-del-rio-celebra-la-5a-expo-empleo\/#primaryimage\"},\"thumbnailUrl\":\"https:\/\/www.nexoinformativo.mx\/wp-content\/uploads\/2024\/11\/PHOTO-2024-11-25-16-50-00-2-e1732580577452.jpg\",\"keywords\":[\"EmpleoFormal\",\"ExpoEmpleo\",\"OportunidadesLaborales\",\"SanJuanDelR\u00edo\"],\"articleSection\":[\"Municipios\",\"\u00daltima Hora\"],\"inLanguage\":\"es\",\"potentialAction\":[{\"@type\":\"CommentAction\",\"name\":\"Comment\",\"target\":[\"https:\/\/www.nexoinformativo.mx\/index.php\/2024\/11\/25\/mas-de-700-oportunidades-laborales-te-esperan-san-juan-del-rio-celebra-la-5a-expo-empleo\/#respond\"]}]},{\"@type\":\"WebPage\",\"@id\":\"https:\/\/www.nexoinformativo.mx\/index.php\/2024\/11\/25\/mas-de-700-oportunidades-laborales-te-esperan-san-juan-del-rio-celebra-la-5a-expo-empleo\/\",\"url\":\"https:\/\/www.nexoinformativo.mx\/index.php\/2024\/11\/25\/mas-de-700-oportunidades-laborales-te-esperan-san-juan-del-rio-celebra-la-5a-expo-empleo\/\",\"name\":\"\u00a1M\u00e1s de 700 oportunidades laborales te esperan! San Juan del R\u00edo celebra la 5\u00aa Expo Empleo | Nexo Informativo Santiago de Quer\u00e9taro\",\"isPartOf\":{\"@id\":\"https:\/\/www.nexoinformativo.mx\/#website\"},\"primaryImageOfPage\":{\"@id\":\"https:\/\/www.nexoinformativo.mx\/index.php\/2024\/11\/25\/mas-de-700-oportunidades-laborales-te-esperan-san-juan-del-rio-celebra-la-5a-expo-empleo\/#primaryimage\"},\"image\":{\"@id\":\"https:\/\/www.nexoinformativo.mx\/index.php\/2024\/11\/25\/mas-de-700-oportunidades-laborales-te-esperan-san-juan-del-rio-celebra-la-5a-expo-empleo\/#primaryimage\"},\"thumbnailUrl\":\"https:\/\/www.nexoinformativo.mx\/wp-content\/uploads\/2024\/11\/PHOTO-2024-11-25-16-50-00-2-e1732580577452.jpg\",\"datePublished\":\"2024-11-25T23:00:45+00:00\",\"dateModified\":\"2024-11-26T00:23:46+00:00\",\"description\":\"\u00a1M\u00e1s de 700 oportunidades laborales te esperan! San Juan del R\u00edo celebra la 5\u00aa Expo Empleo\",\"breadcrumb\":{\"@id\":\"https:\/\/www.nexoinformativo.mx\/index.php\/2024\/11\/25\/mas-de-700-oportunidades-laborales-te-esperan-san-juan-del-rio-celebra-la-5a-expo-empleo\/#breadcrumb\"},\"inLanguage\":\"es\",\"potentialAction\":[{\"@type\":\"ReadAction\",\"target\":[\"https:\/\/www.nexoinformativo.mx\/index.php\/2024\/11\/25\/mas-de-700-oportunidades-laborales-te-esperan-san-juan-del-rio-celebra-la-5a-expo-empleo\/\"]}]},{\"@type\":\"ImageObject\",\"inLanguage\":\"es\",\"@id\":\"https:\/\/www.nexoinformativo.mx\/index.php\/2024\/11\/25\/mas-de-700-oportunidades-laborales-te-esperan-san-juan-del-rio-celebra-la-5a-expo-empleo\/#primaryimage\",\"url\":\"https:\/\/www.nexoinformativo.mx\/wp-content\/uploads\/2024\/11\/PHOTO-2024-11-25-16-50-00-2-e1732580577452.jpg\",\"contentUrl\":\"https:\/\/www.nexoinformativo.mx\/wp-content\/uploads\/2024\/11\/PHOTO-2024-11-25-16-50-00-2-e1732580577452.jpg\",\"width\":800,\"height\":533},{\"@type\":\"BreadcrumbList\",\"@id\":\"https:\/\/www.nexoinformativo.mx\/index.php\/2024\/11\/25\/mas-de-700-oportunidades-laborales-te-esperan-san-juan-del-rio-celebra-la-5a-expo-empleo\/#breadcrumb\",\"itemListElement\":[{\"@type\":\"ListItem\",\"position\":1,\"name\":\"Inicio\",\"item\":\"https:\/\/www.nexoinformativo.mx\/\"},{\"@type\":\"ListItem\",\"position\":2,\"name\":\"\u00a1M\u00e1s de 700 oportunidades laborales te esperan! San Juan del R\u00edo celebra la 5\u00aa Expo Empleo\"}]},{\"@type\":\"WebSite\",\"@id\":\"https:\/\/www.nexoinformativo.mx\/#website\",\"url\":\"https:\/\/www.nexoinformativo.mx\/\",\"name\":\"Nexo Informativo Santiago de Quer\u00e9taro\",\"description\":\"Explora NexoInformativo y convi\u00e9rtete en parte de una comunidad que valora el conocimiento y la verdad. Tu nexoinformativo es tu puente hacia una comprensi\u00f3n m\u00e1s profunda del mundo que te rodea.\",\"publisher\":{\"@id\":\"https:\/\/www.nexoinformativo.mx\/#organization\"},\"potentialAction\":[{\"@type\":\"SearchAction\",\"target\":{\"@type\":\"EntryPoint\",\"urlTemplate\":\"https:\/\/www.nexoinformativo.mx\/?s={search_term_string}\"},\"query-input\":{\"@type\":\"PropertyValueSpecification\",\"valueRequired\":true,\"valueName\":\"search_term_string\"}}],\"inLanguage\":\"es\"},{\"@type\":\"Organization\",\"@id\":\"https:\/\/www.nexoinformativo.mx\/#organization\",\"name\":\"Nexo Informativo Santiago de Quer\u00e9taro\",\"url\":\"https:\/\/www.nexoinformativo.mx\/\",\"logo\":{\"@type\":\"ImageObject\",\"inLanguage\":\"es\",\"@id\":\"https:\/\/www.nexoinformativo.mx\/#\/schema\/logo\/image\/\",\"url\":\"https:\/\/www.nexoinformativo.mx\/wp-content\/uploads\/2024\/07\/nexoi-trasparente-2.png\",\"contentUrl\":\"https:\/\/www.nexoinformativo.mx\/wp-content\/uploads\/2024\/07\/nexoi-trasparente-2.png\",\"width\":816,\"height\":339,\"caption\":\"Nexo Informativo Santiago de Quer\u00e9taro\"},\"image\":{\"@id\":\"https:\/\/www.nexoinformativo.mx\/#\/schema\/logo\/image\/\"},\"sameAs\":[\"https:\/\/www.facebook.com\/people\/Nexo-Informativo\/61564066885511\/\"]},{\"@type\":\"Person\",\"@id\":\"https:\/\/www.nexoinformativo.mx\/#\/schema\/person\/7749d380ba08c8ca00d7bc76fd907b7d\",\"name\":\"Nexo Informativo\",\"image\":{\"@type\":\"ImageObject\",\"inLanguage\":\"es\",\"@id\":\"https:\/\/www.nexoinformativo.mx\/#\/schema\/person\/image\/\",\"url\":\"https:\/\/secure.gravatar.com\/avatar\/dde2928154642a13d95f87ddf1ea9718fe2b46760a005c53e41ff5ad610704e6?s=96&d=mm&r=g\",\"contentUrl\":\"https:\/\/secure.gravatar.com\/avatar\/dde2928154642a13d95f87ddf1ea9718fe2b46760a005c53e41ff5ad610704e6?s=96&d=mm&r=g\",\"caption\":\"Nexo Informativo\"},\"url\":\"https:\/\/www.nexoinformativo.mx\/index.php\/author\/edicion\/\"}]}<\/script>\n<!-- \/ Yoast SEO plugin. -->","yoast_head_json":{"title":"\u00a1M\u00e1s de 700 oportunidades laborales te esperan! San Juan del R\u00edo celebra la 5\u00aa Expo Empleo | Nexo Informativo Santiago de Quer\u00e9taro","description":"\u00a1M\u00e1s de 700 oportunidades laborales te esperan! San Juan del R\u00edo celebra la 5\u00aa Expo Empleo","robots":{"index":"index","follow":"follow","max-snippet":"max-snippet:-1","max-image-preview":"max-image-preview:large","max-video-preview":"max-video-preview:-1"},"canonical":"https:\/\/www.nexoinformativo.mx\/index.php\/2024\/11\/25\/mas-de-700-oportunidades-laborales-te-esperan-san-juan-del-rio-celebra-la-5a-expo-empleo\/","og_locale":"es_MX","og_type":"article","og_title":"\u00a1M\u00e1s de 700 oportunidades laborales te esperan! San Juan del R\u00edo celebra la 5\u00aa Expo Empleo | Nexo Informativo Santiago de Quer\u00e9taro","og_description":"\u00a1M\u00e1s de 700 oportunidades laborales te esperan! San Juan del R\u00edo celebra la 5\u00aa Expo Empleo","og_url":"https:\/\/www.nexoinformativo.mx\/index.php\/2024\/11\/25\/mas-de-700-oportunidades-laborales-te-esperan-san-juan-del-rio-celebra-la-5a-expo-empleo\/","og_site_name":"Nexo Informativo Santiago de Quer\u00e9taro","article_publisher":"https:\/\/www.facebook.com\/people\/Nexo-Informativo\/61564066885511\/","article_published_time":"2024-11-25T23:00:45+00:00","article_modified_time":"2024-11-26T00:23:46+00:00","og_image":[{"width":800,"height":533,"url":"https:\/\/www.nexoinformativo.mx\/wp-content\/uploads\/2024\/11\/PHOTO-2024-11-25-16-50-00-2-e1732580577452.jpg","type":"image\/jpeg"}],"author":"Nexo Informativo","twitter_card":"summary_large_image","twitter_misc":{"Escrito por":"Nexo Informativo","Tiempo de lectura":"2 minutos"},"schema":{"@context":"https:\/\/schema.org","@graph":[{"@type":"Article","@id":"https:\/\/www.nexoinformativo.mx\/index.php\/2024\/11\/25\/mas-de-700-oportunidades-laborales-te-esperan-san-juan-del-rio-celebra-la-5a-expo-empleo\/#article","isPartOf":{"@id":"https:\/\/www.nexoinformativo.mx\/index.php\/2024\/11\/25\/mas-de-700-oportunidades-laborales-te-esperan-san-juan-del-rio-celebra-la-5a-expo-empleo\/"},"author":{"name":"Nexo Informativo","@id":"https:\/\/www.nexoinformativo.mx\/#\/schema\/person\/7749d380ba08c8ca00d7bc76fd907b7d"},"headline":"\u00a1M\u00e1s de 700 oportunidades laborales te esperan! San Juan del R\u00edo celebra la 5\u00aa Expo Empleo","datePublished":"2024-11-25T23:00:45+00:00","dateModified":"2024-11-26T00:23:46+00:00","mainEntityOfPage":{"@id":"https:\/\/www.nexoinformativo.mx\/index.php\/2024\/11\/25\/mas-de-700-oportunidades-laborales-te-esperan-san-juan-del-rio-celebra-la-5a-expo-empleo\/"},"wordCount":294,"commentCount":0,"publisher":{"@id":"https:\/\/www.nexoinformativo.mx\/#organization"},"image":{"@id":"https:\/\/www.nexoinformativo.mx\/index.php\/2024\/11\/25\/mas-de-700-oportunidades-laborales-te-esperan-san-juan-del-rio-celebra-la-5a-expo-empleo\/#primaryimage"},"thumbnailUrl":"https:\/\/www.nexoinformativo.mx\/wp-content\/uploads\/2024\/11\/PHOTO-2024-11-25-16-50-00-2-e1732580577452.jpg","keywords":["EmpleoFormal","ExpoEmpleo","OportunidadesLaborales","SanJuanDelR\u00edo"],"articleSection":["Municipios","\u00daltima Hora"],"inLanguage":"es","potentialAction":[{"@type":"CommentAction","name":"Comment","target":["https:\/\/www.nexoinformativo.mx\/index.php\/2024\/11\/25\/mas-de-700-oportunidades-laborales-te-esperan-san-juan-del-rio-celebra-la-5a-expo-empleo\/#respond"]}]},{"@type":"WebPage","@id":"https:\/\/www.nexoinformativo.mx\/index.php\/2024\/11\/25\/mas-de-700-oportunidades-laborales-te-esperan-san-juan-del-rio-celebra-la-5a-expo-empleo\/","url":"https:\/\/www.nexoinformativo.mx\/index.php\/2024\/11\/25\/mas-de-700-oportunidades-laborales-te-esperan-san-juan-del-rio-celebra-la-5a-expo-empleo\/","name":"\u00a1M\u00e1s de 700 oportunidades laborales te esperan! San Juan del R\u00edo celebra la 5\u00aa Expo Empleo | Nexo Informativo Santiago de Quer\u00e9taro","isPartOf":{"@id":"https:\/\/www.nexoinformativo.mx\/#website"},"primaryImageOfPage":{"@id":"https:\/\/www.nexoinformativo.mx\/index.php\/2024\/11\/25\/mas-de-700-oportunidades-laborales-te-esperan-san-juan-del-rio-celebra-la-5a-expo-empleo\/#primaryimage"},"image":{"@id":"https:\/\/www.nexoinformativo.mx\/index.php\/2024\/11\/25\/mas-de-700-oportunidades-laborales-te-esperan-san-juan-del-rio-celebra-la-5a-expo-empleo\/#primaryimage"},"thumbnailUrl":"https:\/\/www.nexoinformativo.mx\/wp-content\/uploads\/2024\/11\/PHOTO-2024-11-25-16-50-00-2-e1732580577452.jpg","datePublished":"2024-11-25T23:00:45+00:00","dateModified":"2024-11-26T00:23:46+00:00","description":"\u00a1M\u00e1s de 700 oportunidades laborales te esperan! San Juan del R\u00edo celebra la 5\u00aa Expo Empleo","breadcrumb":{"@id":"https:\/\/www.nexoinformativo.mx\/index.php\/2024\/11\/25\/mas-de-700-oportunidades-laborales-te-esperan-san-juan-del-rio-celebra-la-5a-expo-empleo\/#breadcrumb"},"inLanguage":"es","potentialAction":[{"@type":"ReadAction","target":["https:\/\/www.nexoinformativo.mx\/index.php\/2024\/11\/25\/mas-de-700-oportunidades-laborales-te-esperan-san-juan-del-rio-celebra-la-5a-expo-empleo\/"]}]},{"@type":"ImageObject","inLanguage":"es","@id":"https:\/\/www.nexoinformativo.mx\/index.php\/2024\/11\/25\/mas-de-700-oportunidades-laborales-te-esperan-san-juan-del-rio-celebra-la-5a-expo-empleo\/#primaryimage","url":"https:\/\/www.nexoinformativo.mx\/wp-content\/uploads\/2024\/11\/PHOTO-2024-11-25-16-50-00-2-e1732580577452.jpg","contentUrl":"https:\/\/www.nexoinformativo.mx\/wp-content\/uploads\/2024\/11\/PHOTO-2024-11-25-16-50-00-2-e1732580577452.jpg","width":800,"height":533},{"@type":"BreadcrumbList","@id":"https:\/\/www.nexoinformativo.mx\/index.php\/2024\/11\/25\/mas-de-700-oportunidades-laborales-te-esperan-san-juan-del-rio-celebra-la-5a-expo-empleo\/#breadcrumb","itemListElement":[{"@type":"ListItem","position":1,"name":"Inicio","item":"https:\/\/www.nexoinformativo.mx\/"},{"@type":"ListItem","position":2,"name":"\u00a1M\u00e1s de 700 oportunidades laborales te esperan! San Juan del R\u00edo celebra la 5\u00aa Expo Empleo"}]},{"@type":"WebSite","@id":"https:\/\/www.nexoinformativo.mx\/#website","url":"https:\/\/www.nexoinformativo.mx\/","name":"Nexo Informativo Santiago de Quer\u00e9taro","description":"Explora NexoInformativo y convi\u00e9rtete en parte de una comunidad que valora el conocimiento y la verdad. Tu nexoinformativo es tu puente hacia una comprensi\u00f3n m\u00e1s profunda del mundo que te rodea.","publisher":{"@id":"https:\/\/www.nexoinformativo.mx\/#organization"},"potentialAction":[{"@type":"SearchAction","target":{"@type":"EntryPoint","urlTemplate":"https:\/\/www.nexoinformativo.mx\/?s={search_term_string}"},"query-input":{"@type":"PropertyValueSpecification","valueRequired":true,"valueName":"search_term_string"}}],"inLanguage":"es"},{"@type":"Organization","@id":"https:\/\/www.nexoinformativo.mx\/#organization","name":"Nexo Informativo Santiago de Quer\u00e9taro","url":"https:\/\/www.nexoinformativo.mx\/","logo":{"@type":"ImageObject","inLanguage":"es","@id":"https:\/\/www.nexoinformativo.mx\/#\/schema\/logo\/image\/","url":"https:\/\/www.nexoinformativo.mx\/wp-content\/uploads\/2024\/07\/nexoi-trasparente-2.png","contentUrl":"https:\/\/www.nexoinformativo.mx\/wp-content\/uploads\/2024\/07\/nexoi-trasparente-2.png","width":816,"height":339,"caption":"Nexo Informativo Santiago de Quer\u00e9taro"},"image":{"@id":"https:\/\/www.nexoinformativo.mx\/#\/schema\/logo\/image\/"},"sameAs":["https:\/\/www.facebook.com\/people\/Nexo-Informativo\/61564066885511\/"]},{"@type":"Person","@id":"https:\/\/www.nexoinformativo.mx\/#\/schema\/person\/7749d380ba08c8ca00d7bc76fd907b7d","name":"Nexo Informativo","image":{"@type":"ImageObject","inLanguage":"es","@id":"https:\/\/www.nexoinformativo.mx\/#\/schema\/person\/image\/","url":"https:\/\/secure.gravatar.com\/avatar\/dde2928154642a13d95f87ddf1ea9718fe2b46760a005c53e41ff5ad610704e6?s=96&d=mm&r=g","contentUrl":"https:\/\/secure.gravatar.com\/avatar\/dde2928154642a13d95f87ddf1ea9718fe2b46760a005c53e41ff5ad610704e6?s=96&d=mm&r=g","caption":"Nexo Informativo"},"url":"https:\/\/www.nexoinformativo.mx\/index.php\/author\/edicion\/"}]}},"_links":{"self":[{"href":"https:\/\/www.nexoinformativo.mx\/index.php\/wp-json\/wp\/v2\/posts\/6938","targetHints":{"allow":["GET"]}}],"collection":[{"href":"https:\/\/www.nexoinformativo.mx\/index.php\/wp-json\/wp\/v2\/posts"}],"about":[{"href":"https:\/\/www.nexoinformativo.mx\/index.php\/wp-json\/wp\/v2\/types\/post"}],"author":[{"embeddable":true,"href":"https:\/\/www.nexoinformativo.mx\/index.php\/wp-json\/wp\/v2\/users\/3"}],"replies":[{"embeddable":true,"href":"https:\/\/www.nexoinformativo.mx\/index.php\/wp-json\/wp\/v2\/comments?post=6938"}],"version-history":[{"count":3,"href":"https:\/\/www.nexoinformativo.mx\/index.php\/wp-json\/wp\/v2\/posts\/6938\/revisions"}],"predecessor-version":[{"id":6940,"href":"https:\/\/www.nexoinformativo.mx\/index.php\/wp-json\/wp\/v2\/posts\/6938\/revisions\/6940"}],"wp:featuredmedia":[{"embeddable":true,"href":"https:\/\/www.nexoinformativo.mx\/index.php\/wp-json\/wp\/v2\/media\/6941"}],"wp:attachment":[{"href":"https:\/\/www.nexoinformativo.mx\/index.php\/wp-json\/wp\/v2\/media?parent=6938"}],"wp:term":[{"taxonomy":"category","embeddable":true,"href":"https:\/\/www.nexoinformativo.mx\/index.php\/wp-json\/wp\/v2\/categories?post=6938"},{"taxonomy":"post_tag","embeddable":true,"href":"https:\/\/www.nexoinformativo.mx\/index.php\/wp-json\/wp\/v2\/tags?post=6938"}],"curies":[{"name":"wp","href":"https:\/\/api.w.org\/{rel}","templated":true}]}}