{"id":6943,"date":"2024-11-25T18:00:06","date_gmt":"2024-11-26T00:00:06","guid":{"rendered":"https:\/\/www.nexoinformativo.mx\/?p=6943"},"modified":"2024-11-25T18:29:59","modified_gmt":"2024-11-26T00:29:59","slug":"queretaro-colabora-en-la-construccion-del-tren-mexico-queretaro-avanzan-los-trabajos","status":"publish","type":"post","link":"https:\/\/www.nexoinformativo.mx\/index.php\/2024\/11\/25\/queretaro-colabora-en-la-construccion-del-tren-mexico-queretaro-avanzan-los-trabajos\/","title":{"rendered":"Quer\u00e9taro colabora en la construcci\u00f3n del tren M\u00e9xico-Quer\u00e9taro: Avanzan los trabajos"},"content":{"rendered":"<p style=\"text-align: justify;\" data-sourcepos=\"9:1-9:421\">El Gobierno del Estado de Quer\u00e9taro ha estado trabajando de manera estrecha con el Gobierno Federal para facilitar la construcci\u00f3n del tren de pasajeros M\u00e9xico-Quer\u00e9taro.<\/p>\n<p>&nbsp;<\/p>\n<p style=\"text-align: justify;\" data-sourcepos=\"9:1-9:421\">El secretario de Gobierno, Carlos Alcaraz, inform\u00f3 que se ha proporcionado informaci\u00f3n detallada sobre la legalidad de los terrenos por donde podr\u00eda transitar el tren, un paso fundamental para avanzar en este ambicioso proyecto.<\/p>\n<p>&nbsp;<\/p>\n<p style=\"text-align: justify;\" data-sourcepos=\"11:1-11:262\">La Secretar\u00eda de Gobierno ha realizado un exhaustivo an\u00e1lisis de la propiedad de los terrenos involucrados, entregando al Gobierno Federal toda la documentaci\u00f3n necesaria para que pueda tomar las decisiones correspondientes en cuanto a la liberaci\u00f3n de las v\u00edas.<\/p>\n<p>&nbsp;<\/p>\n<p style=\"text-align: justify;\" data-sourcepos=\"13:1-13:301\">&#8220;Estamos comprometidos con este proyecto que traer\u00e1 grandes beneficios a nuestra entidad y al pa\u00eds&#8221;, afirm\u00f3 el secretario Alcaraz. &#8220;Nuestra prioridad es facilitar los tr\u00e1mites y brindar toda la informaci\u00f3n requerida para que el tren de pasajeros sea una realidad lo antes posible&#8221;.<\/p>\n<p>&nbsp;<\/p>\n<p style=\"text-align: justify;\" data-sourcepos=\"15:1-15:172\">Las reuniones entre ambas instancias contin\u00faan de manera regular, con el objetivo de coordinar esfuerzos y resolver cualquier obst\u00e1culo que pueda surgir durante el proceso.<\/p>\n<p>&nbsp;<\/p>\n<p style=\"text-align: center;\" data-sourcepos=\"15:1-15:172\"><em><strong>\u00a1Informaci\u00f3n que transforma!<\/strong><\/em><\/p>\n","protected":false},"excerpt":{"rendered":"<p>El Gobierno del Estado de Quer\u00e9taro ha estado trabajando de manera estrecha con el Gobierno Federal para facilitar la construcci\u00f3n del tren de pasajeros M\u00e9xico-Quer\u00e9taro.<\/p>\n","protected":false},"author":3,"featured_media":6944,"comment_status":"open","ping_status":"open","sticky":false,"template":"","format":"standard","meta":{"footnotes":""},"categories":[42,58],"tags":[2345,734,133,1009],"class_list":["post-6943","post","type-post","status-publish","format-standard","has-post-thumbnail","hentry","category-estado","category-ultima-hora","tag-desarrollo","tag-infraestructura","tag-queretaro","tag-trenmexicoqueretaro"],"yoast_head":"<!-- This site is optimized with the Yoast SEO plugin v25.0 - https:\/\/yoast.com\/wordpress\/plugins\/seo\/ -->\n<title>Quer\u00e9taro colabora en la construcci\u00f3n del tren M\u00e9xico-Quer\u00e9taro: Avanzan los trabajos | Nexo Informativo Santiago de Quer\u00e9taro<\/title>\n<meta name=\"description\" content=\"Quer\u00e9taro colabora en la construcci\u00f3n del tren M\u00e9xico-Quer\u00e9taro: Avanzan los trabajos\" \/>\n<meta name=\"robots\" content=\"index, follow, max-snippet:-1, max-image-preview:large, max-video-preview:-1\" \/>\n<link rel=\"canonical\" href=\"https:\/\/www.nexoinformativo.mx\/index.php\/2024\/11\/25\/queretaro-colabora-en-la-construccion-del-tren-mexico-queretaro-avanzan-los-trabajos\/\" \/>\n<meta property=\"og:locale\" content=\"es_MX\" \/>\n<meta property=\"og:type\" content=\"article\" \/>\n<meta property=\"og:title\" content=\"Quer\u00e9taro colabora en la construcci\u00f3n del tren M\u00e9xico-Quer\u00e9taro: Avanzan los trabajos | Nexo Informativo Santiago de Quer\u00e9taro\" \/>\n<meta property=\"og:description\" content=\"Quer\u00e9taro colabora en la construcci\u00f3n del tren M\u00e9xico-Quer\u00e9taro: Avanzan los trabajos\" \/>\n<meta property=\"og:url\" content=\"https:\/\/www.nexoinformativo.mx\/index.php\/2024\/11\/25\/queretaro-colabora-en-la-construccion-del-tren-mexico-queretaro-avanzan-los-trabajos\/\" \/>\n<meta property=\"og:site_name\" content=\"Nexo Informativo Santiago de Quer\u00e9taro\" \/>\n<meta property=\"article:publisher\" content=\"https:\/\/www.facebook.com\/people\/Nexo-Informativo\/61564066885511\/\" \/>\n<meta property=\"article:published_time\" content=\"2024-11-26T00:00:06+00:00\" \/>\n<meta property=\"article:modified_time\" content=\"2024-11-26T00:29:59+00:00\" \/>\n<meta property=\"og:image\" content=\"https:\/\/www.nexoinformativo.mx\/wp-content\/uploads\/2024\/11\/PHOTO-2024-11-25-17-21-29-e1732580949990.jpg\" \/>\n\t<meta property=\"og:image:width\" content=\"700\" \/>\n\t<meta property=\"og:image:height\" content=\"525\" \/>\n\t<meta property=\"og:image:type\" content=\"image\/jpeg\" \/>\n<meta name=\"author\" content=\"Nexo Informativo\" \/>\n<meta name=\"twitter:card\" content=\"summary_large_image\" \/>\n<meta name=\"twitter:label1\" content=\"Escrito por\" \/>\n\t<meta name=\"twitter:data1\" content=\"Nexo Informativo\" \/>\n\t<meta name=\"twitter:label2\" content=\"Tiempo de lectura\" \/>\n\t<meta name=\"twitter:data2\" content=\"1 minuto\" \/>\n<script type=\"application\/ld+json\" class=\"yoast-schema-graph\">{\"@context\":\"https:\/\/schema.org\",\"@graph\":[{\"@type\":\"Article\",\"@id\":\"https:\/\/www.nexoinformativo.mx\/index.php\/2024\/11\/25\/queretaro-colabora-en-la-construccion-del-tren-mexico-queretaro-avanzan-los-trabajos\/#article\",\"isPartOf\":{\"@id\":\"https:\/\/www.nexoinformativo.mx\/index.php\/2024\/11\/25\/queretaro-colabora-en-la-construccion-del-tren-mexico-queretaro-avanzan-los-trabajos\/\"},\"author\":{\"name\":\"Nexo Informativo\",\"@id\":\"https:\/\/www.nexoinformativo.mx\/#\/schema\/person\/7749d380ba08c8ca00d7bc76fd907b7d\"},\"headline\":\"Quer\u00e9taro colabora en la construcci\u00f3n del tren M\u00e9xico-Quer\u00e9taro: Avanzan los trabajos\",\"datePublished\":\"2024-11-26T00:00:06+00:00\",\"dateModified\":\"2024-11-26T00:29:59+00:00\",\"mainEntityOfPage\":{\"@id\":\"https:\/\/www.nexoinformativo.mx\/index.php\/2024\/11\/25\/queretaro-colabora-en-la-construccion-del-tren-mexico-queretaro-avanzan-los-trabajos\/\"},\"wordCount\":206,\"commentCount\":0,\"publisher\":{\"@id\":\"https:\/\/www.nexoinformativo.mx\/#organization\"},\"image\":{\"@id\":\"https:\/\/www.nexoinformativo.mx\/index.php\/2024\/11\/25\/queretaro-colabora-en-la-construccion-del-tren-mexico-queretaro-avanzan-los-trabajos\/#primaryimage\"},\"thumbnailUrl\":\"https:\/\/www.nexoinformativo.mx\/wp-content\/uploads\/2024\/11\/PHOTO-2024-11-25-17-21-29-e1732580949990.jpg\",\"keywords\":[\"Desarrollo\",\"Infraestructura\",\"Quer\u00e9taro\",\"TrenMexicoQuer\u00e9taro\"],\"articleSection\":[\"Estado\",\"\u00daltima Hora\"],\"inLanguage\":\"es\",\"potentialAction\":[{\"@type\":\"CommentAction\",\"name\":\"Comment\",\"target\":[\"https:\/\/www.nexoinformativo.mx\/index.php\/2024\/11\/25\/queretaro-colabora-en-la-construccion-del-tren-mexico-queretaro-avanzan-los-trabajos\/#respond\"]}]},{\"@type\":\"WebPage\",\"@id\":\"https:\/\/www.nexoinformativo.mx\/index.php\/2024\/11\/25\/queretaro-colabora-en-la-construccion-del-tren-mexico-queretaro-avanzan-los-trabajos\/\",\"url\":\"https:\/\/www.nexoinformativo.mx\/index.php\/2024\/11\/25\/queretaro-colabora-en-la-construccion-del-tren-mexico-queretaro-avanzan-los-trabajos\/\",\"name\":\"Quer\u00e9taro colabora en la construcci\u00f3n del tren M\u00e9xico-Quer\u00e9taro: Avanzan los trabajos | Nexo Informativo Santiago de Quer\u00e9taro\",\"isPartOf\":{\"@id\":\"https:\/\/www.nexoinformativo.mx\/#website\"},\"primaryImageOfPage\":{\"@id\":\"https:\/\/www.nexoinformativo.mx\/index.php\/2024\/11\/25\/queretaro-colabora-en-la-construccion-del-tren-mexico-queretaro-avanzan-los-trabajos\/#primaryimage\"},\"image\":{\"@id\":\"https:\/\/www.nexoinformativo.mx\/index.php\/2024\/11\/25\/queretaro-colabora-en-la-construccion-del-tren-mexico-queretaro-avanzan-los-trabajos\/#primaryimage\"},\"thumbnailUrl\":\"https:\/\/www.nexoinformativo.mx\/wp-content\/uploads\/2024\/11\/PHOTO-2024-11-25-17-21-29-e1732580949990.jpg\",\"datePublished\":\"2024-11-26T00:00:06+00:00\",\"dateModified\":\"2024-11-26T00:29:59+00:00\",\"description\":\"Quer\u00e9taro colabora en la construcci\u00f3n del tren M\u00e9xico-Quer\u00e9taro: Avanzan los trabajos\",\"breadcrumb\":{\"@id\":\"https:\/\/www.nexoinformativo.mx\/index.php\/2024\/11\/25\/queretaro-colabora-en-la-construccion-del-tren-mexico-queretaro-avanzan-los-trabajos\/#breadcrumb\"},\"inLanguage\":\"es\",\"potentialAction\":[{\"@type\":\"ReadAction\",\"target\":[\"https:\/\/www.nexoinformativo.mx\/index.php\/2024\/11\/25\/queretaro-colabora-en-la-construccion-del-tren-mexico-queretaro-avanzan-los-trabajos\/\"]}]},{\"@type\":\"ImageObject\",\"inLanguage\":\"es\",\"@id\":\"https:\/\/www.nexoinformativo.mx\/index.php\/2024\/11\/25\/queretaro-colabora-en-la-construccion-del-tren-mexico-queretaro-avanzan-los-trabajos\/#primaryimage\",\"url\":\"https:\/\/www.nexoinformativo.mx\/wp-content\/uploads\/2024\/11\/PHOTO-2024-11-25-17-21-29-e1732580949990.jpg\",\"contentUrl\":\"https:\/\/www.nexoinformativo.mx\/wp-content\/uploads\/2024\/11\/PHOTO-2024-11-25-17-21-29-e1732580949990.jpg\",\"width\":700,\"height\":525},{\"@type\":\"BreadcrumbList\",\"@id\":\"https:\/\/www.nexoinformativo.mx\/index.php\/2024\/11\/25\/queretaro-colabora-en-la-construccion-del-tren-mexico-queretaro-avanzan-los-trabajos\/#breadcrumb\",\"itemListElement\":[{\"@type\":\"ListItem\",\"position\":1,\"name\":\"Inicio\",\"item\":\"https:\/\/www.nexoinformativo.mx\/\"},{\"@type\":\"ListItem\",\"position\":2,\"name\":\"Quer\u00e9taro colabora en la construcci\u00f3n del tren M\u00e9xico-Quer\u00e9taro: Avanzan los trabajos\"}]},{\"@type\":\"WebSite\",\"@id\":\"https:\/\/www.nexoinformativo.mx\/#website\",\"url\":\"https:\/\/www.nexoinformativo.mx\/\",\"name\":\"Nexo Informativo Santiago de Quer\u00e9taro\",\"description\":\"Explora NexoInformativo y convi\u00e9rtete en parte de una comunidad que valora el conocimiento y la verdad. Tu nexoinformativo es tu puente hacia una comprensi\u00f3n m\u00e1s profunda del mundo que te rodea.\",\"publisher\":{\"@id\":\"https:\/\/www.nexoinformativo.mx\/#organization\"},\"potentialAction\":[{\"@type\":\"SearchAction\",\"target\":{\"@type\":\"EntryPoint\",\"urlTemplate\":\"https:\/\/www.nexoinformativo.mx\/?s={search_term_string}\"},\"query-input\":{\"@type\":\"PropertyValueSpecification\",\"valueRequired\":true,\"valueName\":\"search_term_string\"}}],\"inLanguage\":\"es\"},{\"@type\":\"Organization\",\"@id\":\"https:\/\/www.nexoinformativo.mx\/#organization\",\"name\":\"Nexo Informativo Santiago de Quer\u00e9taro\",\"url\":\"https:\/\/www.nexoinformativo.mx\/\",\"logo\":{\"@type\":\"ImageObject\",\"inLanguage\":\"es\",\"@id\":\"https:\/\/www.nexoinformativo.mx\/#\/schema\/logo\/image\/\",\"url\":\"https:\/\/www.nexoinformativo.mx\/wp-content\/uploads\/2024\/07\/nexoi-trasparente-2.png\",\"contentUrl\":\"https:\/\/www.nexoinformativo.mx\/wp-content\/uploads\/2024\/07\/nexoi-trasparente-2.png\",\"width\":816,\"height\":339,\"caption\":\"Nexo Informativo Santiago de Quer\u00e9taro\"},\"image\":{\"@id\":\"https:\/\/www.nexoinformativo.mx\/#\/schema\/logo\/image\/\"},\"sameAs\":[\"https:\/\/www.facebook.com\/people\/Nexo-Informativo\/61564066885511\/\"]},{\"@type\":\"Person\",\"@id\":\"https:\/\/www.nexoinformativo.mx\/#\/schema\/person\/7749d380ba08c8ca00d7bc76fd907b7d\",\"name\":\"Nexo Informativo\",\"image\":{\"@type\":\"ImageObject\",\"inLanguage\":\"es\",\"@id\":\"https:\/\/www.nexoinformativo.mx\/#\/schema\/person\/image\/\",\"url\":\"https:\/\/secure.gravatar.com\/avatar\/dde2928154642a13d95f87ddf1ea9718fe2b46760a005c53e41ff5ad610704e6?s=96&d=mm&r=g\",\"contentUrl\":\"https:\/\/secure.gravatar.com\/avatar\/dde2928154642a13d95f87ddf1ea9718fe2b46760a005c53e41ff5ad610704e6?s=96&d=mm&r=g\",\"caption\":\"Nexo Informativo\"},\"url\":\"https:\/\/www.nexoinformativo.mx\/index.php\/author\/edicion\/\"}]}<\/script>\n<!-- \/ Yoast SEO plugin. -->","yoast_head_json":{"title":"Quer\u00e9taro colabora en la construcci\u00f3n del tren M\u00e9xico-Quer\u00e9taro: Avanzan los trabajos | Nexo Informativo Santiago de Quer\u00e9taro","description":"Quer\u00e9taro colabora en la construcci\u00f3n del tren M\u00e9xico-Quer\u00e9taro: Avanzan los trabajos","robots":{"index":"index","follow":"follow","max-snippet":"max-snippet:-1","max-image-preview":"max-image-preview:large","max-video-preview":"max-video-preview:-1"},"canonical":"https:\/\/www.nexoinformativo.mx\/index.php\/2024\/11\/25\/queretaro-colabora-en-la-construccion-del-tren-mexico-queretaro-avanzan-los-trabajos\/","og_locale":"es_MX","og_type":"article","og_title":"Quer\u00e9taro colabora en la construcci\u00f3n del tren M\u00e9xico-Quer\u00e9taro: Avanzan los trabajos | Nexo Informativo Santiago de Quer\u00e9taro","og_description":"Quer\u00e9taro colabora en la construcci\u00f3n del tren M\u00e9xico-Quer\u00e9taro: Avanzan los trabajos","og_url":"https:\/\/www.nexoinformativo.mx\/index.php\/2024\/11\/25\/queretaro-colabora-en-la-construccion-del-tren-mexico-queretaro-avanzan-los-trabajos\/","og_site_name":"Nexo Informativo Santiago de Quer\u00e9taro","article_publisher":"https:\/\/www.facebook.com\/people\/Nexo-Informativo\/61564066885511\/","article_published_time":"2024-11-26T00:00:06+00:00","article_modified_time":"2024-11-26T00:29:59+00:00","og_image":[{"width":700,"height":525,"url":"https:\/\/www.nexoinformativo.mx\/wp-content\/uploads\/2024\/11\/PHOTO-2024-11-25-17-21-29-e1732580949990.jpg","type":"image\/jpeg"}],"author":"Nexo Informativo","twitter_card":"summary_large_image","twitter_misc":{"Escrito por":"Nexo Informativo","Tiempo de lectura":"1 minuto"},"schema":{"@context":"https:\/\/schema.org","@graph":[{"@type":"Article","@id":"https:\/\/www.nexoinformativo.mx\/index.php\/2024\/11\/25\/queretaro-colabora-en-la-construccion-del-tren-mexico-queretaro-avanzan-los-trabajos\/#article","isPartOf":{"@id":"https:\/\/www.nexoinformativo.mx\/index.php\/2024\/11\/25\/queretaro-colabora-en-la-construccion-del-tren-mexico-queretaro-avanzan-los-trabajos\/"},"author":{"name":"Nexo Informativo","@id":"https:\/\/www.nexoinformativo.mx\/#\/schema\/person\/7749d380ba08c8ca00d7bc76fd907b7d"},"headline":"Quer\u00e9taro colabora en la construcci\u00f3n del tren M\u00e9xico-Quer\u00e9taro: Avanzan los trabajos","datePublished":"2024-11-26T00:00:06+00:00","dateModified":"2024-11-26T00:29:59+00:00","mainEntityOfPage":{"@id":"https:\/\/www.nexoinformativo.mx\/index.php\/2024\/11\/25\/queretaro-colabora-en-la-construccion-del-tren-mexico-queretaro-avanzan-los-trabajos\/"},"wordCount":206,"commentCount":0,"publisher":{"@id":"https:\/\/www.nexoinformativo.mx\/#organization"},"image":{"@id":"https:\/\/www.nexoinformativo.mx\/index.php\/2024\/11\/25\/queretaro-colabora-en-la-construccion-del-tren-mexico-queretaro-avanzan-los-trabajos\/#primaryimage"},"thumbnailUrl":"https:\/\/www.nexoinformativo.mx\/wp-content\/uploads\/2024\/11\/PHOTO-2024-11-25-17-21-29-e1732580949990.jpg","keywords":["Desarrollo","Infraestructura","Quer\u00e9taro","TrenMexicoQuer\u00e9taro"],"articleSection":["Estado","\u00daltima Hora"],"inLanguage":"es","potentialAction":[{"@type":"CommentAction","name":"Comment","target":["https:\/\/www.nexoinformativo.mx\/index.php\/2024\/11\/25\/queretaro-colabora-en-la-construccion-del-tren-mexico-queretaro-avanzan-los-trabajos\/#respond"]}]},{"@type":"WebPage","@id":"https:\/\/www.nexoinformativo.mx\/index.php\/2024\/11\/25\/queretaro-colabora-en-la-construccion-del-tren-mexico-queretaro-avanzan-los-trabajos\/","url":"https:\/\/www.nexoinformativo.mx\/index.php\/2024\/11\/25\/queretaro-colabora-en-la-construccion-del-tren-mexico-queretaro-avanzan-los-trabajos\/","name":"Quer\u00e9taro colabora en la construcci\u00f3n del tren M\u00e9xico-Quer\u00e9taro: Avanzan los trabajos | Nexo Informativo Santiago de Quer\u00e9taro","isPartOf":{"@id":"https:\/\/www.nexoinformativo.mx\/#website"},"primaryImageOfPage":{"@id":"https:\/\/www.nexoinformativo.mx\/index.php\/2024\/11\/25\/queretaro-colabora-en-la-construccion-del-tren-mexico-queretaro-avanzan-los-trabajos\/#primaryimage"},"image":{"@id":"https:\/\/www.nexoinformativo.mx\/index.php\/2024\/11\/25\/queretaro-colabora-en-la-construccion-del-tren-mexico-queretaro-avanzan-los-trabajos\/#primaryimage"},"thumbnailUrl":"https:\/\/www.nexoinformativo.mx\/wp-content\/uploads\/2024\/11\/PHOTO-2024-11-25-17-21-29-e1732580949990.jpg","datePublished":"2024-11-26T00:00:06+00:00","dateModified":"2024-11-26T00:29:59+00:00","description":"Quer\u00e9taro colabora en la construcci\u00f3n del tren M\u00e9xico-Quer\u00e9taro: Avanzan los trabajos","breadcrumb":{"@id":"https:\/\/www.nexoinformativo.mx\/index.php\/2024\/11\/25\/queretaro-colabora-en-la-construccion-del-tren-mexico-queretaro-avanzan-los-trabajos\/#breadcrumb"},"inLanguage":"es","potentialAction":[{"@type":"ReadAction","target":["https:\/\/www.nexoinformativo.mx\/index.php\/2024\/11\/25\/queretaro-colabora-en-la-construccion-del-tren-mexico-queretaro-avanzan-los-trabajos\/"]}]},{"@type":"ImageObject","inLanguage":"es","@id":"https:\/\/www.nexoinformativo.mx\/index.php\/2024\/11\/25\/queretaro-colabora-en-la-construccion-del-tren-mexico-queretaro-avanzan-los-trabajos\/#primaryimage","url":"https:\/\/www.nexoinformativo.mx\/wp-content\/uploads\/2024\/11\/PHOTO-2024-11-25-17-21-29-e1732580949990.jpg","contentUrl":"https:\/\/www.nexoinformativo.mx\/wp-content\/uploads\/2024\/11\/PHOTO-2024-11-25-17-21-29-e1732580949990.jpg","width":700,"height":525},{"@type":"BreadcrumbList","@id":"https:\/\/www.nexoinformativo.mx\/index.php\/2024\/11\/25\/queretaro-colabora-en-la-construccion-del-tren-mexico-queretaro-avanzan-los-trabajos\/#breadcrumb","itemListElement":[{"@type":"ListItem","position":1,"name":"Inicio","item":"https:\/\/www.nexoinformativo.mx\/"},{"@type":"ListItem","position":2,"name":"Quer\u00e9taro colabora en la construcci\u00f3n del tren M\u00e9xico-Quer\u00e9taro: Avanzan los trabajos"}]},{"@type":"WebSite","@id":"https:\/\/www.nexoinformativo.mx\/#website","url":"https:\/\/www.nexoinformativo.mx\/","name":"Nexo Informativo Santiago de Quer\u00e9taro","description":"Explora NexoInformativo y convi\u00e9rtete en parte de una comunidad que valora el conocimiento y la verdad. Tu nexoinformativo es tu puente hacia una comprensi\u00f3n m\u00e1s profunda del mundo que te rodea.","publisher":{"@id":"https:\/\/www.nexoinformativo.mx\/#organization"},"potentialAction":[{"@type":"SearchAction","target":{"@type":"EntryPoint","urlTemplate":"https:\/\/www.nexoinformativo.mx\/?s={search_term_string}"},"query-input":{"@type":"PropertyValueSpecification","valueRequired":true,"valueName":"search_term_string"}}],"inLanguage":"es"},{"@type":"Organization","@id":"https:\/\/www.nexoinformativo.mx\/#organization","name":"Nexo Informativo Santiago de Quer\u00e9taro","url":"https:\/\/www.nexoinformativo.mx\/","logo":{"@type":"ImageObject","inLanguage":"es","@id":"https:\/\/www.nexoinformativo.mx\/#\/schema\/logo\/image\/","url":"https:\/\/www.nexoinformativo.mx\/wp-content\/uploads\/2024\/07\/nexoi-trasparente-2.png","contentUrl":"https:\/\/www.nexoinformativo.mx\/wp-content\/uploads\/2024\/07\/nexoi-trasparente-2.png","width":816,"height":339,"caption":"Nexo Informativo Santiago de Quer\u00e9taro"},"image":{"@id":"https:\/\/www.nexoinformativo.mx\/#\/schema\/logo\/image\/"},"sameAs":["https:\/\/www.facebook.com\/people\/Nexo-Informativo\/61564066885511\/"]},{"@type":"Person","@id":"https:\/\/www.nexoinformativo.mx\/#\/schema\/person\/7749d380ba08c8ca00d7bc76fd907b7d","name":"Nexo Informativo","image":{"@type":"ImageObject","inLanguage":"es","@id":"https:\/\/www.nexoinformativo.mx\/#\/schema\/person\/image\/","url":"https:\/\/secure.gravatar.com\/avatar\/dde2928154642a13d95f87ddf1ea9718fe2b46760a005c53e41ff5ad610704e6?s=96&d=mm&r=g","contentUrl":"https:\/\/secure.gravatar.com\/avatar\/dde2928154642a13d95f87ddf1ea9718fe2b46760a005c53e41ff5ad610704e6?s=96&d=mm&r=g","caption":"Nexo Informativo"},"url":"https:\/\/www.nexoinformativo.mx\/index.php\/author\/edicion\/"}]}},"_links":{"self":[{"href":"https:\/\/www.nexoinformativo.mx\/index.php\/wp-json\/wp\/v2\/posts\/6943","targetHints":{"allow":["GET"]}}],"collection":[{"href":"https:\/\/www.nexoinformativo.mx\/index.php\/wp-json\/wp\/v2\/posts"}],"about":[{"href":"https:\/\/www.nexoinformativo.mx\/index.php\/wp-json\/wp\/v2\/types\/post"}],"author":[{"embeddable":true,"href":"https:\/\/www.nexoinformativo.mx\/index.php\/wp-json\/wp\/v2\/users\/3"}],"replies":[{"embeddable":true,"href":"https:\/\/www.nexoinformativo.mx\/index.php\/wp-json\/wp\/v2\/comments?post=6943"}],"version-history":[{"count":3,"href":"https:\/\/www.nexoinformativo.mx\/index.php\/wp-json\/wp\/v2\/posts\/6943\/revisions"}],"predecessor-version":[{"id":6947,"href":"https:\/\/www.nexoinformativo.mx\/index.php\/wp-json\/wp\/v2\/posts\/6943\/revisions\/6947"}],"wp:featuredmedia":[{"embeddable":true,"href":"https:\/\/www.nexoinformativo.mx\/index.php\/wp-json\/wp\/v2\/media\/6944"}],"wp:attachment":[{"href":"https:\/\/www.nexoinformativo.mx\/index.php\/wp-json\/wp\/v2\/media?parent=6943"}],"wp:term":[{"taxonomy":"category","embeddable":true,"href":"https:\/\/www.nexoinformativo.mx\/index.php\/wp-json\/wp\/v2\/categories?post=6943"},{"taxonomy":"post_tag","embeddable":true,"href":"https:\/\/www.nexoinformativo.mx\/index.php\/wp-json\/wp\/v2\/tags?post=6943"}],"curies":[{"name":"wp","href":"https:\/\/api.w.org\/{rel}","templated":true}]}}