{"id":6948,"date":"2024-11-25T19:00:13","date_gmt":"2024-11-26T01:00:13","guid":{"rendered":"https:\/\/www.nexoinformativo.mx\/?p=6948"},"modified":"2024-11-25T19:17:44","modified_gmt":"2024-11-26T01:17:44","slug":"el-marques-se-une-en-la-lucha-contra-la-violencia-de-genero-mil-200-mujeres-se-suman-a-la-causa","status":"publish","type":"post","link":"https:\/\/www.nexoinformativo.mx\/index.php\/2024\/11\/25\/el-marques-se-une-en-la-lucha-contra-la-violencia-de-genero-mil-200-mujeres-se-suman-a-la-causa\/","title":{"rendered":"El Marqu\u00e9s se une en la lucha contra la violencia de g\u00e9nero: Mil 200 mujeres se suman a la causa"},"content":{"rendered":"<p style=\"text-align: justify;\" data-sourcepos=\"9:1-9:386\">El municipio de El Marqu\u00e9s dio un paso significativo en la lucha contra la violencia de g\u00e9nero al llevar a cabo un conversatorio masivo con la participaci\u00f3n de mil 200 mujeres.<\/p>\n<p>&nbsp;<\/p>\n<p style=\"text-align: justify;\" data-sourcepos=\"9:1-9:386\">El evento, encabezado por el presidente municipal Rodrigo Monsalvo, conmemor\u00f3 el D\u00eda Internacional de la Eliminaci\u00f3n de la Violencia contra la Mujer y ofreci\u00f3 un espacio de reflexi\u00f3n y empoderamiento.<\/p>\n<p>&nbsp;<\/p>\n<p style=\"text-align: justify;\" data-sourcepos=\"11:1-11:317\">Durante el conversatorio, se abordaron temas cruciales para concientizar sobre la violencia de g\u00e9nero y sus consecuencias.<\/p>\n<p>&nbsp;<\/p>\n<p style=\"text-align: justify;\" data-sourcepos=\"13:1-13:288\">El presidente municipal Monsalvo Castel\u00e1n destac\u00f3 la importancia de crear un entorno seguro y libre de violencia para todas las mujeres de El Marqu\u00e9s. <strong>&#8220;Invit\u00f3 a las familias marquesinas a unirnos en una sola voz a favor de la vida plena de ni\u00f1as y mujeres marquesinas&#8221;<\/strong>, expres\u00f3.<\/p>\n<p>&nbsp;<\/p>\n<p style=\"text-align: justify;\" data-sourcepos=\"15:1-15:255\">Por su parte, el director del Instituto Municipal para Prevenir Adicciones y Conductas de Riesgo, Rafael Jim\u00e9nez L\u00f3pez, enfatiz\u00f3 la necesidad de no normalizar la violencia y resalt\u00f3 los esfuerzos del municipio para promover la salud mental de las mujeres.<\/p>\n<p>&nbsp;<\/p>\n<p style=\"text-align: justify;\" data-sourcepos=\"17:1-17:169\">La directora del Instituto Municipal de la Mujer, Luc\u00eda Ferrusca Rivera, invit\u00f3 a las mujeres a denunciar cualquier situaci\u00f3n de violencia y a buscar el apoyo necesario.<\/p>\n<p>&nbsp;<\/p>\n<p style=\"text-align: justify;\" data-sourcepos=\"19:1-19:149\">Este evento demuestra el compromiso del municipio de El Marqu\u00e9s por erradicar la violencia de g\u00e9nero y construir una sociedad m\u00e1s justa y equitativa.<\/p>\n<p>&nbsp;<\/p>\n<p style=\"text-align: center;\" data-sourcepos=\"19:1-19:149\"><em><strong>\u00a1Informaci\u00f3n que transforma!<\/strong><\/em><\/p>\n","protected":false},"excerpt":{"rendered":"<p>El municipio de El Marqu\u00e9s dio un paso significativo en la lucha contra la violencia de g\u00e9nero al llevar a cabo un conversatorio masivo con la participaci\u00f3n de mil 200 mujeres.<\/p>\n","protected":false},"author":3,"featured_media":6949,"comment_status":"open","ping_status":"open","sticky":false,"template":"","format":"standard","meta":{"footnotes":""},"categories":[65,58],"tags":[2346,149,1417,2304],"class_list":["post-6948","post","type-post","status-publish","format-standard","has-post-thumbnail","hentry","category-municipios","category-ultima-hora","tag-diainternacionalcontralaviolencia","tag-elmarques","tag-empoderamientofemenino","tag-nomasviolencia"],"yoast_head":"<!-- This site is optimized with the Yoast SEO plugin v25.0 - https:\/\/yoast.com\/wordpress\/plugins\/seo\/ -->\n<title>El Marqu\u00e9s se une en la lucha contra la violencia de g\u00e9nero: Mil 200 mujeres se suman a la causa | Nexo Informativo Santiago de Quer\u00e9taro<\/title>\n<meta name=\"description\" content=\"El Marqu\u00e9s se une en la lucha contra la violencia de g\u00e9nero: Mil 200 mujeres se suman a la causa\" \/>\n<meta name=\"robots\" content=\"index, follow, max-snippet:-1, max-image-preview:large, max-video-preview:-1\" \/>\n<link rel=\"canonical\" href=\"https:\/\/www.nexoinformativo.mx\/index.php\/2024\/11\/25\/el-marques-se-une-en-la-lucha-contra-la-violencia-de-genero-mil-200-mujeres-se-suman-a-la-causa\/\" \/>\n<meta property=\"og:locale\" content=\"es_MX\" \/>\n<meta property=\"og:type\" content=\"article\" \/>\n<meta property=\"og:title\" content=\"El Marqu\u00e9s se une en la lucha contra la violencia de g\u00e9nero: Mil 200 mujeres se suman a la causa | Nexo Informativo Santiago de Quer\u00e9taro\" \/>\n<meta property=\"og:description\" content=\"El Marqu\u00e9s se une en la lucha contra la violencia de g\u00e9nero: Mil 200 mujeres se suman a la causa\" \/>\n<meta property=\"og:url\" content=\"https:\/\/www.nexoinformativo.mx\/index.php\/2024\/11\/25\/el-marques-se-une-en-la-lucha-contra-la-violencia-de-genero-mil-200-mujeres-se-suman-a-la-causa\/\" \/>\n<meta property=\"og:site_name\" content=\"Nexo Informativo Santiago de Quer\u00e9taro\" \/>\n<meta property=\"article:publisher\" content=\"https:\/\/www.facebook.com\/people\/Nexo-Informativo\/61564066885511\/\" \/>\n<meta property=\"article:published_time\" content=\"2024-11-26T01:00:13+00:00\" \/>\n<meta property=\"article:modified_time\" content=\"2024-11-26T01:17:44+00:00\" \/>\n<meta property=\"og:image\" content=\"https:\/\/www.nexoinformativo.mx\/wp-content\/uploads\/2024\/11\/PHOTO-2024-11-25-18-40-47-scaled-e1732583713549.jpg\" \/>\n\t<meta property=\"og:image:width\" content=\"700\" \/>\n\t<meta property=\"og:image:height\" content=\"467\" \/>\n\t<meta property=\"og:image:type\" content=\"image\/jpeg\" \/>\n<meta name=\"author\" content=\"Nexo Informativo\" \/>\n<meta name=\"twitter:card\" content=\"summary_large_image\" \/>\n<meta name=\"twitter:label1\" content=\"Escrito por\" \/>\n\t<meta name=\"twitter:data1\" content=\"Nexo Informativo\" \/>\n\t<meta name=\"twitter:label2\" content=\"Tiempo de lectura\" \/>\n\t<meta name=\"twitter:data2\" content=\"2 minutos\" \/>\n<script type=\"application\/ld+json\" class=\"yoast-schema-graph\">{\"@context\":\"https:\/\/schema.org\",\"@graph\":[{\"@type\":\"Article\",\"@id\":\"https:\/\/www.nexoinformativo.mx\/index.php\/2024\/11\/25\/el-marques-se-une-en-la-lucha-contra-la-violencia-de-genero-mil-200-mujeres-se-suman-a-la-causa\/#article\",\"isPartOf\":{\"@id\":\"https:\/\/www.nexoinformativo.mx\/index.php\/2024\/11\/25\/el-marques-se-une-en-la-lucha-contra-la-violencia-de-genero-mil-200-mujeres-se-suman-a-la-causa\/\"},\"author\":{\"name\":\"Nexo Informativo\",\"@id\":\"https:\/\/www.nexoinformativo.mx\/#\/schema\/person\/7749d380ba08c8ca00d7bc76fd907b7d\"},\"headline\":\"El Marqu\u00e9s se une en la lucha contra la violencia de g\u00e9nero: Mil 200 mujeres se suman a la causa\",\"datePublished\":\"2024-11-26T01:00:13+00:00\",\"dateModified\":\"2024-11-26T01:17:44+00:00\",\"mainEntityOfPage\":{\"@id\":\"https:\/\/www.nexoinformativo.mx\/index.php\/2024\/11\/25\/el-marques-se-une-en-la-lucha-contra-la-violencia-de-genero-mil-200-mujeres-se-suman-a-la-causa\/\"},\"wordCount\":264,\"commentCount\":0,\"publisher\":{\"@id\":\"https:\/\/www.nexoinformativo.mx\/#organization\"},\"image\":{\"@id\":\"https:\/\/www.nexoinformativo.mx\/index.php\/2024\/11\/25\/el-marques-se-une-en-la-lucha-contra-la-violencia-de-genero-mil-200-mujeres-se-suman-a-la-causa\/#primaryimage\"},\"thumbnailUrl\":\"https:\/\/www.nexoinformativo.mx\/wp-content\/uploads\/2024\/11\/PHOTO-2024-11-25-18-40-47-scaled-e1732583713549.jpg\",\"keywords\":[\"D\u00edaInternacionalContraLaViolencia\",\"elmarques\",\"EmpoderamientoFemenino\",\"NoM\u00e1sViolencia\"],\"articleSection\":[\"Municipios\",\"\u00daltima Hora\"],\"inLanguage\":\"es\",\"potentialAction\":[{\"@type\":\"CommentAction\",\"name\":\"Comment\",\"target\":[\"https:\/\/www.nexoinformativo.mx\/index.php\/2024\/11\/25\/el-marques-se-une-en-la-lucha-contra-la-violencia-de-genero-mil-200-mujeres-se-suman-a-la-causa\/#respond\"]}]},{\"@type\":\"WebPage\",\"@id\":\"https:\/\/www.nexoinformativo.mx\/index.php\/2024\/11\/25\/el-marques-se-une-en-la-lucha-contra-la-violencia-de-genero-mil-200-mujeres-se-suman-a-la-causa\/\",\"url\":\"https:\/\/www.nexoinformativo.mx\/index.php\/2024\/11\/25\/el-marques-se-une-en-la-lucha-contra-la-violencia-de-genero-mil-200-mujeres-se-suman-a-la-causa\/\",\"name\":\"El Marqu\u00e9s se une en la lucha contra la violencia de g\u00e9nero: Mil 200 mujeres se suman a la causa | Nexo Informativo Santiago de Quer\u00e9taro\",\"isPartOf\":{\"@id\":\"https:\/\/www.nexoinformativo.mx\/#website\"},\"primaryImageOfPage\":{\"@id\":\"https:\/\/www.nexoinformativo.mx\/index.php\/2024\/11\/25\/el-marques-se-une-en-la-lucha-contra-la-violencia-de-genero-mil-200-mujeres-se-suman-a-la-causa\/#primaryimage\"},\"image\":{\"@id\":\"https:\/\/www.nexoinformativo.mx\/index.php\/2024\/11\/25\/el-marques-se-une-en-la-lucha-contra-la-violencia-de-genero-mil-200-mujeres-se-suman-a-la-causa\/#primaryimage\"},\"thumbnailUrl\":\"https:\/\/www.nexoinformativo.mx\/wp-content\/uploads\/2024\/11\/PHOTO-2024-11-25-18-40-47-scaled-e1732583713549.jpg\",\"datePublished\":\"2024-11-26T01:00:13+00:00\",\"dateModified\":\"2024-11-26T01:17:44+00:00\",\"description\":\"El Marqu\u00e9s se une en la lucha contra la violencia de g\u00e9nero: Mil 200 mujeres se suman a la causa\",\"breadcrumb\":{\"@id\":\"https:\/\/www.nexoinformativo.mx\/index.php\/2024\/11\/25\/el-marques-se-une-en-la-lucha-contra-la-violencia-de-genero-mil-200-mujeres-se-suman-a-la-causa\/#breadcrumb\"},\"inLanguage\":\"es\",\"potentialAction\":[{\"@type\":\"ReadAction\",\"target\":[\"https:\/\/www.nexoinformativo.mx\/index.php\/2024\/11\/25\/el-marques-se-une-en-la-lucha-contra-la-violencia-de-genero-mil-200-mujeres-se-suman-a-la-causa\/\"]}]},{\"@type\":\"ImageObject\",\"inLanguage\":\"es\",\"@id\":\"https:\/\/www.nexoinformativo.mx\/index.php\/2024\/11\/25\/el-marques-se-une-en-la-lucha-contra-la-violencia-de-genero-mil-200-mujeres-se-suman-a-la-causa\/#primaryimage\",\"url\":\"https:\/\/www.nexoinformativo.mx\/wp-content\/uploads\/2024\/11\/PHOTO-2024-11-25-18-40-47-scaled-e1732583713549.jpg\",\"contentUrl\":\"https:\/\/www.nexoinformativo.mx\/wp-content\/uploads\/2024\/11\/PHOTO-2024-11-25-18-40-47-scaled-e1732583713549.jpg\",\"width\":700,\"height\":467},{\"@type\":\"BreadcrumbList\",\"@id\":\"https:\/\/www.nexoinformativo.mx\/index.php\/2024\/11\/25\/el-marques-se-une-en-la-lucha-contra-la-violencia-de-genero-mil-200-mujeres-se-suman-a-la-causa\/#breadcrumb\",\"itemListElement\":[{\"@type\":\"ListItem\",\"position\":1,\"name\":\"Inicio\",\"item\":\"https:\/\/www.nexoinformativo.mx\/\"},{\"@type\":\"ListItem\",\"position\":2,\"name\":\"El Marqu\u00e9s se une en la lucha contra la violencia de g\u00e9nero: Mil 200 mujeres se suman a la causa\"}]},{\"@type\":\"WebSite\",\"@id\":\"https:\/\/www.nexoinformativo.mx\/#website\",\"url\":\"https:\/\/www.nexoinformativo.mx\/\",\"name\":\"Nexo Informativo Santiago de Quer\u00e9taro\",\"description\":\"Explora NexoInformativo y convi\u00e9rtete en parte de una comunidad que valora el conocimiento y la verdad. Tu nexoinformativo es tu puente hacia una comprensi\u00f3n m\u00e1s profunda del mundo que te rodea.\",\"publisher\":{\"@id\":\"https:\/\/www.nexoinformativo.mx\/#organization\"},\"potentialAction\":[{\"@type\":\"SearchAction\",\"target\":{\"@type\":\"EntryPoint\",\"urlTemplate\":\"https:\/\/www.nexoinformativo.mx\/?s={search_term_string}\"},\"query-input\":{\"@type\":\"PropertyValueSpecification\",\"valueRequired\":true,\"valueName\":\"search_term_string\"}}],\"inLanguage\":\"es\"},{\"@type\":\"Organization\",\"@id\":\"https:\/\/www.nexoinformativo.mx\/#organization\",\"name\":\"Nexo Informativo Santiago de Quer\u00e9taro\",\"url\":\"https:\/\/www.nexoinformativo.mx\/\",\"logo\":{\"@type\":\"ImageObject\",\"inLanguage\":\"es\",\"@id\":\"https:\/\/www.nexoinformativo.mx\/#\/schema\/logo\/image\/\",\"url\":\"https:\/\/www.nexoinformativo.mx\/wp-content\/uploads\/2024\/07\/nexoi-trasparente-2.png\",\"contentUrl\":\"https:\/\/www.nexoinformativo.mx\/wp-content\/uploads\/2024\/07\/nexoi-trasparente-2.png\",\"width\":816,\"height\":339,\"caption\":\"Nexo Informativo Santiago de Quer\u00e9taro\"},\"image\":{\"@id\":\"https:\/\/www.nexoinformativo.mx\/#\/schema\/logo\/image\/\"},\"sameAs\":[\"https:\/\/www.facebook.com\/people\/Nexo-Informativo\/61564066885511\/\"]},{\"@type\":\"Person\",\"@id\":\"https:\/\/www.nexoinformativo.mx\/#\/schema\/person\/7749d380ba08c8ca00d7bc76fd907b7d\",\"name\":\"Nexo Informativo\",\"image\":{\"@type\":\"ImageObject\",\"inLanguage\":\"es\",\"@id\":\"https:\/\/www.nexoinformativo.mx\/#\/schema\/person\/image\/\",\"url\":\"https:\/\/secure.gravatar.com\/avatar\/dde2928154642a13d95f87ddf1ea9718fe2b46760a005c53e41ff5ad610704e6?s=96&d=mm&r=g\",\"contentUrl\":\"https:\/\/secure.gravatar.com\/avatar\/dde2928154642a13d95f87ddf1ea9718fe2b46760a005c53e41ff5ad610704e6?s=96&d=mm&r=g\",\"caption\":\"Nexo Informativo\"},\"url\":\"https:\/\/www.nexoinformativo.mx\/index.php\/author\/edicion\/\"}]}<\/script>\n<!-- \/ Yoast SEO plugin. -->","yoast_head_json":{"title":"El Marqu\u00e9s se une en la lucha contra la violencia de g\u00e9nero: Mil 200 mujeres se suman a la causa | Nexo Informativo Santiago de Quer\u00e9taro","description":"El Marqu\u00e9s se une en la lucha contra la violencia de g\u00e9nero: Mil 200 mujeres se suman a la causa","robots":{"index":"index","follow":"follow","max-snippet":"max-snippet:-1","max-image-preview":"max-image-preview:large","max-video-preview":"max-video-preview:-1"},"canonical":"https:\/\/www.nexoinformativo.mx\/index.php\/2024\/11\/25\/el-marques-se-une-en-la-lucha-contra-la-violencia-de-genero-mil-200-mujeres-se-suman-a-la-causa\/","og_locale":"es_MX","og_type":"article","og_title":"El Marqu\u00e9s se une en la lucha contra la violencia de g\u00e9nero: Mil 200 mujeres se suman a la causa | Nexo Informativo Santiago de Quer\u00e9taro","og_description":"El Marqu\u00e9s se une en la lucha contra la violencia de g\u00e9nero: Mil 200 mujeres se suman a la causa","og_url":"https:\/\/www.nexoinformativo.mx\/index.php\/2024\/11\/25\/el-marques-se-une-en-la-lucha-contra-la-violencia-de-genero-mil-200-mujeres-se-suman-a-la-causa\/","og_site_name":"Nexo Informativo Santiago de Quer\u00e9taro","article_publisher":"https:\/\/www.facebook.com\/people\/Nexo-Informativo\/61564066885511\/","article_published_time":"2024-11-26T01:00:13+00:00","article_modified_time":"2024-11-26T01:17:44+00:00","og_image":[{"width":700,"height":467,"url":"https:\/\/www.nexoinformativo.mx\/wp-content\/uploads\/2024\/11\/PHOTO-2024-11-25-18-40-47-scaled-e1732583713549.jpg","type":"image\/jpeg"}],"author":"Nexo Informativo","twitter_card":"summary_large_image","twitter_misc":{"Escrito por":"Nexo Informativo","Tiempo de lectura":"2 minutos"},"schema":{"@context":"https:\/\/schema.org","@graph":[{"@type":"Article","@id":"https:\/\/www.nexoinformativo.mx\/index.php\/2024\/11\/25\/el-marques-se-une-en-la-lucha-contra-la-violencia-de-genero-mil-200-mujeres-se-suman-a-la-causa\/#article","isPartOf":{"@id":"https:\/\/www.nexoinformativo.mx\/index.php\/2024\/11\/25\/el-marques-se-une-en-la-lucha-contra-la-violencia-de-genero-mil-200-mujeres-se-suman-a-la-causa\/"},"author":{"name":"Nexo Informativo","@id":"https:\/\/www.nexoinformativo.mx\/#\/schema\/person\/7749d380ba08c8ca00d7bc76fd907b7d"},"headline":"El Marqu\u00e9s se une en la lucha contra la violencia de g\u00e9nero: Mil 200 mujeres se suman a la causa","datePublished":"2024-11-26T01:00:13+00:00","dateModified":"2024-11-26T01:17:44+00:00","mainEntityOfPage":{"@id":"https:\/\/www.nexoinformativo.mx\/index.php\/2024\/11\/25\/el-marques-se-une-en-la-lucha-contra-la-violencia-de-genero-mil-200-mujeres-se-suman-a-la-causa\/"},"wordCount":264,"commentCount":0,"publisher":{"@id":"https:\/\/www.nexoinformativo.mx\/#organization"},"image":{"@id":"https:\/\/www.nexoinformativo.mx\/index.php\/2024\/11\/25\/el-marques-se-une-en-la-lucha-contra-la-violencia-de-genero-mil-200-mujeres-se-suman-a-la-causa\/#primaryimage"},"thumbnailUrl":"https:\/\/www.nexoinformativo.mx\/wp-content\/uploads\/2024\/11\/PHOTO-2024-11-25-18-40-47-scaled-e1732583713549.jpg","keywords":["D\u00edaInternacionalContraLaViolencia","elmarques","EmpoderamientoFemenino","NoM\u00e1sViolencia"],"articleSection":["Municipios","\u00daltima Hora"],"inLanguage":"es","potentialAction":[{"@type":"CommentAction","name":"Comment","target":["https:\/\/www.nexoinformativo.mx\/index.php\/2024\/11\/25\/el-marques-se-une-en-la-lucha-contra-la-violencia-de-genero-mil-200-mujeres-se-suman-a-la-causa\/#respond"]}]},{"@type":"WebPage","@id":"https:\/\/www.nexoinformativo.mx\/index.php\/2024\/11\/25\/el-marques-se-une-en-la-lucha-contra-la-violencia-de-genero-mil-200-mujeres-se-suman-a-la-causa\/","url":"https:\/\/www.nexoinformativo.mx\/index.php\/2024\/11\/25\/el-marques-se-une-en-la-lucha-contra-la-violencia-de-genero-mil-200-mujeres-se-suman-a-la-causa\/","name":"El Marqu\u00e9s se une en la lucha contra la violencia de g\u00e9nero: Mil 200 mujeres se suman a la causa | Nexo Informativo Santiago de Quer\u00e9taro","isPartOf":{"@id":"https:\/\/www.nexoinformativo.mx\/#website"},"primaryImageOfPage":{"@id":"https:\/\/www.nexoinformativo.mx\/index.php\/2024\/11\/25\/el-marques-se-une-en-la-lucha-contra-la-violencia-de-genero-mil-200-mujeres-se-suman-a-la-causa\/#primaryimage"},"image":{"@id":"https:\/\/www.nexoinformativo.mx\/index.php\/2024\/11\/25\/el-marques-se-une-en-la-lucha-contra-la-violencia-de-genero-mil-200-mujeres-se-suman-a-la-causa\/#primaryimage"},"thumbnailUrl":"https:\/\/www.nexoinformativo.mx\/wp-content\/uploads\/2024\/11\/PHOTO-2024-11-25-18-40-47-scaled-e1732583713549.jpg","datePublished":"2024-11-26T01:00:13+00:00","dateModified":"2024-11-26T01:17:44+00:00","description":"El Marqu\u00e9s se une en la lucha contra la violencia de g\u00e9nero: Mil 200 mujeres se suman a la causa","breadcrumb":{"@id":"https:\/\/www.nexoinformativo.mx\/index.php\/2024\/11\/25\/el-marques-se-une-en-la-lucha-contra-la-violencia-de-genero-mil-200-mujeres-se-suman-a-la-causa\/#breadcrumb"},"inLanguage":"es","potentialAction":[{"@type":"ReadAction","target":["https:\/\/www.nexoinformativo.mx\/index.php\/2024\/11\/25\/el-marques-se-une-en-la-lucha-contra-la-violencia-de-genero-mil-200-mujeres-se-suman-a-la-causa\/"]}]},{"@type":"ImageObject","inLanguage":"es","@id":"https:\/\/www.nexoinformativo.mx\/index.php\/2024\/11\/25\/el-marques-se-une-en-la-lucha-contra-la-violencia-de-genero-mil-200-mujeres-se-suman-a-la-causa\/#primaryimage","url":"https:\/\/www.nexoinformativo.mx\/wp-content\/uploads\/2024\/11\/PHOTO-2024-11-25-18-40-47-scaled-e1732583713549.jpg","contentUrl":"https:\/\/www.nexoinformativo.mx\/wp-content\/uploads\/2024\/11\/PHOTO-2024-11-25-18-40-47-scaled-e1732583713549.jpg","width":700,"height":467},{"@type":"BreadcrumbList","@id":"https:\/\/www.nexoinformativo.mx\/index.php\/2024\/11\/25\/el-marques-se-une-en-la-lucha-contra-la-violencia-de-genero-mil-200-mujeres-se-suman-a-la-causa\/#breadcrumb","itemListElement":[{"@type":"ListItem","position":1,"name":"Inicio","item":"https:\/\/www.nexoinformativo.mx\/"},{"@type":"ListItem","position":2,"name":"El Marqu\u00e9s se une en la lucha contra la violencia de g\u00e9nero: Mil 200 mujeres se suman a la causa"}]},{"@type":"WebSite","@id":"https:\/\/www.nexoinformativo.mx\/#website","url":"https:\/\/www.nexoinformativo.mx\/","name":"Nexo Informativo Santiago de Quer\u00e9taro","description":"Explora NexoInformativo y convi\u00e9rtete en parte de una comunidad que valora el conocimiento y la verdad. Tu nexoinformativo es tu puente hacia una comprensi\u00f3n m\u00e1s profunda del mundo que te rodea.","publisher":{"@id":"https:\/\/www.nexoinformativo.mx\/#organization"},"potentialAction":[{"@type":"SearchAction","target":{"@type":"EntryPoint","urlTemplate":"https:\/\/www.nexoinformativo.mx\/?s={search_term_string}"},"query-input":{"@type":"PropertyValueSpecification","valueRequired":true,"valueName":"search_term_string"}}],"inLanguage":"es"},{"@type":"Organization","@id":"https:\/\/www.nexoinformativo.mx\/#organization","name":"Nexo Informativo Santiago de Quer\u00e9taro","url":"https:\/\/www.nexoinformativo.mx\/","logo":{"@type":"ImageObject","inLanguage":"es","@id":"https:\/\/www.nexoinformativo.mx\/#\/schema\/logo\/image\/","url":"https:\/\/www.nexoinformativo.mx\/wp-content\/uploads\/2024\/07\/nexoi-trasparente-2.png","contentUrl":"https:\/\/www.nexoinformativo.mx\/wp-content\/uploads\/2024\/07\/nexoi-trasparente-2.png","width":816,"height":339,"caption":"Nexo Informativo Santiago de Quer\u00e9taro"},"image":{"@id":"https:\/\/www.nexoinformativo.mx\/#\/schema\/logo\/image\/"},"sameAs":["https:\/\/www.facebook.com\/people\/Nexo-Informativo\/61564066885511\/"]},{"@type":"Person","@id":"https:\/\/www.nexoinformativo.mx\/#\/schema\/person\/7749d380ba08c8ca00d7bc76fd907b7d","name":"Nexo Informativo","image":{"@type":"ImageObject","inLanguage":"es","@id":"https:\/\/www.nexoinformativo.mx\/#\/schema\/person\/image\/","url":"https:\/\/secure.gravatar.com\/avatar\/dde2928154642a13d95f87ddf1ea9718fe2b46760a005c53e41ff5ad610704e6?s=96&d=mm&r=g","contentUrl":"https:\/\/secure.gravatar.com\/avatar\/dde2928154642a13d95f87ddf1ea9718fe2b46760a005c53e41ff5ad610704e6?s=96&d=mm&r=g","caption":"Nexo Informativo"},"url":"https:\/\/www.nexoinformativo.mx\/index.php\/author\/edicion\/"}]}},"_links":{"self":[{"href":"https:\/\/www.nexoinformativo.mx\/index.php\/wp-json\/wp\/v2\/posts\/6948","targetHints":{"allow":["GET"]}}],"collection":[{"href":"https:\/\/www.nexoinformativo.mx\/index.php\/wp-json\/wp\/v2\/posts"}],"about":[{"href":"https:\/\/www.nexoinformativo.mx\/index.php\/wp-json\/wp\/v2\/types\/post"}],"author":[{"embeddable":true,"href":"https:\/\/www.nexoinformativo.mx\/index.php\/wp-json\/wp\/v2\/users\/3"}],"replies":[{"embeddable":true,"href":"https:\/\/www.nexoinformativo.mx\/index.php\/wp-json\/wp\/v2\/comments?post=6948"}],"version-history":[{"count":5,"href":"https:\/\/www.nexoinformativo.mx\/index.php\/wp-json\/wp\/v2\/posts\/6948\/revisions"}],"predecessor-version":[{"id":6951,"href":"https:\/\/www.nexoinformativo.mx\/index.php\/wp-json\/wp\/v2\/posts\/6948\/revisions\/6951"}],"wp:featuredmedia":[{"embeddable":true,"href":"https:\/\/www.nexoinformativo.mx\/index.php\/wp-json\/wp\/v2\/media\/6949"}],"wp:attachment":[{"href":"https:\/\/www.nexoinformativo.mx\/index.php\/wp-json\/wp\/v2\/media?parent=6948"}],"wp:term":[{"taxonomy":"category","embeddable":true,"href":"https:\/\/www.nexoinformativo.mx\/index.php\/wp-json\/wp\/v2\/categories?post=6948"},{"taxonomy":"post_tag","embeddable":true,"href":"https:\/\/www.nexoinformativo.mx\/index.php\/wp-json\/wp\/v2\/tags?post=6948"}],"curies":[{"name":"wp","href":"https:\/\/api.w.org\/{rel}","templated":true}]}}