{"id":6979,"date":"2024-11-26T07:00:11","date_gmt":"2024-11-26T13:00:11","guid":{"rendered":"https:\/\/www.nexoinformativo.mx\/?p=6979"},"modified":"2024-11-26T08:27:02","modified_gmt":"2024-11-26T14:27:02","slug":"queretaro-registra-cero-defunciones-por-covid-19-y-baja-en-casos-activos","status":"publish","type":"post","link":"https:\/\/www.nexoinformativo.mx\/index.php\/2024\/11\/26\/queretaro-registra-cero-defunciones-por-covid-19-y-baja-en-casos-activos\/","title":{"rendered":"Quer\u00e9taro registra cero defunciones por COVID-19 y baja en casos activos"},"content":{"rendered":"<p style=\"text-align: justify;\" data-sourcepos=\"9:1-9:294\">La Secretar\u00eda de Salud del estado inform\u00f3 este lunes que no se registraron nuevas defunciones por COVID-19 en las \u00faltimas 24 horas.<\/p>\n<p style=\"text-align: justify;\" data-sourcepos=\"9:1-9:294\">Adem\u00e1s, se report\u00f3 un leve incremento de ocho casos confirmados en la \u00faltima semana, todos con s\u00edntomas leves y aislados en sus domicilios.<\/p>\n<p>&nbsp;<\/p>\n<p style=\"text-align: justify;\" data-sourcepos=\"11:1-11:292\">Con estos datos, el estado acumula un total de 197 mil 137 casos confirmados desde el inicio de la pandemia, de los cuales 190 mil 79 pacientes ya se han recuperado por completo.<\/p>\n<p>&nbsp;<\/p>\n<p style=\"text-align: justify;\" data-sourcepos=\"11:1-11:292\">Es importante destacar que no se tiene registro de ning\u00fan paciente hospitalizado por COVID-19 con s\u00edntomas leves.<\/p>\n<p>&nbsp;<\/p>\n<p style=\"text-align: justify;\" data-sourcepos=\"13:1-13:360\">Ante este panorama, las autoridades sanitarias reiteran la importancia de mantener las medidas preventivas, como el lavado frecuente de manos, el uso de cubrebocas en espacios cerrados y la vacunaci\u00f3n completa.<\/p>\n<p>&nbsp;<\/p>\n<p style=\"text-align: justify;\" data-sourcepos=\"13:1-13:360\">Asimismo, se exhorta a la poblaci\u00f3n a no automedicarse y a comunicarse al call center estatal 4421015205 en caso de presentar s\u00edntomas respiratorios. Para m\u00e1s informaci\u00f3n sobre COVID-19 se puede consultar en los micrositios:\u00a0 <strong><a href=\"https:\/\/coronavirus.gob.mx\/\" target=\"_blank\" rel=\"noopener\" data-saferedirecturl=\"https:\/\/www.google.com\/url?q=https:\/\/coronavirus.gob.mx\/&amp;source=gmail&amp;ust=1732716220562000&amp;usg=AOvVaw3mGVaXVXkbYJjnOB_VwaQW\">coronavirus.gob.mx\/<\/a> y <a href=\"https:\/\/queretaro.gob.mx\/covid19\" target=\"_blank\" rel=\"noopener\" data-saferedirecturl=\"https:\/\/www.google.com\/url?q=https:\/\/queretaro.gob.mx\/covid19&amp;source=gmail&amp;ust=1732716220562000&amp;usg=AOvVaw2uajnsTqX8oa7MUPMPvTEE\">queretaro.gob.mx\/covid19\u00a0<\/a><\/strong><\/p>\n<p>&nbsp;<\/p>\n<p style=\"text-align: center;\" data-sourcepos=\"13:1-13:360\"><em><strong>\u00a1Informaci\u00f3n que transforma!<\/strong><\/em><\/p>\n","protected":false},"excerpt":{"rendered":"<p>La Secretar\u00eda de Salud del estado inform\u00f3 este lunes que no se registraron nuevas defunciones por COVID-19 en las \u00faltimas 24 horas.<\/p>\n","protected":false},"author":3,"featured_media":6980,"comment_status":"open","ping_status":"open","sticky":false,"template":"","format":"standard","meta":{"footnotes":""},"categories":[42,58],"tags":[1852,806,133,139],"class_list":["post-6979","post","type-post","status-publish","format-standard","has-post-thumbnail","hentry","category-estado","category-ultima-hora","tag-covid19","tag-prevencion","tag-queretaro","tag-salud"],"yoast_head":"<!-- This site is optimized with the Yoast SEO plugin v25.0 - https:\/\/yoast.com\/wordpress\/plugins\/seo\/ -->\n<title>Quer\u00e9taro registra cero defunciones por COVID-19 y baja en casos activos | Nexo Informativo Santiago de Quer\u00e9taro<\/title>\n<meta name=\"description\" content=\"Quer\u00e9taro registra cero defunciones por COVID-19 y baja en casos activos\" \/>\n<meta name=\"robots\" content=\"index, follow, max-snippet:-1, max-image-preview:large, max-video-preview:-1\" \/>\n<link rel=\"canonical\" href=\"https:\/\/www.nexoinformativo.mx\/index.php\/2024\/11\/26\/queretaro-registra-cero-defunciones-por-covid-19-y-baja-en-casos-activos\/\" \/>\n<meta property=\"og:locale\" content=\"es_MX\" \/>\n<meta property=\"og:type\" content=\"article\" \/>\n<meta property=\"og:title\" content=\"Quer\u00e9taro registra cero defunciones por COVID-19 y baja en casos activos | Nexo Informativo Santiago de Quer\u00e9taro\" \/>\n<meta property=\"og:description\" content=\"Quer\u00e9taro registra cero defunciones por COVID-19 y baja en casos activos\" \/>\n<meta property=\"og:url\" content=\"https:\/\/www.nexoinformativo.mx\/index.php\/2024\/11\/26\/queretaro-registra-cero-defunciones-por-covid-19-y-baja-en-casos-activos\/\" \/>\n<meta property=\"og:site_name\" content=\"Nexo Informativo Santiago de Quer\u00e9taro\" \/>\n<meta property=\"article:publisher\" content=\"https:\/\/www.facebook.com\/people\/Nexo-Informativo\/61564066885511\/\" \/>\n<meta property=\"article:published_time\" content=\"2024-11-26T13:00:11+00:00\" \/>\n<meta property=\"article:modified_time\" content=\"2024-11-26T14:27:02+00:00\" \/>\n<meta property=\"og:image\" content=\"https:\/\/www.nexoinformativo.mx\/wp-content\/uploads\/2024\/11\/IMG_8168-e1732631132239.jpg\" \/>\n\t<meta property=\"og:image:width\" content=\"750\" \/>\n\t<meta property=\"og:image:height\" content=\"748\" \/>\n\t<meta property=\"og:image:type\" content=\"image\/jpeg\" \/>\n<meta name=\"author\" content=\"Nexo Informativo\" \/>\n<meta name=\"twitter:card\" content=\"summary_large_image\" \/>\n<meta name=\"twitter:label1\" content=\"Escrito por\" \/>\n\t<meta name=\"twitter:data1\" content=\"Nexo Informativo\" \/>\n\t<meta name=\"twitter:label2\" content=\"Tiempo de lectura\" \/>\n\t<meta name=\"twitter:data2\" content=\"1 minuto\" \/>\n<script type=\"application\/ld+json\" class=\"yoast-schema-graph\">{\"@context\":\"https:\/\/schema.org\",\"@graph\":[{\"@type\":\"Article\",\"@id\":\"https:\/\/www.nexoinformativo.mx\/index.php\/2024\/11\/26\/queretaro-registra-cero-defunciones-por-covid-19-y-baja-en-casos-activos\/#article\",\"isPartOf\":{\"@id\":\"https:\/\/www.nexoinformativo.mx\/index.php\/2024\/11\/26\/queretaro-registra-cero-defunciones-por-covid-19-y-baja-en-casos-activos\/\"},\"author\":{\"name\":\"Nexo Informativo\",\"@id\":\"https:\/\/www.nexoinformativo.mx\/#\/schema\/person\/7749d380ba08c8ca00d7bc76fd907b7d\"},\"headline\":\"Quer\u00e9taro registra cero defunciones por COVID-19 y baja en casos activos\",\"datePublished\":\"2024-11-26T13:00:11+00:00\",\"dateModified\":\"2024-11-26T14:27:02+00:00\",\"mainEntityOfPage\":{\"@id\":\"https:\/\/www.nexoinformativo.mx\/index.php\/2024\/11\/26\/queretaro-registra-cero-defunciones-por-covid-19-y-baja-en-casos-activos\/\"},\"wordCount\":193,\"commentCount\":0,\"publisher\":{\"@id\":\"https:\/\/www.nexoinformativo.mx\/#organization\"},\"image\":{\"@id\":\"https:\/\/www.nexoinformativo.mx\/index.php\/2024\/11\/26\/queretaro-registra-cero-defunciones-por-covid-19-y-baja-en-casos-activos\/#primaryimage\"},\"thumbnailUrl\":\"https:\/\/www.nexoinformativo.mx\/wp-content\/uploads\/2024\/11\/IMG_8168-e1732631132239.jpg\",\"keywords\":[\"COVID19\",\"Prevenci\u00f3n\",\"Quer\u00e9taro\",\"salud\"],\"articleSection\":[\"Estado\",\"\u00daltima Hora\"],\"inLanguage\":\"es\",\"potentialAction\":[{\"@type\":\"CommentAction\",\"name\":\"Comment\",\"target\":[\"https:\/\/www.nexoinformativo.mx\/index.php\/2024\/11\/26\/queretaro-registra-cero-defunciones-por-covid-19-y-baja-en-casos-activos\/#respond\"]}]},{\"@type\":\"WebPage\",\"@id\":\"https:\/\/www.nexoinformativo.mx\/index.php\/2024\/11\/26\/queretaro-registra-cero-defunciones-por-covid-19-y-baja-en-casos-activos\/\",\"url\":\"https:\/\/www.nexoinformativo.mx\/index.php\/2024\/11\/26\/queretaro-registra-cero-defunciones-por-covid-19-y-baja-en-casos-activos\/\",\"name\":\"Quer\u00e9taro registra cero defunciones por COVID-19 y baja en casos activos | Nexo Informativo Santiago de Quer\u00e9taro\",\"isPartOf\":{\"@id\":\"https:\/\/www.nexoinformativo.mx\/#website\"},\"primaryImageOfPage\":{\"@id\":\"https:\/\/www.nexoinformativo.mx\/index.php\/2024\/11\/26\/queretaro-registra-cero-defunciones-por-covid-19-y-baja-en-casos-activos\/#primaryimage\"},\"image\":{\"@id\":\"https:\/\/www.nexoinformativo.mx\/index.php\/2024\/11\/26\/queretaro-registra-cero-defunciones-por-covid-19-y-baja-en-casos-activos\/#primaryimage\"},\"thumbnailUrl\":\"https:\/\/www.nexoinformativo.mx\/wp-content\/uploads\/2024\/11\/IMG_8168-e1732631132239.jpg\",\"datePublished\":\"2024-11-26T13:00:11+00:00\",\"dateModified\":\"2024-11-26T14:27:02+00:00\",\"description\":\"Quer\u00e9taro registra cero defunciones por COVID-19 y baja en casos activos\",\"breadcrumb\":{\"@id\":\"https:\/\/www.nexoinformativo.mx\/index.php\/2024\/11\/26\/queretaro-registra-cero-defunciones-por-covid-19-y-baja-en-casos-activos\/#breadcrumb\"},\"inLanguage\":\"es\",\"potentialAction\":[{\"@type\":\"ReadAction\",\"target\":[\"https:\/\/www.nexoinformativo.mx\/index.php\/2024\/11\/26\/queretaro-registra-cero-defunciones-por-covid-19-y-baja-en-casos-activos\/\"]}]},{\"@type\":\"ImageObject\",\"inLanguage\":\"es\",\"@id\":\"https:\/\/www.nexoinformativo.mx\/index.php\/2024\/11\/26\/queretaro-registra-cero-defunciones-por-covid-19-y-baja-en-casos-activos\/#primaryimage\",\"url\":\"https:\/\/www.nexoinformativo.mx\/wp-content\/uploads\/2024\/11\/IMG_8168-e1732631132239.jpg\",\"contentUrl\":\"https:\/\/www.nexoinformativo.mx\/wp-content\/uploads\/2024\/11\/IMG_8168-e1732631132239.jpg\",\"width\":750,\"height\":748},{\"@type\":\"BreadcrumbList\",\"@id\":\"https:\/\/www.nexoinformativo.mx\/index.php\/2024\/11\/26\/queretaro-registra-cero-defunciones-por-covid-19-y-baja-en-casos-activos\/#breadcrumb\",\"itemListElement\":[{\"@type\":\"ListItem\",\"position\":1,\"name\":\"Inicio\",\"item\":\"https:\/\/www.nexoinformativo.mx\/\"},{\"@type\":\"ListItem\",\"position\":2,\"name\":\"Quer\u00e9taro registra cero defunciones por COVID-19 y baja en casos activos\"}]},{\"@type\":\"WebSite\",\"@id\":\"https:\/\/www.nexoinformativo.mx\/#website\",\"url\":\"https:\/\/www.nexoinformativo.mx\/\",\"name\":\"Nexo Informativo Santiago de Quer\u00e9taro\",\"description\":\"Explora NexoInformativo y convi\u00e9rtete en parte de una comunidad que valora el conocimiento y la verdad. Tu nexoinformativo es tu puente hacia una comprensi\u00f3n m\u00e1s profunda del mundo que te rodea.\",\"publisher\":{\"@id\":\"https:\/\/www.nexoinformativo.mx\/#organization\"},\"potentialAction\":[{\"@type\":\"SearchAction\",\"target\":{\"@type\":\"EntryPoint\",\"urlTemplate\":\"https:\/\/www.nexoinformativo.mx\/?s={search_term_string}\"},\"query-input\":{\"@type\":\"PropertyValueSpecification\",\"valueRequired\":true,\"valueName\":\"search_term_string\"}}],\"inLanguage\":\"es\"},{\"@type\":\"Organization\",\"@id\":\"https:\/\/www.nexoinformativo.mx\/#organization\",\"name\":\"Nexo Informativo Santiago de Quer\u00e9taro\",\"url\":\"https:\/\/www.nexoinformativo.mx\/\",\"logo\":{\"@type\":\"ImageObject\",\"inLanguage\":\"es\",\"@id\":\"https:\/\/www.nexoinformativo.mx\/#\/schema\/logo\/image\/\",\"url\":\"https:\/\/www.nexoinformativo.mx\/wp-content\/uploads\/2024\/07\/nexoi-trasparente-2.png\",\"contentUrl\":\"https:\/\/www.nexoinformativo.mx\/wp-content\/uploads\/2024\/07\/nexoi-trasparente-2.png\",\"width\":816,\"height\":339,\"caption\":\"Nexo Informativo Santiago de Quer\u00e9taro\"},\"image\":{\"@id\":\"https:\/\/www.nexoinformativo.mx\/#\/schema\/logo\/image\/\"},\"sameAs\":[\"https:\/\/www.facebook.com\/people\/Nexo-Informativo\/61564066885511\/\"]},{\"@type\":\"Person\",\"@id\":\"https:\/\/www.nexoinformativo.mx\/#\/schema\/person\/7749d380ba08c8ca00d7bc76fd907b7d\",\"name\":\"Nexo Informativo\",\"image\":{\"@type\":\"ImageObject\",\"inLanguage\":\"es\",\"@id\":\"https:\/\/www.nexoinformativo.mx\/#\/schema\/person\/image\/\",\"url\":\"https:\/\/secure.gravatar.com\/avatar\/dde2928154642a13d95f87ddf1ea9718fe2b46760a005c53e41ff5ad610704e6?s=96&d=mm&r=g\",\"contentUrl\":\"https:\/\/secure.gravatar.com\/avatar\/dde2928154642a13d95f87ddf1ea9718fe2b46760a005c53e41ff5ad610704e6?s=96&d=mm&r=g\",\"caption\":\"Nexo Informativo\"},\"url\":\"https:\/\/www.nexoinformativo.mx\/index.php\/author\/edicion\/\"}]}<\/script>\n<!-- \/ Yoast SEO plugin. -->","yoast_head_json":{"title":"Quer\u00e9taro registra cero defunciones por COVID-19 y baja en casos activos | Nexo Informativo Santiago de Quer\u00e9taro","description":"Quer\u00e9taro registra cero defunciones por COVID-19 y baja en casos activos","robots":{"index":"index","follow":"follow","max-snippet":"max-snippet:-1","max-image-preview":"max-image-preview:large","max-video-preview":"max-video-preview:-1"},"canonical":"https:\/\/www.nexoinformativo.mx\/index.php\/2024\/11\/26\/queretaro-registra-cero-defunciones-por-covid-19-y-baja-en-casos-activos\/","og_locale":"es_MX","og_type":"article","og_title":"Quer\u00e9taro registra cero defunciones por COVID-19 y baja en casos activos | Nexo Informativo Santiago de Quer\u00e9taro","og_description":"Quer\u00e9taro registra cero defunciones por COVID-19 y baja en casos activos","og_url":"https:\/\/www.nexoinformativo.mx\/index.php\/2024\/11\/26\/queretaro-registra-cero-defunciones-por-covid-19-y-baja-en-casos-activos\/","og_site_name":"Nexo Informativo Santiago de Quer\u00e9taro","article_publisher":"https:\/\/www.facebook.com\/people\/Nexo-Informativo\/61564066885511\/","article_published_time":"2024-11-26T13:00:11+00:00","article_modified_time":"2024-11-26T14:27:02+00:00","og_image":[{"width":750,"height":748,"url":"https:\/\/www.nexoinformativo.mx\/wp-content\/uploads\/2024\/11\/IMG_8168-e1732631132239.jpg","type":"image\/jpeg"}],"author":"Nexo Informativo","twitter_card":"summary_large_image","twitter_misc":{"Escrito por":"Nexo Informativo","Tiempo de lectura":"1 minuto"},"schema":{"@context":"https:\/\/schema.org","@graph":[{"@type":"Article","@id":"https:\/\/www.nexoinformativo.mx\/index.php\/2024\/11\/26\/queretaro-registra-cero-defunciones-por-covid-19-y-baja-en-casos-activos\/#article","isPartOf":{"@id":"https:\/\/www.nexoinformativo.mx\/index.php\/2024\/11\/26\/queretaro-registra-cero-defunciones-por-covid-19-y-baja-en-casos-activos\/"},"author":{"name":"Nexo Informativo","@id":"https:\/\/www.nexoinformativo.mx\/#\/schema\/person\/7749d380ba08c8ca00d7bc76fd907b7d"},"headline":"Quer\u00e9taro registra cero defunciones por COVID-19 y baja en casos activos","datePublished":"2024-11-26T13:00:11+00:00","dateModified":"2024-11-26T14:27:02+00:00","mainEntityOfPage":{"@id":"https:\/\/www.nexoinformativo.mx\/index.php\/2024\/11\/26\/queretaro-registra-cero-defunciones-por-covid-19-y-baja-en-casos-activos\/"},"wordCount":193,"commentCount":0,"publisher":{"@id":"https:\/\/www.nexoinformativo.mx\/#organization"},"image":{"@id":"https:\/\/www.nexoinformativo.mx\/index.php\/2024\/11\/26\/queretaro-registra-cero-defunciones-por-covid-19-y-baja-en-casos-activos\/#primaryimage"},"thumbnailUrl":"https:\/\/www.nexoinformativo.mx\/wp-content\/uploads\/2024\/11\/IMG_8168-e1732631132239.jpg","keywords":["COVID19","Prevenci\u00f3n","Quer\u00e9taro","salud"],"articleSection":["Estado","\u00daltima Hora"],"inLanguage":"es","potentialAction":[{"@type":"CommentAction","name":"Comment","target":["https:\/\/www.nexoinformativo.mx\/index.php\/2024\/11\/26\/queretaro-registra-cero-defunciones-por-covid-19-y-baja-en-casos-activos\/#respond"]}]},{"@type":"WebPage","@id":"https:\/\/www.nexoinformativo.mx\/index.php\/2024\/11\/26\/queretaro-registra-cero-defunciones-por-covid-19-y-baja-en-casos-activos\/","url":"https:\/\/www.nexoinformativo.mx\/index.php\/2024\/11\/26\/queretaro-registra-cero-defunciones-por-covid-19-y-baja-en-casos-activos\/","name":"Quer\u00e9taro registra cero defunciones por COVID-19 y baja en casos activos | Nexo Informativo Santiago de Quer\u00e9taro","isPartOf":{"@id":"https:\/\/www.nexoinformativo.mx\/#website"},"primaryImageOfPage":{"@id":"https:\/\/www.nexoinformativo.mx\/index.php\/2024\/11\/26\/queretaro-registra-cero-defunciones-por-covid-19-y-baja-en-casos-activos\/#primaryimage"},"image":{"@id":"https:\/\/www.nexoinformativo.mx\/index.php\/2024\/11\/26\/queretaro-registra-cero-defunciones-por-covid-19-y-baja-en-casos-activos\/#primaryimage"},"thumbnailUrl":"https:\/\/www.nexoinformativo.mx\/wp-content\/uploads\/2024\/11\/IMG_8168-e1732631132239.jpg","datePublished":"2024-11-26T13:00:11+00:00","dateModified":"2024-11-26T14:27:02+00:00","description":"Quer\u00e9taro registra cero defunciones por COVID-19 y baja en casos activos","breadcrumb":{"@id":"https:\/\/www.nexoinformativo.mx\/index.php\/2024\/11\/26\/queretaro-registra-cero-defunciones-por-covid-19-y-baja-en-casos-activos\/#breadcrumb"},"inLanguage":"es","potentialAction":[{"@type":"ReadAction","target":["https:\/\/www.nexoinformativo.mx\/index.php\/2024\/11\/26\/queretaro-registra-cero-defunciones-por-covid-19-y-baja-en-casos-activos\/"]}]},{"@type":"ImageObject","inLanguage":"es","@id":"https:\/\/www.nexoinformativo.mx\/index.php\/2024\/11\/26\/queretaro-registra-cero-defunciones-por-covid-19-y-baja-en-casos-activos\/#primaryimage","url":"https:\/\/www.nexoinformativo.mx\/wp-content\/uploads\/2024\/11\/IMG_8168-e1732631132239.jpg","contentUrl":"https:\/\/www.nexoinformativo.mx\/wp-content\/uploads\/2024\/11\/IMG_8168-e1732631132239.jpg","width":750,"height":748},{"@type":"BreadcrumbList","@id":"https:\/\/www.nexoinformativo.mx\/index.php\/2024\/11\/26\/queretaro-registra-cero-defunciones-por-covid-19-y-baja-en-casos-activos\/#breadcrumb","itemListElement":[{"@type":"ListItem","position":1,"name":"Inicio","item":"https:\/\/www.nexoinformativo.mx\/"},{"@type":"ListItem","position":2,"name":"Quer\u00e9taro registra cero defunciones por COVID-19 y baja en casos activos"}]},{"@type":"WebSite","@id":"https:\/\/www.nexoinformativo.mx\/#website","url":"https:\/\/www.nexoinformativo.mx\/","name":"Nexo Informativo Santiago de Quer\u00e9taro","description":"Explora NexoInformativo y convi\u00e9rtete en parte de una comunidad que valora el conocimiento y la verdad. Tu nexoinformativo es tu puente hacia una comprensi\u00f3n m\u00e1s profunda del mundo que te rodea.","publisher":{"@id":"https:\/\/www.nexoinformativo.mx\/#organization"},"potentialAction":[{"@type":"SearchAction","target":{"@type":"EntryPoint","urlTemplate":"https:\/\/www.nexoinformativo.mx\/?s={search_term_string}"},"query-input":{"@type":"PropertyValueSpecification","valueRequired":true,"valueName":"search_term_string"}}],"inLanguage":"es"},{"@type":"Organization","@id":"https:\/\/www.nexoinformativo.mx\/#organization","name":"Nexo Informativo Santiago de Quer\u00e9taro","url":"https:\/\/www.nexoinformativo.mx\/","logo":{"@type":"ImageObject","inLanguage":"es","@id":"https:\/\/www.nexoinformativo.mx\/#\/schema\/logo\/image\/","url":"https:\/\/www.nexoinformativo.mx\/wp-content\/uploads\/2024\/07\/nexoi-trasparente-2.png","contentUrl":"https:\/\/www.nexoinformativo.mx\/wp-content\/uploads\/2024\/07\/nexoi-trasparente-2.png","width":816,"height":339,"caption":"Nexo Informativo Santiago de Quer\u00e9taro"},"image":{"@id":"https:\/\/www.nexoinformativo.mx\/#\/schema\/logo\/image\/"},"sameAs":["https:\/\/www.facebook.com\/people\/Nexo-Informativo\/61564066885511\/"]},{"@type":"Person","@id":"https:\/\/www.nexoinformativo.mx\/#\/schema\/person\/7749d380ba08c8ca00d7bc76fd907b7d","name":"Nexo Informativo","image":{"@type":"ImageObject","inLanguage":"es","@id":"https:\/\/www.nexoinformativo.mx\/#\/schema\/person\/image\/","url":"https:\/\/secure.gravatar.com\/avatar\/dde2928154642a13d95f87ddf1ea9718fe2b46760a005c53e41ff5ad610704e6?s=96&d=mm&r=g","contentUrl":"https:\/\/secure.gravatar.com\/avatar\/dde2928154642a13d95f87ddf1ea9718fe2b46760a005c53e41ff5ad610704e6?s=96&d=mm&r=g","caption":"Nexo Informativo"},"url":"https:\/\/www.nexoinformativo.mx\/index.php\/author\/edicion\/"}]}},"_links":{"self":[{"href":"https:\/\/www.nexoinformativo.mx\/index.php\/wp-json\/wp\/v2\/posts\/6979","targetHints":{"allow":["GET"]}}],"collection":[{"href":"https:\/\/www.nexoinformativo.mx\/index.php\/wp-json\/wp\/v2\/posts"}],"about":[{"href":"https:\/\/www.nexoinformativo.mx\/index.php\/wp-json\/wp\/v2\/types\/post"}],"author":[{"embeddable":true,"href":"https:\/\/www.nexoinformativo.mx\/index.php\/wp-json\/wp\/v2\/users\/3"}],"replies":[{"embeddable":true,"href":"https:\/\/www.nexoinformativo.mx\/index.php\/wp-json\/wp\/v2\/comments?post=6979"}],"version-history":[{"count":4,"href":"https:\/\/www.nexoinformativo.mx\/index.php\/wp-json\/wp\/v2\/posts\/6979\/revisions"}],"predecessor-version":[{"id":6983,"href":"https:\/\/www.nexoinformativo.mx\/index.php\/wp-json\/wp\/v2\/posts\/6979\/revisions\/6983"}],"wp:featuredmedia":[{"embeddable":true,"href":"https:\/\/www.nexoinformativo.mx\/index.php\/wp-json\/wp\/v2\/media\/6980"}],"wp:attachment":[{"href":"https:\/\/www.nexoinformativo.mx\/index.php\/wp-json\/wp\/v2\/media?parent=6979"}],"wp:term":[{"taxonomy":"category","embeddable":true,"href":"https:\/\/www.nexoinformativo.mx\/index.php\/wp-json\/wp\/v2\/categories?post=6979"},{"taxonomy":"post_tag","embeddable":true,"href":"https:\/\/www.nexoinformativo.mx\/index.php\/wp-json\/wp\/v2\/tags?post=6979"}],"curies":[{"name":"wp","href":"https:\/\/api.w.org\/{rel}","templated":true}]}}