{"id":6996,"date":"2024-11-26T08:00:15","date_gmt":"2024-11-26T14:00:15","guid":{"rendered":"https:\/\/www.nexoinformativo.mx\/?p=6996"},"modified":"2024-11-26T08:46:40","modified_gmt":"2024-11-26T14:46:40","slug":"donald-trump-anuncia-aranceles-del-25-a-mexico-y-canada","status":"publish","type":"post","link":"https:\/\/www.nexoinformativo.mx\/index.php\/2024\/11\/26\/donald-trump-anuncia-aranceles-del-25-a-mexico-y-canada\/","title":{"rendered":"Donald Trump anuncia aranceles del 25% a M\u00e9xico y Canad\u00e1"},"content":{"rendered":"<p style=\"text-align: justify;\">El presidente electo de los Estados Unidos, Donald Trump, anunci\u00f3 que a partir del 20 de enero, primer d\u00eda de su gobierno, impondr\u00e1 aranceles del 25% a todos los productos que ingresen a Estados Unidos desde M\u00e9xico y Canad\u00e1.<\/p>\n<p>&nbsp;<\/p>\n<p style=\"text-align: justify;\">Trump acus\u00f3 a ambos pa\u00edses de ser responsables de la migraci\u00f3n ilegal y el tr\u00e1fico de drogas hacia Estados Unidos.<\/p>\n<p>&nbsp;<\/p>\n<p style=\"text-align: justify;\">Afirmando que estos aranceles permanecer\u00e1n vigentes hasta que se vean resultados en materia de seguridad y contra el tr\u00e1fico de fentanilo. Adem\u00e1s, se\u00f1al\u00f3 que solo detendr\u00e1 los aranceles si se cierran las fronteras.<\/p>\n<p>&nbsp;<\/p>\n<p style=\"text-align: justify;\">En su publicaci\u00f3n, Trump enfatiz\u00f3 &#8220;Tanto M\u00e9xico como Canad\u00e1 tienen el derecho y el poder absolutos de resolver f\u00e1cilmente este problema que lleva latente desde hace mucho tiempo. Por la presente, exigimos que utilicen este poder, y hasta que lo hagan, \u00a1Es hora de que paguen un precio muy alto!&#8221;.<\/p>\n<p>&nbsp;<\/p>\n<p style=\"text-align: justify;\">Este anuncio ha generado reacciones tanto en M\u00e9xico como en Canad\u00e1, donde se cuestiona la legalidad de estas medidas y su impacto en las relaciones comerciales y econ\u00f3micas entre los pa\u00edses.<\/p>\n<p>&nbsp;<\/p>\n<p style=\"text-align: center;\"><em><strong>\u00a1Informaci\u00f3n que transforma!<\/strong><\/em><\/p>\n","protected":false},"excerpt":{"rendered":"<p>El presidente electo de los Estados Unidos, Donald Trump, anunci\u00f3 que a partir del 20 de enero, primer d\u00eda de su gobierno, impondr\u00e1 aranceles del 25% a todos los productos que ingresen a Estados Unidos desde M\u00e9xico y Canad\u00e1.<\/p>\n","protected":false},"author":3,"featured_media":6999,"comment_status":"open","ping_status":"open","sticky":false,"template":"","format":"standard","meta":{"footnotes":""},"categories":[5,88,58],"tags":[2354,1491,2113,2355],"class_list":["post-6996","post","type-post","status-publish","format-standard","has-post-thumbnail","hentry","category-economia","category-nacional","category-ultima-hora","tag-arancelestrump","tag-comerciointernacional","tag-mexicocanada","tag-politicaeconomica"],"yoast_head":"<!-- This site is optimized with the Yoast SEO plugin v25.0 - https:\/\/yoast.com\/wordpress\/plugins\/seo\/ -->\n<title>Donald Trump anuncia aranceles del 25% a M\u00e9xico y Canad\u00e1 | Nexo Informativo Santiago de Quer\u00e9taro<\/title>\n<meta name=\"description\" content=\"Donald Trump anuncia aranceles del 25% a M\u00e9xico y Canad\u00e1\" \/>\n<meta name=\"robots\" content=\"index, follow, max-snippet:-1, max-image-preview:large, max-video-preview:-1\" \/>\n<link rel=\"canonical\" href=\"https:\/\/www.nexoinformativo.mx\/index.php\/2024\/11\/26\/donald-trump-anuncia-aranceles-del-25-a-mexico-y-canada\/\" \/>\n<meta property=\"og:locale\" content=\"es_MX\" \/>\n<meta property=\"og:type\" content=\"article\" \/>\n<meta property=\"og:title\" content=\"Donald Trump anuncia aranceles del 25% a M\u00e9xico y Canad\u00e1 | Nexo Informativo Santiago de Quer\u00e9taro\" \/>\n<meta property=\"og:description\" content=\"Donald Trump anuncia aranceles del 25% a M\u00e9xico y Canad\u00e1\" \/>\n<meta property=\"og:url\" content=\"https:\/\/www.nexoinformativo.mx\/index.php\/2024\/11\/26\/donald-trump-anuncia-aranceles-del-25-a-mexico-y-canada\/\" \/>\n<meta property=\"og:site_name\" content=\"Nexo Informativo Santiago de Quer\u00e9taro\" \/>\n<meta property=\"article:publisher\" content=\"https:\/\/www.facebook.com\/people\/Nexo-Informativo\/61564066885511\/\" \/>\n<meta property=\"article:published_time\" content=\"2024-11-26T14:00:15+00:00\" \/>\n<meta property=\"article:modified_time\" content=\"2024-11-26T14:46:40+00:00\" \/>\n<meta property=\"og:image\" content=\"https:\/\/www.nexoinformativo.mx\/wp-content\/uploads\/2024\/11\/IMG_8164-e1732632372461.jpg\" \/>\n\t<meta property=\"og:image:width\" content=\"750\" \/>\n\t<meta property=\"og:image:height\" content=\"733\" \/>\n\t<meta property=\"og:image:type\" content=\"image\/jpeg\" \/>\n<meta name=\"author\" content=\"Nexo Informativo\" \/>\n<meta name=\"twitter:card\" content=\"summary_large_image\" \/>\n<meta name=\"twitter:label1\" content=\"Escrito por\" \/>\n\t<meta name=\"twitter:data1\" content=\"Nexo Informativo\" \/>\n\t<meta name=\"twitter:label2\" content=\"Tiempo de lectura\" \/>\n\t<meta name=\"twitter:data2\" content=\"2 minutos\" \/>\n<script type=\"application\/ld+json\" class=\"yoast-schema-graph\">{\"@context\":\"https:\/\/schema.org\",\"@graph\":[{\"@type\":\"Article\",\"@id\":\"https:\/\/www.nexoinformativo.mx\/index.php\/2024\/11\/26\/donald-trump-anuncia-aranceles-del-25-a-mexico-y-canada\/#article\",\"isPartOf\":{\"@id\":\"https:\/\/www.nexoinformativo.mx\/index.php\/2024\/11\/26\/donald-trump-anuncia-aranceles-del-25-a-mexico-y-canada\/\"},\"author\":{\"name\":\"Nexo Informativo\",\"@id\":\"https:\/\/www.nexoinformativo.mx\/#\/schema\/person\/7749d380ba08c8ca00d7bc76fd907b7d\"},\"headline\":\"Donald Trump anuncia aranceles del 25% a M\u00e9xico y Canad\u00e1\",\"datePublished\":\"2024-11-26T14:00:15+00:00\",\"dateModified\":\"2024-11-26T14:46:40+00:00\",\"mainEntityOfPage\":{\"@id\":\"https:\/\/www.nexoinformativo.mx\/index.php\/2024\/11\/26\/donald-trump-anuncia-aranceles-del-25-a-mexico-y-canada\/\"},\"wordCount\":205,\"commentCount\":0,\"publisher\":{\"@id\":\"https:\/\/www.nexoinformativo.mx\/#organization\"},\"image\":{\"@id\":\"https:\/\/www.nexoinformativo.mx\/index.php\/2024\/11\/26\/donald-trump-anuncia-aranceles-del-25-a-mexico-y-canada\/#primaryimage\"},\"thumbnailUrl\":\"https:\/\/www.nexoinformativo.mx\/wp-content\/uploads\/2024\/11\/IMG_8164-e1732632372461.jpg\",\"keywords\":[\"ArancelesTrump\",\"ComercioInternacional\",\"M\u00e9xicoCanad\u00e1\",\"Pol\u00edticaEcon\u00f3mica\"],\"articleSection\":[\"Econom\u00eda\",\"Nacional\",\"\u00daltima Hora\"],\"inLanguage\":\"es\",\"potentialAction\":[{\"@type\":\"CommentAction\",\"name\":\"Comment\",\"target\":[\"https:\/\/www.nexoinformativo.mx\/index.php\/2024\/11\/26\/donald-trump-anuncia-aranceles-del-25-a-mexico-y-canada\/#respond\"]}]},{\"@type\":\"WebPage\",\"@id\":\"https:\/\/www.nexoinformativo.mx\/index.php\/2024\/11\/26\/donald-trump-anuncia-aranceles-del-25-a-mexico-y-canada\/\",\"url\":\"https:\/\/www.nexoinformativo.mx\/index.php\/2024\/11\/26\/donald-trump-anuncia-aranceles-del-25-a-mexico-y-canada\/\",\"name\":\"Donald Trump anuncia aranceles del 25% a M\u00e9xico y Canad\u00e1 | Nexo Informativo Santiago de Quer\u00e9taro\",\"isPartOf\":{\"@id\":\"https:\/\/www.nexoinformativo.mx\/#website\"},\"primaryImageOfPage\":{\"@id\":\"https:\/\/www.nexoinformativo.mx\/index.php\/2024\/11\/26\/donald-trump-anuncia-aranceles-del-25-a-mexico-y-canada\/#primaryimage\"},\"image\":{\"@id\":\"https:\/\/www.nexoinformativo.mx\/index.php\/2024\/11\/26\/donald-trump-anuncia-aranceles-del-25-a-mexico-y-canada\/#primaryimage\"},\"thumbnailUrl\":\"https:\/\/www.nexoinformativo.mx\/wp-content\/uploads\/2024\/11\/IMG_8164-e1732632372461.jpg\",\"datePublished\":\"2024-11-26T14:00:15+00:00\",\"dateModified\":\"2024-11-26T14:46:40+00:00\",\"description\":\"Donald Trump anuncia aranceles del 25% a M\u00e9xico y Canad\u00e1\",\"breadcrumb\":{\"@id\":\"https:\/\/www.nexoinformativo.mx\/index.php\/2024\/11\/26\/donald-trump-anuncia-aranceles-del-25-a-mexico-y-canada\/#breadcrumb\"},\"inLanguage\":\"es\",\"potentialAction\":[{\"@type\":\"ReadAction\",\"target\":[\"https:\/\/www.nexoinformativo.mx\/index.php\/2024\/11\/26\/donald-trump-anuncia-aranceles-del-25-a-mexico-y-canada\/\"]}]},{\"@type\":\"ImageObject\",\"inLanguage\":\"es\",\"@id\":\"https:\/\/www.nexoinformativo.mx\/index.php\/2024\/11\/26\/donald-trump-anuncia-aranceles-del-25-a-mexico-y-canada\/#primaryimage\",\"url\":\"https:\/\/www.nexoinformativo.mx\/wp-content\/uploads\/2024\/11\/IMG_8164-e1732632372461.jpg\",\"contentUrl\":\"https:\/\/www.nexoinformativo.mx\/wp-content\/uploads\/2024\/11\/IMG_8164-e1732632372461.jpg\",\"width\":750,\"height\":733,\"caption\":\"Screenshot\"},{\"@type\":\"BreadcrumbList\",\"@id\":\"https:\/\/www.nexoinformativo.mx\/index.php\/2024\/11\/26\/donald-trump-anuncia-aranceles-del-25-a-mexico-y-canada\/#breadcrumb\",\"itemListElement\":[{\"@type\":\"ListItem\",\"position\":1,\"name\":\"Inicio\",\"item\":\"https:\/\/www.nexoinformativo.mx\/\"},{\"@type\":\"ListItem\",\"position\":2,\"name\":\"Donald Trump anuncia aranceles del 25% a M\u00e9xico y Canad\u00e1\"}]},{\"@type\":\"WebSite\",\"@id\":\"https:\/\/www.nexoinformativo.mx\/#website\",\"url\":\"https:\/\/www.nexoinformativo.mx\/\",\"name\":\"Nexo Informativo Santiago de Quer\u00e9taro\",\"description\":\"Explora NexoInformativo y convi\u00e9rtete en parte de una comunidad que valora el conocimiento y la verdad. Tu nexoinformativo es tu puente hacia una comprensi\u00f3n m\u00e1s profunda del mundo que te rodea.\",\"publisher\":{\"@id\":\"https:\/\/www.nexoinformativo.mx\/#organization\"},\"potentialAction\":[{\"@type\":\"SearchAction\",\"target\":{\"@type\":\"EntryPoint\",\"urlTemplate\":\"https:\/\/www.nexoinformativo.mx\/?s={search_term_string}\"},\"query-input\":{\"@type\":\"PropertyValueSpecification\",\"valueRequired\":true,\"valueName\":\"search_term_string\"}}],\"inLanguage\":\"es\"},{\"@type\":\"Organization\",\"@id\":\"https:\/\/www.nexoinformativo.mx\/#organization\",\"name\":\"Nexo Informativo Santiago de Quer\u00e9taro\",\"url\":\"https:\/\/www.nexoinformativo.mx\/\",\"logo\":{\"@type\":\"ImageObject\",\"inLanguage\":\"es\",\"@id\":\"https:\/\/www.nexoinformativo.mx\/#\/schema\/logo\/image\/\",\"url\":\"https:\/\/www.nexoinformativo.mx\/wp-content\/uploads\/2024\/07\/nexoi-trasparente-2.png\",\"contentUrl\":\"https:\/\/www.nexoinformativo.mx\/wp-content\/uploads\/2024\/07\/nexoi-trasparente-2.png\",\"width\":816,\"height\":339,\"caption\":\"Nexo Informativo Santiago de Quer\u00e9taro\"},\"image\":{\"@id\":\"https:\/\/www.nexoinformativo.mx\/#\/schema\/logo\/image\/\"},\"sameAs\":[\"https:\/\/www.facebook.com\/people\/Nexo-Informativo\/61564066885511\/\"]},{\"@type\":\"Person\",\"@id\":\"https:\/\/www.nexoinformativo.mx\/#\/schema\/person\/7749d380ba08c8ca00d7bc76fd907b7d\",\"name\":\"Nexo Informativo\",\"image\":{\"@type\":\"ImageObject\",\"inLanguage\":\"es\",\"@id\":\"https:\/\/www.nexoinformativo.mx\/#\/schema\/person\/image\/\",\"url\":\"https:\/\/secure.gravatar.com\/avatar\/dde2928154642a13d95f87ddf1ea9718fe2b46760a005c53e41ff5ad610704e6?s=96&d=mm&r=g\",\"contentUrl\":\"https:\/\/secure.gravatar.com\/avatar\/dde2928154642a13d95f87ddf1ea9718fe2b46760a005c53e41ff5ad610704e6?s=96&d=mm&r=g\",\"caption\":\"Nexo Informativo\"},\"url\":\"https:\/\/www.nexoinformativo.mx\/index.php\/author\/edicion\/\"}]}<\/script>\n<!-- \/ Yoast SEO plugin. -->","yoast_head_json":{"title":"Donald Trump anuncia aranceles del 25% a M\u00e9xico y Canad\u00e1 | Nexo Informativo Santiago de Quer\u00e9taro","description":"Donald Trump anuncia aranceles del 25% a M\u00e9xico y Canad\u00e1","robots":{"index":"index","follow":"follow","max-snippet":"max-snippet:-1","max-image-preview":"max-image-preview:large","max-video-preview":"max-video-preview:-1"},"canonical":"https:\/\/www.nexoinformativo.mx\/index.php\/2024\/11\/26\/donald-trump-anuncia-aranceles-del-25-a-mexico-y-canada\/","og_locale":"es_MX","og_type":"article","og_title":"Donald Trump anuncia aranceles del 25% a M\u00e9xico y Canad\u00e1 | Nexo Informativo Santiago de Quer\u00e9taro","og_description":"Donald Trump anuncia aranceles del 25% a M\u00e9xico y Canad\u00e1","og_url":"https:\/\/www.nexoinformativo.mx\/index.php\/2024\/11\/26\/donald-trump-anuncia-aranceles-del-25-a-mexico-y-canada\/","og_site_name":"Nexo Informativo Santiago de Quer\u00e9taro","article_publisher":"https:\/\/www.facebook.com\/people\/Nexo-Informativo\/61564066885511\/","article_published_time":"2024-11-26T14:00:15+00:00","article_modified_time":"2024-11-26T14:46:40+00:00","og_image":[{"width":750,"height":733,"url":"https:\/\/www.nexoinformativo.mx\/wp-content\/uploads\/2024\/11\/IMG_8164-e1732632372461.jpg","type":"image\/jpeg"}],"author":"Nexo Informativo","twitter_card":"summary_large_image","twitter_misc":{"Escrito por":"Nexo Informativo","Tiempo de lectura":"2 minutos"},"schema":{"@context":"https:\/\/schema.org","@graph":[{"@type":"Article","@id":"https:\/\/www.nexoinformativo.mx\/index.php\/2024\/11\/26\/donald-trump-anuncia-aranceles-del-25-a-mexico-y-canada\/#article","isPartOf":{"@id":"https:\/\/www.nexoinformativo.mx\/index.php\/2024\/11\/26\/donald-trump-anuncia-aranceles-del-25-a-mexico-y-canada\/"},"author":{"name":"Nexo Informativo","@id":"https:\/\/www.nexoinformativo.mx\/#\/schema\/person\/7749d380ba08c8ca00d7bc76fd907b7d"},"headline":"Donald Trump anuncia aranceles del 25% a M\u00e9xico y Canad\u00e1","datePublished":"2024-11-26T14:00:15+00:00","dateModified":"2024-11-26T14:46:40+00:00","mainEntityOfPage":{"@id":"https:\/\/www.nexoinformativo.mx\/index.php\/2024\/11\/26\/donald-trump-anuncia-aranceles-del-25-a-mexico-y-canada\/"},"wordCount":205,"commentCount":0,"publisher":{"@id":"https:\/\/www.nexoinformativo.mx\/#organization"},"image":{"@id":"https:\/\/www.nexoinformativo.mx\/index.php\/2024\/11\/26\/donald-trump-anuncia-aranceles-del-25-a-mexico-y-canada\/#primaryimage"},"thumbnailUrl":"https:\/\/www.nexoinformativo.mx\/wp-content\/uploads\/2024\/11\/IMG_8164-e1732632372461.jpg","keywords":["ArancelesTrump","ComercioInternacional","M\u00e9xicoCanad\u00e1","Pol\u00edticaEcon\u00f3mica"],"articleSection":["Econom\u00eda","Nacional","\u00daltima Hora"],"inLanguage":"es","potentialAction":[{"@type":"CommentAction","name":"Comment","target":["https:\/\/www.nexoinformativo.mx\/index.php\/2024\/11\/26\/donald-trump-anuncia-aranceles-del-25-a-mexico-y-canada\/#respond"]}]},{"@type":"WebPage","@id":"https:\/\/www.nexoinformativo.mx\/index.php\/2024\/11\/26\/donald-trump-anuncia-aranceles-del-25-a-mexico-y-canada\/","url":"https:\/\/www.nexoinformativo.mx\/index.php\/2024\/11\/26\/donald-trump-anuncia-aranceles-del-25-a-mexico-y-canada\/","name":"Donald Trump anuncia aranceles del 25% a M\u00e9xico y Canad\u00e1 | Nexo Informativo Santiago de Quer\u00e9taro","isPartOf":{"@id":"https:\/\/www.nexoinformativo.mx\/#website"},"primaryImageOfPage":{"@id":"https:\/\/www.nexoinformativo.mx\/index.php\/2024\/11\/26\/donald-trump-anuncia-aranceles-del-25-a-mexico-y-canada\/#primaryimage"},"image":{"@id":"https:\/\/www.nexoinformativo.mx\/index.php\/2024\/11\/26\/donald-trump-anuncia-aranceles-del-25-a-mexico-y-canada\/#primaryimage"},"thumbnailUrl":"https:\/\/www.nexoinformativo.mx\/wp-content\/uploads\/2024\/11\/IMG_8164-e1732632372461.jpg","datePublished":"2024-11-26T14:00:15+00:00","dateModified":"2024-11-26T14:46:40+00:00","description":"Donald Trump anuncia aranceles del 25% a M\u00e9xico y Canad\u00e1","breadcrumb":{"@id":"https:\/\/www.nexoinformativo.mx\/index.php\/2024\/11\/26\/donald-trump-anuncia-aranceles-del-25-a-mexico-y-canada\/#breadcrumb"},"inLanguage":"es","potentialAction":[{"@type":"ReadAction","target":["https:\/\/www.nexoinformativo.mx\/index.php\/2024\/11\/26\/donald-trump-anuncia-aranceles-del-25-a-mexico-y-canada\/"]}]},{"@type":"ImageObject","inLanguage":"es","@id":"https:\/\/www.nexoinformativo.mx\/index.php\/2024\/11\/26\/donald-trump-anuncia-aranceles-del-25-a-mexico-y-canada\/#primaryimage","url":"https:\/\/www.nexoinformativo.mx\/wp-content\/uploads\/2024\/11\/IMG_8164-e1732632372461.jpg","contentUrl":"https:\/\/www.nexoinformativo.mx\/wp-content\/uploads\/2024\/11\/IMG_8164-e1732632372461.jpg","width":750,"height":733,"caption":"Screenshot"},{"@type":"BreadcrumbList","@id":"https:\/\/www.nexoinformativo.mx\/index.php\/2024\/11\/26\/donald-trump-anuncia-aranceles-del-25-a-mexico-y-canada\/#breadcrumb","itemListElement":[{"@type":"ListItem","position":1,"name":"Inicio","item":"https:\/\/www.nexoinformativo.mx\/"},{"@type":"ListItem","position":2,"name":"Donald Trump anuncia aranceles del 25% a M\u00e9xico y Canad\u00e1"}]},{"@type":"WebSite","@id":"https:\/\/www.nexoinformativo.mx\/#website","url":"https:\/\/www.nexoinformativo.mx\/","name":"Nexo Informativo Santiago de Quer\u00e9taro","description":"Explora NexoInformativo y convi\u00e9rtete en parte de una comunidad que valora el conocimiento y la verdad. Tu nexoinformativo es tu puente hacia una comprensi\u00f3n m\u00e1s profunda del mundo que te rodea.","publisher":{"@id":"https:\/\/www.nexoinformativo.mx\/#organization"},"potentialAction":[{"@type":"SearchAction","target":{"@type":"EntryPoint","urlTemplate":"https:\/\/www.nexoinformativo.mx\/?s={search_term_string}"},"query-input":{"@type":"PropertyValueSpecification","valueRequired":true,"valueName":"search_term_string"}}],"inLanguage":"es"},{"@type":"Organization","@id":"https:\/\/www.nexoinformativo.mx\/#organization","name":"Nexo Informativo Santiago de Quer\u00e9taro","url":"https:\/\/www.nexoinformativo.mx\/","logo":{"@type":"ImageObject","inLanguage":"es","@id":"https:\/\/www.nexoinformativo.mx\/#\/schema\/logo\/image\/","url":"https:\/\/www.nexoinformativo.mx\/wp-content\/uploads\/2024\/07\/nexoi-trasparente-2.png","contentUrl":"https:\/\/www.nexoinformativo.mx\/wp-content\/uploads\/2024\/07\/nexoi-trasparente-2.png","width":816,"height":339,"caption":"Nexo Informativo Santiago de Quer\u00e9taro"},"image":{"@id":"https:\/\/www.nexoinformativo.mx\/#\/schema\/logo\/image\/"},"sameAs":["https:\/\/www.facebook.com\/people\/Nexo-Informativo\/61564066885511\/"]},{"@type":"Person","@id":"https:\/\/www.nexoinformativo.mx\/#\/schema\/person\/7749d380ba08c8ca00d7bc76fd907b7d","name":"Nexo Informativo","image":{"@type":"ImageObject","inLanguage":"es","@id":"https:\/\/www.nexoinformativo.mx\/#\/schema\/person\/image\/","url":"https:\/\/secure.gravatar.com\/avatar\/dde2928154642a13d95f87ddf1ea9718fe2b46760a005c53e41ff5ad610704e6?s=96&d=mm&r=g","contentUrl":"https:\/\/secure.gravatar.com\/avatar\/dde2928154642a13d95f87ddf1ea9718fe2b46760a005c53e41ff5ad610704e6?s=96&d=mm&r=g","caption":"Nexo Informativo"},"url":"https:\/\/www.nexoinformativo.mx\/index.php\/author\/edicion\/"}]}},"_links":{"self":[{"href":"https:\/\/www.nexoinformativo.mx\/index.php\/wp-json\/wp\/v2\/posts\/6996","targetHints":{"allow":["GET"]}}],"collection":[{"href":"https:\/\/www.nexoinformativo.mx\/index.php\/wp-json\/wp\/v2\/posts"}],"about":[{"href":"https:\/\/www.nexoinformativo.mx\/index.php\/wp-json\/wp\/v2\/types\/post"}],"author":[{"embeddable":true,"href":"https:\/\/www.nexoinformativo.mx\/index.php\/wp-json\/wp\/v2\/users\/3"}],"replies":[{"embeddable":true,"href":"https:\/\/www.nexoinformativo.mx\/index.php\/wp-json\/wp\/v2\/comments?post=6996"}],"version-history":[{"count":3,"href":"https:\/\/www.nexoinformativo.mx\/index.php\/wp-json\/wp\/v2\/posts\/6996\/revisions"}],"predecessor-version":[{"id":7000,"href":"https:\/\/www.nexoinformativo.mx\/index.php\/wp-json\/wp\/v2\/posts\/6996\/revisions\/7000"}],"wp:featuredmedia":[{"embeddable":true,"href":"https:\/\/www.nexoinformativo.mx\/index.php\/wp-json\/wp\/v2\/media\/6999"}],"wp:attachment":[{"href":"https:\/\/www.nexoinformativo.mx\/index.php\/wp-json\/wp\/v2\/media?parent=6996"}],"wp:term":[{"taxonomy":"category","embeddable":true,"href":"https:\/\/www.nexoinformativo.mx\/index.php\/wp-json\/wp\/v2\/categories?post=6996"},{"taxonomy":"post_tag","embeddable":true,"href":"https:\/\/www.nexoinformativo.mx\/index.php\/wp-json\/wp\/v2\/tags?post=6996"}],"curies":[{"name":"wp","href":"https:\/\/api.w.org\/{rel}","templated":true}]}}