{"id":7001,"date":"2024-11-26T08:30:19","date_gmt":"2024-11-26T14:30:19","guid":{"rendered":"https:\/\/www.nexoinformativo.mx\/?p=7001"},"modified":"2024-11-26T08:57:18","modified_gmt":"2024-11-26T14:57:18","slug":"coordinacion-total-para-la-feria-ganadera-de-queretaro-2024","status":"publish","type":"post","link":"https:\/\/www.nexoinformativo.mx\/index.php\/2024\/11\/26\/coordinacion-total-para-la-feria-ganadera-de-queretaro-2024\/","title":{"rendered":"SSC Lidera reuni\u00f3n de Coordinaci\u00f3n para garantizar seguridad en la Feria Quer\u00e9taro 2024"},"content":{"rendered":"<p style=\"text-align: justify;\">A pocos d\u00edas del inicio de la <strong>Feria Ganadera de Quer\u00e9taro 2024<\/strong>, autoridades federales, estatales y municipales, encabezadas por el secretario de Seguridad Ciudadana, Iov\u00e1n El\u00edas P\u00e9rez, se reunieron para coordinar esfuerzos y garantizar la seguridad de todos los asistentes.<\/p>\n<p>&nbsp;<\/p>\n<p style=\"text-align: justify;\">La prioridad ser\u00e1 la protecci\u00f3n de las personas, la estricta aplicaci\u00f3n de la Ley y el respeto a los derechos humanos durante los 17 d\u00edas que durar\u00e1 el evento.<\/p>\n<p>&nbsp;<\/p>\n<p style=\"text-align: justify;\">La secretaria de Turismo, Adriana Vega V\u00e1zquez, subray\u00f3 la importancia del trabajo en equipo para obtener resultados positivos, mientras que Romualdo Moreno, presidente de la Uni\u00f3n Ganadera Regional de Quer\u00e9taro, asegur\u00f3 que est\u00e1n listos para el inicio del evento y que trabajar\u00e1n estrechamente con las autoridades.<\/p>\n<p>&nbsp;<\/p>\n<p style=\"text-align: justify;\">El director General de la Coordinaci\u00f3n Estatal de Protecci\u00f3n Civil, Javier Amaya, enfatiz\u00f3 los factores necesarios para cumplir con los lineamientos de seguridad en cada espacio del recinto. La Polic\u00eda Estatal present\u00f3 el plan de seguridad, destacando la supervisi\u00f3n y comunicaci\u00f3n constante entre participantes y organizadores.<\/p>\n<p>&nbsp;<\/p>\n<p style=\"text-align: justify;\">Finalmente, Iov\u00e1n P\u00e9rez mencion\u00f3 que se realizar\u00e1n m\u00e1s reuniones para revisar resultados y asegurar que todo se desarrolle conforme a lo esperado, brindando a la sociedad la seguridad que merece.<\/p>\n<p>&nbsp;<\/p>\n<p style=\"text-align: center;\"><em><strong>\u00a1Informaci\u00f3n que transforma!<\/strong><\/em><\/p>\n","protected":false},"excerpt":{"rendered":"<p>A pocos d\u00edas del inicio de la Feria Ganadera de Quer\u00e9taro 2024, autoridades federales, estatales y municipales, encabezadas por el secretario de Seguridad Ciudadana, Iov\u00e1n El\u00edas P\u00e9rez, se reunieron para coordinar esfuerzos y garantizar la seguridad de todos los asistentes.<\/p>\n","protected":false},"author":3,"featured_media":7002,"comment_status":"open","ping_status":"open","sticky":false,"template":"","format":"standard","meta":{"footnotes":""},"categories":[65,58],"tags":[2357,2358,770,2356],"class_list":["post-7001","post","type-post","status-publish","format-standard","has-post-thumbnail","hentry","category-municipios","category-ultima-hora","tag-coordinaciontotal","tag-eventoseguro","tag-feriaqueretaro2024","tag-seguridadferia"],"yoast_head":"<!-- This site is optimized with the Yoast SEO plugin v25.0 - https:\/\/yoast.com\/wordpress\/plugins\/seo\/ -->\n<title>SSC Lidera reuni\u00f3n de Coordinaci\u00f3n para garantizar seguridad en la Feria Quer\u00e9taro 2024 | Nexo Informativo Santiago de Quer\u00e9taro<\/title>\n<meta name=\"description\" content=\"SSC Lidera reuni\u00f3n de Coordinaci\u00f3n para garantizar seguridad en la Feria Quer\u00e9taro 2024\" \/>\n<meta name=\"robots\" content=\"index, follow, max-snippet:-1, max-image-preview:large, max-video-preview:-1\" \/>\n<link rel=\"canonical\" href=\"https:\/\/www.nexoinformativo.mx\/index.php\/2024\/11\/26\/coordinacion-total-para-la-feria-ganadera-de-queretaro-2024\/\" \/>\n<meta property=\"og:locale\" content=\"es_MX\" \/>\n<meta property=\"og:type\" content=\"article\" \/>\n<meta property=\"og:title\" content=\"SSC Lidera reuni\u00f3n de Coordinaci\u00f3n para garantizar seguridad en la Feria Quer\u00e9taro 2024 | Nexo Informativo Santiago de Quer\u00e9taro\" \/>\n<meta property=\"og:description\" content=\"SSC Lidera reuni\u00f3n de Coordinaci\u00f3n para garantizar seguridad en la Feria Quer\u00e9taro 2024\" \/>\n<meta property=\"og:url\" content=\"https:\/\/www.nexoinformativo.mx\/index.php\/2024\/11\/26\/coordinacion-total-para-la-feria-ganadera-de-queretaro-2024\/\" \/>\n<meta property=\"og:site_name\" content=\"Nexo Informativo Santiago de Quer\u00e9taro\" \/>\n<meta property=\"article:publisher\" content=\"https:\/\/www.facebook.com\/people\/Nexo-Informativo\/61564066885511\/\" \/>\n<meta property=\"article:published_time\" content=\"2024-11-26T14:30:19+00:00\" \/>\n<meta property=\"article:modified_time\" content=\"2024-11-26T14:57:18+00:00\" \/>\n<meta property=\"og:image\" content=\"https:\/\/www.nexoinformativo.mx\/wp-content\/uploads\/2024\/11\/IMG_8165-e1732632660121.jpg\" \/>\n\t<meta property=\"og:image:width\" content=\"800\" \/>\n\t<meta property=\"og:image:height\" content=\"448\" \/>\n\t<meta property=\"og:image:type\" content=\"image\/jpeg\" \/>\n<meta name=\"author\" content=\"Nexo Informativo\" \/>\n<meta name=\"twitter:card\" content=\"summary_large_image\" \/>\n<meta name=\"twitter:label1\" content=\"Escrito por\" \/>\n\t<meta name=\"twitter:data1\" content=\"Nexo Informativo\" \/>\n\t<meta name=\"twitter:label2\" content=\"Tiempo de lectura\" \/>\n\t<meta name=\"twitter:data2\" content=\"2 minutos\" \/>\n<script type=\"application\/ld+json\" class=\"yoast-schema-graph\">{\"@context\":\"https:\/\/schema.org\",\"@graph\":[{\"@type\":\"Article\",\"@id\":\"https:\/\/www.nexoinformativo.mx\/index.php\/2024\/11\/26\/coordinacion-total-para-la-feria-ganadera-de-queretaro-2024\/#article\",\"isPartOf\":{\"@id\":\"https:\/\/www.nexoinformativo.mx\/index.php\/2024\/11\/26\/coordinacion-total-para-la-feria-ganadera-de-queretaro-2024\/\"},\"author\":{\"name\":\"Nexo Informativo\",\"@id\":\"https:\/\/www.nexoinformativo.mx\/#\/schema\/person\/7749d380ba08c8ca00d7bc76fd907b7d\"},\"headline\":\"SSC Lidera reuni\u00f3n de Coordinaci\u00f3n para garantizar seguridad en la Feria Quer\u00e9taro 2024\",\"datePublished\":\"2024-11-26T14:30:19+00:00\",\"dateModified\":\"2024-11-26T14:57:18+00:00\",\"mainEntityOfPage\":{\"@id\":\"https:\/\/www.nexoinformativo.mx\/index.php\/2024\/11\/26\/coordinacion-total-para-la-feria-ganadera-de-queretaro-2024\/\"},\"wordCount\":235,\"commentCount\":0,\"publisher\":{\"@id\":\"https:\/\/www.nexoinformativo.mx\/#organization\"},\"image\":{\"@id\":\"https:\/\/www.nexoinformativo.mx\/index.php\/2024\/11\/26\/coordinacion-total-para-la-feria-ganadera-de-queretaro-2024\/#primaryimage\"},\"thumbnailUrl\":\"https:\/\/www.nexoinformativo.mx\/wp-content\/uploads\/2024\/11\/IMG_8165-e1732632660121.jpg\",\"keywords\":[\"Coordinaci\u00f3nTotal\",\"EventoSeguro\",\"FeriaQuer\u00e9taro2024\",\"SeguridadFeria\"],\"articleSection\":[\"Municipios\",\"\u00daltima Hora\"],\"inLanguage\":\"es\",\"potentialAction\":[{\"@type\":\"CommentAction\",\"name\":\"Comment\",\"target\":[\"https:\/\/www.nexoinformativo.mx\/index.php\/2024\/11\/26\/coordinacion-total-para-la-feria-ganadera-de-queretaro-2024\/#respond\"]}]},{\"@type\":\"WebPage\",\"@id\":\"https:\/\/www.nexoinformativo.mx\/index.php\/2024\/11\/26\/coordinacion-total-para-la-feria-ganadera-de-queretaro-2024\/\",\"url\":\"https:\/\/www.nexoinformativo.mx\/index.php\/2024\/11\/26\/coordinacion-total-para-la-feria-ganadera-de-queretaro-2024\/\",\"name\":\"SSC Lidera reuni\u00f3n de Coordinaci\u00f3n para garantizar seguridad en la Feria Quer\u00e9taro 2024 | Nexo Informativo Santiago de Quer\u00e9taro\",\"isPartOf\":{\"@id\":\"https:\/\/www.nexoinformativo.mx\/#website\"},\"primaryImageOfPage\":{\"@id\":\"https:\/\/www.nexoinformativo.mx\/index.php\/2024\/11\/26\/coordinacion-total-para-la-feria-ganadera-de-queretaro-2024\/#primaryimage\"},\"image\":{\"@id\":\"https:\/\/www.nexoinformativo.mx\/index.php\/2024\/11\/26\/coordinacion-total-para-la-feria-ganadera-de-queretaro-2024\/#primaryimage\"},\"thumbnailUrl\":\"https:\/\/www.nexoinformativo.mx\/wp-content\/uploads\/2024\/11\/IMG_8165-e1732632660121.jpg\",\"datePublished\":\"2024-11-26T14:30:19+00:00\",\"dateModified\":\"2024-11-26T14:57:18+00:00\",\"description\":\"SSC Lidera reuni\u00f3n de Coordinaci\u00f3n para garantizar seguridad en la Feria Quer\u00e9taro 2024\",\"breadcrumb\":{\"@id\":\"https:\/\/www.nexoinformativo.mx\/index.php\/2024\/11\/26\/coordinacion-total-para-la-feria-ganadera-de-queretaro-2024\/#breadcrumb\"},\"inLanguage\":\"es\",\"potentialAction\":[{\"@type\":\"ReadAction\",\"target\":[\"https:\/\/www.nexoinformativo.mx\/index.php\/2024\/11\/26\/coordinacion-total-para-la-feria-ganadera-de-queretaro-2024\/\"]}]},{\"@type\":\"ImageObject\",\"inLanguage\":\"es\",\"@id\":\"https:\/\/www.nexoinformativo.mx\/index.php\/2024\/11\/26\/coordinacion-total-para-la-feria-ganadera-de-queretaro-2024\/#primaryimage\",\"url\":\"https:\/\/www.nexoinformativo.mx\/wp-content\/uploads\/2024\/11\/IMG_8165-e1732632660121.jpg\",\"contentUrl\":\"https:\/\/www.nexoinformativo.mx\/wp-content\/uploads\/2024\/11\/IMG_8165-e1732632660121.jpg\",\"width\":800,\"height\":448},{\"@type\":\"BreadcrumbList\",\"@id\":\"https:\/\/www.nexoinformativo.mx\/index.php\/2024\/11\/26\/coordinacion-total-para-la-feria-ganadera-de-queretaro-2024\/#breadcrumb\",\"itemListElement\":[{\"@type\":\"ListItem\",\"position\":1,\"name\":\"Inicio\",\"item\":\"https:\/\/www.nexoinformativo.mx\/\"},{\"@type\":\"ListItem\",\"position\":2,\"name\":\"SSC Lidera reuni\u00f3n de Coordinaci\u00f3n para garantizar seguridad en la Feria Quer\u00e9taro 2024\"}]},{\"@type\":\"WebSite\",\"@id\":\"https:\/\/www.nexoinformativo.mx\/#website\",\"url\":\"https:\/\/www.nexoinformativo.mx\/\",\"name\":\"Nexo Informativo Santiago de Quer\u00e9taro\",\"description\":\"Explora NexoInformativo y convi\u00e9rtete en parte de una comunidad que valora el conocimiento y la verdad. Tu nexoinformativo es tu puente hacia una comprensi\u00f3n m\u00e1s profunda del mundo que te rodea.\",\"publisher\":{\"@id\":\"https:\/\/www.nexoinformativo.mx\/#organization\"},\"potentialAction\":[{\"@type\":\"SearchAction\",\"target\":{\"@type\":\"EntryPoint\",\"urlTemplate\":\"https:\/\/www.nexoinformativo.mx\/?s={search_term_string}\"},\"query-input\":{\"@type\":\"PropertyValueSpecification\",\"valueRequired\":true,\"valueName\":\"search_term_string\"}}],\"inLanguage\":\"es\"},{\"@type\":\"Organization\",\"@id\":\"https:\/\/www.nexoinformativo.mx\/#organization\",\"name\":\"Nexo Informativo Santiago de Quer\u00e9taro\",\"url\":\"https:\/\/www.nexoinformativo.mx\/\",\"logo\":{\"@type\":\"ImageObject\",\"inLanguage\":\"es\",\"@id\":\"https:\/\/www.nexoinformativo.mx\/#\/schema\/logo\/image\/\",\"url\":\"https:\/\/www.nexoinformativo.mx\/wp-content\/uploads\/2024\/07\/nexoi-trasparente-2.png\",\"contentUrl\":\"https:\/\/www.nexoinformativo.mx\/wp-content\/uploads\/2024\/07\/nexoi-trasparente-2.png\",\"width\":816,\"height\":339,\"caption\":\"Nexo Informativo Santiago de Quer\u00e9taro\"},\"image\":{\"@id\":\"https:\/\/www.nexoinformativo.mx\/#\/schema\/logo\/image\/\"},\"sameAs\":[\"https:\/\/www.facebook.com\/people\/Nexo-Informativo\/61564066885511\/\"]},{\"@type\":\"Person\",\"@id\":\"https:\/\/www.nexoinformativo.mx\/#\/schema\/person\/7749d380ba08c8ca00d7bc76fd907b7d\",\"name\":\"Nexo Informativo\",\"image\":{\"@type\":\"ImageObject\",\"inLanguage\":\"es\",\"@id\":\"https:\/\/www.nexoinformativo.mx\/#\/schema\/person\/image\/\",\"url\":\"https:\/\/secure.gravatar.com\/avatar\/dde2928154642a13d95f87ddf1ea9718fe2b46760a005c53e41ff5ad610704e6?s=96&d=mm&r=g\",\"contentUrl\":\"https:\/\/secure.gravatar.com\/avatar\/dde2928154642a13d95f87ddf1ea9718fe2b46760a005c53e41ff5ad610704e6?s=96&d=mm&r=g\",\"caption\":\"Nexo Informativo\"},\"url\":\"https:\/\/www.nexoinformativo.mx\/index.php\/author\/edicion\/\"}]}<\/script>\n<!-- \/ Yoast SEO plugin. -->","yoast_head_json":{"title":"SSC Lidera reuni\u00f3n de Coordinaci\u00f3n para garantizar seguridad en la Feria Quer\u00e9taro 2024 | Nexo Informativo Santiago de Quer\u00e9taro","description":"SSC Lidera reuni\u00f3n de Coordinaci\u00f3n para garantizar seguridad en la Feria Quer\u00e9taro 2024","robots":{"index":"index","follow":"follow","max-snippet":"max-snippet:-1","max-image-preview":"max-image-preview:large","max-video-preview":"max-video-preview:-1"},"canonical":"https:\/\/www.nexoinformativo.mx\/index.php\/2024\/11\/26\/coordinacion-total-para-la-feria-ganadera-de-queretaro-2024\/","og_locale":"es_MX","og_type":"article","og_title":"SSC Lidera reuni\u00f3n de Coordinaci\u00f3n para garantizar seguridad en la Feria Quer\u00e9taro 2024 | Nexo Informativo Santiago de Quer\u00e9taro","og_description":"SSC Lidera reuni\u00f3n de Coordinaci\u00f3n para garantizar seguridad en la Feria Quer\u00e9taro 2024","og_url":"https:\/\/www.nexoinformativo.mx\/index.php\/2024\/11\/26\/coordinacion-total-para-la-feria-ganadera-de-queretaro-2024\/","og_site_name":"Nexo Informativo Santiago de Quer\u00e9taro","article_publisher":"https:\/\/www.facebook.com\/people\/Nexo-Informativo\/61564066885511\/","article_published_time":"2024-11-26T14:30:19+00:00","article_modified_time":"2024-11-26T14:57:18+00:00","og_image":[{"width":800,"height":448,"url":"https:\/\/www.nexoinformativo.mx\/wp-content\/uploads\/2024\/11\/IMG_8165-e1732632660121.jpg","type":"image\/jpeg"}],"author":"Nexo Informativo","twitter_card":"summary_large_image","twitter_misc":{"Escrito por":"Nexo Informativo","Tiempo de lectura":"2 minutos"},"schema":{"@context":"https:\/\/schema.org","@graph":[{"@type":"Article","@id":"https:\/\/www.nexoinformativo.mx\/index.php\/2024\/11\/26\/coordinacion-total-para-la-feria-ganadera-de-queretaro-2024\/#article","isPartOf":{"@id":"https:\/\/www.nexoinformativo.mx\/index.php\/2024\/11\/26\/coordinacion-total-para-la-feria-ganadera-de-queretaro-2024\/"},"author":{"name":"Nexo Informativo","@id":"https:\/\/www.nexoinformativo.mx\/#\/schema\/person\/7749d380ba08c8ca00d7bc76fd907b7d"},"headline":"SSC Lidera reuni\u00f3n de Coordinaci\u00f3n para garantizar seguridad en la Feria Quer\u00e9taro 2024","datePublished":"2024-11-26T14:30:19+00:00","dateModified":"2024-11-26T14:57:18+00:00","mainEntityOfPage":{"@id":"https:\/\/www.nexoinformativo.mx\/index.php\/2024\/11\/26\/coordinacion-total-para-la-feria-ganadera-de-queretaro-2024\/"},"wordCount":235,"commentCount":0,"publisher":{"@id":"https:\/\/www.nexoinformativo.mx\/#organization"},"image":{"@id":"https:\/\/www.nexoinformativo.mx\/index.php\/2024\/11\/26\/coordinacion-total-para-la-feria-ganadera-de-queretaro-2024\/#primaryimage"},"thumbnailUrl":"https:\/\/www.nexoinformativo.mx\/wp-content\/uploads\/2024\/11\/IMG_8165-e1732632660121.jpg","keywords":["Coordinaci\u00f3nTotal","EventoSeguro","FeriaQuer\u00e9taro2024","SeguridadFeria"],"articleSection":["Municipios","\u00daltima Hora"],"inLanguage":"es","potentialAction":[{"@type":"CommentAction","name":"Comment","target":["https:\/\/www.nexoinformativo.mx\/index.php\/2024\/11\/26\/coordinacion-total-para-la-feria-ganadera-de-queretaro-2024\/#respond"]}]},{"@type":"WebPage","@id":"https:\/\/www.nexoinformativo.mx\/index.php\/2024\/11\/26\/coordinacion-total-para-la-feria-ganadera-de-queretaro-2024\/","url":"https:\/\/www.nexoinformativo.mx\/index.php\/2024\/11\/26\/coordinacion-total-para-la-feria-ganadera-de-queretaro-2024\/","name":"SSC Lidera reuni\u00f3n de Coordinaci\u00f3n para garantizar seguridad en la Feria Quer\u00e9taro 2024 | Nexo Informativo Santiago de Quer\u00e9taro","isPartOf":{"@id":"https:\/\/www.nexoinformativo.mx\/#website"},"primaryImageOfPage":{"@id":"https:\/\/www.nexoinformativo.mx\/index.php\/2024\/11\/26\/coordinacion-total-para-la-feria-ganadera-de-queretaro-2024\/#primaryimage"},"image":{"@id":"https:\/\/www.nexoinformativo.mx\/index.php\/2024\/11\/26\/coordinacion-total-para-la-feria-ganadera-de-queretaro-2024\/#primaryimage"},"thumbnailUrl":"https:\/\/www.nexoinformativo.mx\/wp-content\/uploads\/2024\/11\/IMG_8165-e1732632660121.jpg","datePublished":"2024-11-26T14:30:19+00:00","dateModified":"2024-11-26T14:57:18+00:00","description":"SSC Lidera reuni\u00f3n de Coordinaci\u00f3n para garantizar seguridad en la Feria Quer\u00e9taro 2024","breadcrumb":{"@id":"https:\/\/www.nexoinformativo.mx\/index.php\/2024\/11\/26\/coordinacion-total-para-la-feria-ganadera-de-queretaro-2024\/#breadcrumb"},"inLanguage":"es","potentialAction":[{"@type":"ReadAction","target":["https:\/\/www.nexoinformativo.mx\/index.php\/2024\/11\/26\/coordinacion-total-para-la-feria-ganadera-de-queretaro-2024\/"]}]},{"@type":"ImageObject","inLanguage":"es","@id":"https:\/\/www.nexoinformativo.mx\/index.php\/2024\/11\/26\/coordinacion-total-para-la-feria-ganadera-de-queretaro-2024\/#primaryimage","url":"https:\/\/www.nexoinformativo.mx\/wp-content\/uploads\/2024\/11\/IMG_8165-e1732632660121.jpg","contentUrl":"https:\/\/www.nexoinformativo.mx\/wp-content\/uploads\/2024\/11\/IMG_8165-e1732632660121.jpg","width":800,"height":448},{"@type":"BreadcrumbList","@id":"https:\/\/www.nexoinformativo.mx\/index.php\/2024\/11\/26\/coordinacion-total-para-la-feria-ganadera-de-queretaro-2024\/#breadcrumb","itemListElement":[{"@type":"ListItem","position":1,"name":"Inicio","item":"https:\/\/www.nexoinformativo.mx\/"},{"@type":"ListItem","position":2,"name":"SSC Lidera reuni\u00f3n de Coordinaci\u00f3n para garantizar seguridad en la Feria Quer\u00e9taro 2024"}]},{"@type":"WebSite","@id":"https:\/\/www.nexoinformativo.mx\/#website","url":"https:\/\/www.nexoinformativo.mx\/","name":"Nexo Informativo Santiago de Quer\u00e9taro","description":"Explora NexoInformativo y convi\u00e9rtete en parte de una comunidad que valora el conocimiento y la verdad. Tu nexoinformativo es tu puente hacia una comprensi\u00f3n m\u00e1s profunda del mundo que te rodea.","publisher":{"@id":"https:\/\/www.nexoinformativo.mx\/#organization"},"potentialAction":[{"@type":"SearchAction","target":{"@type":"EntryPoint","urlTemplate":"https:\/\/www.nexoinformativo.mx\/?s={search_term_string}"},"query-input":{"@type":"PropertyValueSpecification","valueRequired":true,"valueName":"search_term_string"}}],"inLanguage":"es"},{"@type":"Organization","@id":"https:\/\/www.nexoinformativo.mx\/#organization","name":"Nexo Informativo Santiago de Quer\u00e9taro","url":"https:\/\/www.nexoinformativo.mx\/","logo":{"@type":"ImageObject","inLanguage":"es","@id":"https:\/\/www.nexoinformativo.mx\/#\/schema\/logo\/image\/","url":"https:\/\/www.nexoinformativo.mx\/wp-content\/uploads\/2024\/07\/nexoi-trasparente-2.png","contentUrl":"https:\/\/www.nexoinformativo.mx\/wp-content\/uploads\/2024\/07\/nexoi-trasparente-2.png","width":816,"height":339,"caption":"Nexo Informativo Santiago de Quer\u00e9taro"},"image":{"@id":"https:\/\/www.nexoinformativo.mx\/#\/schema\/logo\/image\/"},"sameAs":["https:\/\/www.facebook.com\/people\/Nexo-Informativo\/61564066885511\/"]},{"@type":"Person","@id":"https:\/\/www.nexoinformativo.mx\/#\/schema\/person\/7749d380ba08c8ca00d7bc76fd907b7d","name":"Nexo Informativo","image":{"@type":"ImageObject","inLanguage":"es","@id":"https:\/\/www.nexoinformativo.mx\/#\/schema\/person\/image\/","url":"https:\/\/secure.gravatar.com\/avatar\/dde2928154642a13d95f87ddf1ea9718fe2b46760a005c53e41ff5ad610704e6?s=96&d=mm&r=g","contentUrl":"https:\/\/secure.gravatar.com\/avatar\/dde2928154642a13d95f87ddf1ea9718fe2b46760a005c53e41ff5ad610704e6?s=96&d=mm&r=g","caption":"Nexo Informativo"},"url":"https:\/\/www.nexoinformativo.mx\/index.php\/author\/edicion\/"}]}},"_links":{"self":[{"href":"https:\/\/www.nexoinformativo.mx\/index.php\/wp-json\/wp\/v2\/posts\/7001","targetHints":{"allow":["GET"]}}],"collection":[{"href":"https:\/\/www.nexoinformativo.mx\/index.php\/wp-json\/wp\/v2\/posts"}],"about":[{"href":"https:\/\/www.nexoinformativo.mx\/index.php\/wp-json\/wp\/v2\/types\/post"}],"author":[{"embeddable":true,"href":"https:\/\/www.nexoinformativo.mx\/index.php\/wp-json\/wp\/v2\/users\/3"}],"replies":[{"embeddable":true,"href":"https:\/\/www.nexoinformativo.mx\/index.php\/wp-json\/wp\/v2\/comments?post=7001"}],"version-history":[{"count":4,"href":"https:\/\/www.nexoinformativo.mx\/index.php\/wp-json\/wp\/v2\/posts\/7001\/revisions"}],"predecessor-version":[{"id":7007,"href":"https:\/\/www.nexoinformativo.mx\/index.php\/wp-json\/wp\/v2\/posts\/7001\/revisions\/7007"}],"wp:featuredmedia":[{"embeddable":true,"href":"https:\/\/www.nexoinformativo.mx\/index.php\/wp-json\/wp\/v2\/media\/7002"}],"wp:attachment":[{"href":"https:\/\/www.nexoinformativo.mx\/index.php\/wp-json\/wp\/v2\/media?parent=7001"}],"wp:term":[{"taxonomy":"category","embeddable":true,"href":"https:\/\/www.nexoinformativo.mx\/index.php\/wp-json\/wp\/v2\/categories?post=7001"},{"taxonomy":"post_tag","embeddable":true,"href":"https:\/\/www.nexoinformativo.mx\/index.php\/wp-json\/wp\/v2\/tags?post=7001"}],"curies":[{"name":"wp","href":"https:\/\/api.w.org\/{rel}","templated":true}]}}