{"id":7035,"date":"2024-11-26T17:00:47","date_gmt":"2024-11-26T23:00:47","guid":{"rendered":"https:\/\/www.nexoinformativo.mx\/?p=7035"},"modified":"2024-11-26T20:13:35","modified_gmt":"2024-11-27T02:13:35","slug":"la-figq-2024-se-llena-de-alegria-con-el-evento-canino-navideno","status":"publish","type":"post","link":"https:\/\/www.nexoinformativo.mx\/index.php\/2024\/11\/26\/la-figq-2024-se-llena-de-alegria-con-el-evento-canino-navideno\/","title":{"rendered":"La FIGQ 2024 se llena de alegr\u00eda con el evento Canino Navide\u00f1o"},"content":{"rendered":"<p style=\"text-align: justify;\" data-sourcepos=\"9:1-9:288\"><strong>La Feria Internacional Ganadera de Quer\u00e9taro<\/strong> (FIGQ 2024) se prepara para celebrar una de las fiestas m\u00e1s esperadas por los amantes de los perros. Los d\u00edas 8 y 9 de diciembre, el Eco en Centro Expositor se llenar\u00e1 de alegr\u00eda y diversi\u00f3n con el Evento Canino Navide\u00f1o.<\/p>\n<p>&nbsp;<\/p>\n<p style=\"text-align: justify;\" data-sourcepos=\"11:1-11:286\">Organizado por el <strong>Club Can\u00f3filo La Corregidora<\/strong>, este evento busca fortalecer el v\u00ednculo entre perros y humanos a trav\u00e9s de una gran variedad de actividades. Desde competencias de obediencia y agilidad hasta desfiles de disfraces y concursos de belleza, habr\u00e1 algo para todos los gustos.<\/p>\n<p>&nbsp;<\/p>\n<p style=\"text-align: justify;\" data-sourcepos=\"13:1-13:354\">Teresa Rodr\u00edguez, presidenta del Club Can\u00f3filo La Corregidora, expres\u00f3 su entusiasmo por esta edici\u00f3n: <strong>&#8220;Estamos emocionados de recibir a los amantes de los perros en la FIGQ2024. Este evento es una oportunidad para que las familias y los propietarios de perros se re\u00fanan y disfruten de un d\u00eda lleno de diversi\u00f3n y amor por los animales&#8221;<\/strong>.<\/p>\n<p>&nbsp;<\/p>\n<p style=\"text-align: justify;\" data-sourcepos=\"15:1-15:251\">Adem\u00e1s de las competencias, los asistentes podr\u00e1n encontrar una gran variedad de stands con productos y servicios para mascotas, como alimentos, juguetes y accesorios. Tambi\u00e9n habr\u00e1 \u00e1reas de adopci\u00f3n para aquellos que buscan darle un hogar a un perro.<\/p>\n<p>&nbsp;<\/p>\n<p style=\"text-align: justify;\" data-sourcepos=\"15:1-15:251\">No te pierdas esta gran oportunidad de compartir un d\u00eda inolvidable con tu mejor amigo. \u00a1Te esperamos en el Evento Canino Navide\u00f1o de la FIGQ 2024!<\/p>\n<p>&nbsp;<\/p>\n<p style=\"text-align: center;\" data-sourcepos=\"15:1-15:251\"><em><strong>\u00a1Informaci\u00f3n que transforma!<\/strong><\/em><\/p>\n","protected":false},"excerpt":{"rendered":"<p>La Feria Internacional Ganadera de Quer\u00e9taro (FIGQ 2024) se prepara para celebrar una de las fiestas m\u00e1s esperadas por los amantes de los perros.<\/p>\n","protected":false},"author":3,"featured_media":7036,"comment_status":"open","ping_status":"open","sticky":false,"template":"","format":"standard","meta":{"footnotes":""},"categories":[50,58],"tags":[2365,2364,293,133],"class_list":["post-7035","post","type-post","status-publish","format-standard","has-post-thumbnail","hentry","category-espectaculos","category-ultima-hora","tag-amantesdelosperros","tag-eventocaninonavideno","tag-figq2024","tag-queretaro"],"yoast_head":"<!-- This site is optimized with the Yoast SEO plugin v25.0 - https:\/\/yoast.com\/wordpress\/plugins\/seo\/ -->\n<title>La FIGQ 2024 se llena de alegr\u00eda con el evento Canino Navide\u00f1o | Nexo Informativo Santiago de Quer\u00e9taro<\/title>\n<meta name=\"description\" content=\"La FIGQ 2024 se llena de alegr\u00eda con el evento Canino Navide\u00f1o\" \/>\n<meta name=\"robots\" content=\"index, follow, max-snippet:-1, max-image-preview:large, max-video-preview:-1\" \/>\n<link rel=\"canonical\" href=\"https:\/\/www.nexoinformativo.mx\/index.php\/2024\/11\/26\/la-figq-2024-se-llena-de-alegria-con-el-evento-canino-navideno\/\" \/>\n<meta property=\"og:locale\" content=\"es_MX\" \/>\n<meta property=\"og:type\" content=\"article\" \/>\n<meta property=\"og:title\" content=\"La FIGQ 2024 se llena de alegr\u00eda con el evento Canino Navide\u00f1o | Nexo Informativo Santiago de Quer\u00e9taro\" \/>\n<meta property=\"og:description\" content=\"La FIGQ 2024 se llena de alegr\u00eda con el evento Canino Navide\u00f1o\" \/>\n<meta property=\"og:url\" content=\"https:\/\/www.nexoinformativo.mx\/index.php\/2024\/11\/26\/la-figq-2024-se-llena-de-alegria-con-el-evento-canino-navideno\/\" \/>\n<meta property=\"og:site_name\" content=\"Nexo Informativo Santiago de Quer\u00e9taro\" \/>\n<meta property=\"article:publisher\" content=\"https:\/\/www.facebook.com\/people\/Nexo-Informativo\/61564066885511\/\" \/>\n<meta property=\"article:published_time\" content=\"2024-11-26T23:00:47+00:00\" \/>\n<meta property=\"article:modified_time\" content=\"2024-11-27T02:13:35+00:00\" \/>\n<meta property=\"og:image\" content=\"https:\/\/www.nexoinformativo.mx\/wp-content\/uploads\/2024\/11\/PHOTO-2024-11-26-15-22-42-e1732673560626.jpg\" \/>\n\t<meta property=\"og:image:width\" content=\"700\" \/>\n\t<meta property=\"og:image:height\" content=\"906\" \/>\n\t<meta property=\"og:image:type\" content=\"image\/jpeg\" \/>\n<meta name=\"author\" content=\"Nexo Informativo\" \/>\n<meta name=\"twitter:card\" content=\"summary_large_image\" \/>\n<meta name=\"twitter:label1\" content=\"Escrito por\" \/>\n\t<meta name=\"twitter:data1\" content=\"Nexo Informativo\" \/>\n\t<meta name=\"twitter:label2\" content=\"Tiempo de lectura\" \/>\n\t<meta name=\"twitter:data2\" content=\"2 minutos\" \/>\n<script type=\"application\/ld+json\" class=\"yoast-schema-graph\">{\"@context\":\"https:\/\/schema.org\",\"@graph\":[{\"@type\":\"Article\",\"@id\":\"https:\/\/www.nexoinformativo.mx\/index.php\/2024\/11\/26\/la-figq-2024-se-llena-de-alegria-con-el-evento-canino-navideno\/#article\",\"isPartOf\":{\"@id\":\"https:\/\/www.nexoinformativo.mx\/index.php\/2024\/11\/26\/la-figq-2024-se-llena-de-alegria-con-el-evento-canino-navideno\/\"},\"author\":{\"name\":\"Nexo Informativo\",\"@id\":\"https:\/\/www.nexoinformativo.mx\/#\/schema\/person\/7749d380ba08c8ca00d7bc76fd907b7d\"},\"headline\":\"La FIGQ 2024 se llena de alegr\u00eda con el evento Canino Navide\u00f1o\",\"datePublished\":\"2024-11-26T23:00:47+00:00\",\"dateModified\":\"2024-11-27T02:13:35+00:00\",\"mainEntityOfPage\":{\"@id\":\"https:\/\/www.nexoinformativo.mx\/index.php\/2024\/11\/26\/la-figq-2024-se-llena-de-alegria-con-el-evento-canino-navideno\/\"},\"wordCount\":252,\"commentCount\":0,\"publisher\":{\"@id\":\"https:\/\/www.nexoinformativo.mx\/#organization\"},\"image\":{\"@id\":\"https:\/\/www.nexoinformativo.mx\/index.php\/2024\/11\/26\/la-figq-2024-se-llena-de-alegria-con-el-evento-canino-navideno\/#primaryimage\"},\"thumbnailUrl\":\"https:\/\/www.nexoinformativo.mx\/wp-content\/uploads\/2024\/11\/PHOTO-2024-11-26-15-22-42-e1732673560626.jpg\",\"keywords\":[\"AmantesDeLosPerros\",\"EventoCaninoNavide\u00f1o\",\"FIGQ2024\",\"Quer\u00e9taro\"],\"articleSection\":[\"Espect\u00e1culos\",\"\u00daltima Hora\"],\"inLanguage\":\"es\",\"potentialAction\":[{\"@type\":\"CommentAction\",\"name\":\"Comment\",\"target\":[\"https:\/\/www.nexoinformativo.mx\/index.php\/2024\/11\/26\/la-figq-2024-se-llena-de-alegria-con-el-evento-canino-navideno\/#respond\"]}]},{\"@type\":\"WebPage\",\"@id\":\"https:\/\/www.nexoinformativo.mx\/index.php\/2024\/11\/26\/la-figq-2024-se-llena-de-alegria-con-el-evento-canino-navideno\/\",\"url\":\"https:\/\/www.nexoinformativo.mx\/index.php\/2024\/11\/26\/la-figq-2024-se-llena-de-alegria-con-el-evento-canino-navideno\/\",\"name\":\"La FIGQ 2024 se llena de alegr\u00eda con el evento Canino Navide\u00f1o | Nexo Informativo Santiago de Quer\u00e9taro\",\"isPartOf\":{\"@id\":\"https:\/\/www.nexoinformativo.mx\/#website\"},\"primaryImageOfPage\":{\"@id\":\"https:\/\/www.nexoinformativo.mx\/index.php\/2024\/11\/26\/la-figq-2024-se-llena-de-alegria-con-el-evento-canino-navideno\/#primaryimage\"},\"image\":{\"@id\":\"https:\/\/www.nexoinformativo.mx\/index.php\/2024\/11\/26\/la-figq-2024-se-llena-de-alegria-con-el-evento-canino-navideno\/#primaryimage\"},\"thumbnailUrl\":\"https:\/\/www.nexoinformativo.mx\/wp-content\/uploads\/2024\/11\/PHOTO-2024-11-26-15-22-42-e1732673560626.jpg\",\"datePublished\":\"2024-11-26T23:00:47+00:00\",\"dateModified\":\"2024-11-27T02:13:35+00:00\",\"description\":\"La FIGQ 2024 se llena de alegr\u00eda con el evento Canino Navide\u00f1o\",\"breadcrumb\":{\"@id\":\"https:\/\/www.nexoinformativo.mx\/index.php\/2024\/11\/26\/la-figq-2024-se-llena-de-alegria-con-el-evento-canino-navideno\/#breadcrumb\"},\"inLanguage\":\"es\",\"potentialAction\":[{\"@type\":\"ReadAction\",\"target\":[\"https:\/\/www.nexoinformativo.mx\/index.php\/2024\/11\/26\/la-figq-2024-se-llena-de-alegria-con-el-evento-canino-navideno\/\"]}]},{\"@type\":\"ImageObject\",\"inLanguage\":\"es\",\"@id\":\"https:\/\/www.nexoinformativo.mx\/index.php\/2024\/11\/26\/la-figq-2024-se-llena-de-alegria-con-el-evento-canino-navideno\/#primaryimage\",\"url\":\"https:\/\/www.nexoinformativo.mx\/wp-content\/uploads\/2024\/11\/PHOTO-2024-11-26-15-22-42-e1732673560626.jpg\",\"contentUrl\":\"https:\/\/www.nexoinformativo.mx\/wp-content\/uploads\/2024\/11\/PHOTO-2024-11-26-15-22-42-e1732673560626.jpg\",\"width\":700,\"height\":906},{\"@type\":\"BreadcrumbList\",\"@id\":\"https:\/\/www.nexoinformativo.mx\/index.php\/2024\/11\/26\/la-figq-2024-se-llena-de-alegria-con-el-evento-canino-navideno\/#breadcrumb\",\"itemListElement\":[{\"@type\":\"ListItem\",\"position\":1,\"name\":\"Inicio\",\"item\":\"https:\/\/www.nexoinformativo.mx\/\"},{\"@type\":\"ListItem\",\"position\":2,\"name\":\"La FIGQ 2024 se llena de alegr\u00eda con el evento Canino Navide\u00f1o\"}]},{\"@type\":\"WebSite\",\"@id\":\"https:\/\/www.nexoinformativo.mx\/#website\",\"url\":\"https:\/\/www.nexoinformativo.mx\/\",\"name\":\"Nexo Informativo Santiago de Quer\u00e9taro\",\"description\":\"Explora NexoInformativo y convi\u00e9rtete en parte de una comunidad que valora el conocimiento y la verdad. Tu nexoinformativo es tu puente hacia una comprensi\u00f3n m\u00e1s profunda del mundo que te rodea.\",\"publisher\":{\"@id\":\"https:\/\/www.nexoinformativo.mx\/#organization\"},\"potentialAction\":[{\"@type\":\"SearchAction\",\"target\":{\"@type\":\"EntryPoint\",\"urlTemplate\":\"https:\/\/www.nexoinformativo.mx\/?s={search_term_string}\"},\"query-input\":{\"@type\":\"PropertyValueSpecification\",\"valueRequired\":true,\"valueName\":\"search_term_string\"}}],\"inLanguage\":\"es\"},{\"@type\":\"Organization\",\"@id\":\"https:\/\/www.nexoinformativo.mx\/#organization\",\"name\":\"Nexo Informativo Santiago de Quer\u00e9taro\",\"url\":\"https:\/\/www.nexoinformativo.mx\/\",\"logo\":{\"@type\":\"ImageObject\",\"inLanguage\":\"es\",\"@id\":\"https:\/\/www.nexoinformativo.mx\/#\/schema\/logo\/image\/\",\"url\":\"https:\/\/www.nexoinformativo.mx\/wp-content\/uploads\/2024\/07\/nexoi-trasparente-2.png\",\"contentUrl\":\"https:\/\/www.nexoinformativo.mx\/wp-content\/uploads\/2024\/07\/nexoi-trasparente-2.png\",\"width\":816,\"height\":339,\"caption\":\"Nexo Informativo Santiago de Quer\u00e9taro\"},\"image\":{\"@id\":\"https:\/\/www.nexoinformativo.mx\/#\/schema\/logo\/image\/\"},\"sameAs\":[\"https:\/\/www.facebook.com\/people\/Nexo-Informativo\/61564066885511\/\"]},{\"@type\":\"Person\",\"@id\":\"https:\/\/www.nexoinformativo.mx\/#\/schema\/person\/7749d380ba08c8ca00d7bc76fd907b7d\",\"name\":\"Nexo Informativo\",\"image\":{\"@type\":\"ImageObject\",\"inLanguage\":\"es\",\"@id\":\"https:\/\/www.nexoinformativo.mx\/#\/schema\/person\/image\/\",\"url\":\"https:\/\/secure.gravatar.com\/avatar\/dde2928154642a13d95f87ddf1ea9718fe2b46760a005c53e41ff5ad610704e6?s=96&d=mm&r=g\",\"contentUrl\":\"https:\/\/secure.gravatar.com\/avatar\/dde2928154642a13d95f87ddf1ea9718fe2b46760a005c53e41ff5ad610704e6?s=96&d=mm&r=g\",\"caption\":\"Nexo Informativo\"},\"url\":\"https:\/\/www.nexoinformativo.mx\/index.php\/author\/edicion\/\"}]}<\/script>\n<!-- \/ Yoast SEO plugin. -->","yoast_head_json":{"title":"La FIGQ 2024 se llena de alegr\u00eda con el evento Canino Navide\u00f1o | Nexo Informativo Santiago de Quer\u00e9taro","description":"La FIGQ 2024 se llena de alegr\u00eda con el evento Canino Navide\u00f1o","robots":{"index":"index","follow":"follow","max-snippet":"max-snippet:-1","max-image-preview":"max-image-preview:large","max-video-preview":"max-video-preview:-1"},"canonical":"https:\/\/www.nexoinformativo.mx\/index.php\/2024\/11\/26\/la-figq-2024-se-llena-de-alegria-con-el-evento-canino-navideno\/","og_locale":"es_MX","og_type":"article","og_title":"La FIGQ 2024 se llena de alegr\u00eda con el evento Canino Navide\u00f1o | Nexo Informativo Santiago de Quer\u00e9taro","og_description":"La FIGQ 2024 se llena de alegr\u00eda con el evento Canino Navide\u00f1o","og_url":"https:\/\/www.nexoinformativo.mx\/index.php\/2024\/11\/26\/la-figq-2024-se-llena-de-alegria-con-el-evento-canino-navideno\/","og_site_name":"Nexo Informativo Santiago de Quer\u00e9taro","article_publisher":"https:\/\/www.facebook.com\/people\/Nexo-Informativo\/61564066885511\/","article_published_time":"2024-11-26T23:00:47+00:00","article_modified_time":"2024-11-27T02:13:35+00:00","og_image":[{"width":700,"height":906,"url":"https:\/\/www.nexoinformativo.mx\/wp-content\/uploads\/2024\/11\/PHOTO-2024-11-26-15-22-42-e1732673560626.jpg","type":"image\/jpeg"}],"author":"Nexo Informativo","twitter_card":"summary_large_image","twitter_misc":{"Escrito por":"Nexo Informativo","Tiempo de lectura":"2 minutos"},"schema":{"@context":"https:\/\/schema.org","@graph":[{"@type":"Article","@id":"https:\/\/www.nexoinformativo.mx\/index.php\/2024\/11\/26\/la-figq-2024-se-llena-de-alegria-con-el-evento-canino-navideno\/#article","isPartOf":{"@id":"https:\/\/www.nexoinformativo.mx\/index.php\/2024\/11\/26\/la-figq-2024-se-llena-de-alegria-con-el-evento-canino-navideno\/"},"author":{"name":"Nexo Informativo","@id":"https:\/\/www.nexoinformativo.mx\/#\/schema\/person\/7749d380ba08c8ca00d7bc76fd907b7d"},"headline":"La FIGQ 2024 se llena de alegr\u00eda con el evento Canino Navide\u00f1o","datePublished":"2024-11-26T23:00:47+00:00","dateModified":"2024-11-27T02:13:35+00:00","mainEntityOfPage":{"@id":"https:\/\/www.nexoinformativo.mx\/index.php\/2024\/11\/26\/la-figq-2024-se-llena-de-alegria-con-el-evento-canino-navideno\/"},"wordCount":252,"commentCount":0,"publisher":{"@id":"https:\/\/www.nexoinformativo.mx\/#organization"},"image":{"@id":"https:\/\/www.nexoinformativo.mx\/index.php\/2024\/11\/26\/la-figq-2024-se-llena-de-alegria-con-el-evento-canino-navideno\/#primaryimage"},"thumbnailUrl":"https:\/\/www.nexoinformativo.mx\/wp-content\/uploads\/2024\/11\/PHOTO-2024-11-26-15-22-42-e1732673560626.jpg","keywords":["AmantesDeLosPerros","EventoCaninoNavide\u00f1o","FIGQ2024","Quer\u00e9taro"],"articleSection":["Espect\u00e1culos","\u00daltima Hora"],"inLanguage":"es","potentialAction":[{"@type":"CommentAction","name":"Comment","target":["https:\/\/www.nexoinformativo.mx\/index.php\/2024\/11\/26\/la-figq-2024-se-llena-de-alegria-con-el-evento-canino-navideno\/#respond"]}]},{"@type":"WebPage","@id":"https:\/\/www.nexoinformativo.mx\/index.php\/2024\/11\/26\/la-figq-2024-se-llena-de-alegria-con-el-evento-canino-navideno\/","url":"https:\/\/www.nexoinformativo.mx\/index.php\/2024\/11\/26\/la-figq-2024-se-llena-de-alegria-con-el-evento-canino-navideno\/","name":"La FIGQ 2024 se llena de alegr\u00eda con el evento Canino Navide\u00f1o | Nexo Informativo Santiago de Quer\u00e9taro","isPartOf":{"@id":"https:\/\/www.nexoinformativo.mx\/#website"},"primaryImageOfPage":{"@id":"https:\/\/www.nexoinformativo.mx\/index.php\/2024\/11\/26\/la-figq-2024-se-llena-de-alegria-con-el-evento-canino-navideno\/#primaryimage"},"image":{"@id":"https:\/\/www.nexoinformativo.mx\/index.php\/2024\/11\/26\/la-figq-2024-se-llena-de-alegria-con-el-evento-canino-navideno\/#primaryimage"},"thumbnailUrl":"https:\/\/www.nexoinformativo.mx\/wp-content\/uploads\/2024\/11\/PHOTO-2024-11-26-15-22-42-e1732673560626.jpg","datePublished":"2024-11-26T23:00:47+00:00","dateModified":"2024-11-27T02:13:35+00:00","description":"La FIGQ 2024 se llena de alegr\u00eda con el evento Canino Navide\u00f1o","breadcrumb":{"@id":"https:\/\/www.nexoinformativo.mx\/index.php\/2024\/11\/26\/la-figq-2024-se-llena-de-alegria-con-el-evento-canino-navideno\/#breadcrumb"},"inLanguage":"es","potentialAction":[{"@type":"ReadAction","target":["https:\/\/www.nexoinformativo.mx\/index.php\/2024\/11\/26\/la-figq-2024-se-llena-de-alegria-con-el-evento-canino-navideno\/"]}]},{"@type":"ImageObject","inLanguage":"es","@id":"https:\/\/www.nexoinformativo.mx\/index.php\/2024\/11\/26\/la-figq-2024-se-llena-de-alegria-con-el-evento-canino-navideno\/#primaryimage","url":"https:\/\/www.nexoinformativo.mx\/wp-content\/uploads\/2024\/11\/PHOTO-2024-11-26-15-22-42-e1732673560626.jpg","contentUrl":"https:\/\/www.nexoinformativo.mx\/wp-content\/uploads\/2024\/11\/PHOTO-2024-11-26-15-22-42-e1732673560626.jpg","width":700,"height":906},{"@type":"BreadcrumbList","@id":"https:\/\/www.nexoinformativo.mx\/index.php\/2024\/11\/26\/la-figq-2024-se-llena-de-alegria-con-el-evento-canino-navideno\/#breadcrumb","itemListElement":[{"@type":"ListItem","position":1,"name":"Inicio","item":"https:\/\/www.nexoinformativo.mx\/"},{"@type":"ListItem","position":2,"name":"La FIGQ 2024 se llena de alegr\u00eda con el evento Canino Navide\u00f1o"}]},{"@type":"WebSite","@id":"https:\/\/www.nexoinformativo.mx\/#website","url":"https:\/\/www.nexoinformativo.mx\/","name":"Nexo Informativo Santiago de Quer\u00e9taro","description":"Explora NexoInformativo y convi\u00e9rtete en parte de una comunidad que valora el conocimiento y la verdad. Tu nexoinformativo es tu puente hacia una comprensi\u00f3n m\u00e1s profunda del mundo que te rodea.","publisher":{"@id":"https:\/\/www.nexoinformativo.mx\/#organization"},"potentialAction":[{"@type":"SearchAction","target":{"@type":"EntryPoint","urlTemplate":"https:\/\/www.nexoinformativo.mx\/?s={search_term_string}"},"query-input":{"@type":"PropertyValueSpecification","valueRequired":true,"valueName":"search_term_string"}}],"inLanguage":"es"},{"@type":"Organization","@id":"https:\/\/www.nexoinformativo.mx\/#organization","name":"Nexo Informativo Santiago de Quer\u00e9taro","url":"https:\/\/www.nexoinformativo.mx\/","logo":{"@type":"ImageObject","inLanguage":"es","@id":"https:\/\/www.nexoinformativo.mx\/#\/schema\/logo\/image\/","url":"https:\/\/www.nexoinformativo.mx\/wp-content\/uploads\/2024\/07\/nexoi-trasparente-2.png","contentUrl":"https:\/\/www.nexoinformativo.mx\/wp-content\/uploads\/2024\/07\/nexoi-trasparente-2.png","width":816,"height":339,"caption":"Nexo Informativo Santiago de Quer\u00e9taro"},"image":{"@id":"https:\/\/www.nexoinformativo.mx\/#\/schema\/logo\/image\/"},"sameAs":["https:\/\/www.facebook.com\/people\/Nexo-Informativo\/61564066885511\/"]},{"@type":"Person","@id":"https:\/\/www.nexoinformativo.mx\/#\/schema\/person\/7749d380ba08c8ca00d7bc76fd907b7d","name":"Nexo Informativo","image":{"@type":"ImageObject","inLanguage":"es","@id":"https:\/\/www.nexoinformativo.mx\/#\/schema\/person\/image\/","url":"https:\/\/secure.gravatar.com\/avatar\/dde2928154642a13d95f87ddf1ea9718fe2b46760a005c53e41ff5ad610704e6?s=96&d=mm&r=g","contentUrl":"https:\/\/secure.gravatar.com\/avatar\/dde2928154642a13d95f87ddf1ea9718fe2b46760a005c53e41ff5ad610704e6?s=96&d=mm&r=g","caption":"Nexo Informativo"},"url":"https:\/\/www.nexoinformativo.mx\/index.php\/author\/edicion\/"}]}},"_links":{"self":[{"href":"https:\/\/www.nexoinformativo.mx\/index.php\/wp-json\/wp\/v2\/posts\/7035","targetHints":{"allow":["GET"]}}],"collection":[{"href":"https:\/\/www.nexoinformativo.mx\/index.php\/wp-json\/wp\/v2\/posts"}],"about":[{"href":"https:\/\/www.nexoinformativo.mx\/index.php\/wp-json\/wp\/v2\/types\/post"}],"author":[{"embeddable":true,"href":"https:\/\/www.nexoinformativo.mx\/index.php\/wp-json\/wp\/v2\/users\/3"}],"replies":[{"embeddable":true,"href":"https:\/\/www.nexoinformativo.mx\/index.php\/wp-json\/wp\/v2\/comments?post=7035"}],"version-history":[{"count":3,"href":"https:\/\/www.nexoinformativo.mx\/index.php\/wp-json\/wp\/v2\/posts\/7035\/revisions"}],"predecessor-version":[{"id":7039,"href":"https:\/\/www.nexoinformativo.mx\/index.php\/wp-json\/wp\/v2\/posts\/7035\/revisions\/7039"}],"wp:featuredmedia":[{"embeddable":true,"href":"https:\/\/www.nexoinformativo.mx\/index.php\/wp-json\/wp\/v2\/media\/7036"}],"wp:attachment":[{"href":"https:\/\/www.nexoinformativo.mx\/index.php\/wp-json\/wp\/v2\/media?parent=7035"}],"wp:term":[{"taxonomy":"category","embeddable":true,"href":"https:\/\/www.nexoinformativo.mx\/index.php\/wp-json\/wp\/v2\/categories?post=7035"},{"taxonomy":"post_tag","embeddable":true,"href":"https:\/\/www.nexoinformativo.mx\/index.php\/wp-json\/wp\/v2\/tags?post=7035"}],"curies":[{"name":"wp","href":"https:\/\/api.w.org\/{rel}","templated":true}]}}