{"id":7040,"date":"2024-11-26T18:00:11","date_gmt":"2024-11-27T00:00:11","guid":{"rendered":"https:\/\/www.nexoinformativo.mx\/?p=7040"},"modified":"2024-11-26T20:18:13","modified_gmt":"2024-11-27T02:18:13","slug":"atencion-vecinos-seis-colonias-de-queretaro-se-quedaran-sin-agua-este-miercoles","status":"publish","type":"post","link":"https:\/\/www.nexoinformativo.mx\/index.php\/2024\/11\/26\/atencion-vecinos-seis-colonias-de-queretaro-se-quedaran-sin-agua-este-miercoles\/","title":{"rendered":"\u00a1Atenci\u00f3n vecinos! Seis colonias de Quer\u00e9taro se quedar\u00e1n sin agua este mi\u00e9rcoles"},"content":{"rendered":"<p style=\"text-align: justify;\" data-sourcepos=\"9:1-9:306\">La Comisi\u00f3n Estatal de Infraestructura (CEI) y la Comisi\u00f3n Estatal de Aguas (CEA) informaron que este mi\u00e9rcoles 27 de noviembre se interrumpir\u00e1 el servicio de agua potable en seis colonias de la ciudad, como parte de los trabajos de mejora en la infraestructura hidr\u00e1ulica de la zona.<\/p>\n<p>&nbsp;<\/p>\n<p style=\"text-align: justify;\" data-sourcepos=\"11:1-11:185\">Las colonias afectadas son: <strong>El Cerrito, Espa\u00f1a, Las Hadas, Linda Vista, Lomas de Lindavista y Santa Catarina.<\/strong> La suspensi\u00f3n del servicio se llevar\u00e1 a cabo de las <strong>8:00 a las 18:00 horas<\/strong>.<\/p>\n<p>&nbsp;<\/p>\n<p style=\"text-align: justify;\" data-sourcepos=\"13:1-13:253\">Estos trabajos son necesarios para garantizar un suministro de agua de mejor calidad y m\u00e1s eficiente a largo plazo. Se recomienda a los habitantes de las colonias afectadas tomar las precauciones necesarias, como almacenar agua potable con anticipaci\u00f3n.<\/p>\n<p>&nbsp;<\/p>\n<p style=\"text-align: justify;\" data-sourcepos=\"15:1-15:191\">El servicio se restablecer\u00e1 gradualmente durante la madrugada del jueves 28 de noviembre. Para cualquier duda o aclaraci\u00f3n, los ciudadanos pueden comunicarse al n\u00famero telef\u00f3nico 442 2110066.<\/p>\n<p>&nbsp;<\/p>\n<p style=\"text-align: center;\" data-sourcepos=\"15:1-15:191\"><em><strong>\u00a1Informaci\u00f3n que transforma!<\/strong><\/em><\/p>\n","protected":false},"excerpt":{"rendered":"<p>La Comisi\u00f3n Estatal de Infraestructura (CEI) y la Comisi\u00f3n Estatal de Aguas (CEA) informaron que este mi\u00e9rcoles 27 de noviembre se interrumpir\u00e1 el servicio de agua potable en seis colonias de la ciudad, como parte de los trabajos de mejora en la infraestructura hidr\u00e1ulica de la zona.<\/p>\n","protected":false},"author":3,"featured_media":7041,"comment_status":"open","ping_status":"open","sticky":false,"template":"","format":"standard","meta":{"footnotes":""},"categories":[65,58],"tags":[2368,2367,2366,133],"class_list":["post-7040","post","type-post","status-publish","format-standard","has-post-thumbnail","hentry","category-municipios","category-ultima-hora","tag-cea","tag-cei","tag-cortedeagua","tag-queretaro"],"yoast_head":"<!-- This site is optimized with the Yoast SEO plugin v25.0 - https:\/\/yoast.com\/wordpress\/plugins\/seo\/ -->\n<title>\u00a1Atenci\u00f3n vecinos! Seis colonias de Quer\u00e9taro se quedar\u00e1n sin agua este mi\u00e9rcoles | Nexo Informativo Santiago de Quer\u00e9taro<\/title>\n<meta name=\"description\" content=\"\u00a1Atenci\u00f3n vecinos! Seis colonias de Quer\u00e9taro se quedar\u00e1n sin agua este mi\u00e9rcoles\" \/>\n<meta name=\"robots\" content=\"index, follow, max-snippet:-1, max-image-preview:large, max-video-preview:-1\" \/>\n<link rel=\"canonical\" href=\"https:\/\/www.nexoinformativo.mx\/index.php\/2024\/11\/26\/atencion-vecinos-seis-colonias-de-queretaro-se-quedaran-sin-agua-este-miercoles\/\" \/>\n<meta property=\"og:locale\" content=\"es_MX\" \/>\n<meta property=\"og:type\" content=\"article\" \/>\n<meta property=\"og:title\" content=\"\u00a1Atenci\u00f3n vecinos! Seis colonias de Quer\u00e9taro se quedar\u00e1n sin agua este mi\u00e9rcoles | Nexo Informativo Santiago de Quer\u00e9taro\" \/>\n<meta property=\"og:description\" content=\"\u00a1Atenci\u00f3n vecinos! Seis colonias de Quer\u00e9taro se quedar\u00e1n sin agua este mi\u00e9rcoles\" \/>\n<meta property=\"og:url\" content=\"https:\/\/www.nexoinformativo.mx\/index.php\/2024\/11\/26\/atencion-vecinos-seis-colonias-de-queretaro-se-quedaran-sin-agua-este-miercoles\/\" \/>\n<meta property=\"og:site_name\" content=\"Nexo Informativo Santiago de Quer\u00e9taro\" \/>\n<meta property=\"article:publisher\" content=\"https:\/\/www.facebook.com\/people\/Nexo-Informativo\/61564066885511\/\" \/>\n<meta property=\"article:published_time\" content=\"2024-11-27T00:00:11+00:00\" \/>\n<meta property=\"article:modified_time\" content=\"2024-11-27T02:18:13+00:00\" \/>\n<meta property=\"og:image\" content=\"https:\/\/www.nexoinformativo.mx\/wp-content\/uploads\/2024\/11\/PHOTO-2024-11-26-16-57-40-e1732673844469.jpg\" \/>\n\t<meta property=\"og:image:width\" content=\"700\" \/>\n\t<meta property=\"og:image:height\" content=\"808\" \/>\n\t<meta property=\"og:image:type\" content=\"image\/jpeg\" \/>\n<meta name=\"author\" content=\"Nexo Informativo\" \/>\n<meta name=\"twitter:card\" content=\"summary_large_image\" \/>\n<meta name=\"twitter:label1\" content=\"Escrito por\" \/>\n\t<meta name=\"twitter:data1\" content=\"Nexo Informativo\" \/>\n\t<meta name=\"twitter:label2\" content=\"Tiempo de lectura\" \/>\n\t<meta name=\"twitter:data2\" content=\"1 minuto\" \/>\n<script type=\"application\/ld+json\" class=\"yoast-schema-graph\">{\"@context\":\"https:\/\/schema.org\",\"@graph\":[{\"@type\":\"Article\",\"@id\":\"https:\/\/www.nexoinformativo.mx\/index.php\/2024\/11\/26\/atencion-vecinos-seis-colonias-de-queretaro-se-quedaran-sin-agua-este-miercoles\/#article\",\"isPartOf\":{\"@id\":\"https:\/\/www.nexoinformativo.mx\/index.php\/2024\/11\/26\/atencion-vecinos-seis-colonias-de-queretaro-se-quedaran-sin-agua-este-miercoles\/\"},\"author\":{\"name\":\"Nexo Informativo\",\"@id\":\"https:\/\/www.nexoinformativo.mx\/#\/schema\/person\/7749d380ba08c8ca00d7bc76fd907b7d\"},\"headline\":\"\u00a1Atenci\u00f3n vecinos! Seis colonias de Quer\u00e9taro se quedar\u00e1n sin agua este mi\u00e9rcoles\",\"datePublished\":\"2024-11-27T00:00:11+00:00\",\"dateModified\":\"2024-11-27T02:18:13+00:00\",\"mainEntityOfPage\":{\"@id\":\"https:\/\/www.nexoinformativo.mx\/index.php\/2024\/11\/26\/atencion-vecinos-seis-colonias-de-queretaro-se-quedaran-sin-agua-este-miercoles\/\"},\"wordCount\":173,\"commentCount\":0,\"publisher\":{\"@id\":\"https:\/\/www.nexoinformativo.mx\/#organization\"},\"image\":{\"@id\":\"https:\/\/www.nexoinformativo.mx\/index.php\/2024\/11\/26\/atencion-vecinos-seis-colonias-de-queretaro-se-quedaran-sin-agua-este-miercoles\/#primaryimage\"},\"thumbnailUrl\":\"https:\/\/www.nexoinformativo.mx\/wp-content\/uploads\/2024\/11\/PHOTO-2024-11-26-16-57-40-e1732673844469.jpg\",\"keywords\":[\"CEA\",\"CEI\",\"CorteDeAgua\",\"Quer\u00e9taro\"],\"articleSection\":[\"Municipios\",\"\u00daltima Hora\"],\"inLanguage\":\"es\",\"potentialAction\":[{\"@type\":\"CommentAction\",\"name\":\"Comment\",\"target\":[\"https:\/\/www.nexoinformativo.mx\/index.php\/2024\/11\/26\/atencion-vecinos-seis-colonias-de-queretaro-se-quedaran-sin-agua-este-miercoles\/#respond\"]}]},{\"@type\":\"WebPage\",\"@id\":\"https:\/\/www.nexoinformativo.mx\/index.php\/2024\/11\/26\/atencion-vecinos-seis-colonias-de-queretaro-se-quedaran-sin-agua-este-miercoles\/\",\"url\":\"https:\/\/www.nexoinformativo.mx\/index.php\/2024\/11\/26\/atencion-vecinos-seis-colonias-de-queretaro-se-quedaran-sin-agua-este-miercoles\/\",\"name\":\"\u00a1Atenci\u00f3n vecinos! Seis colonias de Quer\u00e9taro se quedar\u00e1n sin agua este mi\u00e9rcoles | Nexo Informativo Santiago de Quer\u00e9taro\",\"isPartOf\":{\"@id\":\"https:\/\/www.nexoinformativo.mx\/#website\"},\"primaryImageOfPage\":{\"@id\":\"https:\/\/www.nexoinformativo.mx\/index.php\/2024\/11\/26\/atencion-vecinos-seis-colonias-de-queretaro-se-quedaran-sin-agua-este-miercoles\/#primaryimage\"},\"image\":{\"@id\":\"https:\/\/www.nexoinformativo.mx\/index.php\/2024\/11\/26\/atencion-vecinos-seis-colonias-de-queretaro-se-quedaran-sin-agua-este-miercoles\/#primaryimage\"},\"thumbnailUrl\":\"https:\/\/www.nexoinformativo.mx\/wp-content\/uploads\/2024\/11\/PHOTO-2024-11-26-16-57-40-e1732673844469.jpg\",\"datePublished\":\"2024-11-27T00:00:11+00:00\",\"dateModified\":\"2024-11-27T02:18:13+00:00\",\"description\":\"\u00a1Atenci\u00f3n vecinos! Seis colonias de Quer\u00e9taro se quedar\u00e1n sin agua este mi\u00e9rcoles\",\"breadcrumb\":{\"@id\":\"https:\/\/www.nexoinformativo.mx\/index.php\/2024\/11\/26\/atencion-vecinos-seis-colonias-de-queretaro-se-quedaran-sin-agua-este-miercoles\/#breadcrumb\"},\"inLanguage\":\"es\",\"potentialAction\":[{\"@type\":\"ReadAction\",\"target\":[\"https:\/\/www.nexoinformativo.mx\/index.php\/2024\/11\/26\/atencion-vecinos-seis-colonias-de-queretaro-se-quedaran-sin-agua-este-miercoles\/\"]}]},{\"@type\":\"ImageObject\",\"inLanguage\":\"es\",\"@id\":\"https:\/\/www.nexoinformativo.mx\/index.php\/2024\/11\/26\/atencion-vecinos-seis-colonias-de-queretaro-se-quedaran-sin-agua-este-miercoles\/#primaryimage\",\"url\":\"https:\/\/www.nexoinformativo.mx\/wp-content\/uploads\/2024\/11\/PHOTO-2024-11-26-16-57-40-e1732673844469.jpg\",\"contentUrl\":\"https:\/\/www.nexoinformativo.mx\/wp-content\/uploads\/2024\/11\/PHOTO-2024-11-26-16-57-40-e1732673844469.jpg\",\"width\":700,\"height\":808},{\"@type\":\"BreadcrumbList\",\"@id\":\"https:\/\/www.nexoinformativo.mx\/index.php\/2024\/11\/26\/atencion-vecinos-seis-colonias-de-queretaro-se-quedaran-sin-agua-este-miercoles\/#breadcrumb\",\"itemListElement\":[{\"@type\":\"ListItem\",\"position\":1,\"name\":\"Inicio\",\"item\":\"https:\/\/www.nexoinformativo.mx\/\"},{\"@type\":\"ListItem\",\"position\":2,\"name\":\"\u00a1Atenci\u00f3n vecinos! Seis colonias de Quer\u00e9taro se quedar\u00e1n sin agua este mi\u00e9rcoles\"}]},{\"@type\":\"WebSite\",\"@id\":\"https:\/\/www.nexoinformativo.mx\/#website\",\"url\":\"https:\/\/www.nexoinformativo.mx\/\",\"name\":\"Nexo Informativo Santiago de Quer\u00e9taro\",\"description\":\"Explora NexoInformativo y convi\u00e9rtete en parte de una comunidad que valora el conocimiento y la verdad. Tu nexoinformativo es tu puente hacia una comprensi\u00f3n m\u00e1s profunda del mundo que te rodea.\",\"publisher\":{\"@id\":\"https:\/\/www.nexoinformativo.mx\/#organization\"},\"potentialAction\":[{\"@type\":\"SearchAction\",\"target\":{\"@type\":\"EntryPoint\",\"urlTemplate\":\"https:\/\/www.nexoinformativo.mx\/?s={search_term_string}\"},\"query-input\":{\"@type\":\"PropertyValueSpecification\",\"valueRequired\":true,\"valueName\":\"search_term_string\"}}],\"inLanguage\":\"es\"},{\"@type\":\"Organization\",\"@id\":\"https:\/\/www.nexoinformativo.mx\/#organization\",\"name\":\"Nexo Informativo Santiago de Quer\u00e9taro\",\"url\":\"https:\/\/www.nexoinformativo.mx\/\",\"logo\":{\"@type\":\"ImageObject\",\"inLanguage\":\"es\",\"@id\":\"https:\/\/www.nexoinformativo.mx\/#\/schema\/logo\/image\/\",\"url\":\"https:\/\/www.nexoinformativo.mx\/wp-content\/uploads\/2024\/07\/nexoi-trasparente-2.png\",\"contentUrl\":\"https:\/\/www.nexoinformativo.mx\/wp-content\/uploads\/2024\/07\/nexoi-trasparente-2.png\",\"width\":816,\"height\":339,\"caption\":\"Nexo Informativo Santiago de Quer\u00e9taro\"},\"image\":{\"@id\":\"https:\/\/www.nexoinformativo.mx\/#\/schema\/logo\/image\/\"},\"sameAs\":[\"https:\/\/www.facebook.com\/people\/Nexo-Informativo\/61564066885511\/\"]},{\"@type\":\"Person\",\"@id\":\"https:\/\/www.nexoinformativo.mx\/#\/schema\/person\/7749d380ba08c8ca00d7bc76fd907b7d\",\"name\":\"Nexo Informativo\",\"image\":{\"@type\":\"ImageObject\",\"inLanguage\":\"es\",\"@id\":\"https:\/\/www.nexoinformativo.mx\/#\/schema\/person\/image\/\",\"url\":\"https:\/\/secure.gravatar.com\/avatar\/dde2928154642a13d95f87ddf1ea9718fe2b46760a005c53e41ff5ad610704e6?s=96&d=mm&r=g\",\"contentUrl\":\"https:\/\/secure.gravatar.com\/avatar\/dde2928154642a13d95f87ddf1ea9718fe2b46760a005c53e41ff5ad610704e6?s=96&d=mm&r=g\",\"caption\":\"Nexo Informativo\"},\"url\":\"https:\/\/www.nexoinformativo.mx\/index.php\/author\/edicion\/\"}]}<\/script>\n<!-- \/ Yoast SEO plugin. -->","yoast_head_json":{"title":"\u00a1Atenci\u00f3n vecinos! Seis colonias de Quer\u00e9taro se quedar\u00e1n sin agua este mi\u00e9rcoles | Nexo Informativo Santiago de Quer\u00e9taro","description":"\u00a1Atenci\u00f3n vecinos! Seis colonias de Quer\u00e9taro se quedar\u00e1n sin agua este mi\u00e9rcoles","robots":{"index":"index","follow":"follow","max-snippet":"max-snippet:-1","max-image-preview":"max-image-preview:large","max-video-preview":"max-video-preview:-1"},"canonical":"https:\/\/www.nexoinformativo.mx\/index.php\/2024\/11\/26\/atencion-vecinos-seis-colonias-de-queretaro-se-quedaran-sin-agua-este-miercoles\/","og_locale":"es_MX","og_type":"article","og_title":"\u00a1Atenci\u00f3n vecinos! Seis colonias de Quer\u00e9taro se quedar\u00e1n sin agua este mi\u00e9rcoles | Nexo Informativo Santiago de Quer\u00e9taro","og_description":"\u00a1Atenci\u00f3n vecinos! Seis colonias de Quer\u00e9taro se quedar\u00e1n sin agua este mi\u00e9rcoles","og_url":"https:\/\/www.nexoinformativo.mx\/index.php\/2024\/11\/26\/atencion-vecinos-seis-colonias-de-queretaro-se-quedaran-sin-agua-este-miercoles\/","og_site_name":"Nexo Informativo Santiago de Quer\u00e9taro","article_publisher":"https:\/\/www.facebook.com\/people\/Nexo-Informativo\/61564066885511\/","article_published_time":"2024-11-27T00:00:11+00:00","article_modified_time":"2024-11-27T02:18:13+00:00","og_image":[{"width":700,"height":808,"url":"https:\/\/www.nexoinformativo.mx\/wp-content\/uploads\/2024\/11\/PHOTO-2024-11-26-16-57-40-e1732673844469.jpg","type":"image\/jpeg"}],"author":"Nexo Informativo","twitter_card":"summary_large_image","twitter_misc":{"Escrito por":"Nexo Informativo","Tiempo de lectura":"1 minuto"},"schema":{"@context":"https:\/\/schema.org","@graph":[{"@type":"Article","@id":"https:\/\/www.nexoinformativo.mx\/index.php\/2024\/11\/26\/atencion-vecinos-seis-colonias-de-queretaro-se-quedaran-sin-agua-este-miercoles\/#article","isPartOf":{"@id":"https:\/\/www.nexoinformativo.mx\/index.php\/2024\/11\/26\/atencion-vecinos-seis-colonias-de-queretaro-se-quedaran-sin-agua-este-miercoles\/"},"author":{"name":"Nexo Informativo","@id":"https:\/\/www.nexoinformativo.mx\/#\/schema\/person\/7749d380ba08c8ca00d7bc76fd907b7d"},"headline":"\u00a1Atenci\u00f3n vecinos! Seis colonias de Quer\u00e9taro se quedar\u00e1n sin agua este mi\u00e9rcoles","datePublished":"2024-11-27T00:00:11+00:00","dateModified":"2024-11-27T02:18:13+00:00","mainEntityOfPage":{"@id":"https:\/\/www.nexoinformativo.mx\/index.php\/2024\/11\/26\/atencion-vecinos-seis-colonias-de-queretaro-se-quedaran-sin-agua-este-miercoles\/"},"wordCount":173,"commentCount":0,"publisher":{"@id":"https:\/\/www.nexoinformativo.mx\/#organization"},"image":{"@id":"https:\/\/www.nexoinformativo.mx\/index.php\/2024\/11\/26\/atencion-vecinos-seis-colonias-de-queretaro-se-quedaran-sin-agua-este-miercoles\/#primaryimage"},"thumbnailUrl":"https:\/\/www.nexoinformativo.mx\/wp-content\/uploads\/2024\/11\/PHOTO-2024-11-26-16-57-40-e1732673844469.jpg","keywords":["CEA","CEI","CorteDeAgua","Quer\u00e9taro"],"articleSection":["Municipios","\u00daltima Hora"],"inLanguage":"es","potentialAction":[{"@type":"CommentAction","name":"Comment","target":["https:\/\/www.nexoinformativo.mx\/index.php\/2024\/11\/26\/atencion-vecinos-seis-colonias-de-queretaro-se-quedaran-sin-agua-este-miercoles\/#respond"]}]},{"@type":"WebPage","@id":"https:\/\/www.nexoinformativo.mx\/index.php\/2024\/11\/26\/atencion-vecinos-seis-colonias-de-queretaro-se-quedaran-sin-agua-este-miercoles\/","url":"https:\/\/www.nexoinformativo.mx\/index.php\/2024\/11\/26\/atencion-vecinos-seis-colonias-de-queretaro-se-quedaran-sin-agua-este-miercoles\/","name":"\u00a1Atenci\u00f3n vecinos! Seis colonias de Quer\u00e9taro se quedar\u00e1n sin agua este mi\u00e9rcoles | Nexo Informativo Santiago de Quer\u00e9taro","isPartOf":{"@id":"https:\/\/www.nexoinformativo.mx\/#website"},"primaryImageOfPage":{"@id":"https:\/\/www.nexoinformativo.mx\/index.php\/2024\/11\/26\/atencion-vecinos-seis-colonias-de-queretaro-se-quedaran-sin-agua-este-miercoles\/#primaryimage"},"image":{"@id":"https:\/\/www.nexoinformativo.mx\/index.php\/2024\/11\/26\/atencion-vecinos-seis-colonias-de-queretaro-se-quedaran-sin-agua-este-miercoles\/#primaryimage"},"thumbnailUrl":"https:\/\/www.nexoinformativo.mx\/wp-content\/uploads\/2024\/11\/PHOTO-2024-11-26-16-57-40-e1732673844469.jpg","datePublished":"2024-11-27T00:00:11+00:00","dateModified":"2024-11-27T02:18:13+00:00","description":"\u00a1Atenci\u00f3n vecinos! Seis colonias de Quer\u00e9taro se quedar\u00e1n sin agua este mi\u00e9rcoles","breadcrumb":{"@id":"https:\/\/www.nexoinformativo.mx\/index.php\/2024\/11\/26\/atencion-vecinos-seis-colonias-de-queretaro-se-quedaran-sin-agua-este-miercoles\/#breadcrumb"},"inLanguage":"es","potentialAction":[{"@type":"ReadAction","target":["https:\/\/www.nexoinformativo.mx\/index.php\/2024\/11\/26\/atencion-vecinos-seis-colonias-de-queretaro-se-quedaran-sin-agua-este-miercoles\/"]}]},{"@type":"ImageObject","inLanguage":"es","@id":"https:\/\/www.nexoinformativo.mx\/index.php\/2024\/11\/26\/atencion-vecinos-seis-colonias-de-queretaro-se-quedaran-sin-agua-este-miercoles\/#primaryimage","url":"https:\/\/www.nexoinformativo.mx\/wp-content\/uploads\/2024\/11\/PHOTO-2024-11-26-16-57-40-e1732673844469.jpg","contentUrl":"https:\/\/www.nexoinformativo.mx\/wp-content\/uploads\/2024\/11\/PHOTO-2024-11-26-16-57-40-e1732673844469.jpg","width":700,"height":808},{"@type":"BreadcrumbList","@id":"https:\/\/www.nexoinformativo.mx\/index.php\/2024\/11\/26\/atencion-vecinos-seis-colonias-de-queretaro-se-quedaran-sin-agua-este-miercoles\/#breadcrumb","itemListElement":[{"@type":"ListItem","position":1,"name":"Inicio","item":"https:\/\/www.nexoinformativo.mx\/"},{"@type":"ListItem","position":2,"name":"\u00a1Atenci\u00f3n vecinos! Seis colonias de Quer\u00e9taro se quedar\u00e1n sin agua este mi\u00e9rcoles"}]},{"@type":"WebSite","@id":"https:\/\/www.nexoinformativo.mx\/#website","url":"https:\/\/www.nexoinformativo.mx\/","name":"Nexo Informativo Santiago de Quer\u00e9taro","description":"Explora NexoInformativo y convi\u00e9rtete en parte de una comunidad que valora el conocimiento y la verdad. Tu nexoinformativo es tu puente hacia una comprensi\u00f3n m\u00e1s profunda del mundo que te rodea.","publisher":{"@id":"https:\/\/www.nexoinformativo.mx\/#organization"},"potentialAction":[{"@type":"SearchAction","target":{"@type":"EntryPoint","urlTemplate":"https:\/\/www.nexoinformativo.mx\/?s={search_term_string}"},"query-input":{"@type":"PropertyValueSpecification","valueRequired":true,"valueName":"search_term_string"}}],"inLanguage":"es"},{"@type":"Organization","@id":"https:\/\/www.nexoinformativo.mx\/#organization","name":"Nexo Informativo Santiago de Quer\u00e9taro","url":"https:\/\/www.nexoinformativo.mx\/","logo":{"@type":"ImageObject","inLanguage":"es","@id":"https:\/\/www.nexoinformativo.mx\/#\/schema\/logo\/image\/","url":"https:\/\/www.nexoinformativo.mx\/wp-content\/uploads\/2024\/07\/nexoi-trasparente-2.png","contentUrl":"https:\/\/www.nexoinformativo.mx\/wp-content\/uploads\/2024\/07\/nexoi-trasparente-2.png","width":816,"height":339,"caption":"Nexo Informativo Santiago de Quer\u00e9taro"},"image":{"@id":"https:\/\/www.nexoinformativo.mx\/#\/schema\/logo\/image\/"},"sameAs":["https:\/\/www.facebook.com\/people\/Nexo-Informativo\/61564066885511\/"]},{"@type":"Person","@id":"https:\/\/www.nexoinformativo.mx\/#\/schema\/person\/7749d380ba08c8ca00d7bc76fd907b7d","name":"Nexo Informativo","image":{"@type":"ImageObject","inLanguage":"es","@id":"https:\/\/www.nexoinformativo.mx\/#\/schema\/person\/image\/","url":"https:\/\/secure.gravatar.com\/avatar\/dde2928154642a13d95f87ddf1ea9718fe2b46760a005c53e41ff5ad610704e6?s=96&d=mm&r=g","contentUrl":"https:\/\/secure.gravatar.com\/avatar\/dde2928154642a13d95f87ddf1ea9718fe2b46760a005c53e41ff5ad610704e6?s=96&d=mm&r=g","caption":"Nexo Informativo"},"url":"https:\/\/www.nexoinformativo.mx\/index.php\/author\/edicion\/"}]}},"_links":{"self":[{"href":"https:\/\/www.nexoinformativo.mx\/index.php\/wp-json\/wp\/v2\/posts\/7040","targetHints":{"allow":["GET"]}}],"collection":[{"href":"https:\/\/www.nexoinformativo.mx\/index.php\/wp-json\/wp\/v2\/posts"}],"about":[{"href":"https:\/\/www.nexoinformativo.mx\/index.php\/wp-json\/wp\/v2\/types\/post"}],"author":[{"embeddable":true,"href":"https:\/\/www.nexoinformativo.mx\/index.php\/wp-json\/wp\/v2\/users\/3"}],"replies":[{"embeddable":true,"href":"https:\/\/www.nexoinformativo.mx\/index.php\/wp-json\/wp\/v2\/comments?post=7040"}],"version-history":[{"count":3,"href":"https:\/\/www.nexoinformativo.mx\/index.php\/wp-json\/wp\/v2\/posts\/7040\/revisions"}],"predecessor-version":[{"id":7044,"href":"https:\/\/www.nexoinformativo.mx\/index.php\/wp-json\/wp\/v2\/posts\/7040\/revisions\/7044"}],"wp:featuredmedia":[{"embeddable":true,"href":"https:\/\/www.nexoinformativo.mx\/index.php\/wp-json\/wp\/v2\/media\/7041"}],"wp:attachment":[{"href":"https:\/\/www.nexoinformativo.mx\/index.php\/wp-json\/wp\/v2\/media?parent=7040"}],"wp:term":[{"taxonomy":"category","embeddable":true,"href":"https:\/\/www.nexoinformativo.mx\/index.php\/wp-json\/wp\/v2\/categories?post=7040"},{"taxonomy":"post_tag","embeddable":true,"href":"https:\/\/www.nexoinformativo.mx\/index.php\/wp-json\/wp\/v2\/tags?post=7040"}],"curies":[{"name":"wp","href":"https:\/\/api.w.org\/{rel}","templated":true}]}}