{"id":7045,"date":"2024-11-26T19:00:56","date_gmt":"2024-11-27T01:00:56","guid":{"rendered":"https:\/\/www.nexoinformativo.mx\/?p=7045"},"modified":"2024-11-26T20:25:24","modified_gmt":"2024-11-27T02:25:24","slug":"falsa-medica-estetica-en-queretaro-vinculada-a-proceso-con-14-denuncias-en-su-contra-asi-va-el-caso","status":"publish","type":"post","link":"https:\/\/www.nexoinformativo.mx\/index.php\/2024\/11\/26\/falsa-medica-estetica-en-queretaro-vinculada-a-proceso-con-14-denuncias-en-su-contra-asi-va-el-caso\/","title":{"rendered":"Falsa m\u00e9dica est\u00e9tica en Quer\u00e9taro: Vinculada a proceso con 14 denuncias en su contra, as\u00ed va el caso"},"content":{"rendered":"<p style=\"text-align: justify;\" data-sourcepos=\"9:1-9:266\">La Fiscal\u00eda General del Estado (FGE) inform\u00f3 que la mujer detenida por realizar cirug\u00edas est\u00e9ticas sin contar con la c\u00e9dula profesional correspondiente ha sido vinculada a proceso por los delitos de usurpaci\u00f3n de profesiones y lesiones dolosas.<\/p>\n<p>&nbsp;<\/p>\n<p style=\"text-align: justify;\" data-sourcepos=\"11:1-11:204\">Un juez determin\u00f3 como medida cautelar la prisi\u00f3n preventiva justificada mientras contin\u00faan las investigaciones. Adem\u00e1s, se otorg\u00f3 un plazo de tres meses para el cierre de la investigaci\u00f3n complementaria.<\/p>\n<p>&nbsp;<\/p>\n<p style=\"text-align: justify;\" data-sourcepos=\"13:1-13:187\">Es importante destacar que, hasta el momento, se han iniciado 14 carpetas de investigaci\u00f3n en contra de esta persona, por lo que se exhorta a las posibles v\u00edctimas a denunciar los hechos.<\/p>\n<p>&nbsp;<\/p>\n<p style=\"text-align: justify;\" data-sourcepos=\"15:1-15:139\">La FGE reitera su compromiso de investigar a fondo este caso y llevar ante la justicia a quienes atenten contra la salud de los ciudadanos.<\/p>\n<p>&nbsp;<\/p>\n<p style=\"text-align: center;\" data-sourcepos=\"15:1-15:139\"><em><strong>\u00a1Informaci\u00f3n que transforma!<\/strong><\/em><\/p>\n","protected":false},"excerpt":{"rendered":"<p>La Fiscal\u00eda General del Estado (FGE) inform\u00f3 que la mujer detenida por realizar cirug\u00edas est\u00e9ticas sin contar con la c\u00e9dula profesional correspondiente ha sido vinculada a proceso por los delitos de usurpaci\u00f3n de profesiones y lesiones dolosas. &nbsp; Un juez determin\u00f3 como medida cautelar la prisi\u00f3n preventiva justificada mientras contin\u00faan las investigaciones. Adem\u00e1s, se otorg\u00f3 [&hellip;]<\/p>\n","protected":false},"author":3,"featured_media":7046,"comment_status":"open","ping_status":"open","sticky":false,"template":"","format":"standard","meta":{"footnotes":""},"categories":[137,58],"tags":[2371,2370,2369,133],"class_list":["post-7045","post","type-post","status-publish","format-standard","has-post-thumbnail","hentry","category-sucesos","category-ultima-hora","tag-alerta","tag-falsamedica","tag-justiciaporlasvictimas","tag-queretaro"],"yoast_head":"<!-- This site is optimized with the Yoast SEO plugin v25.0 - https:\/\/yoast.com\/wordpress\/plugins\/seo\/ -->\n<title>Falsa m\u00e9dica est\u00e9tica en Quer\u00e9taro: Vinculada a proceso con 14 denuncias en su contra, as\u00ed va el caso | Nexo Informativo Santiago de Quer\u00e9taro<\/title>\n<meta name=\"description\" content=\"Falsa m\u00e9dica est\u00e9tica en Quer\u00e9taro: Vinculada a proceso con 14 denuncias en su contra, as\u00ed va el caso\" \/>\n<meta name=\"robots\" content=\"index, follow, max-snippet:-1, max-image-preview:large, max-video-preview:-1\" \/>\n<link rel=\"canonical\" href=\"https:\/\/www.nexoinformativo.mx\/index.php\/2024\/11\/26\/falsa-medica-estetica-en-queretaro-vinculada-a-proceso-con-14-denuncias-en-su-contra-asi-va-el-caso\/\" \/>\n<meta property=\"og:locale\" content=\"es_MX\" \/>\n<meta property=\"og:type\" content=\"article\" \/>\n<meta property=\"og:title\" content=\"Falsa m\u00e9dica est\u00e9tica en Quer\u00e9taro: Vinculada a proceso con 14 denuncias en su contra, as\u00ed va el caso | Nexo Informativo Santiago de Quer\u00e9taro\" \/>\n<meta property=\"og:description\" content=\"Falsa m\u00e9dica est\u00e9tica en Quer\u00e9taro: Vinculada a proceso con 14 denuncias en su contra, as\u00ed va el caso\" \/>\n<meta property=\"og:url\" content=\"https:\/\/www.nexoinformativo.mx\/index.php\/2024\/11\/26\/falsa-medica-estetica-en-queretaro-vinculada-a-proceso-con-14-denuncias-en-su-contra-asi-va-el-caso\/\" \/>\n<meta property=\"og:site_name\" content=\"Nexo Informativo Santiago de Quer\u00e9taro\" \/>\n<meta property=\"article:publisher\" content=\"https:\/\/www.facebook.com\/people\/Nexo-Informativo\/61564066885511\/\" \/>\n<meta property=\"article:published_time\" content=\"2024-11-27T01:00:56+00:00\" \/>\n<meta property=\"article:modified_time\" content=\"2024-11-27T02:25:24+00:00\" \/>\n<meta property=\"og:image\" content=\"https:\/\/www.nexoinformativo.mx\/wp-content\/uploads\/2024\/11\/PHOTO-2024-11-26-17-58-50-e1732674294976.jpg\" \/>\n\t<meta property=\"og:image:width\" content=\"800\" \/>\n\t<meta property=\"og:image:height\" content=\"504\" \/>\n\t<meta property=\"og:image:type\" content=\"image\/jpeg\" \/>\n<meta name=\"author\" content=\"Nexo Informativo\" \/>\n<meta name=\"twitter:card\" content=\"summary_large_image\" \/>\n<meta name=\"twitter:label1\" content=\"Escrito por\" \/>\n\t<meta name=\"twitter:data1\" content=\"Nexo Informativo\" \/>\n\t<meta name=\"twitter:label2\" content=\"Tiempo de lectura\" \/>\n\t<meta name=\"twitter:data2\" content=\"1 minuto\" \/>\n<script type=\"application\/ld+json\" class=\"yoast-schema-graph\">{\"@context\":\"https:\/\/schema.org\",\"@graph\":[{\"@type\":\"Article\",\"@id\":\"https:\/\/www.nexoinformativo.mx\/index.php\/2024\/11\/26\/falsa-medica-estetica-en-queretaro-vinculada-a-proceso-con-14-denuncias-en-su-contra-asi-va-el-caso\/#article\",\"isPartOf\":{\"@id\":\"https:\/\/www.nexoinformativo.mx\/index.php\/2024\/11\/26\/falsa-medica-estetica-en-queretaro-vinculada-a-proceso-con-14-denuncias-en-su-contra-asi-va-el-caso\/\"},\"author\":{\"name\":\"Nexo Informativo\",\"@id\":\"https:\/\/www.nexoinformativo.mx\/#\/schema\/person\/7749d380ba08c8ca00d7bc76fd907b7d\"},\"headline\":\"Falsa m\u00e9dica est\u00e9tica en Quer\u00e9taro: Vinculada a proceso con 14 denuncias en su contra, as\u00ed va el caso\",\"datePublished\":\"2024-11-27T01:00:56+00:00\",\"dateModified\":\"2024-11-27T02:25:24+00:00\",\"mainEntityOfPage\":{\"@id\":\"https:\/\/www.nexoinformativo.mx\/index.php\/2024\/11\/26\/falsa-medica-estetica-en-queretaro-vinculada-a-proceso-con-14-denuncias-en-su-contra-asi-va-el-caso\/\"},\"wordCount\":161,\"commentCount\":0,\"publisher\":{\"@id\":\"https:\/\/www.nexoinformativo.mx\/#organization\"},\"image\":{\"@id\":\"https:\/\/www.nexoinformativo.mx\/index.php\/2024\/11\/26\/falsa-medica-estetica-en-queretaro-vinculada-a-proceso-con-14-denuncias-en-su-contra-asi-va-el-caso\/#primaryimage\"},\"thumbnailUrl\":\"https:\/\/www.nexoinformativo.mx\/wp-content\/uploads\/2024\/11\/PHOTO-2024-11-26-17-58-50-e1732674294976.jpg\",\"keywords\":[\"Alerta\",\"FalsaM\u00e9dica\",\"JusticiaPorLasV\u00edctimas\",\"Quer\u00e9taro\"],\"articleSection\":[\"Sucesos\",\"\u00daltima Hora\"],\"inLanguage\":\"es\",\"potentialAction\":[{\"@type\":\"CommentAction\",\"name\":\"Comment\",\"target\":[\"https:\/\/www.nexoinformativo.mx\/index.php\/2024\/11\/26\/falsa-medica-estetica-en-queretaro-vinculada-a-proceso-con-14-denuncias-en-su-contra-asi-va-el-caso\/#respond\"]}]},{\"@type\":\"WebPage\",\"@id\":\"https:\/\/www.nexoinformativo.mx\/index.php\/2024\/11\/26\/falsa-medica-estetica-en-queretaro-vinculada-a-proceso-con-14-denuncias-en-su-contra-asi-va-el-caso\/\",\"url\":\"https:\/\/www.nexoinformativo.mx\/index.php\/2024\/11\/26\/falsa-medica-estetica-en-queretaro-vinculada-a-proceso-con-14-denuncias-en-su-contra-asi-va-el-caso\/\",\"name\":\"Falsa m\u00e9dica est\u00e9tica en Quer\u00e9taro: Vinculada a proceso con 14 denuncias en su contra, as\u00ed va el caso | Nexo Informativo Santiago de Quer\u00e9taro\",\"isPartOf\":{\"@id\":\"https:\/\/www.nexoinformativo.mx\/#website\"},\"primaryImageOfPage\":{\"@id\":\"https:\/\/www.nexoinformativo.mx\/index.php\/2024\/11\/26\/falsa-medica-estetica-en-queretaro-vinculada-a-proceso-con-14-denuncias-en-su-contra-asi-va-el-caso\/#primaryimage\"},\"image\":{\"@id\":\"https:\/\/www.nexoinformativo.mx\/index.php\/2024\/11\/26\/falsa-medica-estetica-en-queretaro-vinculada-a-proceso-con-14-denuncias-en-su-contra-asi-va-el-caso\/#primaryimage\"},\"thumbnailUrl\":\"https:\/\/www.nexoinformativo.mx\/wp-content\/uploads\/2024\/11\/PHOTO-2024-11-26-17-58-50-e1732674294976.jpg\",\"datePublished\":\"2024-11-27T01:00:56+00:00\",\"dateModified\":\"2024-11-27T02:25:24+00:00\",\"description\":\"Falsa m\u00e9dica est\u00e9tica en Quer\u00e9taro: Vinculada a proceso con 14 denuncias en su contra, as\u00ed va el caso\",\"breadcrumb\":{\"@id\":\"https:\/\/www.nexoinformativo.mx\/index.php\/2024\/11\/26\/falsa-medica-estetica-en-queretaro-vinculada-a-proceso-con-14-denuncias-en-su-contra-asi-va-el-caso\/#breadcrumb\"},\"inLanguage\":\"es\",\"potentialAction\":[{\"@type\":\"ReadAction\",\"target\":[\"https:\/\/www.nexoinformativo.mx\/index.php\/2024\/11\/26\/falsa-medica-estetica-en-queretaro-vinculada-a-proceso-con-14-denuncias-en-su-contra-asi-va-el-caso\/\"]}]},{\"@type\":\"ImageObject\",\"inLanguage\":\"es\",\"@id\":\"https:\/\/www.nexoinformativo.mx\/index.php\/2024\/11\/26\/falsa-medica-estetica-en-queretaro-vinculada-a-proceso-con-14-denuncias-en-su-contra-asi-va-el-caso\/#primaryimage\",\"url\":\"https:\/\/www.nexoinformativo.mx\/wp-content\/uploads\/2024\/11\/PHOTO-2024-11-26-17-58-50-e1732674294976.jpg\",\"contentUrl\":\"https:\/\/www.nexoinformativo.mx\/wp-content\/uploads\/2024\/11\/PHOTO-2024-11-26-17-58-50-e1732674294976.jpg\",\"width\":800,\"height\":504},{\"@type\":\"BreadcrumbList\",\"@id\":\"https:\/\/www.nexoinformativo.mx\/index.php\/2024\/11\/26\/falsa-medica-estetica-en-queretaro-vinculada-a-proceso-con-14-denuncias-en-su-contra-asi-va-el-caso\/#breadcrumb\",\"itemListElement\":[{\"@type\":\"ListItem\",\"position\":1,\"name\":\"Inicio\",\"item\":\"https:\/\/www.nexoinformativo.mx\/\"},{\"@type\":\"ListItem\",\"position\":2,\"name\":\"Falsa m\u00e9dica est\u00e9tica en Quer\u00e9taro: Vinculada a proceso con 14 denuncias en su contra, as\u00ed va el caso\"}]},{\"@type\":\"WebSite\",\"@id\":\"https:\/\/www.nexoinformativo.mx\/#website\",\"url\":\"https:\/\/www.nexoinformativo.mx\/\",\"name\":\"Nexo Informativo Santiago de Quer\u00e9taro\",\"description\":\"Explora NexoInformativo y convi\u00e9rtete en parte de una comunidad que valora el conocimiento y la verdad. Tu nexoinformativo es tu puente hacia una comprensi\u00f3n m\u00e1s profunda del mundo que te rodea.\",\"publisher\":{\"@id\":\"https:\/\/www.nexoinformativo.mx\/#organization\"},\"potentialAction\":[{\"@type\":\"SearchAction\",\"target\":{\"@type\":\"EntryPoint\",\"urlTemplate\":\"https:\/\/www.nexoinformativo.mx\/?s={search_term_string}\"},\"query-input\":{\"@type\":\"PropertyValueSpecification\",\"valueRequired\":true,\"valueName\":\"search_term_string\"}}],\"inLanguage\":\"es\"},{\"@type\":\"Organization\",\"@id\":\"https:\/\/www.nexoinformativo.mx\/#organization\",\"name\":\"Nexo Informativo Santiago de Quer\u00e9taro\",\"url\":\"https:\/\/www.nexoinformativo.mx\/\",\"logo\":{\"@type\":\"ImageObject\",\"inLanguage\":\"es\",\"@id\":\"https:\/\/www.nexoinformativo.mx\/#\/schema\/logo\/image\/\",\"url\":\"https:\/\/www.nexoinformativo.mx\/wp-content\/uploads\/2024\/07\/nexoi-trasparente-2.png\",\"contentUrl\":\"https:\/\/www.nexoinformativo.mx\/wp-content\/uploads\/2024\/07\/nexoi-trasparente-2.png\",\"width\":816,\"height\":339,\"caption\":\"Nexo Informativo Santiago de Quer\u00e9taro\"},\"image\":{\"@id\":\"https:\/\/www.nexoinformativo.mx\/#\/schema\/logo\/image\/\"},\"sameAs\":[\"https:\/\/www.facebook.com\/people\/Nexo-Informativo\/61564066885511\/\"]},{\"@type\":\"Person\",\"@id\":\"https:\/\/www.nexoinformativo.mx\/#\/schema\/person\/7749d380ba08c8ca00d7bc76fd907b7d\",\"name\":\"Nexo Informativo\",\"image\":{\"@type\":\"ImageObject\",\"inLanguage\":\"es\",\"@id\":\"https:\/\/www.nexoinformativo.mx\/#\/schema\/person\/image\/\",\"url\":\"https:\/\/secure.gravatar.com\/avatar\/dde2928154642a13d95f87ddf1ea9718fe2b46760a005c53e41ff5ad610704e6?s=96&d=mm&r=g\",\"contentUrl\":\"https:\/\/secure.gravatar.com\/avatar\/dde2928154642a13d95f87ddf1ea9718fe2b46760a005c53e41ff5ad610704e6?s=96&d=mm&r=g\",\"caption\":\"Nexo Informativo\"},\"url\":\"https:\/\/www.nexoinformativo.mx\/index.php\/author\/edicion\/\"}]}<\/script>\n<!-- \/ Yoast SEO plugin. -->","yoast_head_json":{"title":"Falsa m\u00e9dica est\u00e9tica en Quer\u00e9taro: Vinculada a proceso con 14 denuncias en su contra, as\u00ed va el caso | Nexo Informativo Santiago de Quer\u00e9taro","description":"Falsa m\u00e9dica est\u00e9tica en Quer\u00e9taro: Vinculada a proceso con 14 denuncias en su contra, as\u00ed va el caso","robots":{"index":"index","follow":"follow","max-snippet":"max-snippet:-1","max-image-preview":"max-image-preview:large","max-video-preview":"max-video-preview:-1"},"canonical":"https:\/\/www.nexoinformativo.mx\/index.php\/2024\/11\/26\/falsa-medica-estetica-en-queretaro-vinculada-a-proceso-con-14-denuncias-en-su-contra-asi-va-el-caso\/","og_locale":"es_MX","og_type":"article","og_title":"Falsa m\u00e9dica est\u00e9tica en Quer\u00e9taro: Vinculada a proceso con 14 denuncias en su contra, as\u00ed va el caso | Nexo Informativo Santiago de Quer\u00e9taro","og_description":"Falsa m\u00e9dica est\u00e9tica en Quer\u00e9taro: Vinculada a proceso con 14 denuncias en su contra, as\u00ed va el caso","og_url":"https:\/\/www.nexoinformativo.mx\/index.php\/2024\/11\/26\/falsa-medica-estetica-en-queretaro-vinculada-a-proceso-con-14-denuncias-en-su-contra-asi-va-el-caso\/","og_site_name":"Nexo Informativo Santiago de Quer\u00e9taro","article_publisher":"https:\/\/www.facebook.com\/people\/Nexo-Informativo\/61564066885511\/","article_published_time":"2024-11-27T01:00:56+00:00","article_modified_time":"2024-11-27T02:25:24+00:00","og_image":[{"width":800,"height":504,"url":"https:\/\/www.nexoinformativo.mx\/wp-content\/uploads\/2024\/11\/PHOTO-2024-11-26-17-58-50-e1732674294976.jpg","type":"image\/jpeg"}],"author":"Nexo Informativo","twitter_card":"summary_large_image","twitter_misc":{"Escrito por":"Nexo Informativo","Tiempo de lectura":"1 minuto"},"schema":{"@context":"https:\/\/schema.org","@graph":[{"@type":"Article","@id":"https:\/\/www.nexoinformativo.mx\/index.php\/2024\/11\/26\/falsa-medica-estetica-en-queretaro-vinculada-a-proceso-con-14-denuncias-en-su-contra-asi-va-el-caso\/#article","isPartOf":{"@id":"https:\/\/www.nexoinformativo.mx\/index.php\/2024\/11\/26\/falsa-medica-estetica-en-queretaro-vinculada-a-proceso-con-14-denuncias-en-su-contra-asi-va-el-caso\/"},"author":{"name":"Nexo Informativo","@id":"https:\/\/www.nexoinformativo.mx\/#\/schema\/person\/7749d380ba08c8ca00d7bc76fd907b7d"},"headline":"Falsa m\u00e9dica est\u00e9tica en Quer\u00e9taro: Vinculada a proceso con 14 denuncias en su contra, as\u00ed va el caso","datePublished":"2024-11-27T01:00:56+00:00","dateModified":"2024-11-27T02:25:24+00:00","mainEntityOfPage":{"@id":"https:\/\/www.nexoinformativo.mx\/index.php\/2024\/11\/26\/falsa-medica-estetica-en-queretaro-vinculada-a-proceso-con-14-denuncias-en-su-contra-asi-va-el-caso\/"},"wordCount":161,"commentCount":0,"publisher":{"@id":"https:\/\/www.nexoinformativo.mx\/#organization"},"image":{"@id":"https:\/\/www.nexoinformativo.mx\/index.php\/2024\/11\/26\/falsa-medica-estetica-en-queretaro-vinculada-a-proceso-con-14-denuncias-en-su-contra-asi-va-el-caso\/#primaryimage"},"thumbnailUrl":"https:\/\/www.nexoinformativo.mx\/wp-content\/uploads\/2024\/11\/PHOTO-2024-11-26-17-58-50-e1732674294976.jpg","keywords":["Alerta","FalsaM\u00e9dica","JusticiaPorLasV\u00edctimas","Quer\u00e9taro"],"articleSection":["Sucesos","\u00daltima Hora"],"inLanguage":"es","potentialAction":[{"@type":"CommentAction","name":"Comment","target":["https:\/\/www.nexoinformativo.mx\/index.php\/2024\/11\/26\/falsa-medica-estetica-en-queretaro-vinculada-a-proceso-con-14-denuncias-en-su-contra-asi-va-el-caso\/#respond"]}]},{"@type":"WebPage","@id":"https:\/\/www.nexoinformativo.mx\/index.php\/2024\/11\/26\/falsa-medica-estetica-en-queretaro-vinculada-a-proceso-con-14-denuncias-en-su-contra-asi-va-el-caso\/","url":"https:\/\/www.nexoinformativo.mx\/index.php\/2024\/11\/26\/falsa-medica-estetica-en-queretaro-vinculada-a-proceso-con-14-denuncias-en-su-contra-asi-va-el-caso\/","name":"Falsa m\u00e9dica est\u00e9tica en Quer\u00e9taro: Vinculada a proceso con 14 denuncias en su contra, as\u00ed va el caso | Nexo Informativo Santiago de Quer\u00e9taro","isPartOf":{"@id":"https:\/\/www.nexoinformativo.mx\/#website"},"primaryImageOfPage":{"@id":"https:\/\/www.nexoinformativo.mx\/index.php\/2024\/11\/26\/falsa-medica-estetica-en-queretaro-vinculada-a-proceso-con-14-denuncias-en-su-contra-asi-va-el-caso\/#primaryimage"},"image":{"@id":"https:\/\/www.nexoinformativo.mx\/index.php\/2024\/11\/26\/falsa-medica-estetica-en-queretaro-vinculada-a-proceso-con-14-denuncias-en-su-contra-asi-va-el-caso\/#primaryimage"},"thumbnailUrl":"https:\/\/www.nexoinformativo.mx\/wp-content\/uploads\/2024\/11\/PHOTO-2024-11-26-17-58-50-e1732674294976.jpg","datePublished":"2024-11-27T01:00:56+00:00","dateModified":"2024-11-27T02:25:24+00:00","description":"Falsa m\u00e9dica est\u00e9tica en Quer\u00e9taro: Vinculada a proceso con 14 denuncias en su contra, as\u00ed va el caso","breadcrumb":{"@id":"https:\/\/www.nexoinformativo.mx\/index.php\/2024\/11\/26\/falsa-medica-estetica-en-queretaro-vinculada-a-proceso-con-14-denuncias-en-su-contra-asi-va-el-caso\/#breadcrumb"},"inLanguage":"es","potentialAction":[{"@type":"ReadAction","target":["https:\/\/www.nexoinformativo.mx\/index.php\/2024\/11\/26\/falsa-medica-estetica-en-queretaro-vinculada-a-proceso-con-14-denuncias-en-su-contra-asi-va-el-caso\/"]}]},{"@type":"ImageObject","inLanguage":"es","@id":"https:\/\/www.nexoinformativo.mx\/index.php\/2024\/11\/26\/falsa-medica-estetica-en-queretaro-vinculada-a-proceso-con-14-denuncias-en-su-contra-asi-va-el-caso\/#primaryimage","url":"https:\/\/www.nexoinformativo.mx\/wp-content\/uploads\/2024\/11\/PHOTO-2024-11-26-17-58-50-e1732674294976.jpg","contentUrl":"https:\/\/www.nexoinformativo.mx\/wp-content\/uploads\/2024\/11\/PHOTO-2024-11-26-17-58-50-e1732674294976.jpg","width":800,"height":504},{"@type":"BreadcrumbList","@id":"https:\/\/www.nexoinformativo.mx\/index.php\/2024\/11\/26\/falsa-medica-estetica-en-queretaro-vinculada-a-proceso-con-14-denuncias-en-su-contra-asi-va-el-caso\/#breadcrumb","itemListElement":[{"@type":"ListItem","position":1,"name":"Inicio","item":"https:\/\/www.nexoinformativo.mx\/"},{"@type":"ListItem","position":2,"name":"Falsa m\u00e9dica est\u00e9tica en Quer\u00e9taro: Vinculada a proceso con 14 denuncias en su contra, as\u00ed va el caso"}]},{"@type":"WebSite","@id":"https:\/\/www.nexoinformativo.mx\/#website","url":"https:\/\/www.nexoinformativo.mx\/","name":"Nexo Informativo Santiago de Quer\u00e9taro","description":"Explora NexoInformativo y convi\u00e9rtete en parte de una comunidad que valora el conocimiento y la verdad. Tu nexoinformativo es tu puente hacia una comprensi\u00f3n m\u00e1s profunda del mundo que te rodea.","publisher":{"@id":"https:\/\/www.nexoinformativo.mx\/#organization"},"potentialAction":[{"@type":"SearchAction","target":{"@type":"EntryPoint","urlTemplate":"https:\/\/www.nexoinformativo.mx\/?s={search_term_string}"},"query-input":{"@type":"PropertyValueSpecification","valueRequired":true,"valueName":"search_term_string"}}],"inLanguage":"es"},{"@type":"Organization","@id":"https:\/\/www.nexoinformativo.mx\/#organization","name":"Nexo Informativo Santiago de Quer\u00e9taro","url":"https:\/\/www.nexoinformativo.mx\/","logo":{"@type":"ImageObject","inLanguage":"es","@id":"https:\/\/www.nexoinformativo.mx\/#\/schema\/logo\/image\/","url":"https:\/\/www.nexoinformativo.mx\/wp-content\/uploads\/2024\/07\/nexoi-trasparente-2.png","contentUrl":"https:\/\/www.nexoinformativo.mx\/wp-content\/uploads\/2024\/07\/nexoi-trasparente-2.png","width":816,"height":339,"caption":"Nexo Informativo Santiago de Quer\u00e9taro"},"image":{"@id":"https:\/\/www.nexoinformativo.mx\/#\/schema\/logo\/image\/"},"sameAs":["https:\/\/www.facebook.com\/people\/Nexo-Informativo\/61564066885511\/"]},{"@type":"Person","@id":"https:\/\/www.nexoinformativo.mx\/#\/schema\/person\/7749d380ba08c8ca00d7bc76fd907b7d","name":"Nexo Informativo","image":{"@type":"ImageObject","inLanguage":"es","@id":"https:\/\/www.nexoinformativo.mx\/#\/schema\/person\/image\/","url":"https:\/\/secure.gravatar.com\/avatar\/dde2928154642a13d95f87ddf1ea9718fe2b46760a005c53e41ff5ad610704e6?s=96&d=mm&r=g","contentUrl":"https:\/\/secure.gravatar.com\/avatar\/dde2928154642a13d95f87ddf1ea9718fe2b46760a005c53e41ff5ad610704e6?s=96&d=mm&r=g","caption":"Nexo Informativo"},"url":"https:\/\/www.nexoinformativo.mx\/index.php\/author\/edicion\/"}]}},"_links":{"self":[{"href":"https:\/\/www.nexoinformativo.mx\/index.php\/wp-json\/wp\/v2\/posts\/7045","targetHints":{"allow":["GET"]}}],"collection":[{"href":"https:\/\/www.nexoinformativo.mx\/index.php\/wp-json\/wp\/v2\/posts"}],"about":[{"href":"https:\/\/www.nexoinformativo.mx\/index.php\/wp-json\/wp\/v2\/types\/post"}],"author":[{"embeddable":true,"href":"https:\/\/www.nexoinformativo.mx\/index.php\/wp-json\/wp\/v2\/users\/3"}],"replies":[{"embeddable":true,"href":"https:\/\/www.nexoinformativo.mx\/index.php\/wp-json\/wp\/v2\/comments?post=7045"}],"version-history":[{"count":3,"href":"https:\/\/www.nexoinformativo.mx\/index.php\/wp-json\/wp\/v2\/posts\/7045\/revisions"}],"predecessor-version":[{"id":7049,"href":"https:\/\/www.nexoinformativo.mx\/index.php\/wp-json\/wp\/v2\/posts\/7045\/revisions\/7049"}],"wp:featuredmedia":[{"embeddable":true,"href":"https:\/\/www.nexoinformativo.mx\/index.php\/wp-json\/wp\/v2\/media\/7046"}],"wp:attachment":[{"href":"https:\/\/www.nexoinformativo.mx\/index.php\/wp-json\/wp\/v2\/media?parent=7045"}],"wp:term":[{"taxonomy":"category","embeddable":true,"href":"https:\/\/www.nexoinformativo.mx\/index.php\/wp-json\/wp\/v2\/categories?post=7045"},{"taxonomy":"post_tag","embeddable":true,"href":"https:\/\/www.nexoinformativo.mx\/index.php\/wp-json\/wp\/v2\/tags?post=7045"}],"curies":[{"name":"wp","href":"https:\/\/api.w.org\/{rel}","templated":true}]}}