{"id":7050,"date":"2024-11-27T06:30:17","date_gmt":"2024-11-27T12:30:17","guid":{"rendered":"https:\/\/www.nexoinformativo.mx\/?p=7050"},"modified":"2024-11-27T08:10:18","modified_gmt":"2024-11-27T14:10:18","slug":"vinculan-a-proceso-a-los-presuntos-responsables-de-la-masacre-en-los-cantaritos","status":"publish","type":"post","link":"https:\/\/www.nexoinformativo.mx\/index.php\/2024\/11\/27\/vinculan-a-proceso-a-los-presuntos-responsables-de-la-masacre-en-los-cantaritos\/","title":{"rendered":"Vinculan a proceso a los presuntos responsables de la masacre en &#8220;Los Cantaritos&#8221;"},"content":{"rendered":"<p style=\"text-align: justify;\" data-sourcepos=\"9:1-9:350\">La Fiscal\u00eda General del Estado (FGE) inform\u00f3 que un Juez de Control ha vinculado a proceso penal a los dos hombres detenidos por la masacre ocurrida el pasado 9 de noviembre en el bar <strong>&#8220;Los Cantaritos&#8221;<\/strong>. En este tr\u00e1gico suceso, diez personas perdieron la vida y otras diez resultaron heridas a causa de un ataque armado.<\/p>\n<p>&nbsp;<\/p>\n<p style=\"text-align: justify;\" data-sourcepos=\"11:1-11:242\">Tras una exhaustiva investigaci\u00f3n y luego de que la defensa de los detenidos solicitara una ampliaci\u00f3n del plazo, el juez determin\u00f3 vincular a proceso a ambos sujetos por los delitos de Homicidio Calificado y Homicidio en Grado de Tentativa.<\/p>\n<p>&nbsp;<\/p>\n<p style=\"text-align: justify;\" data-sourcepos=\"13:1-13:278\">Como medida cautelar, el juez impuso la prisi\u00f3n preventiva oficiosa, lo que significa que los imputados permanecer\u00e1n recluidos en el penal de San Jos\u00e9 el Alto mientras contin\u00faan las investigaciones complementarias. Se ha otorgado un plazo de tres meses para concluir esta etapa.<\/p>\n<p>&nbsp;<\/p>\n<p style=\"text-align: justify;\" data-sourcepos=\"15:1-15:325\">Es importante destacar que las autoridades contin\u00faan trabajando en este caso y a\u00fan existe una orden de aprehensi\u00f3n pendiente para otra persona presuntamente involucrada en la masacre.<\/p>\n<p>&nbsp;<\/p>\n<p style=\"text-align: justify;\" data-sourcepos=\"15:1-15:325\">De acuerdo con el C\u00f3digo Penal, los imputados podr\u00edan enfrentar una pena de hasta 50 a\u00f1os de prisi\u00f3n por cada una de las personas asesinadas.<\/p>\n<p>&nbsp;<\/p>\n<p style=\"text-align: center;\" data-sourcepos=\"15:1-15:325\"><em><strong>\u00a1Informaci\u00f3n que transforma!<\/strong><\/em><\/p>\n","protected":false},"excerpt":{"rendered":"<p>La Fiscal\u00eda General del Estado (FGE) inform\u00f3 que un Juez de Control ha vinculado a proceso penal a los dos hombres detenidos por la masacre ocurrida el pasado 9 de noviembre en el bar &#8220;Los Cantaritos&#8221;.<\/p>\n","protected":false},"author":3,"featured_media":7051,"comment_status":"open","ping_status":"open","sticky":false,"template":"","format":"standard","meta":{"footnotes":""},"categories":[137,58],"tags":[2372,2373,2374,1495],"class_list":["post-7050","post","type-post","status-publish","format-standard","has-post-thumbnail","hentry","category-sucesos","category-ultima-hora","tag-justiciaporloscantaritos","tag-masacrequeretaro","tag-prisionpreventiva","tag-vinculacionaproceso"],"yoast_head":"<!-- This site is optimized with the Yoast SEO plugin v25.0 - https:\/\/yoast.com\/wordpress\/plugins\/seo\/ -->\n<title>Vinculan a proceso a los presuntos responsables de la masacre en &quot;Los Cantaritos&quot; | Nexo Informativo Santiago de Quer\u00e9taro<\/title>\n<meta name=\"description\" content=\"Vinculan a proceso a los presuntos responsables de la masacre en &quot;Los Cantaritos&quot;\" \/>\n<meta name=\"robots\" content=\"index, follow, max-snippet:-1, max-image-preview:large, max-video-preview:-1\" \/>\n<link rel=\"canonical\" href=\"https:\/\/www.nexoinformativo.mx\/index.php\/2024\/11\/27\/vinculan-a-proceso-a-los-presuntos-responsables-de-la-masacre-en-los-cantaritos\/\" \/>\n<meta property=\"og:locale\" content=\"es_MX\" \/>\n<meta property=\"og:type\" content=\"article\" \/>\n<meta property=\"og:title\" content=\"Vinculan a proceso a los presuntos responsables de la masacre en &quot;Los Cantaritos&quot; | Nexo Informativo Santiago de Quer\u00e9taro\" \/>\n<meta property=\"og:description\" content=\"Vinculan a proceso a los presuntos responsables de la masacre en &quot;Los Cantaritos&quot;\" \/>\n<meta property=\"og:url\" content=\"https:\/\/www.nexoinformativo.mx\/index.php\/2024\/11\/27\/vinculan-a-proceso-a-los-presuntos-responsables-de-la-masacre-en-los-cantaritos\/\" \/>\n<meta property=\"og:site_name\" content=\"Nexo Informativo Santiago de Quer\u00e9taro\" \/>\n<meta property=\"article:publisher\" content=\"https:\/\/www.facebook.com\/people\/Nexo-Informativo\/61564066885511\/\" \/>\n<meta property=\"article:published_time\" content=\"2024-11-27T12:30:17+00:00\" \/>\n<meta property=\"article:modified_time\" content=\"2024-11-27T14:10:18+00:00\" \/>\n<meta property=\"og:image\" content=\"https:\/\/www.nexoinformativo.mx\/wp-content\/uploads\/2024\/11\/PHOTO-2024-11-26-22-07-44-e1732716465920.jpg\" \/>\n\t<meta property=\"og:image:width\" content=\"800\" \/>\n\t<meta property=\"og:image:height\" content=\"505\" \/>\n\t<meta property=\"og:image:type\" content=\"image\/jpeg\" \/>\n<meta name=\"author\" content=\"Nexo Informativo\" \/>\n<meta name=\"twitter:card\" content=\"summary_large_image\" \/>\n<meta name=\"twitter:label1\" content=\"Escrito por\" \/>\n\t<meta name=\"twitter:data1\" content=\"Nexo Informativo\" \/>\n\t<meta name=\"twitter:label2\" content=\"Tiempo de lectura\" \/>\n\t<meta name=\"twitter:data2\" content=\"2 minutos\" \/>\n<script type=\"application\/ld+json\" class=\"yoast-schema-graph\">{\"@context\":\"https:\/\/schema.org\",\"@graph\":[{\"@type\":\"Article\",\"@id\":\"https:\/\/www.nexoinformativo.mx\/index.php\/2024\/11\/27\/vinculan-a-proceso-a-los-presuntos-responsables-de-la-masacre-en-los-cantaritos\/#article\",\"isPartOf\":{\"@id\":\"https:\/\/www.nexoinformativo.mx\/index.php\/2024\/11\/27\/vinculan-a-proceso-a-los-presuntos-responsables-de-la-masacre-en-los-cantaritos\/\"},\"author\":{\"name\":\"Nexo Informativo\",\"@id\":\"https:\/\/www.nexoinformativo.mx\/#\/schema\/person\/7749d380ba08c8ca00d7bc76fd907b7d\"},\"headline\":\"Vinculan a proceso a los presuntos responsables de la masacre en &#8220;Los Cantaritos&#8221;\",\"datePublished\":\"2024-11-27T12:30:17+00:00\",\"dateModified\":\"2024-11-27T14:10:18+00:00\",\"mainEntityOfPage\":{\"@id\":\"https:\/\/www.nexoinformativo.mx\/index.php\/2024\/11\/27\/vinculan-a-proceso-a-los-presuntos-responsables-de-la-masacre-en-los-cantaritos\/\"},\"wordCount\":224,\"commentCount\":0,\"publisher\":{\"@id\":\"https:\/\/www.nexoinformativo.mx\/#organization\"},\"image\":{\"@id\":\"https:\/\/www.nexoinformativo.mx\/index.php\/2024\/11\/27\/vinculan-a-proceso-a-los-presuntos-responsables-de-la-masacre-en-los-cantaritos\/#primaryimage\"},\"thumbnailUrl\":\"https:\/\/www.nexoinformativo.mx\/wp-content\/uploads\/2024\/11\/PHOTO-2024-11-26-22-07-44-e1732716465920.jpg\",\"keywords\":[\"JusticiaPorLosCantaritos\",\"MasacreQuer\u00e9taro\",\"Prisi\u00f3nPreventiva\",\"Vinculaci\u00f3nAproceso\"],\"articleSection\":[\"Sucesos\",\"\u00daltima Hora\"],\"inLanguage\":\"es\",\"potentialAction\":[{\"@type\":\"CommentAction\",\"name\":\"Comment\",\"target\":[\"https:\/\/www.nexoinformativo.mx\/index.php\/2024\/11\/27\/vinculan-a-proceso-a-los-presuntos-responsables-de-la-masacre-en-los-cantaritos\/#respond\"]}]},{\"@type\":\"WebPage\",\"@id\":\"https:\/\/www.nexoinformativo.mx\/index.php\/2024\/11\/27\/vinculan-a-proceso-a-los-presuntos-responsables-de-la-masacre-en-los-cantaritos\/\",\"url\":\"https:\/\/www.nexoinformativo.mx\/index.php\/2024\/11\/27\/vinculan-a-proceso-a-los-presuntos-responsables-de-la-masacre-en-los-cantaritos\/\",\"name\":\"Vinculan a proceso a los presuntos responsables de la masacre en \\\"Los Cantaritos\\\" | Nexo Informativo Santiago de Quer\u00e9taro\",\"isPartOf\":{\"@id\":\"https:\/\/www.nexoinformativo.mx\/#website\"},\"primaryImageOfPage\":{\"@id\":\"https:\/\/www.nexoinformativo.mx\/index.php\/2024\/11\/27\/vinculan-a-proceso-a-los-presuntos-responsables-de-la-masacre-en-los-cantaritos\/#primaryimage\"},\"image\":{\"@id\":\"https:\/\/www.nexoinformativo.mx\/index.php\/2024\/11\/27\/vinculan-a-proceso-a-los-presuntos-responsables-de-la-masacre-en-los-cantaritos\/#primaryimage\"},\"thumbnailUrl\":\"https:\/\/www.nexoinformativo.mx\/wp-content\/uploads\/2024\/11\/PHOTO-2024-11-26-22-07-44-e1732716465920.jpg\",\"datePublished\":\"2024-11-27T12:30:17+00:00\",\"dateModified\":\"2024-11-27T14:10:18+00:00\",\"description\":\"Vinculan a proceso a los presuntos responsables de la masacre en \\\"Los Cantaritos\\\"\",\"breadcrumb\":{\"@id\":\"https:\/\/www.nexoinformativo.mx\/index.php\/2024\/11\/27\/vinculan-a-proceso-a-los-presuntos-responsables-de-la-masacre-en-los-cantaritos\/#breadcrumb\"},\"inLanguage\":\"es\",\"potentialAction\":[{\"@type\":\"ReadAction\",\"target\":[\"https:\/\/www.nexoinformativo.mx\/index.php\/2024\/11\/27\/vinculan-a-proceso-a-los-presuntos-responsables-de-la-masacre-en-los-cantaritos\/\"]}]},{\"@type\":\"ImageObject\",\"inLanguage\":\"es\",\"@id\":\"https:\/\/www.nexoinformativo.mx\/index.php\/2024\/11\/27\/vinculan-a-proceso-a-los-presuntos-responsables-de-la-masacre-en-los-cantaritos\/#primaryimage\",\"url\":\"https:\/\/www.nexoinformativo.mx\/wp-content\/uploads\/2024\/11\/PHOTO-2024-11-26-22-07-44-e1732716465920.jpg\",\"contentUrl\":\"https:\/\/www.nexoinformativo.mx\/wp-content\/uploads\/2024\/11\/PHOTO-2024-11-26-22-07-44-e1732716465920.jpg\",\"width\":800,\"height\":505},{\"@type\":\"BreadcrumbList\",\"@id\":\"https:\/\/www.nexoinformativo.mx\/index.php\/2024\/11\/27\/vinculan-a-proceso-a-los-presuntos-responsables-de-la-masacre-en-los-cantaritos\/#breadcrumb\",\"itemListElement\":[{\"@type\":\"ListItem\",\"position\":1,\"name\":\"Inicio\",\"item\":\"https:\/\/www.nexoinformativo.mx\/\"},{\"@type\":\"ListItem\",\"position\":2,\"name\":\"Vinculan a proceso a los presuntos responsables de la masacre en &#8220;Los Cantaritos&#8221;\"}]},{\"@type\":\"WebSite\",\"@id\":\"https:\/\/www.nexoinformativo.mx\/#website\",\"url\":\"https:\/\/www.nexoinformativo.mx\/\",\"name\":\"Nexo Informativo Santiago de Quer\u00e9taro\",\"description\":\"Explora NexoInformativo y convi\u00e9rtete en parte de una comunidad que valora el conocimiento y la verdad. Tu nexoinformativo es tu puente hacia una comprensi\u00f3n m\u00e1s profunda del mundo que te rodea.\",\"publisher\":{\"@id\":\"https:\/\/www.nexoinformativo.mx\/#organization\"},\"potentialAction\":[{\"@type\":\"SearchAction\",\"target\":{\"@type\":\"EntryPoint\",\"urlTemplate\":\"https:\/\/www.nexoinformativo.mx\/?s={search_term_string}\"},\"query-input\":{\"@type\":\"PropertyValueSpecification\",\"valueRequired\":true,\"valueName\":\"search_term_string\"}}],\"inLanguage\":\"es\"},{\"@type\":\"Organization\",\"@id\":\"https:\/\/www.nexoinformativo.mx\/#organization\",\"name\":\"Nexo Informativo Santiago de Quer\u00e9taro\",\"url\":\"https:\/\/www.nexoinformativo.mx\/\",\"logo\":{\"@type\":\"ImageObject\",\"inLanguage\":\"es\",\"@id\":\"https:\/\/www.nexoinformativo.mx\/#\/schema\/logo\/image\/\",\"url\":\"https:\/\/www.nexoinformativo.mx\/wp-content\/uploads\/2024\/07\/nexoi-trasparente-2.png\",\"contentUrl\":\"https:\/\/www.nexoinformativo.mx\/wp-content\/uploads\/2024\/07\/nexoi-trasparente-2.png\",\"width\":816,\"height\":339,\"caption\":\"Nexo Informativo Santiago de Quer\u00e9taro\"},\"image\":{\"@id\":\"https:\/\/www.nexoinformativo.mx\/#\/schema\/logo\/image\/\"},\"sameAs\":[\"https:\/\/www.facebook.com\/people\/Nexo-Informativo\/61564066885511\/\"]},{\"@type\":\"Person\",\"@id\":\"https:\/\/www.nexoinformativo.mx\/#\/schema\/person\/7749d380ba08c8ca00d7bc76fd907b7d\",\"name\":\"Nexo Informativo\",\"image\":{\"@type\":\"ImageObject\",\"inLanguage\":\"es\",\"@id\":\"https:\/\/www.nexoinformativo.mx\/#\/schema\/person\/image\/\",\"url\":\"https:\/\/secure.gravatar.com\/avatar\/dde2928154642a13d95f87ddf1ea9718fe2b46760a005c53e41ff5ad610704e6?s=96&d=mm&r=g\",\"contentUrl\":\"https:\/\/secure.gravatar.com\/avatar\/dde2928154642a13d95f87ddf1ea9718fe2b46760a005c53e41ff5ad610704e6?s=96&d=mm&r=g\",\"caption\":\"Nexo Informativo\"},\"url\":\"https:\/\/www.nexoinformativo.mx\/index.php\/author\/edicion\/\"}]}<\/script>\n<!-- \/ Yoast SEO plugin. -->","yoast_head_json":{"title":"Vinculan a proceso a los presuntos responsables de la masacre en \"Los Cantaritos\" | Nexo Informativo Santiago de Quer\u00e9taro","description":"Vinculan a proceso a los presuntos responsables de la masacre en \"Los Cantaritos\"","robots":{"index":"index","follow":"follow","max-snippet":"max-snippet:-1","max-image-preview":"max-image-preview:large","max-video-preview":"max-video-preview:-1"},"canonical":"https:\/\/www.nexoinformativo.mx\/index.php\/2024\/11\/27\/vinculan-a-proceso-a-los-presuntos-responsables-de-la-masacre-en-los-cantaritos\/","og_locale":"es_MX","og_type":"article","og_title":"Vinculan a proceso a los presuntos responsables de la masacre en \"Los Cantaritos\" | Nexo Informativo Santiago de Quer\u00e9taro","og_description":"Vinculan a proceso a los presuntos responsables de la masacre en \"Los Cantaritos\"","og_url":"https:\/\/www.nexoinformativo.mx\/index.php\/2024\/11\/27\/vinculan-a-proceso-a-los-presuntos-responsables-de-la-masacre-en-los-cantaritos\/","og_site_name":"Nexo Informativo Santiago de Quer\u00e9taro","article_publisher":"https:\/\/www.facebook.com\/people\/Nexo-Informativo\/61564066885511\/","article_published_time":"2024-11-27T12:30:17+00:00","article_modified_time":"2024-11-27T14:10:18+00:00","og_image":[{"width":800,"height":505,"url":"https:\/\/www.nexoinformativo.mx\/wp-content\/uploads\/2024\/11\/PHOTO-2024-11-26-22-07-44-e1732716465920.jpg","type":"image\/jpeg"}],"author":"Nexo Informativo","twitter_card":"summary_large_image","twitter_misc":{"Escrito por":"Nexo Informativo","Tiempo de lectura":"2 minutos"},"schema":{"@context":"https:\/\/schema.org","@graph":[{"@type":"Article","@id":"https:\/\/www.nexoinformativo.mx\/index.php\/2024\/11\/27\/vinculan-a-proceso-a-los-presuntos-responsables-de-la-masacre-en-los-cantaritos\/#article","isPartOf":{"@id":"https:\/\/www.nexoinformativo.mx\/index.php\/2024\/11\/27\/vinculan-a-proceso-a-los-presuntos-responsables-de-la-masacre-en-los-cantaritos\/"},"author":{"name":"Nexo Informativo","@id":"https:\/\/www.nexoinformativo.mx\/#\/schema\/person\/7749d380ba08c8ca00d7bc76fd907b7d"},"headline":"Vinculan a proceso a los presuntos responsables de la masacre en &#8220;Los Cantaritos&#8221;","datePublished":"2024-11-27T12:30:17+00:00","dateModified":"2024-11-27T14:10:18+00:00","mainEntityOfPage":{"@id":"https:\/\/www.nexoinformativo.mx\/index.php\/2024\/11\/27\/vinculan-a-proceso-a-los-presuntos-responsables-de-la-masacre-en-los-cantaritos\/"},"wordCount":224,"commentCount":0,"publisher":{"@id":"https:\/\/www.nexoinformativo.mx\/#organization"},"image":{"@id":"https:\/\/www.nexoinformativo.mx\/index.php\/2024\/11\/27\/vinculan-a-proceso-a-los-presuntos-responsables-de-la-masacre-en-los-cantaritos\/#primaryimage"},"thumbnailUrl":"https:\/\/www.nexoinformativo.mx\/wp-content\/uploads\/2024\/11\/PHOTO-2024-11-26-22-07-44-e1732716465920.jpg","keywords":["JusticiaPorLosCantaritos","MasacreQuer\u00e9taro","Prisi\u00f3nPreventiva","Vinculaci\u00f3nAproceso"],"articleSection":["Sucesos","\u00daltima Hora"],"inLanguage":"es","potentialAction":[{"@type":"CommentAction","name":"Comment","target":["https:\/\/www.nexoinformativo.mx\/index.php\/2024\/11\/27\/vinculan-a-proceso-a-los-presuntos-responsables-de-la-masacre-en-los-cantaritos\/#respond"]}]},{"@type":"WebPage","@id":"https:\/\/www.nexoinformativo.mx\/index.php\/2024\/11\/27\/vinculan-a-proceso-a-los-presuntos-responsables-de-la-masacre-en-los-cantaritos\/","url":"https:\/\/www.nexoinformativo.mx\/index.php\/2024\/11\/27\/vinculan-a-proceso-a-los-presuntos-responsables-de-la-masacre-en-los-cantaritos\/","name":"Vinculan a proceso a los presuntos responsables de la masacre en \"Los Cantaritos\" | Nexo Informativo Santiago de Quer\u00e9taro","isPartOf":{"@id":"https:\/\/www.nexoinformativo.mx\/#website"},"primaryImageOfPage":{"@id":"https:\/\/www.nexoinformativo.mx\/index.php\/2024\/11\/27\/vinculan-a-proceso-a-los-presuntos-responsables-de-la-masacre-en-los-cantaritos\/#primaryimage"},"image":{"@id":"https:\/\/www.nexoinformativo.mx\/index.php\/2024\/11\/27\/vinculan-a-proceso-a-los-presuntos-responsables-de-la-masacre-en-los-cantaritos\/#primaryimage"},"thumbnailUrl":"https:\/\/www.nexoinformativo.mx\/wp-content\/uploads\/2024\/11\/PHOTO-2024-11-26-22-07-44-e1732716465920.jpg","datePublished":"2024-11-27T12:30:17+00:00","dateModified":"2024-11-27T14:10:18+00:00","description":"Vinculan a proceso a los presuntos responsables de la masacre en \"Los Cantaritos\"","breadcrumb":{"@id":"https:\/\/www.nexoinformativo.mx\/index.php\/2024\/11\/27\/vinculan-a-proceso-a-los-presuntos-responsables-de-la-masacre-en-los-cantaritos\/#breadcrumb"},"inLanguage":"es","potentialAction":[{"@type":"ReadAction","target":["https:\/\/www.nexoinformativo.mx\/index.php\/2024\/11\/27\/vinculan-a-proceso-a-los-presuntos-responsables-de-la-masacre-en-los-cantaritos\/"]}]},{"@type":"ImageObject","inLanguage":"es","@id":"https:\/\/www.nexoinformativo.mx\/index.php\/2024\/11\/27\/vinculan-a-proceso-a-los-presuntos-responsables-de-la-masacre-en-los-cantaritos\/#primaryimage","url":"https:\/\/www.nexoinformativo.mx\/wp-content\/uploads\/2024\/11\/PHOTO-2024-11-26-22-07-44-e1732716465920.jpg","contentUrl":"https:\/\/www.nexoinformativo.mx\/wp-content\/uploads\/2024\/11\/PHOTO-2024-11-26-22-07-44-e1732716465920.jpg","width":800,"height":505},{"@type":"BreadcrumbList","@id":"https:\/\/www.nexoinformativo.mx\/index.php\/2024\/11\/27\/vinculan-a-proceso-a-los-presuntos-responsables-de-la-masacre-en-los-cantaritos\/#breadcrumb","itemListElement":[{"@type":"ListItem","position":1,"name":"Inicio","item":"https:\/\/www.nexoinformativo.mx\/"},{"@type":"ListItem","position":2,"name":"Vinculan a proceso a los presuntos responsables de la masacre en &#8220;Los Cantaritos&#8221;"}]},{"@type":"WebSite","@id":"https:\/\/www.nexoinformativo.mx\/#website","url":"https:\/\/www.nexoinformativo.mx\/","name":"Nexo Informativo Santiago de Quer\u00e9taro","description":"Explora NexoInformativo y convi\u00e9rtete en parte de una comunidad que valora el conocimiento y la verdad. Tu nexoinformativo es tu puente hacia una comprensi\u00f3n m\u00e1s profunda del mundo que te rodea.","publisher":{"@id":"https:\/\/www.nexoinformativo.mx\/#organization"},"potentialAction":[{"@type":"SearchAction","target":{"@type":"EntryPoint","urlTemplate":"https:\/\/www.nexoinformativo.mx\/?s={search_term_string}"},"query-input":{"@type":"PropertyValueSpecification","valueRequired":true,"valueName":"search_term_string"}}],"inLanguage":"es"},{"@type":"Organization","@id":"https:\/\/www.nexoinformativo.mx\/#organization","name":"Nexo Informativo Santiago de Quer\u00e9taro","url":"https:\/\/www.nexoinformativo.mx\/","logo":{"@type":"ImageObject","inLanguage":"es","@id":"https:\/\/www.nexoinformativo.mx\/#\/schema\/logo\/image\/","url":"https:\/\/www.nexoinformativo.mx\/wp-content\/uploads\/2024\/07\/nexoi-trasparente-2.png","contentUrl":"https:\/\/www.nexoinformativo.mx\/wp-content\/uploads\/2024\/07\/nexoi-trasparente-2.png","width":816,"height":339,"caption":"Nexo Informativo Santiago de Quer\u00e9taro"},"image":{"@id":"https:\/\/www.nexoinformativo.mx\/#\/schema\/logo\/image\/"},"sameAs":["https:\/\/www.facebook.com\/people\/Nexo-Informativo\/61564066885511\/"]},{"@type":"Person","@id":"https:\/\/www.nexoinformativo.mx\/#\/schema\/person\/7749d380ba08c8ca00d7bc76fd907b7d","name":"Nexo Informativo","image":{"@type":"ImageObject","inLanguage":"es","@id":"https:\/\/www.nexoinformativo.mx\/#\/schema\/person\/image\/","url":"https:\/\/secure.gravatar.com\/avatar\/dde2928154642a13d95f87ddf1ea9718fe2b46760a005c53e41ff5ad610704e6?s=96&d=mm&r=g","contentUrl":"https:\/\/secure.gravatar.com\/avatar\/dde2928154642a13d95f87ddf1ea9718fe2b46760a005c53e41ff5ad610704e6?s=96&d=mm&r=g","caption":"Nexo Informativo"},"url":"https:\/\/www.nexoinformativo.mx\/index.php\/author\/edicion\/"}]}},"_links":{"self":[{"href":"https:\/\/www.nexoinformativo.mx\/index.php\/wp-json\/wp\/v2\/posts\/7050","targetHints":{"allow":["GET"]}}],"collection":[{"href":"https:\/\/www.nexoinformativo.mx\/index.php\/wp-json\/wp\/v2\/posts"}],"about":[{"href":"https:\/\/www.nexoinformativo.mx\/index.php\/wp-json\/wp\/v2\/types\/post"}],"author":[{"embeddable":true,"href":"https:\/\/www.nexoinformativo.mx\/index.php\/wp-json\/wp\/v2\/users\/3"}],"replies":[{"embeddable":true,"href":"https:\/\/www.nexoinformativo.mx\/index.php\/wp-json\/wp\/v2\/comments?post=7050"}],"version-history":[{"count":4,"href":"https:\/\/www.nexoinformativo.mx\/index.php\/wp-json\/wp\/v2\/posts\/7050\/revisions"}],"predecessor-version":[{"id":7055,"href":"https:\/\/www.nexoinformativo.mx\/index.php\/wp-json\/wp\/v2\/posts\/7050\/revisions\/7055"}],"wp:featuredmedia":[{"embeddable":true,"href":"https:\/\/www.nexoinformativo.mx\/index.php\/wp-json\/wp\/v2\/media\/7051"}],"wp:attachment":[{"href":"https:\/\/www.nexoinformativo.mx\/index.php\/wp-json\/wp\/v2\/media?parent=7050"}],"wp:term":[{"taxonomy":"category","embeddable":true,"href":"https:\/\/www.nexoinformativo.mx\/index.php\/wp-json\/wp\/v2\/categories?post=7050"},{"taxonomy":"post_tag","embeddable":true,"href":"https:\/\/www.nexoinformativo.mx\/index.php\/wp-json\/wp\/v2\/tags?post=7050"}],"curies":[{"name":"wp","href":"https:\/\/api.w.org\/{rel}","templated":true}]}}