{"id":7068,"date":"2024-11-27T07:00:34","date_gmt":"2024-11-27T13:00:34","guid":{"rendered":"https:\/\/www.nexoinformativo.mx\/?p=7068"},"modified":"2024-11-27T08:29:07","modified_gmt":"2024-11-27T14:29:07","slug":"claudia-sheinbaum-envia-cartas-a-trump-y-trudeau-en-respuesta-a-amenaza-arancelaria","status":"publish","type":"post","link":"https:\/\/www.nexoinformativo.mx\/index.php\/2024\/11\/27\/claudia-sheinbaum-envia-cartas-a-trump-y-trudeau-en-respuesta-a-amenaza-arancelaria\/","title":{"rendered":"Claudia Sheinbaum env\u00eda cartas a Trump y Trudeau en respuesta a amenaza arancelaria"},"content":{"rendered":"<p style=\"text-align: justify;\">La presidenta de M\u00e9xico, Claudia Sheinbaum, ha enviado cartas al presidente electo de Estados Unidos, Donald Trump, y al primer ministro de Canad\u00e1, Justin Trudeau, destacando la importancia de la cooperaci\u00f3n y el tratado comercial entre los tres pa\u00edses. Esta acci\u00f3n se produce en respuesta a la amenaza de Trump de imponer un arancel del 25%.<\/p>\n<p>&nbsp;<\/p>\n<p style=\"text-align: justify;\">Sheinbaum subray\u00f3 la necesidad de un entendimiento rec\u00edproco para enfrentar desaf\u00edos comunes como la migraci\u00f3n y el tr\u00e1fico de fentanilo. Rechaz\u00f3 las amenazas arancelarias de Trump, argumentando que estas medidas podr\u00edan generar inflaci\u00f3n y p\u00e9rdida de empleos en ambos pa\u00edses.<\/p>\n<p>&nbsp;<\/p>\n<p style=\"text-align: justify;\"><strong>&#8220;No es con amenazas ni con aranceles como se va a atender el fen\u00f3meno migratorio, ni el consumo de drogas en Estados Unidos; se requiere de cooperaci\u00f3n y entendimiento rec\u00edproco&#8221;<\/strong>, afirm\u00f3 la presidenta.<\/p>\n<p>&nbsp;<\/p>\n<p style=\"text-align: justify;\">Sheinbaum destac\u00f3 los logros de M\u00e9xico en materia migratoria, se\u00f1alando una reducci\u00f3n del 75% en los encuentros en la frontera entre ambos pa\u00edses de diciembre de 2023 a noviembre de 2024, seg\u00fan cifras de la <strong>Oficina de Aduanas y Protecci\u00f3n Fronteriza de Estados Unidos<\/strong> (CBP).<\/p>\n<p>&nbsp;<\/p>\n<p style=\"text-align: justify;\">En cuanto al combate al tr\u00e1fico de fentanilo, reconoci\u00f3 los esfuerzos de las fuerzas armadas y fiscal\u00edas mexicanas, que este a\u00f1o han incautado toneladas de drogas y detenido a miles de personas relacionadas con el narcotr\u00e1fico.<\/p>\n<p>&nbsp;<\/p>\n<p style=\"text-align: justify;\">La presidenta tambi\u00e9n mencion\u00f3 la necesidad de una estrategia conjunta para controlar el ingreso ilegal de precursores qu\u00edmicos provenientes de Asia, que afectan tanto a Estados Unidos y Canad\u00e1.<\/p>\n<p>&nbsp;<\/p>\n<p style=\"text-align: justify;\">En su carta a Trudeau, Sheinbaum aclar\u00f3 la desinformaci\u00f3n sobre las aportaciones de M\u00e9xico y las relaciones con China, destacando que las importaciones canadienses de veh\u00edculos el\u00e9ctricos de origen chino alcanzaron 1,600 millones de d\u00f3lares en 2023, mientras que la inversi\u00f3n extranjera directa en el sector automotriz en M\u00e9xico ha sido significativamente mayor.<\/p>\n<p>&nbsp;<\/p>\n<p style=\"text-align: justify;\">Sheinbaum concluy\u00f3 enfatizando que el Tratado entre M\u00e9xico, Estados Unidos y Canad\u00e1 es crucial para el crecimiento econ\u00f3mico y el bienestar de los tres pa\u00edses.<\/p>\n<p>&nbsp;<\/p>\n<p style=\"text-align: center;\"><em><strong>\u00a1Informaci\u00f3n que transforma!<\/strong><\/em><\/p>\n","protected":false},"excerpt":{"rendered":"<p>La presidenta de M\u00e9xico, Claudia Sheinbaum, ha enviado cartas al presidente electo de Estados Unidos, Donald Trump, y al primer ministro de Canad\u00e1, Justin Trudeau, destacando la importancia de la cooperaci\u00f3n y el tratado comercial entre los tres pa\u00edses.<\/p>\n","protected":false},"author":3,"featured_media":7069,"comment_status":"open","ping_status":"open","sticky":false,"template":"","format":"standard","meta":{"footnotes":""},"categories":[88,58],"tags":[2354,2380,2382,2381],"class_list":["post-7068","post","type-post","status-publish","format-standard","has-post-thumbnail","hentry","category-nacional","category-ultima-hora","tag-arancelestrump","tag-cooperacionnorteamerica","tag-sheinbaumresponde","tag-tratadocomercial"],"yoast_head":"<!-- This site is optimized with the Yoast SEO plugin v25.0 - https:\/\/yoast.com\/wordpress\/plugins\/seo\/ -->\n<title>Claudia Sheinbaum env\u00eda cartas a Trump y Trudeau en respuesta a amenaza arancelaria | Nexo Informativo Santiago de Quer\u00e9taro<\/title>\n<meta name=\"description\" content=\"Claudia Sheinbaum env\u00eda cartas a Trump y Trudeau en respuesta a amenaza arancelaria\" \/>\n<meta name=\"robots\" content=\"index, follow, max-snippet:-1, max-image-preview:large, max-video-preview:-1\" \/>\n<link rel=\"canonical\" href=\"https:\/\/www.nexoinformativo.mx\/index.php\/2024\/11\/27\/claudia-sheinbaum-envia-cartas-a-trump-y-trudeau-en-respuesta-a-amenaza-arancelaria\/\" \/>\n<meta property=\"og:locale\" content=\"es_MX\" \/>\n<meta property=\"og:type\" content=\"article\" \/>\n<meta property=\"og:title\" content=\"Claudia Sheinbaum env\u00eda cartas a Trump y Trudeau en respuesta a amenaza arancelaria | Nexo Informativo Santiago de Quer\u00e9taro\" \/>\n<meta property=\"og:description\" content=\"Claudia Sheinbaum env\u00eda cartas a Trump y Trudeau en respuesta a amenaza arancelaria\" \/>\n<meta property=\"og:url\" content=\"https:\/\/www.nexoinformativo.mx\/index.php\/2024\/11\/27\/claudia-sheinbaum-envia-cartas-a-trump-y-trudeau-en-respuesta-a-amenaza-arancelaria\/\" \/>\n<meta property=\"og:site_name\" content=\"Nexo Informativo Santiago de Quer\u00e9taro\" \/>\n<meta property=\"article:publisher\" content=\"https:\/\/www.facebook.com\/people\/Nexo-Informativo\/61564066885511\/\" \/>\n<meta property=\"article:published_time\" content=\"2024-11-27T13:00:34+00:00\" \/>\n<meta property=\"article:modified_time\" content=\"2024-11-27T14:29:07+00:00\" \/>\n<meta property=\"og:image\" content=\"https:\/\/www.nexoinformativo.mx\/wp-content\/uploads\/2024\/11\/IMG_3759-e1732717669389.jpg\" \/>\n\t<meta property=\"og:image:width\" content=\"650\" \/>\n\t<meta property=\"og:image:height\" content=\"406\" \/>\n\t<meta property=\"og:image:type\" content=\"image\/jpeg\" \/>\n<meta name=\"author\" content=\"Nexo Informativo\" \/>\n<meta name=\"twitter:card\" content=\"summary_large_image\" \/>\n<meta name=\"twitter:label1\" content=\"Escrito por\" \/>\n\t<meta name=\"twitter:data1\" content=\"Nexo Informativo\" \/>\n\t<meta name=\"twitter:label2\" content=\"Tiempo de lectura\" \/>\n\t<meta name=\"twitter:data2\" content=\"2 minutos\" \/>\n<script type=\"application\/ld+json\" class=\"yoast-schema-graph\">{\"@context\":\"https:\/\/schema.org\",\"@graph\":[{\"@type\":\"Article\",\"@id\":\"https:\/\/www.nexoinformativo.mx\/index.php\/2024\/11\/27\/claudia-sheinbaum-envia-cartas-a-trump-y-trudeau-en-respuesta-a-amenaza-arancelaria\/#article\",\"isPartOf\":{\"@id\":\"https:\/\/www.nexoinformativo.mx\/index.php\/2024\/11\/27\/claudia-sheinbaum-envia-cartas-a-trump-y-trudeau-en-respuesta-a-amenaza-arancelaria\/\"},\"author\":{\"name\":\"Nexo Informativo\",\"@id\":\"https:\/\/www.nexoinformativo.mx\/#\/schema\/person\/7749d380ba08c8ca00d7bc76fd907b7d\"},\"headline\":\"Claudia Sheinbaum env\u00eda cartas a Trump y Trudeau en respuesta a amenaza arancelaria\",\"datePublished\":\"2024-11-27T13:00:34+00:00\",\"dateModified\":\"2024-11-27T14:29:07+00:00\",\"mainEntityOfPage\":{\"@id\":\"https:\/\/www.nexoinformativo.mx\/index.php\/2024\/11\/27\/claudia-sheinbaum-envia-cartas-a-trump-y-trudeau-en-respuesta-a-amenaza-arancelaria\/\"},\"wordCount\":374,\"commentCount\":0,\"publisher\":{\"@id\":\"https:\/\/www.nexoinformativo.mx\/#organization\"},\"image\":{\"@id\":\"https:\/\/www.nexoinformativo.mx\/index.php\/2024\/11\/27\/claudia-sheinbaum-envia-cartas-a-trump-y-trudeau-en-respuesta-a-amenaza-arancelaria\/#primaryimage\"},\"thumbnailUrl\":\"https:\/\/www.nexoinformativo.mx\/wp-content\/uploads\/2024\/11\/IMG_3759-e1732717669389.jpg\",\"keywords\":[\"ArancelesTrump\",\"Cooperaci\u00f3nNorteam\u00e9rica\",\"SheinbaumResponde\",\"TratadoComercial\"],\"articleSection\":[\"Nacional\",\"\u00daltima Hora\"],\"inLanguage\":\"es\",\"potentialAction\":[{\"@type\":\"CommentAction\",\"name\":\"Comment\",\"target\":[\"https:\/\/www.nexoinformativo.mx\/index.php\/2024\/11\/27\/claudia-sheinbaum-envia-cartas-a-trump-y-trudeau-en-respuesta-a-amenaza-arancelaria\/#respond\"]}]},{\"@type\":\"WebPage\",\"@id\":\"https:\/\/www.nexoinformativo.mx\/index.php\/2024\/11\/27\/claudia-sheinbaum-envia-cartas-a-trump-y-trudeau-en-respuesta-a-amenaza-arancelaria\/\",\"url\":\"https:\/\/www.nexoinformativo.mx\/index.php\/2024\/11\/27\/claudia-sheinbaum-envia-cartas-a-trump-y-trudeau-en-respuesta-a-amenaza-arancelaria\/\",\"name\":\"Claudia Sheinbaum env\u00eda cartas a Trump y Trudeau en respuesta a amenaza arancelaria | Nexo Informativo Santiago de Quer\u00e9taro\",\"isPartOf\":{\"@id\":\"https:\/\/www.nexoinformativo.mx\/#website\"},\"primaryImageOfPage\":{\"@id\":\"https:\/\/www.nexoinformativo.mx\/index.php\/2024\/11\/27\/claudia-sheinbaum-envia-cartas-a-trump-y-trudeau-en-respuesta-a-amenaza-arancelaria\/#primaryimage\"},\"image\":{\"@id\":\"https:\/\/www.nexoinformativo.mx\/index.php\/2024\/11\/27\/claudia-sheinbaum-envia-cartas-a-trump-y-trudeau-en-respuesta-a-amenaza-arancelaria\/#primaryimage\"},\"thumbnailUrl\":\"https:\/\/www.nexoinformativo.mx\/wp-content\/uploads\/2024\/11\/IMG_3759-e1732717669389.jpg\",\"datePublished\":\"2024-11-27T13:00:34+00:00\",\"dateModified\":\"2024-11-27T14:29:07+00:00\",\"description\":\"Claudia Sheinbaum env\u00eda cartas a Trump y Trudeau en respuesta a amenaza arancelaria\",\"breadcrumb\":{\"@id\":\"https:\/\/www.nexoinformativo.mx\/index.php\/2024\/11\/27\/claudia-sheinbaum-envia-cartas-a-trump-y-trudeau-en-respuesta-a-amenaza-arancelaria\/#breadcrumb\"},\"inLanguage\":\"es\",\"potentialAction\":[{\"@type\":\"ReadAction\",\"target\":[\"https:\/\/www.nexoinformativo.mx\/index.php\/2024\/11\/27\/claudia-sheinbaum-envia-cartas-a-trump-y-trudeau-en-respuesta-a-amenaza-arancelaria\/\"]}]},{\"@type\":\"ImageObject\",\"inLanguage\":\"es\",\"@id\":\"https:\/\/www.nexoinformativo.mx\/index.php\/2024\/11\/27\/claudia-sheinbaum-envia-cartas-a-trump-y-trudeau-en-respuesta-a-amenaza-arancelaria\/#primaryimage\",\"url\":\"https:\/\/www.nexoinformativo.mx\/wp-content\/uploads\/2024\/11\/IMG_3759-e1732717669389.jpg\",\"contentUrl\":\"https:\/\/www.nexoinformativo.mx\/wp-content\/uploads\/2024\/11\/IMG_3759-e1732717669389.jpg\",\"width\":650,\"height\":406},{\"@type\":\"BreadcrumbList\",\"@id\":\"https:\/\/www.nexoinformativo.mx\/index.php\/2024\/11\/27\/claudia-sheinbaum-envia-cartas-a-trump-y-trudeau-en-respuesta-a-amenaza-arancelaria\/#breadcrumb\",\"itemListElement\":[{\"@type\":\"ListItem\",\"position\":1,\"name\":\"Inicio\",\"item\":\"https:\/\/www.nexoinformativo.mx\/\"},{\"@type\":\"ListItem\",\"position\":2,\"name\":\"Claudia Sheinbaum env\u00eda cartas a Trump y Trudeau en respuesta a amenaza arancelaria\"}]},{\"@type\":\"WebSite\",\"@id\":\"https:\/\/www.nexoinformativo.mx\/#website\",\"url\":\"https:\/\/www.nexoinformativo.mx\/\",\"name\":\"Nexo Informativo Santiago de Quer\u00e9taro\",\"description\":\"Explora NexoInformativo y convi\u00e9rtete en parte de una comunidad que valora el conocimiento y la verdad. Tu nexoinformativo es tu puente hacia una comprensi\u00f3n m\u00e1s profunda del mundo que te rodea.\",\"publisher\":{\"@id\":\"https:\/\/www.nexoinformativo.mx\/#organization\"},\"potentialAction\":[{\"@type\":\"SearchAction\",\"target\":{\"@type\":\"EntryPoint\",\"urlTemplate\":\"https:\/\/www.nexoinformativo.mx\/?s={search_term_string}\"},\"query-input\":{\"@type\":\"PropertyValueSpecification\",\"valueRequired\":true,\"valueName\":\"search_term_string\"}}],\"inLanguage\":\"es\"},{\"@type\":\"Organization\",\"@id\":\"https:\/\/www.nexoinformativo.mx\/#organization\",\"name\":\"Nexo Informativo Santiago de Quer\u00e9taro\",\"url\":\"https:\/\/www.nexoinformativo.mx\/\",\"logo\":{\"@type\":\"ImageObject\",\"inLanguage\":\"es\",\"@id\":\"https:\/\/www.nexoinformativo.mx\/#\/schema\/logo\/image\/\",\"url\":\"https:\/\/www.nexoinformativo.mx\/wp-content\/uploads\/2024\/07\/nexoi-trasparente-2.png\",\"contentUrl\":\"https:\/\/www.nexoinformativo.mx\/wp-content\/uploads\/2024\/07\/nexoi-trasparente-2.png\",\"width\":816,\"height\":339,\"caption\":\"Nexo Informativo Santiago de Quer\u00e9taro\"},\"image\":{\"@id\":\"https:\/\/www.nexoinformativo.mx\/#\/schema\/logo\/image\/\"},\"sameAs\":[\"https:\/\/www.facebook.com\/people\/Nexo-Informativo\/61564066885511\/\"]},{\"@type\":\"Person\",\"@id\":\"https:\/\/www.nexoinformativo.mx\/#\/schema\/person\/7749d380ba08c8ca00d7bc76fd907b7d\",\"name\":\"Nexo Informativo\",\"image\":{\"@type\":\"ImageObject\",\"inLanguage\":\"es\",\"@id\":\"https:\/\/www.nexoinformativo.mx\/#\/schema\/person\/image\/\",\"url\":\"https:\/\/secure.gravatar.com\/avatar\/dde2928154642a13d95f87ddf1ea9718fe2b46760a005c53e41ff5ad610704e6?s=96&d=mm&r=g\",\"contentUrl\":\"https:\/\/secure.gravatar.com\/avatar\/dde2928154642a13d95f87ddf1ea9718fe2b46760a005c53e41ff5ad610704e6?s=96&d=mm&r=g\",\"caption\":\"Nexo Informativo\"},\"url\":\"https:\/\/www.nexoinformativo.mx\/index.php\/author\/edicion\/\"}]}<\/script>\n<!-- \/ Yoast SEO plugin. -->","yoast_head_json":{"title":"Claudia Sheinbaum env\u00eda cartas a Trump y Trudeau en respuesta a amenaza arancelaria | Nexo Informativo Santiago de Quer\u00e9taro","description":"Claudia Sheinbaum env\u00eda cartas a Trump y Trudeau en respuesta a amenaza arancelaria","robots":{"index":"index","follow":"follow","max-snippet":"max-snippet:-1","max-image-preview":"max-image-preview:large","max-video-preview":"max-video-preview:-1"},"canonical":"https:\/\/www.nexoinformativo.mx\/index.php\/2024\/11\/27\/claudia-sheinbaum-envia-cartas-a-trump-y-trudeau-en-respuesta-a-amenaza-arancelaria\/","og_locale":"es_MX","og_type":"article","og_title":"Claudia Sheinbaum env\u00eda cartas a Trump y Trudeau en respuesta a amenaza arancelaria | Nexo Informativo Santiago de Quer\u00e9taro","og_description":"Claudia Sheinbaum env\u00eda cartas a Trump y Trudeau en respuesta a amenaza arancelaria","og_url":"https:\/\/www.nexoinformativo.mx\/index.php\/2024\/11\/27\/claudia-sheinbaum-envia-cartas-a-trump-y-trudeau-en-respuesta-a-amenaza-arancelaria\/","og_site_name":"Nexo Informativo Santiago de Quer\u00e9taro","article_publisher":"https:\/\/www.facebook.com\/people\/Nexo-Informativo\/61564066885511\/","article_published_time":"2024-11-27T13:00:34+00:00","article_modified_time":"2024-11-27T14:29:07+00:00","og_image":[{"width":650,"height":406,"url":"https:\/\/www.nexoinformativo.mx\/wp-content\/uploads\/2024\/11\/IMG_3759-e1732717669389.jpg","type":"image\/jpeg"}],"author":"Nexo Informativo","twitter_card":"summary_large_image","twitter_misc":{"Escrito por":"Nexo Informativo","Tiempo de lectura":"2 minutos"},"schema":{"@context":"https:\/\/schema.org","@graph":[{"@type":"Article","@id":"https:\/\/www.nexoinformativo.mx\/index.php\/2024\/11\/27\/claudia-sheinbaum-envia-cartas-a-trump-y-trudeau-en-respuesta-a-amenaza-arancelaria\/#article","isPartOf":{"@id":"https:\/\/www.nexoinformativo.mx\/index.php\/2024\/11\/27\/claudia-sheinbaum-envia-cartas-a-trump-y-trudeau-en-respuesta-a-amenaza-arancelaria\/"},"author":{"name":"Nexo Informativo","@id":"https:\/\/www.nexoinformativo.mx\/#\/schema\/person\/7749d380ba08c8ca00d7bc76fd907b7d"},"headline":"Claudia Sheinbaum env\u00eda cartas a Trump y Trudeau en respuesta a amenaza arancelaria","datePublished":"2024-11-27T13:00:34+00:00","dateModified":"2024-11-27T14:29:07+00:00","mainEntityOfPage":{"@id":"https:\/\/www.nexoinformativo.mx\/index.php\/2024\/11\/27\/claudia-sheinbaum-envia-cartas-a-trump-y-trudeau-en-respuesta-a-amenaza-arancelaria\/"},"wordCount":374,"commentCount":0,"publisher":{"@id":"https:\/\/www.nexoinformativo.mx\/#organization"},"image":{"@id":"https:\/\/www.nexoinformativo.mx\/index.php\/2024\/11\/27\/claudia-sheinbaum-envia-cartas-a-trump-y-trudeau-en-respuesta-a-amenaza-arancelaria\/#primaryimage"},"thumbnailUrl":"https:\/\/www.nexoinformativo.mx\/wp-content\/uploads\/2024\/11\/IMG_3759-e1732717669389.jpg","keywords":["ArancelesTrump","Cooperaci\u00f3nNorteam\u00e9rica","SheinbaumResponde","TratadoComercial"],"articleSection":["Nacional","\u00daltima Hora"],"inLanguage":"es","potentialAction":[{"@type":"CommentAction","name":"Comment","target":["https:\/\/www.nexoinformativo.mx\/index.php\/2024\/11\/27\/claudia-sheinbaum-envia-cartas-a-trump-y-trudeau-en-respuesta-a-amenaza-arancelaria\/#respond"]}]},{"@type":"WebPage","@id":"https:\/\/www.nexoinformativo.mx\/index.php\/2024\/11\/27\/claudia-sheinbaum-envia-cartas-a-trump-y-trudeau-en-respuesta-a-amenaza-arancelaria\/","url":"https:\/\/www.nexoinformativo.mx\/index.php\/2024\/11\/27\/claudia-sheinbaum-envia-cartas-a-trump-y-trudeau-en-respuesta-a-amenaza-arancelaria\/","name":"Claudia Sheinbaum env\u00eda cartas a Trump y Trudeau en respuesta a amenaza arancelaria | Nexo Informativo Santiago de Quer\u00e9taro","isPartOf":{"@id":"https:\/\/www.nexoinformativo.mx\/#website"},"primaryImageOfPage":{"@id":"https:\/\/www.nexoinformativo.mx\/index.php\/2024\/11\/27\/claudia-sheinbaum-envia-cartas-a-trump-y-trudeau-en-respuesta-a-amenaza-arancelaria\/#primaryimage"},"image":{"@id":"https:\/\/www.nexoinformativo.mx\/index.php\/2024\/11\/27\/claudia-sheinbaum-envia-cartas-a-trump-y-trudeau-en-respuesta-a-amenaza-arancelaria\/#primaryimage"},"thumbnailUrl":"https:\/\/www.nexoinformativo.mx\/wp-content\/uploads\/2024\/11\/IMG_3759-e1732717669389.jpg","datePublished":"2024-11-27T13:00:34+00:00","dateModified":"2024-11-27T14:29:07+00:00","description":"Claudia Sheinbaum env\u00eda cartas a Trump y Trudeau en respuesta a amenaza arancelaria","breadcrumb":{"@id":"https:\/\/www.nexoinformativo.mx\/index.php\/2024\/11\/27\/claudia-sheinbaum-envia-cartas-a-trump-y-trudeau-en-respuesta-a-amenaza-arancelaria\/#breadcrumb"},"inLanguage":"es","potentialAction":[{"@type":"ReadAction","target":["https:\/\/www.nexoinformativo.mx\/index.php\/2024\/11\/27\/claudia-sheinbaum-envia-cartas-a-trump-y-trudeau-en-respuesta-a-amenaza-arancelaria\/"]}]},{"@type":"ImageObject","inLanguage":"es","@id":"https:\/\/www.nexoinformativo.mx\/index.php\/2024\/11\/27\/claudia-sheinbaum-envia-cartas-a-trump-y-trudeau-en-respuesta-a-amenaza-arancelaria\/#primaryimage","url":"https:\/\/www.nexoinformativo.mx\/wp-content\/uploads\/2024\/11\/IMG_3759-e1732717669389.jpg","contentUrl":"https:\/\/www.nexoinformativo.mx\/wp-content\/uploads\/2024\/11\/IMG_3759-e1732717669389.jpg","width":650,"height":406},{"@type":"BreadcrumbList","@id":"https:\/\/www.nexoinformativo.mx\/index.php\/2024\/11\/27\/claudia-sheinbaum-envia-cartas-a-trump-y-trudeau-en-respuesta-a-amenaza-arancelaria\/#breadcrumb","itemListElement":[{"@type":"ListItem","position":1,"name":"Inicio","item":"https:\/\/www.nexoinformativo.mx\/"},{"@type":"ListItem","position":2,"name":"Claudia Sheinbaum env\u00eda cartas a Trump y Trudeau en respuesta a amenaza arancelaria"}]},{"@type":"WebSite","@id":"https:\/\/www.nexoinformativo.mx\/#website","url":"https:\/\/www.nexoinformativo.mx\/","name":"Nexo Informativo Santiago de Quer\u00e9taro","description":"Explora NexoInformativo y convi\u00e9rtete en parte de una comunidad que valora el conocimiento y la verdad. Tu nexoinformativo es tu puente hacia una comprensi\u00f3n m\u00e1s profunda del mundo que te rodea.","publisher":{"@id":"https:\/\/www.nexoinformativo.mx\/#organization"},"potentialAction":[{"@type":"SearchAction","target":{"@type":"EntryPoint","urlTemplate":"https:\/\/www.nexoinformativo.mx\/?s={search_term_string}"},"query-input":{"@type":"PropertyValueSpecification","valueRequired":true,"valueName":"search_term_string"}}],"inLanguage":"es"},{"@type":"Organization","@id":"https:\/\/www.nexoinformativo.mx\/#organization","name":"Nexo Informativo Santiago de Quer\u00e9taro","url":"https:\/\/www.nexoinformativo.mx\/","logo":{"@type":"ImageObject","inLanguage":"es","@id":"https:\/\/www.nexoinformativo.mx\/#\/schema\/logo\/image\/","url":"https:\/\/www.nexoinformativo.mx\/wp-content\/uploads\/2024\/07\/nexoi-trasparente-2.png","contentUrl":"https:\/\/www.nexoinformativo.mx\/wp-content\/uploads\/2024\/07\/nexoi-trasparente-2.png","width":816,"height":339,"caption":"Nexo Informativo Santiago de Quer\u00e9taro"},"image":{"@id":"https:\/\/www.nexoinformativo.mx\/#\/schema\/logo\/image\/"},"sameAs":["https:\/\/www.facebook.com\/people\/Nexo-Informativo\/61564066885511\/"]},{"@type":"Person","@id":"https:\/\/www.nexoinformativo.mx\/#\/schema\/person\/7749d380ba08c8ca00d7bc76fd907b7d","name":"Nexo Informativo","image":{"@type":"ImageObject","inLanguage":"es","@id":"https:\/\/www.nexoinformativo.mx\/#\/schema\/person\/image\/","url":"https:\/\/secure.gravatar.com\/avatar\/dde2928154642a13d95f87ddf1ea9718fe2b46760a005c53e41ff5ad610704e6?s=96&d=mm&r=g","contentUrl":"https:\/\/secure.gravatar.com\/avatar\/dde2928154642a13d95f87ddf1ea9718fe2b46760a005c53e41ff5ad610704e6?s=96&d=mm&r=g","caption":"Nexo Informativo"},"url":"https:\/\/www.nexoinformativo.mx\/index.php\/author\/edicion\/"}]}},"_links":{"self":[{"href":"https:\/\/www.nexoinformativo.mx\/index.php\/wp-json\/wp\/v2\/posts\/7068","targetHints":{"allow":["GET"]}}],"collection":[{"href":"https:\/\/www.nexoinformativo.mx\/index.php\/wp-json\/wp\/v2\/posts"}],"about":[{"href":"https:\/\/www.nexoinformativo.mx\/index.php\/wp-json\/wp\/v2\/types\/post"}],"author":[{"embeddable":true,"href":"https:\/\/www.nexoinformativo.mx\/index.php\/wp-json\/wp\/v2\/users\/3"}],"replies":[{"embeddable":true,"href":"https:\/\/www.nexoinformativo.mx\/index.php\/wp-json\/wp\/v2\/comments?post=7068"}],"version-history":[{"count":3,"href":"https:\/\/www.nexoinformativo.mx\/index.php\/wp-json\/wp\/v2\/posts\/7068\/revisions"}],"predecessor-version":[{"id":7072,"href":"https:\/\/www.nexoinformativo.mx\/index.php\/wp-json\/wp\/v2\/posts\/7068\/revisions\/7072"}],"wp:featuredmedia":[{"embeddable":true,"href":"https:\/\/www.nexoinformativo.mx\/index.php\/wp-json\/wp\/v2\/media\/7069"}],"wp:attachment":[{"href":"https:\/\/www.nexoinformativo.mx\/index.php\/wp-json\/wp\/v2\/media?parent=7068"}],"wp:term":[{"taxonomy":"category","embeddable":true,"href":"https:\/\/www.nexoinformativo.mx\/index.php\/wp-json\/wp\/v2\/categories?post=7068"},{"taxonomy":"post_tag","embeddable":true,"href":"https:\/\/www.nexoinformativo.mx\/index.php\/wp-json\/wp\/v2\/tags?post=7068"}],"curies":[{"name":"wp","href":"https:\/\/api.w.org\/{rel}","templated":true}]}}