{"id":7073,"date":"2024-11-27T07:30:21","date_gmt":"2024-11-27T13:30:21","guid":{"rendered":"https:\/\/www.nexoinformativo.mx\/?p=7073"},"modified":"2024-11-27T08:33:48","modified_gmt":"2024-11-27T14:33:48","slug":"marco-del-prete-impulsa-la-educacion-ambiental-en-queretaro-y-abre-el-congreso-eas-2024","status":"publish","type":"post","link":"https:\/\/www.nexoinformativo.mx\/index.php\/2024\/11\/27\/marco-del-prete-impulsa-la-educacion-ambiental-en-queretaro-y-abre-el-congreso-eas-2024\/","title":{"rendered":"Marco Del Prete impulsa la educaci\u00f3n ambiental en Quer\u00e9taro y abre el Congreso EAS 2024"},"content":{"rendered":"<p style=\"text-align: justify;\" data-sourcepos=\"9:1-9:331\">El secretario de Desarrollo Sustentable, Marco Antonio Del Prete, inaugur\u00f3 la cuarta edici\u00f3n del <strong>Congreso de Educaci\u00f3n Ambiental para la Sustentabilidad (EAS) 2024<\/strong>, un evento que busca fomentar la conciencia ambiental en los j\u00f3venes queretanos y fortalecer las pol\u00edticas p\u00fablicas en la materia.<\/p>\n<p>&nbsp;<\/p>\n<p style=\"text-align: justify;\" data-sourcepos=\"11:1-11:303\">Durante su intervenci\u00f3n, Del Prete destac\u00f3 la importancia de impulsar una educaci\u00f3n ambiental que permita a los j\u00f3venes adquirir las herramientas necesarias para cuidar el planeta. &#8220;Queremos dotar a los j\u00f3venes de conocimiento para que puedan hacer algo por su entorno y su planeta&#8221;, enfatiz\u00f3.<\/p>\n<p>&nbsp;<\/p>\n<p style=\"text-align: justify;\" data-sourcepos=\"13:1-13:263\">El secretario tambi\u00e9n resalt\u00f3 el compromiso del gobierno estatal con la protecci\u00f3n del medio ambiente, se\u00f1alando que Quer\u00e9taro es un referente nacional en materia ambiental gracias a iniciativas como la econom\u00eda circular y el sistema de compensaci\u00f3n de emisiones.<\/p>\n<p>&nbsp;<\/p>\n<p style=\"text-align: justify;\" data-sourcepos=\"15:1-15:224\">Por su parte, el rector de la Universidad Tecnol\u00f3gica de San Juan del R\u00edo, Fernando Ferrusca Ortiz, subray\u00f3 la importancia de trabajar en conjunto para enfrentar los desaf\u00edos ambientales y construir un futuro m\u00e1s sostenible.<\/p>\n<p>&nbsp;<\/p>\n<p style=\"text-align: justify;\" data-sourcepos=\"17:1-17:255\">El Congreso EAS 2024 se llevar\u00e1 a cabo durante tres d\u00edas y contar\u00e1 con la participaci\u00f3n de expertos en la materia, quienes compartir\u00e1n sus conocimientos y experiencias en temas como cambio clim\u00e1tico, gesti\u00f3n de recursos naturales y desarrollo sostenible.<\/p>\n<p>&nbsp;<\/p>\n<p style=\"text-align: center;\" data-sourcepos=\"17:1-17:255\"><em><strong>\u00a1Informaci\u00f3n que transforma!<\/strong><\/em><\/p>\n","protected":false},"excerpt":{"rendered":"<p>El secretario de Desarrollo Sustentable, Marco Antonio Del Prete, inaugur\u00f3 la cuarta edici\u00f3n del Congreso de Educaci\u00f3n Ambiental para la Sustentabilidad (EAS) 2024, un evento que busca fomentar la conciencia ambiental en los j\u00f3venes queretanos y fortalecer las pol\u00edticas p\u00fablicas en la materia.<\/p>\n","protected":false},"author":3,"featured_media":7074,"comment_status":"open","ping_status":"open","sticky":false,"template":"","format":"standard","meta":{"footnotes":""},"categories":[65,58],"tags":[2231,2384,2383,994],"class_list":["post-7073","post","type-post","status-publish","format-standard","has-post-thumbnail","hentry","category-municipios","category-ultima-hora","tag-eas2024","tag-educaciongambiental","tag-jovenesporelambiente","tag-queretarosostenible"],"yoast_head":"<!-- This site is optimized with the Yoast SEO plugin v25.0 - https:\/\/yoast.com\/wordpress\/plugins\/seo\/ -->\n<title>Marco Del Prete impulsa la educaci\u00f3n ambiental en Quer\u00e9taro y abre el Congreso EAS 2024 | Nexo Informativo Santiago de Quer\u00e9taro<\/title>\n<meta name=\"description\" content=\"Marco Del Prete impulsa la educaci\u00f3n ambiental en Quer\u00e9taro y abre el Congreso EAS 2024\" \/>\n<meta name=\"robots\" content=\"index, follow, max-snippet:-1, max-image-preview:large, max-video-preview:-1\" \/>\n<link rel=\"canonical\" href=\"https:\/\/www.nexoinformativo.mx\/index.php\/2024\/11\/27\/marco-del-prete-impulsa-la-educacion-ambiental-en-queretaro-y-abre-el-congreso-eas-2024\/\" \/>\n<meta property=\"og:locale\" content=\"es_MX\" \/>\n<meta property=\"og:type\" content=\"article\" \/>\n<meta property=\"og:title\" content=\"Marco Del Prete impulsa la educaci\u00f3n ambiental en Quer\u00e9taro y abre el Congreso EAS 2024 | Nexo Informativo Santiago de Quer\u00e9taro\" \/>\n<meta property=\"og:description\" content=\"Marco Del Prete impulsa la educaci\u00f3n ambiental en Quer\u00e9taro y abre el Congreso EAS 2024\" \/>\n<meta property=\"og:url\" content=\"https:\/\/www.nexoinformativo.mx\/index.php\/2024\/11\/27\/marco-del-prete-impulsa-la-educacion-ambiental-en-queretaro-y-abre-el-congreso-eas-2024\/\" \/>\n<meta property=\"og:site_name\" content=\"Nexo Informativo Santiago de Quer\u00e9taro\" \/>\n<meta property=\"article:publisher\" content=\"https:\/\/www.facebook.com\/people\/Nexo-Informativo\/61564066885511\/\" \/>\n<meta property=\"article:published_time\" content=\"2024-11-27T13:30:21+00:00\" \/>\n<meta property=\"article:modified_time\" content=\"2024-11-27T14:33:48+00:00\" \/>\n<meta property=\"og:image\" content=\"https:\/\/www.nexoinformativo.mx\/wp-content\/uploads\/2024\/11\/PHOTO-2024-11-27-07-23-56-e1732717972744.jpg\" \/>\n\t<meta property=\"og:image:width\" content=\"700\" \/>\n\t<meta property=\"og:image:height\" content=\"466\" \/>\n\t<meta property=\"og:image:type\" content=\"image\/jpeg\" \/>\n<meta name=\"author\" content=\"Nexo Informativo\" \/>\n<meta name=\"twitter:card\" content=\"summary_large_image\" \/>\n<meta name=\"twitter:label1\" content=\"Escrito por\" \/>\n\t<meta name=\"twitter:data1\" content=\"Nexo Informativo\" \/>\n\t<meta name=\"twitter:label2\" content=\"Tiempo de lectura\" \/>\n\t<meta name=\"twitter:data2\" content=\"2 minutos\" \/>\n<script type=\"application\/ld+json\" class=\"yoast-schema-graph\">{\"@context\":\"https:\/\/schema.org\",\"@graph\":[{\"@type\":\"Article\",\"@id\":\"https:\/\/www.nexoinformativo.mx\/index.php\/2024\/11\/27\/marco-del-prete-impulsa-la-educacion-ambiental-en-queretaro-y-abre-el-congreso-eas-2024\/#article\",\"isPartOf\":{\"@id\":\"https:\/\/www.nexoinformativo.mx\/index.php\/2024\/11\/27\/marco-del-prete-impulsa-la-educacion-ambiental-en-queretaro-y-abre-el-congreso-eas-2024\/\"},\"author\":{\"name\":\"Nexo Informativo\",\"@id\":\"https:\/\/www.nexoinformativo.mx\/#\/schema\/person\/7749d380ba08c8ca00d7bc76fd907b7d\"},\"headline\":\"Marco Del Prete impulsa la educaci\u00f3n ambiental en Quer\u00e9taro y abre el Congreso EAS 2024\",\"datePublished\":\"2024-11-27T13:30:21+00:00\",\"dateModified\":\"2024-11-27T14:33:48+00:00\",\"mainEntityOfPage\":{\"@id\":\"https:\/\/www.nexoinformativo.mx\/index.php\/2024\/11\/27\/marco-del-prete-impulsa-la-educacion-ambiental-en-queretaro-y-abre-el-congreso-eas-2024\/\"},\"wordCount\":248,\"commentCount\":0,\"publisher\":{\"@id\":\"https:\/\/www.nexoinformativo.mx\/#organization\"},\"image\":{\"@id\":\"https:\/\/www.nexoinformativo.mx\/index.php\/2024\/11\/27\/marco-del-prete-impulsa-la-educacion-ambiental-en-queretaro-y-abre-el-congreso-eas-2024\/#primaryimage\"},\"thumbnailUrl\":\"https:\/\/www.nexoinformativo.mx\/wp-content\/uploads\/2024\/11\/PHOTO-2024-11-27-07-23-56-e1732717972744.jpg\",\"keywords\":[\"EAS2024\",\"educaciongambiental\",\"J\u00f3venesPorElAmbiente\",\"Quer\u00e9taroSostenible\"],\"articleSection\":[\"Municipios\",\"\u00daltima Hora\"],\"inLanguage\":\"es\",\"potentialAction\":[{\"@type\":\"CommentAction\",\"name\":\"Comment\",\"target\":[\"https:\/\/www.nexoinformativo.mx\/index.php\/2024\/11\/27\/marco-del-prete-impulsa-la-educacion-ambiental-en-queretaro-y-abre-el-congreso-eas-2024\/#respond\"]}]},{\"@type\":\"WebPage\",\"@id\":\"https:\/\/www.nexoinformativo.mx\/index.php\/2024\/11\/27\/marco-del-prete-impulsa-la-educacion-ambiental-en-queretaro-y-abre-el-congreso-eas-2024\/\",\"url\":\"https:\/\/www.nexoinformativo.mx\/index.php\/2024\/11\/27\/marco-del-prete-impulsa-la-educacion-ambiental-en-queretaro-y-abre-el-congreso-eas-2024\/\",\"name\":\"Marco Del Prete impulsa la educaci\u00f3n ambiental en Quer\u00e9taro y abre el Congreso EAS 2024 | Nexo Informativo Santiago de Quer\u00e9taro\",\"isPartOf\":{\"@id\":\"https:\/\/www.nexoinformativo.mx\/#website\"},\"primaryImageOfPage\":{\"@id\":\"https:\/\/www.nexoinformativo.mx\/index.php\/2024\/11\/27\/marco-del-prete-impulsa-la-educacion-ambiental-en-queretaro-y-abre-el-congreso-eas-2024\/#primaryimage\"},\"image\":{\"@id\":\"https:\/\/www.nexoinformativo.mx\/index.php\/2024\/11\/27\/marco-del-prete-impulsa-la-educacion-ambiental-en-queretaro-y-abre-el-congreso-eas-2024\/#primaryimage\"},\"thumbnailUrl\":\"https:\/\/www.nexoinformativo.mx\/wp-content\/uploads\/2024\/11\/PHOTO-2024-11-27-07-23-56-e1732717972744.jpg\",\"datePublished\":\"2024-11-27T13:30:21+00:00\",\"dateModified\":\"2024-11-27T14:33:48+00:00\",\"description\":\"Marco Del Prete impulsa la educaci\u00f3n ambiental en Quer\u00e9taro y abre el Congreso EAS 2024\",\"breadcrumb\":{\"@id\":\"https:\/\/www.nexoinformativo.mx\/index.php\/2024\/11\/27\/marco-del-prete-impulsa-la-educacion-ambiental-en-queretaro-y-abre-el-congreso-eas-2024\/#breadcrumb\"},\"inLanguage\":\"es\",\"potentialAction\":[{\"@type\":\"ReadAction\",\"target\":[\"https:\/\/www.nexoinformativo.mx\/index.php\/2024\/11\/27\/marco-del-prete-impulsa-la-educacion-ambiental-en-queretaro-y-abre-el-congreso-eas-2024\/\"]}]},{\"@type\":\"ImageObject\",\"inLanguage\":\"es\",\"@id\":\"https:\/\/www.nexoinformativo.mx\/index.php\/2024\/11\/27\/marco-del-prete-impulsa-la-educacion-ambiental-en-queretaro-y-abre-el-congreso-eas-2024\/#primaryimage\",\"url\":\"https:\/\/www.nexoinformativo.mx\/wp-content\/uploads\/2024\/11\/PHOTO-2024-11-27-07-23-56-e1732717972744.jpg\",\"contentUrl\":\"https:\/\/www.nexoinformativo.mx\/wp-content\/uploads\/2024\/11\/PHOTO-2024-11-27-07-23-56-e1732717972744.jpg\",\"width\":700,\"height\":466},{\"@type\":\"BreadcrumbList\",\"@id\":\"https:\/\/www.nexoinformativo.mx\/index.php\/2024\/11\/27\/marco-del-prete-impulsa-la-educacion-ambiental-en-queretaro-y-abre-el-congreso-eas-2024\/#breadcrumb\",\"itemListElement\":[{\"@type\":\"ListItem\",\"position\":1,\"name\":\"Inicio\",\"item\":\"https:\/\/www.nexoinformativo.mx\/\"},{\"@type\":\"ListItem\",\"position\":2,\"name\":\"Marco Del Prete impulsa la educaci\u00f3n ambiental en Quer\u00e9taro y abre el Congreso EAS 2024\"}]},{\"@type\":\"WebSite\",\"@id\":\"https:\/\/www.nexoinformativo.mx\/#website\",\"url\":\"https:\/\/www.nexoinformativo.mx\/\",\"name\":\"Nexo Informativo Santiago de Quer\u00e9taro\",\"description\":\"Explora NexoInformativo y convi\u00e9rtete en parte de una comunidad que valora el conocimiento y la verdad. Tu nexoinformativo es tu puente hacia una comprensi\u00f3n m\u00e1s profunda del mundo que te rodea.\",\"publisher\":{\"@id\":\"https:\/\/www.nexoinformativo.mx\/#organization\"},\"potentialAction\":[{\"@type\":\"SearchAction\",\"target\":{\"@type\":\"EntryPoint\",\"urlTemplate\":\"https:\/\/www.nexoinformativo.mx\/?s={search_term_string}\"},\"query-input\":{\"@type\":\"PropertyValueSpecification\",\"valueRequired\":true,\"valueName\":\"search_term_string\"}}],\"inLanguage\":\"es\"},{\"@type\":\"Organization\",\"@id\":\"https:\/\/www.nexoinformativo.mx\/#organization\",\"name\":\"Nexo Informativo Santiago de Quer\u00e9taro\",\"url\":\"https:\/\/www.nexoinformativo.mx\/\",\"logo\":{\"@type\":\"ImageObject\",\"inLanguage\":\"es\",\"@id\":\"https:\/\/www.nexoinformativo.mx\/#\/schema\/logo\/image\/\",\"url\":\"https:\/\/www.nexoinformativo.mx\/wp-content\/uploads\/2024\/07\/nexoi-trasparente-2.png\",\"contentUrl\":\"https:\/\/www.nexoinformativo.mx\/wp-content\/uploads\/2024\/07\/nexoi-trasparente-2.png\",\"width\":816,\"height\":339,\"caption\":\"Nexo Informativo Santiago de Quer\u00e9taro\"},\"image\":{\"@id\":\"https:\/\/www.nexoinformativo.mx\/#\/schema\/logo\/image\/\"},\"sameAs\":[\"https:\/\/www.facebook.com\/people\/Nexo-Informativo\/61564066885511\/\"]},{\"@type\":\"Person\",\"@id\":\"https:\/\/www.nexoinformativo.mx\/#\/schema\/person\/7749d380ba08c8ca00d7bc76fd907b7d\",\"name\":\"Nexo Informativo\",\"image\":{\"@type\":\"ImageObject\",\"inLanguage\":\"es\",\"@id\":\"https:\/\/www.nexoinformativo.mx\/#\/schema\/person\/image\/\",\"url\":\"https:\/\/secure.gravatar.com\/avatar\/dde2928154642a13d95f87ddf1ea9718fe2b46760a005c53e41ff5ad610704e6?s=96&d=mm&r=g\",\"contentUrl\":\"https:\/\/secure.gravatar.com\/avatar\/dde2928154642a13d95f87ddf1ea9718fe2b46760a005c53e41ff5ad610704e6?s=96&d=mm&r=g\",\"caption\":\"Nexo Informativo\"},\"url\":\"https:\/\/www.nexoinformativo.mx\/index.php\/author\/edicion\/\"}]}<\/script>\n<!-- \/ Yoast SEO plugin. -->","yoast_head_json":{"title":"Marco Del Prete impulsa la educaci\u00f3n ambiental en Quer\u00e9taro y abre el Congreso EAS 2024 | Nexo Informativo Santiago de Quer\u00e9taro","description":"Marco Del Prete impulsa la educaci\u00f3n ambiental en Quer\u00e9taro y abre el Congreso EAS 2024","robots":{"index":"index","follow":"follow","max-snippet":"max-snippet:-1","max-image-preview":"max-image-preview:large","max-video-preview":"max-video-preview:-1"},"canonical":"https:\/\/www.nexoinformativo.mx\/index.php\/2024\/11\/27\/marco-del-prete-impulsa-la-educacion-ambiental-en-queretaro-y-abre-el-congreso-eas-2024\/","og_locale":"es_MX","og_type":"article","og_title":"Marco Del Prete impulsa la educaci\u00f3n ambiental en Quer\u00e9taro y abre el Congreso EAS 2024 | Nexo Informativo Santiago de Quer\u00e9taro","og_description":"Marco Del Prete impulsa la educaci\u00f3n ambiental en Quer\u00e9taro y abre el Congreso EAS 2024","og_url":"https:\/\/www.nexoinformativo.mx\/index.php\/2024\/11\/27\/marco-del-prete-impulsa-la-educacion-ambiental-en-queretaro-y-abre-el-congreso-eas-2024\/","og_site_name":"Nexo Informativo Santiago de Quer\u00e9taro","article_publisher":"https:\/\/www.facebook.com\/people\/Nexo-Informativo\/61564066885511\/","article_published_time":"2024-11-27T13:30:21+00:00","article_modified_time":"2024-11-27T14:33:48+00:00","og_image":[{"width":700,"height":466,"url":"https:\/\/www.nexoinformativo.mx\/wp-content\/uploads\/2024\/11\/PHOTO-2024-11-27-07-23-56-e1732717972744.jpg","type":"image\/jpeg"}],"author":"Nexo Informativo","twitter_card":"summary_large_image","twitter_misc":{"Escrito por":"Nexo Informativo","Tiempo de lectura":"2 minutos"},"schema":{"@context":"https:\/\/schema.org","@graph":[{"@type":"Article","@id":"https:\/\/www.nexoinformativo.mx\/index.php\/2024\/11\/27\/marco-del-prete-impulsa-la-educacion-ambiental-en-queretaro-y-abre-el-congreso-eas-2024\/#article","isPartOf":{"@id":"https:\/\/www.nexoinformativo.mx\/index.php\/2024\/11\/27\/marco-del-prete-impulsa-la-educacion-ambiental-en-queretaro-y-abre-el-congreso-eas-2024\/"},"author":{"name":"Nexo Informativo","@id":"https:\/\/www.nexoinformativo.mx\/#\/schema\/person\/7749d380ba08c8ca00d7bc76fd907b7d"},"headline":"Marco Del Prete impulsa la educaci\u00f3n ambiental en Quer\u00e9taro y abre el Congreso EAS 2024","datePublished":"2024-11-27T13:30:21+00:00","dateModified":"2024-11-27T14:33:48+00:00","mainEntityOfPage":{"@id":"https:\/\/www.nexoinformativo.mx\/index.php\/2024\/11\/27\/marco-del-prete-impulsa-la-educacion-ambiental-en-queretaro-y-abre-el-congreso-eas-2024\/"},"wordCount":248,"commentCount":0,"publisher":{"@id":"https:\/\/www.nexoinformativo.mx\/#organization"},"image":{"@id":"https:\/\/www.nexoinformativo.mx\/index.php\/2024\/11\/27\/marco-del-prete-impulsa-la-educacion-ambiental-en-queretaro-y-abre-el-congreso-eas-2024\/#primaryimage"},"thumbnailUrl":"https:\/\/www.nexoinformativo.mx\/wp-content\/uploads\/2024\/11\/PHOTO-2024-11-27-07-23-56-e1732717972744.jpg","keywords":["EAS2024","educaciongambiental","J\u00f3venesPorElAmbiente","Quer\u00e9taroSostenible"],"articleSection":["Municipios","\u00daltima Hora"],"inLanguage":"es","potentialAction":[{"@type":"CommentAction","name":"Comment","target":["https:\/\/www.nexoinformativo.mx\/index.php\/2024\/11\/27\/marco-del-prete-impulsa-la-educacion-ambiental-en-queretaro-y-abre-el-congreso-eas-2024\/#respond"]}]},{"@type":"WebPage","@id":"https:\/\/www.nexoinformativo.mx\/index.php\/2024\/11\/27\/marco-del-prete-impulsa-la-educacion-ambiental-en-queretaro-y-abre-el-congreso-eas-2024\/","url":"https:\/\/www.nexoinformativo.mx\/index.php\/2024\/11\/27\/marco-del-prete-impulsa-la-educacion-ambiental-en-queretaro-y-abre-el-congreso-eas-2024\/","name":"Marco Del Prete impulsa la educaci\u00f3n ambiental en Quer\u00e9taro y abre el Congreso EAS 2024 | Nexo Informativo Santiago de Quer\u00e9taro","isPartOf":{"@id":"https:\/\/www.nexoinformativo.mx\/#website"},"primaryImageOfPage":{"@id":"https:\/\/www.nexoinformativo.mx\/index.php\/2024\/11\/27\/marco-del-prete-impulsa-la-educacion-ambiental-en-queretaro-y-abre-el-congreso-eas-2024\/#primaryimage"},"image":{"@id":"https:\/\/www.nexoinformativo.mx\/index.php\/2024\/11\/27\/marco-del-prete-impulsa-la-educacion-ambiental-en-queretaro-y-abre-el-congreso-eas-2024\/#primaryimage"},"thumbnailUrl":"https:\/\/www.nexoinformativo.mx\/wp-content\/uploads\/2024\/11\/PHOTO-2024-11-27-07-23-56-e1732717972744.jpg","datePublished":"2024-11-27T13:30:21+00:00","dateModified":"2024-11-27T14:33:48+00:00","description":"Marco Del Prete impulsa la educaci\u00f3n ambiental en Quer\u00e9taro y abre el Congreso EAS 2024","breadcrumb":{"@id":"https:\/\/www.nexoinformativo.mx\/index.php\/2024\/11\/27\/marco-del-prete-impulsa-la-educacion-ambiental-en-queretaro-y-abre-el-congreso-eas-2024\/#breadcrumb"},"inLanguage":"es","potentialAction":[{"@type":"ReadAction","target":["https:\/\/www.nexoinformativo.mx\/index.php\/2024\/11\/27\/marco-del-prete-impulsa-la-educacion-ambiental-en-queretaro-y-abre-el-congreso-eas-2024\/"]}]},{"@type":"ImageObject","inLanguage":"es","@id":"https:\/\/www.nexoinformativo.mx\/index.php\/2024\/11\/27\/marco-del-prete-impulsa-la-educacion-ambiental-en-queretaro-y-abre-el-congreso-eas-2024\/#primaryimage","url":"https:\/\/www.nexoinformativo.mx\/wp-content\/uploads\/2024\/11\/PHOTO-2024-11-27-07-23-56-e1732717972744.jpg","contentUrl":"https:\/\/www.nexoinformativo.mx\/wp-content\/uploads\/2024\/11\/PHOTO-2024-11-27-07-23-56-e1732717972744.jpg","width":700,"height":466},{"@type":"BreadcrumbList","@id":"https:\/\/www.nexoinformativo.mx\/index.php\/2024\/11\/27\/marco-del-prete-impulsa-la-educacion-ambiental-en-queretaro-y-abre-el-congreso-eas-2024\/#breadcrumb","itemListElement":[{"@type":"ListItem","position":1,"name":"Inicio","item":"https:\/\/www.nexoinformativo.mx\/"},{"@type":"ListItem","position":2,"name":"Marco Del Prete impulsa la educaci\u00f3n ambiental en Quer\u00e9taro y abre el Congreso EAS 2024"}]},{"@type":"WebSite","@id":"https:\/\/www.nexoinformativo.mx\/#website","url":"https:\/\/www.nexoinformativo.mx\/","name":"Nexo Informativo Santiago de Quer\u00e9taro","description":"Explora NexoInformativo y convi\u00e9rtete en parte de una comunidad que valora el conocimiento y la verdad. Tu nexoinformativo es tu puente hacia una comprensi\u00f3n m\u00e1s profunda del mundo que te rodea.","publisher":{"@id":"https:\/\/www.nexoinformativo.mx\/#organization"},"potentialAction":[{"@type":"SearchAction","target":{"@type":"EntryPoint","urlTemplate":"https:\/\/www.nexoinformativo.mx\/?s={search_term_string}"},"query-input":{"@type":"PropertyValueSpecification","valueRequired":true,"valueName":"search_term_string"}}],"inLanguage":"es"},{"@type":"Organization","@id":"https:\/\/www.nexoinformativo.mx\/#organization","name":"Nexo Informativo Santiago de Quer\u00e9taro","url":"https:\/\/www.nexoinformativo.mx\/","logo":{"@type":"ImageObject","inLanguage":"es","@id":"https:\/\/www.nexoinformativo.mx\/#\/schema\/logo\/image\/","url":"https:\/\/www.nexoinformativo.mx\/wp-content\/uploads\/2024\/07\/nexoi-trasparente-2.png","contentUrl":"https:\/\/www.nexoinformativo.mx\/wp-content\/uploads\/2024\/07\/nexoi-trasparente-2.png","width":816,"height":339,"caption":"Nexo Informativo Santiago de Quer\u00e9taro"},"image":{"@id":"https:\/\/www.nexoinformativo.mx\/#\/schema\/logo\/image\/"},"sameAs":["https:\/\/www.facebook.com\/people\/Nexo-Informativo\/61564066885511\/"]},{"@type":"Person","@id":"https:\/\/www.nexoinformativo.mx\/#\/schema\/person\/7749d380ba08c8ca00d7bc76fd907b7d","name":"Nexo Informativo","image":{"@type":"ImageObject","inLanguage":"es","@id":"https:\/\/www.nexoinformativo.mx\/#\/schema\/person\/image\/","url":"https:\/\/secure.gravatar.com\/avatar\/dde2928154642a13d95f87ddf1ea9718fe2b46760a005c53e41ff5ad610704e6?s=96&d=mm&r=g","contentUrl":"https:\/\/secure.gravatar.com\/avatar\/dde2928154642a13d95f87ddf1ea9718fe2b46760a005c53e41ff5ad610704e6?s=96&d=mm&r=g","caption":"Nexo Informativo"},"url":"https:\/\/www.nexoinformativo.mx\/index.php\/author\/edicion\/"}]}},"_links":{"self":[{"href":"https:\/\/www.nexoinformativo.mx\/index.php\/wp-json\/wp\/v2\/posts\/7073","targetHints":{"allow":["GET"]}}],"collection":[{"href":"https:\/\/www.nexoinformativo.mx\/index.php\/wp-json\/wp\/v2\/posts"}],"about":[{"href":"https:\/\/www.nexoinformativo.mx\/index.php\/wp-json\/wp\/v2\/types\/post"}],"author":[{"embeddable":true,"href":"https:\/\/www.nexoinformativo.mx\/index.php\/wp-json\/wp\/v2\/users\/3"}],"replies":[{"embeddable":true,"href":"https:\/\/www.nexoinformativo.mx\/index.php\/wp-json\/wp\/v2\/comments?post=7073"}],"version-history":[{"count":3,"href":"https:\/\/www.nexoinformativo.mx\/index.php\/wp-json\/wp\/v2\/posts\/7073\/revisions"}],"predecessor-version":[{"id":7077,"href":"https:\/\/www.nexoinformativo.mx\/index.php\/wp-json\/wp\/v2\/posts\/7073\/revisions\/7077"}],"wp:featuredmedia":[{"embeddable":true,"href":"https:\/\/www.nexoinformativo.mx\/index.php\/wp-json\/wp\/v2\/media\/7074"}],"wp:attachment":[{"href":"https:\/\/www.nexoinformativo.mx\/index.php\/wp-json\/wp\/v2\/media?parent=7073"}],"wp:term":[{"taxonomy":"category","embeddable":true,"href":"https:\/\/www.nexoinformativo.mx\/index.php\/wp-json\/wp\/v2\/categories?post=7073"},{"taxonomy":"post_tag","embeddable":true,"href":"https:\/\/www.nexoinformativo.mx\/index.php\/wp-json\/wp\/v2\/tags?post=7073"}],"curies":[{"name":"wp","href":"https:\/\/api.w.org\/{rel}","templated":true}]}}