{"id":7078,"date":"2024-11-27T06:45:02","date_gmt":"2024-11-27T12:45:02","guid":{"rendered":"https:\/\/www.nexoinformativo.mx\/?p=7078"},"modified":"2024-11-27T10:47:55","modified_gmt":"2024-11-27T16:47:55","slug":"felifer-macias-fortalece-la-seguridad-en-queretaro-con-nuevos-nombramientos-en-la-sspm","status":"publish","type":"post","link":"https:\/\/www.nexoinformativo.mx\/index.php\/2024\/11\/27\/felifer-macias-fortalece-la-seguridad-en-queretaro-con-nuevos-nombramientos-en-la-sspm\/","title":{"rendered":"Felifer Mac\u00edas fortalece la seguridad en Quer\u00e9taro con nuevos nombramientos en la SSPM"},"content":{"rendered":"<p style=\"text-align: justify;\" data-sourcepos=\"9:1-9:277\">El presidente municipal de Quer\u00e9taro, Felipe Fernando Mac\u00edas, anunci\u00f3 una serie de nombramientos clave dentro de la <strong>Secretar\u00eda de Seguridad P\u00fablica Municipal (SSPM)<\/strong> con el objetivo de reforzar la seguridad y tranquilidad de las familias queretanas.<\/p>\n<p>&nbsp;<\/p>\n<p style=\"text-align: justify;\" data-sourcepos=\"11:1-11:290\">A trav\u00e9s de sus redes sociales, Mac\u00edas Olvera dio a conocer que Juan Jos\u00e9 G\u00f3mez Meza asumir\u00e1 la direcci\u00f3n de la Guardia Municipal, Ulises Rangel Palacios se encargar\u00e1 de la Coordinaci\u00f3n de Seguridad Preventiva y Jes\u00fas Adri\u00e1n Seguedo G\u00f3mez liderar\u00e1 el Centro de Atenci\u00f3n a Emergencias 9-1-1.<\/p>\n<p>&nbsp;<\/p>\n<p style=\"text-align: justify;\" data-sourcepos=\"13:1-13:283\">Estos cambios forman parte del plan de trabajo de la administraci\u00f3n municipal para fortalecer la instituci\u00f3n policial y garantizar la seguridad de los ciudadanos. <strong>&#8220;La prioridad de esta administraci\u00f3n es tu seguridad, tu tranquilidad y la de tu familia&#8221;<\/strong>, asegur\u00f3 el alcalde.<\/p>\n<p>&nbsp;<\/p>\n<p style=\"text-align: justify;\" data-sourcepos=\"15:1-15:254\">Con estos nuevos nombramientos, el gobierno municipal busca consolidar la estrategia de seguridad <strong>&#8220;Plan Orden&#8221;<\/strong>, que tiene como objetivo prevenir y combatir la delincuencia, as\u00ed como brindar una mayor atenci\u00f3n a las necesidades de la ciudadan\u00eda.<\/p>\n<p>&nbsp;<\/p>\n<p style=\"text-align: center;\" data-sourcepos=\"15:1-15:254\"><em><strong>\u00a1Informaci\u00f3n que transforma!<\/strong><\/em><\/p>\n","protected":false},"excerpt":{"rendered":"<p>El presidente municipal de Quer\u00e9taro, Felipe Fernando Mac\u00edas, anunci\u00f3 una serie de nombramientos clave dentro de la Secretar\u00eda de Seguridad P\u00fablica Municipal (SSPM) con el objetivo de reforzar la seguridad y tranquilidad de las familias queretanas.<\/p>\n","protected":false},"author":3,"featured_media":7079,"comment_status":"open","ping_status":"open","sticky":false,"template":"","format":"standard","meta":{"footnotes":""},"categories":[65,58],"tags":[2385,1634,266,2386],"class_list":["post-7078","post","type-post","status-publish","format-standard","has-post-thumbnail","hentry","category-municipios","category-ultima-hora","tag-nuevosnombramientos","tag-planorden","tag-seguridadqueretaro","tag-sspm"],"yoast_head":"<!-- This site is optimized with the Yoast SEO plugin v25.0 - https:\/\/yoast.com\/wordpress\/plugins\/seo\/ -->\n<title>Felifer Mac\u00edas fortalece la seguridad en Quer\u00e9taro con nuevos nombramientos en la SSPM | Nexo Informativo Santiago de Quer\u00e9taro<\/title>\n<meta name=\"description\" content=\"Felifer Mac\u00edas fortalece la seguridad en Quer\u00e9taro con nuevos nombramientos en la SSPM\" \/>\n<meta name=\"robots\" content=\"index, follow, max-snippet:-1, max-image-preview:large, max-video-preview:-1\" \/>\n<link rel=\"canonical\" href=\"https:\/\/www.nexoinformativo.mx\/index.php\/2024\/11\/27\/felifer-macias-fortalece-la-seguridad-en-queretaro-con-nuevos-nombramientos-en-la-sspm\/\" \/>\n<meta property=\"og:locale\" content=\"es_MX\" \/>\n<meta property=\"og:type\" content=\"article\" \/>\n<meta property=\"og:title\" content=\"Felifer Mac\u00edas fortalece la seguridad en Quer\u00e9taro con nuevos nombramientos en la SSPM | Nexo Informativo Santiago de Quer\u00e9taro\" \/>\n<meta property=\"og:description\" content=\"Felifer Mac\u00edas fortalece la seguridad en Quer\u00e9taro con nuevos nombramientos en la SSPM\" \/>\n<meta property=\"og:url\" content=\"https:\/\/www.nexoinformativo.mx\/index.php\/2024\/11\/27\/felifer-macias-fortalece-la-seguridad-en-queretaro-con-nuevos-nombramientos-en-la-sspm\/\" \/>\n<meta property=\"og:site_name\" content=\"Nexo Informativo Santiago de Quer\u00e9taro\" \/>\n<meta property=\"article:publisher\" content=\"https:\/\/www.facebook.com\/people\/Nexo-Informativo\/61564066885511\/\" \/>\n<meta property=\"article:published_time\" content=\"2024-11-27T12:45:02+00:00\" \/>\n<meta property=\"article:modified_time\" content=\"2024-11-27T16:47:55+00:00\" \/>\n<meta property=\"og:image\" content=\"https:\/\/www.nexoinformativo.mx\/wp-content\/uploads\/2024\/11\/IMG_8195-e1732718256799.jpg\" \/>\n\t<meta property=\"og:image:width\" content=\"750\" \/>\n\t<meta property=\"og:image:height\" content=\"500\" \/>\n\t<meta property=\"og:image:type\" content=\"image\/jpeg\" \/>\n<meta name=\"author\" content=\"Nexo Informativo\" \/>\n<meta name=\"twitter:card\" content=\"summary_large_image\" \/>\n<meta name=\"twitter:label1\" content=\"Escrito por\" \/>\n\t<meta name=\"twitter:data1\" content=\"Nexo Informativo\" \/>\n\t<meta name=\"twitter:label2\" content=\"Tiempo de lectura\" \/>\n\t<meta name=\"twitter:data2\" content=\"1 minuto\" \/>\n<script type=\"application\/ld+json\" class=\"yoast-schema-graph\">{\"@context\":\"https:\/\/schema.org\",\"@graph\":[{\"@type\":\"Article\",\"@id\":\"https:\/\/www.nexoinformativo.mx\/index.php\/2024\/11\/27\/felifer-macias-fortalece-la-seguridad-en-queretaro-con-nuevos-nombramientos-en-la-sspm\/#article\",\"isPartOf\":{\"@id\":\"https:\/\/www.nexoinformativo.mx\/index.php\/2024\/11\/27\/felifer-macias-fortalece-la-seguridad-en-queretaro-con-nuevos-nombramientos-en-la-sspm\/\"},\"author\":{\"name\":\"Nexo Informativo\",\"@id\":\"https:\/\/www.nexoinformativo.mx\/#\/schema\/person\/7749d380ba08c8ca00d7bc76fd907b7d\"},\"headline\":\"Felifer Mac\u00edas fortalece la seguridad en Quer\u00e9taro con nuevos nombramientos en la SSPM\",\"datePublished\":\"2024-11-27T12:45:02+00:00\",\"dateModified\":\"2024-11-27T16:47:55+00:00\",\"mainEntityOfPage\":{\"@id\":\"https:\/\/www.nexoinformativo.mx\/index.php\/2024\/11\/27\/felifer-macias-fortalece-la-seguridad-en-queretaro-con-nuevos-nombramientos-en-la-sspm\/\"},\"wordCount\":203,\"commentCount\":0,\"publisher\":{\"@id\":\"https:\/\/www.nexoinformativo.mx\/#organization\"},\"image\":{\"@id\":\"https:\/\/www.nexoinformativo.mx\/index.php\/2024\/11\/27\/felifer-macias-fortalece-la-seguridad-en-queretaro-con-nuevos-nombramientos-en-la-sspm\/#primaryimage\"},\"thumbnailUrl\":\"https:\/\/www.nexoinformativo.mx\/wp-content\/uploads\/2024\/11\/IMG_8195-e1732718256799.jpg\",\"keywords\":[\"NuevosNombramientos\",\"PlanOrden\",\"SeguridadQueretaro\",\"SSPM\"],\"articleSection\":[\"Municipios\",\"\u00daltima Hora\"],\"inLanguage\":\"es\",\"potentialAction\":[{\"@type\":\"CommentAction\",\"name\":\"Comment\",\"target\":[\"https:\/\/www.nexoinformativo.mx\/index.php\/2024\/11\/27\/felifer-macias-fortalece-la-seguridad-en-queretaro-con-nuevos-nombramientos-en-la-sspm\/#respond\"]}]},{\"@type\":\"WebPage\",\"@id\":\"https:\/\/www.nexoinformativo.mx\/index.php\/2024\/11\/27\/felifer-macias-fortalece-la-seguridad-en-queretaro-con-nuevos-nombramientos-en-la-sspm\/\",\"url\":\"https:\/\/www.nexoinformativo.mx\/index.php\/2024\/11\/27\/felifer-macias-fortalece-la-seguridad-en-queretaro-con-nuevos-nombramientos-en-la-sspm\/\",\"name\":\"Felifer Mac\u00edas fortalece la seguridad en Quer\u00e9taro con nuevos nombramientos en la SSPM | Nexo Informativo Santiago de Quer\u00e9taro\",\"isPartOf\":{\"@id\":\"https:\/\/www.nexoinformativo.mx\/#website\"},\"primaryImageOfPage\":{\"@id\":\"https:\/\/www.nexoinformativo.mx\/index.php\/2024\/11\/27\/felifer-macias-fortalece-la-seguridad-en-queretaro-con-nuevos-nombramientos-en-la-sspm\/#primaryimage\"},\"image\":{\"@id\":\"https:\/\/www.nexoinformativo.mx\/index.php\/2024\/11\/27\/felifer-macias-fortalece-la-seguridad-en-queretaro-con-nuevos-nombramientos-en-la-sspm\/#primaryimage\"},\"thumbnailUrl\":\"https:\/\/www.nexoinformativo.mx\/wp-content\/uploads\/2024\/11\/IMG_8195-e1732718256799.jpg\",\"datePublished\":\"2024-11-27T12:45:02+00:00\",\"dateModified\":\"2024-11-27T16:47:55+00:00\",\"description\":\"Felifer Mac\u00edas fortalece la seguridad en Quer\u00e9taro con nuevos nombramientos en la SSPM\",\"breadcrumb\":{\"@id\":\"https:\/\/www.nexoinformativo.mx\/index.php\/2024\/11\/27\/felifer-macias-fortalece-la-seguridad-en-queretaro-con-nuevos-nombramientos-en-la-sspm\/#breadcrumb\"},\"inLanguage\":\"es\",\"potentialAction\":[{\"@type\":\"ReadAction\",\"target\":[\"https:\/\/www.nexoinformativo.mx\/index.php\/2024\/11\/27\/felifer-macias-fortalece-la-seguridad-en-queretaro-con-nuevos-nombramientos-en-la-sspm\/\"]}]},{\"@type\":\"ImageObject\",\"inLanguage\":\"es\",\"@id\":\"https:\/\/www.nexoinformativo.mx\/index.php\/2024\/11\/27\/felifer-macias-fortalece-la-seguridad-en-queretaro-con-nuevos-nombramientos-en-la-sspm\/#primaryimage\",\"url\":\"https:\/\/www.nexoinformativo.mx\/wp-content\/uploads\/2024\/11\/IMG_8195-e1732718256799.jpg\",\"contentUrl\":\"https:\/\/www.nexoinformativo.mx\/wp-content\/uploads\/2024\/11\/IMG_8195-e1732718256799.jpg\",\"width\":750,\"height\":500},{\"@type\":\"BreadcrumbList\",\"@id\":\"https:\/\/www.nexoinformativo.mx\/index.php\/2024\/11\/27\/felifer-macias-fortalece-la-seguridad-en-queretaro-con-nuevos-nombramientos-en-la-sspm\/#breadcrumb\",\"itemListElement\":[{\"@type\":\"ListItem\",\"position\":1,\"name\":\"Inicio\",\"item\":\"https:\/\/www.nexoinformativo.mx\/\"},{\"@type\":\"ListItem\",\"position\":2,\"name\":\"Felifer Mac\u00edas fortalece la seguridad en Quer\u00e9taro con nuevos nombramientos en la SSPM\"}]},{\"@type\":\"WebSite\",\"@id\":\"https:\/\/www.nexoinformativo.mx\/#website\",\"url\":\"https:\/\/www.nexoinformativo.mx\/\",\"name\":\"Nexo Informativo Santiago de Quer\u00e9taro\",\"description\":\"Explora NexoInformativo y convi\u00e9rtete en parte de una comunidad que valora el conocimiento y la verdad. Tu nexoinformativo es tu puente hacia una comprensi\u00f3n m\u00e1s profunda del mundo que te rodea.\",\"publisher\":{\"@id\":\"https:\/\/www.nexoinformativo.mx\/#organization\"},\"potentialAction\":[{\"@type\":\"SearchAction\",\"target\":{\"@type\":\"EntryPoint\",\"urlTemplate\":\"https:\/\/www.nexoinformativo.mx\/?s={search_term_string}\"},\"query-input\":{\"@type\":\"PropertyValueSpecification\",\"valueRequired\":true,\"valueName\":\"search_term_string\"}}],\"inLanguage\":\"es\"},{\"@type\":\"Organization\",\"@id\":\"https:\/\/www.nexoinformativo.mx\/#organization\",\"name\":\"Nexo Informativo Santiago de Quer\u00e9taro\",\"url\":\"https:\/\/www.nexoinformativo.mx\/\",\"logo\":{\"@type\":\"ImageObject\",\"inLanguage\":\"es\",\"@id\":\"https:\/\/www.nexoinformativo.mx\/#\/schema\/logo\/image\/\",\"url\":\"https:\/\/www.nexoinformativo.mx\/wp-content\/uploads\/2024\/07\/nexoi-trasparente-2.png\",\"contentUrl\":\"https:\/\/www.nexoinformativo.mx\/wp-content\/uploads\/2024\/07\/nexoi-trasparente-2.png\",\"width\":816,\"height\":339,\"caption\":\"Nexo Informativo Santiago de Quer\u00e9taro\"},\"image\":{\"@id\":\"https:\/\/www.nexoinformativo.mx\/#\/schema\/logo\/image\/\"},\"sameAs\":[\"https:\/\/www.facebook.com\/people\/Nexo-Informativo\/61564066885511\/\"]},{\"@type\":\"Person\",\"@id\":\"https:\/\/www.nexoinformativo.mx\/#\/schema\/person\/7749d380ba08c8ca00d7bc76fd907b7d\",\"name\":\"Nexo Informativo\",\"image\":{\"@type\":\"ImageObject\",\"inLanguage\":\"es\",\"@id\":\"https:\/\/www.nexoinformativo.mx\/#\/schema\/person\/image\/\",\"url\":\"https:\/\/secure.gravatar.com\/avatar\/dde2928154642a13d95f87ddf1ea9718fe2b46760a005c53e41ff5ad610704e6?s=96&d=mm&r=g\",\"contentUrl\":\"https:\/\/secure.gravatar.com\/avatar\/dde2928154642a13d95f87ddf1ea9718fe2b46760a005c53e41ff5ad610704e6?s=96&d=mm&r=g\",\"caption\":\"Nexo Informativo\"},\"url\":\"https:\/\/www.nexoinformativo.mx\/index.php\/author\/edicion\/\"}]}<\/script>\n<!-- \/ Yoast SEO plugin. -->","yoast_head_json":{"title":"Felifer Mac\u00edas fortalece la seguridad en Quer\u00e9taro con nuevos nombramientos en la SSPM | Nexo Informativo Santiago de Quer\u00e9taro","description":"Felifer Mac\u00edas fortalece la seguridad en Quer\u00e9taro con nuevos nombramientos en la SSPM","robots":{"index":"index","follow":"follow","max-snippet":"max-snippet:-1","max-image-preview":"max-image-preview:large","max-video-preview":"max-video-preview:-1"},"canonical":"https:\/\/www.nexoinformativo.mx\/index.php\/2024\/11\/27\/felifer-macias-fortalece-la-seguridad-en-queretaro-con-nuevos-nombramientos-en-la-sspm\/","og_locale":"es_MX","og_type":"article","og_title":"Felifer Mac\u00edas fortalece la seguridad en Quer\u00e9taro con nuevos nombramientos en la SSPM | Nexo Informativo Santiago de Quer\u00e9taro","og_description":"Felifer Mac\u00edas fortalece la seguridad en Quer\u00e9taro con nuevos nombramientos en la SSPM","og_url":"https:\/\/www.nexoinformativo.mx\/index.php\/2024\/11\/27\/felifer-macias-fortalece-la-seguridad-en-queretaro-con-nuevos-nombramientos-en-la-sspm\/","og_site_name":"Nexo Informativo Santiago de Quer\u00e9taro","article_publisher":"https:\/\/www.facebook.com\/people\/Nexo-Informativo\/61564066885511\/","article_published_time":"2024-11-27T12:45:02+00:00","article_modified_time":"2024-11-27T16:47:55+00:00","og_image":[{"width":750,"height":500,"url":"https:\/\/www.nexoinformativo.mx\/wp-content\/uploads\/2024\/11\/IMG_8195-e1732718256799.jpg","type":"image\/jpeg"}],"author":"Nexo Informativo","twitter_card":"summary_large_image","twitter_misc":{"Escrito por":"Nexo Informativo","Tiempo de lectura":"1 minuto"},"schema":{"@context":"https:\/\/schema.org","@graph":[{"@type":"Article","@id":"https:\/\/www.nexoinformativo.mx\/index.php\/2024\/11\/27\/felifer-macias-fortalece-la-seguridad-en-queretaro-con-nuevos-nombramientos-en-la-sspm\/#article","isPartOf":{"@id":"https:\/\/www.nexoinformativo.mx\/index.php\/2024\/11\/27\/felifer-macias-fortalece-la-seguridad-en-queretaro-con-nuevos-nombramientos-en-la-sspm\/"},"author":{"name":"Nexo Informativo","@id":"https:\/\/www.nexoinformativo.mx\/#\/schema\/person\/7749d380ba08c8ca00d7bc76fd907b7d"},"headline":"Felifer Mac\u00edas fortalece la seguridad en Quer\u00e9taro con nuevos nombramientos en la SSPM","datePublished":"2024-11-27T12:45:02+00:00","dateModified":"2024-11-27T16:47:55+00:00","mainEntityOfPage":{"@id":"https:\/\/www.nexoinformativo.mx\/index.php\/2024\/11\/27\/felifer-macias-fortalece-la-seguridad-en-queretaro-con-nuevos-nombramientos-en-la-sspm\/"},"wordCount":203,"commentCount":0,"publisher":{"@id":"https:\/\/www.nexoinformativo.mx\/#organization"},"image":{"@id":"https:\/\/www.nexoinformativo.mx\/index.php\/2024\/11\/27\/felifer-macias-fortalece-la-seguridad-en-queretaro-con-nuevos-nombramientos-en-la-sspm\/#primaryimage"},"thumbnailUrl":"https:\/\/www.nexoinformativo.mx\/wp-content\/uploads\/2024\/11\/IMG_8195-e1732718256799.jpg","keywords":["NuevosNombramientos","PlanOrden","SeguridadQueretaro","SSPM"],"articleSection":["Municipios","\u00daltima Hora"],"inLanguage":"es","potentialAction":[{"@type":"CommentAction","name":"Comment","target":["https:\/\/www.nexoinformativo.mx\/index.php\/2024\/11\/27\/felifer-macias-fortalece-la-seguridad-en-queretaro-con-nuevos-nombramientos-en-la-sspm\/#respond"]}]},{"@type":"WebPage","@id":"https:\/\/www.nexoinformativo.mx\/index.php\/2024\/11\/27\/felifer-macias-fortalece-la-seguridad-en-queretaro-con-nuevos-nombramientos-en-la-sspm\/","url":"https:\/\/www.nexoinformativo.mx\/index.php\/2024\/11\/27\/felifer-macias-fortalece-la-seguridad-en-queretaro-con-nuevos-nombramientos-en-la-sspm\/","name":"Felifer Mac\u00edas fortalece la seguridad en Quer\u00e9taro con nuevos nombramientos en la SSPM | Nexo Informativo Santiago de Quer\u00e9taro","isPartOf":{"@id":"https:\/\/www.nexoinformativo.mx\/#website"},"primaryImageOfPage":{"@id":"https:\/\/www.nexoinformativo.mx\/index.php\/2024\/11\/27\/felifer-macias-fortalece-la-seguridad-en-queretaro-con-nuevos-nombramientos-en-la-sspm\/#primaryimage"},"image":{"@id":"https:\/\/www.nexoinformativo.mx\/index.php\/2024\/11\/27\/felifer-macias-fortalece-la-seguridad-en-queretaro-con-nuevos-nombramientos-en-la-sspm\/#primaryimage"},"thumbnailUrl":"https:\/\/www.nexoinformativo.mx\/wp-content\/uploads\/2024\/11\/IMG_8195-e1732718256799.jpg","datePublished":"2024-11-27T12:45:02+00:00","dateModified":"2024-11-27T16:47:55+00:00","description":"Felifer Mac\u00edas fortalece la seguridad en Quer\u00e9taro con nuevos nombramientos en la SSPM","breadcrumb":{"@id":"https:\/\/www.nexoinformativo.mx\/index.php\/2024\/11\/27\/felifer-macias-fortalece-la-seguridad-en-queretaro-con-nuevos-nombramientos-en-la-sspm\/#breadcrumb"},"inLanguage":"es","potentialAction":[{"@type":"ReadAction","target":["https:\/\/www.nexoinformativo.mx\/index.php\/2024\/11\/27\/felifer-macias-fortalece-la-seguridad-en-queretaro-con-nuevos-nombramientos-en-la-sspm\/"]}]},{"@type":"ImageObject","inLanguage":"es","@id":"https:\/\/www.nexoinformativo.mx\/index.php\/2024\/11\/27\/felifer-macias-fortalece-la-seguridad-en-queretaro-con-nuevos-nombramientos-en-la-sspm\/#primaryimage","url":"https:\/\/www.nexoinformativo.mx\/wp-content\/uploads\/2024\/11\/IMG_8195-e1732718256799.jpg","contentUrl":"https:\/\/www.nexoinformativo.mx\/wp-content\/uploads\/2024\/11\/IMG_8195-e1732718256799.jpg","width":750,"height":500},{"@type":"BreadcrumbList","@id":"https:\/\/www.nexoinformativo.mx\/index.php\/2024\/11\/27\/felifer-macias-fortalece-la-seguridad-en-queretaro-con-nuevos-nombramientos-en-la-sspm\/#breadcrumb","itemListElement":[{"@type":"ListItem","position":1,"name":"Inicio","item":"https:\/\/www.nexoinformativo.mx\/"},{"@type":"ListItem","position":2,"name":"Felifer Mac\u00edas fortalece la seguridad en Quer\u00e9taro con nuevos nombramientos en la SSPM"}]},{"@type":"WebSite","@id":"https:\/\/www.nexoinformativo.mx\/#website","url":"https:\/\/www.nexoinformativo.mx\/","name":"Nexo Informativo Santiago de Quer\u00e9taro","description":"Explora NexoInformativo y convi\u00e9rtete en parte de una comunidad que valora el conocimiento y la verdad. Tu nexoinformativo es tu puente hacia una comprensi\u00f3n m\u00e1s profunda del mundo que te rodea.","publisher":{"@id":"https:\/\/www.nexoinformativo.mx\/#organization"},"potentialAction":[{"@type":"SearchAction","target":{"@type":"EntryPoint","urlTemplate":"https:\/\/www.nexoinformativo.mx\/?s={search_term_string}"},"query-input":{"@type":"PropertyValueSpecification","valueRequired":true,"valueName":"search_term_string"}}],"inLanguage":"es"},{"@type":"Organization","@id":"https:\/\/www.nexoinformativo.mx\/#organization","name":"Nexo Informativo Santiago de Quer\u00e9taro","url":"https:\/\/www.nexoinformativo.mx\/","logo":{"@type":"ImageObject","inLanguage":"es","@id":"https:\/\/www.nexoinformativo.mx\/#\/schema\/logo\/image\/","url":"https:\/\/www.nexoinformativo.mx\/wp-content\/uploads\/2024\/07\/nexoi-trasparente-2.png","contentUrl":"https:\/\/www.nexoinformativo.mx\/wp-content\/uploads\/2024\/07\/nexoi-trasparente-2.png","width":816,"height":339,"caption":"Nexo Informativo Santiago de Quer\u00e9taro"},"image":{"@id":"https:\/\/www.nexoinformativo.mx\/#\/schema\/logo\/image\/"},"sameAs":["https:\/\/www.facebook.com\/people\/Nexo-Informativo\/61564066885511\/"]},{"@type":"Person","@id":"https:\/\/www.nexoinformativo.mx\/#\/schema\/person\/7749d380ba08c8ca00d7bc76fd907b7d","name":"Nexo Informativo","image":{"@type":"ImageObject","inLanguage":"es","@id":"https:\/\/www.nexoinformativo.mx\/#\/schema\/person\/image\/","url":"https:\/\/secure.gravatar.com\/avatar\/dde2928154642a13d95f87ddf1ea9718fe2b46760a005c53e41ff5ad610704e6?s=96&d=mm&r=g","contentUrl":"https:\/\/secure.gravatar.com\/avatar\/dde2928154642a13d95f87ddf1ea9718fe2b46760a005c53e41ff5ad610704e6?s=96&d=mm&r=g","caption":"Nexo Informativo"},"url":"https:\/\/www.nexoinformativo.mx\/index.php\/author\/edicion\/"}]}},"_links":{"self":[{"href":"https:\/\/www.nexoinformativo.mx\/index.php\/wp-json\/wp\/v2\/posts\/7078","targetHints":{"allow":["GET"]}}],"collection":[{"href":"https:\/\/www.nexoinformativo.mx\/index.php\/wp-json\/wp\/v2\/posts"}],"about":[{"href":"https:\/\/www.nexoinformativo.mx\/index.php\/wp-json\/wp\/v2\/types\/post"}],"author":[{"embeddable":true,"href":"https:\/\/www.nexoinformativo.mx\/index.php\/wp-json\/wp\/v2\/users\/3"}],"replies":[{"embeddable":true,"href":"https:\/\/www.nexoinformativo.mx\/index.php\/wp-json\/wp\/v2\/comments?post=7078"}],"version-history":[{"count":2,"href":"https:\/\/www.nexoinformativo.mx\/index.php\/wp-json\/wp\/v2\/posts\/7078\/revisions"}],"predecessor-version":[{"id":7081,"href":"https:\/\/www.nexoinformativo.mx\/index.php\/wp-json\/wp\/v2\/posts\/7078\/revisions\/7081"}],"wp:featuredmedia":[{"embeddable":true,"href":"https:\/\/www.nexoinformativo.mx\/index.php\/wp-json\/wp\/v2\/media\/7079"}],"wp:attachment":[{"href":"https:\/\/www.nexoinformativo.mx\/index.php\/wp-json\/wp\/v2\/media?parent=7078"}],"wp:term":[{"taxonomy":"category","embeddable":true,"href":"https:\/\/www.nexoinformativo.mx\/index.php\/wp-json\/wp\/v2\/categories?post=7078"},{"taxonomy":"post_tag","embeddable":true,"href":"https:\/\/www.nexoinformativo.mx\/index.php\/wp-json\/wp\/v2\/tags?post=7078"}],"curies":[{"name":"wp","href":"https:\/\/api.w.org\/{rel}","templated":true}]}}