{"id":7088,"date":"2024-11-27T08:30:32","date_gmt":"2024-11-27T14:30:32","guid":{"rendered":"https:\/\/www.nexoinformativo.mx\/?p=7088"},"modified":"2024-11-27T08:50:32","modified_gmt":"2024-11-27T14:50:32","slug":"sheinbaum-impulsa-una-transformacion-historica-en-el-sistema-de-salud-de-mexico-mas-justo-y-accesible","status":"publish","type":"post","link":"https:\/\/www.nexoinformativo.mx\/index.php\/2024\/11\/27\/sheinbaum-impulsa-una-transformacion-historica-en-el-sistema-de-salud-de-mexico-mas-justo-y-accesible\/","title":{"rendered":"Sheinbaum impulsa una transformaci\u00f3n hist\u00f3rica en el sistema de salud de M\u00e9xico m\u00e1s justo y accesible"},"content":{"rendered":"<p style=\"text-align: justify;\" data-sourcepos=\"9:1-9:243\">El gobierno de M\u00e9xico, encabezado por la presidenta Claudia Sheinbaum, present\u00f3 importantes avances en el sector salud que buscan garantizar el acceso a medicamentos de calidad y fortalecer la atenci\u00f3n primaria.<\/p>\n<p>&nbsp;<\/p>\n<p style=\"text-align: justify;\" data-sourcepos=\"11:1-11:341\">Uno de los anuncios m\u00e1s destacados fue el inicio del proceso de adjudicaci\u00f3n de medicamentos de fuente \u00fanica y patente como parte de la compra consolidada 2025-2026. Esta iniciativa, que involucra a 27 instituciones de salud, tiene como objetivo asegurar el abasto de medicamentos a precios m\u00e1s justos y transparentar los procesos de compra.<\/p>\n<p>&nbsp;<\/p>\n<p style=\"text-align: justify;\" data-sourcepos=\"13:1-13:236\">Adem\u00e1s, se dio a conocer el lanzamiento de la plataforma <strong>&#8220;Receta Completa&#8221;<\/strong>, una herramienta digital que permitir\u00e1 mejorar la distribuci\u00f3n de medicamentos y garantizar que los pacientes reciban todos los medicamentos recetados.<\/p>\n<p>&nbsp;<\/p>\n<p style=\"text-align: justify;\" data-sourcepos=\"15:1-15:359\">Otro aspecto relevante es la implementaci\u00f3n de la campa\u00f1a de <strong>Atenci\u00f3n Primaria en Investigaci\u00f3n para la Salud Metab\u00f3lica<\/strong>, que busca reducir la incidencia de enfermedades cr\u00f3nicas como la diabetes, hipertensi\u00f3n y obesidad. A trav\u00e9s de esta campa\u00f1a, se brindar\u00e1 seguimiento a medio mill\u00f3n de personas con factores de riesgo para identificar medidas preventivas.<\/p>\n<p>&nbsp;<\/p>\n<p style=\"text-align: justify;\" data-sourcepos=\"17:1-17:171\">Asimismo, se inform\u00f3 sobre los avances en la nacionalizaci\u00f3n de equipos de hemodinamia, lo que permitir\u00e1 mejorar la atenci\u00f3n a pacientes con enfermedades cardiovasculares.<\/p>\n<p>&nbsp;<\/p>\n<p style=\"text-align: justify;\" data-sourcepos=\"19:1-19:188\">Por \u00faltimo, se destac\u00f3 el \u00e9xito del programa <strong>&#8220;La Cl\u00ednica es Nuestra&#8221;<\/strong>, que ha permitido mejorar la infraestructura y el equipamiento de miles de unidades de salud en todo el pa\u00eds.<\/p>\n<p>&nbsp;<\/p>\n<p style=\"text-align: justify;\" data-sourcepos=\"21:1-21:163\">Con estas acciones, el gobierno de M\u00e9xico demuestra su compromiso con la salud de la poblaci\u00f3n y avanza hacia un sistema de salud m\u00e1s justo y accesible para todos.<\/p>\n<p>&nbsp;<\/p>\n<p style=\"text-align: center;\" data-sourcepos=\"21:1-21:163\"><em><strong>\u00a1Informaci\u00f3n que transforma!<\/strong><\/em><\/p>\n","protected":false},"excerpt":{"rendered":"<p>El gobierno de M\u00e9xico, encabezado por la presidenta Claudia Sheinbaum, present\u00f3 importantes avances en el sector salud que buscan garantizar el acceso a medicamentos de calidad y fortalecer la atenci\u00f3n primaria.<\/p>\n","protected":false},"author":3,"featured_media":7089,"comment_status":"open","ping_status":"open","sticky":false,"template":"","format":"standard","meta":{"footnotes":""},"categories":[88,58],"tags":[1798,2391,2390,1079],"class_list":["post-7088","post","type-post","status-publish","format-standard","has-post-thumbnail","hentry","category-nacional","category-ultima-hora","tag-compraconsolidada","tag-mananeras","tag-medicamentosaccesibles","tag-saludparatodos"],"yoast_head":"<!-- This site is optimized with the Yoast SEO plugin v25.0 - https:\/\/yoast.com\/wordpress\/plugins\/seo\/ -->\n<title>Sheinbaum impulsa una transformaci\u00f3n hist\u00f3rica en el sistema de salud de M\u00e9xico m\u00e1s justo y accesible | Nexo Informativo Santiago de Quer\u00e9taro<\/title>\n<meta name=\"description\" content=\"Sheinbaum impulsa una transformaci\u00f3n hist\u00f3rica en el sistema de salud de M\u00e9xico m\u00e1s justo y accesible\" \/>\n<meta name=\"robots\" content=\"index, follow, max-snippet:-1, max-image-preview:large, max-video-preview:-1\" \/>\n<link rel=\"canonical\" href=\"https:\/\/www.nexoinformativo.mx\/index.php\/2024\/11\/27\/sheinbaum-impulsa-una-transformacion-historica-en-el-sistema-de-salud-de-mexico-mas-justo-y-accesible\/\" \/>\n<meta property=\"og:locale\" content=\"es_MX\" \/>\n<meta property=\"og:type\" content=\"article\" \/>\n<meta property=\"og:title\" content=\"Sheinbaum impulsa una transformaci\u00f3n hist\u00f3rica en el sistema de salud de M\u00e9xico m\u00e1s justo y accesible | Nexo Informativo Santiago de Quer\u00e9taro\" \/>\n<meta property=\"og:description\" content=\"Sheinbaum impulsa una transformaci\u00f3n hist\u00f3rica en el sistema de salud de M\u00e9xico m\u00e1s justo y accesible\" \/>\n<meta property=\"og:url\" content=\"https:\/\/www.nexoinformativo.mx\/index.php\/2024\/11\/27\/sheinbaum-impulsa-una-transformacion-historica-en-el-sistema-de-salud-de-mexico-mas-justo-y-accesible\/\" \/>\n<meta property=\"og:site_name\" content=\"Nexo Informativo Santiago de Quer\u00e9taro\" \/>\n<meta property=\"article:publisher\" content=\"https:\/\/www.facebook.com\/people\/Nexo-Informativo\/61564066885511\/\" \/>\n<meta property=\"article:published_time\" content=\"2024-11-27T14:30:32+00:00\" \/>\n<meta property=\"article:modified_time\" content=\"2024-11-27T14:50:32+00:00\" \/>\n<meta property=\"og:image\" content=\"https:\/\/www.nexoinformativo.mx\/wp-content\/uploads\/2024\/11\/IMG_8209.jpg\" \/>\n\t<meta property=\"og:image:width\" content=\"650\" \/>\n\t<meta property=\"og:image:height\" content=\"380\" \/>\n\t<meta property=\"og:image:type\" content=\"image\/jpeg\" \/>\n<meta name=\"author\" content=\"Nexo Informativo\" \/>\n<meta name=\"twitter:card\" content=\"summary_large_image\" \/>\n<meta name=\"twitter:label1\" content=\"Escrito por\" \/>\n\t<meta name=\"twitter:data1\" content=\"Nexo Informativo\" \/>\n\t<meta name=\"twitter:label2\" content=\"Tiempo de lectura\" \/>\n\t<meta name=\"twitter:data2\" content=\"2 minutos\" \/>\n<script type=\"application\/ld+json\" class=\"yoast-schema-graph\">{\"@context\":\"https:\/\/schema.org\",\"@graph\":[{\"@type\":\"Article\",\"@id\":\"https:\/\/www.nexoinformativo.mx\/index.php\/2024\/11\/27\/sheinbaum-impulsa-una-transformacion-historica-en-el-sistema-de-salud-de-mexico-mas-justo-y-accesible\/#article\",\"isPartOf\":{\"@id\":\"https:\/\/www.nexoinformativo.mx\/index.php\/2024\/11\/27\/sheinbaum-impulsa-una-transformacion-historica-en-el-sistema-de-salud-de-mexico-mas-justo-y-accesible\/\"},\"author\":{\"name\":\"Nexo Informativo\",\"@id\":\"https:\/\/www.nexoinformativo.mx\/#\/schema\/person\/7749d380ba08c8ca00d7bc76fd907b7d\"},\"headline\":\"Sheinbaum impulsa una transformaci\u00f3n hist\u00f3rica en el sistema de salud de M\u00e9xico m\u00e1s justo y accesible\",\"datePublished\":\"2024-11-27T14:30:32+00:00\",\"dateModified\":\"2024-11-27T14:50:32+00:00\",\"mainEntityOfPage\":{\"@id\":\"https:\/\/www.nexoinformativo.mx\/index.php\/2024\/11\/27\/sheinbaum-impulsa-una-transformacion-historica-en-el-sistema-de-salud-de-mexico-mas-justo-y-accesible\/\"},\"wordCount\":308,\"commentCount\":0,\"publisher\":{\"@id\":\"https:\/\/www.nexoinformativo.mx\/#organization\"},\"image\":{\"@id\":\"https:\/\/www.nexoinformativo.mx\/index.php\/2024\/11\/27\/sheinbaum-impulsa-una-transformacion-historica-en-el-sistema-de-salud-de-mexico-mas-justo-y-accesible\/#primaryimage\"},\"thumbnailUrl\":\"https:\/\/www.nexoinformativo.mx\/wp-content\/uploads\/2024\/11\/IMG_8209.jpg\",\"keywords\":[\"CompraConsolidada\",\"Ma\u00f1aneras\",\"MedicamentosAccesibles\",\"SaludParaTodos\"],\"articleSection\":[\"Nacional\",\"\u00daltima Hora\"],\"inLanguage\":\"es\",\"potentialAction\":[{\"@type\":\"CommentAction\",\"name\":\"Comment\",\"target\":[\"https:\/\/www.nexoinformativo.mx\/index.php\/2024\/11\/27\/sheinbaum-impulsa-una-transformacion-historica-en-el-sistema-de-salud-de-mexico-mas-justo-y-accesible\/#respond\"]}]},{\"@type\":\"WebPage\",\"@id\":\"https:\/\/www.nexoinformativo.mx\/index.php\/2024\/11\/27\/sheinbaum-impulsa-una-transformacion-historica-en-el-sistema-de-salud-de-mexico-mas-justo-y-accesible\/\",\"url\":\"https:\/\/www.nexoinformativo.mx\/index.php\/2024\/11\/27\/sheinbaum-impulsa-una-transformacion-historica-en-el-sistema-de-salud-de-mexico-mas-justo-y-accesible\/\",\"name\":\"Sheinbaum impulsa una transformaci\u00f3n hist\u00f3rica en el sistema de salud de M\u00e9xico m\u00e1s justo y accesible | Nexo Informativo Santiago de Quer\u00e9taro\",\"isPartOf\":{\"@id\":\"https:\/\/www.nexoinformativo.mx\/#website\"},\"primaryImageOfPage\":{\"@id\":\"https:\/\/www.nexoinformativo.mx\/index.php\/2024\/11\/27\/sheinbaum-impulsa-una-transformacion-historica-en-el-sistema-de-salud-de-mexico-mas-justo-y-accesible\/#primaryimage\"},\"image\":{\"@id\":\"https:\/\/www.nexoinformativo.mx\/index.php\/2024\/11\/27\/sheinbaum-impulsa-una-transformacion-historica-en-el-sistema-de-salud-de-mexico-mas-justo-y-accesible\/#primaryimage\"},\"thumbnailUrl\":\"https:\/\/www.nexoinformativo.mx\/wp-content\/uploads\/2024\/11\/IMG_8209.jpg\",\"datePublished\":\"2024-11-27T14:30:32+00:00\",\"dateModified\":\"2024-11-27T14:50:32+00:00\",\"description\":\"Sheinbaum impulsa una transformaci\u00f3n hist\u00f3rica en el sistema de salud de M\u00e9xico m\u00e1s justo y accesible\",\"breadcrumb\":{\"@id\":\"https:\/\/www.nexoinformativo.mx\/index.php\/2024\/11\/27\/sheinbaum-impulsa-una-transformacion-historica-en-el-sistema-de-salud-de-mexico-mas-justo-y-accesible\/#breadcrumb\"},\"inLanguage\":\"es\",\"potentialAction\":[{\"@type\":\"ReadAction\",\"target\":[\"https:\/\/www.nexoinformativo.mx\/index.php\/2024\/11\/27\/sheinbaum-impulsa-una-transformacion-historica-en-el-sistema-de-salud-de-mexico-mas-justo-y-accesible\/\"]}]},{\"@type\":\"ImageObject\",\"inLanguage\":\"es\",\"@id\":\"https:\/\/www.nexoinformativo.mx\/index.php\/2024\/11\/27\/sheinbaum-impulsa-una-transformacion-historica-en-el-sistema-de-salud-de-mexico-mas-justo-y-accesible\/#primaryimage\",\"url\":\"https:\/\/www.nexoinformativo.mx\/wp-content\/uploads\/2024\/11\/IMG_8209.jpg\",\"contentUrl\":\"https:\/\/www.nexoinformativo.mx\/wp-content\/uploads\/2024\/11\/IMG_8209.jpg\",\"width\":650,\"height\":380},{\"@type\":\"BreadcrumbList\",\"@id\":\"https:\/\/www.nexoinformativo.mx\/index.php\/2024\/11\/27\/sheinbaum-impulsa-una-transformacion-historica-en-el-sistema-de-salud-de-mexico-mas-justo-y-accesible\/#breadcrumb\",\"itemListElement\":[{\"@type\":\"ListItem\",\"position\":1,\"name\":\"Inicio\",\"item\":\"https:\/\/www.nexoinformativo.mx\/\"},{\"@type\":\"ListItem\",\"position\":2,\"name\":\"Sheinbaum impulsa una transformaci\u00f3n hist\u00f3rica en el sistema de salud de M\u00e9xico m\u00e1s justo y accesible\"}]},{\"@type\":\"WebSite\",\"@id\":\"https:\/\/www.nexoinformativo.mx\/#website\",\"url\":\"https:\/\/www.nexoinformativo.mx\/\",\"name\":\"Nexo Informativo Santiago de Quer\u00e9taro\",\"description\":\"Explora NexoInformativo y convi\u00e9rtete en parte de una comunidad que valora el conocimiento y la verdad. Tu nexoinformativo es tu puente hacia una comprensi\u00f3n m\u00e1s profunda del mundo que te rodea.\",\"publisher\":{\"@id\":\"https:\/\/www.nexoinformativo.mx\/#organization\"},\"potentialAction\":[{\"@type\":\"SearchAction\",\"target\":{\"@type\":\"EntryPoint\",\"urlTemplate\":\"https:\/\/www.nexoinformativo.mx\/?s={search_term_string}\"},\"query-input\":{\"@type\":\"PropertyValueSpecification\",\"valueRequired\":true,\"valueName\":\"search_term_string\"}}],\"inLanguage\":\"es\"},{\"@type\":\"Organization\",\"@id\":\"https:\/\/www.nexoinformativo.mx\/#organization\",\"name\":\"Nexo Informativo Santiago de Quer\u00e9taro\",\"url\":\"https:\/\/www.nexoinformativo.mx\/\",\"logo\":{\"@type\":\"ImageObject\",\"inLanguage\":\"es\",\"@id\":\"https:\/\/www.nexoinformativo.mx\/#\/schema\/logo\/image\/\",\"url\":\"https:\/\/www.nexoinformativo.mx\/wp-content\/uploads\/2024\/07\/nexoi-trasparente-2.png\",\"contentUrl\":\"https:\/\/www.nexoinformativo.mx\/wp-content\/uploads\/2024\/07\/nexoi-trasparente-2.png\",\"width\":816,\"height\":339,\"caption\":\"Nexo Informativo Santiago de Quer\u00e9taro\"},\"image\":{\"@id\":\"https:\/\/www.nexoinformativo.mx\/#\/schema\/logo\/image\/\"},\"sameAs\":[\"https:\/\/www.facebook.com\/people\/Nexo-Informativo\/61564066885511\/\"]},{\"@type\":\"Person\",\"@id\":\"https:\/\/www.nexoinformativo.mx\/#\/schema\/person\/7749d380ba08c8ca00d7bc76fd907b7d\",\"name\":\"Nexo Informativo\",\"image\":{\"@type\":\"ImageObject\",\"inLanguage\":\"es\",\"@id\":\"https:\/\/www.nexoinformativo.mx\/#\/schema\/person\/image\/\",\"url\":\"https:\/\/secure.gravatar.com\/avatar\/dde2928154642a13d95f87ddf1ea9718fe2b46760a005c53e41ff5ad610704e6?s=96&d=mm&r=g\",\"contentUrl\":\"https:\/\/secure.gravatar.com\/avatar\/dde2928154642a13d95f87ddf1ea9718fe2b46760a005c53e41ff5ad610704e6?s=96&d=mm&r=g\",\"caption\":\"Nexo Informativo\"},\"url\":\"https:\/\/www.nexoinformativo.mx\/index.php\/author\/edicion\/\"}]}<\/script>\n<!-- \/ Yoast SEO plugin. -->","yoast_head_json":{"title":"Sheinbaum impulsa una transformaci\u00f3n hist\u00f3rica en el sistema de salud de M\u00e9xico m\u00e1s justo y accesible | Nexo Informativo Santiago de Quer\u00e9taro","description":"Sheinbaum impulsa una transformaci\u00f3n hist\u00f3rica en el sistema de salud de M\u00e9xico m\u00e1s justo y accesible","robots":{"index":"index","follow":"follow","max-snippet":"max-snippet:-1","max-image-preview":"max-image-preview:large","max-video-preview":"max-video-preview:-1"},"canonical":"https:\/\/www.nexoinformativo.mx\/index.php\/2024\/11\/27\/sheinbaum-impulsa-una-transformacion-historica-en-el-sistema-de-salud-de-mexico-mas-justo-y-accesible\/","og_locale":"es_MX","og_type":"article","og_title":"Sheinbaum impulsa una transformaci\u00f3n hist\u00f3rica en el sistema de salud de M\u00e9xico m\u00e1s justo y accesible | Nexo Informativo Santiago de Quer\u00e9taro","og_description":"Sheinbaum impulsa una transformaci\u00f3n hist\u00f3rica en el sistema de salud de M\u00e9xico m\u00e1s justo y accesible","og_url":"https:\/\/www.nexoinformativo.mx\/index.php\/2024\/11\/27\/sheinbaum-impulsa-una-transformacion-historica-en-el-sistema-de-salud-de-mexico-mas-justo-y-accesible\/","og_site_name":"Nexo Informativo Santiago de Quer\u00e9taro","article_publisher":"https:\/\/www.facebook.com\/people\/Nexo-Informativo\/61564066885511\/","article_published_time":"2024-11-27T14:30:32+00:00","article_modified_time":"2024-11-27T14:50:32+00:00","og_image":[{"width":650,"height":380,"url":"https:\/\/www.nexoinformativo.mx\/wp-content\/uploads\/2024\/11\/IMG_8209.jpg","type":"image\/jpeg"}],"author":"Nexo Informativo","twitter_card":"summary_large_image","twitter_misc":{"Escrito por":"Nexo Informativo","Tiempo de lectura":"2 minutos"},"schema":{"@context":"https:\/\/schema.org","@graph":[{"@type":"Article","@id":"https:\/\/www.nexoinformativo.mx\/index.php\/2024\/11\/27\/sheinbaum-impulsa-una-transformacion-historica-en-el-sistema-de-salud-de-mexico-mas-justo-y-accesible\/#article","isPartOf":{"@id":"https:\/\/www.nexoinformativo.mx\/index.php\/2024\/11\/27\/sheinbaum-impulsa-una-transformacion-historica-en-el-sistema-de-salud-de-mexico-mas-justo-y-accesible\/"},"author":{"name":"Nexo Informativo","@id":"https:\/\/www.nexoinformativo.mx\/#\/schema\/person\/7749d380ba08c8ca00d7bc76fd907b7d"},"headline":"Sheinbaum impulsa una transformaci\u00f3n hist\u00f3rica en el sistema de salud de M\u00e9xico m\u00e1s justo y accesible","datePublished":"2024-11-27T14:30:32+00:00","dateModified":"2024-11-27T14:50:32+00:00","mainEntityOfPage":{"@id":"https:\/\/www.nexoinformativo.mx\/index.php\/2024\/11\/27\/sheinbaum-impulsa-una-transformacion-historica-en-el-sistema-de-salud-de-mexico-mas-justo-y-accesible\/"},"wordCount":308,"commentCount":0,"publisher":{"@id":"https:\/\/www.nexoinformativo.mx\/#organization"},"image":{"@id":"https:\/\/www.nexoinformativo.mx\/index.php\/2024\/11\/27\/sheinbaum-impulsa-una-transformacion-historica-en-el-sistema-de-salud-de-mexico-mas-justo-y-accesible\/#primaryimage"},"thumbnailUrl":"https:\/\/www.nexoinformativo.mx\/wp-content\/uploads\/2024\/11\/IMG_8209.jpg","keywords":["CompraConsolidada","Ma\u00f1aneras","MedicamentosAccesibles","SaludParaTodos"],"articleSection":["Nacional","\u00daltima Hora"],"inLanguage":"es","potentialAction":[{"@type":"CommentAction","name":"Comment","target":["https:\/\/www.nexoinformativo.mx\/index.php\/2024\/11\/27\/sheinbaum-impulsa-una-transformacion-historica-en-el-sistema-de-salud-de-mexico-mas-justo-y-accesible\/#respond"]}]},{"@type":"WebPage","@id":"https:\/\/www.nexoinformativo.mx\/index.php\/2024\/11\/27\/sheinbaum-impulsa-una-transformacion-historica-en-el-sistema-de-salud-de-mexico-mas-justo-y-accesible\/","url":"https:\/\/www.nexoinformativo.mx\/index.php\/2024\/11\/27\/sheinbaum-impulsa-una-transformacion-historica-en-el-sistema-de-salud-de-mexico-mas-justo-y-accesible\/","name":"Sheinbaum impulsa una transformaci\u00f3n hist\u00f3rica en el sistema de salud de M\u00e9xico m\u00e1s justo y accesible | Nexo Informativo Santiago de Quer\u00e9taro","isPartOf":{"@id":"https:\/\/www.nexoinformativo.mx\/#website"},"primaryImageOfPage":{"@id":"https:\/\/www.nexoinformativo.mx\/index.php\/2024\/11\/27\/sheinbaum-impulsa-una-transformacion-historica-en-el-sistema-de-salud-de-mexico-mas-justo-y-accesible\/#primaryimage"},"image":{"@id":"https:\/\/www.nexoinformativo.mx\/index.php\/2024\/11\/27\/sheinbaum-impulsa-una-transformacion-historica-en-el-sistema-de-salud-de-mexico-mas-justo-y-accesible\/#primaryimage"},"thumbnailUrl":"https:\/\/www.nexoinformativo.mx\/wp-content\/uploads\/2024\/11\/IMG_8209.jpg","datePublished":"2024-11-27T14:30:32+00:00","dateModified":"2024-11-27T14:50:32+00:00","description":"Sheinbaum impulsa una transformaci\u00f3n hist\u00f3rica en el sistema de salud de M\u00e9xico m\u00e1s justo y accesible","breadcrumb":{"@id":"https:\/\/www.nexoinformativo.mx\/index.php\/2024\/11\/27\/sheinbaum-impulsa-una-transformacion-historica-en-el-sistema-de-salud-de-mexico-mas-justo-y-accesible\/#breadcrumb"},"inLanguage":"es","potentialAction":[{"@type":"ReadAction","target":["https:\/\/www.nexoinformativo.mx\/index.php\/2024\/11\/27\/sheinbaum-impulsa-una-transformacion-historica-en-el-sistema-de-salud-de-mexico-mas-justo-y-accesible\/"]}]},{"@type":"ImageObject","inLanguage":"es","@id":"https:\/\/www.nexoinformativo.mx\/index.php\/2024\/11\/27\/sheinbaum-impulsa-una-transformacion-historica-en-el-sistema-de-salud-de-mexico-mas-justo-y-accesible\/#primaryimage","url":"https:\/\/www.nexoinformativo.mx\/wp-content\/uploads\/2024\/11\/IMG_8209.jpg","contentUrl":"https:\/\/www.nexoinformativo.mx\/wp-content\/uploads\/2024\/11\/IMG_8209.jpg","width":650,"height":380},{"@type":"BreadcrumbList","@id":"https:\/\/www.nexoinformativo.mx\/index.php\/2024\/11\/27\/sheinbaum-impulsa-una-transformacion-historica-en-el-sistema-de-salud-de-mexico-mas-justo-y-accesible\/#breadcrumb","itemListElement":[{"@type":"ListItem","position":1,"name":"Inicio","item":"https:\/\/www.nexoinformativo.mx\/"},{"@type":"ListItem","position":2,"name":"Sheinbaum impulsa una transformaci\u00f3n hist\u00f3rica en el sistema de salud de M\u00e9xico m\u00e1s justo y accesible"}]},{"@type":"WebSite","@id":"https:\/\/www.nexoinformativo.mx\/#website","url":"https:\/\/www.nexoinformativo.mx\/","name":"Nexo Informativo Santiago de Quer\u00e9taro","description":"Explora NexoInformativo y convi\u00e9rtete en parte de una comunidad que valora el conocimiento y la verdad. Tu nexoinformativo es tu puente hacia una comprensi\u00f3n m\u00e1s profunda del mundo que te rodea.","publisher":{"@id":"https:\/\/www.nexoinformativo.mx\/#organization"},"potentialAction":[{"@type":"SearchAction","target":{"@type":"EntryPoint","urlTemplate":"https:\/\/www.nexoinformativo.mx\/?s={search_term_string}"},"query-input":{"@type":"PropertyValueSpecification","valueRequired":true,"valueName":"search_term_string"}}],"inLanguage":"es"},{"@type":"Organization","@id":"https:\/\/www.nexoinformativo.mx\/#organization","name":"Nexo Informativo Santiago de Quer\u00e9taro","url":"https:\/\/www.nexoinformativo.mx\/","logo":{"@type":"ImageObject","inLanguage":"es","@id":"https:\/\/www.nexoinformativo.mx\/#\/schema\/logo\/image\/","url":"https:\/\/www.nexoinformativo.mx\/wp-content\/uploads\/2024\/07\/nexoi-trasparente-2.png","contentUrl":"https:\/\/www.nexoinformativo.mx\/wp-content\/uploads\/2024\/07\/nexoi-trasparente-2.png","width":816,"height":339,"caption":"Nexo Informativo Santiago de Quer\u00e9taro"},"image":{"@id":"https:\/\/www.nexoinformativo.mx\/#\/schema\/logo\/image\/"},"sameAs":["https:\/\/www.facebook.com\/people\/Nexo-Informativo\/61564066885511\/"]},{"@type":"Person","@id":"https:\/\/www.nexoinformativo.mx\/#\/schema\/person\/7749d380ba08c8ca00d7bc76fd907b7d","name":"Nexo Informativo","image":{"@type":"ImageObject","inLanguage":"es","@id":"https:\/\/www.nexoinformativo.mx\/#\/schema\/person\/image\/","url":"https:\/\/secure.gravatar.com\/avatar\/dde2928154642a13d95f87ddf1ea9718fe2b46760a005c53e41ff5ad610704e6?s=96&d=mm&r=g","contentUrl":"https:\/\/secure.gravatar.com\/avatar\/dde2928154642a13d95f87ddf1ea9718fe2b46760a005c53e41ff5ad610704e6?s=96&d=mm&r=g","caption":"Nexo Informativo"},"url":"https:\/\/www.nexoinformativo.mx\/index.php\/author\/edicion\/"}]}},"_links":{"self":[{"href":"https:\/\/www.nexoinformativo.mx\/index.php\/wp-json\/wp\/v2\/posts\/7088","targetHints":{"allow":["GET"]}}],"collection":[{"href":"https:\/\/www.nexoinformativo.mx\/index.php\/wp-json\/wp\/v2\/posts"}],"about":[{"href":"https:\/\/www.nexoinformativo.mx\/index.php\/wp-json\/wp\/v2\/types\/post"}],"author":[{"embeddable":true,"href":"https:\/\/www.nexoinformativo.mx\/index.php\/wp-json\/wp\/v2\/users\/3"}],"replies":[{"embeddable":true,"href":"https:\/\/www.nexoinformativo.mx\/index.php\/wp-json\/wp\/v2\/comments?post=7088"}],"version-history":[{"count":3,"href":"https:\/\/www.nexoinformativo.mx\/index.php\/wp-json\/wp\/v2\/posts\/7088\/revisions"}],"predecessor-version":[{"id":7092,"href":"https:\/\/www.nexoinformativo.mx\/index.php\/wp-json\/wp\/v2\/posts\/7088\/revisions\/7092"}],"wp:featuredmedia":[{"embeddable":true,"href":"https:\/\/www.nexoinformativo.mx\/index.php\/wp-json\/wp\/v2\/media\/7089"}],"wp:attachment":[{"href":"https:\/\/www.nexoinformativo.mx\/index.php\/wp-json\/wp\/v2\/media?parent=7088"}],"wp:term":[{"taxonomy":"category","embeddable":true,"href":"https:\/\/www.nexoinformativo.mx\/index.php\/wp-json\/wp\/v2\/categories?post=7088"},{"taxonomy":"post_tag","embeddable":true,"href":"https:\/\/www.nexoinformativo.mx\/index.php\/wp-json\/wp\/v2\/tags?post=7088"}],"curies":[{"name":"wp","href":"https:\/\/api.w.org\/{rel}","templated":true}]}}