{"id":7093,"date":"2024-11-27T11:00:41","date_gmt":"2024-11-27T17:00:41","guid":{"rendered":"https:\/\/www.nexoinformativo.mx\/?p=7093"},"modified":"2024-11-27T12:04:08","modified_gmt":"2024-11-27T18:04:08","slug":"queretaro-se-perfila-como-la-nueva-casa-de-cruz-azul-la-proxima-temporada","status":"publish","type":"post","link":"https:\/\/www.nexoinformativo.mx\/index.php\/2024\/11\/27\/queretaro-se-perfila-como-la-nueva-casa-de-cruz-azul-la-proxima-temporada\/","title":{"rendered":"Quer\u00e9taro se perfila como la nueva casa de Cruz Azul la pr\u00f3xima temporada"},"content":{"rendered":"<p style=\"text-align: justify;\" data-sourcepos=\"9:1-9:305\">La M\u00e1quina Celeste podr\u00eda tener un nuevo hogar. El gobierno de Quer\u00e9taro, a trav\u00e9s del Oficial Mayor, Mario Ram\u00edrez, ha extendido una invitaci\u00f3n formal al equipo de Cruz Azul para que dispute sus partidos como local en el Estadio La Corregidora durante la pr\u00f3xima temporada.<\/p>\n<p>&nbsp;<\/p>\n<p style=\"text-align: justify;\" data-sourcepos=\"11:1-11:317\">La propuesta surge ante la remodelaci\u00f3n del Estadio Azteca, actual sede de Cruz Azul, de cara a la Copa del Mundo. El contrato del equipo con el Estadio Azul, tambi\u00e9n conocido como Ciudad de los Deportes, finaliza en diciembre, lo que abre una ventana de oportunidad para que los cementeros encuentren una nueva casa.<\/p>\n<p>&nbsp;<\/p>\n<p style=\"text-align: justify;\" data-sourcepos=\"13:1-13:325\"><strong>&#8220;Hemos estado en conversaciones con Cruz Azul y tambi\u00e9n con Am\u00e9rica, pero hasta el momento ellos han decidido jugar en Puebla por la cercan\u00eda. Sin embargo, seguiremos insistiendo porque consideramos que traer un equipo de la talla de Cruz Azul ser\u00eda un gran beneficio para los queretanos&#8221;<\/strong>, asegur\u00f3 Mario Ram\u00edrez.<\/p>\n<p>&nbsp;<\/p>\n<p style=\"text-align: justify;\" data-sourcepos=\"15:1-15:210\">El funcionario estatal destac\u00f3 que el Estadio La Corregidora cuenta con la infraestructura necesaria para albergar partidos de la Liga MX y que su ubicaci\u00f3n estrat\u00e9gica facilitar\u00eda el acceso de los aficionados.<\/p>\n<p>&nbsp;<\/p>\n<p style=\"text-align: justify;\" data-sourcepos=\"17:1-17:174\">La posibilidad de que Cruz Azul juegue en Quer\u00e9taro ha generado gran expectativa entre los aficionados al futbol en la entidad, quienes esperan que se concrete este acuerdo.<\/p>\n<p>&nbsp;<\/p>\n<p style=\"text-align: center;\" data-sourcepos=\"17:1-17:174\"><em><strong>\u00a1Informaci\u00f3n que transforma!<\/strong><\/em><\/p>\n","protected":false},"excerpt":{"rendered":"<p>La M\u00e1quina Celeste podr\u00eda tener un nuevo hogar. El gobierno de Quer\u00e9taro, a trav\u00e9s del Oficial Mayor, Mario Ram\u00edrez, ha extendido una invitaci\u00f3n formal al equipo de Cruz Azul para que dispute sus partidos como local en el Estadio La Corregidora durante la pr\u00f3xima temporada.<\/p>\n","protected":false},"author":3,"featured_media":7094,"comment_status":"open","ping_status":"open","sticky":false,"template":"","format":"standard","meta":{"footnotes":""},"categories":[50,58],"tags":[2392,2394,2393,133],"class_list":["post-7093","post","type-post","status-publish","format-standard","has-post-thumbnail","hentry","category-espectaculos","category-ultima-hora","tag-cruzazul","tag-futbolmexicano","tag-lacorregidora","tag-queretaro"],"yoast_head":"<!-- This site is optimized with the Yoast SEO plugin v25.0 - https:\/\/yoast.com\/wordpress\/plugins\/seo\/ -->\n<title>Quer\u00e9taro se perfila como la nueva casa de Cruz Azul la pr\u00f3xima temporada | Nexo Informativo Santiago de Quer\u00e9taro<\/title>\n<meta name=\"description\" content=\"Quer\u00e9taro se perfila como la nueva casa de Cruz Azul la pr\u00f3xima temporada\" \/>\n<meta name=\"robots\" content=\"index, follow, max-snippet:-1, max-image-preview:large, max-video-preview:-1\" \/>\n<link rel=\"canonical\" href=\"https:\/\/www.nexoinformativo.mx\/index.php\/2024\/11\/27\/queretaro-se-perfila-como-la-nueva-casa-de-cruz-azul-la-proxima-temporada\/\" \/>\n<meta property=\"og:locale\" content=\"es_MX\" \/>\n<meta property=\"og:type\" content=\"article\" \/>\n<meta property=\"og:title\" content=\"Quer\u00e9taro se perfila como la nueva casa de Cruz Azul la pr\u00f3xima temporada | Nexo Informativo Santiago de Quer\u00e9taro\" \/>\n<meta property=\"og:description\" content=\"Quer\u00e9taro se perfila como la nueva casa de Cruz Azul la pr\u00f3xima temporada\" \/>\n<meta property=\"og:url\" content=\"https:\/\/www.nexoinformativo.mx\/index.php\/2024\/11\/27\/queretaro-se-perfila-como-la-nueva-casa-de-cruz-azul-la-proxima-temporada\/\" \/>\n<meta property=\"og:site_name\" content=\"Nexo Informativo Santiago de Quer\u00e9taro\" \/>\n<meta property=\"article:publisher\" content=\"https:\/\/www.facebook.com\/people\/Nexo-Informativo\/61564066885511\/\" \/>\n<meta property=\"article:published_time\" content=\"2024-11-27T17:00:41+00:00\" \/>\n<meta property=\"article:modified_time\" content=\"2024-11-27T18:04:08+00:00\" \/>\n<meta property=\"og:image\" content=\"https:\/\/www.nexoinformativo.mx\/wp-content\/uploads\/2024\/11\/PHOTO-2024-11-27-11-34-47-e1732730604395.jpg\" \/>\n\t<meta property=\"og:image:width\" content=\"700\" \/>\n\t<meta property=\"og:image:height\" content=\"527\" \/>\n\t<meta property=\"og:image:type\" content=\"image\/jpeg\" \/>\n<meta name=\"author\" content=\"Nexo Informativo\" \/>\n<meta name=\"twitter:card\" content=\"summary_large_image\" \/>\n<meta name=\"twitter:label1\" content=\"Escrito por\" \/>\n\t<meta name=\"twitter:data1\" content=\"Nexo Informativo\" \/>\n\t<meta name=\"twitter:label2\" content=\"Tiempo de lectura\" \/>\n\t<meta name=\"twitter:data2\" content=\"2 minutos\" \/>\n<script type=\"application\/ld+json\" class=\"yoast-schema-graph\">{\"@context\":\"https:\/\/schema.org\",\"@graph\":[{\"@type\":\"Article\",\"@id\":\"https:\/\/www.nexoinformativo.mx\/index.php\/2024\/11\/27\/queretaro-se-perfila-como-la-nueva-casa-de-cruz-azul-la-proxima-temporada\/#article\",\"isPartOf\":{\"@id\":\"https:\/\/www.nexoinformativo.mx\/index.php\/2024\/11\/27\/queretaro-se-perfila-como-la-nueva-casa-de-cruz-azul-la-proxima-temporada\/\"},\"author\":{\"name\":\"Nexo Informativo\",\"@id\":\"https:\/\/www.nexoinformativo.mx\/#\/schema\/person\/7749d380ba08c8ca00d7bc76fd907b7d\"},\"headline\":\"Quer\u00e9taro se perfila como la nueva casa de Cruz Azul la pr\u00f3xima temporada\",\"datePublished\":\"2024-11-27T17:00:41+00:00\",\"dateModified\":\"2024-11-27T18:04:08+00:00\",\"mainEntityOfPage\":{\"@id\":\"https:\/\/www.nexoinformativo.mx\/index.php\/2024\/11\/27\/queretaro-se-perfila-como-la-nueva-casa-de-cruz-azul-la-proxima-temporada\/\"},\"wordCount\":251,\"commentCount\":0,\"publisher\":{\"@id\":\"https:\/\/www.nexoinformativo.mx\/#organization\"},\"image\":{\"@id\":\"https:\/\/www.nexoinformativo.mx\/index.php\/2024\/11\/27\/queretaro-se-perfila-como-la-nueva-casa-de-cruz-azul-la-proxima-temporada\/#primaryimage\"},\"thumbnailUrl\":\"https:\/\/www.nexoinformativo.mx\/wp-content\/uploads\/2024\/11\/PHOTO-2024-11-27-11-34-47-e1732730604395.jpg\",\"keywords\":[\"CruzAzul\",\"FutbolMexicano\",\"LaCorregidora\",\"Quer\u00e9taro\"],\"articleSection\":[\"Espect\u00e1culos\",\"\u00daltima Hora\"],\"inLanguage\":\"es\",\"potentialAction\":[{\"@type\":\"CommentAction\",\"name\":\"Comment\",\"target\":[\"https:\/\/www.nexoinformativo.mx\/index.php\/2024\/11\/27\/queretaro-se-perfila-como-la-nueva-casa-de-cruz-azul-la-proxima-temporada\/#respond\"]}]},{\"@type\":\"WebPage\",\"@id\":\"https:\/\/www.nexoinformativo.mx\/index.php\/2024\/11\/27\/queretaro-se-perfila-como-la-nueva-casa-de-cruz-azul-la-proxima-temporada\/\",\"url\":\"https:\/\/www.nexoinformativo.mx\/index.php\/2024\/11\/27\/queretaro-se-perfila-como-la-nueva-casa-de-cruz-azul-la-proxima-temporada\/\",\"name\":\"Quer\u00e9taro se perfila como la nueva casa de Cruz Azul la pr\u00f3xima temporada | Nexo Informativo Santiago de Quer\u00e9taro\",\"isPartOf\":{\"@id\":\"https:\/\/www.nexoinformativo.mx\/#website\"},\"primaryImageOfPage\":{\"@id\":\"https:\/\/www.nexoinformativo.mx\/index.php\/2024\/11\/27\/queretaro-se-perfila-como-la-nueva-casa-de-cruz-azul-la-proxima-temporada\/#primaryimage\"},\"image\":{\"@id\":\"https:\/\/www.nexoinformativo.mx\/index.php\/2024\/11\/27\/queretaro-se-perfila-como-la-nueva-casa-de-cruz-azul-la-proxima-temporada\/#primaryimage\"},\"thumbnailUrl\":\"https:\/\/www.nexoinformativo.mx\/wp-content\/uploads\/2024\/11\/PHOTO-2024-11-27-11-34-47-e1732730604395.jpg\",\"datePublished\":\"2024-11-27T17:00:41+00:00\",\"dateModified\":\"2024-11-27T18:04:08+00:00\",\"description\":\"Quer\u00e9taro se perfila como la nueva casa de Cruz Azul la pr\u00f3xima temporada\",\"breadcrumb\":{\"@id\":\"https:\/\/www.nexoinformativo.mx\/index.php\/2024\/11\/27\/queretaro-se-perfila-como-la-nueva-casa-de-cruz-azul-la-proxima-temporada\/#breadcrumb\"},\"inLanguage\":\"es\",\"potentialAction\":[{\"@type\":\"ReadAction\",\"target\":[\"https:\/\/www.nexoinformativo.mx\/index.php\/2024\/11\/27\/queretaro-se-perfila-como-la-nueva-casa-de-cruz-azul-la-proxima-temporada\/\"]}]},{\"@type\":\"ImageObject\",\"inLanguage\":\"es\",\"@id\":\"https:\/\/www.nexoinformativo.mx\/index.php\/2024\/11\/27\/queretaro-se-perfila-como-la-nueva-casa-de-cruz-azul-la-proxima-temporada\/#primaryimage\",\"url\":\"https:\/\/www.nexoinformativo.mx\/wp-content\/uploads\/2024\/11\/PHOTO-2024-11-27-11-34-47-e1732730604395.jpg\",\"contentUrl\":\"https:\/\/www.nexoinformativo.mx\/wp-content\/uploads\/2024\/11\/PHOTO-2024-11-27-11-34-47-e1732730604395.jpg\",\"width\":700,\"height\":527},{\"@type\":\"BreadcrumbList\",\"@id\":\"https:\/\/www.nexoinformativo.mx\/index.php\/2024\/11\/27\/queretaro-se-perfila-como-la-nueva-casa-de-cruz-azul-la-proxima-temporada\/#breadcrumb\",\"itemListElement\":[{\"@type\":\"ListItem\",\"position\":1,\"name\":\"Inicio\",\"item\":\"https:\/\/www.nexoinformativo.mx\/\"},{\"@type\":\"ListItem\",\"position\":2,\"name\":\"Quer\u00e9taro se perfila como la nueva casa de Cruz Azul la pr\u00f3xima temporada\"}]},{\"@type\":\"WebSite\",\"@id\":\"https:\/\/www.nexoinformativo.mx\/#website\",\"url\":\"https:\/\/www.nexoinformativo.mx\/\",\"name\":\"Nexo Informativo Santiago de Quer\u00e9taro\",\"description\":\"Explora NexoInformativo y convi\u00e9rtete en parte de una comunidad que valora el conocimiento y la verdad. Tu nexoinformativo es tu puente hacia una comprensi\u00f3n m\u00e1s profunda del mundo que te rodea.\",\"publisher\":{\"@id\":\"https:\/\/www.nexoinformativo.mx\/#organization\"},\"potentialAction\":[{\"@type\":\"SearchAction\",\"target\":{\"@type\":\"EntryPoint\",\"urlTemplate\":\"https:\/\/www.nexoinformativo.mx\/?s={search_term_string}\"},\"query-input\":{\"@type\":\"PropertyValueSpecification\",\"valueRequired\":true,\"valueName\":\"search_term_string\"}}],\"inLanguage\":\"es\"},{\"@type\":\"Organization\",\"@id\":\"https:\/\/www.nexoinformativo.mx\/#organization\",\"name\":\"Nexo Informativo Santiago de Quer\u00e9taro\",\"url\":\"https:\/\/www.nexoinformativo.mx\/\",\"logo\":{\"@type\":\"ImageObject\",\"inLanguage\":\"es\",\"@id\":\"https:\/\/www.nexoinformativo.mx\/#\/schema\/logo\/image\/\",\"url\":\"https:\/\/www.nexoinformativo.mx\/wp-content\/uploads\/2024\/07\/nexoi-trasparente-2.png\",\"contentUrl\":\"https:\/\/www.nexoinformativo.mx\/wp-content\/uploads\/2024\/07\/nexoi-trasparente-2.png\",\"width\":816,\"height\":339,\"caption\":\"Nexo Informativo Santiago de Quer\u00e9taro\"},\"image\":{\"@id\":\"https:\/\/www.nexoinformativo.mx\/#\/schema\/logo\/image\/\"},\"sameAs\":[\"https:\/\/www.facebook.com\/people\/Nexo-Informativo\/61564066885511\/\"]},{\"@type\":\"Person\",\"@id\":\"https:\/\/www.nexoinformativo.mx\/#\/schema\/person\/7749d380ba08c8ca00d7bc76fd907b7d\",\"name\":\"Nexo Informativo\",\"image\":{\"@type\":\"ImageObject\",\"inLanguage\":\"es\",\"@id\":\"https:\/\/www.nexoinformativo.mx\/#\/schema\/person\/image\/\",\"url\":\"https:\/\/secure.gravatar.com\/avatar\/dde2928154642a13d95f87ddf1ea9718fe2b46760a005c53e41ff5ad610704e6?s=96&d=mm&r=g\",\"contentUrl\":\"https:\/\/secure.gravatar.com\/avatar\/dde2928154642a13d95f87ddf1ea9718fe2b46760a005c53e41ff5ad610704e6?s=96&d=mm&r=g\",\"caption\":\"Nexo Informativo\"},\"url\":\"https:\/\/www.nexoinformativo.mx\/index.php\/author\/edicion\/\"}]}<\/script>\n<!-- \/ Yoast SEO plugin. -->","yoast_head_json":{"title":"Quer\u00e9taro se perfila como la nueva casa de Cruz Azul la pr\u00f3xima temporada | Nexo Informativo Santiago de Quer\u00e9taro","description":"Quer\u00e9taro se perfila como la nueva casa de Cruz Azul la pr\u00f3xima temporada","robots":{"index":"index","follow":"follow","max-snippet":"max-snippet:-1","max-image-preview":"max-image-preview:large","max-video-preview":"max-video-preview:-1"},"canonical":"https:\/\/www.nexoinformativo.mx\/index.php\/2024\/11\/27\/queretaro-se-perfila-como-la-nueva-casa-de-cruz-azul-la-proxima-temporada\/","og_locale":"es_MX","og_type":"article","og_title":"Quer\u00e9taro se perfila como la nueva casa de Cruz Azul la pr\u00f3xima temporada | Nexo Informativo Santiago de Quer\u00e9taro","og_description":"Quer\u00e9taro se perfila como la nueva casa de Cruz Azul la pr\u00f3xima temporada","og_url":"https:\/\/www.nexoinformativo.mx\/index.php\/2024\/11\/27\/queretaro-se-perfila-como-la-nueva-casa-de-cruz-azul-la-proxima-temporada\/","og_site_name":"Nexo Informativo Santiago de Quer\u00e9taro","article_publisher":"https:\/\/www.facebook.com\/people\/Nexo-Informativo\/61564066885511\/","article_published_time":"2024-11-27T17:00:41+00:00","article_modified_time":"2024-11-27T18:04:08+00:00","og_image":[{"width":700,"height":527,"url":"https:\/\/www.nexoinformativo.mx\/wp-content\/uploads\/2024\/11\/PHOTO-2024-11-27-11-34-47-e1732730604395.jpg","type":"image\/jpeg"}],"author":"Nexo Informativo","twitter_card":"summary_large_image","twitter_misc":{"Escrito por":"Nexo Informativo","Tiempo de lectura":"2 minutos"},"schema":{"@context":"https:\/\/schema.org","@graph":[{"@type":"Article","@id":"https:\/\/www.nexoinformativo.mx\/index.php\/2024\/11\/27\/queretaro-se-perfila-como-la-nueva-casa-de-cruz-azul-la-proxima-temporada\/#article","isPartOf":{"@id":"https:\/\/www.nexoinformativo.mx\/index.php\/2024\/11\/27\/queretaro-se-perfila-como-la-nueva-casa-de-cruz-azul-la-proxima-temporada\/"},"author":{"name":"Nexo Informativo","@id":"https:\/\/www.nexoinformativo.mx\/#\/schema\/person\/7749d380ba08c8ca00d7bc76fd907b7d"},"headline":"Quer\u00e9taro se perfila como la nueva casa de Cruz Azul la pr\u00f3xima temporada","datePublished":"2024-11-27T17:00:41+00:00","dateModified":"2024-11-27T18:04:08+00:00","mainEntityOfPage":{"@id":"https:\/\/www.nexoinformativo.mx\/index.php\/2024\/11\/27\/queretaro-se-perfila-como-la-nueva-casa-de-cruz-azul-la-proxima-temporada\/"},"wordCount":251,"commentCount":0,"publisher":{"@id":"https:\/\/www.nexoinformativo.mx\/#organization"},"image":{"@id":"https:\/\/www.nexoinformativo.mx\/index.php\/2024\/11\/27\/queretaro-se-perfila-como-la-nueva-casa-de-cruz-azul-la-proxima-temporada\/#primaryimage"},"thumbnailUrl":"https:\/\/www.nexoinformativo.mx\/wp-content\/uploads\/2024\/11\/PHOTO-2024-11-27-11-34-47-e1732730604395.jpg","keywords":["CruzAzul","FutbolMexicano","LaCorregidora","Quer\u00e9taro"],"articleSection":["Espect\u00e1culos","\u00daltima Hora"],"inLanguage":"es","potentialAction":[{"@type":"CommentAction","name":"Comment","target":["https:\/\/www.nexoinformativo.mx\/index.php\/2024\/11\/27\/queretaro-se-perfila-como-la-nueva-casa-de-cruz-azul-la-proxima-temporada\/#respond"]}]},{"@type":"WebPage","@id":"https:\/\/www.nexoinformativo.mx\/index.php\/2024\/11\/27\/queretaro-se-perfila-como-la-nueva-casa-de-cruz-azul-la-proxima-temporada\/","url":"https:\/\/www.nexoinformativo.mx\/index.php\/2024\/11\/27\/queretaro-se-perfila-como-la-nueva-casa-de-cruz-azul-la-proxima-temporada\/","name":"Quer\u00e9taro se perfila como la nueva casa de Cruz Azul la pr\u00f3xima temporada | Nexo Informativo Santiago de Quer\u00e9taro","isPartOf":{"@id":"https:\/\/www.nexoinformativo.mx\/#website"},"primaryImageOfPage":{"@id":"https:\/\/www.nexoinformativo.mx\/index.php\/2024\/11\/27\/queretaro-se-perfila-como-la-nueva-casa-de-cruz-azul-la-proxima-temporada\/#primaryimage"},"image":{"@id":"https:\/\/www.nexoinformativo.mx\/index.php\/2024\/11\/27\/queretaro-se-perfila-como-la-nueva-casa-de-cruz-azul-la-proxima-temporada\/#primaryimage"},"thumbnailUrl":"https:\/\/www.nexoinformativo.mx\/wp-content\/uploads\/2024\/11\/PHOTO-2024-11-27-11-34-47-e1732730604395.jpg","datePublished":"2024-11-27T17:00:41+00:00","dateModified":"2024-11-27T18:04:08+00:00","description":"Quer\u00e9taro se perfila como la nueva casa de Cruz Azul la pr\u00f3xima temporada","breadcrumb":{"@id":"https:\/\/www.nexoinformativo.mx\/index.php\/2024\/11\/27\/queretaro-se-perfila-como-la-nueva-casa-de-cruz-azul-la-proxima-temporada\/#breadcrumb"},"inLanguage":"es","potentialAction":[{"@type":"ReadAction","target":["https:\/\/www.nexoinformativo.mx\/index.php\/2024\/11\/27\/queretaro-se-perfila-como-la-nueva-casa-de-cruz-azul-la-proxima-temporada\/"]}]},{"@type":"ImageObject","inLanguage":"es","@id":"https:\/\/www.nexoinformativo.mx\/index.php\/2024\/11\/27\/queretaro-se-perfila-como-la-nueva-casa-de-cruz-azul-la-proxima-temporada\/#primaryimage","url":"https:\/\/www.nexoinformativo.mx\/wp-content\/uploads\/2024\/11\/PHOTO-2024-11-27-11-34-47-e1732730604395.jpg","contentUrl":"https:\/\/www.nexoinformativo.mx\/wp-content\/uploads\/2024\/11\/PHOTO-2024-11-27-11-34-47-e1732730604395.jpg","width":700,"height":527},{"@type":"BreadcrumbList","@id":"https:\/\/www.nexoinformativo.mx\/index.php\/2024\/11\/27\/queretaro-se-perfila-como-la-nueva-casa-de-cruz-azul-la-proxima-temporada\/#breadcrumb","itemListElement":[{"@type":"ListItem","position":1,"name":"Inicio","item":"https:\/\/www.nexoinformativo.mx\/"},{"@type":"ListItem","position":2,"name":"Quer\u00e9taro se perfila como la nueva casa de Cruz Azul la pr\u00f3xima temporada"}]},{"@type":"WebSite","@id":"https:\/\/www.nexoinformativo.mx\/#website","url":"https:\/\/www.nexoinformativo.mx\/","name":"Nexo Informativo Santiago de Quer\u00e9taro","description":"Explora NexoInformativo y convi\u00e9rtete en parte de una comunidad que valora el conocimiento y la verdad. Tu nexoinformativo es tu puente hacia una comprensi\u00f3n m\u00e1s profunda del mundo que te rodea.","publisher":{"@id":"https:\/\/www.nexoinformativo.mx\/#organization"},"potentialAction":[{"@type":"SearchAction","target":{"@type":"EntryPoint","urlTemplate":"https:\/\/www.nexoinformativo.mx\/?s={search_term_string}"},"query-input":{"@type":"PropertyValueSpecification","valueRequired":true,"valueName":"search_term_string"}}],"inLanguage":"es"},{"@type":"Organization","@id":"https:\/\/www.nexoinformativo.mx\/#organization","name":"Nexo Informativo Santiago de Quer\u00e9taro","url":"https:\/\/www.nexoinformativo.mx\/","logo":{"@type":"ImageObject","inLanguage":"es","@id":"https:\/\/www.nexoinformativo.mx\/#\/schema\/logo\/image\/","url":"https:\/\/www.nexoinformativo.mx\/wp-content\/uploads\/2024\/07\/nexoi-trasparente-2.png","contentUrl":"https:\/\/www.nexoinformativo.mx\/wp-content\/uploads\/2024\/07\/nexoi-trasparente-2.png","width":816,"height":339,"caption":"Nexo Informativo Santiago de Quer\u00e9taro"},"image":{"@id":"https:\/\/www.nexoinformativo.mx\/#\/schema\/logo\/image\/"},"sameAs":["https:\/\/www.facebook.com\/people\/Nexo-Informativo\/61564066885511\/"]},{"@type":"Person","@id":"https:\/\/www.nexoinformativo.mx\/#\/schema\/person\/7749d380ba08c8ca00d7bc76fd907b7d","name":"Nexo Informativo","image":{"@type":"ImageObject","inLanguage":"es","@id":"https:\/\/www.nexoinformativo.mx\/#\/schema\/person\/image\/","url":"https:\/\/secure.gravatar.com\/avatar\/dde2928154642a13d95f87ddf1ea9718fe2b46760a005c53e41ff5ad610704e6?s=96&d=mm&r=g","contentUrl":"https:\/\/secure.gravatar.com\/avatar\/dde2928154642a13d95f87ddf1ea9718fe2b46760a005c53e41ff5ad610704e6?s=96&d=mm&r=g","caption":"Nexo Informativo"},"url":"https:\/\/www.nexoinformativo.mx\/index.php\/author\/edicion\/"}]}},"_links":{"self":[{"href":"https:\/\/www.nexoinformativo.mx\/index.php\/wp-json\/wp\/v2\/posts\/7093","targetHints":{"allow":["GET"]}}],"collection":[{"href":"https:\/\/www.nexoinformativo.mx\/index.php\/wp-json\/wp\/v2\/posts"}],"about":[{"href":"https:\/\/www.nexoinformativo.mx\/index.php\/wp-json\/wp\/v2\/types\/post"}],"author":[{"embeddable":true,"href":"https:\/\/www.nexoinformativo.mx\/index.php\/wp-json\/wp\/v2\/users\/3"}],"replies":[{"embeddable":true,"href":"https:\/\/www.nexoinformativo.mx\/index.php\/wp-json\/wp\/v2\/comments?post=7093"}],"version-history":[{"count":3,"href":"https:\/\/www.nexoinformativo.mx\/index.php\/wp-json\/wp\/v2\/posts\/7093\/revisions"}],"predecessor-version":[{"id":7097,"href":"https:\/\/www.nexoinformativo.mx\/index.php\/wp-json\/wp\/v2\/posts\/7093\/revisions\/7097"}],"wp:featuredmedia":[{"embeddable":true,"href":"https:\/\/www.nexoinformativo.mx\/index.php\/wp-json\/wp\/v2\/media\/7094"}],"wp:attachment":[{"href":"https:\/\/www.nexoinformativo.mx\/index.php\/wp-json\/wp\/v2\/media?parent=7093"}],"wp:term":[{"taxonomy":"category","embeddable":true,"href":"https:\/\/www.nexoinformativo.mx\/index.php\/wp-json\/wp\/v2\/categories?post=7093"},{"taxonomy":"post_tag","embeddable":true,"href":"https:\/\/www.nexoinformativo.mx\/index.php\/wp-json\/wp\/v2\/tags?post=7093"}],"curies":[{"name":"wp","href":"https:\/\/api.w.org\/{rel}","templated":true}]}}