{"id":7109,"date":"2024-11-27T12:30:43","date_gmt":"2024-11-27T18:30:43","guid":{"rendered":"https:\/\/www.nexoinformativo.mx\/?p=7109"},"modified":"2024-11-27T13:27:10","modified_gmt":"2024-11-27T19:27:10","slug":"restaurantes-de-queretaro-podrian-contar-con-camaras-de-reconocimiento-facial","status":"publish","type":"post","link":"https:\/\/www.nexoinformativo.mx\/index.php\/2024\/11\/27\/restaurantes-de-queretaro-podrian-contar-con-camaras-de-reconocimiento-facial\/","title":{"rendered":"Restaurantes de Quer\u00e9taro podr\u00edan contar con c\u00e1maras de reconocimiento facial"},"content":{"rendered":"<p style=\"text-align: justify;\" data-sourcepos=\"9:1-9:476\">La C\u00e1mara Nacional de la Industria de Restaurantes y Alimentos Condimentados (CANIRAC) en Quer\u00e9taro explora la posibilidad de instalar c\u00e1maras de reconocimiento facial en diversos establecimientos de la entidad.<\/p>\n<p>&nbsp;<\/p>\n<p style=\"text-align: justify;\" data-sourcepos=\"9:1-9:476\">La presidenta de la CANIRAC, Rosalinda Hern\u00e1ndez, asegur\u00f3 que estas medidas forman parte de un plan integral para reforzar la seguridad en los restaurantes y coadyuvar con las acciones preventivas que han solicitado las autoridades estatales.<\/p>\n<p>&nbsp;<\/p>\n<p style=\"text-align: justify;\" data-sourcepos=\"11:1-11:259\">Hern\u00e1ndez mencion\u00f3 que se est\u00e1 trabajando en la posibilidad de conectar estas c\u00e1maras al C4, lo que permitir\u00eda una mayor vigilancia y respuesta ante cualquier incidente. <strong>\u201cEstamos platicando con el gobierno del estado para implementar esta tecnolog\u00eda\u201d<\/strong>, afirm\u00f3.<\/p>\n<p>&nbsp;<\/p>\n<p style=\"text-align: justify;\" data-sourcepos=\"13:1-13:188\">La l\u00edder empresarial reconoci\u00f3 que la inversi\u00f3n en este tipo de sistemas es significativa, por lo que se espera contar con el apoyo del gobierno estatal para hacer realidad este proyecto.<\/p>\n<p>&nbsp;<\/p>\n<p style=\"text-align: justify;\" data-sourcepos=\"15:1-15:225\">Adem\u00e1s de las c\u00e1maras de reconocimiento facial, algunos restaurantes ya han optado por contratar seguridad privada, instalar arcos lectores y otras medidas preventivas para garantizar la seguridad de sus clientes y empleados.<\/p>\n<p>&nbsp;<\/p>\n<p style=\"text-align: justify;\" data-sourcepos=\"17:1-17:168\"><strong>\u201cLa seguridad es una prioridad para el sector restaurantero. Queremos que nuestros clientes se sientan seguros al visitar nuestros establecimientos\u201d<\/strong>, asegur\u00f3 Hern\u00e1ndez.<\/p>\n<p>&nbsp;<\/p>\n<p style=\"text-align: center;\" data-sourcepos=\"17:1-17:168\"><em><strong>\u00a1Informaci\u00f3n que transforma!<\/strong><\/em><\/p>\n","protected":false},"excerpt":{"rendered":"<p>La C\u00e1mara Nacional de la Industria de Restaurantes y Alimentos Condimentados (CANIRAC) en Quer\u00e9taro explora la posibilidad de instalar c\u00e1maras de reconocimiento facial en diversos establecimientos de la entidad.<\/p>\n","protected":false},"author":3,"featured_media":7113,"comment_status":"open","ping_status":"open","sticky":false,"template":"","format":"standard","meta":{"footnotes":""},"categories":[42,58],"tags":[133,2400,2399,131],"class_list":["post-7109","post","type-post","status-publish","format-standard","has-post-thumbnail","hentry","category-estado","category-ultima-hora","tag-queretaro","tag-reconocimientofacial","tag-restaurantes","tag-seguridad"],"yoast_head":"<!-- This site is optimized with the Yoast SEO plugin v25.0 - https:\/\/yoast.com\/wordpress\/plugins\/seo\/ -->\n<title>Restaurantes de Quer\u00e9taro podr\u00edan contar con c\u00e1maras de reconocimiento facial | Nexo Informativo Santiago de Quer\u00e9taro<\/title>\n<meta name=\"description\" content=\"Restaurantes de Quer\u00e9taro podr\u00edan contar con c\u00e1maras de reconocimiento facial\" \/>\n<meta name=\"robots\" content=\"index, follow, max-snippet:-1, max-image-preview:large, max-video-preview:-1\" \/>\n<link rel=\"canonical\" href=\"https:\/\/www.nexoinformativo.mx\/index.php\/2024\/11\/27\/restaurantes-de-queretaro-podrian-contar-con-camaras-de-reconocimiento-facial\/\" \/>\n<meta property=\"og:locale\" content=\"es_MX\" \/>\n<meta property=\"og:type\" content=\"article\" \/>\n<meta property=\"og:title\" content=\"Restaurantes de Quer\u00e9taro podr\u00edan contar con c\u00e1maras de reconocimiento facial | Nexo Informativo Santiago de Quer\u00e9taro\" \/>\n<meta property=\"og:description\" content=\"Restaurantes de Quer\u00e9taro podr\u00edan contar con c\u00e1maras de reconocimiento facial\" \/>\n<meta property=\"og:url\" content=\"https:\/\/www.nexoinformativo.mx\/index.php\/2024\/11\/27\/restaurantes-de-queretaro-podrian-contar-con-camaras-de-reconocimiento-facial\/\" \/>\n<meta property=\"og:site_name\" content=\"Nexo Informativo Santiago de Quer\u00e9taro\" \/>\n<meta property=\"article:publisher\" content=\"https:\/\/www.facebook.com\/people\/Nexo-Informativo\/61564066885511\/\" \/>\n<meta property=\"article:published_time\" content=\"2024-11-27T18:30:43+00:00\" \/>\n<meta property=\"article:modified_time\" content=\"2024-11-27T19:27:10+00:00\" \/>\n<meta property=\"og:image\" content=\"https:\/\/www.nexoinformativo.mx\/wp-content\/uploads\/2024\/11\/PHOTO-2024-11-27-12-24-34-e1732735623971.jpg\" \/>\n\t<meta property=\"og:image:width\" content=\"700\" \/>\n\t<meta property=\"og:image:height\" content=\"930\" \/>\n\t<meta property=\"og:image:type\" content=\"image\/jpeg\" \/>\n<meta name=\"author\" content=\"Nexo Informativo\" \/>\n<meta name=\"twitter:card\" content=\"summary_large_image\" \/>\n<meta name=\"twitter:label1\" content=\"Escrito por\" \/>\n\t<meta name=\"twitter:data1\" content=\"Nexo Informativo\" \/>\n\t<meta name=\"twitter:label2\" content=\"Tiempo de lectura\" \/>\n\t<meta name=\"twitter:data2\" content=\"2 minutos\" \/>\n<script type=\"application\/ld+json\" class=\"yoast-schema-graph\">{\"@context\":\"https:\/\/schema.org\",\"@graph\":[{\"@type\":\"Article\",\"@id\":\"https:\/\/www.nexoinformativo.mx\/index.php\/2024\/11\/27\/restaurantes-de-queretaro-podrian-contar-con-camaras-de-reconocimiento-facial\/#article\",\"isPartOf\":{\"@id\":\"https:\/\/www.nexoinformativo.mx\/index.php\/2024\/11\/27\/restaurantes-de-queretaro-podrian-contar-con-camaras-de-reconocimiento-facial\/\"},\"author\":{\"name\":\"Nexo Informativo\",\"@id\":\"https:\/\/www.nexoinformativo.mx\/#\/schema\/person\/7749d380ba08c8ca00d7bc76fd907b7d\"},\"headline\":\"Restaurantes de Quer\u00e9taro podr\u00edan contar con c\u00e1maras de reconocimiento facial\",\"datePublished\":\"2024-11-27T18:30:43+00:00\",\"dateModified\":\"2024-11-27T19:27:10+00:00\",\"mainEntityOfPage\":{\"@id\":\"https:\/\/www.nexoinformativo.mx\/index.php\/2024\/11\/27\/restaurantes-de-queretaro-podrian-contar-con-camaras-de-reconocimiento-facial\/\"},\"wordCount\":224,\"commentCount\":0,\"publisher\":{\"@id\":\"https:\/\/www.nexoinformativo.mx\/#organization\"},\"image\":{\"@id\":\"https:\/\/www.nexoinformativo.mx\/index.php\/2024\/11\/27\/restaurantes-de-queretaro-podrian-contar-con-camaras-de-reconocimiento-facial\/#primaryimage\"},\"thumbnailUrl\":\"https:\/\/www.nexoinformativo.mx\/wp-content\/uploads\/2024\/11\/PHOTO-2024-11-27-12-24-34-e1732735623971.jpg\",\"keywords\":[\"Quer\u00e9taro\",\"ReconocimientoFacial\",\"Restaurantes\",\"Seguridad\"],\"articleSection\":[\"Estado\",\"\u00daltima Hora\"],\"inLanguage\":\"es\",\"potentialAction\":[{\"@type\":\"CommentAction\",\"name\":\"Comment\",\"target\":[\"https:\/\/www.nexoinformativo.mx\/index.php\/2024\/11\/27\/restaurantes-de-queretaro-podrian-contar-con-camaras-de-reconocimiento-facial\/#respond\"]}]},{\"@type\":\"WebPage\",\"@id\":\"https:\/\/www.nexoinformativo.mx\/index.php\/2024\/11\/27\/restaurantes-de-queretaro-podrian-contar-con-camaras-de-reconocimiento-facial\/\",\"url\":\"https:\/\/www.nexoinformativo.mx\/index.php\/2024\/11\/27\/restaurantes-de-queretaro-podrian-contar-con-camaras-de-reconocimiento-facial\/\",\"name\":\"Restaurantes de Quer\u00e9taro podr\u00edan contar con c\u00e1maras de reconocimiento facial | Nexo Informativo Santiago de Quer\u00e9taro\",\"isPartOf\":{\"@id\":\"https:\/\/www.nexoinformativo.mx\/#website\"},\"primaryImageOfPage\":{\"@id\":\"https:\/\/www.nexoinformativo.mx\/index.php\/2024\/11\/27\/restaurantes-de-queretaro-podrian-contar-con-camaras-de-reconocimiento-facial\/#primaryimage\"},\"image\":{\"@id\":\"https:\/\/www.nexoinformativo.mx\/index.php\/2024\/11\/27\/restaurantes-de-queretaro-podrian-contar-con-camaras-de-reconocimiento-facial\/#primaryimage\"},\"thumbnailUrl\":\"https:\/\/www.nexoinformativo.mx\/wp-content\/uploads\/2024\/11\/PHOTO-2024-11-27-12-24-34-e1732735623971.jpg\",\"datePublished\":\"2024-11-27T18:30:43+00:00\",\"dateModified\":\"2024-11-27T19:27:10+00:00\",\"description\":\"Restaurantes de Quer\u00e9taro podr\u00edan contar con c\u00e1maras de reconocimiento facial\",\"breadcrumb\":{\"@id\":\"https:\/\/www.nexoinformativo.mx\/index.php\/2024\/11\/27\/restaurantes-de-queretaro-podrian-contar-con-camaras-de-reconocimiento-facial\/#breadcrumb\"},\"inLanguage\":\"es\",\"potentialAction\":[{\"@type\":\"ReadAction\",\"target\":[\"https:\/\/www.nexoinformativo.mx\/index.php\/2024\/11\/27\/restaurantes-de-queretaro-podrian-contar-con-camaras-de-reconocimiento-facial\/\"]}]},{\"@type\":\"ImageObject\",\"inLanguage\":\"es\",\"@id\":\"https:\/\/www.nexoinformativo.mx\/index.php\/2024\/11\/27\/restaurantes-de-queretaro-podrian-contar-con-camaras-de-reconocimiento-facial\/#primaryimage\",\"url\":\"https:\/\/www.nexoinformativo.mx\/wp-content\/uploads\/2024\/11\/PHOTO-2024-11-27-12-24-34-e1732735623971.jpg\",\"contentUrl\":\"https:\/\/www.nexoinformativo.mx\/wp-content\/uploads\/2024\/11\/PHOTO-2024-11-27-12-24-34-e1732735623971.jpg\",\"width\":700,\"height\":930},{\"@type\":\"BreadcrumbList\",\"@id\":\"https:\/\/www.nexoinformativo.mx\/index.php\/2024\/11\/27\/restaurantes-de-queretaro-podrian-contar-con-camaras-de-reconocimiento-facial\/#breadcrumb\",\"itemListElement\":[{\"@type\":\"ListItem\",\"position\":1,\"name\":\"Inicio\",\"item\":\"https:\/\/www.nexoinformativo.mx\/\"},{\"@type\":\"ListItem\",\"position\":2,\"name\":\"Restaurantes de Quer\u00e9taro podr\u00edan contar con c\u00e1maras de reconocimiento facial\"}]},{\"@type\":\"WebSite\",\"@id\":\"https:\/\/www.nexoinformativo.mx\/#website\",\"url\":\"https:\/\/www.nexoinformativo.mx\/\",\"name\":\"Nexo Informativo Santiago de Quer\u00e9taro\",\"description\":\"Explora NexoInformativo y convi\u00e9rtete en parte de una comunidad que valora el conocimiento y la verdad. Tu nexoinformativo es tu puente hacia una comprensi\u00f3n m\u00e1s profunda del mundo que te rodea.\",\"publisher\":{\"@id\":\"https:\/\/www.nexoinformativo.mx\/#organization\"},\"potentialAction\":[{\"@type\":\"SearchAction\",\"target\":{\"@type\":\"EntryPoint\",\"urlTemplate\":\"https:\/\/www.nexoinformativo.mx\/?s={search_term_string}\"},\"query-input\":{\"@type\":\"PropertyValueSpecification\",\"valueRequired\":true,\"valueName\":\"search_term_string\"}}],\"inLanguage\":\"es\"},{\"@type\":\"Organization\",\"@id\":\"https:\/\/www.nexoinformativo.mx\/#organization\",\"name\":\"Nexo Informativo Santiago de Quer\u00e9taro\",\"url\":\"https:\/\/www.nexoinformativo.mx\/\",\"logo\":{\"@type\":\"ImageObject\",\"inLanguage\":\"es\",\"@id\":\"https:\/\/www.nexoinformativo.mx\/#\/schema\/logo\/image\/\",\"url\":\"https:\/\/www.nexoinformativo.mx\/wp-content\/uploads\/2024\/07\/nexoi-trasparente-2.png\",\"contentUrl\":\"https:\/\/www.nexoinformativo.mx\/wp-content\/uploads\/2024\/07\/nexoi-trasparente-2.png\",\"width\":816,\"height\":339,\"caption\":\"Nexo Informativo Santiago de Quer\u00e9taro\"},\"image\":{\"@id\":\"https:\/\/www.nexoinformativo.mx\/#\/schema\/logo\/image\/\"},\"sameAs\":[\"https:\/\/www.facebook.com\/people\/Nexo-Informativo\/61564066885511\/\"]},{\"@type\":\"Person\",\"@id\":\"https:\/\/www.nexoinformativo.mx\/#\/schema\/person\/7749d380ba08c8ca00d7bc76fd907b7d\",\"name\":\"Nexo Informativo\",\"image\":{\"@type\":\"ImageObject\",\"inLanguage\":\"es\",\"@id\":\"https:\/\/www.nexoinformativo.mx\/#\/schema\/person\/image\/\",\"url\":\"https:\/\/secure.gravatar.com\/avatar\/dde2928154642a13d95f87ddf1ea9718fe2b46760a005c53e41ff5ad610704e6?s=96&d=mm&r=g\",\"contentUrl\":\"https:\/\/secure.gravatar.com\/avatar\/dde2928154642a13d95f87ddf1ea9718fe2b46760a005c53e41ff5ad610704e6?s=96&d=mm&r=g\",\"caption\":\"Nexo Informativo\"},\"url\":\"https:\/\/www.nexoinformativo.mx\/index.php\/author\/edicion\/\"}]}<\/script>\n<!-- \/ Yoast SEO plugin. -->","yoast_head_json":{"title":"Restaurantes de Quer\u00e9taro podr\u00edan contar con c\u00e1maras de reconocimiento facial | Nexo Informativo Santiago de Quer\u00e9taro","description":"Restaurantes de Quer\u00e9taro podr\u00edan contar con c\u00e1maras de reconocimiento facial","robots":{"index":"index","follow":"follow","max-snippet":"max-snippet:-1","max-image-preview":"max-image-preview:large","max-video-preview":"max-video-preview:-1"},"canonical":"https:\/\/www.nexoinformativo.mx\/index.php\/2024\/11\/27\/restaurantes-de-queretaro-podrian-contar-con-camaras-de-reconocimiento-facial\/","og_locale":"es_MX","og_type":"article","og_title":"Restaurantes de Quer\u00e9taro podr\u00edan contar con c\u00e1maras de reconocimiento facial | Nexo Informativo Santiago de Quer\u00e9taro","og_description":"Restaurantes de Quer\u00e9taro podr\u00edan contar con c\u00e1maras de reconocimiento facial","og_url":"https:\/\/www.nexoinformativo.mx\/index.php\/2024\/11\/27\/restaurantes-de-queretaro-podrian-contar-con-camaras-de-reconocimiento-facial\/","og_site_name":"Nexo Informativo Santiago de Quer\u00e9taro","article_publisher":"https:\/\/www.facebook.com\/people\/Nexo-Informativo\/61564066885511\/","article_published_time":"2024-11-27T18:30:43+00:00","article_modified_time":"2024-11-27T19:27:10+00:00","og_image":[{"width":700,"height":930,"url":"https:\/\/www.nexoinformativo.mx\/wp-content\/uploads\/2024\/11\/PHOTO-2024-11-27-12-24-34-e1732735623971.jpg","type":"image\/jpeg"}],"author":"Nexo Informativo","twitter_card":"summary_large_image","twitter_misc":{"Escrito por":"Nexo Informativo","Tiempo de lectura":"2 minutos"},"schema":{"@context":"https:\/\/schema.org","@graph":[{"@type":"Article","@id":"https:\/\/www.nexoinformativo.mx\/index.php\/2024\/11\/27\/restaurantes-de-queretaro-podrian-contar-con-camaras-de-reconocimiento-facial\/#article","isPartOf":{"@id":"https:\/\/www.nexoinformativo.mx\/index.php\/2024\/11\/27\/restaurantes-de-queretaro-podrian-contar-con-camaras-de-reconocimiento-facial\/"},"author":{"name":"Nexo Informativo","@id":"https:\/\/www.nexoinformativo.mx\/#\/schema\/person\/7749d380ba08c8ca00d7bc76fd907b7d"},"headline":"Restaurantes de Quer\u00e9taro podr\u00edan contar con c\u00e1maras de reconocimiento facial","datePublished":"2024-11-27T18:30:43+00:00","dateModified":"2024-11-27T19:27:10+00:00","mainEntityOfPage":{"@id":"https:\/\/www.nexoinformativo.mx\/index.php\/2024\/11\/27\/restaurantes-de-queretaro-podrian-contar-con-camaras-de-reconocimiento-facial\/"},"wordCount":224,"commentCount":0,"publisher":{"@id":"https:\/\/www.nexoinformativo.mx\/#organization"},"image":{"@id":"https:\/\/www.nexoinformativo.mx\/index.php\/2024\/11\/27\/restaurantes-de-queretaro-podrian-contar-con-camaras-de-reconocimiento-facial\/#primaryimage"},"thumbnailUrl":"https:\/\/www.nexoinformativo.mx\/wp-content\/uploads\/2024\/11\/PHOTO-2024-11-27-12-24-34-e1732735623971.jpg","keywords":["Quer\u00e9taro","ReconocimientoFacial","Restaurantes","Seguridad"],"articleSection":["Estado","\u00daltima Hora"],"inLanguage":"es","potentialAction":[{"@type":"CommentAction","name":"Comment","target":["https:\/\/www.nexoinformativo.mx\/index.php\/2024\/11\/27\/restaurantes-de-queretaro-podrian-contar-con-camaras-de-reconocimiento-facial\/#respond"]}]},{"@type":"WebPage","@id":"https:\/\/www.nexoinformativo.mx\/index.php\/2024\/11\/27\/restaurantes-de-queretaro-podrian-contar-con-camaras-de-reconocimiento-facial\/","url":"https:\/\/www.nexoinformativo.mx\/index.php\/2024\/11\/27\/restaurantes-de-queretaro-podrian-contar-con-camaras-de-reconocimiento-facial\/","name":"Restaurantes de Quer\u00e9taro podr\u00edan contar con c\u00e1maras de reconocimiento facial | Nexo Informativo Santiago de Quer\u00e9taro","isPartOf":{"@id":"https:\/\/www.nexoinformativo.mx\/#website"},"primaryImageOfPage":{"@id":"https:\/\/www.nexoinformativo.mx\/index.php\/2024\/11\/27\/restaurantes-de-queretaro-podrian-contar-con-camaras-de-reconocimiento-facial\/#primaryimage"},"image":{"@id":"https:\/\/www.nexoinformativo.mx\/index.php\/2024\/11\/27\/restaurantes-de-queretaro-podrian-contar-con-camaras-de-reconocimiento-facial\/#primaryimage"},"thumbnailUrl":"https:\/\/www.nexoinformativo.mx\/wp-content\/uploads\/2024\/11\/PHOTO-2024-11-27-12-24-34-e1732735623971.jpg","datePublished":"2024-11-27T18:30:43+00:00","dateModified":"2024-11-27T19:27:10+00:00","description":"Restaurantes de Quer\u00e9taro podr\u00edan contar con c\u00e1maras de reconocimiento facial","breadcrumb":{"@id":"https:\/\/www.nexoinformativo.mx\/index.php\/2024\/11\/27\/restaurantes-de-queretaro-podrian-contar-con-camaras-de-reconocimiento-facial\/#breadcrumb"},"inLanguage":"es","potentialAction":[{"@type":"ReadAction","target":["https:\/\/www.nexoinformativo.mx\/index.php\/2024\/11\/27\/restaurantes-de-queretaro-podrian-contar-con-camaras-de-reconocimiento-facial\/"]}]},{"@type":"ImageObject","inLanguage":"es","@id":"https:\/\/www.nexoinformativo.mx\/index.php\/2024\/11\/27\/restaurantes-de-queretaro-podrian-contar-con-camaras-de-reconocimiento-facial\/#primaryimage","url":"https:\/\/www.nexoinformativo.mx\/wp-content\/uploads\/2024\/11\/PHOTO-2024-11-27-12-24-34-e1732735623971.jpg","contentUrl":"https:\/\/www.nexoinformativo.mx\/wp-content\/uploads\/2024\/11\/PHOTO-2024-11-27-12-24-34-e1732735623971.jpg","width":700,"height":930},{"@type":"BreadcrumbList","@id":"https:\/\/www.nexoinformativo.mx\/index.php\/2024\/11\/27\/restaurantes-de-queretaro-podrian-contar-con-camaras-de-reconocimiento-facial\/#breadcrumb","itemListElement":[{"@type":"ListItem","position":1,"name":"Inicio","item":"https:\/\/www.nexoinformativo.mx\/"},{"@type":"ListItem","position":2,"name":"Restaurantes de Quer\u00e9taro podr\u00edan contar con c\u00e1maras de reconocimiento facial"}]},{"@type":"WebSite","@id":"https:\/\/www.nexoinformativo.mx\/#website","url":"https:\/\/www.nexoinformativo.mx\/","name":"Nexo Informativo Santiago de Quer\u00e9taro","description":"Explora NexoInformativo y convi\u00e9rtete en parte de una comunidad que valora el conocimiento y la verdad. Tu nexoinformativo es tu puente hacia una comprensi\u00f3n m\u00e1s profunda del mundo que te rodea.","publisher":{"@id":"https:\/\/www.nexoinformativo.mx\/#organization"},"potentialAction":[{"@type":"SearchAction","target":{"@type":"EntryPoint","urlTemplate":"https:\/\/www.nexoinformativo.mx\/?s={search_term_string}"},"query-input":{"@type":"PropertyValueSpecification","valueRequired":true,"valueName":"search_term_string"}}],"inLanguage":"es"},{"@type":"Organization","@id":"https:\/\/www.nexoinformativo.mx\/#organization","name":"Nexo Informativo Santiago de Quer\u00e9taro","url":"https:\/\/www.nexoinformativo.mx\/","logo":{"@type":"ImageObject","inLanguage":"es","@id":"https:\/\/www.nexoinformativo.mx\/#\/schema\/logo\/image\/","url":"https:\/\/www.nexoinformativo.mx\/wp-content\/uploads\/2024\/07\/nexoi-trasparente-2.png","contentUrl":"https:\/\/www.nexoinformativo.mx\/wp-content\/uploads\/2024\/07\/nexoi-trasparente-2.png","width":816,"height":339,"caption":"Nexo Informativo Santiago de Quer\u00e9taro"},"image":{"@id":"https:\/\/www.nexoinformativo.mx\/#\/schema\/logo\/image\/"},"sameAs":["https:\/\/www.facebook.com\/people\/Nexo-Informativo\/61564066885511\/"]},{"@type":"Person","@id":"https:\/\/www.nexoinformativo.mx\/#\/schema\/person\/7749d380ba08c8ca00d7bc76fd907b7d","name":"Nexo Informativo","image":{"@type":"ImageObject","inLanguage":"es","@id":"https:\/\/www.nexoinformativo.mx\/#\/schema\/person\/image\/","url":"https:\/\/secure.gravatar.com\/avatar\/dde2928154642a13d95f87ddf1ea9718fe2b46760a005c53e41ff5ad610704e6?s=96&d=mm&r=g","contentUrl":"https:\/\/secure.gravatar.com\/avatar\/dde2928154642a13d95f87ddf1ea9718fe2b46760a005c53e41ff5ad610704e6?s=96&d=mm&r=g","caption":"Nexo Informativo"},"url":"https:\/\/www.nexoinformativo.mx\/index.php\/author\/edicion\/"}]}},"_links":{"self":[{"href":"https:\/\/www.nexoinformativo.mx\/index.php\/wp-json\/wp\/v2\/posts\/7109","targetHints":{"allow":["GET"]}}],"collection":[{"href":"https:\/\/www.nexoinformativo.mx\/index.php\/wp-json\/wp\/v2\/posts"}],"about":[{"href":"https:\/\/www.nexoinformativo.mx\/index.php\/wp-json\/wp\/v2\/types\/post"}],"author":[{"embeddable":true,"href":"https:\/\/www.nexoinformativo.mx\/index.php\/wp-json\/wp\/v2\/users\/3"}],"replies":[{"embeddable":true,"href":"https:\/\/www.nexoinformativo.mx\/index.php\/wp-json\/wp\/v2\/comments?post=7109"}],"version-history":[{"count":3,"href":"https:\/\/www.nexoinformativo.mx\/index.php\/wp-json\/wp\/v2\/posts\/7109\/revisions"}],"predecessor-version":[{"id":7112,"href":"https:\/\/www.nexoinformativo.mx\/index.php\/wp-json\/wp\/v2\/posts\/7109\/revisions\/7112"}],"wp:featuredmedia":[{"embeddable":true,"href":"https:\/\/www.nexoinformativo.mx\/index.php\/wp-json\/wp\/v2\/media\/7113"}],"wp:attachment":[{"href":"https:\/\/www.nexoinformativo.mx\/index.php\/wp-json\/wp\/v2\/media?parent=7109"}],"wp:term":[{"taxonomy":"category","embeddable":true,"href":"https:\/\/www.nexoinformativo.mx\/index.php\/wp-json\/wp\/v2\/categories?post=7109"},{"taxonomy":"post_tag","embeddable":true,"href":"https:\/\/www.nexoinformativo.mx\/index.php\/wp-json\/wp\/v2\/tags?post=7109"}],"curies":[{"name":"wp","href":"https:\/\/api.w.org\/{rel}","templated":true}]}}