{"id":7121,"date":"2024-11-27T15:00:13","date_gmt":"2024-11-27T21:00:13","guid":{"rendered":"https:\/\/www.nexoinformativo.mx\/?p=7121"},"modified":"2024-11-27T17:29:25","modified_gmt":"2024-11-27T23:29:25","slug":"tragedia-en-corregidora-dos-trabajadores-pierden-la-vida-en-accidente-al-interior-de-autotanque","status":"publish","type":"post","link":"https:\/\/www.nexoinformativo.mx\/index.php\/2024\/11\/27\/tragedia-en-corregidora-dos-trabajadores-pierden-la-vida-en-accidente-al-interior-de-autotanque\/","title":{"rendered":"Tragedia en Corregidora: Dos trabajadores pierden la vida en accidente al interior de autotanque"},"content":{"rendered":"<p style=\"text-align: justify;\" data-sourcepos=\"9:1-9:394\">Una lamentable tragedia sacudi\u00f3 al Parque Industrial Balvanera este mi\u00e9rcoles. Dos trabajadores, de 25 y 50 a\u00f1os, perdieron la vida al interior de un autotanque tipo cisterna perteneciente a la empresa Retesa.<\/p>\n<p>&nbsp;<\/p>\n<p style=\"text-align: justify;\" data-sourcepos=\"9:1-9:394\">De acuerdo con las primeras investigaciones, la causa del deceso fue una aparente intoxicaci\u00f3n accidental ocurrida mientras realizaban labores de mantenimiento.<\/p>\n<p>&nbsp;<\/p>\n<p style=\"text-align: justify;\" data-sourcepos=\"11:1-11:281\">Los hechos se registraron poco despu\u00e9s del mediod\u00eda, cuando compa\u00f1eros de las v\u00edctimas se percataron de que no respond\u00edan y al revisar el interior del tanque, los encontraron inconscientes. A pesar de los esfuerzos de los servicios de emergencia, ya no contaban con signos vitales.<\/p>\n<p>&nbsp;<\/p>\n<p style=\"text-align: justify;\" data-sourcepos=\"13:1-13:328\">Al lugar arribaron elementos de Protecci\u00f3n Civil, quienes acordonaron la zona y comenzaron las investigaciones para determinar las causas exactas del accidente. Asimismo, personal de la Fiscal\u00eda General del Estado (FGE) tom\u00f3 conocimiento del hecho y realiz\u00f3 las diligencias correspondientes para el levantamiento de los cuerpos.<\/p>\n<p>&nbsp;<\/p>\n<p style=\"text-align: justify;\" data-sourcepos=\"15:1-15:181\">Hasta el momento, se desconocen mas detalles sobre el tipo de sustancia que se encontraba en el tanque ni las medidas de seguridad que se estaban siguiendo al momento del incidente.<\/p>\n<p>&nbsp;<\/p>\n<p style=\"text-align: center;\" data-sourcepos=\"15:1-15:181\"><em><strong>\u00a1Informaci\u00f3n que transforma!<\/strong><\/em><\/p>\n","protected":false},"excerpt":{"rendered":"<p>Una lamentable tragedia sacudi\u00f3 al Parque Industrial Balvanera este mi\u00e9rcoles. Dos trabajadores, de 25 y 50 a\u00f1os, perdieron la vida al interior de un autotanque tipo cisterna perteneciente a la empresa Retesa.<\/p>\n","protected":false},"author":3,"featured_media":7122,"comment_status":"open","ping_status":"open","sticky":false,"template":"","format":"standard","meta":{"footnotes":""},"categories":[137,58],"tags":[567,233,2401,1556],"class_list":["post-7121","post","type-post","status-publish","format-standard","has-post-thumbnail","hentry","category-sucesos","category-ultima-hora","tag-accidentelaboral","tag-corregidora","tag-parqueindustrialbalvanera","tag-seguridadindustrial"],"yoast_head":"<!-- This site is optimized with the Yoast SEO plugin v25.0 - https:\/\/yoast.com\/wordpress\/plugins\/seo\/ -->\n<title>Tragedia en Corregidora: Dos trabajadores pierden la vida en accidente al interior de autotanque | Nexo Informativo Santiago de Quer\u00e9taro<\/title>\n<meta name=\"description\" content=\"Tragedia en Corregidora: Dos trabajadores pierden la vida en accidente al interior de autotanque\" \/>\n<meta name=\"robots\" content=\"index, follow, max-snippet:-1, max-image-preview:large, max-video-preview:-1\" \/>\n<link rel=\"canonical\" href=\"https:\/\/www.nexoinformativo.mx\/index.php\/2024\/11\/27\/tragedia-en-corregidora-dos-trabajadores-pierden-la-vida-en-accidente-al-interior-de-autotanque\/\" \/>\n<meta property=\"og:locale\" content=\"es_MX\" \/>\n<meta property=\"og:type\" content=\"article\" \/>\n<meta property=\"og:title\" content=\"Tragedia en Corregidora: Dos trabajadores pierden la vida en accidente al interior de autotanque | Nexo Informativo Santiago de Quer\u00e9taro\" \/>\n<meta property=\"og:description\" content=\"Tragedia en Corregidora: Dos trabajadores pierden la vida en accidente al interior de autotanque\" \/>\n<meta property=\"og:url\" content=\"https:\/\/www.nexoinformativo.mx\/index.php\/2024\/11\/27\/tragedia-en-corregidora-dos-trabajadores-pierden-la-vida-en-accidente-al-interior-de-autotanque\/\" \/>\n<meta property=\"og:site_name\" content=\"Nexo Informativo Santiago de Quer\u00e9taro\" \/>\n<meta property=\"article:publisher\" content=\"https:\/\/www.facebook.com\/people\/Nexo-Informativo\/61564066885511\/\" \/>\n<meta property=\"article:published_time\" content=\"2024-11-27T21:00:13+00:00\" \/>\n<meta property=\"article:modified_time\" content=\"2024-11-27T23:29:25+00:00\" \/>\n<meta property=\"og:image\" content=\"https:\/\/www.nexoinformativo.mx\/wp-content\/uploads\/2024\/11\/PHOTO-2024-11-27-16-33-49-scaled-e1732750119901.jpg\" \/>\n\t<meta property=\"og:image:width\" content=\"650\" \/>\n\t<meta property=\"og:image:height\" content=\"366\" \/>\n\t<meta property=\"og:image:type\" content=\"image\/jpeg\" \/>\n<meta name=\"author\" content=\"Nexo Informativo\" \/>\n<meta name=\"twitter:card\" content=\"summary_large_image\" \/>\n<meta name=\"twitter:label1\" content=\"Escrito por\" \/>\n\t<meta name=\"twitter:data1\" content=\"Nexo Informativo\" \/>\n\t<meta name=\"twitter:label2\" content=\"Tiempo de lectura\" \/>\n\t<meta name=\"twitter:data2\" content=\"2 minutos\" \/>\n<script type=\"application\/ld+json\" class=\"yoast-schema-graph\">{\"@context\":\"https:\/\/schema.org\",\"@graph\":[{\"@type\":\"Article\",\"@id\":\"https:\/\/www.nexoinformativo.mx\/index.php\/2024\/11\/27\/tragedia-en-corregidora-dos-trabajadores-pierden-la-vida-en-accidente-al-interior-de-autotanque\/#article\",\"isPartOf\":{\"@id\":\"https:\/\/www.nexoinformativo.mx\/index.php\/2024\/11\/27\/tragedia-en-corregidora-dos-trabajadores-pierden-la-vida-en-accidente-al-interior-de-autotanque\/\"},\"author\":{\"name\":\"Nexo Informativo\",\"@id\":\"https:\/\/www.nexoinformativo.mx\/#\/schema\/person\/7749d380ba08c8ca00d7bc76fd907b7d\"},\"headline\":\"Tragedia en Corregidora: Dos trabajadores pierden la vida en accidente al interior de autotanque\",\"datePublished\":\"2024-11-27T21:00:13+00:00\",\"dateModified\":\"2024-11-27T23:29:25+00:00\",\"mainEntityOfPage\":{\"@id\":\"https:\/\/www.nexoinformativo.mx\/index.php\/2024\/11\/27\/tragedia-en-corregidora-dos-trabajadores-pierden-la-vida-en-accidente-al-interior-de-autotanque\/\"},\"wordCount\":206,\"commentCount\":0,\"publisher\":{\"@id\":\"https:\/\/www.nexoinformativo.mx\/#organization\"},\"image\":{\"@id\":\"https:\/\/www.nexoinformativo.mx\/index.php\/2024\/11\/27\/tragedia-en-corregidora-dos-trabajadores-pierden-la-vida-en-accidente-al-interior-de-autotanque\/#primaryimage\"},\"thumbnailUrl\":\"https:\/\/www.nexoinformativo.mx\/wp-content\/uploads\/2024\/11\/PHOTO-2024-11-27-16-33-49-scaled-e1732750119901.jpg\",\"keywords\":[\"AccidenteLaboral\",\"Corregidora\",\"ParqueIndustrialBalvanera\",\"SeguridadIndustrial\"],\"articleSection\":[\"Sucesos\",\"\u00daltima Hora\"],\"inLanguage\":\"es\",\"potentialAction\":[{\"@type\":\"CommentAction\",\"name\":\"Comment\",\"target\":[\"https:\/\/www.nexoinformativo.mx\/index.php\/2024\/11\/27\/tragedia-en-corregidora-dos-trabajadores-pierden-la-vida-en-accidente-al-interior-de-autotanque\/#respond\"]}]},{\"@type\":\"WebPage\",\"@id\":\"https:\/\/www.nexoinformativo.mx\/index.php\/2024\/11\/27\/tragedia-en-corregidora-dos-trabajadores-pierden-la-vida-en-accidente-al-interior-de-autotanque\/\",\"url\":\"https:\/\/www.nexoinformativo.mx\/index.php\/2024\/11\/27\/tragedia-en-corregidora-dos-trabajadores-pierden-la-vida-en-accidente-al-interior-de-autotanque\/\",\"name\":\"Tragedia en Corregidora: Dos trabajadores pierden la vida en accidente al interior de autotanque | Nexo Informativo Santiago de Quer\u00e9taro\",\"isPartOf\":{\"@id\":\"https:\/\/www.nexoinformativo.mx\/#website\"},\"primaryImageOfPage\":{\"@id\":\"https:\/\/www.nexoinformativo.mx\/index.php\/2024\/11\/27\/tragedia-en-corregidora-dos-trabajadores-pierden-la-vida-en-accidente-al-interior-de-autotanque\/#primaryimage\"},\"image\":{\"@id\":\"https:\/\/www.nexoinformativo.mx\/index.php\/2024\/11\/27\/tragedia-en-corregidora-dos-trabajadores-pierden-la-vida-en-accidente-al-interior-de-autotanque\/#primaryimage\"},\"thumbnailUrl\":\"https:\/\/www.nexoinformativo.mx\/wp-content\/uploads\/2024\/11\/PHOTO-2024-11-27-16-33-49-scaled-e1732750119901.jpg\",\"datePublished\":\"2024-11-27T21:00:13+00:00\",\"dateModified\":\"2024-11-27T23:29:25+00:00\",\"description\":\"Tragedia en Corregidora: Dos trabajadores pierden la vida en accidente al interior de autotanque\",\"breadcrumb\":{\"@id\":\"https:\/\/www.nexoinformativo.mx\/index.php\/2024\/11\/27\/tragedia-en-corregidora-dos-trabajadores-pierden-la-vida-en-accidente-al-interior-de-autotanque\/#breadcrumb\"},\"inLanguage\":\"es\",\"potentialAction\":[{\"@type\":\"ReadAction\",\"target\":[\"https:\/\/www.nexoinformativo.mx\/index.php\/2024\/11\/27\/tragedia-en-corregidora-dos-trabajadores-pierden-la-vida-en-accidente-al-interior-de-autotanque\/\"]}]},{\"@type\":\"ImageObject\",\"inLanguage\":\"es\",\"@id\":\"https:\/\/www.nexoinformativo.mx\/index.php\/2024\/11\/27\/tragedia-en-corregidora-dos-trabajadores-pierden-la-vida-en-accidente-al-interior-de-autotanque\/#primaryimage\",\"url\":\"https:\/\/www.nexoinformativo.mx\/wp-content\/uploads\/2024\/11\/PHOTO-2024-11-27-16-33-49-scaled-e1732750119901.jpg\",\"contentUrl\":\"https:\/\/www.nexoinformativo.mx\/wp-content\/uploads\/2024\/11\/PHOTO-2024-11-27-16-33-49-scaled-e1732750119901.jpg\",\"width\":650,\"height\":366},{\"@type\":\"BreadcrumbList\",\"@id\":\"https:\/\/www.nexoinformativo.mx\/index.php\/2024\/11\/27\/tragedia-en-corregidora-dos-trabajadores-pierden-la-vida-en-accidente-al-interior-de-autotanque\/#breadcrumb\",\"itemListElement\":[{\"@type\":\"ListItem\",\"position\":1,\"name\":\"Inicio\",\"item\":\"https:\/\/www.nexoinformativo.mx\/\"},{\"@type\":\"ListItem\",\"position\":2,\"name\":\"Tragedia en Corregidora: Dos trabajadores pierden la vida en accidente al interior de autotanque\"}]},{\"@type\":\"WebSite\",\"@id\":\"https:\/\/www.nexoinformativo.mx\/#website\",\"url\":\"https:\/\/www.nexoinformativo.mx\/\",\"name\":\"Nexo Informativo Santiago de Quer\u00e9taro\",\"description\":\"Explora NexoInformativo y convi\u00e9rtete en parte de una comunidad que valora el conocimiento y la verdad. Tu nexoinformativo es tu puente hacia una comprensi\u00f3n m\u00e1s profunda del mundo que te rodea.\",\"publisher\":{\"@id\":\"https:\/\/www.nexoinformativo.mx\/#organization\"},\"potentialAction\":[{\"@type\":\"SearchAction\",\"target\":{\"@type\":\"EntryPoint\",\"urlTemplate\":\"https:\/\/www.nexoinformativo.mx\/?s={search_term_string}\"},\"query-input\":{\"@type\":\"PropertyValueSpecification\",\"valueRequired\":true,\"valueName\":\"search_term_string\"}}],\"inLanguage\":\"es\"},{\"@type\":\"Organization\",\"@id\":\"https:\/\/www.nexoinformativo.mx\/#organization\",\"name\":\"Nexo Informativo Santiago de Quer\u00e9taro\",\"url\":\"https:\/\/www.nexoinformativo.mx\/\",\"logo\":{\"@type\":\"ImageObject\",\"inLanguage\":\"es\",\"@id\":\"https:\/\/www.nexoinformativo.mx\/#\/schema\/logo\/image\/\",\"url\":\"https:\/\/www.nexoinformativo.mx\/wp-content\/uploads\/2024\/07\/nexoi-trasparente-2.png\",\"contentUrl\":\"https:\/\/www.nexoinformativo.mx\/wp-content\/uploads\/2024\/07\/nexoi-trasparente-2.png\",\"width\":816,\"height\":339,\"caption\":\"Nexo Informativo Santiago de Quer\u00e9taro\"},\"image\":{\"@id\":\"https:\/\/www.nexoinformativo.mx\/#\/schema\/logo\/image\/\"},\"sameAs\":[\"https:\/\/www.facebook.com\/people\/Nexo-Informativo\/61564066885511\/\"]},{\"@type\":\"Person\",\"@id\":\"https:\/\/www.nexoinformativo.mx\/#\/schema\/person\/7749d380ba08c8ca00d7bc76fd907b7d\",\"name\":\"Nexo Informativo\",\"image\":{\"@type\":\"ImageObject\",\"inLanguage\":\"es\",\"@id\":\"https:\/\/www.nexoinformativo.mx\/#\/schema\/person\/image\/\",\"url\":\"https:\/\/secure.gravatar.com\/avatar\/dde2928154642a13d95f87ddf1ea9718fe2b46760a005c53e41ff5ad610704e6?s=96&d=mm&r=g\",\"contentUrl\":\"https:\/\/secure.gravatar.com\/avatar\/dde2928154642a13d95f87ddf1ea9718fe2b46760a005c53e41ff5ad610704e6?s=96&d=mm&r=g\",\"caption\":\"Nexo Informativo\"},\"url\":\"https:\/\/www.nexoinformativo.mx\/index.php\/author\/edicion\/\"}]}<\/script>\n<!-- \/ Yoast SEO plugin. -->","yoast_head_json":{"title":"Tragedia en Corregidora: Dos trabajadores pierden la vida en accidente al interior de autotanque | Nexo Informativo Santiago de Quer\u00e9taro","description":"Tragedia en Corregidora: Dos trabajadores pierden la vida en accidente al interior de autotanque","robots":{"index":"index","follow":"follow","max-snippet":"max-snippet:-1","max-image-preview":"max-image-preview:large","max-video-preview":"max-video-preview:-1"},"canonical":"https:\/\/www.nexoinformativo.mx\/index.php\/2024\/11\/27\/tragedia-en-corregidora-dos-trabajadores-pierden-la-vida-en-accidente-al-interior-de-autotanque\/","og_locale":"es_MX","og_type":"article","og_title":"Tragedia en Corregidora: Dos trabajadores pierden la vida en accidente al interior de autotanque | Nexo Informativo Santiago de Quer\u00e9taro","og_description":"Tragedia en Corregidora: Dos trabajadores pierden la vida en accidente al interior de autotanque","og_url":"https:\/\/www.nexoinformativo.mx\/index.php\/2024\/11\/27\/tragedia-en-corregidora-dos-trabajadores-pierden-la-vida-en-accidente-al-interior-de-autotanque\/","og_site_name":"Nexo Informativo Santiago de Quer\u00e9taro","article_publisher":"https:\/\/www.facebook.com\/people\/Nexo-Informativo\/61564066885511\/","article_published_time":"2024-11-27T21:00:13+00:00","article_modified_time":"2024-11-27T23:29:25+00:00","og_image":[{"width":650,"height":366,"url":"https:\/\/www.nexoinformativo.mx\/wp-content\/uploads\/2024\/11\/PHOTO-2024-11-27-16-33-49-scaled-e1732750119901.jpg","type":"image\/jpeg"}],"author":"Nexo Informativo","twitter_card":"summary_large_image","twitter_misc":{"Escrito por":"Nexo Informativo","Tiempo de lectura":"2 minutos"},"schema":{"@context":"https:\/\/schema.org","@graph":[{"@type":"Article","@id":"https:\/\/www.nexoinformativo.mx\/index.php\/2024\/11\/27\/tragedia-en-corregidora-dos-trabajadores-pierden-la-vida-en-accidente-al-interior-de-autotanque\/#article","isPartOf":{"@id":"https:\/\/www.nexoinformativo.mx\/index.php\/2024\/11\/27\/tragedia-en-corregidora-dos-trabajadores-pierden-la-vida-en-accidente-al-interior-de-autotanque\/"},"author":{"name":"Nexo Informativo","@id":"https:\/\/www.nexoinformativo.mx\/#\/schema\/person\/7749d380ba08c8ca00d7bc76fd907b7d"},"headline":"Tragedia en Corregidora: Dos trabajadores pierden la vida en accidente al interior de autotanque","datePublished":"2024-11-27T21:00:13+00:00","dateModified":"2024-11-27T23:29:25+00:00","mainEntityOfPage":{"@id":"https:\/\/www.nexoinformativo.mx\/index.php\/2024\/11\/27\/tragedia-en-corregidora-dos-trabajadores-pierden-la-vida-en-accidente-al-interior-de-autotanque\/"},"wordCount":206,"commentCount":0,"publisher":{"@id":"https:\/\/www.nexoinformativo.mx\/#organization"},"image":{"@id":"https:\/\/www.nexoinformativo.mx\/index.php\/2024\/11\/27\/tragedia-en-corregidora-dos-trabajadores-pierden-la-vida-en-accidente-al-interior-de-autotanque\/#primaryimage"},"thumbnailUrl":"https:\/\/www.nexoinformativo.mx\/wp-content\/uploads\/2024\/11\/PHOTO-2024-11-27-16-33-49-scaled-e1732750119901.jpg","keywords":["AccidenteLaboral","Corregidora","ParqueIndustrialBalvanera","SeguridadIndustrial"],"articleSection":["Sucesos","\u00daltima Hora"],"inLanguage":"es","potentialAction":[{"@type":"CommentAction","name":"Comment","target":["https:\/\/www.nexoinformativo.mx\/index.php\/2024\/11\/27\/tragedia-en-corregidora-dos-trabajadores-pierden-la-vida-en-accidente-al-interior-de-autotanque\/#respond"]}]},{"@type":"WebPage","@id":"https:\/\/www.nexoinformativo.mx\/index.php\/2024\/11\/27\/tragedia-en-corregidora-dos-trabajadores-pierden-la-vida-en-accidente-al-interior-de-autotanque\/","url":"https:\/\/www.nexoinformativo.mx\/index.php\/2024\/11\/27\/tragedia-en-corregidora-dos-trabajadores-pierden-la-vida-en-accidente-al-interior-de-autotanque\/","name":"Tragedia en Corregidora: Dos trabajadores pierden la vida en accidente al interior de autotanque | Nexo Informativo Santiago de Quer\u00e9taro","isPartOf":{"@id":"https:\/\/www.nexoinformativo.mx\/#website"},"primaryImageOfPage":{"@id":"https:\/\/www.nexoinformativo.mx\/index.php\/2024\/11\/27\/tragedia-en-corregidora-dos-trabajadores-pierden-la-vida-en-accidente-al-interior-de-autotanque\/#primaryimage"},"image":{"@id":"https:\/\/www.nexoinformativo.mx\/index.php\/2024\/11\/27\/tragedia-en-corregidora-dos-trabajadores-pierden-la-vida-en-accidente-al-interior-de-autotanque\/#primaryimage"},"thumbnailUrl":"https:\/\/www.nexoinformativo.mx\/wp-content\/uploads\/2024\/11\/PHOTO-2024-11-27-16-33-49-scaled-e1732750119901.jpg","datePublished":"2024-11-27T21:00:13+00:00","dateModified":"2024-11-27T23:29:25+00:00","description":"Tragedia en Corregidora: Dos trabajadores pierden la vida en accidente al interior de autotanque","breadcrumb":{"@id":"https:\/\/www.nexoinformativo.mx\/index.php\/2024\/11\/27\/tragedia-en-corregidora-dos-trabajadores-pierden-la-vida-en-accidente-al-interior-de-autotanque\/#breadcrumb"},"inLanguage":"es","potentialAction":[{"@type":"ReadAction","target":["https:\/\/www.nexoinformativo.mx\/index.php\/2024\/11\/27\/tragedia-en-corregidora-dos-trabajadores-pierden-la-vida-en-accidente-al-interior-de-autotanque\/"]}]},{"@type":"ImageObject","inLanguage":"es","@id":"https:\/\/www.nexoinformativo.mx\/index.php\/2024\/11\/27\/tragedia-en-corregidora-dos-trabajadores-pierden-la-vida-en-accidente-al-interior-de-autotanque\/#primaryimage","url":"https:\/\/www.nexoinformativo.mx\/wp-content\/uploads\/2024\/11\/PHOTO-2024-11-27-16-33-49-scaled-e1732750119901.jpg","contentUrl":"https:\/\/www.nexoinformativo.mx\/wp-content\/uploads\/2024\/11\/PHOTO-2024-11-27-16-33-49-scaled-e1732750119901.jpg","width":650,"height":366},{"@type":"BreadcrumbList","@id":"https:\/\/www.nexoinformativo.mx\/index.php\/2024\/11\/27\/tragedia-en-corregidora-dos-trabajadores-pierden-la-vida-en-accidente-al-interior-de-autotanque\/#breadcrumb","itemListElement":[{"@type":"ListItem","position":1,"name":"Inicio","item":"https:\/\/www.nexoinformativo.mx\/"},{"@type":"ListItem","position":2,"name":"Tragedia en Corregidora: Dos trabajadores pierden la vida en accidente al interior de autotanque"}]},{"@type":"WebSite","@id":"https:\/\/www.nexoinformativo.mx\/#website","url":"https:\/\/www.nexoinformativo.mx\/","name":"Nexo Informativo Santiago de Quer\u00e9taro","description":"Explora NexoInformativo y convi\u00e9rtete en parte de una comunidad que valora el conocimiento y la verdad. Tu nexoinformativo es tu puente hacia una comprensi\u00f3n m\u00e1s profunda del mundo que te rodea.","publisher":{"@id":"https:\/\/www.nexoinformativo.mx\/#organization"},"potentialAction":[{"@type":"SearchAction","target":{"@type":"EntryPoint","urlTemplate":"https:\/\/www.nexoinformativo.mx\/?s={search_term_string}"},"query-input":{"@type":"PropertyValueSpecification","valueRequired":true,"valueName":"search_term_string"}}],"inLanguage":"es"},{"@type":"Organization","@id":"https:\/\/www.nexoinformativo.mx\/#organization","name":"Nexo Informativo Santiago de Quer\u00e9taro","url":"https:\/\/www.nexoinformativo.mx\/","logo":{"@type":"ImageObject","inLanguage":"es","@id":"https:\/\/www.nexoinformativo.mx\/#\/schema\/logo\/image\/","url":"https:\/\/www.nexoinformativo.mx\/wp-content\/uploads\/2024\/07\/nexoi-trasparente-2.png","contentUrl":"https:\/\/www.nexoinformativo.mx\/wp-content\/uploads\/2024\/07\/nexoi-trasparente-2.png","width":816,"height":339,"caption":"Nexo Informativo Santiago de Quer\u00e9taro"},"image":{"@id":"https:\/\/www.nexoinformativo.mx\/#\/schema\/logo\/image\/"},"sameAs":["https:\/\/www.facebook.com\/people\/Nexo-Informativo\/61564066885511\/"]},{"@type":"Person","@id":"https:\/\/www.nexoinformativo.mx\/#\/schema\/person\/7749d380ba08c8ca00d7bc76fd907b7d","name":"Nexo Informativo","image":{"@type":"ImageObject","inLanguage":"es","@id":"https:\/\/www.nexoinformativo.mx\/#\/schema\/person\/image\/","url":"https:\/\/secure.gravatar.com\/avatar\/dde2928154642a13d95f87ddf1ea9718fe2b46760a005c53e41ff5ad610704e6?s=96&d=mm&r=g","contentUrl":"https:\/\/secure.gravatar.com\/avatar\/dde2928154642a13d95f87ddf1ea9718fe2b46760a005c53e41ff5ad610704e6?s=96&d=mm&r=g","caption":"Nexo Informativo"},"url":"https:\/\/www.nexoinformativo.mx\/index.php\/author\/edicion\/"}]}},"_links":{"self":[{"href":"https:\/\/www.nexoinformativo.mx\/index.php\/wp-json\/wp\/v2\/posts\/7121","targetHints":{"allow":["GET"]}}],"collection":[{"href":"https:\/\/www.nexoinformativo.mx\/index.php\/wp-json\/wp\/v2\/posts"}],"about":[{"href":"https:\/\/www.nexoinformativo.mx\/index.php\/wp-json\/wp\/v2\/types\/post"}],"author":[{"embeddable":true,"href":"https:\/\/www.nexoinformativo.mx\/index.php\/wp-json\/wp\/v2\/users\/3"}],"replies":[{"embeddable":true,"href":"https:\/\/www.nexoinformativo.mx\/index.php\/wp-json\/wp\/v2\/comments?post=7121"}],"version-history":[{"count":3,"href":"https:\/\/www.nexoinformativo.mx\/index.php\/wp-json\/wp\/v2\/posts\/7121\/revisions"}],"predecessor-version":[{"id":7131,"href":"https:\/\/www.nexoinformativo.mx\/index.php\/wp-json\/wp\/v2\/posts\/7121\/revisions\/7131"}],"wp:featuredmedia":[{"embeddable":true,"href":"https:\/\/www.nexoinformativo.mx\/index.php\/wp-json\/wp\/v2\/media\/7122"}],"wp:attachment":[{"href":"https:\/\/www.nexoinformativo.mx\/index.php\/wp-json\/wp\/v2\/media?parent=7121"}],"wp:term":[{"taxonomy":"category","embeddable":true,"href":"https:\/\/www.nexoinformativo.mx\/index.php\/wp-json\/wp\/v2\/categories?post=7121"},{"taxonomy":"post_tag","embeddable":true,"href":"https:\/\/www.nexoinformativo.mx\/index.php\/wp-json\/wp\/v2\/tags?post=7121"}],"curies":[{"name":"wp","href":"https:\/\/api.w.org\/{rel}","templated":true}]}}