{"id":7126,"date":"2024-11-27T15:30:39","date_gmt":"2024-11-27T21:30:39","guid":{"rendered":"https:\/\/www.nexoinformativo.mx\/?p=7126"},"modified":"2024-11-27T17:33:33","modified_gmt":"2024-11-27T23:33:33","slug":"mega-operativo-en-san-juan-del-rio-aseguran-27-vehiculos-y-detienen-a-dos-en-predio-clandestino","status":"publish","type":"post","link":"https:\/\/www.nexoinformativo.mx\/index.php\/2024\/11\/27\/mega-operativo-en-san-juan-del-rio-aseguran-27-vehiculos-y-detienen-a-dos-en-predio-clandestino\/","title":{"rendered":"Mega operativo en San Juan del R\u00edo: Aseguran 27 veh\u00edculos y detienen a dos en predio clandestino"},"content":{"rendered":"<p style=\"text-align: justify;\" data-sourcepos=\"9:1-9:412\">La Polic\u00eda de Investigaci\u00f3n de la Fiscal\u00eda del Estado de Quer\u00e9taro llev\u00f3 a cabo un importante operativo en un predio ubicado en la carretera federal 55, a la altura de la Ampliaci\u00f3n Santa B\u00e1rbara La Cueva, en el municipio de San Juan del R\u00edo. Gracias a una orden judicial, las autoridades lograron asegurar 27 veh\u00edculos, algunos con reporte de robo vigente, y detener a dos personas.<\/p>\n<p>&nbsp;<\/p>\n<p style=\"text-align: justify;\" data-sourcepos=\"11:1-11:311\">Entre los veh\u00edculos asegurados se encuentran 16 unidades, algunas con huellas de desvalijamiento, y 11 veh\u00edculos pesados, incluyendo pipas y tractocamiones.<\/p>\n<p>&nbsp;<\/p>\n<p style=\"text-align: justify;\" data-sourcepos=\"11:1-11:311\">Adem\u00e1s, se encontr\u00f3 un motor desmontado. Se presume que este predio era utilizado como un punto de almacenamiento y desmantelamiento de veh\u00edculos robados.<\/p>\n<p>&nbsp;<\/p>\n<p style=\"text-align: justify;\" data-sourcepos=\"13:1-13:316\">Las investigaciones apuntan a que los veh\u00edculos asegurados podr\u00edan estar relacionados con otros il\u00edcitos, como el robo de hidrocarburos. Por esta raz\u00f3n, el predio y los veh\u00edculos pesados ser\u00e1n puestos a disposici\u00f3n de la Fiscal\u00eda General de la Rep\u00fablica (FGR) para que contin\u00fae con las indagatorias correspondientes.<\/p>\n<p>&nbsp;<\/p>\n<p style=\"text-align: justify;\" data-sourcepos=\"15:1-15:145\">Las dos personas detenidas fueron puestas a disposici\u00f3n del Ministerio P\u00fablico, quien las investiga por el delito de robo equiparado de veh\u00edculo.<\/p>\n<p>&nbsp;<\/p>\n<p style=\"text-align: justify;\" data-sourcepos=\"17:1-17:238\">Este importante aseguramiento es resultado de la coordinaci\u00f3n entre la Fiscal\u00eda del Estado de Quer\u00e9taro y la Fiscal\u00eda General de la Rep\u00fablica, demostrando el compromiso de las autoridades por combatir el robo de veh\u00edculos y otros delitos.<\/p>\n<p>&nbsp;<\/p>\n<p style=\"text-align: center;\" data-sourcepos=\"17:1-17:238\"><em><strong>\u00a1Informaci\u00f3n que transforma!<\/strong><\/em><\/p>\n","protected":false},"excerpt":{"rendered":"<p>La Polic\u00eda de Investigaci\u00f3n de la Fiscal\u00eda del Estado de Quer\u00e9taro llev\u00f3 a cabo un importante operativo en un predio ubicado en la carretera federal 55, a la altura de la Ampliaci\u00f3n Santa B\u00e1rbara La Cueva, en el municipio de San Juan del R\u00edo.<\/p>\n","protected":false},"author":3,"featured_media":7127,"comment_status":"open","ping_status":"open","sticky":false,"template":"","format":"standard","meta":{"footnotes":""},"categories":[65,137,58],"tags":[2402,305,382,131],"class_list":["post-7126","post","type-post","status-publish","format-standard","has-post-thumbnail","hentry","category-municipios","category-sucesos","category-ultima-hora","tag-operativopoliciaco","tag-robodevehiculos","tag-sanjuandelrio","tag-seguridad"],"yoast_head":"<!-- This site is optimized with the Yoast SEO plugin v25.0 - https:\/\/yoast.com\/wordpress\/plugins\/seo\/ -->\n<title>Mega operativo en San Juan del R\u00edo: Aseguran 27 veh\u00edculos y detienen a dos en predio clandestino | Nexo Informativo Santiago de Quer\u00e9taro<\/title>\n<meta name=\"description\" content=\"Mega operativo en San Juan del R\u00edo: Aseguran 27 veh\u00edculos y detienen a dos en predio clandestino\" \/>\n<meta name=\"robots\" content=\"index, follow, max-snippet:-1, max-image-preview:large, max-video-preview:-1\" \/>\n<link rel=\"canonical\" href=\"https:\/\/www.nexoinformativo.mx\/index.php\/2024\/11\/27\/mega-operativo-en-san-juan-del-rio-aseguran-27-vehiculos-y-detienen-a-dos-en-predio-clandestino\/\" \/>\n<meta property=\"og:locale\" content=\"es_MX\" \/>\n<meta property=\"og:type\" content=\"article\" \/>\n<meta property=\"og:title\" content=\"Mega operativo en San Juan del R\u00edo: Aseguran 27 veh\u00edculos y detienen a dos en predio clandestino | Nexo Informativo Santiago de Quer\u00e9taro\" \/>\n<meta property=\"og:description\" content=\"Mega operativo en San Juan del R\u00edo: Aseguran 27 veh\u00edculos y detienen a dos en predio clandestino\" \/>\n<meta property=\"og:url\" content=\"https:\/\/www.nexoinformativo.mx\/index.php\/2024\/11\/27\/mega-operativo-en-san-juan-del-rio-aseguran-27-vehiculos-y-detienen-a-dos-en-predio-clandestino\/\" \/>\n<meta property=\"og:site_name\" content=\"Nexo Informativo Santiago de Quer\u00e9taro\" \/>\n<meta property=\"article:publisher\" content=\"https:\/\/www.facebook.com\/people\/Nexo-Informativo\/61564066885511\/\" \/>\n<meta property=\"article:published_time\" content=\"2024-11-27T21:30:39+00:00\" \/>\n<meta property=\"article:modified_time\" content=\"2024-11-27T23:33:33+00:00\" \/>\n<meta property=\"og:image\" content=\"https:\/\/www.nexoinformativo.mx\/wp-content\/uploads\/2024\/11\/PHOTO-2024-11-27-16-33-49-2-e1732750366247.jpg\" \/>\n\t<meta property=\"og:image:width\" content=\"800\" \/>\n\t<meta property=\"og:image:height\" content=\"504\" \/>\n\t<meta property=\"og:image:type\" content=\"image\/jpeg\" \/>\n<meta name=\"author\" content=\"Nexo Informativo\" \/>\n<meta name=\"twitter:card\" content=\"summary_large_image\" \/>\n<meta name=\"twitter:label1\" content=\"Escrito por\" \/>\n\t<meta name=\"twitter:data1\" content=\"Nexo Informativo\" \/>\n\t<meta name=\"twitter:label2\" content=\"Tiempo de lectura\" \/>\n\t<meta name=\"twitter:data2\" content=\"2 minutos\" \/>\n<script type=\"application\/ld+json\" class=\"yoast-schema-graph\">{\"@context\":\"https:\/\/schema.org\",\"@graph\":[{\"@type\":\"Article\",\"@id\":\"https:\/\/www.nexoinformativo.mx\/index.php\/2024\/11\/27\/mega-operativo-en-san-juan-del-rio-aseguran-27-vehiculos-y-detienen-a-dos-en-predio-clandestino\/#article\",\"isPartOf\":{\"@id\":\"https:\/\/www.nexoinformativo.mx\/index.php\/2024\/11\/27\/mega-operativo-en-san-juan-del-rio-aseguran-27-vehiculos-y-detienen-a-dos-en-predio-clandestino\/\"},\"author\":{\"name\":\"Nexo Informativo\",\"@id\":\"https:\/\/www.nexoinformativo.mx\/#\/schema\/person\/7749d380ba08c8ca00d7bc76fd907b7d\"},\"headline\":\"Mega operativo en San Juan del R\u00edo: Aseguran 27 veh\u00edculos y detienen a dos en predio clandestino\",\"datePublished\":\"2024-11-27T21:30:39+00:00\",\"dateModified\":\"2024-11-27T23:33:33+00:00\",\"mainEntityOfPage\":{\"@id\":\"https:\/\/www.nexoinformativo.mx\/index.php\/2024\/11\/27\/mega-operativo-en-san-juan-del-rio-aseguran-27-vehiculos-y-detienen-a-dos-en-predio-clandestino\/\"},\"wordCount\":271,\"commentCount\":0,\"publisher\":{\"@id\":\"https:\/\/www.nexoinformativo.mx\/#organization\"},\"image\":{\"@id\":\"https:\/\/www.nexoinformativo.mx\/index.php\/2024\/11\/27\/mega-operativo-en-san-juan-del-rio-aseguran-27-vehiculos-y-detienen-a-dos-en-predio-clandestino\/#primaryimage\"},\"thumbnailUrl\":\"https:\/\/www.nexoinformativo.mx\/wp-content\/uploads\/2024\/11\/PHOTO-2024-11-27-16-33-49-2-e1732750366247.jpg\",\"keywords\":[\"OperativoPoliciaco\",\"RoboDeVeh\u00edculos\",\"SanJuanDelR\u00edo\",\"Seguridad\"],\"articleSection\":[\"Municipios\",\"Sucesos\",\"\u00daltima Hora\"],\"inLanguage\":\"es\",\"potentialAction\":[{\"@type\":\"CommentAction\",\"name\":\"Comment\",\"target\":[\"https:\/\/www.nexoinformativo.mx\/index.php\/2024\/11\/27\/mega-operativo-en-san-juan-del-rio-aseguran-27-vehiculos-y-detienen-a-dos-en-predio-clandestino\/#respond\"]}]},{\"@type\":\"WebPage\",\"@id\":\"https:\/\/www.nexoinformativo.mx\/index.php\/2024\/11\/27\/mega-operativo-en-san-juan-del-rio-aseguran-27-vehiculos-y-detienen-a-dos-en-predio-clandestino\/\",\"url\":\"https:\/\/www.nexoinformativo.mx\/index.php\/2024\/11\/27\/mega-operativo-en-san-juan-del-rio-aseguran-27-vehiculos-y-detienen-a-dos-en-predio-clandestino\/\",\"name\":\"Mega operativo en San Juan del R\u00edo: Aseguran 27 veh\u00edculos y detienen a dos en predio clandestino | Nexo Informativo Santiago de Quer\u00e9taro\",\"isPartOf\":{\"@id\":\"https:\/\/www.nexoinformativo.mx\/#website\"},\"primaryImageOfPage\":{\"@id\":\"https:\/\/www.nexoinformativo.mx\/index.php\/2024\/11\/27\/mega-operativo-en-san-juan-del-rio-aseguran-27-vehiculos-y-detienen-a-dos-en-predio-clandestino\/#primaryimage\"},\"image\":{\"@id\":\"https:\/\/www.nexoinformativo.mx\/index.php\/2024\/11\/27\/mega-operativo-en-san-juan-del-rio-aseguran-27-vehiculos-y-detienen-a-dos-en-predio-clandestino\/#primaryimage\"},\"thumbnailUrl\":\"https:\/\/www.nexoinformativo.mx\/wp-content\/uploads\/2024\/11\/PHOTO-2024-11-27-16-33-49-2-e1732750366247.jpg\",\"datePublished\":\"2024-11-27T21:30:39+00:00\",\"dateModified\":\"2024-11-27T23:33:33+00:00\",\"description\":\"Mega operativo en San Juan del R\u00edo: Aseguran 27 veh\u00edculos y detienen a dos en predio clandestino\",\"breadcrumb\":{\"@id\":\"https:\/\/www.nexoinformativo.mx\/index.php\/2024\/11\/27\/mega-operativo-en-san-juan-del-rio-aseguran-27-vehiculos-y-detienen-a-dos-en-predio-clandestino\/#breadcrumb\"},\"inLanguage\":\"es\",\"potentialAction\":[{\"@type\":\"ReadAction\",\"target\":[\"https:\/\/www.nexoinformativo.mx\/index.php\/2024\/11\/27\/mega-operativo-en-san-juan-del-rio-aseguran-27-vehiculos-y-detienen-a-dos-en-predio-clandestino\/\"]}]},{\"@type\":\"ImageObject\",\"inLanguage\":\"es\",\"@id\":\"https:\/\/www.nexoinformativo.mx\/index.php\/2024\/11\/27\/mega-operativo-en-san-juan-del-rio-aseguran-27-vehiculos-y-detienen-a-dos-en-predio-clandestino\/#primaryimage\",\"url\":\"https:\/\/www.nexoinformativo.mx\/wp-content\/uploads\/2024\/11\/PHOTO-2024-11-27-16-33-49-2-e1732750366247.jpg\",\"contentUrl\":\"https:\/\/www.nexoinformativo.mx\/wp-content\/uploads\/2024\/11\/PHOTO-2024-11-27-16-33-49-2-e1732750366247.jpg\",\"width\":800,\"height\":504},{\"@type\":\"BreadcrumbList\",\"@id\":\"https:\/\/www.nexoinformativo.mx\/index.php\/2024\/11\/27\/mega-operativo-en-san-juan-del-rio-aseguran-27-vehiculos-y-detienen-a-dos-en-predio-clandestino\/#breadcrumb\",\"itemListElement\":[{\"@type\":\"ListItem\",\"position\":1,\"name\":\"Inicio\",\"item\":\"https:\/\/www.nexoinformativo.mx\/\"},{\"@type\":\"ListItem\",\"position\":2,\"name\":\"Mega operativo en San Juan del R\u00edo: Aseguran 27 veh\u00edculos y detienen a dos en predio clandestino\"}]},{\"@type\":\"WebSite\",\"@id\":\"https:\/\/www.nexoinformativo.mx\/#website\",\"url\":\"https:\/\/www.nexoinformativo.mx\/\",\"name\":\"Nexo Informativo Santiago de Quer\u00e9taro\",\"description\":\"Explora NexoInformativo y convi\u00e9rtete en parte de una comunidad que valora el conocimiento y la verdad. Tu nexoinformativo es tu puente hacia una comprensi\u00f3n m\u00e1s profunda del mundo que te rodea.\",\"publisher\":{\"@id\":\"https:\/\/www.nexoinformativo.mx\/#organization\"},\"potentialAction\":[{\"@type\":\"SearchAction\",\"target\":{\"@type\":\"EntryPoint\",\"urlTemplate\":\"https:\/\/www.nexoinformativo.mx\/?s={search_term_string}\"},\"query-input\":{\"@type\":\"PropertyValueSpecification\",\"valueRequired\":true,\"valueName\":\"search_term_string\"}}],\"inLanguage\":\"es\"},{\"@type\":\"Organization\",\"@id\":\"https:\/\/www.nexoinformativo.mx\/#organization\",\"name\":\"Nexo Informativo Santiago de Quer\u00e9taro\",\"url\":\"https:\/\/www.nexoinformativo.mx\/\",\"logo\":{\"@type\":\"ImageObject\",\"inLanguage\":\"es\",\"@id\":\"https:\/\/www.nexoinformativo.mx\/#\/schema\/logo\/image\/\",\"url\":\"https:\/\/www.nexoinformativo.mx\/wp-content\/uploads\/2024\/07\/nexoi-trasparente-2.png\",\"contentUrl\":\"https:\/\/www.nexoinformativo.mx\/wp-content\/uploads\/2024\/07\/nexoi-trasparente-2.png\",\"width\":816,\"height\":339,\"caption\":\"Nexo Informativo Santiago de Quer\u00e9taro\"},\"image\":{\"@id\":\"https:\/\/www.nexoinformativo.mx\/#\/schema\/logo\/image\/\"},\"sameAs\":[\"https:\/\/www.facebook.com\/people\/Nexo-Informativo\/61564066885511\/\"]},{\"@type\":\"Person\",\"@id\":\"https:\/\/www.nexoinformativo.mx\/#\/schema\/person\/7749d380ba08c8ca00d7bc76fd907b7d\",\"name\":\"Nexo Informativo\",\"image\":{\"@type\":\"ImageObject\",\"inLanguage\":\"es\",\"@id\":\"https:\/\/www.nexoinformativo.mx\/#\/schema\/person\/image\/\",\"url\":\"https:\/\/secure.gravatar.com\/avatar\/dde2928154642a13d95f87ddf1ea9718fe2b46760a005c53e41ff5ad610704e6?s=96&d=mm&r=g\",\"contentUrl\":\"https:\/\/secure.gravatar.com\/avatar\/dde2928154642a13d95f87ddf1ea9718fe2b46760a005c53e41ff5ad610704e6?s=96&d=mm&r=g\",\"caption\":\"Nexo Informativo\"},\"url\":\"https:\/\/www.nexoinformativo.mx\/index.php\/author\/edicion\/\"}]}<\/script>\n<!-- \/ Yoast SEO plugin. -->","yoast_head_json":{"title":"Mega operativo en San Juan del R\u00edo: Aseguran 27 veh\u00edculos y detienen a dos en predio clandestino | Nexo Informativo Santiago de Quer\u00e9taro","description":"Mega operativo en San Juan del R\u00edo: Aseguran 27 veh\u00edculos y detienen a dos en predio clandestino","robots":{"index":"index","follow":"follow","max-snippet":"max-snippet:-1","max-image-preview":"max-image-preview:large","max-video-preview":"max-video-preview:-1"},"canonical":"https:\/\/www.nexoinformativo.mx\/index.php\/2024\/11\/27\/mega-operativo-en-san-juan-del-rio-aseguran-27-vehiculos-y-detienen-a-dos-en-predio-clandestino\/","og_locale":"es_MX","og_type":"article","og_title":"Mega operativo en San Juan del R\u00edo: Aseguran 27 veh\u00edculos y detienen a dos en predio clandestino | Nexo Informativo Santiago de Quer\u00e9taro","og_description":"Mega operativo en San Juan del R\u00edo: Aseguran 27 veh\u00edculos y detienen a dos en predio clandestino","og_url":"https:\/\/www.nexoinformativo.mx\/index.php\/2024\/11\/27\/mega-operativo-en-san-juan-del-rio-aseguran-27-vehiculos-y-detienen-a-dos-en-predio-clandestino\/","og_site_name":"Nexo Informativo Santiago de Quer\u00e9taro","article_publisher":"https:\/\/www.facebook.com\/people\/Nexo-Informativo\/61564066885511\/","article_published_time":"2024-11-27T21:30:39+00:00","article_modified_time":"2024-11-27T23:33:33+00:00","og_image":[{"width":800,"height":504,"url":"https:\/\/www.nexoinformativo.mx\/wp-content\/uploads\/2024\/11\/PHOTO-2024-11-27-16-33-49-2-e1732750366247.jpg","type":"image\/jpeg"}],"author":"Nexo Informativo","twitter_card":"summary_large_image","twitter_misc":{"Escrito por":"Nexo Informativo","Tiempo de lectura":"2 minutos"},"schema":{"@context":"https:\/\/schema.org","@graph":[{"@type":"Article","@id":"https:\/\/www.nexoinformativo.mx\/index.php\/2024\/11\/27\/mega-operativo-en-san-juan-del-rio-aseguran-27-vehiculos-y-detienen-a-dos-en-predio-clandestino\/#article","isPartOf":{"@id":"https:\/\/www.nexoinformativo.mx\/index.php\/2024\/11\/27\/mega-operativo-en-san-juan-del-rio-aseguran-27-vehiculos-y-detienen-a-dos-en-predio-clandestino\/"},"author":{"name":"Nexo Informativo","@id":"https:\/\/www.nexoinformativo.mx\/#\/schema\/person\/7749d380ba08c8ca00d7bc76fd907b7d"},"headline":"Mega operativo en San Juan del R\u00edo: Aseguran 27 veh\u00edculos y detienen a dos en predio clandestino","datePublished":"2024-11-27T21:30:39+00:00","dateModified":"2024-11-27T23:33:33+00:00","mainEntityOfPage":{"@id":"https:\/\/www.nexoinformativo.mx\/index.php\/2024\/11\/27\/mega-operativo-en-san-juan-del-rio-aseguran-27-vehiculos-y-detienen-a-dos-en-predio-clandestino\/"},"wordCount":271,"commentCount":0,"publisher":{"@id":"https:\/\/www.nexoinformativo.mx\/#organization"},"image":{"@id":"https:\/\/www.nexoinformativo.mx\/index.php\/2024\/11\/27\/mega-operativo-en-san-juan-del-rio-aseguran-27-vehiculos-y-detienen-a-dos-en-predio-clandestino\/#primaryimage"},"thumbnailUrl":"https:\/\/www.nexoinformativo.mx\/wp-content\/uploads\/2024\/11\/PHOTO-2024-11-27-16-33-49-2-e1732750366247.jpg","keywords":["OperativoPoliciaco","RoboDeVeh\u00edculos","SanJuanDelR\u00edo","Seguridad"],"articleSection":["Municipios","Sucesos","\u00daltima Hora"],"inLanguage":"es","potentialAction":[{"@type":"CommentAction","name":"Comment","target":["https:\/\/www.nexoinformativo.mx\/index.php\/2024\/11\/27\/mega-operativo-en-san-juan-del-rio-aseguran-27-vehiculos-y-detienen-a-dos-en-predio-clandestino\/#respond"]}]},{"@type":"WebPage","@id":"https:\/\/www.nexoinformativo.mx\/index.php\/2024\/11\/27\/mega-operativo-en-san-juan-del-rio-aseguran-27-vehiculos-y-detienen-a-dos-en-predio-clandestino\/","url":"https:\/\/www.nexoinformativo.mx\/index.php\/2024\/11\/27\/mega-operativo-en-san-juan-del-rio-aseguran-27-vehiculos-y-detienen-a-dos-en-predio-clandestino\/","name":"Mega operativo en San Juan del R\u00edo: Aseguran 27 veh\u00edculos y detienen a dos en predio clandestino | Nexo Informativo Santiago de Quer\u00e9taro","isPartOf":{"@id":"https:\/\/www.nexoinformativo.mx\/#website"},"primaryImageOfPage":{"@id":"https:\/\/www.nexoinformativo.mx\/index.php\/2024\/11\/27\/mega-operativo-en-san-juan-del-rio-aseguran-27-vehiculos-y-detienen-a-dos-en-predio-clandestino\/#primaryimage"},"image":{"@id":"https:\/\/www.nexoinformativo.mx\/index.php\/2024\/11\/27\/mega-operativo-en-san-juan-del-rio-aseguran-27-vehiculos-y-detienen-a-dos-en-predio-clandestino\/#primaryimage"},"thumbnailUrl":"https:\/\/www.nexoinformativo.mx\/wp-content\/uploads\/2024\/11\/PHOTO-2024-11-27-16-33-49-2-e1732750366247.jpg","datePublished":"2024-11-27T21:30:39+00:00","dateModified":"2024-11-27T23:33:33+00:00","description":"Mega operativo en San Juan del R\u00edo: Aseguran 27 veh\u00edculos y detienen a dos en predio clandestino","breadcrumb":{"@id":"https:\/\/www.nexoinformativo.mx\/index.php\/2024\/11\/27\/mega-operativo-en-san-juan-del-rio-aseguran-27-vehiculos-y-detienen-a-dos-en-predio-clandestino\/#breadcrumb"},"inLanguage":"es","potentialAction":[{"@type":"ReadAction","target":["https:\/\/www.nexoinformativo.mx\/index.php\/2024\/11\/27\/mega-operativo-en-san-juan-del-rio-aseguran-27-vehiculos-y-detienen-a-dos-en-predio-clandestino\/"]}]},{"@type":"ImageObject","inLanguage":"es","@id":"https:\/\/www.nexoinformativo.mx\/index.php\/2024\/11\/27\/mega-operativo-en-san-juan-del-rio-aseguran-27-vehiculos-y-detienen-a-dos-en-predio-clandestino\/#primaryimage","url":"https:\/\/www.nexoinformativo.mx\/wp-content\/uploads\/2024\/11\/PHOTO-2024-11-27-16-33-49-2-e1732750366247.jpg","contentUrl":"https:\/\/www.nexoinformativo.mx\/wp-content\/uploads\/2024\/11\/PHOTO-2024-11-27-16-33-49-2-e1732750366247.jpg","width":800,"height":504},{"@type":"BreadcrumbList","@id":"https:\/\/www.nexoinformativo.mx\/index.php\/2024\/11\/27\/mega-operativo-en-san-juan-del-rio-aseguran-27-vehiculos-y-detienen-a-dos-en-predio-clandestino\/#breadcrumb","itemListElement":[{"@type":"ListItem","position":1,"name":"Inicio","item":"https:\/\/www.nexoinformativo.mx\/"},{"@type":"ListItem","position":2,"name":"Mega operativo en San Juan del R\u00edo: Aseguran 27 veh\u00edculos y detienen a dos en predio clandestino"}]},{"@type":"WebSite","@id":"https:\/\/www.nexoinformativo.mx\/#website","url":"https:\/\/www.nexoinformativo.mx\/","name":"Nexo Informativo Santiago de Quer\u00e9taro","description":"Explora NexoInformativo y convi\u00e9rtete en parte de una comunidad que valora el conocimiento y la verdad. Tu nexoinformativo es tu puente hacia una comprensi\u00f3n m\u00e1s profunda del mundo que te rodea.","publisher":{"@id":"https:\/\/www.nexoinformativo.mx\/#organization"},"potentialAction":[{"@type":"SearchAction","target":{"@type":"EntryPoint","urlTemplate":"https:\/\/www.nexoinformativo.mx\/?s={search_term_string}"},"query-input":{"@type":"PropertyValueSpecification","valueRequired":true,"valueName":"search_term_string"}}],"inLanguage":"es"},{"@type":"Organization","@id":"https:\/\/www.nexoinformativo.mx\/#organization","name":"Nexo Informativo Santiago de Quer\u00e9taro","url":"https:\/\/www.nexoinformativo.mx\/","logo":{"@type":"ImageObject","inLanguage":"es","@id":"https:\/\/www.nexoinformativo.mx\/#\/schema\/logo\/image\/","url":"https:\/\/www.nexoinformativo.mx\/wp-content\/uploads\/2024\/07\/nexoi-trasparente-2.png","contentUrl":"https:\/\/www.nexoinformativo.mx\/wp-content\/uploads\/2024\/07\/nexoi-trasparente-2.png","width":816,"height":339,"caption":"Nexo Informativo Santiago de Quer\u00e9taro"},"image":{"@id":"https:\/\/www.nexoinformativo.mx\/#\/schema\/logo\/image\/"},"sameAs":["https:\/\/www.facebook.com\/people\/Nexo-Informativo\/61564066885511\/"]},{"@type":"Person","@id":"https:\/\/www.nexoinformativo.mx\/#\/schema\/person\/7749d380ba08c8ca00d7bc76fd907b7d","name":"Nexo Informativo","image":{"@type":"ImageObject","inLanguage":"es","@id":"https:\/\/www.nexoinformativo.mx\/#\/schema\/person\/image\/","url":"https:\/\/secure.gravatar.com\/avatar\/dde2928154642a13d95f87ddf1ea9718fe2b46760a005c53e41ff5ad610704e6?s=96&d=mm&r=g","contentUrl":"https:\/\/secure.gravatar.com\/avatar\/dde2928154642a13d95f87ddf1ea9718fe2b46760a005c53e41ff5ad610704e6?s=96&d=mm&r=g","caption":"Nexo Informativo"},"url":"https:\/\/www.nexoinformativo.mx\/index.php\/author\/edicion\/"}]}},"_links":{"self":[{"href":"https:\/\/www.nexoinformativo.mx\/index.php\/wp-json\/wp\/v2\/posts\/7126","targetHints":{"allow":["GET"]}}],"collection":[{"href":"https:\/\/www.nexoinformativo.mx\/index.php\/wp-json\/wp\/v2\/posts"}],"about":[{"href":"https:\/\/www.nexoinformativo.mx\/index.php\/wp-json\/wp\/v2\/types\/post"}],"author":[{"embeddable":true,"href":"https:\/\/www.nexoinformativo.mx\/index.php\/wp-json\/wp\/v2\/users\/3"}],"replies":[{"embeddable":true,"href":"https:\/\/www.nexoinformativo.mx\/index.php\/wp-json\/wp\/v2\/comments?post=7126"}],"version-history":[{"count":2,"href":"https:\/\/www.nexoinformativo.mx\/index.php\/wp-json\/wp\/v2\/posts\/7126\/revisions"}],"predecessor-version":[{"id":7129,"href":"https:\/\/www.nexoinformativo.mx\/index.php\/wp-json\/wp\/v2\/posts\/7126\/revisions\/7129"}],"wp:featuredmedia":[{"embeddable":true,"href":"https:\/\/www.nexoinformativo.mx\/index.php\/wp-json\/wp\/v2\/media\/7127"}],"wp:attachment":[{"href":"https:\/\/www.nexoinformativo.mx\/index.php\/wp-json\/wp\/v2\/media?parent=7126"}],"wp:term":[{"taxonomy":"category","embeddable":true,"href":"https:\/\/www.nexoinformativo.mx\/index.php\/wp-json\/wp\/v2\/categories?post=7126"},{"taxonomy":"post_tag","embeddable":true,"href":"https:\/\/www.nexoinformativo.mx\/index.php\/wp-json\/wp\/v2\/tags?post=7126"}],"curies":[{"name":"wp","href":"https:\/\/api.w.org\/{rel}","templated":true}]}}