{"id":7137,"date":"2024-11-27T16:30:04","date_gmt":"2024-11-27T22:30:04","guid":{"rendered":"https:\/\/www.nexoinformativo.mx\/?p=7137"},"modified":"2024-11-27T17:44:34","modified_gmt":"2024-11-27T23:44:34","slug":"mas-de-2-mil-mujeres-de-amealco-y-huimilpan-reciben-apoyo-economico-con-tarjetas-contigo","status":"publish","type":"post","link":"https:\/\/www.nexoinformativo.mx\/index.php\/2024\/11\/27\/mas-de-2-mil-mujeres-de-amealco-y-huimilpan-reciben-apoyo-economico-con-tarjetas-contigo\/","title":{"rendered":"M\u00e1s de 2 mil mujeres de Amealco y Huimilpan reciben apoyo econ\u00f3mico con Tarjetas CONTIGO"},"content":{"rendered":"<p style=\"text-align: justify;\" data-sourcepos=\"9:1-9:280\">Un total de 2,656 mujeres jefas de familia de los municipios de Amealco y Huimilpan recibieron la Tarjeta CONTIGO, un programa impulsado por el Gobierno del Estado de Quer\u00e9taro para brindar apoyo econ\u00f3mico y empoderamiento a las mujeres queretanas.<\/p>\n<p>&nbsp;<\/p>\n<p style=\"text-align: justify;\" data-sourcepos=\"11:1-11:328\">El Secretario de Desarrollo Social, Luis Nava, encabez\u00f3 la entrega de estas tarjetas, que otorgan un apoyo bimestral de $1,500 pesos para ayudar a las familias a cubrir sus necesidades b\u00e1sicas. <strong>\u201cQueremos que sepan que nosotros las vamos a apoyar y acompa\u00f1ar, para que ustedes, las mujeres de Amealco, vivan mejor\u201d<\/strong>, expres\u00f3 Nava.<\/p>\n<p>&nbsp;<\/p>\n<p style=\"text-align: justify;\" data-sourcepos=\"13:1-13:246\">Adem\u00e1s del apoyo econ\u00f3mico, el programa CONTIGO ofrece talleres y capacitaciones para que las mujeres desarrollen nuevas habilidades y emprendan proyectos productivos. El objetivo es fortalecer su autonom\u00eda econ\u00f3mica y mejorar su calidad de vida.<\/p>\n<p>&nbsp;<\/p>\n<p style=\"text-align: justify;\" data-sourcepos=\"15:1-15:134\">Con esta iniciativa, el Gobierno del Estado refrenda su compromiso con la igualdad de g\u00e9nero y el bienestar de las mujeres queretanas.<\/p>\n<p>&nbsp;<\/p>\n<p style=\"text-align: center;\" data-sourcepos=\"15:1-15:134\"><em><strong>\u00a1Informaci\u00f3n que transforma!<\/strong><\/em><\/p>\n","protected":false},"excerpt":{"rendered":"<p>Un total de 2,656 mujeres jefas de familia de los municipios de Amealco y Huimilpan recibieron la Tarjeta CONTIGO, un programa impulsado por el Gobierno del Estado de Quer\u00e9taro para brindar apoyo econ\u00f3mico y empoderamiento a las mujeres queretanas.<\/p>\n","protected":false},"author":3,"featured_media":7138,"comment_status":"open","ping_status":"open","sticky":false,"template":"","format":"standard","meta":{"footnotes":""},"categories":[65,58],"tags":[1417,1818,133,2132],"class_list":["post-7137","post","type-post","status-publish","format-standard","has-post-thumbnail","hentry","category-municipios","category-ultima-hora","tag-empoderamientofemenino","tag-mujeresqueretanas","tag-queretaro","tag-tarjetascontigo"],"yoast_head":"<!-- This site is optimized with the Yoast SEO plugin v25.0 - https:\/\/yoast.com\/wordpress\/plugins\/seo\/ -->\n<title>M\u00e1s de 2 mil mujeres de Amealco y Huimilpan reciben apoyo econ\u00f3mico con Tarjetas CONTIGO | Nexo Informativo Santiago de Quer\u00e9taro<\/title>\n<meta name=\"description\" content=\"M\u00e1s de 2 mil mujeres de Amealco y Huimilpan reciben apoyo econ\u00f3mico con Tarjetas CONTIGO\" \/>\n<meta name=\"robots\" content=\"index, follow, max-snippet:-1, max-image-preview:large, max-video-preview:-1\" \/>\n<link rel=\"canonical\" href=\"https:\/\/www.nexoinformativo.mx\/index.php\/2024\/11\/27\/mas-de-2-mil-mujeres-de-amealco-y-huimilpan-reciben-apoyo-economico-con-tarjetas-contigo\/\" \/>\n<meta property=\"og:locale\" content=\"es_MX\" \/>\n<meta property=\"og:type\" content=\"article\" \/>\n<meta property=\"og:title\" content=\"M\u00e1s de 2 mil mujeres de Amealco y Huimilpan reciben apoyo econ\u00f3mico con Tarjetas CONTIGO | Nexo Informativo Santiago de Quer\u00e9taro\" \/>\n<meta property=\"og:description\" content=\"M\u00e1s de 2 mil mujeres de Amealco y Huimilpan reciben apoyo econ\u00f3mico con Tarjetas CONTIGO\" \/>\n<meta property=\"og:url\" content=\"https:\/\/www.nexoinformativo.mx\/index.php\/2024\/11\/27\/mas-de-2-mil-mujeres-de-amealco-y-huimilpan-reciben-apoyo-economico-con-tarjetas-contigo\/\" \/>\n<meta property=\"og:site_name\" content=\"Nexo Informativo Santiago de Quer\u00e9taro\" \/>\n<meta property=\"article:publisher\" content=\"https:\/\/www.facebook.com\/people\/Nexo-Informativo\/61564066885511\/\" \/>\n<meta property=\"article:published_time\" content=\"2024-11-27T22:30:04+00:00\" \/>\n<meta property=\"article:modified_time\" content=\"2024-11-27T23:44:34+00:00\" \/>\n<meta property=\"og:image\" content=\"https:\/\/www.nexoinformativo.mx\/wp-content\/uploads\/2024\/11\/PHOTO-2024-11-27-17-21-17-e1732751028343.jpg\" \/>\n\t<meta property=\"og:image:width\" content=\"800\" \/>\n\t<meta property=\"og:image:height\" content=\"533\" \/>\n\t<meta property=\"og:image:type\" content=\"image\/jpeg\" \/>\n<meta name=\"author\" content=\"Nexo Informativo\" \/>\n<meta name=\"twitter:card\" content=\"summary_large_image\" \/>\n<meta name=\"twitter:label1\" content=\"Escrito por\" \/>\n\t<meta name=\"twitter:data1\" content=\"Nexo Informativo\" \/>\n\t<meta name=\"twitter:label2\" content=\"Tiempo de lectura\" \/>\n\t<meta name=\"twitter:data2\" content=\"1 minuto\" \/>\n<script type=\"application\/ld+json\" class=\"yoast-schema-graph\">{\"@context\":\"https:\/\/schema.org\",\"@graph\":[{\"@type\":\"Article\",\"@id\":\"https:\/\/www.nexoinformativo.mx\/index.php\/2024\/11\/27\/mas-de-2-mil-mujeres-de-amealco-y-huimilpan-reciben-apoyo-economico-con-tarjetas-contigo\/#article\",\"isPartOf\":{\"@id\":\"https:\/\/www.nexoinformativo.mx\/index.php\/2024\/11\/27\/mas-de-2-mil-mujeres-de-amealco-y-huimilpan-reciben-apoyo-economico-con-tarjetas-contigo\/\"},\"author\":{\"name\":\"Nexo Informativo\",\"@id\":\"https:\/\/www.nexoinformativo.mx\/#\/schema\/person\/7749d380ba08c8ca00d7bc76fd907b7d\"},\"headline\":\"M\u00e1s de 2 mil mujeres de Amealco y Huimilpan reciben apoyo econ\u00f3mico con Tarjetas CONTIGO\",\"datePublished\":\"2024-11-27T22:30:04+00:00\",\"dateModified\":\"2024-11-27T23:44:34+00:00\",\"mainEntityOfPage\":{\"@id\":\"https:\/\/www.nexoinformativo.mx\/index.php\/2024\/11\/27\/mas-de-2-mil-mujeres-de-amealco-y-huimilpan-reciben-apoyo-economico-con-tarjetas-contigo\/\"},\"wordCount\":180,\"commentCount\":0,\"publisher\":{\"@id\":\"https:\/\/www.nexoinformativo.mx\/#organization\"},\"image\":{\"@id\":\"https:\/\/www.nexoinformativo.mx\/index.php\/2024\/11\/27\/mas-de-2-mil-mujeres-de-amealco-y-huimilpan-reciben-apoyo-economico-con-tarjetas-contigo\/#primaryimage\"},\"thumbnailUrl\":\"https:\/\/www.nexoinformativo.mx\/wp-content\/uploads\/2024\/11\/PHOTO-2024-11-27-17-21-17-e1732751028343.jpg\",\"keywords\":[\"EmpoderamientoFemenino\",\"MujeresQueretanas\",\"Quer\u00e9taro\",\"TarjetasCONTIGO\"],\"articleSection\":[\"Municipios\",\"\u00daltima Hora\"],\"inLanguage\":\"es\",\"potentialAction\":[{\"@type\":\"CommentAction\",\"name\":\"Comment\",\"target\":[\"https:\/\/www.nexoinformativo.mx\/index.php\/2024\/11\/27\/mas-de-2-mil-mujeres-de-amealco-y-huimilpan-reciben-apoyo-economico-con-tarjetas-contigo\/#respond\"]}]},{\"@type\":\"WebPage\",\"@id\":\"https:\/\/www.nexoinformativo.mx\/index.php\/2024\/11\/27\/mas-de-2-mil-mujeres-de-amealco-y-huimilpan-reciben-apoyo-economico-con-tarjetas-contigo\/\",\"url\":\"https:\/\/www.nexoinformativo.mx\/index.php\/2024\/11\/27\/mas-de-2-mil-mujeres-de-amealco-y-huimilpan-reciben-apoyo-economico-con-tarjetas-contigo\/\",\"name\":\"M\u00e1s de 2 mil mujeres de Amealco y Huimilpan reciben apoyo econ\u00f3mico con Tarjetas CONTIGO | Nexo Informativo Santiago de Quer\u00e9taro\",\"isPartOf\":{\"@id\":\"https:\/\/www.nexoinformativo.mx\/#website\"},\"primaryImageOfPage\":{\"@id\":\"https:\/\/www.nexoinformativo.mx\/index.php\/2024\/11\/27\/mas-de-2-mil-mujeres-de-amealco-y-huimilpan-reciben-apoyo-economico-con-tarjetas-contigo\/#primaryimage\"},\"image\":{\"@id\":\"https:\/\/www.nexoinformativo.mx\/index.php\/2024\/11\/27\/mas-de-2-mil-mujeres-de-amealco-y-huimilpan-reciben-apoyo-economico-con-tarjetas-contigo\/#primaryimage\"},\"thumbnailUrl\":\"https:\/\/www.nexoinformativo.mx\/wp-content\/uploads\/2024\/11\/PHOTO-2024-11-27-17-21-17-e1732751028343.jpg\",\"datePublished\":\"2024-11-27T22:30:04+00:00\",\"dateModified\":\"2024-11-27T23:44:34+00:00\",\"description\":\"M\u00e1s de 2 mil mujeres de Amealco y Huimilpan reciben apoyo econ\u00f3mico con Tarjetas CONTIGO\",\"breadcrumb\":{\"@id\":\"https:\/\/www.nexoinformativo.mx\/index.php\/2024\/11\/27\/mas-de-2-mil-mujeres-de-amealco-y-huimilpan-reciben-apoyo-economico-con-tarjetas-contigo\/#breadcrumb\"},\"inLanguage\":\"es\",\"potentialAction\":[{\"@type\":\"ReadAction\",\"target\":[\"https:\/\/www.nexoinformativo.mx\/index.php\/2024\/11\/27\/mas-de-2-mil-mujeres-de-amealco-y-huimilpan-reciben-apoyo-economico-con-tarjetas-contigo\/\"]}]},{\"@type\":\"ImageObject\",\"inLanguage\":\"es\",\"@id\":\"https:\/\/www.nexoinformativo.mx\/index.php\/2024\/11\/27\/mas-de-2-mil-mujeres-de-amealco-y-huimilpan-reciben-apoyo-economico-con-tarjetas-contigo\/#primaryimage\",\"url\":\"https:\/\/www.nexoinformativo.mx\/wp-content\/uploads\/2024\/11\/PHOTO-2024-11-27-17-21-17-e1732751028343.jpg\",\"contentUrl\":\"https:\/\/www.nexoinformativo.mx\/wp-content\/uploads\/2024\/11\/PHOTO-2024-11-27-17-21-17-e1732751028343.jpg\",\"width\":800,\"height\":533},{\"@type\":\"BreadcrumbList\",\"@id\":\"https:\/\/www.nexoinformativo.mx\/index.php\/2024\/11\/27\/mas-de-2-mil-mujeres-de-amealco-y-huimilpan-reciben-apoyo-economico-con-tarjetas-contigo\/#breadcrumb\",\"itemListElement\":[{\"@type\":\"ListItem\",\"position\":1,\"name\":\"Inicio\",\"item\":\"https:\/\/www.nexoinformativo.mx\/\"},{\"@type\":\"ListItem\",\"position\":2,\"name\":\"M\u00e1s de 2 mil mujeres de Amealco y Huimilpan reciben apoyo econ\u00f3mico con Tarjetas CONTIGO\"}]},{\"@type\":\"WebSite\",\"@id\":\"https:\/\/www.nexoinformativo.mx\/#website\",\"url\":\"https:\/\/www.nexoinformativo.mx\/\",\"name\":\"Nexo Informativo Santiago de Quer\u00e9taro\",\"description\":\"Explora NexoInformativo y convi\u00e9rtete en parte de una comunidad que valora el conocimiento y la verdad. Tu nexoinformativo es tu puente hacia una comprensi\u00f3n m\u00e1s profunda del mundo que te rodea.\",\"publisher\":{\"@id\":\"https:\/\/www.nexoinformativo.mx\/#organization\"},\"potentialAction\":[{\"@type\":\"SearchAction\",\"target\":{\"@type\":\"EntryPoint\",\"urlTemplate\":\"https:\/\/www.nexoinformativo.mx\/?s={search_term_string}\"},\"query-input\":{\"@type\":\"PropertyValueSpecification\",\"valueRequired\":true,\"valueName\":\"search_term_string\"}}],\"inLanguage\":\"es\"},{\"@type\":\"Organization\",\"@id\":\"https:\/\/www.nexoinformativo.mx\/#organization\",\"name\":\"Nexo Informativo Santiago de Quer\u00e9taro\",\"url\":\"https:\/\/www.nexoinformativo.mx\/\",\"logo\":{\"@type\":\"ImageObject\",\"inLanguage\":\"es\",\"@id\":\"https:\/\/www.nexoinformativo.mx\/#\/schema\/logo\/image\/\",\"url\":\"https:\/\/www.nexoinformativo.mx\/wp-content\/uploads\/2024\/07\/nexoi-trasparente-2.png\",\"contentUrl\":\"https:\/\/www.nexoinformativo.mx\/wp-content\/uploads\/2024\/07\/nexoi-trasparente-2.png\",\"width\":816,\"height\":339,\"caption\":\"Nexo Informativo Santiago de Quer\u00e9taro\"},\"image\":{\"@id\":\"https:\/\/www.nexoinformativo.mx\/#\/schema\/logo\/image\/\"},\"sameAs\":[\"https:\/\/www.facebook.com\/people\/Nexo-Informativo\/61564066885511\/\"]},{\"@type\":\"Person\",\"@id\":\"https:\/\/www.nexoinformativo.mx\/#\/schema\/person\/7749d380ba08c8ca00d7bc76fd907b7d\",\"name\":\"Nexo Informativo\",\"image\":{\"@type\":\"ImageObject\",\"inLanguage\":\"es\",\"@id\":\"https:\/\/www.nexoinformativo.mx\/#\/schema\/person\/image\/\",\"url\":\"https:\/\/secure.gravatar.com\/avatar\/dde2928154642a13d95f87ddf1ea9718fe2b46760a005c53e41ff5ad610704e6?s=96&d=mm&r=g\",\"contentUrl\":\"https:\/\/secure.gravatar.com\/avatar\/dde2928154642a13d95f87ddf1ea9718fe2b46760a005c53e41ff5ad610704e6?s=96&d=mm&r=g\",\"caption\":\"Nexo Informativo\"},\"url\":\"https:\/\/www.nexoinformativo.mx\/index.php\/author\/edicion\/\"}]}<\/script>\n<!-- \/ Yoast SEO plugin. -->","yoast_head_json":{"title":"M\u00e1s de 2 mil mujeres de Amealco y Huimilpan reciben apoyo econ\u00f3mico con Tarjetas CONTIGO | Nexo Informativo Santiago de Quer\u00e9taro","description":"M\u00e1s de 2 mil mujeres de Amealco y Huimilpan reciben apoyo econ\u00f3mico con Tarjetas CONTIGO","robots":{"index":"index","follow":"follow","max-snippet":"max-snippet:-1","max-image-preview":"max-image-preview:large","max-video-preview":"max-video-preview:-1"},"canonical":"https:\/\/www.nexoinformativo.mx\/index.php\/2024\/11\/27\/mas-de-2-mil-mujeres-de-amealco-y-huimilpan-reciben-apoyo-economico-con-tarjetas-contigo\/","og_locale":"es_MX","og_type":"article","og_title":"M\u00e1s de 2 mil mujeres de Amealco y Huimilpan reciben apoyo econ\u00f3mico con Tarjetas CONTIGO | Nexo Informativo Santiago de Quer\u00e9taro","og_description":"M\u00e1s de 2 mil mujeres de Amealco y Huimilpan reciben apoyo econ\u00f3mico con Tarjetas CONTIGO","og_url":"https:\/\/www.nexoinformativo.mx\/index.php\/2024\/11\/27\/mas-de-2-mil-mujeres-de-amealco-y-huimilpan-reciben-apoyo-economico-con-tarjetas-contigo\/","og_site_name":"Nexo Informativo Santiago de Quer\u00e9taro","article_publisher":"https:\/\/www.facebook.com\/people\/Nexo-Informativo\/61564066885511\/","article_published_time":"2024-11-27T22:30:04+00:00","article_modified_time":"2024-11-27T23:44:34+00:00","og_image":[{"width":800,"height":533,"url":"https:\/\/www.nexoinformativo.mx\/wp-content\/uploads\/2024\/11\/PHOTO-2024-11-27-17-21-17-e1732751028343.jpg","type":"image\/jpeg"}],"author":"Nexo Informativo","twitter_card":"summary_large_image","twitter_misc":{"Escrito por":"Nexo Informativo","Tiempo de lectura":"1 minuto"},"schema":{"@context":"https:\/\/schema.org","@graph":[{"@type":"Article","@id":"https:\/\/www.nexoinformativo.mx\/index.php\/2024\/11\/27\/mas-de-2-mil-mujeres-de-amealco-y-huimilpan-reciben-apoyo-economico-con-tarjetas-contigo\/#article","isPartOf":{"@id":"https:\/\/www.nexoinformativo.mx\/index.php\/2024\/11\/27\/mas-de-2-mil-mujeres-de-amealco-y-huimilpan-reciben-apoyo-economico-con-tarjetas-contigo\/"},"author":{"name":"Nexo Informativo","@id":"https:\/\/www.nexoinformativo.mx\/#\/schema\/person\/7749d380ba08c8ca00d7bc76fd907b7d"},"headline":"M\u00e1s de 2 mil mujeres de Amealco y Huimilpan reciben apoyo econ\u00f3mico con Tarjetas CONTIGO","datePublished":"2024-11-27T22:30:04+00:00","dateModified":"2024-11-27T23:44:34+00:00","mainEntityOfPage":{"@id":"https:\/\/www.nexoinformativo.mx\/index.php\/2024\/11\/27\/mas-de-2-mil-mujeres-de-amealco-y-huimilpan-reciben-apoyo-economico-con-tarjetas-contigo\/"},"wordCount":180,"commentCount":0,"publisher":{"@id":"https:\/\/www.nexoinformativo.mx\/#organization"},"image":{"@id":"https:\/\/www.nexoinformativo.mx\/index.php\/2024\/11\/27\/mas-de-2-mil-mujeres-de-amealco-y-huimilpan-reciben-apoyo-economico-con-tarjetas-contigo\/#primaryimage"},"thumbnailUrl":"https:\/\/www.nexoinformativo.mx\/wp-content\/uploads\/2024\/11\/PHOTO-2024-11-27-17-21-17-e1732751028343.jpg","keywords":["EmpoderamientoFemenino","MujeresQueretanas","Quer\u00e9taro","TarjetasCONTIGO"],"articleSection":["Municipios","\u00daltima Hora"],"inLanguage":"es","potentialAction":[{"@type":"CommentAction","name":"Comment","target":["https:\/\/www.nexoinformativo.mx\/index.php\/2024\/11\/27\/mas-de-2-mil-mujeres-de-amealco-y-huimilpan-reciben-apoyo-economico-con-tarjetas-contigo\/#respond"]}]},{"@type":"WebPage","@id":"https:\/\/www.nexoinformativo.mx\/index.php\/2024\/11\/27\/mas-de-2-mil-mujeres-de-amealco-y-huimilpan-reciben-apoyo-economico-con-tarjetas-contigo\/","url":"https:\/\/www.nexoinformativo.mx\/index.php\/2024\/11\/27\/mas-de-2-mil-mujeres-de-amealco-y-huimilpan-reciben-apoyo-economico-con-tarjetas-contigo\/","name":"M\u00e1s de 2 mil mujeres de Amealco y Huimilpan reciben apoyo econ\u00f3mico con Tarjetas CONTIGO | Nexo Informativo Santiago de Quer\u00e9taro","isPartOf":{"@id":"https:\/\/www.nexoinformativo.mx\/#website"},"primaryImageOfPage":{"@id":"https:\/\/www.nexoinformativo.mx\/index.php\/2024\/11\/27\/mas-de-2-mil-mujeres-de-amealco-y-huimilpan-reciben-apoyo-economico-con-tarjetas-contigo\/#primaryimage"},"image":{"@id":"https:\/\/www.nexoinformativo.mx\/index.php\/2024\/11\/27\/mas-de-2-mil-mujeres-de-amealco-y-huimilpan-reciben-apoyo-economico-con-tarjetas-contigo\/#primaryimage"},"thumbnailUrl":"https:\/\/www.nexoinformativo.mx\/wp-content\/uploads\/2024\/11\/PHOTO-2024-11-27-17-21-17-e1732751028343.jpg","datePublished":"2024-11-27T22:30:04+00:00","dateModified":"2024-11-27T23:44:34+00:00","description":"M\u00e1s de 2 mil mujeres de Amealco y Huimilpan reciben apoyo econ\u00f3mico con Tarjetas CONTIGO","breadcrumb":{"@id":"https:\/\/www.nexoinformativo.mx\/index.php\/2024\/11\/27\/mas-de-2-mil-mujeres-de-amealco-y-huimilpan-reciben-apoyo-economico-con-tarjetas-contigo\/#breadcrumb"},"inLanguage":"es","potentialAction":[{"@type":"ReadAction","target":["https:\/\/www.nexoinformativo.mx\/index.php\/2024\/11\/27\/mas-de-2-mil-mujeres-de-amealco-y-huimilpan-reciben-apoyo-economico-con-tarjetas-contigo\/"]}]},{"@type":"ImageObject","inLanguage":"es","@id":"https:\/\/www.nexoinformativo.mx\/index.php\/2024\/11\/27\/mas-de-2-mil-mujeres-de-amealco-y-huimilpan-reciben-apoyo-economico-con-tarjetas-contigo\/#primaryimage","url":"https:\/\/www.nexoinformativo.mx\/wp-content\/uploads\/2024\/11\/PHOTO-2024-11-27-17-21-17-e1732751028343.jpg","contentUrl":"https:\/\/www.nexoinformativo.mx\/wp-content\/uploads\/2024\/11\/PHOTO-2024-11-27-17-21-17-e1732751028343.jpg","width":800,"height":533},{"@type":"BreadcrumbList","@id":"https:\/\/www.nexoinformativo.mx\/index.php\/2024\/11\/27\/mas-de-2-mil-mujeres-de-amealco-y-huimilpan-reciben-apoyo-economico-con-tarjetas-contigo\/#breadcrumb","itemListElement":[{"@type":"ListItem","position":1,"name":"Inicio","item":"https:\/\/www.nexoinformativo.mx\/"},{"@type":"ListItem","position":2,"name":"M\u00e1s de 2 mil mujeres de Amealco y Huimilpan reciben apoyo econ\u00f3mico con Tarjetas CONTIGO"}]},{"@type":"WebSite","@id":"https:\/\/www.nexoinformativo.mx\/#website","url":"https:\/\/www.nexoinformativo.mx\/","name":"Nexo Informativo Santiago de Quer\u00e9taro","description":"Explora NexoInformativo y convi\u00e9rtete en parte de una comunidad que valora el conocimiento y la verdad. Tu nexoinformativo es tu puente hacia una comprensi\u00f3n m\u00e1s profunda del mundo que te rodea.","publisher":{"@id":"https:\/\/www.nexoinformativo.mx\/#organization"},"potentialAction":[{"@type":"SearchAction","target":{"@type":"EntryPoint","urlTemplate":"https:\/\/www.nexoinformativo.mx\/?s={search_term_string}"},"query-input":{"@type":"PropertyValueSpecification","valueRequired":true,"valueName":"search_term_string"}}],"inLanguage":"es"},{"@type":"Organization","@id":"https:\/\/www.nexoinformativo.mx\/#organization","name":"Nexo Informativo Santiago de Quer\u00e9taro","url":"https:\/\/www.nexoinformativo.mx\/","logo":{"@type":"ImageObject","inLanguage":"es","@id":"https:\/\/www.nexoinformativo.mx\/#\/schema\/logo\/image\/","url":"https:\/\/www.nexoinformativo.mx\/wp-content\/uploads\/2024\/07\/nexoi-trasparente-2.png","contentUrl":"https:\/\/www.nexoinformativo.mx\/wp-content\/uploads\/2024\/07\/nexoi-trasparente-2.png","width":816,"height":339,"caption":"Nexo Informativo Santiago de Quer\u00e9taro"},"image":{"@id":"https:\/\/www.nexoinformativo.mx\/#\/schema\/logo\/image\/"},"sameAs":["https:\/\/www.facebook.com\/people\/Nexo-Informativo\/61564066885511\/"]},{"@type":"Person","@id":"https:\/\/www.nexoinformativo.mx\/#\/schema\/person\/7749d380ba08c8ca00d7bc76fd907b7d","name":"Nexo Informativo","image":{"@type":"ImageObject","inLanguage":"es","@id":"https:\/\/www.nexoinformativo.mx\/#\/schema\/person\/image\/","url":"https:\/\/secure.gravatar.com\/avatar\/dde2928154642a13d95f87ddf1ea9718fe2b46760a005c53e41ff5ad610704e6?s=96&d=mm&r=g","contentUrl":"https:\/\/secure.gravatar.com\/avatar\/dde2928154642a13d95f87ddf1ea9718fe2b46760a005c53e41ff5ad610704e6?s=96&d=mm&r=g","caption":"Nexo Informativo"},"url":"https:\/\/www.nexoinformativo.mx\/index.php\/author\/edicion\/"}]}},"_links":{"self":[{"href":"https:\/\/www.nexoinformativo.mx\/index.php\/wp-json\/wp\/v2\/posts\/7137","targetHints":{"allow":["GET"]}}],"collection":[{"href":"https:\/\/www.nexoinformativo.mx\/index.php\/wp-json\/wp\/v2\/posts"}],"about":[{"href":"https:\/\/www.nexoinformativo.mx\/index.php\/wp-json\/wp\/v2\/types\/post"}],"author":[{"embeddable":true,"href":"https:\/\/www.nexoinformativo.mx\/index.php\/wp-json\/wp\/v2\/users\/3"}],"replies":[{"embeddable":true,"href":"https:\/\/www.nexoinformativo.mx\/index.php\/wp-json\/wp\/v2\/comments?post=7137"}],"version-history":[{"count":3,"href":"https:\/\/www.nexoinformativo.mx\/index.php\/wp-json\/wp\/v2\/posts\/7137\/revisions"}],"predecessor-version":[{"id":7141,"href":"https:\/\/www.nexoinformativo.mx\/index.php\/wp-json\/wp\/v2\/posts\/7137\/revisions\/7141"}],"wp:featuredmedia":[{"embeddable":true,"href":"https:\/\/www.nexoinformativo.mx\/index.php\/wp-json\/wp\/v2\/media\/7138"}],"wp:attachment":[{"href":"https:\/\/www.nexoinformativo.mx\/index.php\/wp-json\/wp\/v2\/media?parent=7137"}],"wp:term":[{"taxonomy":"category","embeddable":true,"href":"https:\/\/www.nexoinformativo.mx\/index.php\/wp-json\/wp\/v2\/categories?post=7137"},{"taxonomy":"post_tag","embeddable":true,"href":"https:\/\/www.nexoinformativo.mx\/index.php\/wp-json\/wp\/v2\/tags?post=7137"}],"curies":[{"name":"wp","href":"https:\/\/api.w.org\/{rel}","templated":true}]}}