{"id":7153,"date":"2024-11-28T07:00:57","date_gmt":"2024-11-28T13:00:57","guid":{"rendered":"https:\/\/www.nexoinformativo.mx\/?p=7153"},"modified":"2024-11-28T08:14:49","modified_gmt":"2024-11-28T14:14:49","slug":"unen-esfuerzos-sedif-y-voluntariado-militar-para-apoyar-a-familias-vulnerables","status":"publish","type":"post","link":"https:\/\/www.nexoinformativo.mx\/index.php\/2024\/11\/28\/unen-esfuerzos-sedif-y-voluntariado-militar-para-apoyar-a-familias-vulnerables\/","title":{"rendered":"Unen esfuerzos SEDIF y Voluntariado Militar para apoyar a familias vulnerables"},"content":{"rendered":"<p style=\"text-align: justify;\">Con la finalidad de crear alianzas y seguir trabajando por las personas m\u00e1s vulnerables, la presidenta del Patronato del Sistema Estatal DIF, Car Herrera de Kuri, se reuni\u00f3 con las damas del voluntariado de la 17\u00aa Zona Militar.<\/p>\n<p>&nbsp;<\/p>\n<p style=\"text-align: justify;\">Durante el encuentro, se destac\u00f3 la importancia del voluntariado en el apoyo a las familias que m\u00e1s lo necesitan y se recorri\u00f3 una exposici\u00f3n de manualidades.<\/p>\n<p>&nbsp;<\/p>\n<p style=\"text-align: justify;\">Car Herrera resalt\u00f3 que el prop\u00f3sito del voluntariado es ayudar a las familias y promover acciones de desarrollo social como actividades culturales, educativas, de capacitaci\u00f3n y de convivencia. Y felicit\u00f3 a las voluntarias por formar un grupo s\u00f3lido y comprometido.<\/p>\n<p>&nbsp;<\/p>\n<p style=\"text-align: justify;\"><strong>\u201cTenemos una cosa en com\u00fan, en el DIF Estatal lo que hacemos es tambi\u00e9n de coraz\u00f3n. Nos enaltece poder ense\u00f1ar lo que sabemos y ver la gran labor que hacen aqu\u00ed,\u201d<\/strong> destac\u00f3 Car Herrera.<\/p>\n<p>&nbsp;<\/p>\n<p style=\"text-align: justify;\">Ver\u00f3nica G\u00f3mez, titular del Voluntariado Quer\u00e9taro de la 17\u00aa Zona Militar, dio la bienvenida a las autoridades estatales y reafirm\u00f3 el compromiso de su voluntariado con la familia militar, proporcionando un espacio para mejorar la calidad de vida de sus integrantes.<\/p>\n<p>&nbsp;<\/p>\n<p style=\"text-align: justify;\"><strong>\u201cFomentamos actividades de desarrollo humano en un marco de participaci\u00f3n voluntaria y con un amplio esp\u00edritu de compromiso y servicio,\u201d<\/strong> asegur\u00f3 G\u00f3mez Ceja.<\/p>\n<p>&nbsp;<\/p>\n<p style=\"text-align: justify;\">Entre los cursos impartidos por el voluntariado destacan talleres de acondicionamiento f\u00edsico, zumba, bisuter\u00eda, vitromosaico, popotillo, tejido, bordado, globoflexia, reposter\u00eda, lenguaje de se\u00f1as, pintura, acrobacia y karate.<\/p>\n<p>&nbsp;<\/p>\n<p style=\"text-align: center;\"><em><strong>\u00a1Informaci\u00f3n que transforma!<\/strong><\/em><\/p>\n","protected":false},"excerpt":{"rendered":"<p>Con la finalidad de crear alianzas y seguir trabajando por las personas m\u00e1s vulnerables, la presidenta del Patronato del Sistema Estatal DIF, Car Herrera de Kuri, se reuni\u00f3 con las damas del voluntariado de la 17\u00aa Zona Militar.<\/p>\n","protected":false},"author":3,"featured_media":7154,"comment_status":"open","ping_status":"open","sticky":false,"template":"","format":"standard","meta":{"footnotes":""},"categories":[42,58],"tags":[2410,896,455,2411],"class_list":["post-7153","post","type-post","status-publish","format-standard","has-post-thumbnail","hentry","category-estado","category-ultima-hora","tag-alianzassolidarias","tag-apoyocomunitario","tag-desarrollosocial","tag-voluntariadoqueretaro"],"yoast_head":"<!-- This site is optimized with the Yoast SEO plugin v25.0 - https:\/\/yoast.com\/wordpress\/plugins\/seo\/ -->\n<title>Unen esfuerzos SEDIF y Voluntariado Militar para apoyar a familias vulnerables | Nexo Informativo Santiago de Quer\u00e9taro<\/title>\n<meta name=\"description\" content=\"Unen esfuerzos SEDIF y Voluntariado Militar para apoyar a familias vulnerables\" \/>\n<meta name=\"robots\" content=\"index, follow, max-snippet:-1, max-image-preview:large, max-video-preview:-1\" \/>\n<link rel=\"canonical\" href=\"https:\/\/www.nexoinformativo.mx\/index.php\/2024\/11\/28\/unen-esfuerzos-sedif-y-voluntariado-militar-para-apoyar-a-familias-vulnerables\/\" \/>\n<meta property=\"og:locale\" content=\"es_MX\" \/>\n<meta property=\"og:type\" content=\"article\" \/>\n<meta property=\"og:title\" content=\"Unen esfuerzos SEDIF y Voluntariado Militar para apoyar a familias vulnerables | Nexo Informativo Santiago de Quer\u00e9taro\" \/>\n<meta property=\"og:description\" content=\"Unen esfuerzos SEDIF y Voluntariado Militar para apoyar a familias vulnerables\" \/>\n<meta property=\"og:url\" content=\"https:\/\/www.nexoinformativo.mx\/index.php\/2024\/11\/28\/unen-esfuerzos-sedif-y-voluntariado-militar-para-apoyar-a-familias-vulnerables\/\" \/>\n<meta property=\"og:site_name\" content=\"Nexo Informativo Santiago de Quer\u00e9taro\" \/>\n<meta property=\"article:publisher\" content=\"https:\/\/www.facebook.com\/people\/Nexo-Informativo\/61564066885511\/\" \/>\n<meta property=\"article:published_time\" content=\"2024-11-28T13:00:57+00:00\" \/>\n<meta property=\"article:modified_time\" content=\"2024-11-28T14:14:49+00:00\" \/>\n<meta property=\"og:image\" content=\"https:\/\/www.nexoinformativo.mx\/wp-content\/uploads\/2024\/11\/IMG_8251-e1732802759589.jpg\" \/>\n\t<meta property=\"og:image:width\" content=\"750\" \/>\n\t<meta property=\"og:image:height\" content=\"500\" \/>\n\t<meta property=\"og:image:type\" content=\"image\/jpeg\" \/>\n<meta name=\"author\" content=\"Nexo Informativo\" \/>\n<meta name=\"twitter:card\" content=\"summary_large_image\" \/>\n<meta name=\"twitter:label1\" content=\"Escrito por\" \/>\n\t<meta name=\"twitter:data1\" content=\"Nexo Informativo\" \/>\n\t<meta name=\"twitter:label2\" content=\"Tiempo de lectura\" \/>\n\t<meta name=\"twitter:data2\" content=\"2 minutos\" \/>\n<script type=\"application\/ld+json\" class=\"yoast-schema-graph\">{\"@context\":\"https:\/\/schema.org\",\"@graph\":[{\"@type\":\"Article\",\"@id\":\"https:\/\/www.nexoinformativo.mx\/index.php\/2024\/11\/28\/unen-esfuerzos-sedif-y-voluntariado-militar-para-apoyar-a-familias-vulnerables\/#article\",\"isPartOf\":{\"@id\":\"https:\/\/www.nexoinformativo.mx\/index.php\/2024\/11\/28\/unen-esfuerzos-sedif-y-voluntariado-militar-para-apoyar-a-familias-vulnerables\/\"},\"author\":{\"name\":\"Nexo Informativo\",\"@id\":\"https:\/\/www.nexoinformativo.mx\/#\/schema\/person\/7749d380ba08c8ca00d7bc76fd907b7d\"},\"headline\":\"Unen esfuerzos SEDIF y Voluntariado Militar para apoyar a familias vulnerables\",\"datePublished\":\"2024-11-28T13:00:57+00:00\",\"dateModified\":\"2024-11-28T14:14:49+00:00\",\"mainEntityOfPage\":{\"@id\":\"https:\/\/www.nexoinformativo.mx\/index.php\/2024\/11\/28\/unen-esfuerzos-sedif-y-voluntariado-militar-para-apoyar-a-familias-vulnerables\/\"},\"wordCount\":269,\"commentCount\":0,\"publisher\":{\"@id\":\"https:\/\/www.nexoinformativo.mx\/#organization\"},\"image\":{\"@id\":\"https:\/\/www.nexoinformativo.mx\/index.php\/2024\/11\/28\/unen-esfuerzos-sedif-y-voluntariado-militar-para-apoyar-a-familias-vulnerables\/#primaryimage\"},\"thumbnailUrl\":\"https:\/\/www.nexoinformativo.mx\/wp-content\/uploads\/2024\/11\/IMG_8251-e1732802759589.jpg\",\"keywords\":[\"AlianzasSolidarias\",\"ApoyoComunitario\",\"DesarrolloSocial\",\"VoluntariadoQuer\u00e9taro\"],\"articleSection\":[\"Estado\",\"\u00daltima Hora\"],\"inLanguage\":\"es\",\"potentialAction\":[{\"@type\":\"CommentAction\",\"name\":\"Comment\",\"target\":[\"https:\/\/www.nexoinformativo.mx\/index.php\/2024\/11\/28\/unen-esfuerzos-sedif-y-voluntariado-militar-para-apoyar-a-familias-vulnerables\/#respond\"]}]},{\"@type\":\"WebPage\",\"@id\":\"https:\/\/www.nexoinformativo.mx\/index.php\/2024\/11\/28\/unen-esfuerzos-sedif-y-voluntariado-militar-para-apoyar-a-familias-vulnerables\/\",\"url\":\"https:\/\/www.nexoinformativo.mx\/index.php\/2024\/11\/28\/unen-esfuerzos-sedif-y-voluntariado-militar-para-apoyar-a-familias-vulnerables\/\",\"name\":\"Unen esfuerzos SEDIF y Voluntariado Militar para apoyar a familias vulnerables | Nexo Informativo Santiago de Quer\u00e9taro\",\"isPartOf\":{\"@id\":\"https:\/\/www.nexoinformativo.mx\/#website\"},\"primaryImageOfPage\":{\"@id\":\"https:\/\/www.nexoinformativo.mx\/index.php\/2024\/11\/28\/unen-esfuerzos-sedif-y-voluntariado-militar-para-apoyar-a-familias-vulnerables\/#primaryimage\"},\"image\":{\"@id\":\"https:\/\/www.nexoinformativo.mx\/index.php\/2024\/11\/28\/unen-esfuerzos-sedif-y-voluntariado-militar-para-apoyar-a-familias-vulnerables\/#primaryimage\"},\"thumbnailUrl\":\"https:\/\/www.nexoinformativo.mx\/wp-content\/uploads\/2024\/11\/IMG_8251-e1732802759589.jpg\",\"datePublished\":\"2024-11-28T13:00:57+00:00\",\"dateModified\":\"2024-11-28T14:14:49+00:00\",\"description\":\"Unen esfuerzos SEDIF y Voluntariado Militar para apoyar a familias vulnerables\",\"breadcrumb\":{\"@id\":\"https:\/\/www.nexoinformativo.mx\/index.php\/2024\/11\/28\/unen-esfuerzos-sedif-y-voluntariado-militar-para-apoyar-a-familias-vulnerables\/#breadcrumb\"},\"inLanguage\":\"es\",\"potentialAction\":[{\"@type\":\"ReadAction\",\"target\":[\"https:\/\/www.nexoinformativo.mx\/index.php\/2024\/11\/28\/unen-esfuerzos-sedif-y-voluntariado-militar-para-apoyar-a-familias-vulnerables\/\"]}]},{\"@type\":\"ImageObject\",\"inLanguage\":\"es\",\"@id\":\"https:\/\/www.nexoinformativo.mx\/index.php\/2024\/11\/28\/unen-esfuerzos-sedif-y-voluntariado-militar-para-apoyar-a-familias-vulnerables\/#primaryimage\",\"url\":\"https:\/\/www.nexoinformativo.mx\/wp-content\/uploads\/2024\/11\/IMG_8251-e1732802759589.jpg\",\"contentUrl\":\"https:\/\/www.nexoinformativo.mx\/wp-content\/uploads\/2024\/11\/IMG_8251-e1732802759589.jpg\",\"width\":750,\"height\":500},{\"@type\":\"BreadcrumbList\",\"@id\":\"https:\/\/www.nexoinformativo.mx\/index.php\/2024\/11\/28\/unen-esfuerzos-sedif-y-voluntariado-militar-para-apoyar-a-familias-vulnerables\/#breadcrumb\",\"itemListElement\":[{\"@type\":\"ListItem\",\"position\":1,\"name\":\"Inicio\",\"item\":\"https:\/\/www.nexoinformativo.mx\/\"},{\"@type\":\"ListItem\",\"position\":2,\"name\":\"Unen esfuerzos SEDIF y Voluntariado Militar para apoyar a familias vulnerables\"}]},{\"@type\":\"WebSite\",\"@id\":\"https:\/\/www.nexoinformativo.mx\/#website\",\"url\":\"https:\/\/www.nexoinformativo.mx\/\",\"name\":\"Nexo Informativo Santiago de Quer\u00e9taro\",\"description\":\"Explora NexoInformativo y convi\u00e9rtete en parte de una comunidad que valora el conocimiento y la verdad. Tu nexoinformativo es tu puente hacia una comprensi\u00f3n m\u00e1s profunda del mundo que te rodea.\",\"publisher\":{\"@id\":\"https:\/\/www.nexoinformativo.mx\/#organization\"},\"potentialAction\":[{\"@type\":\"SearchAction\",\"target\":{\"@type\":\"EntryPoint\",\"urlTemplate\":\"https:\/\/www.nexoinformativo.mx\/?s={search_term_string}\"},\"query-input\":{\"@type\":\"PropertyValueSpecification\",\"valueRequired\":true,\"valueName\":\"search_term_string\"}}],\"inLanguage\":\"es\"},{\"@type\":\"Organization\",\"@id\":\"https:\/\/www.nexoinformativo.mx\/#organization\",\"name\":\"Nexo Informativo Santiago de Quer\u00e9taro\",\"url\":\"https:\/\/www.nexoinformativo.mx\/\",\"logo\":{\"@type\":\"ImageObject\",\"inLanguage\":\"es\",\"@id\":\"https:\/\/www.nexoinformativo.mx\/#\/schema\/logo\/image\/\",\"url\":\"https:\/\/www.nexoinformativo.mx\/wp-content\/uploads\/2024\/07\/nexoi-trasparente-2.png\",\"contentUrl\":\"https:\/\/www.nexoinformativo.mx\/wp-content\/uploads\/2024\/07\/nexoi-trasparente-2.png\",\"width\":816,\"height\":339,\"caption\":\"Nexo Informativo Santiago de Quer\u00e9taro\"},\"image\":{\"@id\":\"https:\/\/www.nexoinformativo.mx\/#\/schema\/logo\/image\/\"},\"sameAs\":[\"https:\/\/www.facebook.com\/people\/Nexo-Informativo\/61564066885511\/\"]},{\"@type\":\"Person\",\"@id\":\"https:\/\/www.nexoinformativo.mx\/#\/schema\/person\/7749d380ba08c8ca00d7bc76fd907b7d\",\"name\":\"Nexo Informativo\",\"image\":{\"@type\":\"ImageObject\",\"inLanguage\":\"es\",\"@id\":\"https:\/\/www.nexoinformativo.mx\/#\/schema\/person\/image\/\",\"url\":\"https:\/\/secure.gravatar.com\/avatar\/dde2928154642a13d95f87ddf1ea9718fe2b46760a005c53e41ff5ad610704e6?s=96&d=mm&r=g\",\"contentUrl\":\"https:\/\/secure.gravatar.com\/avatar\/dde2928154642a13d95f87ddf1ea9718fe2b46760a005c53e41ff5ad610704e6?s=96&d=mm&r=g\",\"caption\":\"Nexo Informativo\"},\"url\":\"https:\/\/www.nexoinformativo.mx\/index.php\/author\/edicion\/\"}]}<\/script>\n<!-- \/ Yoast SEO plugin. -->","yoast_head_json":{"title":"Unen esfuerzos SEDIF y Voluntariado Militar para apoyar a familias vulnerables | Nexo Informativo Santiago de Quer\u00e9taro","description":"Unen esfuerzos SEDIF y Voluntariado Militar para apoyar a familias vulnerables","robots":{"index":"index","follow":"follow","max-snippet":"max-snippet:-1","max-image-preview":"max-image-preview:large","max-video-preview":"max-video-preview:-1"},"canonical":"https:\/\/www.nexoinformativo.mx\/index.php\/2024\/11\/28\/unen-esfuerzos-sedif-y-voluntariado-militar-para-apoyar-a-familias-vulnerables\/","og_locale":"es_MX","og_type":"article","og_title":"Unen esfuerzos SEDIF y Voluntariado Militar para apoyar a familias vulnerables | Nexo Informativo Santiago de Quer\u00e9taro","og_description":"Unen esfuerzos SEDIF y Voluntariado Militar para apoyar a familias vulnerables","og_url":"https:\/\/www.nexoinformativo.mx\/index.php\/2024\/11\/28\/unen-esfuerzos-sedif-y-voluntariado-militar-para-apoyar-a-familias-vulnerables\/","og_site_name":"Nexo Informativo Santiago de Quer\u00e9taro","article_publisher":"https:\/\/www.facebook.com\/people\/Nexo-Informativo\/61564066885511\/","article_published_time":"2024-11-28T13:00:57+00:00","article_modified_time":"2024-11-28T14:14:49+00:00","og_image":[{"width":750,"height":500,"url":"https:\/\/www.nexoinformativo.mx\/wp-content\/uploads\/2024\/11\/IMG_8251-e1732802759589.jpg","type":"image\/jpeg"}],"author":"Nexo Informativo","twitter_card":"summary_large_image","twitter_misc":{"Escrito por":"Nexo Informativo","Tiempo de lectura":"2 minutos"},"schema":{"@context":"https:\/\/schema.org","@graph":[{"@type":"Article","@id":"https:\/\/www.nexoinformativo.mx\/index.php\/2024\/11\/28\/unen-esfuerzos-sedif-y-voluntariado-militar-para-apoyar-a-familias-vulnerables\/#article","isPartOf":{"@id":"https:\/\/www.nexoinformativo.mx\/index.php\/2024\/11\/28\/unen-esfuerzos-sedif-y-voluntariado-militar-para-apoyar-a-familias-vulnerables\/"},"author":{"name":"Nexo Informativo","@id":"https:\/\/www.nexoinformativo.mx\/#\/schema\/person\/7749d380ba08c8ca00d7bc76fd907b7d"},"headline":"Unen esfuerzos SEDIF y Voluntariado Militar para apoyar a familias vulnerables","datePublished":"2024-11-28T13:00:57+00:00","dateModified":"2024-11-28T14:14:49+00:00","mainEntityOfPage":{"@id":"https:\/\/www.nexoinformativo.mx\/index.php\/2024\/11\/28\/unen-esfuerzos-sedif-y-voluntariado-militar-para-apoyar-a-familias-vulnerables\/"},"wordCount":269,"commentCount":0,"publisher":{"@id":"https:\/\/www.nexoinformativo.mx\/#organization"},"image":{"@id":"https:\/\/www.nexoinformativo.mx\/index.php\/2024\/11\/28\/unen-esfuerzos-sedif-y-voluntariado-militar-para-apoyar-a-familias-vulnerables\/#primaryimage"},"thumbnailUrl":"https:\/\/www.nexoinformativo.mx\/wp-content\/uploads\/2024\/11\/IMG_8251-e1732802759589.jpg","keywords":["AlianzasSolidarias","ApoyoComunitario","DesarrolloSocial","VoluntariadoQuer\u00e9taro"],"articleSection":["Estado","\u00daltima Hora"],"inLanguage":"es","potentialAction":[{"@type":"CommentAction","name":"Comment","target":["https:\/\/www.nexoinformativo.mx\/index.php\/2024\/11\/28\/unen-esfuerzos-sedif-y-voluntariado-militar-para-apoyar-a-familias-vulnerables\/#respond"]}]},{"@type":"WebPage","@id":"https:\/\/www.nexoinformativo.mx\/index.php\/2024\/11\/28\/unen-esfuerzos-sedif-y-voluntariado-militar-para-apoyar-a-familias-vulnerables\/","url":"https:\/\/www.nexoinformativo.mx\/index.php\/2024\/11\/28\/unen-esfuerzos-sedif-y-voluntariado-militar-para-apoyar-a-familias-vulnerables\/","name":"Unen esfuerzos SEDIF y Voluntariado Militar para apoyar a familias vulnerables | Nexo Informativo Santiago de Quer\u00e9taro","isPartOf":{"@id":"https:\/\/www.nexoinformativo.mx\/#website"},"primaryImageOfPage":{"@id":"https:\/\/www.nexoinformativo.mx\/index.php\/2024\/11\/28\/unen-esfuerzos-sedif-y-voluntariado-militar-para-apoyar-a-familias-vulnerables\/#primaryimage"},"image":{"@id":"https:\/\/www.nexoinformativo.mx\/index.php\/2024\/11\/28\/unen-esfuerzos-sedif-y-voluntariado-militar-para-apoyar-a-familias-vulnerables\/#primaryimage"},"thumbnailUrl":"https:\/\/www.nexoinformativo.mx\/wp-content\/uploads\/2024\/11\/IMG_8251-e1732802759589.jpg","datePublished":"2024-11-28T13:00:57+00:00","dateModified":"2024-11-28T14:14:49+00:00","description":"Unen esfuerzos SEDIF y Voluntariado Militar para apoyar a familias vulnerables","breadcrumb":{"@id":"https:\/\/www.nexoinformativo.mx\/index.php\/2024\/11\/28\/unen-esfuerzos-sedif-y-voluntariado-militar-para-apoyar-a-familias-vulnerables\/#breadcrumb"},"inLanguage":"es","potentialAction":[{"@type":"ReadAction","target":["https:\/\/www.nexoinformativo.mx\/index.php\/2024\/11\/28\/unen-esfuerzos-sedif-y-voluntariado-militar-para-apoyar-a-familias-vulnerables\/"]}]},{"@type":"ImageObject","inLanguage":"es","@id":"https:\/\/www.nexoinformativo.mx\/index.php\/2024\/11\/28\/unen-esfuerzos-sedif-y-voluntariado-militar-para-apoyar-a-familias-vulnerables\/#primaryimage","url":"https:\/\/www.nexoinformativo.mx\/wp-content\/uploads\/2024\/11\/IMG_8251-e1732802759589.jpg","contentUrl":"https:\/\/www.nexoinformativo.mx\/wp-content\/uploads\/2024\/11\/IMG_8251-e1732802759589.jpg","width":750,"height":500},{"@type":"BreadcrumbList","@id":"https:\/\/www.nexoinformativo.mx\/index.php\/2024\/11\/28\/unen-esfuerzos-sedif-y-voluntariado-militar-para-apoyar-a-familias-vulnerables\/#breadcrumb","itemListElement":[{"@type":"ListItem","position":1,"name":"Inicio","item":"https:\/\/www.nexoinformativo.mx\/"},{"@type":"ListItem","position":2,"name":"Unen esfuerzos SEDIF y Voluntariado Militar para apoyar a familias vulnerables"}]},{"@type":"WebSite","@id":"https:\/\/www.nexoinformativo.mx\/#website","url":"https:\/\/www.nexoinformativo.mx\/","name":"Nexo Informativo Santiago de Quer\u00e9taro","description":"Explora NexoInformativo y convi\u00e9rtete en parte de una comunidad que valora el conocimiento y la verdad. Tu nexoinformativo es tu puente hacia una comprensi\u00f3n m\u00e1s profunda del mundo que te rodea.","publisher":{"@id":"https:\/\/www.nexoinformativo.mx\/#organization"},"potentialAction":[{"@type":"SearchAction","target":{"@type":"EntryPoint","urlTemplate":"https:\/\/www.nexoinformativo.mx\/?s={search_term_string}"},"query-input":{"@type":"PropertyValueSpecification","valueRequired":true,"valueName":"search_term_string"}}],"inLanguage":"es"},{"@type":"Organization","@id":"https:\/\/www.nexoinformativo.mx\/#organization","name":"Nexo Informativo Santiago de Quer\u00e9taro","url":"https:\/\/www.nexoinformativo.mx\/","logo":{"@type":"ImageObject","inLanguage":"es","@id":"https:\/\/www.nexoinformativo.mx\/#\/schema\/logo\/image\/","url":"https:\/\/www.nexoinformativo.mx\/wp-content\/uploads\/2024\/07\/nexoi-trasparente-2.png","contentUrl":"https:\/\/www.nexoinformativo.mx\/wp-content\/uploads\/2024\/07\/nexoi-trasparente-2.png","width":816,"height":339,"caption":"Nexo Informativo Santiago de Quer\u00e9taro"},"image":{"@id":"https:\/\/www.nexoinformativo.mx\/#\/schema\/logo\/image\/"},"sameAs":["https:\/\/www.facebook.com\/people\/Nexo-Informativo\/61564066885511\/"]},{"@type":"Person","@id":"https:\/\/www.nexoinformativo.mx\/#\/schema\/person\/7749d380ba08c8ca00d7bc76fd907b7d","name":"Nexo Informativo","image":{"@type":"ImageObject","inLanguage":"es","@id":"https:\/\/www.nexoinformativo.mx\/#\/schema\/person\/image\/","url":"https:\/\/secure.gravatar.com\/avatar\/dde2928154642a13d95f87ddf1ea9718fe2b46760a005c53e41ff5ad610704e6?s=96&d=mm&r=g","contentUrl":"https:\/\/secure.gravatar.com\/avatar\/dde2928154642a13d95f87ddf1ea9718fe2b46760a005c53e41ff5ad610704e6?s=96&d=mm&r=g","caption":"Nexo Informativo"},"url":"https:\/\/www.nexoinformativo.mx\/index.php\/author\/edicion\/"}]}},"_links":{"self":[{"href":"https:\/\/www.nexoinformativo.mx\/index.php\/wp-json\/wp\/v2\/posts\/7153","targetHints":{"allow":["GET"]}}],"collection":[{"href":"https:\/\/www.nexoinformativo.mx\/index.php\/wp-json\/wp\/v2\/posts"}],"about":[{"href":"https:\/\/www.nexoinformativo.mx\/index.php\/wp-json\/wp\/v2\/types\/post"}],"author":[{"embeddable":true,"href":"https:\/\/www.nexoinformativo.mx\/index.php\/wp-json\/wp\/v2\/users\/3"}],"replies":[{"embeddable":true,"href":"https:\/\/www.nexoinformativo.mx\/index.php\/wp-json\/wp\/v2\/comments?post=7153"}],"version-history":[{"count":2,"href":"https:\/\/www.nexoinformativo.mx\/index.php\/wp-json\/wp\/v2\/posts\/7153\/revisions"}],"predecessor-version":[{"id":7156,"href":"https:\/\/www.nexoinformativo.mx\/index.php\/wp-json\/wp\/v2\/posts\/7153\/revisions\/7156"}],"wp:featuredmedia":[{"embeddable":true,"href":"https:\/\/www.nexoinformativo.mx\/index.php\/wp-json\/wp\/v2\/media\/7154"}],"wp:attachment":[{"href":"https:\/\/www.nexoinformativo.mx\/index.php\/wp-json\/wp\/v2\/media?parent=7153"}],"wp:term":[{"taxonomy":"category","embeddable":true,"href":"https:\/\/www.nexoinformativo.mx\/index.php\/wp-json\/wp\/v2\/categories?post=7153"},{"taxonomy":"post_tag","embeddable":true,"href":"https:\/\/www.nexoinformativo.mx\/index.php\/wp-json\/wp\/v2\/tags?post=7153"}],"curies":[{"name":"wp","href":"https:\/\/api.w.org\/{rel}","templated":true}]}}