{"id":7160,"date":"2024-11-28T07:30:00","date_gmt":"2024-11-28T13:30:00","guid":{"rendered":"https:\/\/www.nexoinformativo.mx\/?p=7160"},"modified":"2024-11-28T12:34:06","modified_gmt":"2024-11-28T18:34:06","slug":"marco-del-prete-encabeza-inauguracion-de-ampliacion-de-la-industria-aeroespacial-en-queretaro","status":"publish","type":"post","link":"https:\/\/www.nexoinformativo.mx\/index.php\/2024\/11\/28\/marco-del-prete-encabeza-inauguracion-de-ampliacion-de-la-industria-aeroespacial-en-queretaro\/","title":{"rendered":"Marco Del Prete encabeza inauguraci\u00f3n de ampliaci\u00f3n de la industria aeroespacial en Quer\u00e9taro"},"content":{"rendered":"<p style=\"text-align: justify;\" data-sourcepos=\"9:1-9:375\">Quer\u00e9taro dio un gran paso en su consolidaci\u00f3n como un hub aeroespacial de clase mundial con la inauguraci\u00f3n de la ampliaci\u00f3n de <strong>Safran Aircraft Engines M\u00e9xico.<\/strong> Este proyecto, que representa una inversi\u00f3n de 720 millones de pesos y la generaci\u00f3n de 128 nuevos empleos altamente especializados, posiciona al estado como un referente en la industria aeron\u00e1utica a nivel global.<\/p>\n<p>&nbsp;<\/p>\n<p style=\"text-align: justify;\" data-sourcepos=\"11:1-11:260\">El evento fue encabezado por el secretario de Econom\u00eda federal, Marcelo Ebrard, y el secretario de Desarrollo Sustentable de Quer\u00e9taro, Marco Antonio Del Prete Tercero, quienes destacaron la importancia de esta inversi\u00f3n para el estado y para el pa\u00eds.<\/p>\n<p>&nbsp;<\/p>\n<p style=\"text-align: justify;\" data-sourcepos=\"13:1-13:328\">Con esta ampliaci\u00f3n, Safran Aircraft Engines M\u00e9xico se convierte en el tercer sitio en el mundo, despu\u00e9s de Francia y Estados Unidos, donde se ensamblan los motores LEAP 1A, utilizados en aviones de la familia Airbus. Esta nueva planta permitir\u00e1 aumentar la capacidad de producci\u00f3n y consolidar la presencia de Safran en M\u00e9xico.<\/p>\n<p>&nbsp;<\/p>\n<p style=\"text-align: justify;\" data-sourcepos=\"15:1-15:228\">&#8220;Quer\u00e9taro est\u00e1 volando m\u00e1s alto que nunca&#8221;, afirm\u00f3 el secretario Del Prete, quien destac\u00f3 la importancia de la colaboraci\u00f3n entre el gobierno estatal y las empresas para atraer inversiones y generar empleo de calidad.<\/p>\n<p>&nbsp;<\/p>\n<p style=\"text-align: justify;\" data-sourcepos=\"17:1-17:188\">Por su parte, el secretario Ebrard subray\u00f3 la importancia de la industria aeron\u00e1utica para M\u00e9xico y destac\u00f3 el compromiso del gobierno federal de impulsar este sector estrat\u00e9gico.<\/p>\n<p>&nbsp;<\/p>\n<p style=\"text-align: justify;\" data-sourcepos=\"19:1-19:194\">La embajadora de Francia en M\u00e9xico, Delphine Borione, resalt\u00f3 la fuerte relaci\u00f3n entre M\u00e9xico y Francia en el \u00e1mbito aeron\u00e1utico y destac\u00f3 el papel clave que juega Quer\u00e9taro en esta cooperaci\u00f3n.<\/p>\n<p>&nbsp;<\/p>\n<p style=\"text-align: center;\" data-sourcepos=\"19:1-19:194\"><em><strong>\u00a1Informaci\u00f3n que transforma!<\/strong><\/em><\/p>\n","protected":false},"excerpt":{"rendered":"<p>Quer\u00e9taro dio un gran paso en su consolidaci\u00f3n como un hub aeroespacial de clase mundial con la inauguraci\u00f3n de la ampliaci\u00f3n de Safran Aircraft Engines M\u00e9xico.<\/p>\n","protected":false},"author":3,"featured_media":7183,"comment_status":"open","ping_status":"open","sticky":false,"template":"","format":"standard","meta":{"footnotes":""},"categories":[5,42,58],"tags":[2412,142,133,2413],"class_list":["post-7160","post","type-post","status-publish","format-standard","has-post-thumbnail","hentry","category-economia","category-estado","category-ultima-hora","tag-aeroespacial","tag-inversion","tag-queretaro","tag-safran"],"yoast_head":"<!-- This site is optimized with the Yoast SEO plugin v25.0 - https:\/\/yoast.com\/wordpress\/plugins\/seo\/ -->\n<title>Marco Del Prete encabeza inauguraci\u00f3n de ampliaci\u00f3n de la industria aeroespacial en Quer\u00e9taro | Nexo Informativo Santiago de Quer\u00e9taro<\/title>\n<meta name=\"description\" content=\"Marco Del Prete encabeza inauguraci\u00f3n de ampliaci\u00f3n de la industria aeroespacial en Quer\u00e9taro\" \/>\n<meta name=\"robots\" content=\"index, follow, max-snippet:-1, max-image-preview:large, max-video-preview:-1\" \/>\n<link rel=\"canonical\" href=\"https:\/\/www.nexoinformativo.mx\/index.php\/2024\/11\/28\/marco-del-prete-encabeza-inauguracion-de-ampliacion-de-la-industria-aeroespacial-en-queretaro\/\" \/>\n<meta property=\"og:locale\" content=\"es_MX\" \/>\n<meta property=\"og:type\" content=\"article\" \/>\n<meta property=\"og:title\" content=\"Marco Del Prete encabeza inauguraci\u00f3n de ampliaci\u00f3n de la industria aeroespacial en Quer\u00e9taro | Nexo Informativo Santiago de Quer\u00e9taro\" \/>\n<meta property=\"og:description\" content=\"Marco Del Prete encabeza inauguraci\u00f3n de ampliaci\u00f3n de la industria aeroespacial en Quer\u00e9taro\" \/>\n<meta property=\"og:url\" content=\"https:\/\/www.nexoinformativo.mx\/index.php\/2024\/11\/28\/marco-del-prete-encabeza-inauguracion-de-ampliacion-de-la-industria-aeroespacial-en-queretaro\/\" \/>\n<meta property=\"og:site_name\" content=\"Nexo Informativo Santiago de Quer\u00e9taro\" \/>\n<meta property=\"article:publisher\" content=\"https:\/\/www.facebook.com\/people\/Nexo-Informativo\/61564066885511\/\" \/>\n<meta property=\"article:published_time\" content=\"2024-11-28T13:30:00+00:00\" \/>\n<meta property=\"article:modified_time\" content=\"2024-11-28T18:34:06+00:00\" \/>\n<meta property=\"og:image\" content=\"https:\/\/www.nexoinformativo.mx\/wp-content\/uploads\/2024\/11\/PHOTO-2024-11-28-11-35-24-e1732818839448.jpg\" \/>\n\t<meta property=\"og:image:width\" content=\"800\" \/>\n\t<meta property=\"og:image:height\" content=\"533\" \/>\n\t<meta property=\"og:image:type\" content=\"image\/jpeg\" \/>\n<meta name=\"author\" content=\"Nexo Informativo\" \/>\n<meta name=\"twitter:card\" content=\"summary_large_image\" \/>\n<meta name=\"twitter:label1\" content=\"Escrito por\" \/>\n\t<meta name=\"twitter:data1\" content=\"Nexo Informativo\" \/>\n\t<meta name=\"twitter:label2\" content=\"Tiempo de lectura\" \/>\n\t<meta name=\"twitter:data2\" content=\"2 minutos\" \/>\n<script type=\"application\/ld+json\" class=\"yoast-schema-graph\">{\"@context\":\"https:\/\/schema.org\",\"@graph\":[{\"@type\":\"Article\",\"@id\":\"https:\/\/www.nexoinformativo.mx\/index.php\/2024\/11\/28\/marco-del-prete-encabeza-inauguracion-de-ampliacion-de-la-industria-aeroespacial-en-queretaro\/#article\",\"isPartOf\":{\"@id\":\"https:\/\/www.nexoinformativo.mx\/index.php\/2024\/11\/28\/marco-del-prete-encabeza-inauguracion-de-ampliacion-de-la-industria-aeroespacial-en-queretaro\/\"},\"author\":{\"name\":\"Nexo Informativo\",\"@id\":\"https:\/\/www.nexoinformativo.mx\/#\/schema\/person\/7749d380ba08c8ca00d7bc76fd907b7d\"},\"headline\":\"Marco Del Prete encabeza inauguraci\u00f3n de ampliaci\u00f3n de la industria aeroespacial en Quer\u00e9taro\",\"datePublished\":\"2024-11-28T13:30:00+00:00\",\"dateModified\":\"2024-11-28T18:34:06+00:00\",\"mainEntityOfPage\":{\"@id\":\"https:\/\/www.nexoinformativo.mx\/index.php\/2024\/11\/28\/marco-del-prete-encabeza-inauguracion-de-ampliacion-de-la-industria-aeroespacial-en-queretaro\/\"},\"wordCount\":296,\"commentCount\":0,\"publisher\":{\"@id\":\"https:\/\/www.nexoinformativo.mx\/#organization\"},\"image\":{\"@id\":\"https:\/\/www.nexoinformativo.mx\/index.php\/2024\/11\/28\/marco-del-prete-encabeza-inauguracion-de-ampliacion-de-la-industria-aeroespacial-en-queretaro\/#primaryimage\"},\"thumbnailUrl\":\"https:\/\/www.nexoinformativo.mx\/wp-content\/uploads\/2024\/11\/PHOTO-2024-11-28-11-35-24-e1732818839448.jpg\",\"keywords\":[\"Aeroespacial\",\"Inversi\u00f3n\",\"Quer\u00e9taro\",\"Safran\"],\"articleSection\":[\"Econom\u00eda\",\"Estado\",\"\u00daltima Hora\"],\"inLanguage\":\"es\",\"potentialAction\":[{\"@type\":\"CommentAction\",\"name\":\"Comment\",\"target\":[\"https:\/\/www.nexoinformativo.mx\/index.php\/2024\/11\/28\/marco-del-prete-encabeza-inauguracion-de-ampliacion-de-la-industria-aeroespacial-en-queretaro\/#respond\"]}]},{\"@type\":\"WebPage\",\"@id\":\"https:\/\/www.nexoinformativo.mx\/index.php\/2024\/11\/28\/marco-del-prete-encabeza-inauguracion-de-ampliacion-de-la-industria-aeroespacial-en-queretaro\/\",\"url\":\"https:\/\/www.nexoinformativo.mx\/index.php\/2024\/11\/28\/marco-del-prete-encabeza-inauguracion-de-ampliacion-de-la-industria-aeroespacial-en-queretaro\/\",\"name\":\"Marco Del Prete encabeza inauguraci\u00f3n de ampliaci\u00f3n de la industria aeroespacial en Quer\u00e9taro | Nexo Informativo Santiago de Quer\u00e9taro\",\"isPartOf\":{\"@id\":\"https:\/\/www.nexoinformativo.mx\/#website\"},\"primaryImageOfPage\":{\"@id\":\"https:\/\/www.nexoinformativo.mx\/index.php\/2024\/11\/28\/marco-del-prete-encabeza-inauguracion-de-ampliacion-de-la-industria-aeroespacial-en-queretaro\/#primaryimage\"},\"image\":{\"@id\":\"https:\/\/www.nexoinformativo.mx\/index.php\/2024\/11\/28\/marco-del-prete-encabeza-inauguracion-de-ampliacion-de-la-industria-aeroespacial-en-queretaro\/#primaryimage\"},\"thumbnailUrl\":\"https:\/\/www.nexoinformativo.mx\/wp-content\/uploads\/2024\/11\/PHOTO-2024-11-28-11-35-24-e1732818839448.jpg\",\"datePublished\":\"2024-11-28T13:30:00+00:00\",\"dateModified\":\"2024-11-28T18:34:06+00:00\",\"description\":\"Marco Del Prete encabeza inauguraci\u00f3n de ampliaci\u00f3n de la industria aeroespacial en Quer\u00e9taro\",\"breadcrumb\":{\"@id\":\"https:\/\/www.nexoinformativo.mx\/index.php\/2024\/11\/28\/marco-del-prete-encabeza-inauguracion-de-ampliacion-de-la-industria-aeroespacial-en-queretaro\/#breadcrumb\"},\"inLanguage\":\"es\",\"potentialAction\":[{\"@type\":\"ReadAction\",\"target\":[\"https:\/\/www.nexoinformativo.mx\/index.php\/2024\/11\/28\/marco-del-prete-encabeza-inauguracion-de-ampliacion-de-la-industria-aeroespacial-en-queretaro\/\"]}]},{\"@type\":\"ImageObject\",\"inLanguage\":\"es\",\"@id\":\"https:\/\/www.nexoinformativo.mx\/index.php\/2024\/11\/28\/marco-del-prete-encabeza-inauguracion-de-ampliacion-de-la-industria-aeroespacial-en-queretaro\/#primaryimage\",\"url\":\"https:\/\/www.nexoinformativo.mx\/wp-content\/uploads\/2024\/11\/PHOTO-2024-11-28-11-35-24-e1732818839448.jpg\",\"contentUrl\":\"https:\/\/www.nexoinformativo.mx\/wp-content\/uploads\/2024\/11\/PHOTO-2024-11-28-11-35-24-e1732818839448.jpg\",\"width\":800,\"height\":533},{\"@type\":\"BreadcrumbList\",\"@id\":\"https:\/\/www.nexoinformativo.mx\/index.php\/2024\/11\/28\/marco-del-prete-encabeza-inauguracion-de-ampliacion-de-la-industria-aeroespacial-en-queretaro\/#breadcrumb\",\"itemListElement\":[{\"@type\":\"ListItem\",\"position\":1,\"name\":\"Inicio\",\"item\":\"https:\/\/www.nexoinformativo.mx\/\"},{\"@type\":\"ListItem\",\"position\":2,\"name\":\"Marco Del Prete encabeza inauguraci\u00f3n de ampliaci\u00f3n de la industria aeroespacial en Quer\u00e9taro\"}]},{\"@type\":\"WebSite\",\"@id\":\"https:\/\/www.nexoinformativo.mx\/#website\",\"url\":\"https:\/\/www.nexoinformativo.mx\/\",\"name\":\"Nexo Informativo Santiago de Quer\u00e9taro\",\"description\":\"Explora NexoInformativo y convi\u00e9rtete en parte de una comunidad que valora el conocimiento y la verdad. Tu nexoinformativo es tu puente hacia una comprensi\u00f3n m\u00e1s profunda del mundo que te rodea.\",\"publisher\":{\"@id\":\"https:\/\/www.nexoinformativo.mx\/#organization\"},\"potentialAction\":[{\"@type\":\"SearchAction\",\"target\":{\"@type\":\"EntryPoint\",\"urlTemplate\":\"https:\/\/www.nexoinformativo.mx\/?s={search_term_string}\"},\"query-input\":{\"@type\":\"PropertyValueSpecification\",\"valueRequired\":true,\"valueName\":\"search_term_string\"}}],\"inLanguage\":\"es\"},{\"@type\":\"Organization\",\"@id\":\"https:\/\/www.nexoinformativo.mx\/#organization\",\"name\":\"Nexo Informativo Santiago de Quer\u00e9taro\",\"url\":\"https:\/\/www.nexoinformativo.mx\/\",\"logo\":{\"@type\":\"ImageObject\",\"inLanguage\":\"es\",\"@id\":\"https:\/\/www.nexoinformativo.mx\/#\/schema\/logo\/image\/\",\"url\":\"https:\/\/www.nexoinformativo.mx\/wp-content\/uploads\/2024\/07\/nexoi-trasparente-2.png\",\"contentUrl\":\"https:\/\/www.nexoinformativo.mx\/wp-content\/uploads\/2024\/07\/nexoi-trasparente-2.png\",\"width\":816,\"height\":339,\"caption\":\"Nexo Informativo Santiago de Quer\u00e9taro\"},\"image\":{\"@id\":\"https:\/\/www.nexoinformativo.mx\/#\/schema\/logo\/image\/\"},\"sameAs\":[\"https:\/\/www.facebook.com\/people\/Nexo-Informativo\/61564066885511\/\"]},{\"@type\":\"Person\",\"@id\":\"https:\/\/www.nexoinformativo.mx\/#\/schema\/person\/7749d380ba08c8ca00d7bc76fd907b7d\",\"name\":\"Nexo Informativo\",\"image\":{\"@type\":\"ImageObject\",\"inLanguage\":\"es\",\"@id\":\"https:\/\/www.nexoinformativo.mx\/#\/schema\/person\/image\/\",\"url\":\"https:\/\/secure.gravatar.com\/avatar\/dde2928154642a13d95f87ddf1ea9718fe2b46760a005c53e41ff5ad610704e6?s=96&d=mm&r=g\",\"contentUrl\":\"https:\/\/secure.gravatar.com\/avatar\/dde2928154642a13d95f87ddf1ea9718fe2b46760a005c53e41ff5ad610704e6?s=96&d=mm&r=g\",\"caption\":\"Nexo Informativo\"},\"url\":\"https:\/\/www.nexoinformativo.mx\/index.php\/author\/edicion\/\"}]}<\/script>\n<!-- \/ Yoast SEO plugin. -->","yoast_head_json":{"title":"Marco Del Prete encabeza inauguraci\u00f3n de ampliaci\u00f3n de la industria aeroespacial en Quer\u00e9taro | Nexo Informativo Santiago de Quer\u00e9taro","description":"Marco Del Prete encabeza inauguraci\u00f3n de ampliaci\u00f3n de la industria aeroespacial en Quer\u00e9taro","robots":{"index":"index","follow":"follow","max-snippet":"max-snippet:-1","max-image-preview":"max-image-preview:large","max-video-preview":"max-video-preview:-1"},"canonical":"https:\/\/www.nexoinformativo.mx\/index.php\/2024\/11\/28\/marco-del-prete-encabeza-inauguracion-de-ampliacion-de-la-industria-aeroespacial-en-queretaro\/","og_locale":"es_MX","og_type":"article","og_title":"Marco Del Prete encabeza inauguraci\u00f3n de ampliaci\u00f3n de la industria aeroespacial en Quer\u00e9taro | Nexo Informativo Santiago de Quer\u00e9taro","og_description":"Marco Del Prete encabeza inauguraci\u00f3n de ampliaci\u00f3n de la industria aeroespacial en Quer\u00e9taro","og_url":"https:\/\/www.nexoinformativo.mx\/index.php\/2024\/11\/28\/marco-del-prete-encabeza-inauguracion-de-ampliacion-de-la-industria-aeroespacial-en-queretaro\/","og_site_name":"Nexo Informativo Santiago de Quer\u00e9taro","article_publisher":"https:\/\/www.facebook.com\/people\/Nexo-Informativo\/61564066885511\/","article_published_time":"2024-11-28T13:30:00+00:00","article_modified_time":"2024-11-28T18:34:06+00:00","og_image":[{"width":800,"height":533,"url":"https:\/\/www.nexoinformativo.mx\/wp-content\/uploads\/2024\/11\/PHOTO-2024-11-28-11-35-24-e1732818839448.jpg","type":"image\/jpeg"}],"author":"Nexo Informativo","twitter_card":"summary_large_image","twitter_misc":{"Escrito por":"Nexo Informativo","Tiempo de lectura":"2 minutos"},"schema":{"@context":"https:\/\/schema.org","@graph":[{"@type":"Article","@id":"https:\/\/www.nexoinformativo.mx\/index.php\/2024\/11\/28\/marco-del-prete-encabeza-inauguracion-de-ampliacion-de-la-industria-aeroespacial-en-queretaro\/#article","isPartOf":{"@id":"https:\/\/www.nexoinformativo.mx\/index.php\/2024\/11\/28\/marco-del-prete-encabeza-inauguracion-de-ampliacion-de-la-industria-aeroespacial-en-queretaro\/"},"author":{"name":"Nexo Informativo","@id":"https:\/\/www.nexoinformativo.mx\/#\/schema\/person\/7749d380ba08c8ca00d7bc76fd907b7d"},"headline":"Marco Del Prete encabeza inauguraci\u00f3n de ampliaci\u00f3n de la industria aeroespacial en Quer\u00e9taro","datePublished":"2024-11-28T13:30:00+00:00","dateModified":"2024-11-28T18:34:06+00:00","mainEntityOfPage":{"@id":"https:\/\/www.nexoinformativo.mx\/index.php\/2024\/11\/28\/marco-del-prete-encabeza-inauguracion-de-ampliacion-de-la-industria-aeroespacial-en-queretaro\/"},"wordCount":296,"commentCount":0,"publisher":{"@id":"https:\/\/www.nexoinformativo.mx\/#organization"},"image":{"@id":"https:\/\/www.nexoinformativo.mx\/index.php\/2024\/11\/28\/marco-del-prete-encabeza-inauguracion-de-ampliacion-de-la-industria-aeroespacial-en-queretaro\/#primaryimage"},"thumbnailUrl":"https:\/\/www.nexoinformativo.mx\/wp-content\/uploads\/2024\/11\/PHOTO-2024-11-28-11-35-24-e1732818839448.jpg","keywords":["Aeroespacial","Inversi\u00f3n","Quer\u00e9taro","Safran"],"articleSection":["Econom\u00eda","Estado","\u00daltima Hora"],"inLanguage":"es","potentialAction":[{"@type":"CommentAction","name":"Comment","target":["https:\/\/www.nexoinformativo.mx\/index.php\/2024\/11\/28\/marco-del-prete-encabeza-inauguracion-de-ampliacion-de-la-industria-aeroespacial-en-queretaro\/#respond"]}]},{"@type":"WebPage","@id":"https:\/\/www.nexoinformativo.mx\/index.php\/2024\/11\/28\/marco-del-prete-encabeza-inauguracion-de-ampliacion-de-la-industria-aeroespacial-en-queretaro\/","url":"https:\/\/www.nexoinformativo.mx\/index.php\/2024\/11\/28\/marco-del-prete-encabeza-inauguracion-de-ampliacion-de-la-industria-aeroespacial-en-queretaro\/","name":"Marco Del Prete encabeza inauguraci\u00f3n de ampliaci\u00f3n de la industria aeroespacial en Quer\u00e9taro | Nexo Informativo Santiago de Quer\u00e9taro","isPartOf":{"@id":"https:\/\/www.nexoinformativo.mx\/#website"},"primaryImageOfPage":{"@id":"https:\/\/www.nexoinformativo.mx\/index.php\/2024\/11\/28\/marco-del-prete-encabeza-inauguracion-de-ampliacion-de-la-industria-aeroespacial-en-queretaro\/#primaryimage"},"image":{"@id":"https:\/\/www.nexoinformativo.mx\/index.php\/2024\/11\/28\/marco-del-prete-encabeza-inauguracion-de-ampliacion-de-la-industria-aeroespacial-en-queretaro\/#primaryimage"},"thumbnailUrl":"https:\/\/www.nexoinformativo.mx\/wp-content\/uploads\/2024\/11\/PHOTO-2024-11-28-11-35-24-e1732818839448.jpg","datePublished":"2024-11-28T13:30:00+00:00","dateModified":"2024-11-28T18:34:06+00:00","description":"Marco Del Prete encabeza inauguraci\u00f3n de ampliaci\u00f3n de la industria aeroespacial en Quer\u00e9taro","breadcrumb":{"@id":"https:\/\/www.nexoinformativo.mx\/index.php\/2024\/11\/28\/marco-del-prete-encabeza-inauguracion-de-ampliacion-de-la-industria-aeroespacial-en-queretaro\/#breadcrumb"},"inLanguage":"es","potentialAction":[{"@type":"ReadAction","target":["https:\/\/www.nexoinformativo.mx\/index.php\/2024\/11\/28\/marco-del-prete-encabeza-inauguracion-de-ampliacion-de-la-industria-aeroespacial-en-queretaro\/"]}]},{"@type":"ImageObject","inLanguage":"es","@id":"https:\/\/www.nexoinformativo.mx\/index.php\/2024\/11\/28\/marco-del-prete-encabeza-inauguracion-de-ampliacion-de-la-industria-aeroespacial-en-queretaro\/#primaryimage","url":"https:\/\/www.nexoinformativo.mx\/wp-content\/uploads\/2024\/11\/PHOTO-2024-11-28-11-35-24-e1732818839448.jpg","contentUrl":"https:\/\/www.nexoinformativo.mx\/wp-content\/uploads\/2024\/11\/PHOTO-2024-11-28-11-35-24-e1732818839448.jpg","width":800,"height":533},{"@type":"BreadcrumbList","@id":"https:\/\/www.nexoinformativo.mx\/index.php\/2024\/11\/28\/marco-del-prete-encabeza-inauguracion-de-ampliacion-de-la-industria-aeroespacial-en-queretaro\/#breadcrumb","itemListElement":[{"@type":"ListItem","position":1,"name":"Inicio","item":"https:\/\/www.nexoinformativo.mx\/"},{"@type":"ListItem","position":2,"name":"Marco Del Prete encabeza inauguraci\u00f3n de ampliaci\u00f3n de la industria aeroespacial en Quer\u00e9taro"}]},{"@type":"WebSite","@id":"https:\/\/www.nexoinformativo.mx\/#website","url":"https:\/\/www.nexoinformativo.mx\/","name":"Nexo Informativo Santiago de Quer\u00e9taro","description":"Explora NexoInformativo y convi\u00e9rtete en parte de una comunidad que valora el conocimiento y la verdad. Tu nexoinformativo es tu puente hacia una comprensi\u00f3n m\u00e1s profunda del mundo que te rodea.","publisher":{"@id":"https:\/\/www.nexoinformativo.mx\/#organization"},"potentialAction":[{"@type":"SearchAction","target":{"@type":"EntryPoint","urlTemplate":"https:\/\/www.nexoinformativo.mx\/?s={search_term_string}"},"query-input":{"@type":"PropertyValueSpecification","valueRequired":true,"valueName":"search_term_string"}}],"inLanguage":"es"},{"@type":"Organization","@id":"https:\/\/www.nexoinformativo.mx\/#organization","name":"Nexo Informativo Santiago de Quer\u00e9taro","url":"https:\/\/www.nexoinformativo.mx\/","logo":{"@type":"ImageObject","inLanguage":"es","@id":"https:\/\/www.nexoinformativo.mx\/#\/schema\/logo\/image\/","url":"https:\/\/www.nexoinformativo.mx\/wp-content\/uploads\/2024\/07\/nexoi-trasparente-2.png","contentUrl":"https:\/\/www.nexoinformativo.mx\/wp-content\/uploads\/2024\/07\/nexoi-trasparente-2.png","width":816,"height":339,"caption":"Nexo Informativo Santiago de Quer\u00e9taro"},"image":{"@id":"https:\/\/www.nexoinformativo.mx\/#\/schema\/logo\/image\/"},"sameAs":["https:\/\/www.facebook.com\/people\/Nexo-Informativo\/61564066885511\/"]},{"@type":"Person","@id":"https:\/\/www.nexoinformativo.mx\/#\/schema\/person\/7749d380ba08c8ca00d7bc76fd907b7d","name":"Nexo Informativo","image":{"@type":"ImageObject","inLanguage":"es","@id":"https:\/\/www.nexoinformativo.mx\/#\/schema\/person\/image\/","url":"https:\/\/secure.gravatar.com\/avatar\/dde2928154642a13d95f87ddf1ea9718fe2b46760a005c53e41ff5ad610704e6?s=96&d=mm&r=g","contentUrl":"https:\/\/secure.gravatar.com\/avatar\/dde2928154642a13d95f87ddf1ea9718fe2b46760a005c53e41ff5ad610704e6?s=96&d=mm&r=g","caption":"Nexo Informativo"},"url":"https:\/\/www.nexoinformativo.mx\/index.php\/author\/edicion\/"}]}},"_links":{"self":[{"href":"https:\/\/www.nexoinformativo.mx\/index.php\/wp-json\/wp\/v2\/posts\/7160","targetHints":{"allow":["GET"]}}],"collection":[{"href":"https:\/\/www.nexoinformativo.mx\/index.php\/wp-json\/wp\/v2\/posts"}],"about":[{"href":"https:\/\/www.nexoinformativo.mx\/index.php\/wp-json\/wp\/v2\/types\/post"}],"author":[{"embeddable":true,"href":"https:\/\/www.nexoinformativo.mx\/index.php\/wp-json\/wp\/v2\/users\/3"}],"replies":[{"embeddable":true,"href":"https:\/\/www.nexoinformativo.mx\/index.php\/wp-json\/wp\/v2\/comments?post=7160"}],"version-history":[{"count":4,"href":"https:\/\/www.nexoinformativo.mx\/index.php\/wp-json\/wp\/v2\/posts\/7160\/revisions"}],"predecessor-version":[{"id":7184,"href":"https:\/\/www.nexoinformativo.mx\/index.php\/wp-json\/wp\/v2\/posts\/7160\/revisions\/7184"}],"wp:featuredmedia":[{"embeddable":true,"href":"https:\/\/www.nexoinformativo.mx\/index.php\/wp-json\/wp\/v2\/media\/7183"}],"wp:attachment":[{"href":"https:\/\/www.nexoinformativo.mx\/index.php\/wp-json\/wp\/v2\/media?parent=7160"}],"wp:term":[{"taxonomy":"category","embeddable":true,"href":"https:\/\/www.nexoinformativo.mx\/index.php\/wp-json\/wp\/v2\/categories?post=7160"},{"taxonomy":"post_tag","embeddable":true,"href":"https:\/\/www.nexoinformativo.mx\/index.php\/wp-json\/wp\/v2\/tags?post=7160"}],"curies":[{"name":"wp","href":"https:\/\/api.w.org\/{rel}","templated":true}]}}