{"id":7166,"date":"2024-11-28T06:30:13","date_gmt":"2024-11-28T12:30:13","guid":{"rendered":"https:\/\/www.nexoinformativo.mx\/?p=7166"},"modified":"2024-11-28T08:27:59","modified_gmt":"2024-11-28T14:27:59","slug":"mexico-e-italia-fortalecen-lazos-economicos-con-historico-foro-de-negocios-celebrado-esta-semana","status":"publish","type":"post","link":"https:\/\/www.nexoinformativo.mx\/index.php\/2024\/11\/28\/mexico-e-italia-fortalecen-lazos-economicos-con-historico-foro-de-negocios-celebrado-esta-semana\/","title":{"rendered":"M\u00e9xico e Italia fortalecen lazos econ\u00f3micos con hist\u00f3rico Foro de Negocios celebrado esta semana"},"content":{"rendered":"<p style=\"text-align: justify;\" data-sourcepos=\"9:1-9:257\">En el marco del 150 aniversario de relaciones diplom\u00e1ticas entre M\u00e9xico e Italia, se llev\u00f3 a cabo el primer F<strong>oro de Negocios e Inversi\u00f3n M\u00e9xico-Italia<\/strong>, un evento hist\u00f3rico que reuni\u00f3 a l\u00edderes empresariales, gubernamentales y representantes de ambos pa\u00edses.<\/p>\n<p>&nbsp;<\/p>\n<p style=\"text-align: justify;\" data-sourcepos=\"11:1-11:386\">El secretario de Econom\u00eda de M\u00e9xico, Marcelo Ebrard, y su hom\u00f3logo italiano, Alfonso Urso, inauguraron este encuentro que busca fortalecer los lazos econ\u00f3micos y comerciales entre ambas naciones. Durante el evento, se destacaron las oportunidades de colaboraci\u00f3n en sectores clave como el automotriz, la farmac\u00e9utica, las energ\u00edas renovables y las infraestructuras sostenibles.<\/p>\n<p>&nbsp;<\/p>\n<p style=\"text-align: justify;\" data-sourcepos=\"13:1-13:379\"><strong>La C\u00e1mara de Comercio Mexicana en Italia<\/strong> (CaMexItal) organiz\u00f3 cuatro paneles tem\u00e1ticos donde se discutieron las tendencias y desaf\u00edos del mercado, as\u00ed como las oportunidades de inversi\u00f3n y colaboraci\u00f3n. La participaci\u00f3n de empresas l\u00edderes como Isopan, Pirelli y Grupo SIFI enriqueci\u00f3 el debate y demostr\u00f3 el inter\u00e9s de las compa\u00f1\u00edas italianas en el mercado mexicano.<\/p>\n<p>&nbsp;<\/p>\n<p style=\"text-align: justify;\" data-sourcepos=\"15:1-15:293\"><strong>&#8220;M\u00e9xico e Italia comparten un legado de cooperaci\u00f3n que se ha ido consolidando con el paso de los a\u00f1os&#8221;<\/strong>, afirm\u00f3 Ebrard. El secretario destac\u00f3 el crecimiento del comercio bilateral y la importancia de Italia como uno de los principales socios comerciales de M\u00e9xico en Europa.<\/p>\n<p>&nbsp;<\/p>\n<p style=\"text-align: justify;\" data-sourcepos=\"17:1-17:291\">Por su parte, Andrea Prete, presidente de la Uni\u00f3n Italiana de C\u00e1maras de Comercio, Industria, Artesan\u00eda y Agricultura, resalt\u00f3 el potencial de colaboraci\u00f3n entre ambos pa\u00edses y destac\u00f3 el papel clave que desempe\u00f1an las empresas italianas en el desarrollo de sectores estrat\u00e9gicos en M\u00e9xico.<\/p>\n<p>&nbsp;<\/p>\n<p style=\"text-align: justify;\" data-sourcepos=\"19:1-19:180\">Este foro representa un hito en las relaciones econ\u00f3micas bilaterales y abre nuevas perspectivas para la cooperaci\u00f3n en \u00e1reas como la innovaci\u00f3n, la tecnolog\u00eda y la sostenibilidad.<\/p>\n<p>&nbsp;<\/p>\n<p style=\"text-align: center;\" data-sourcepos=\"19:1-19:180\"><em><strong>\u00a1Informaci\u00f3n que transforma!<\/strong><\/em><\/p>\n","protected":false},"excerpt":{"rendered":"<p>En el marco del 150 aniversario de relaciones diplom\u00e1ticas entre M\u00e9xico e Italia, se llev\u00f3 a cabo el primer Foro de Negocios e Inversi\u00f3n M\u00e9xico-Italia, un evento hist\u00f3rico que reuni\u00f3 a l\u00edderes empresariales, gubernamentales y representantes de ambos pa\u00edses.<\/p>\n","protected":false},"author":3,"featured_media":7167,"comment_status":"open","ping_status":"open","sticky":false,"template":"","format":"standard","meta":{"footnotes":""},"categories":[5,88,58],"tags":[2414,142,1059,2415],"class_list":["post-7166","post","type-post","status-publish","format-standard","has-post-thumbnail","hentry","category-economia","category-nacional","category-ultima-hora","tag-forodenegocios","tag-inversion","tag-mexicoitalia","tag-relacioneseconomicas"],"yoast_head":"<!-- This site is optimized with the Yoast SEO plugin v25.0 - https:\/\/yoast.com\/wordpress\/plugins\/seo\/ -->\n<title>M\u00e9xico e Italia fortalecen lazos econ\u00f3micos con hist\u00f3rico Foro de Negocios celebrado esta semana | Nexo Informativo Santiago de Quer\u00e9taro<\/title>\n<meta name=\"description\" content=\"M\u00e9xico e Italia fortalecen lazos econ\u00f3micos con hist\u00f3rico Foro de Negocios celebrado esta semana\" \/>\n<meta name=\"robots\" content=\"index, follow, max-snippet:-1, max-image-preview:large, max-video-preview:-1\" \/>\n<link rel=\"canonical\" href=\"https:\/\/www.nexoinformativo.mx\/index.php\/2024\/11\/28\/mexico-e-italia-fortalecen-lazos-economicos-con-historico-foro-de-negocios-celebrado-esta-semana\/\" \/>\n<meta property=\"og:locale\" content=\"es_MX\" \/>\n<meta property=\"og:type\" content=\"article\" \/>\n<meta property=\"og:title\" content=\"M\u00e9xico e Italia fortalecen lazos econ\u00f3micos con hist\u00f3rico Foro de Negocios celebrado esta semana | Nexo Informativo Santiago de Quer\u00e9taro\" \/>\n<meta property=\"og:description\" content=\"M\u00e9xico e Italia fortalecen lazos econ\u00f3micos con hist\u00f3rico Foro de Negocios celebrado esta semana\" \/>\n<meta property=\"og:url\" content=\"https:\/\/www.nexoinformativo.mx\/index.php\/2024\/11\/28\/mexico-e-italia-fortalecen-lazos-economicos-con-historico-foro-de-negocios-celebrado-esta-semana\/\" \/>\n<meta property=\"og:site_name\" content=\"Nexo Informativo Santiago de Quer\u00e9taro\" \/>\n<meta property=\"article:publisher\" content=\"https:\/\/www.facebook.com\/people\/Nexo-Informativo\/61564066885511\/\" \/>\n<meta property=\"article:published_time\" content=\"2024-11-28T12:30:13+00:00\" \/>\n<meta property=\"article:modified_time\" content=\"2024-11-28T14:27:59+00:00\" \/>\n<meta property=\"og:image\" content=\"https:\/\/www.nexoinformativo.mx\/wp-content\/uploads\/2024\/11\/IMG_8237.png\" \/>\n\t<meta property=\"og:image:width\" content=\"650\" \/>\n\t<meta property=\"og:image:height\" content=\"380\" \/>\n\t<meta property=\"og:image:type\" content=\"image\/png\" \/>\n<meta name=\"author\" content=\"Nexo Informativo\" \/>\n<meta name=\"twitter:card\" content=\"summary_large_image\" \/>\n<meta name=\"twitter:label1\" content=\"Escrito por\" \/>\n\t<meta name=\"twitter:data1\" content=\"Nexo Informativo\" \/>\n\t<meta name=\"twitter:label2\" content=\"Tiempo de lectura\" \/>\n\t<meta name=\"twitter:data2\" content=\"2 minutos\" \/>\n<script type=\"application\/ld+json\" class=\"yoast-schema-graph\">{\"@context\":\"https:\/\/schema.org\",\"@graph\":[{\"@type\":\"Article\",\"@id\":\"https:\/\/www.nexoinformativo.mx\/index.php\/2024\/11\/28\/mexico-e-italia-fortalecen-lazos-economicos-con-historico-foro-de-negocios-celebrado-esta-semana\/#article\",\"isPartOf\":{\"@id\":\"https:\/\/www.nexoinformativo.mx\/index.php\/2024\/11\/28\/mexico-e-italia-fortalecen-lazos-economicos-con-historico-foro-de-negocios-celebrado-esta-semana\/\"},\"author\":{\"name\":\"Nexo Informativo\",\"@id\":\"https:\/\/www.nexoinformativo.mx\/#\/schema\/person\/7749d380ba08c8ca00d7bc76fd907b7d\"},\"headline\":\"M\u00e9xico e Italia fortalecen lazos econ\u00f3micos con hist\u00f3rico Foro de Negocios celebrado esta semana\",\"datePublished\":\"2024-11-28T12:30:13+00:00\",\"dateModified\":\"2024-11-28T14:27:59+00:00\",\"mainEntityOfPage\":{\"@id\":\"https:\/\/www.nexoinformativo.mx\/index.php\/2024\/11\/28\/mexico-e-italia-fortalecen-lazos-economicos-con-historico-foro-de-negocios-celebrado-esta-semana\/\"},\"wordCount\":327,\"commentCount\":0,\"publisher\":{\"@id\":\"https:\/\/www.nexoinformativo.mx\/#organization\"},\"image\":{\"@id\":\"https:\/\/www.nexoinformativo.mx\/index.php\/2024\/11\/28\/mexico-e-italia-fortalecen-lazos-economicos-con-historico-foro-de-negocios-celebrado-esta-semana\/#primaryimage\"},\"thumbnailUrl\":\"https:\/\/www.nexoinformativo.mx\/wp-content\/uploads\/2024\/11\/IMG_8237.png\",\"keywords\":[\"ForoDeNegocios\",\"Inversi\u00f3n\",\"M\u00e9xicoItalia\",\"RelacionesEcon\u00f3micas\"],\"articleSection\":[\"Econom\u00eda\",\"Nacional\",\"\u00daltima Hora\"],\"inLanguage\":\"es\",\"potentialAction\":[{\"@type\":\"CommentAction\",\"name\":\"Comment\",\"target\":[\"https:\/\/www.nexoinformativo.mx\/index.php\/2024\/11\/28\/mexico-e-italia-fortalecen-lazos-economicos-con-historico-foro-de-negocios-celebrado-esta-semana\/#respond\"]}]},{\"@type\":\"WebPage\",\"@id\":\"https:\/\/www.nexoinformativo.mx\/index.php\/2024\/11\/28\/mexico-e-italia-fortalecen-lazos-economicos-con-historico-foro-de-negocios-celebrado-esta-semana\/\",\"url\":\"https:\/\/www.nexoinformativo.mx\/index.php\/2024\/11\/28\/mexico-e-italia-fortalecen-lazos-economicos-con-historico-foro-de-negocios-celebrado-esta-semana\/\",\"name\":\"M\u00e9xico e Italia fortalecen lazos econ\u00f3micos con hist\u00f3rico Foro de Negocios celebrado esta semana | Nexo Informativo Santiago de Quer\u00e9taro\",\"isPartOf\":{\"@id\":\"https:\/\/www.nexoinformativo.mx\/#website\"},\"primaryImageOfPage\":{\"@id\":\"https:\/\/www.nexoinformativo.mx\/index.php\/2024\/11\/28\/mexico-e-italia-fortalecen-lazos-economicos-con-historico-foro-de-negocios-celebrado-esta-semana\/#primaryimage\"},\"image\":{\"@id\":\"https:\/\/www.nexoinformativo.mx\/index.php\/2024\/11\/28\/mexico-e-italia-fortalecen-lazos-economicos-con-historico-foro-de-negocios-celebrado-esta-semana\/#primaryimage\"},\"thumbnailUrl\":\"https:\/\/www.nexoinformativo.mx\/wp-content\/uploads\/2024\/11\/IMG_8237.png\",\"datePublished\":\"2024-11-28T12:30:13+00:00\",\"dateModified\":\"2024-11-28T14:27:59+00:00\",\"description\":\"M\u00e9xico e Italia fortalecen lazos econ\u00f3micos con hist\u00f3rico Foro de Negocios celebrado esta semana\",\"breadcrumb\":{\"@id\":\"https:\/\/www.nexoinformativo.mx\/index.php\/2024\/11\/28\/mexico-e-italia-fortalecen-lazos-economicos-con-historico-foro-de-negocios-celebrado-esta-semana\/#breadcrumb\"},\"inLanguage\":\"es\",\"potentialAction\":[{\"@type\":\"ReadAction\",\"target\":[\"https:\/\/www.nexoinformativo.mx\/index.php\/2024\/11\/28\/mexico-e-italia-fortalecen-lazos-economicos-con-historico-foro-de-negocios-celebrado-esta-semana\/\"]}]},{\"@type\":\"ImageObject\",\"inLanguage\":\"es\",\"@id\":\"https:\/\/www.nexoinformativo.mx\/index.php\/2024\/11\/28\/mexico-e-italia-fortalecen-lazos-economicos-con-historico-foro-de-negocios-celebrado-esta-semana\/#primaryimage\",\"url\":\"https:\/\/www.nexoinformativo.mx\/wp-content\/uploads\/2024\/11\/IMG_8237.png\",\"contentUrl\":\"https:\/\/www.nexoinformativo.mx\/wp-content\/uploads\/2024\/11\/IMG_8237.png\",\"width\":650,\"height\":380},{\"@type\":\"BreadcrumbList\",\"@id\":\"https:\/\/www.nexoinformativo.mx\/index.php\/2024\/11\/28\/mexico-e-italia-fortalecen-lazos-economicos-con-historico-foro-de-negocios-celebrado-esta-semana\/#breadcrumb\",\"itemListElement\":[{\"@type\":\"ListItem\",\"position\":1,\"name\":\"Inicio\",\"item\":\"https:\/\/www.nexoinformativo.mx\/\"},{\"@type\":\"ListItem\",\"position\":2,\"name\":\"M\u00e9xico e Italia fortalecen lazos econ\u00f3micos con hist\u00f3rico Foro de Negocios celebrado esta semana\"}]},{\"@type\":\"WebSite\",\"@id\":\"https:\/\/www.nexoinformativo.mx\/#website\",\"url\":\"https:\/\/www.nexoinformativo.mx\/\",\"name\":\"Nexo Informativo Santiago de Quer\u00e9taro\",\"description\":\"Explora NexoInformativo y convi\u00e9rtete en parte de una comunidad que valora el conocimiento y la verdad. Tu nexoinformativo es tu puente hacia una comprensi\u00f3n m\u00e1s profunda del mundo que te rodea.\",\"publisher\":{\"@id\":\"https:\/\/www.nexoinformativo.mx\/#organization\"},\"potentialAction\":[{\"@type\":\"SearchAction\",\"target\":{\"@type\":\"EntryPoint\",\"urlTemplate\":\"https:\/\/www.nexoinformativo.mx\/?s={search_term_string}\"},\"query-input\":{\"@type\":\"PropertyValueSpecification\",\"valueRequired\":true,\"valueName\":\"search_term_string\"}}],\"inLanguage\":\"es\"},{\"@type\":\"Organization\",\"@id\":\"https:\/\/www.nexoinformativo.mx\/#organization\",\"name\":\"Nexo Informativo Santiago de Quer\u00e9taro\",\"url\":\"https:\/\/www.nexoinformativo.mx\/\",\"logo\":{\"@type\":\"ImageObject\",\"inLanguage\":\"es\",\"@id\":\"https:\/\/www.nexoinformativo.mx\/#\/schema\/logo\/image\/\",\"url\":\"https:\/\/www.nexoinformativo.mx\/wp-content\/uploads\/2024\/07\/nexoi-trasparente-2.png\",\"contentUrl\":\"https:\/\/www.nexoinformativo.mx\/wp-content\/uploads\/2024\/07\/nexoi-trasparente-2.png\",\"width\":816,\"height\":339,\"caption\":\"Nexo Informativo Santiago de Quer\u00e9taro\"},\"image\":{\"@id\":\"https:\/\/www.nexoinformativo.mx\/#\/schema\/logo\/image\/\"},\"sameAs\":[\"https:\/\/www.facebook.com\/people\/Nexo-Informativo\/61564066885511\/\"]},{\"@type\":\"Person\",\"@id\":\"https:\/\/www.nexoinformativo.mx\/#\/schema\/person\/7749d380ba08c8ca00d7bc76fd907b7d\",\"name\":\"Nexo Informativo\",\"image\":{\"@type\":\"ImageObject\",\"inLanguage\":\"es\",\"@id\":\"https:\/\/www.nexoinformativo.mx\/#\/schema\/person\/image\/\",\"url\":\"https:\/\/secure.gravatar.com\/avatar\/dde2928154642a13d95f87ddf1ea9718fe2b46760a005c53e41ff5ad610704e6?s=96&d=mm&r=g\",\"contentUrl\":\"https:\/\/secure.gravatar.com\/avatar\/dde2928154642a13d95f87ddf1ea9718fe2b46760a005c53e41ff5ad610704e6?s=96&d=mm&r=g\",\"caption\":\"Nexo Informativo\"},\"url\":\"https:\/\/www.nexoinformativo.mx\/index.php\/author\/edicion\/\"}]}<\/script>\n<!-- \/ Yoast SEO plugin. -->","yoast_head_json":{"title":"M\u00e9xico e Italia fortalecen lazos econ\u00f3micos con hist\u00f3rico Foro de Negocios celebrado esta semana | Nexo Informativo Santiago de Quer\u00e9taro","description":"M\u00e9xico e Italia fortalecen lazos econ\u00f3micos con hist\u00f3rico Foro de Negocios celebrado esta semana","robots":{"index":"index","follow":"follow","max-snippet":"max-snippet:-1","max-image-preview":"max-image-preview:large","max-video-preview":"max-video-preview:-1"},"canonical":"https:\/\/www.nexoinformativo.mx\/index.php\/2024\/11\/28\/mexico-e-italia-fortalecen-lazos-economicos-con-historico-foro-de-negocios-celebrado-esta-semana\/","og_locale":"es_MX","og_type":"article","og_title":"M\u00e9xico e Italia fortalecen lazos econ\u00f3micos con hist\u00f3rico Foro de Negocios celebrado esta semana | Nexo Informativo Santiago de Quer\u00e9taro","og_description":"M\u00e9xico e Italia fortalecen lazos econ\u00f3micos con hist\u00f3rico Foro de Negocios celebrado esta semana","og_url":"https:\/\/www.nexoinformativo.mx\/index.php\/2024\/11\/28\/mexico-e-italia-fortalecen-lazos-economicos-con-historico-foro-de-negocios-celebrado-esta-semana\/","og_site_name":"Nexo Informativo Santiago de Quer\u00e9taro","article_publisher":"https:\/\/www.facebook.com\/people\/Nexo-Informativo\/61564066885511\/","article_published_time":"2024-11-28T12:30:13+00:00","article_modified_time":"2024-11-28T14:27:59+00:00","og_image":[{"width":650,"height":380,"url":"https:\/\/www.nexoinformativo.mx\/wp-content\/uploads\/2024\/11\/IMG_8237.png","type":"image\/png"}],"author":"Nexo Informativo","twitter_card":"summary_large_image","twitter_misc":{"Escrito por":"Nexo Informativo","Tiempo de lectura":"2 minutos"},"schema":{"@context":"https:\/\/schema.org","@graph":[{"@type":"Article","@id":"https:\/\/www.nexoinformativo.mx\/index.php\/2024\/11\/28\/mexico-e-italia-fortalecen-lazos-economicos-con-historico-foro-de-negocios-celebrado-esta-semana\/#article","isPartOf":{"@id":"https:\/\/www.nexoinformativo.mx\/index.php\/2024\/11\/28\/mexico-e-italia-fortalecen-lazos-economicos-con-historico-foro-de-negocios-celebrado-esta-semana\/"},"author":{"name":"Nexo Informativo","@id":"https:\/\/www.nexoinformativo.mx\/#\/schema\/person\/7749d380ba08c8ca00d7bc76fd907b7d"},"headline":"M\u00e9xico e Italia fortalecen lazos econ\u00f3micos con hist\u00f3rico Foro de Negocios celebrado esta semana","datePublished":"2024-11-28T12:30:13+00:00","dateModified":"2024-11-28T14:27:59+00:00","mainEntityOfPage":{"@id":"https:\/\/www.nexoinformativo.mx\/index.php\/2024\/11\/28\/mexico-e-italia-fortalecen-lazos-economicos-con-historico-foro-de-negocios-celebrado-esta-semana\/"},"wordCount":327,"commentCount":0,"publisher":{"@id":"https:\/\/www.nexoinformativo.mx\/#organization"},"image":{"@id":"https:\/\/www.nexoinformativo.mx\/index.php\/2024\/11\/28\/mexico-e-italia-fortalecen-lazos-economicos-con-historico-foro-de-negocios-celebrado-esta-semana\/#primaryimage"},"thumbnailUrl":"https:\/\/www.nexoinformativo.mx\/wp-content\/uploads\/2024\/11\/IMG_8237.png","keywords":["ForoDeNegocios","Inversi\u00f3n","M\u00e9xicoItalia","RelacionesEcon\u00f3micas"],"articleSection":["Econom\u00eda","Nacional","\u00daltima Hora"],"inLanguage":"es","potentialAction":[{"@type":"CommentAction","name":"Comment","target":["https:\/\/www.nexoinformativo.mx\/index.php\/2024\/11\/28\/mexico-e-italia-fortalecen-lazos-economicos-con-historico-foro-de-negocios-celebrado-esta-semana\/#respond"]}]},{"@type":"WebPage","@id":"https:\/\/www.nexoinformativo.mx\/index.php\/2024\/11\/28\/mexico-e-italia-fortalecen-lazos-economicos-con-historico-foro-de-negocios-celebrado-esta-semana\/","url":"https:\/\/www.nexoinformativo.mx\/index.php\/2024\/11\/28\/mexico-e-italia-fortalecen-lazos-economicos-con-historico-foro-de-negocios-celebrado-esta-semana\/","name":"M\u00e9xico e Italia fortalecen lazos econ\u00f3micos con hist\u00f3rico Foro de Negocios celebrado esta semana | Nexo Informativo Santiago de Quer\u00e9taro","isPartOf":{"@id":"https:\/\/www.nexoinformativo.mx\/#website"},"primaryImageOfPage":{"@id":"https:\/\/www.nexoinformativo.mx\/index.php\/2024\/11\/28\/mexico-e-italia-fortalecen-lazos-economicos-con-historico-foro-de-negocios-celebrado-esta-semana\/#primaryimage"},"image":{"@id":"https:\/\/www.nexoinformativo.mx\/index.php\/2024\/11\/28\/mexico-e-italia-fortalecen-lazos-economicos-con-historico-foro-de-negocios-celebrado-esta-semana\/#primaryimage"},"thumbnailUrl":"https:\/\/www.nexoinformativo.mx\/wp-content\/uploads\/2024\/11\/IMG_8237.png","datePublished":"2024-11-28T12:30:13+00:00","dateModified":"2024-11-28T14:27:59+00:00","description":"M\u00e9xico e Italia fortalecen lazos econ\u00f3micos con hist\u00f3rico Foro de Negocios celebrado esta semana","breadcrumb":{"@id":"https:\/\/www.nexoinformativo.mx\/index.php\/2024\/11\/28\/mexico-e-italia-fortalecen-lazos-economicos-con-historico-foro-de-negocios-celebrado-esta-semana\/#breadcrumb"},"inLanguage":"es","potentialAction":[{"@type":"ReadAction","target":["https:\/\/www.nexoinformativo.mx\/index.php\/2024\/11\/28\/mexico-e-italia-fortalecen-lazos-economicos-con-historico-foro-de-negocios-celebrado-esta-semana\/"]}]},{"@type":"ImageObject","inLanguage":"es","@id":"https:\/\/www.nexoinformativo.mx\/index.php\/2024\/11\/28\/mexico-e-italia-fortalecen-lazos-economicos-con-historico-foro-de-negocios-celebrado-esta-semana\/#primaryimage","url":"https:\/\/www.nexoinformativo.mx\/wp-content\/uploads\/2024\/11\/IMG_8237.png","contentUrl":"https:\/\/www.nexoinformativo.mx\/wp-content\/uploads\/2024\/11\/IMG_8237.png","width":650,"height":380},{"@type":"BreadcrumbList","@id":"https:\/\/www.nexoinformativo.mx\/index.php\/2024\/11\/28\/mexico-e-italia-fortalecen-lazos-economicos-con-historico-foro-de-negocios-celebrado-esta-semana\/#breadcrumb","itemListElement":[{"@type":"ListItem","position":1,"name":"Inicio","item":"https:\/\/www.nexoinformativo.mx\/"},{"@type":"ListItem","position":2,"name":"M\u00e9xico e Italia fortalecen lazos econ\u00f3micos con hist\u00f3rico Foro de Negocios celebrado esta semana"}]},{"@type":"WebSite","@id":"https:\/\/www.nexoinformativo.mx\/#website","url":"https:\/\/www.nexoinformativo.mx\/","name":"Nexo Informativo Santiago de Quer\u00e9taro","description":"Explora NexoInformativo y convi\u00e9rtete en parte de una comunidad que valora el conocimiento y la verdad. Tu nexoinformativo es tu puente hacia una comprensi\u00f3n m\u00e1s profunda del mundo que te rodea.","publisher":{"@id":"https:\/\/www.nexoinformativo.mx\/#organization"},"potentialAction":[{"@type":"SearchAction","target":{"@type":"EntryPoint","urlTemplate":"https:\/\/www.nexoinformativo.mx\/?s={search_term_string}"},"query-input":{"@type":"PropertyValueSpecification","valueRequired":true,"valueName":"search_term_string"}}],"inLanguage":"es"},{"@type":"Organization","@id":"https:\/\/www.nexoinformativo.mx\/#organization","name":"Nexo Informativo Santiago de Quer\u00e9taro","url":"https:\/\/www.nexoinformativo.mx\/","logo":{"@type":"ImageObject","inLanguage":"es","@id":"https:\/\/www.nexoinformativo.mx\/#\/schema\/logo\/image\/","url":"https:\/\/www.nexoinformativo.mx\/wp-content\/uploads\/2024\/07\/nexoi-trasparente-2.png","contentUrl":"https:\/\/www.nexoinformativo.mx\/wp-content\/uploads\/2024\/07\/nexoi-trasparente-2.png","width":816,"height":339,"caption":"Nexo Informativo Santiago de Quer\u00e9taro"},"image":{"@id":"https:\/\/www.nexoinformativo.mx\/#\/schema\/logo\/image\/"},"sameAs":["https:\/\/www.facebook.com\/people\/Nexo-Informativo\/61564066885511\/"]},{"@type":"Person","@id":"https:\/\/www.nexoinformativo.mx\/#\/schema\/person\/7749d380ba08c8ca00d7bc76fd907b7d","name":"Nexo Informativo","image":{"@type":"ImageObject","inLanguage":"es","@id":"https:\/\/www.nexoinformativo.mx\/#\/schema\/person\/image\/","url":"https:\/\/secure.gravatar.com\/avatar\/dde2928154642a13d95f87ddf1ea9718fe2b46760a005c53e41ff5ad610704e6?s=96&d=mm&r=g","contentUrl":"https:\/\/secure.gravatar.com\/avatar\/dde2928154642a13d95f87ddf1ea9718fe2b46760a005c53e41ff5ad610704e6?s=96&d=mm&r=g","caption":"Nexo Informativo"},"url":"https:\/\/www.nexoinformativo.mx\/index.php\/author\/edicion\/"}]}},"_links":{"self":[{"href":"https:\/\/www.nexoinformativo.mx\/index.php\/wp-json\/wp\/v2\/posts\/7166","targetHints":{"allow":["GET"]}}],"collection":[{"href":"https:\/\/www.nexoinformativo.mx\/index.php\/wp-json\/wp\/v2\/posts"}],"about":[{"href":"https:\/\/www.nexoinformativo.mx\/index.php\/wp-json\/wp\/v2\/types\/post"}],"author":[{"embeddable":true,"href":"https:\/\/www.nexoinformativo.mx\/index.php\/wp-json\/wp\/v2\/users\/3"}],"replies":[{"embeddable":true,"href":"https:\/\/www.nexoinformativo.mx\/index.php\/wp-json\/wp\/v2\/comments?post=7166"}],"version-history":[{"count":4,"href":"https:\/\/www.nexoinformativo.mx\/index.php\/wp-json\/wp\/v2\/posts\/7166\/revisions"}],"predecessor-version":[{"id":7171,"href":"https:\/\/www.nexoinformativo.mx\/index.php\/wp-json\/wp\/v2\/posts\/7166\/revisions\/7171"}],"wp:featuredmedia":[{"embeddable":true,"href":"https:\/\/www.nexoinformativo.mx\/index.php\/wp-json\/wp\/v2\/media\/7167"}],"wp:attachment":[{"href":"https:\/\/www.nexoinformativo.mx\/index.php\/wp-json\/wp\/v2\/media?parent=7166"}],"wp:term":[{"taxonomy":"category","embeddable":true,"href":"https:\/\/www.nexoinformativo.mx\/index.php\/wp-json\/wp\/v2\/categories?post=7166"},{"taxonomy":"post_tag","embeddable":true,"href":"https:\/\/www.nexoinformativo.mx\/index.php\/wp-json\/wp\/v2\/tags?post=7166"}],"curies":[{"name":"wp","href":"https:\/\/api.w.org\/{rel}","templated":true}]}}