{"id":7172,"date":"2024-11-28T08:00:09","date_gmt":"2024-11-28T14:00:09","guid":{"rendered":"https:\/\/www.nexoinformativo.mx\/?p=7172"},"modified":"2024-11-28T08:35:37","modified_gmt":"2024-11-28T14:35:37","slug":"trump-y-sheinbaum-acercan-posiciones-sobre-inmigracion-en-llamada-maravillosa","status":"publish","type":"post","link":"https:\/\/www.nexoinformativo.mx\/index.php\/2024\/11\/28\/trump-y-sheinbaum-acercan-posiciones-sobre-inmigracion-en-llamada-maravillosa\/","title":{"rendered":"Trump y Sheinbaum acercan posiciones sobre inmigraci\u00f3n en llamada &#8220;maravillosa&#8221;"},"content":{"rendered":"<p style=\"text-align: justify;\">El d\u00eda de ayer en una llamada telef\u00f3nica calificada como <strong>&#8220;maravillosa&#8221;<\/strong> por Donald Trump y <strong>&#8220;excelente&#8221;<\/strong> por Claudia Sheinbaum, el presidente electo de Estados Unidos y la presidenta de M\u00e9xico discutieron sobre la inmigraci\u00f3n y el tr\u00e1fico de drogas. Trump afirm\u00f3 que M\u00e9xico frenar\u00e1 la llegada de inmigrantes, mientras que Sheinbaum asegur\u00f3 que ya no est\u00e1n llegando.<\/p>\n<p>&nbsp;<\/p>\n<p style=\"text-align: justify;\">La conversaci\u00f3n se produjo 48 horas despu\u00e9s de que Trump amenazara con imponer un arancel del 25% a todas las importaciones mexicanas si no se deten\u00eda la inmigraci\u00f3n y el tr\u00e1fico de fentanilo hacia Estados Unidos.<\/p>\n<p>&nbsp;<\/p>\n<p style=\"text-align: justify;\">Ambos l\u00edderes compartieron mensajes positivos en sus redes sociales, aunque con matices diferentes. Trump se atribuy\u00f3 el m\u00e9rito de frenar la inmigraci\u00f3n, mientras que Sheinbaum destac\u00f3 las medidas ya implementadas por M\u00e9xico.<\/p>\n<p>&nbsp;<\/p>\n<p style=\"text-align: justify;\">Trump escribi\u00f3 en Truth Social: &#8220;Acabo de tener una maravillosa conversaci\u00f3n con la nueva presidenta de M\u00e9xico, Claudia Sheinbaum Pardo. Ha accedido a detener la migraci\u00f3n a trav\u00e9s de M\u00e9xico y hacia Estados Unidos, cerrando de hecho nuestra frontera sur. Tambi\u00e9n hablamos sobre lo que se puede hacer para detener la entrada masiva de drogas en los Estados Unidos, y tambi\u00e9n, el consumo estadounidense de estas drogas. Fue una conversaci\u00f3n muy productiva&#8221;.<\/p>\n<p>&nbsp;<\/p>\n<p style=\"text-align: justify;\">Por su parte, Sheinbaum coment\u00f3 en X: &#8220;Tuve una excelente conversaci\u00f3n con el presidente Donald Trump. Abordamos la estrategia mexicana sobre el fen\u00f3meno de la migraci\u00f3n y compart\u00ed que no est\u00e1n llegando caravanas a la frontera norte porque son atendidas en M\u00e9xico. Tambi\u00e9n hablamos de reforzar la colaboraci\u00f3n en temas de seguridad en el marco de nuestra soberan\u00eda y de la campa\u00f1a que estamos realizando en el pa\u00eds para prevenir el consumo de fentanilo&#8221;.<\/p>\n<p>&nbsp;<\/p>\n<p style=\"text-align: justify;\">La amenaza de aranceles de Trump podr\u00eda afectar el tratado comercial entre Estados Unidos, M\u00e9xico y Canad\u00e1, firmado en 2020. Analistas creen que la amenaza es una t\u00e1ctica de negociaci\u00f3n y no se llevar\u00e1 a cabo completamente.<\/p>\n<p>&nbsp;<\/p>\n<p style=\"text-align: center;\"><em><strong>\u00a1Informaci\u00f3n que transforma!<\/strong><\/em><\/p>\n","protected":false},"excerpt":{"rendered":"<p>El d\u00eda de ayer en una llamada telef\u00f3nica calificada como &#8220;maravillosa&#8221; por Donald Trump y &#8220;excelente&#8221; por Claudia Sheinbaum, el presidente electo de Estados Unidos y la presidenta de M\u00e9xico discutieron sobre la inmigraci\u00f3n y el tr\u00e1fico de drogas.<\/p>\n","protected":false},"author":3,"featured_media":7173,"comment_status":"open","ping_status":"open","sticky":false,"template":"","format":"standard","meta":{"footnotes":""},"categories":[88,21,58],"tags":[2416,2417,2418,2419],"class_list":["post-7172","post","type-post","status-publish","format-standard","has-post-thumbnail","hentry","category-nacional","category-politica","category-ultima-hora","tag-inmigracionmexicoeeuu","tag-llamadatrumpsheinbaum","tag-politicacomercial","tag-seguridadfronteriza"],"yoast_head":"<!-- This site is optimized with the Yoast SEO plugin v25.0 - https:\/\/yoast.com\/wordpress\/plugins\/seo\/ -->\n<title>Trump y Sheinbaum acercan posiciones sobre inmigraci\u00f3n en llamada &quot;maravillosa&quot; | Nexo Informativo Santiago de Quer\u00e9taro<\/title>\n<meta name=\"description\" content=\"Trump y Sheinbaum acercan posiciones sobre inmigraci\u00f3n en llamada &quot;maravillosa&quot;\" \/>\n<meta name=\"robots\" content=\"index, follow, max-snippet:-1, max-image-preview:large, max-video-preview:-1\" \/>\n<link rel=\"canonical\" href=\"https:\/\/www.nexoinformativo.mx\/index.php\/2024\/11\/28\/trump-y-sheinbaum-acercan-posiciones-sobre-inmigracion-en-llamada-maravillosa\/\" \/>\n<meta property=\"og:locale\" content=\"es_MX\" \/>\n<meta property=\"og:type\" content=\"article\" \/>\n<meta property=\"og:title\" content=\"Trump y Sheinbaum acercan posiciones sobre inmigraci\u00f3n en llamada &quot;maravillosa&quot; | Nexo Informativo Santiago de Quer\u00e9taro\" \/>\n<meta property=\"og:description\" content=\"Trump y Sheinbaum acercan posiciones sobre inmigraci\u00f3n en llamada &quot;maravillosa&quot;\" \/>\n<meta property=\"og:url\" content=\"https:\/\/www.nexoinformativo.mx\/index.php\/2024\/11\/28\/trump-y-sheinbaum-acercan-posiciones-sobre-inmigracion-en-llamada-maravillosa\/\" \/>\n<meta property=\"og:site_name\" content=\"Nexo Informativo Santiago de Quer\u00e9taro\" \/>\n<meta property=\"article:publisher\" content=\"https:\/\/www.facebook.com\/people\/Nexo-Informativo\/61564066885511\/\" \/>\n<meta property=\"article:published_time\" content=\"2024-11-28T14:00:09+00:00\" \/>\n<meta property=\"article:modified_time\" content=\"2024-11-28T14:35:37+00:00\" \/>\n<meta property=\"og:image\" content=\"https:\/\/www.nexoinformativo.mx\/wp-content\/uploads\/2024\/11\/IMG_3785-e1732804445614.jpg\" \/>\n\t<meta property=\"og:image:width\" content=\"800\" \/>\n\t<meta property=\"og:image:height\" content=\"800\" \/>\n\t<meta property=\"og:image:type\" content=\"image\/jpeg\" \/>\n<meta name=\"author\" content=\"Nexo Informativo\" \/>\n<meta name=\"twitter:card\" content=\"summary_large_image\" \/>\n<meta name=\"twitter:label1\" content=\"Escrito por\" \/>\n\t<meta name=\"twitter:data1\" content=\"Nexo Informativo\" \/>\n\t<meta name=\"twitter:label2\" content=\"Tiempo de lectura\" \/>\n\t<meta name=\"twitter:data2\" content=\"2 minutos\" \/>\n<script type=\"application\/ld+json\" class=\"yoast-schema-graph\">{\"@context\":\"https:\/\/schema.org\",\"@graph\":[{\"@type\":\"Article\",\"@id\":\"https:\/\/www.nexoinformativo.mx\/index.php\/2024\/11\/28\/trump-y-sheinbaum-acercan-posiciones-sobre-inmigracion-en-llamada-maravillosa\/#article\",\"isPartOf\":{\"@id\":\"https:\/\/www.nexoinformativo.mx\/index.php\/2024\/11\/28\/trump-y-sheinbaum-acercan-posiciones-sobre-inmigracion-en-llamada-maravillosa\/\"},\"author\":{\"name\":\"Nexo Informativo\",\"@id\":\"https:\/\/www.nexoinformativo.mx\/#\/schema\/person\/7749d380ba08c8ca00d7bc76fd907b7d\"},\"headline\":\"Trump y Sheinbaum acercan posiciones sobre inmigraci\u00f3n en llamada &#8220;maravillosa&#8221;\",\"datePublished\":\"2024-11-28T14:00:09+00:00\",\"dateModified\":\"2024-11-28T14:35:37+00:00\",\"mainEntityOfPage\":{\"@id\":\"https:\/\/www.nexoinformativo.mx\/index.php\/2024\/11\/28\/trump-y-sheinbaum-acercan-posiciones-sobre-inmigracion-en-llamada-maravillosa\/\"},\"wordCount\":364,\"commentCount\":0,\"publisher\":{\"@id\":\"https:\/\/www.nexoinformativo.mx\/#organization\"},\"image\":{\"@id\":\"https:\/\/www.nexoinformativo.mx\/index.php\/2024\/11\/28\/trump-y-sheinbaum-acercan-posiciones-sobre-inmigracion-en-llamada-maravillosa\/#primaryimage\"},\"thumbnailUrl\":\"https:\/\/www.nexoinformativo.mx\/wp-content\/uploads\/2024\/11\/IMG_3785-e1732804445614.jpg\",\"keywords\":[\"Inmigraci\u00f3nM\u00e9xicoEEUU\",\"LlamadaTrumpSheinbaum\",\"Pol\u00edticaComercial\",\"SeguridadFronteriza\"],\"articleSection\":[\"Nacional\",\"Pol\u00edtica\",\"\u00daltima Hora\"],\"inLanguage\":\"es\",\"potentialAction\":[{\"@type\":\"CommentAction\",\"name\":\"Comment\",\"target\":[\"https:\/\/www.nexoinformativo.mx\/index.php\/2024\/11\/28\/trump-y-sheinbaum-acercan-posiciones-sobre-inmigracion-en-llamada-maravillosa\/#respond\"]}]},{\"@type\":\"WebPage\",\"@id\":\"https:\/\/www.nexoinformativo.mx\/index.php\/2024\/11\/28\/trump-y-sheinbaum-acercan-posiciones-sobre-inmigracion-en-llamada-maravillosa\/\",\"url\":\"https:\/\/www.nexoinformativo.mx\/index.php\/2024\/11\/28\/trump-y-sheinbaum-acercan-posiciones-sobre-inmigracion-en-llamada-maravillosa\/\",\"name\":\"Trump y Sheinbaum acercan posiciones sobre inmigraci\u00f3n en llamada \\\"maravillosa\\\" | Nexo Informativo Santiago de Quer\u00e9taro\",\"isPartOf\":{\"@id\":\"https:\/\/www.nexoinformativo.mx\/#website\"},\"primaryImageOfPage\":{\"@id\":\"https:\/\/www.nexoinformativo.mx\/index.php\/2024\/11\/28\/trump-y-sheinbaum-acercan-posiciones-sobre-inmigracion-en-llamada-maravillosa\/#primaryimage\"},\"image\":{\"@id\":\"https:\/\/www.nexoinformativo.mx\/index.php\/2024\/11\/28\/trump-y-sheinbaum-acercan-posiciones-sobre-inmigracion-en-llamada-maravillosa\/#primaryimage\"},\"thumbnailUrl\":\"https:\/\/www.nexoinformativo.mx\/wp-content\/uploads\/2024\/11\/IMG_3785-e1732804445614.jpg\",\"datePublished\":\"2024-11-28T14:00:09+00:00\",\"dateModified\":\"2024-11-28T14:35:37+00:00\",\"description\":\"Trump y Sheinbaum acercan posiciones sobre inmigraci\u00f3n en llamada \\\"maravillosa\\\"\",\"breadcrumb\":{\"@id\":\"https:\/\/www.nexoinformativo.mx\/index.php\/2024\/11\/28\/trump-y-sheinbaum-acercan-posiciones-sobre-inmigracion-en-llamada-maravillosa\/#breadcrumb\"},\"inLanguage\":\"es\",\"potentialAction\":[{\"@type\":\"ReadAction\",\"target\":[\"https:\/\/www.nexoinformativo.mx\/index.php\/2024\/11\/28\/trump-y-sheinbaum-acercan-posiciones-sobre-inmigracion-en-llamada-maravillosa\/\"]}]},{\"@type\":\"ImageObject\",\"inLanguage\":\"es\",\"@id\":\"https:\/\/www.nexoinformativo.mx\/index.php\/2024\/11\/28\/trump-y-sheinbaum-acercan-posiciones-sobre-inmigracion-en-llamada-maravillosa\/#primaryimage\",\"url\":\"https:\/\/www.nexoinformativo.mx\/wp-content\/uploads\/2024\/11\/IMG_3785-e1732804445614.jpg\",\"contentUrl\":\"https:\/\/www.nexoinformativo.mx\/wp-content\/uploads\/2024\/11\/IMG_3785-e1732804445614.jpg\",\"width\":800,\"height\":800},{\"@type\":\"BreadcrumbList\",\"@id\":\"https:\/\/www.nexoinformativo.mx\/index.php\/2024\/11\/28\/trump-y-sheinbaum-acercan-posiciones-sobre-inmigracion-en-llamada-maravillosa\/#breadcrumb\",\"itemListElement\":[{\"@type\":\"ListItem\",\"position\":1,\"name\":\"Inicio\",\"item\":\"https:\/\/www.nexoinformativo.mx\/\"},{\"@type\":\"ListItem\",\"position\":2,\"name\":\"Trump y Sheinbaum acercan posiciones sobre inmigraci\u00f3n en llamada &#8220;maravillosa&#8221;\"}]},{\"@type\":\"WebSite\",\"@id\":\"https:\/\/www.nexoinformativo.mx\/#website\",\"url\":\"https:\/\/www.nexoinformativo.mx\/\",\"name\":\"Nexo Informativo Santiago de Quer\u00e9taro\",\"description\":\"Explora NexoInformativo y convi\u00e9rtete en parte de una comunidad que valora el conocimiento y la verdad. Tu nexoinformativo es tu puente hacia una comprensi\u00f3n m\u00e1s profunda del mundo que te rodea.\",\"publisher\":{\"@id\":\"https:\/\/www.nexoinformativo.mx\/#organization\"},\"potentialAction\":[{\"@type\":\"SearchAction\",\"target\":{\"@type\":\"EntryPoint\",\"urlTemplate\":\"https:\/\/www.nexoinformativo.mx\/?s={search_term_string}\"},\"query-input\":{\"@type\":\"PropertyValueSpecification\",\"valueRequired\":true,\"valueName\":\"search_term_string\"}}],\"inLanguage\":\"es\"},{\"@type\":\"Organization\",\"@id\":\"https:\/\/www.nexoinformativo.mx\/#organization\",\"name\":\"Nexo Informativo Santiago de Quer\u00e9taro\",\"url\":\"https:\/\/www.nexoinformativo.mx\/\",\"logo\":{\"@type\":\"ImageObject\",\"inLanguage\":\"es\",\"@id\":\"https:\/\/www.nexoinformativo.mx\/#\/schema\/logo\/image\/\",\"url\":\"https:\/\/www.nexoinformativo.mx\/wp-content\/uploads\/2024\/07\/nexoi-trasparente-2.png\",\"contentUrl\":\"https:\/\/www.nexoinformativo.mx\/wp-content\/uploads\/2024\/07\/nexoi-trasparente-2.png\",\"width\":816,\"height\":339,\"caption\":\"Nexo Informativo Santiago de Quer\u00e9taro\"},\"image\":{\"@id\":\"https:\/\/www.nexoinformativo.mx\/#\/schema\/logo\/image\/\"},\"sameAs\":[\"https:\/\/www.facebook.com\/people\/Nexo-Informativo\/61564066885511\/\"]},{\"@type\":\"Person\",\"@id\":\"https:\/\/www.nexoinformativo.mx\/#\/schema\/person\/7749d380ba08c8ca00d7bc76fd907b7d\",\"name\":\"Nexo Informativo\",\"image\":{\"@type\":\"ImageObject\",\"inLanguage\":\"es\",\"@id\":\"https:\/\/www.nexoinformativo.mx\/#\/schema\/person\/image\/\",\"url\":\"https:\/\/secure.gravatar.com\/avatar\/dde2928154642a13d95f87ddf1ea9718fe2b46760a005c53e41ff5ad610704e6?s=96&d=mm&r=g\",\"contentUrl\":\"https:\/\/secure.gravatar.com\/avatar\/dde2928154642a13d95f87ddf1ea9718fe2b46760a005c53e41ff5ad610704e6?s=96&d=mm&r=g\",\"caption\":\"Nexo Informativo\"},\"url\":\"https:\/\/www.nexoinformativo.mx\/index.php\/author\/edicion\/\"}]}<\/script>\n<!-- \/ Yoast SEO plugin. -->","yoast_head_json":{"title":"Trump y Sheinbaum acercan posiciones sobre inmigraci\u00f3n en llamada \"maravillosa\" | Nexo Informativo Santiago de Quer\u00e9taro","description":"Trump y Sheinbaum acercan posiciones sobre inmigraci\u00f3n en llamada \"maravillosa\"","robots":{"index":"index","follow":"follow","max-snippet":"max-snippet:-1","max-image-preview":"max-image-preview:large","max-video-preview":"max-video-preview:-1"},"canonical":"https:\/\/www.nexoinformativo.mx\/index.php\/2024\/11\/28\/trump-y-sheinbaum-acercan-posiciones-sobre-inmigracion-en-llamada-maravillosa\/","og_locale":"es_MX","og_type":"article","og_title":"Trump y Sheinbaum acercan posiciones sobre inmigraci\u00f3n en llamada \"maravillosa\" | Nexo Informativo Santiago de Quer\u00e9taro","og_description":"Trump y Sheinbaum acercan posiciones sobre inmigraci\u00f3n en llamada \"maravillosa\"","og_url":"https:\/\/www.nexoinformativo.mx\/index.php\/2024\/11\/28\/trump-y-sheinbaum-acercan-posiciones-sobre-inmigracion-en-llamada-maravillosa\/","og_site_name":"Nexo Informativo Santiago de Quer\u00e9taro","article_publisher":"https:\/\/www.facebook.com\/people\/Nexo-Informativo\/61564066885511\/","article_published_time":"2024-11-28T14:00:09+00:00","article_modified_time":"2024-11-28T14:35:37+00:00","og_image":[{"width":800,"height":800,"url":"https:\/\/www.nexoinformativo.mx\/wp-content\/uploads\/2024\/11\/IMG_3785-e1732804445614.jpg","type":"image\/jpeg"}],"author":"Nexo Informativo","twitter_card":"summary_large_image","twitter_misc":{"Escrito por":"Nexo Informativo","Tiempo de lectura":"2 minutos"},"schema":{"@context":"https:\/\/schema.org","@graph":[{"@type":"Article","@id":"https:\/\/www.nexoinformativo.mx\/index.php\/2024\/11\/28\/trump-y-sheinbaum-acercan-posiciones-sobre-inmigracion-en-llamada-maravillosa\/#article","isPartOf":{"@id":"https:\/\/www.nexoinformativo.mx\/index.php\/2024\/11\/28\/trump-y-sheinbaum-acercan-posiciones-sobre-inmigracion-en-llamada-maravillosa\/"},"author":{"name":"Nexo Informativo","@id":"https:\/\/www.nexoinformativo.mx\/#\/schema\/person\/7749d380ba08c8ca00d7bc76fd907b7d"},"headline":"Trump y Sheinbaum acercan posiciones sobre inmigraci\u00f3n en llamada &#8220;maravillosa&#8221;","datePublished":"2024-11-28T14:00:09+00:00","dateModified":"2024-11-28T14:35:37+00:00","mainEntityOfPage":{"@id":"https:\/\/www.nexoinformativo.mx\/index.php\/2024\/11\/28\/trump-y-sheinbaum-acercan-posiciones-sobre-inmigracion-en-llamada-maravillosa\/"},"wordCount":364,"commentCount":0,"publisher":{"@id":"https:\/\/www.nexoinformativo.mx\/#organization"},"image":{"@id":"https:\/\/www.nexoinformativo.mx\/index.php\/2024\/11\/28\/trump-y-sheinbaum-acercan-posiciones-sobre-inmigracion-en-llamada-maravillosa\/#primaryimage"},"thumbnailUrl":"https:\/\/www.nexoinformativo.mx\/wp-content\/uploads\/2024\/11\/IMG_3785-e1732804445614.jpg","keywords":["Inmigraci\u00f3nM\u00e9xicoEEUU","LlamadaTrumpSheinbaum","Pol\u00edticaComercial","SeguridadFronteriza"],"articleSection":["Nacional","Pol\u00edtica","\u00daltima Hora"],"inLanguage":"es","potentialAction":[{"@type":"CommentAction","name":"Comment","target":["https:\/\/www.nexoinformativo.mx\/index.php\/2024\/11\/28\/trump-y-sheinbaum-acercan-posiciones-sobre-inmigracion-en-llamada-maravillosa\/#respond"]}]},{"@type":"WebPage","@id":"https:\/\/www.nexoinformativo.mx\/index.php\/2024\/11\/28\/trump-y-sheinbaum-acercan-posiciones-sobre-inmigracion-en-llamada-maravillosa\/","url":"https:\/\/www.nexoinformativo.mx\/index.php\/2024\/11\/28\/trump-y-sheinbaum-acercan-posiciones-sobre-inmigracion-en-llamada-maravillosa\/","name":"Trump y Sheinbaum acercan posiciones sobre inmigraci\u00f3n en llamada \"maravillosa\" | Nexo Informativo Santiago de Quer\u00e9taro","isPartOf":{"@id":"https:\/\/www.nexoinformativo.mx\/#website"},"primaryImageOfPage":{"@id":"https:\/\/www.nexoinformativo.mx\/index.php\/2024\/11\/28\/trump-y-sheinbaum-acercan-posiciones-sobre-inmigracion-en-llamada-maravillosa\/#primaryimage"},"image":{"@id":"https:\/\/www.nexoinformativo.mx\/index.php\/2024\/11\/28\/trump-y-sheinbaum-acercan-posiciones-sobre-inmigracion-en-llamada-maravillosa\/#primaryimage"},"thumbnailUrl":"https:\/\/www.nexoinformativo.mx\/wp-content\/uploads\/2024\/11\/IMG_3785-e1732804445614.jpg","datePublished":"2024-11-28T14:00:09+00:00","dateModified":"2024-11-28T14:35:37+00:00","description":"Trump y Sheinbaum acercan posiciones sobre inmigraci\u00f3n en llamada \"maravillosa\"","breadcrumb":{"@id":"https:\/\/www.nexoinformativo.mx\/index.php\/2024\/11\/28\/trump-y-sheinbaum-acercan-posiciones-sobre-inmigracion-en-llamada-maravillosa\/#breadcrumb"},"inLanguage":"es","potentialAction":[{"@type":"ReadAction","target":["https:\/\/www.nexoinformativo.mx\/index.php\/2024\/11\/28\/trump-y-sheinbaum-acercan-posiciones-sobre-inmigracion-en-llamada-maravillosa\/"]}]},{"@type":"ImageObject","inLanguage":"es","@id":"https:\/\/www.nexoinformativo.mx\/index.php\/2024\/11\/28\/trump-y-sheinbaum-acercan-posiciones-sobre-inmigracion-en-llamada-maravillosa\/#primaryimage","url":"https:\/\/www.nexoinformativo.mx\/wp-content\/uploads\/2024\/11\/IMG_3785-e1732804445614.jpg","contentUrl":"https:\/\/www.nexoinformativo.mx\/wp-content\/uploads\/2024\/11\/IMG_3785-e1732804445614.jpg","width":800,"height":800},{"@type":"BreadcrumbList","@id":"https:\/\/www.nexoinformativo.mx\/index.php\/2024\/11\/28\/trump-y-sheinbaum-acercan-posiciones-sobre-inmigracion-en-llamada-maravillosa\/#breadcrumb","itemListElement":[{"@type":"ListItem","position":1,"name":"Inicio","item":"https:\/\/www.nexoinformativo.mx\/"},{"@type":"ListItem","position":2,"name":"Trump y Sheinbaum acercan posiciones sobre inmigraci\u00f3n en llamada &#8220;maravillosa&#8221;"}]},{"@type":"WebSite","@id":"https:\/\/www.nexoinformativo.mx\/#website","url":"https:\/\/www.nexoinformativo.mx\/","name":"Nexo Informativo Santiago de Quer\u00e9taro","description":"Explora NexoInformativo y convi\u00e9rtete en parte de una comunidad que valora el conocimiento y la verdad. Tu nexoinformativo es tu puente hacia una comprensi\u00f3n m\u00e1s profunda del mundo que te rodea.","publisher":{"@id":"https:\/\/www.nexoinformativo.mx\/#organization"},"potentialAction":[{"@type":"SearchAction","target":{"@type":"EntryPoint","urlTemplate":"https:\/\/www.nexoinformativo.mx\/?s={search_term_string}"},"query-input":{"@type":"PropertyValueSpecification","valueRequired":true,"valueName":"search_term_string"}}],"inLanguage":"es"},{"@type":"Organization","@id":"https:\/\/www.nexoinformativo.mx\/#organization","name":"Nexo Informativo Santiago de Quer\u00e9taro","url":"https:\/\/www.nexoinformativo.mx\/","logo":{"@type":"ImageObject","inLanguage":"es","@id":"https:\/\/www.nexoinformativo.mx\/#\/schema\/logo\/image\/","url":"https:\/\/www.nexoinformativo.mx\/wp-content\/uploads\/2024\/07\/nexoi-trasparente-2.png","contentUrl":"https:\/\/www.nexoinformativo.mx\/wp-content\/uploads\/2024\/07\/nexoi-trasparente-2.png","width":816,"height":339,"caption":"Nexo Informativo Santiago de Quer\u00e9taro"},"image":{"@id":"https:\/\/www.nexoinformativo.mx\/#\/schema\/logo\/image\/"},"sameAs":["https:\/\/www.facebook.com\/people\/Nexo-Informativo\/61564066885511\/"]},{"@type":"Person","@id":"https:\/\/www.nexoinformativo.mx\/#\/schema\/person\/7749d380ba08c8ca00d7bc76fd907b7d","name":"Nexo Informativo","image":{"@type":"ImageObject","inLanguage":"es","@id":"https:\/\/www.nexoinformativo.mx\/#\/schema\/person\/image\/","url":"https:\/\/secure.gravatar.com\/avatar\/dde2928154642a13d95f87ddf1ea9718fe2b46760a005c53e41ff5ad610704e6?s=96&d=mm&r=g","contentUrl":"https:\/\/secure.gravatar.com\/avatar\/dde2928154642a13d95f87ddf1ea9718fe2b46760a005c53e41ff5ad610704e6?s=96&d=mm&r=g","caption":"Nexo Informativo"},"url":"https:\/\/www.nexoinformativo.mx\/index.php\/author\/edicion\/"}]}},"_links":{"self":[{"href":"https:\/\/www.nexoinformativo.mx\/index.php\/wp-json\/wp\/v2\/posts\/7172","targetHints":{"allow":["GET"]}}],"collection":[{"href":"https:\/\/www.nexoinformativo.mx\/index.php\/wp-json\/wp\/v2\/posts"}],"about":[{"href":"https:\/\/www.nexoinformativo.mx\/index.php\/wp-json\/wp\/v2\/types\/post"}],"author":[{"embeddable":true,"href":"https:\/\/www.nexoinformativo.mx\/index.php\/wp-json\/wp\/v2\/users\/3"}],"replies":[{"embeddable":true,"href":"https:\/\/www.nexoinformativo.mx\/index.php\/wp-json\/wp\/v2\/comments?post=7172"}],"version-history":[{"count":3,"href":"https:\/\/www.nexoinformativo.mx\/index.php\/wp-json\/wp\/v2\/posts\/7172\/revisions"}],"predecessor-version":[{"id":7175,"href":"https:\/\/www.nexoinformativo.mx\/index.php\/wp-json\/wp\/v2\/posts\/7172\/revisions\/7175"}],"wp:featuredmedia":[{"embeddable":true,"href":"https:\/\/www.nexoinformativo.mx\/index.php\/wp-json\/wp\/v2\/media\/7173"}],"wp:attachment":[{"href":"https:\/\/www.nexoinformativo.mx\/index.php\/wp-json\/wp\/v2\/media?parent=7172"}],"wp:term":[{"taxonomy":"category","embeddable":true,"href":"https:\/\/www.nexoinformativo.mx\/index.php\/wp-json\/wp\/v2\/categories?post=7172"},{"taxonomy":"post_tag","embeddable":true,"href":"https:\/\/www.nexoinformativo.mx\/index.php\/wp-json\/wp\/v2\/tags?post=7172"}],"curies":[{"name":"wp","href":"https:\/\/api.w.org\/{rel}","templated":true}]}}