{"id":7177,"date":"2024-11-28T08:30:55","date_gmt":"2024-11-28T14:30:55","guid":{"rendered":"https:\/\/www.nexoinformativo.mx\/?p=7177"},"modified":"2024-11-28T08:40:53","modified_gmt":"2024-11-28T14:40:53","slug":"mexico-se-prepara-para-conquistar-el-espacio-katya-echazarreta-liderara-mision-espacial-en-2027","status":"publish","type":"post","link":"https:\/\/www.nexoinformativo.mx\/index.php\/2024\/11\/28\/mexico-se-prepara-para-conquistar-el-espacio-katya-echazarreta-liderara-mision-espacial-en-2027\/","title":{"rendered":"M\u00e9xico se prepara para conquistar el espacio: Katya Echazarreta liderar\u00e1 misi\u00f3n espacial en 2027"},"content":{"rendered":"<p style=\"text-align: justify;\" data-sourcepos=\"9:1-9:281\">En un hecho hist\u00f3rico para M\u00e9xico, el gobierno federal anunci\u00f3 el lanzamiento de una misi\u00f3n espacial tripulada para el a\u00f1o 2027. La astronauta mexicana Katya Echazarreta, reconocida por ser la primera mujer nacida en M\u00e9xico en viajar al espacio, encabezar\u00e1 este ambicioso proyecto.<\/p>\n<p>&nbsp;<\/p>\n<p style=\"text-align: justify;\" data-sourcepos=\"11:1-11:382\">Durante la conferencia matutina, Altagracia G\u00f3mez, coordinadora del Consejo Asesor de Desarrollo Econ\u00f3mico Regional y Relocalizaci\u00f3n de Empresas, detall\u00f3 que esta misi\u00f3n espacial es parte de un plan m\u00e1s amplio para impulsar el desarrollo del sector aeroespacial en M\u00e9xico. Se buscar\u00e1 la integraci\u00f3n completa de un motor mexicano y el lanzamiento de un sat\u00e9lite 100% mexicano.<\/p>\n<p>&nbsp;<\/p>\n<p style=\"text-align: justify;\" data-sourcepos=\"13:1-13:277\"><strong>&#8220;Estamos ante una gran oportunidad para que M\u00e9xico se coloque a la vanguardia de la exploraci\u00f3n espacial&#8221;<\/strong>, afirm\u00f3 G\u00f3mez Sierra. &#8220;Con la participaci\u00f3n de Katya Echazarreta y el apoyo de la iniciativa privada, estamos seguros de que lograremos este objetivo&#8221;.<\/p>\n<p>&nbsp;<\/p>\n<p style=\"text-align: justify;\" data-sourcepos=\"15:1-15:379\">La historia de Katya Echazarreta es una inspiraci\u00f3n para las nuevas generaciones de cient\u00edficos e ingenieros mexicanos. A pesar de enfrentar desaf\u00edos como la migraci\u00f3n a temprana edad, logr\u00f3 destacar en el campo de la ingenier\u00eda y convertirse en la primera mexicana en viajar al espacio. Su participaci\u00f3n en esta nueva misi\u00f3n espacial es un testimonio de su talento y dedicaci\u00f3n.<\/p>\n<p>&nbsp;<\/p>\n<p style=\"text-align: justify;\" data-sourcepos=\"17:1-17:342\">Para alcanzar estos objetivos, el gobierno mexicano trabajar\u00e1 en estrecha colaboraci\u00f3n con el Consejo Nacional de Humanidades, Ciencias y Tecnolog\u00edas <strong>(Conahcyt)<\/strong> y la Agencia de Transformaci\u00f3n Digital y Telecomunicaciones <strong>(ADYT)<\/strong>. Adem\u00e1s, se buscar\u00e1 la participaci\u00f3n activa del sector privado, especialmente de las peque\u00f1as y medianas empresas.<\/p>\n<p>&nbsp;<\/p>\n<p style=\"text-align: justify;\" data-sourcepos=\"19:1-19:193\">Este proyecto espacial no solo representa un suceso tecnol\u00f3gico para M\u00e9xico, sino que tambi\u00e9n tiene el potencial de generar empleos de alta calidad y promover el desarrollo de nuevas tecnolog\u00edas.<\/p>\n<p>&nbsp;<\/p>\n<p style=\"text-align: center;\" data-sourcepos=\"19:1-19:193\"><em><strong>\u00a1Informaci\u00f3n que transforma!<\/strong><\/em><\/p>\n","protected":false},"excerpt":{"rendered":"<p>En un hecho hist\u00f3rico para M\u00e9xico, el gobierno federal anunci\u00f3 el lanzamiento de una misi\u00f3n espacial tripulada para el a\u00f1o 2027.<\/p>\n","protected":false},"author":3,"featured_media":7178,"comment_status":"open","ping_status":"open","sticky":false,"template":"","format":"standard","meta":{"footnotes":""},"categories":[88,13,58],"tags":[1934,2420,1582,2421],"class_list":["post-7177","post","type-post","status-publish","format-standard","has-post-thumbnail","hentry","category-nacional","category-tecnologia","category-ultima-hora","tag-exploracionespacial","tag-katyaechazarreta","tag-mexicoenelespacio","tag-misionespacial"],"yoast_head":"<!-- This site is optimized with the Yoast SEO plugin v25.0 - https:\/\/yoast.com\/wordpress\/plugins\/seo\/ -->\n<title>M\u00e9xico se prepara para conquistar el espacio: Katya Echazarreta liderar\u00e1 misi\u00f3n espacial en 2027 | Nexo Informativo Santiago de Quer\u00e9taro<\/title>\n<meta name=\"description\" content=\"M\u00e9xico se prepara para conquistar el espacio: Katya Echazarreta liderar\u00e1 misi\u00f3n espacial en 2027\" \/>\n<meta name=\"robots\" content=\"index, follow, max-snippet:-1, max-image-preview:large, max-video-preview:-1\" \/>\n<link rel=\"canonical\" href=\"https:\/\/www.nexoinformativo.mx\/index.php\/2024\/11\/28\/mexico-se-prepara-para-conquistar-el-espacio-katya-echazarreta-liderara-mision-espacial-en-2027\/\" \/>\n<meta property=\"og:locale\" content=\"es_MX\" \/>\n<meta property=\"og:type\" content=\"article\" \/>\n<meta property=\"og:title\" content=\"M\u00e9xico se prepara para conquistar el espacio: Katya Echazarreta liderar\u00e1 misi\u00f3n espacial en 2027 | Nexo Informativo Santiago de Quer\u00e9taro\" \/>\n<meta property=\"og:description\" content=\"M\u00e9xico se prepara para conquistar el espacio: Katya Echazarreta liderar\u00e1 misi\u00f3n espacial en 2027\" \/>\n<meta property=\"og:url\" content=\"https:\/\/www.nexoinformativo.mx\/index.php\/2024\/11\/28\/mexico-se-prepara-para-conquistar-el-espacio-katya-echazarreta-liderara-mision-espacial-en-2027\/\" \/>\n<meta property=\"og:site_name\" content=\"Nexo Informativo Santiago de Quer\u00e9taro\" \/>\n<meta property=\"article:publisher\" content=\"https:\/\/www.facebook.com\/people\/Nexo-Informativo\/61564066885511\/\" \/>\n<meta property=\"article:published_time\" content=\"2024-11-28T14:30:55+00:00\" \/>\n<meta property=\"article:modified_time\" content=\"2024-11-28T14:40:53+00:00\" \/>\n<meta property=\"og:image\" content=\"https:\/\/www.nexoinformativo.mx\/wp-content\/uploads\/2024\/11\/IMG_8249.jpg\" \/>\n\t<meta property=\"og:image:width\" content=\"623\" \/>\n\t<meta property=\"og:image:height\" content=\"426\" \/>\n\t<meta property=\"og:image:type\" content=\"image\/jpeg\" \/>\n<meta name=\"author\" content=\"Nexo Informativo\" \/>\n<meta name=\"twitter:card\" content=\"summary_large_image\" \/>\n<meta name=\"twitter:label1\" content=\"Escrito por\" \/>\n\t<meta name=\"twitter:data1\" content=\"Nexo Informativo\" \/>\n\t<meta name=\"twitter:label2\" content=\"Tiempo de lectura\" \/>\n\t<meta name=\"twitter:data2\" content=\"2 minutos\" \/>\n<script type=\"application\/ld+json\" class=\"yoast-schema-graph\">{\"@context\":\"https:\/\/schema.org\",\"@graph\":[{\"@type\":\"Article\",\"@id\":\"https:\/\/www.nexoinformativo.mx\/index.php\/2024\/11\/28\/mexico-se-prepara-para-conquistar-el-espacio-katya-echazarreta-liderara-mision-espacial-en-2027\/#article\",\"isPartOf\":{\"@id\":\"https:\/\/www.nexoinformativo.mx\/index.php\/2024\/11\/28\/mexico-se-prepara-para-conquistar-el-espacio-katya-echazarreta-liderara-mision-espacial-en-2027\/\"},\"author\":{\"name\":\"Nexo Informativo\",\"@id\":\"https:\/\/www.nexoinformativo.mx\/#\/schema\/person\/7749d380ba08c8ca00d7bc76fd907b7d\"},\"headline\":\"M\u00e9xico se prepara para conquistar el espacio: Katya Echazarreta liderar\u00e1 misi\u00f3n espacial en 2027\",\"datePublished\":\"2024-11-28T14:30:55+00:00\",\"dateModified\":\"2024-11-28T14:40:53+00:00\",\"mainEntityOfPage\":{\"@id\":\"https:\/\/www.nexoinformativo.mx\/index.php\/2024\/11\/28\/mexico-se-prepara-para-conquistar-el-espacio-katya-echazarreta-liderara-mision-espacial-en-2027\/\"},\"wordCount\":334,\"commentCount\":0,\"publisher\":{\"@id\":\"https:\/\/www.nexoinformativo.mx\/#organization\"},\"image\":{\"@id\":\"https:\/\/www.nexoinformativo.mx\/index.php\/2024\/11\/28\/mexico-se-prepara-para-conquistar-el-espacio-katya-echazarreta-liderara-mision-espacial-en-2027\/#primaryimage\"},\"thumbnailUrl\":\"https:\/\/www.nexoinformativo.mx\/wp-content\/uploads\/2024\/11\/IMG_8249.jpg\",\"keywords\":[\"Exploraci\u00f3nEspacial\",\"KatyaEchazarreta\",\"M\u00e9xicoEnElEspacio\",\"Misi\u00f3nEspacial\"],\"articleSection\":[\"Nacional\",\"Tecnolog\u00eda\",\"\u00daltima Hora\"],\"inLanguage\":\"es\",\"potentialAction\":[{\"@type\":\"CommentAction\",\"name\":\"Comment\",\"target\":[\"https:\/\/www.nexoinformativo.mx\/index.php\/2024\/11\/28\/mexico-se-prepara-para-conquistar-el-espacio-katya-echazarreta-liderara-mision-espacial-en-2027\/#respond\"]}]},{\"@type\":\"WebPage\",\"@id\":\"https:\/\/www.nexoinformativo.mx\/index.php\/2024\/11\/28\/mexico-se-prepara-para-conquistar-el-espacio-katya-echazarreta-liderara-mision-espacial-en-2027\/\",\"url\":\"https:\/\/www.nexoinformativo.mx\/index.php\/2024\/11\/28\/mexico-se-prepara-para-conquistar-el-espacio-katya-echazarreta-liderara-mision-espacial-en-2027\/\",\"name\":\"M\u00e9xico se prepara para conquistar el espacio: Katya Echazarreta liderar\u00e1 misi\u00f3n espacial en 2027 | Nexo Informativo Santiago de Quer\u00e9taro\",\"isPartOf\":{\"@id\":\"https:\/\/www.nexoinformativo.mx\/#website\"},\"primaryImageOfPage\":{\"@id\":\"https:\/\/www.nexoinformativo.mx\/index.php\/2024\/11\/28\/mexico-se-prepara-para-conquistar-el-espacio-katya-echazarreta-liderara-mision-espacial-en-2027\/#primaryimage\"},\"image\":{\"@id\":\"https:\/\/www.nexoinformativo.mx\/index.php\/2024\/11\/28\/mexico-se-prepara-para-conquistar-el-espacio-katya-echazarreta-liderara-mision-espacial-en-2027\/#primaryimage\"},\"thumbnailUrl\":\"https:\/\/www.nexoinformativo.mx\/wp-content\/uploads\/2024\/11\/IMG_8249.jpg\",\"datePublished\":\"2024-11-28T14:30:55+00:00\",\"dateModified\":\"2024-11-28T14:40:53+00:00\",\"description\":\"M\u00e9xico se prepara para conquistar el espacio: Katya Echazarreta liderar\u00e1 misi\u00f3n espacial en 2027\",\"breadcrumb\":{\"@id\":\"https:\/\/www.nexoinformativo.mx\/index.php\/2024\/11\/28\/mexico-se-prepara-para-conquistar-el-espacio-katya-echazarreta-liderara-mision-espacial-en-2027\/#breadcrumb\"},\"inLanguage\":\"es\",\"potentialAction\":[{\"@type\":\"ReadAction\",\"target\":[\"https:\/\/www.nexoinformativo.mx\/index.php\/2024\/11\/28\/mexico-se-prepara-para-conquistar-el-espacio-katya-echazarreta-liderara-mision-espacial-en-2027\/\"]}]},{\"@type\":\"ImageObject\",\"inLanguage\":\"es\",\"@id\":\"https:\/\/www.nexoinformativo.mx\/index.php\/2024\/11\/28\/mexico-se-prepara-para-conquistar-el-espacio-katya-echazarreta-liderara-mision-espacial-en-2027\/#primaryimage\",\"url\":\"https:\/\/www.nexoinformativo.mx\/wp-content\/uploads\/2024\/11\/IMG_8249.jpg\",\"contentUrl\":\"https:\/\/www.nexoinformativo.mx\/wp-content\/uploads\/2024\/11\/IMG_8249.jpg\",\"width\":623,\"height\":426},{\"@type\":\"BreadcrumbList\",\"@id\":\"https:\/\/www.nexoinformativo.mx\/index.php\/2024\/11\/28\/mexico-se-prepara-para-conquistar-el-espacio-katya-echazarreta-liderara-mision-espacial-en-2027\/#breadcrumb\",\"itemListElement\":[{\"@type\":\"ListItem\",\"position\":1,\"name\":\"Inicio\",\"item\":\"https:\/\/www.nexoinformativo.mx\/\"},{\"@type\":\"ListItem\",\"position\":2,\"name\":\"M\u00e9xico se prepara para conquistar el espacio: Katya Echazarreta liderar\u00e1 misi\u00f3n espacial en 2027\"}]},{\"@type\":\"WebSite\",\"@id\":\"https:\/\/www.nexoinformativo.mx\/#website\",\"url\":\"https:\/\/www.nexoinformativo.mx\/\",\"name\":\"Nexo Informativo Santiago de Quer\u00e9taro\",\"description\":\"Explora NexoInformativo y convi\u00e9rtete en parte de una comunidad que valora el conocimiento y la verdad. Tu nexoinformativo es tu puente hacia una comprensi\u00f3n m\u00e1s profunda del mundo que te rodea.\",\"publisher\":{\"@id\":\"https:\/\/www.nexoinformativo.mx\/#organization\"},\"potentialAction\":[{\"@type\":\"SearchAction\",\"target\":{\"@type\":\"EntryPoint\",\"urlTemplate\":\"https:\/\/www.nexoinformativo.mx\/?s={search_term_string}\"},\"query-input\":{\"@type\":\"PropertyValueSpecification\",\"valueRequired\":true,\"valueName\":\"search_term_string\"}}],\"inLanguage\":\"es\"},{\"@type\":\"Organization\",\"@id\":\"https:\/\/www.nexoinformativo.mx\/#organization\",\"name\":\"Nexo Informativo Santiago de Quer\u00e9taro\",\"url\":\"https:\/\/www.nexoinformativo.mx\/\",\"logo\":{\"@type\":\"ImageObject\",\"inLanguage\":\"es\",\"@id\":\"https:\/\/www.nexoinformativo.mx\/#\/schema\/logo\/image\/\",\"url\":\"https:\/\/www.nexoinformativo.mx\/wp-content\/uploads\/2024\/07\/nexoi-trasparente-2.png\",\"contentUrl\":\"https:\/\/www.nexoinformativo.mx\/wp-content\/uploads\/2024\/07\/nexoi-trasparente-2.png\",\"width\":816,\"height\":339,\"caption\":\"Nexo Informativo Santiago de Quer\u00e9taro\"},\"image\":{\"@id\":\"https:\/\/www.nexoinformativo.mx\/#\/schema\/logo\/image\/\"},\"sameAs\":[\"https:\/\/www.facebook.com\/people\/Nexo-Informativo\/61564066885511\/\"]},{\"@type\":\"Person\",\"@id\":\"https:\/\/www.nexoinformativo.mx\/#\/schema\/person\/7749d380ba08c8ca00d7bc76fd907b7d\",\"name\":\"Nexo Informativo\",\"image\":{\"@type\":\"ImageObject\",\"inLanguage\":\"es\",\"@id\":\"https:\/\/www.nexoinformativo.mx\/#\/schema\/person\/image\/\",\"url\":\"https:\/\/secure.gravatar.com\/avatar\/dde2928154642a13d95f87ddf1ea9718fe2b46760a005c53e41ff5ad610704e6?s=96&d=mm&r=g\",\"contentUrl\":\"https:\/\/secure.gravatar.com\/avatar\/dde2928154642a13d95f87ddf1ea9718fe2b46760a005c53e41ff5ad610704e6?s=96&d=mm&r=g\",\"caption\":\"Nexo Informativo\"},\"url\":\"https:\/\/www.nexoinformativo.mx\/index.php\/author\/edicion\/\"}]}<\/script>\n<!-- \/ Yoast SEO plugin. -->","yoast_head_json":{"title":"M\u00e9xico se prepara para conquistar el espacio: Katya Echazarreta liderar\u00e1 misi\u00f3n espacial en 2027 | Nexo Informativo Santiago de Quer\u00e9taro","description":"M\u00e9xico se prepara para conquistar el espacio: Katya Echazarreta liderar\u00e1 misi\u00f3n espacial en 2027","robots":{"index":"index","follow":"follow","max-snippet":"max-snippet:-1","max-image-preview":"max-image-preview:large","max-video-preview":"max-video-preview:-1"},"canonical":"https:\/\/www.nexoinformativo.mx\/index.php\/2024\/11\/28\/mexico-se-prepara-para-conquistar-el-espacio-katya-echazarreta-liderara-mision-espacial-en-2027\/","og_locale":"es_MX","og_type":"article","og_title":"M\u00e9xico se prepara para conquistar el espacio: Katya Echazarreta liderar\u00e1 misi\u00f3n espacial en 2027 | Nexo Informativo Santiago de Quer\u00e9taro","og_description":"M\u00e9xico se prepara para conquistar el espacio: Katya Echazarreta liderar\u00e1 misi\u00f3n espacial en 2027","og_url":"https:\/\/www.nexoinformativo.mx\/index.php\/2024\/11\/28\/mexico-se-prepara-para-conquistar-el-espacio-katya-echazarreta-liderara-mision-espacial-en-2027\/","og_site_name":"Nexo Informativo Santiago de Quer\u00e9taro","article_publisher":"https:\/\/www.facebook.com\/people\/Nexo-Informativo\/61564066885511\/","article_published_time":"2024-11-28T14:30:55+00:00","article_modified_time":"2024-11-28T14:40:53+00:00","og_image":[{"width":623,"height":426,"url":"https:\/\/www.nexoinformativo.mx\/wp-content\/uploads\/2024\/11\/IMG_8249.jpg","type":"image\/jpeg"}],"author":"Nexo Informativo","twitter_card":"summary_large_image","twitter_misc":{"Escrito por":"Nexo Informativo","Tiempo de lectura":"2 minutos"},"schema":{"@context":"https:\/\/schema.org","@graph":[{"@type":"Article","@id":"https:\/\/www.nexoinformativo.mx\/index.php\/2024\/11\/28\/mexico-se-prepara-para-conquistar-el-espacio-katya-echazarreta-liderara-mision-espacial-en-2027\/#article","isPartOf":{"@id":"https:\/\/www.nexoinformativo.mx\/index.php\/2024\/11\/28\/mexico-se-prepara-para-conquistar-el-espacio-katya-echazarreta-liderara-mision-espacial-en-2027\/"},"author":{"name":"Nexo Informativo","@id":"https:\/\/www.nexoinformativo.mx\/#\/schema\/person\/7749d380ba08c8ca00d7bc76fd907b7d"},"headline":"M\u00e9xico se prepara para conquistar el espacio: Katya Echazarreta liderar\u00e1 misi\u00f3n espacial en 2027","datePublished":"2024-11-28T14:30:55+00:00","dateModified":"2024-11-28T14:40:53+00:00","mainEntityOfPage":{"@id":"https:\/\/www.nexoinformativo.mx\/index.php\/2024\/11\/28\/mexico-se-prepara-para-conquistar-el-espacio-katya-echazarreta-liderara-mision-espacial-en-2027\/"},"wordCount":334,"commentCount":0,"publisher":{"@id":"https:\/\/www.nexoinformativo.mx\/#organization"},"image":{"@id":"https:\/\/www.nexoinformativo.mx\/index.php\/2024\/11\/28\/mexico-se-prepara-para-conquistar-el-espacio-katya-echazarreta-liderara-mision-espacial-en-2027\/#primaryimage"},"thumbnailUrl":"https:\/\/www.nexoinformativo.mx\/wp-content\/uploads\/2024\/11\/IMG_8249.jpg","keywords":["Exploraci\u00f3nEspacial","KatyaEchazarreta","M\u00e9xicoEnElEspacio","Misi\u00f3nEspacial"],"articleSection":["Nacional","Tecnolog\u00eda","\u00daltima Hora"],"inLanguage":"es","potentialAction":[{"@type":"CommentAction","name":"Comment","target":["https:\/\/www.nexoinformativo.mx\/index.php\/2024\/11\/28\/mexico-se-prepara-para-conquistar-el-espacio-katya-echazarreta-liderara-mision-espacial-en-2027\/#respond"]}]},{"@type":"WebPage","@id":"https:\/\/www.nexoinformativo.mx\/index.php\/2024\/11\/28\/mexico-se-prepara-para-conquistar-el-espacio-katya-echazarreta-liderara-mision-espacial-en-2027\/","url":"https:\/\/www.nexoinformativo.mx\/index.php\/2024\/11\/28\/mexico-se-prepara-para-conquistar-el-espacio-katya-echazarreta-liderara-mision-espacial-en-2027\/","name":"M\u00e9xico se prepara para conquistar el espacio: Katya Echazarreta liderar\u00e1 misi\u00f3n espacial en 2027 | Nexo Informativo Santiago de Quer\u00e9taro","isPartOf":{"@id":"https:\/\/www.nexoinformativo.mx\/#website"},"primaryImageOfPage":{"@id":"https:\/\/www.nexoinformativo.mx\/index.php\/2024\/11\/28\/mexico-se-prepara-para-conquistar-el-espacio-katya-echazarreta-liderara-mision-espacial-en-2027\/#primaryimage"},"image":{"@id":"https:\/\/www.nexoinformativo.mx\/index.php\/2024\/11\/28\/mexico-se-prepara-para-conquistar-el-espacio-katya-echazarreta-liderara-mision-espacial-en-2027\/#primaryimage"},"thumbnailUrl":"https:\/\/www.nexoinformativo.mx\/wp-content\/uploads\/2024\/11\/IMG_8249.jpg","datePublished":"2024-11-28T14:30:55+00:00","dateModified":"2024-11-28T14:40:53+00:00","description":"M\u00e9xico se prepara para conquistar el espacio: Katya Echazarreta liderar\u00e1 misi\u00f3n espacial en 2027","breadcrumb":{"@id":"https:\/\/www.nexoinformativo.mx\/index.php\/2024\/11\/28\/mexico-se-prepara-para-conquistar-el-espacio-katya-echazarreta-liderara-mision-espacial-en-2027\/#breadcrumb"},"inLanguage":"es","potentialAction":[{"@type":"ReadAction","target":["https:\/\/www.nexoinformativo.mx\/index.php\/2024\/11\/28\/mexico-se-prepara-para-conquistar-el-espacio-katya-echazarreta-liderara-mision-espacial-en-2027\/"]}]},{"@type":"ImageObject","inLanguage":"es","@id":"https:\/\/www.nexoinformativo.mx\/index.php\/2024\/11\/28\/mexico-se-prepara-para-conquistar-el-espacio-katya-echazarreta-liderara-mision-espacial-en-2027\/#primaryimage","url":"https:\/\/www.nexoinformativo.mx\/wp-content\/uploads\/2024\/11\/IMG_8249.jpg","contentUrl":"https:\/\/www.nexoinformativo.mx\/wp-content\/uploads\/2024\/11\/IMG_8249.jpg","width":623,"height":426},{"@type":"BreadcrumbList","@id":"https:\/\/www.nexoinformativo.mx\/index.php\/2024\/11\/28\/mexico-se-prepara-para-conquistar-el-espacio-katya-echazarreta-liderara-mision-espacial-en-2027\/#breadcrumb","itemListElement":[{"@type":"ListItem","position":1,"name":"Inicio","item":"https:\/\/www.nexoinformativo.mx\/"},{"@type":"ListItem","position":2,"name":"M\u00e9xico se prepara para conquistar el espacio: Katya Echazarreta liderar\u00e1 misi\u00f3n espacial en 2027"}]},{"@type":"WebSite","@id":"https:\/\/www.nexoinformativo.mx\/#website","url":"https:\/\/www.nexoinformativo.mx\/","name":"Nexo Informativo Santiago de Quer\u00e9taro","description":"Explora NexoInformativo y convi\u00e9rtete en parte de una comunidad que valora el conocimiento y la verdad. Tu nexoinformativo es tu puente hacia una comprensi\u00f3n m\u00e1s profunda del mundo que te rodea.","publisher":{"@id":"https:\/\/www.nexoinformativo.mx\/#organization"},"potentialAction":[{"@type":"SearchAction","target":{"@type":"EntryPoint","urlTemplate":"https:\/\/www.nexoinformativo.mx\/?s={search_term_string}"},"query-input":{"@type":"PropertyValueSpecification","valueRequired":true,"valueName":"search_term_string"}}],"inLanguage":"es"},{"@type":"Organization","@id":"https:\/\/www.nexoinformativo.mx\/#organization","name":"Nexo Informativo Santiago de Quer\u00e9taro","url":"https:\/\/www.nexoinformativo.mx\/","logo":{"@type":"ImageObject","inLanguage":"es","@id":"https:\/\/www.nexoinformativo.mx\/#\/schema\/logo\/image\/","url":"https:\/\/www.nexoinformativo.mx\/wp-content\/uploads\/2024\/07\/nexoi-trasparente-2.png","contentUrl":"https:\/\/www.nexoinformativo.mx\/wp-content\/uploads\/2024\/07\/nexoi-trasparente-2.png","width":816,"height":339,"caption":"Nexo Informativo Santiago de Quer\u00e9taro"},"image":{"@id":"https:\/\/www.nexoinformativo.mx\/#\/schema\/logo\/image\/"},"sameAs":["https:\/\/www.facebook.com\/people\/Nexo-Informativo\/61564066885511\/"]},{"@type":"Person","@id":"https:\/\/www.nexoinformativo.mx\/#\/schema\/person\/7749d380ba08c8ca00d7bc76fd907b7d","name":"Nexo Informativo","image":{"@type":"ImageObject","inLanguage":"es","@id":"https:\/\/www.nexoinformativo.mx\/#\/schema\/person\/image\/","url":"https:\/\/secure.gravatar.com\/avatar\/dde2928154642a13d95f87ddf1ea9718fe2b46760a005c53e41ff5ad610704e6?s=96&d=mm&r=g","contentUrl":"https:\/\/secure.gravatar.com\/avatar\/dde2928154642a13d95f87ddf1ea9718fe2b46760a005c53e41ff5ad610704e6?s=96&d=mm&r=g","caption":"Nexo Informativo"},"url":"https:\/\/www.nexoinformativo.mx\/index.php\/author\/edicion\/"}]}},"_links":{"self":[{"href":"https:\/\/www.nexoinformativo.mx\/index.php\/wp-json\/wp\/v2\/posts\/7177","targetHints":{"allow":["GET"]}}],"collection":[{"href":"https:\/\/www.nexoinformativo.mx\/index.php\/wp-json\/wp\/v2\/posts"}],"about":[{"href":"https:\/\/www.nexoinformativo.mx\/index.php\/wp-json\/wp\/v2\/types\/post"}],"author":[{"embeddable":true,"href":"https:\/\/www.nexoinformativo.mx\/index.php\/wp-json\/wp\/v2\/users\/3"}],"replies":[{"embeddable":true,"href":"https:\/\/www.nexoinformativo.mx\/index.php\/wp-json\/wp\/v2\/comments?post=7177"}],"version-history":[{"count":4,"href":"https:\/\/www.nexoinformativo.mx\/index.php\/wp-json\/wp\/v2\/posts\/7177\/revisions"}],"predecessor-version":[{"id":7181,"href":"https:\/\/www.nexoinformativo.mx\/index.php\/wp-json\/wp\/v2\/posts\/7177\/revisions\/7181"}],"wp:featuredmedia":[{"embeddable":true,"href":"https:\/\/www.nexoinformativo.mx\/index.php\/wp-json\/wp\/v2\/media\/7178"}],"wp:attachment":[{"href":"https:\/\/www.nexoinformativo.mx\/index.php\/wp-json\/wp\/v2\/media?parent=7177"}],"wp:term":[{"taxonomy":"category","embeddable":true,"href":"https:\/\/www.nexoinformativo.mx\/index.php\/wp-json\/wp\/v2\/categories?post=7177"},{"taxonomy":"post_tag","embeddable":true,"href":"https:\/\/www.nexoinformativo.mx\/index.php\/wp-json\/wp\/v2\/tags?post=7177"}],"curies":[{"name":"wp","href":"https:\/\/api.w.org\/{rel}","templated":true}]}}