{"id":7192,"date":"2024-11-28T11:30:24","date_gmt":"2024-11-28T17:30:24","guid":{"rendered":"https:\/\/www.nexoinformativo.mx\/?p=7192"},"modified":"2024-11-28T12:47:22","modified_gmt":"2024-11-28T18:47:22","slug":"mauricio-kuri-confirma-estacion-del-tren-mexico-queretaro-cerca-del-aeropuerto","status":"publish","type":"post","link":"https:\/\/www.nexoinformativo.mx\/index.php\/2024\/11\/28\/mauricio-kuri-confirma-estacion-del-tren-mexico-queretaro-cerca-del-aeropuerto\/","title":{"rendered":"Mauricio Kuri: Confirma estaci\u00f3n del tren M\u00e9xico-Quer\u00e9taro cerca del aeropuerto"},"content":{"rendered":"<p style=\"text-align: justify;\" data-sourcepos=\"9:1-9:281\">El gobernador de Quer\u00e9taro, Mauricio Kuri, confirm\u00f3 que se construir\u00e1 una estaci\u00f3n del tren de pasajeros M\u00e9xico-Quer\u00e9taro en las cercan\u00edas del <strong>Aeropuerto Internacional de Quer\u00e9taro<\/strong> (AIQ). Adem\u00e1s, se establecer\u00e1n otras dos estaciones en San Juan del R\u00edo y en la ciudad de Quer\u00e9taro.<\/p>\n<p>&nbsp;<\/p>\n<p style=\"text-align: justify;\" data-sourcepos=\"11:1-11:281\">Kuri destac\u00f3 que la ubicaci\u00f3n de la estaci\u00f3n en la capital del estado a\u00fan est\u00e1 en an\u00e1lisis, con el objetivo de evitar conflictos sociales. <strong>&#8220;Estamos buscando el mejor lugar para que esta estaci\u00f3n sea funcional y no genere problemas a los ciudadanos&#8221;<\/strong>, se\u00f1al\u00f3 el gobernador.<\/p>\n<p>&nbsp;<\/p>\n<p style=\"text-align: justify;\" data-sourcepos=\"13:1-13:293\">La decisi\u00f3n final sobre la ubicaci\u00f3n de las estaciones recaer\u00e1 en el Gobierno de M\u00e9xico, con el apoyo de los gobiernos municipales. Sin embargo, el mandatario estatal asegur\u00f3 que el gobierno estatal est\u00e1 brindando todo el apoyo necesario para agilizar los tr\u00e1mites y permisos correspondientes.<\/p>\n<p>&nbsp;<\/p>\n<p style=\"text-align: justify;\" data-sourcepos=\"15:1-15:243\">El gobernador tambi\u00e9n mencion\u00f3 que el proyecto del tren M\u00e9xico-Quer\u00e9taro es prioritario para el gobierno federal y que se espera que la licitaci\u00f3n para su construcci\u00f3n se otorgue en abril de este a\u00f1o, iniciando las obras en el primer semestre.<\/p>\n<p>&nbsp;<\/p>\n<p style=\"text-align: justify;\" data-sourcepos=\"17:1-17:177\">Kuri destac\u00f3 los beneficios que traer\u00e1 este proyecto para la movilidad y el desarrollo econ\u00f3mico de Quer\u00e9taro, al mejorar la conectividad entre la entidad y la Ciudad de M\u00e9xico.<\/p>\n<p>&nbsp;<\/p>\n<p style=\"text-align: center;\" data-sourcepos=\"17:1-17:177\"><em><strong>\u00a1Informaci\u00f3n que transforma!<\/strong><\/em><\/p>\n","protected":false},"excerpt":{"rendered":"<p>El gobernador de Quer\u00e9taro, Mauricio Kuri, confirm\u00f3 que se construir\u00e1 una estaci\u00f3n del tren de pasajeros M\u00e9xico-Quer\u00e9taro en las cercan\u00edas del Aeropuerto Internacional de Quer\u00e9taro (AIQ).<\/p>\n","protected":false},"author":3,"featured_media":7193,"comment_status":"open","ping_status":"open","sticky":false,"template":"","format":"standard","meta":{"footnotes":""},"categories":[42,58],"tags":[352,726,133,1009],"class_list":["post-7192","post","type-post","status-publish","format-standard","has-post-thumbnail","hentry","category-estado","category-ultima-hora","tag-desarrolloeconomico","tag-movilidad","tag-queretaro","tag-trenmexicoqueretaro"],"yoast_head":"<!-- This site is optimized with the Yoast SEO plugin v25.0 - https:\/\/yoast.com\/wordpress\/plugins\/seo\/ -->\n<title>Mauricio Kuri: Confirma estaci\u00f3n del tren M\u00e9xico-Quer\u00e9taro cerca del aeropuerto | Nexo Informativo Santiago de Quer\u00e9taro<\/title>\n<meta name=\"description\" content=\"Mauricio Kuri: Confirma estaci\u00f3n del tren M\u00e9xico-Quer\u00e9taro cerca del aeropuerto\" \/>\n<meta name=\"robots\" content=\"index, follow, max-snippet:-1, max-image-preview:large, max-video-preview:-1\" \/>\n<link rel=\"canonical\" href=\"https:\/\/www.nexoinformativo.mx\/index.php\/2024\/11\/28\/mauricio-kuri-confirma-estacion-del-tren-mexico-queretaro-cerca-del-aeropuerto\/\" \/>\n<meta property=\"og:locale\" content=\"es_MX\" \/>\n<meta property=\"og:type\" content=\"article\" \/>\n<meta property=\"og:title\" content=\"Mauricio Kuri: Confirma estaci\u00f3n del tren M\u00e9xico-Quer\u00e9taro cerca del aeropuerto | Nexo Informativo Santiago de Quer\u00e9taro\" \/>\n<meta property=\"og:description\" content=\"Mauricio Kuri: Confirma estaci\u00f3n del tren M\u00e9xico-Quer\u00e9taro cerca del aeropuerto\" \/>\n<meta property=\"og:url\" content=\"https:\/\/www.nexoinformativo.mx\/index.php\/2024\/11\/28\/mauricio-kuri-confirma-estacion-del-tren-mexico-queretaro-cerca-del-aeropuerto\/\" \/>\n<meta property=\"og:site_name\" content=\"Nexo Informativo Santiago de Quer\u00e9taro\" \/>\n<meta property=\"article:publisher\" content=\"https:\/\/www.facebook.com\/people\/Nexo-Informativo\/61564066885511\/\" \/>\n<meta property=\"article:published_time\" content=\"2024-11-28T17:30:24+00:00\" \/>\n<meta property=\"article:modified_time\" content=\"2024-11-28T18:47:22+00:00\" \/>\n<meta property=\"og:image\" content=\"https:\/\/www.nexoinformativo.mx\/wp-content\/uploads\/2024\/11\/PHOTO-2024-11-28-12-30-38-e1732819532146.jpg\" \/>\n\t<meta property=\"og:image:width\" content=\"800\" \/>\n\t<meta property=\"og:image:height\" content=\"600\" \/>\n\t<meta property=\"og:image:type\" content=\"image\/jpeg\" \/>\n<meta name=\"author\" content=\"Nexo Informativo\" \/>\n<meta name=\"twitter:card\" content=\"summary_large_image\" \/>\n<meta name=\"twitter:label1\" content=\"Escrito por\" \/>\n\t<meta name=\"twitter:data1\" content=\"Nexo Informativo\" \/>\n\t<meta name=\"twitter:label2\" content=\"Tiempo de lectura\" \/>\n\t<meta name=\"twitter:data2\" content=\"2 minutos\" \/>\n<script type=\"application\/ld+json\" class=\"yoast-schema-graph\">{\"@context\":\"https:\/\/schema.org\",\"@graph\":[{\"@type\":\"Article\",\"@id\":\"https:\/\/www.nexoinformativo.mx\/index.php\/2024\/11\/28\/mauricio-kuri-confirma-estacion-del-tren-mexico-queretaro-cerca-del-aeropuerto\/#article\",\"isPartOf\":{\"@id\":\"https:\/\/www.nexoinformativo.mx\/index.php\/2024\/11\/28\/mauricio-kuri-confirma-estacion-del-tren-mexico-queretaro-cerca-del-aeropuerto\/\"},\"author\":{\"name\":\"Nexo Informativo\",\"@id\":\"https:\/\/www.nexoinformativo.mx\/#\/schema\/person\/7749d380ba08c8ca00d7bc76fd907b7d\"},\"headline\":\"Mauricio Kuri: Confirma estaci\u00f3n del tren M\u00e9xico-Quer\u00e9taro cerca del aeropuerto\",\"datePublished\":\"2024-11-28T17:30:24+00:00\",\"dateModified\":\"2024-11-28T18:47:22+00:00\",\"mainEntityOfPage\":{\"@id\":\"https:\/\/www.nexoinformativo.mx\/index.php\/2024\/11\/28\/mauricio-kuri-confirma-estacion-del-tren-mexico-queretaro-cerca-del-aeropuerto\/\"},\"wordCount\":253,\"commentCount\":0,\"publisher\":{\"@id\":\"https:\/\/www.nexoinformativo.mx\/#organization\"},\"image\":{\"@id\":\"https:\/\/www.nexoinformativo.mx\/index.php\/2024\/11\/28\/mauricio-kuri-confirma-estacion-del-tren-mexico-queretaro-cerca-del-aeropuerto\/#primaryimage\"},\"thumbnailUrl\":\"https:\/\/www.nexoinformativo.mx\/wp-content\/uploads\/2024\/11\/PHOTO-2024-11-28-12-30-38-e1732819532146.jpg\",\"keywords\":[\"DesarrolloEcon\u00f3mico\",\"Movilidad\",\"Quer\u00e9taro\",\"TrenMexicoQuer\u00e9taro\"],\"articleSection\":[\"Estado\",\"\u00daltima Hora\"],\"inLanguage\":\"es\",\"potentialAction\":[{\"@type\":\"CommentAction\",\"name\":\"Comment\",\"target\":[\"https:\/\/www.nexoinformativo.mx\/index.php\/2024\/11\/28\/mauricio-kuri-confirma-estacion-del-tren-mexico-queretaro-cerca-del-aeropuerto\/#respond\"]}]},{\"@type\":\"WebPage\",\"@id\":\"https:\/\/www.nexoinformativo.mx\/index.php\/2024\/11\/28\/mauricio-kuri-confirma-estacion-del-tren-mexico-queretaro-cerca-del-aeropuerto\/\",\"url\":\"https:\/\/www.nexoinformativo.mx\/index.php\/2024\/11\/28\/mauricio-kuri-confirma-estacion-del-tren-mexico-queretaro-cerca-del-aeropuerto\/\",\"name\":\"Mauricio Kuri: Confirma estaci\u00f3n del tren M\u00e9xico-Quer\u00e9taro cerca del aeropuerto | Nexo Informativo Santiago de Quer\u00e9taro\",\"isPartOf\":{\"@id\":\"https:\/\/www.nexoinformativo.mx\/#website\"},\"primaryImageOfPage\":{\"@id\":\"https:\/\/www.nexoinformativo.mx\/index.php\/2024\/11\/28\/mauricio-kuri-confirma-estacion-del-tren-mexico-queretaro-cerca-del-aeropuerto\/#primaryimage\"},\"image\":{\"@id\":\"https:\/\/www.nexoinformativo.mx\/index.php\/2024\/11\/28\/mauricio-kuri-confirma-estacion-del-tren-mexico-queretaro-cerca-del-aeropuerto\/#primaryimage\"},\"thumbnailUrl\":\"https:\/\/www.nexoinformativo.mx\/wp-content\/uploads\/2024\/11\/PHOTO-2024-11-28-12-30-38-e1732819532146.jpg\",\"datePublished\":\"2024-11-28T17:30:24+00:00\",\"dateModified\":\"2024-11-28T18:47:22+00:00\",\"description\":\"Mauricio Kuri: Confirma estaci\u00f3n del tren M\u00e9xico-Quer\u00e9taro cerca del aeropuerto\",\"breadcrumb\":{\"@id\":\"https:\/\/www.nexoinformativo.mx\/index.php\/2024\/11\/28\/mauricio-kuri-confirma-estacion-del-tren-mexico-queretaro-cerca-del-aeropuerto\/#breadcrumb\"},\"inLanguage\":\"es\",\"potentialAction\":[{\"@type\":\"ReadAction\",\"target\":[\"https:\/\/www.nexoinformativo.mx\/index.php\/2024\/11\/28\/mauricio-kuri-confirma-estacion-del-tren-mexico-queretaro-cerca-del-aeropuerto\/\"]}]},{\"@type\":\"ImageObject\",\"inLanguage\":\"es\",\"@id\":\"https:\/\/www.nexoinformativo.mx\/index.php\/2024\/11\/28\/mauricio-kuri-confirma-estacion-del-tren-mexico-queretaro-cerca-del-aeropuerto\/#primaryimage\",\"url\":\"https:\/\/www.nexoinformativo.mx\/wp-content\/uploads\/2024\/11\/PHOTO-2024-11-28-12-30-38-e1732819532146.jpg\",\"contentUrl\":\"https:\/\/www.nexoinformativo.mx\/wp-content\/uploads\/2024\/11\/PHOTO-2024-11-28-12-30-38-e1732819532146.jpg\",\"width\":800,\"height\":600},{\"@type\":\"BreadcrumbList\",\"@id\":\"https:\/\/www.nexoinformativo.mx\/index.php\/2024\/11\/28\/mauricio-kuri-confirma-estacion-del-tren-mexico-queretaro-cerca-del-aeropuerto\/#breadcrumb\",\"itemListElement\":[{\"@type\":\"ListItem\",\"position\":1,\"name\":\"Inicio\",\"item\":\"https:\/\/www.nexoinformativo.mx\/\"},{\"@type\":\"ListItem\",\"position\":2,\"name\":\"Mauricio Kuri: Confirma estaci\u00f3n del tren M\u00e9xico-Quer\u00e9taro cerca del aeropuerto\"}]},{\"@type\":\"WebSite\",\"@id\":\"https:\/\/www.nexoinformativo.mx\/#website\",\"url\":\"https:\/\/www.nexoinformativo.mx\/\",\"name\":\"Nexo Informativo Santiago de Quer\u00e9taro\",\"description\":\"Explora NexoInformativo y convi\u00e9rtete en parte de una comunidad que valora el conocimiento y la verdad. Tu nexoinformativo es tu puente hacia una comprensi\u00f3n m\u00e1s profunda del mundo que te rodea.\",\"publisher\":{\"@id\":\"https:\/\/www.nexoinformativo.mx\/#organization\"},\"potentialAction\":[{\"@type\":\"SearchAction\",\"target\":{\"@type\":\"EntryPoint\",\"urlTemplate\":\"https:\/\/www.nexoinformativo.mx\/?s={search_term_string}\"},\"query-input\":{\"@type\":\"PropertyValueSpecification\",\"valueRequired\":true,\"valueName\":\"search_term_string\"}}],\"inLanguage\":\"es\"},{\"@type\":\"Organization\",\"@id\":\"https:\/\/www.nexoinformativo.mx\/#organization\",\"name\":\"Nexo Informativo Santiago de Quer\u00e9taro\",\"url\":\"https:\/\/www.nexoinformativo.mx\/\",\"logo\":{\"@type\":\"ImageObject\",\"inLanguage\":\"es\",\"@id\":\"https:\/\/www.nexoinformativo.mx\/#\/schema\/logo\/image\/\",\"url\":\"https:\/\/www.nexoinformativo.mx\/wp-content\/uploads\/2024\/07\/nexoi-trasparente-2.png\",\"contentUrl\":\"https:\/\/www.nexoinformativo.mx\/wp-content\/uploads\/2024\/07\/nexoi-trasparente-2.png\",\"width\":816,\"height\":339,\"caption\":\"Nexo Informativo Santiago de Quer\u00e9taro\"},\"image\":{\"@id\":\"https:\/\/www.nexoinformativo.mx\/#\/schema\/logo\/image\/\"},\"sameAs\":[\"https:\/\/www.facebook.com\/people\/Nexo-Informativo\/61564066885511\/\"]},{\"@type\":\"Person\",\"@id\":\"https:\/\/www.nexoinformativo.mx\/#\/schema\/person\/7749d380ba08c8ca00d7bc76fd907b7d\",\"name\":\"Nexo Informativo\",\"image\":{\"@type\":\"ImageObject\",\"inLanguage\":\"es\",\"@id\":\"https:\/\/www.nexoinformativo.mx\/#\/schema\/person\/image\/\",\"url\":\"https:\/\/secure.gravatar.com\/avatar\/dde2928154642a13d95f87ddf1ea9718fe2b46760a005c53e41ff5ad610704e6?s=96&d=mm&r=g\",\"contentUrl\":\"https:\/\/secure.gravatar.com\/avatar\/dde2928154642a13d95f87ddf1ea9718fe2b46760a005c53e41ff5ad610704e6?s=96&d=mm&r=g\",\"caption\":\"Nexo Informativo\"},\"url\":\"https:\/\/www.nexoinformativo.mx\/index.php\/author\/edicion\/\"}]}<\/script>\n<!-- \/ Yoast SEO plugin. -->","yoast_head_json":{"title":"Mauricio Kuri: Confirma estaci\u00f3n del tren M\u00e9xico-Quer\u00e9taro cerca del aeropuerto | Nexo Informativo Santiago de Quer\u00e9taro","description":"Mauricio Kuri: Confirma estaci\u00f3n del tren M\u00e9xico-Quer\u00e9taro cerca del aeropuerto","robots":{"index":"index","follow":"follow","max-snippet":"max-snippet:-1","max-image-preview":"max-image-preview:large","max-video-preview":"max-video-preview:-1"},"canonical":"https:\/\/www.nexoinformativo.mx\/index.php\/2024\/11\/28\/mauricio-kuri-confirma-estacion-del-tren-mexico-queretaro-cerca-del-aeropuerto\/","og_locale":"es_MX","og_type":"article","og_title":"Mauricio Kuri: Confirma estaci\u00f3n del tren M\u00e9xico-Quer\u00e9taro cerca del aeropuerto | Nexo Informativo Santiago de Quer\u00e9taro","og_description":"Mauricio Kuri: Confirma estaci\u00f3n del tren M\u00e9xico-Quer\u00e9taro cerca del aeropuerto","og_url":"https:\/\/www.nexoinformativo.mx\/index.php\/2024\/11\/28\/mauricio-kuri-confirma-estacion-del-tren-mexico-queretaro-cerca-del-aeropuerto\/","og_site_name":"Nexo Informativo Santiago de Quer\u00e9taro","article_publisher":"https:\/\/www.facebook.com\/people\/Nexo-Informativo\/61564066885511\/","article_published_time":"2024-11-28T17:30:24+00:00","article_modified_time":"2024-11-28T18:47:22+00:00","og_image":[{"width":800,"height":600,"url":"https:\/\/www.nexoinformativo.mx\/wp-content\/uploads\/2024\/11\/PHOTO-2024-11-28-12-30-38-e1732819532146.jpg","type":"image\/jpeg"}],"author":"Nexo Informativo","twitter_card":"summary_large_image","twitter_misc":{"Escrito por":"Nexo Informativo","Tiempo de lectura":"2 minutos"},"schema":{"@context":"https:\/\/schema.org","@graph":[{"@type":"Article","@id":"https:\/\/www.nexoinformativo.mx\/index.php\/2024\/11\/28\/mauricio-kuri-confirma-estacion-del-tren-mexico-queretaro-cerca-del-aeropuerto\/#article","isPartOf":{"@id":"https:\/\/www.nexoinformativo.mx\/index.php\/2024\/11\/28\/mauricio-kuri-confirma-estacion-del-tren-mexico-queretaro-cerca-del-aeropuerto\/"},"author":{"name":"Nexo Informativo","@id":"https:\/\/www.nexoinformativo.mx\/#\/schema\/person\/7749d380ba08c8ca00d7bc76fd907b7d"},"headline":"Mauricio Kuri: Confirma estaci\u00f3n del tren M\u00e9xico-Quer\u00e9taro cerca del aeropuerto","datePublished":"2024-11-28T17:30:24+00:00","dateModified":"2024-11-28T18:47:22+00:00","mainEntityOfPage":{"@id":"https:\/\/www.nexoinformativo.mx\/index.php\/2024\/11\/28\/mauricio-kuri-confirma-estacion-del-tren-mexico-queretaro-cerca-del-aeropuerto\/"},"wordCount":253,"commentCount":0,"publisher":{"@id":"https:\/\/www.nexoinformativo.mx\/#organization"},"image":{"@id":"https:\/\/www.nexoinformativo.mx\/index.php\/2024\/11\/28\/mauricio-kuri-confirma-estacion-del-tren-mexico-queretaro-cerca-del-aeropuerto\/#primaryimage"},"thumbnailUrl":"https:\/\/www.nexoinformativo.mx\/wp-content\/uploads\/2024\/11\/PHOTO-2024-11-28-12-30-38-e1732819532146.jpg","keywords":["DesarrolloEcon\u00f3mico","Movilidad","Quer\u00e9taro","TrenMexicoQuer\u00e9taro"],"articleSection":["Estado","\u00daltima Hora"],"inLanguage":"es","potentialAction":[{"@type":"CommentAction","name":"Comment","target":["https:\/\/www.nexoinformativo.mx\/index.php\/2024\/11\/28\/mauricio-kuri-confirma-estacion-del-tren-mexico-queretaro-cerca-del-aeropuerto\/#respond"]}]},{"@type":"WebPage","@id":"https:\/\/www.nexoinformativo.mx\/index.php\/2024\/11\/28\/mauricio-kuri-confirma-estacion-del-tren-mexico-queretaro-cerca-del-aeropuerto\/","url":"https:\/\/www.nexoinformativo.mx\/index.php\/2024\/11\/28\/mauricio-kuri-confirma-estacion-del-tren-mexico-queretaro-cerca-del-aeropuerto\/","name":"Mauricio Kuri: Confirma estaci\u00f3n del tren M\u00e9xico-Quer\u00e9taro cerca del aeropuerto | Nexo Informativo Santiago de Quer\u00e9taro","isPartOf":{"@id":"https:\/\/www.nexoinformativo.mx\/#website"},"primaryImageOfPage":{"@id":"https:\/\/www.nexoinformativo.mx\/index.php\/2024\/11\/28\/mauricio-kuri-confirma-estacion-del-tren-mexico-queretaro-cerca-del-aeropuerto\/#primaryimage"},"image":{"@id":"https:\/\/www.nexoinformativo.mx\/index.php\/2024\/11\/28\/mauricio-kuri-confirma-estacion-del-tren-mexico-queretaro-cerca-del-aeropuerto\/#primaryimage"},"thumbnailUrl":"https:\/\/www.nexoinformativo.mx\/wp-content\/uploads\/2024\/11\/PHOTO-2024-11-28-12-30-38-e1732819532146.jpg","datePublished":"2024-11-28T17:30:24+00:00","dateModified":"2024-11-28T18:47:22+00:00","description":"Mauricio Kuri: Confirma estaci\u00f3n del tren M\u00e9xico-Quer\u00e9taro cerca del aeropuerto","breadcrumb":{"@id":"https:\/\/www.nexoinformativo.mx\/index.php\/2024\/11\/28\/mauricio-kuri-confirma-estacion-del-tren-mexico-queretaro-cerca-del-aeropuerto\/#breadcrumb"},"inLanguage":"es","potentialAction":[{"@type":"ReadAction","target":["https:\/\/www.nexoinformativo.mx\/index.php\/2024\/11\/28\/mauricio-kuri-confirma-estacion-del-tren-mexico-queretaro-cerca-del-aeropuerto\/"]}]},{"@type":"ImageObject","inLanguage":"es","@id":"https:\/\/www.nexoinformativo.mx\/index.php\/2024\/11\/28\/mauricio-kuri-confirma-estacion-del-tren-mexico-queretaro-cerca-del-aeropuerto\/#primaryimage","url":"https:\/\/www.nexoinformativo.mx\/wp-content\/uploads\/2024\/11\/PHOTO-2024-11-28-12-30-38-e1732819532146.jpg","contentUrl":"https:\/\/www.nexoinformativo.mx\/wp-content\/uploads\/2024\/11\/PHOTO-2024-11-28-12-30-38-e1732819532146.jpg","width":800,"height":600},{"@type":"BreadcrumbList","@id":"https:\/\/www.nexoinformativo.mx\/index.php\/2024\/11\/28\/mauricio-kuri-confirma-estacion-del-tren-mexico-queretaro-cerca-del-aeropuerto\/#breadcrumb","itemListElement":[{"@type":"ListItem","position":1,"name":"Inicio","item":"https:\/\/www.nexoinformativo.mx\/"},{"@type":"ListItem","position":2,"name":"Mauricio Kuri: Confirma estaci\u00f3n del tren M\u00e9xico-Quer\u00e9taro cerca del aeropuerto"}]},{"@type":"WebSite","@id":"https:\/\/www.nexoinformativo.mx\/#website","url":"https:\/\/www.nexoinformativo.mx\/","name":"Nexo Informativo Santiago de Quer\u00e9taro","description":"Explora NexoInformativo y convi\u00e9rtete en parte de una comunidad que valora el conocimiento y la verdad. Tu nexoinformativo es tu puente hacia una comprensi\u00f3n m\u00e1s profunda del mundo que te rodea.","publisher":{"@id":"https:\/\/www.nexoinformativo.mx\/#organization"},"potentialAction":[{"@type":"SearchAction","target":{"@type":"EntryPoint","urlTemplate":"https:\/\/www.nexoinformativo.mx\/?s={search_term_string}"},"query-input":{"@type":"PropertyValueSpecification","valueRequired":true,"valueName":"search_term_string"}}],"inLanguage":"es"},{"@type":"Organization","@id":"https:\/\/www.nexoinformativo.mx\/#organization","name":"Nexo Informativo Santiago de Quer\u00e9taro","url":"https:\/\/www.nexoinformativo.mx\/","logo":{"@type":"ImageObject","inLanguage":"es","@id":"https:\/\/www.nexoinformativo.mx\/#\/schema\/logo\/image\/","url":"https:\/\/www.nexoinformativo.mx\/wp-content\/uploads\/2024\/07\/nexoi-trasparente-2.png","contentUrl":"https:\/\/www.nexoinformativo.mx\/wp-content\/uploads\/2024\/07\/nexoi-trasparente-2.png","width":816,"height":339,"caption":"Nexo Informativo Santiago de Quer\u00e9taro"},"image":{"@id":"https:\/\/www.nexoinformativo.mx\/#\/schema\/logo\/image\/"},"sameAs":["https:\/\/www.facebook.com\/people\/Nexo-Informativo\/61564066885511\/"]},{"@type":"Person","@id":"https:\/\/www.nexoinformativo.mx\/#\/schema\/person\/7749d380ba08c8ca00d7bc76fd907b7d","name":"Nexo Informativo","image":{"@type":"ImageObject","inLanguage":"es","@id":"https:\/\/www.nexoinformativo.mx\/#\/schema\/person\/image\/","url":"https:\/\/secure.gravatar.com\/avatar\/dde2928154642a13d95f87ddf1ea9718fe2b46760a005c53e41ff5ad610704e6?s=96&d=mm&r=g","contentUrl":"https:\/\/secure.gravatar.com\/avatar\/dde2928154642a13d95f87ddf1ea9718fe2b46760a005c53e41ff5ad610704e6?s=96&d=mm&r=g","caption":"Nexo Informativo"},"url":"https:\/\/www.nexoinformativo.mx\/index.php\/author\/edicion\/"}]}},"_links":{"self":[{"href":"https:\/\/www.nexoinformativo.mx\/index.php\/wp-json\/wp\/v2\/posts\/7192","targetHints":{"allow":["GET"]}}],"collection":[{"href":"https:\/\/www.nexoinformativo.mx\/index.php\/wp-json\/wp\/v2\/posts"}],"about":[{"href":"https:\/\/www.nexoinformativo.mx\/index.php\/wp-json\/wp\/v2\/types\/post"}],"author":[{"embeddable":true,"href":"https:\/\/www.nexoinformativo.mx\/index.php\/wp-json\/wp\/v2\/users\/3"}],"replies":[{"embeddable":true,"href":"https:\/\/www.nexoinformativo.mx\/index.php\/wp-json\/wp\/v2\/comments?post=7192"}],"version-history":[{"count":3,"href":"https:\/\/www.nexoinformativo.mx\/index.php\/wp-json\/wp\/v2\/posts\/7192\/revisions"}],"predecessor-version":[{"id":7196,"href":"https:\/\/www.nexoinformativo.mx\/index.php\/wp-json\/wp\/v2\/posts\/7192\/revisions\/7196"}],"wp:featuredmedia":[{"embeddable":true,"href":"https:\/\/www.nexoinformativo.mx\/index.php\/wp-json\/wp\/v2\/media\/7193"}],"wp:attachment":[{"href":"https:\/\/www.nexoinformativo.mx\/index.php\/wp-json\/wp\/v2\/media?parent=7192"}],"wp:term":[{"taxonomy":"category","embeddable":true,"href":"https:\/\/www.nexoinformativo.mx\/index.php\/wp-json\/wp\/v2\/categories?post=7192"},{"taxonomy":"post_tag","embeddable":true,"href":"https:\/\/www.nexoinformativo.mx\/index.php\/wp-json\/wp\/v2\/tags?post=7192"}],"curies":[{"name":"wp","href":"https:\/\/api.w.org\/{rel}","templated":true}]}}