{"id":7197,"date":"2024-11-28T17:00:11","date_gmt":"2024-11-28T23:00:11","guid":{"rendered":"https:\/\/www.nexoinformativo.mx\/?p=7197"},"modified":"2024-11-28T21:05:17","modified_gmt":"2024-11-29T03:05:17","slug":"la-uaq-se-consolida-como-referente-educativo-con-un-aumento-del-13-en-su-presupuesto","status":"publish","type":"post","link":"https:\/\/www.nexoinformativo.mx\/index.php\/2024\/11\/28\/la-uaq-se-consolida-como-referente-educativo-con-un-aumento-del-13-en-su-presupuesto\/","title":{"rendered":"La UAQ se consolida como referente educativo con un aumento del 13% en su presupuesto"},"content":{"rendered":"<p style=\"text-align: justify;\" data-sourcepos=\"9:1-9:296\">La Universidad Aut\u00f3noma de Quer\u00e9taro (UAQ) recibir\u00e1 un importante impulso financiero en 2025, gracias al incremento presupuestal del 13% propuesto por el gobierno estatal.\u00a0Esta noticia fue dada a conocer tras una reuni\u00f3n entre la rectora Silvia Amaya Llano y el gobernador Mauricio Kuri.<\/p>\n<p>&nbsp;<\/p>\n<p style=\"text-align: justify;\" data-sourcepos=\"11:1-11:357\">Este aumento permitir\u00e1 a la UAQ enfrentar los retos de la inflaci\u00f3n, mejorar la calidad de la educaci\u00f3n que ofrece, ampliar su infraestructura y expandir su cobertura a los 18 municipios del estado.<\/p>\n<p>&nbsp;<\/p>\n<p style=\"text-align: justify;\" data-sourcepos=\"11:1-11:357\">Con este incremento, la universidad podr\u00e1 ofrecer m\u00e1s oportunidades a los estudiantes queretanos y fortalecer su papel como motor de desarrollo en la entidad.<\/p>\n<p>&nbsp;<\/p>\n<p style=\"text-align: justify;\" data-sourcepos=\"13:1-13:376\">&#8220;Este incremento presupuestal es una muestra del compromiso del gobierno estatal con la educaci\u00f3n superior y con el futuro de Quer\u00e9taro&#8221;, afirm\u00f3 el gobernador Mauricio Kuri.<\/p>\n<p>&nbsp;<\/p>\n<p style=\"text-align: justify;\" data-sourcepos=\"13:1-13:376\">Por su parte, la rectora Silvia Amaya agradeci\u00f3 el apoyo del gobierno y destac\u00f3 que este aumento permitir\u00e1 a la UAQ consolidarse como una instituci\u00f3n de educaci\u00f3n superior de excelencia.<\/p>\n<p>&nbsp;<\/p>\n<p style=\"text-align: justify;\" data-sourcepos=\"15:1-15:260\">Con este incremento, la UAQ podr\u00e1 llevar a cabo proyectos de investigaci\u00f3n, innovaci\u00f3n y desarrollo que generen un impacto positivo en la sociedad queretana. Adem\u00e1s, se fortalecer\u00e1n los programas acad\u00e9micos y se ampliar\u00e1n las opciones de movilidad estudiantil.<\/p>\n<p>&nbsp;<\/p>\n<p style=\"text-align: center;\" data-sourcepos=\"15:1-15:260\"><strong><em>\u00a1Informaci\u00f3n que transforma!<\/em><\/strong><\/p>\n","protected":false},"excerpt":{"rendered":"<p>La Universidad Aut\u00f3noma de Quer\u00e9taro (UAQ) recibir\u00e1 un importante impulso financiero en 2025, gracias al incremento presupuestal del 13% propuesto por el gobierno estatal.<\/p>\n","protected":false},"author":3,"featured_media":7201,"comment_status":"open","ping_status":"open","sticky":false,"template":"","format":"standard","meta":{"footnotes":""},"categories":[42,58],"tags":[1163,2172,133,252],"class_list":["post-7197","post","type-post","status-publish","format-standard","has-post-thumbnail","hentry","category-estado","category-ultima-hora","tag-educacionsuperior","tag-presupuesto","tag-queretaro","tag-uaq"],"yoast_head":"<!-- This site is optimized with the Yoast SEO plugin v25.0 - https:\/\/yoast.com\/wordpress\/plugins\/seo\/ -->\n<title>La UAQ se consolida como referente educativo con un aumento del 13% en su presupuesto | Nexo Informativo Santiago de Quer\u00e9taro<\/title>\n<meta name=\"description\" content=\"La UAQ se consolida como referente educativo con un aumento del 13% en su presupuesto\" \/>\n<meta name=\"robots\" content=\"index, follow, max-snippet:-1, max-image-preview:large, max-video-preview:-1\" \/>\n<link rel=\"canonical\" href=\"https:\/\/www.nexoinformativo.mx\/index.php\/2024\/11\/28\/la-uaq-se-consolida-como-referente-educativo-con-un-aumento-del-13-en-su-presupuesto\/\" \/>\n<meta property=\"og:locale\" content=\"es_MX\" \/>\n<meta property=\"og:type\" content=\"article\" \/>\n<meta property=\"og:title\" content=\"La UAQ se consolida como referente educativo con un aumento del 13% en su presupuesto | Nexo Informativo Santiago de Quer\u00e9taro\" \/>\n<meta property=\"og:description\" content=\"La UAQ se consolida como referente educativo con un aumento del 13% en su presupuesto\" \/>\n<meta property=\"og:url\" content=\"https:\/\/www.nexoinformativo.mx\/index.php\/2024\/11\/28\/la-uaq-se-consolida-como-referente-educativo-con-un-aumento-del-13-en-su-presupuesto\/\" \/>\n<meta property=\"og:site_name\" content=\"Nexo Informativo Santiago de Quer\u00e9taro\" \/>\n<meta property=\"article:publisher\" content=\"https:\/\/www.facebook.com\/people\/Nexo-Informativo\/61564066885511\/\" \/>\n<meta property=\"article:published_time\" content=\"2024-11-28T23:00:11+00:00\" \/>\n<meta property=\"article:modified_time\" content=\"2024-11-29T03:05:17+00:00\" \/>\n<meta property=\"og:image\" content=\"https:\/\/www.nexoinformativo.mx\/wp-content\/uploads\/2024\/11\/PHOTO-2024-11-28-14-45-04-e1732849509411.jpg\" \/>\n\t<meta property=\"og:image:width\" content=\"800\" \/>\n\t<meta property=\"og:image:height\" content=\"533\" \/>\n\t<meta property=\"og:image:type\" content=\"image\/jpeg\" \/>\n<meta name=\"author\" content=\"Nexo Informativo\" \/>\n<meta name=\"twitter:card\" content=\"summary_large_image\" \/>\n<meta name=\"twitter:label1\" content=\"Escrito por\" \/>\n\t<meta name=\"twitter:data1\" content=\"Nexo Informativo\" \/>\n\t<meta name=\"twitter:label2\" content=\"Tiempo de lectura\" \/>\n\t<meta name=\"twitter:data2\" content=\"2 minutos\" \/>\n<script type=\"application\/ld+json\" class=\"yoast-schema-graph\">{\"@context\":\"https:\/\/schema.org\",\"@graph\":[{\"@type\":\"Article\",\"@id\":\"https:\/\/www.nexoinformativo.mx\/index.php\/2024\/11\/28\/la-uaq-se-consolida-como-referente-educativo-con-un-aumento-del-13-en-su-presupuesto\/#article\",\"isPartOf\":{\"@id\":\"https:\/\/www.nexoinformativo.mx\/index.php\/2024\/11\/28\/la-uaq-se-consolida-como-referente-educativo-con-un-aumento-del-13-en-su-presupuesto\/\"},\"author\":{\"name\":\"Nexo Informativo\",\"@id\":\"https:\/\/www.nexoinformativo.mx\/#\/schema\/person\/7749d380ba08c8ca00d7bc76fd907b7d\"},\"headline\":\"La UAQ se consolida como referente educativo con un aumento del 13% en su presupuesto\",\"datePublished\":\"2024-11-28T23:00:11+00:00\",\"dateModified\":\"2024-11-29T03:05:17+00:00\",\"mainEntityOfPage\":{\"@id\":\"https:\/\/www.nexoinformativo.mx\/index.php\/2024\/11\/28\/la-uaq-se-consolida-como-referente-educativo-con-un-aumento-del-13-en-su-presupuesto\/\"},\"wordCount\":232,\"commentCount\":0,\"publisher\":{\"@id\":\"https:\/\/www.nexoinformativo.mx\/#organization\"},\"image\":{\"@id\":\"https:\/\/www.nexoinformativo.mx\/index.php\/2024\/11\/28\/la-uaq-se-consolida-como-referente-educativo-con-un-aumento-del-13-en-su-presupuesto\/#primaryimage\"},\"thumbnailUrl\":\"https:\/\/www.nexoinformativo.mx\/wp-content\/uploads\/2024\/11\/PHOTO-2024-11-28-14-45-04-e1732849509411.jpg\",\"keywords\":[\"Educaci\u00f3nSuperior\",\"Presupuesto\",\"Quer\u00e9taro\",\"UAQ\"],\"articleSection\":[\"Estado\",\"\u00daltima Hora\"],\"inLanguage\":\"es\",\"potentialAction\":[{\"@type\":\"CommentAction\",\"name\":\"Comment\",\"target\":[\"https:\/\/www.nexoinformativo.mx\/index.php\/2024\/11\/28\/la-uaq-se-consolida-como-referente-educativo-con-un-aumento-del-13-en-su-presupuesto\/#respond\"]}]},{\"@type\":\"WebPage\",\"@id\":\"https:\/\/www.nexoinformativo.mx\/index.php\/2024\/11\/28\/la-uaq-se-consolida-como-referente-educativo-con-un-aumento-del-13-en-su-presupuesto\/\",\"url\":\"https:\/\/www.nexoinformativo.mx\/index.php\/2024\/11\/28\/la-uaq-se-consolida-como-referente-educativo-con-un-aumento-del-13-en-su-presupuesto\/\",\"name\":\"La UAQ se consolida como referente educativo con un aumento del 13% en su presupuesto | Nexo Informativo Santiago de Quer\u00e9taro\",\"isPartOf\":{\"@id\":\"https:\/\/www.nexoinformativo.mx\/#website\"},\"primaryImageOfPage\":{\"@id\":\"https:\/\/www.nexoinformativo.mx\/index.php\/2024\/11\/28\/la-uaq-se-consolida-como-referente-educativo-con-un-aumento-del-13-en-su-presupuesto\/#primaryimage\"},\"image\":{\"@id\":\"https:\/\/www.nexoinformativo.mx\/index.php\/2024\/11\/28\/la-uaq-se-consolida-como-referente-educativo-con-un-aumento-del-13-en-su-presupuesto\/#primaryimage\"},\"thumbnailUrl\":\"https:\/\/www.nexoinformativo.mx\/wp-content\/uploads\/2024\/11\/PHOTO-2024-11-28-14-45-04-e1732849509411.jpg\",\"datePublished\":\"2024-11-28T23:00:11+00:00\",\"dateModified\":\"2024-11-29T03:05:17+00:00\",\"description\":\"La UAQ se consolida como referente educativo con un aumento del 13% en su presupuesto\",\"breadcrumb\":{\"@id\":\"https:\/\/www.nexoinformativo.mx\/index.php\/2024\/11\/28\/la-uaq-se-consolida-como-referente-educativo-con-un-aumento-del-13-en-su-presupuesto\/#breadcrumb\"},\"inLanguage\":\"es\",\"potentialAction\":[{\"@type\":\"ReadAction\",\"target\":[\"https:\/\/www.nexoinformativo.mx\/index.php\/2024\/11\/28\/la-uaq-se-consolida-como-referente-educativo-con-un-aumento-del-13-en-su-presupuesto\/\"]}]},{\"@type\":\"ImageObject\",\"inLanguage\":\"es\",\"@id\":\"https:\/\/www.nexoinformativo.mx\/index.php\/2024\/11\/28\/la-uaq-se-consolida-como-referente-educativo-con-un-aumento-del-13-en-su-presupuesto\/#primaryimage\",\"url\":\"https:\/\/www.nexoinformativo.mx\/wp-content\/uploads\/2024\/11\/PHOTO-2024-11-28-14-45-04-e1732849509411.jpg\",\"contentUrl\":\"https:\/\/www.nexoinformativo.mx\/wp-content\/uploads\/2024\/11\/PHOTO-2024-11-28-14-45-04-e1732849509411.jpg\",\"width\":800,\"height\":533},{\"@type\":\"BreadcrumbList\",\"@id\":\"https:\/\/www.nexoinformativo.mx\/index.php\/2024\/11\/28\/la-uaq-se-consolida-como-referente-educativo-con-un-aumento-del-13-en-su-presupuesto\/#breadcrumb\",\"itemListElement\":[{\"@type\":\"ListItem\",\"position\":1,\"name\":\"Inicio\",\"item\":\"https:\/\/www.nexoinformativo.mx\/\"},{\"@type\":\"ListItem\",\"position\":2,\"name\":\"La UAQ se consolida como referente educativo con un aumento del 13% en su presupuesto\"}]},{\"@type\":\"WebSite\",\"@id\":\"https:\/\/www.nexoinformativo.mx\/#website\",\"url\":\"https:\/\/www.nexoinformativo.mx\/\",\"name\":\"Nexo Informativo Santiago de Quer\u00e9taro\",\"description\":\"Explora NexoInformativo y convi\u00e9rtete en parte de una comunidad que valora el conocimiento y la verdad. Tu nexoinformativo es tu puente hacia una comprensi\u00f3n m\u00e1s profunda del mundo que te rodea.\",\"publisher\":{\"@id\":\"https:\/\/www.nexoinformativo.mx\/#organization\"},\"potentialAction\":[{\"@type\":\"SearchAction\",\"target\":{\"@type\":\"EntryPoint\",\"urlTemplate\":\"https:\/\/www.nexoinformativo.mx\/?s={search_term_string}\"},\"query-input\":{\"@type\":\"PropertyValueSpecification\",\"valueRequired\":true,\"valueName\":\"search_term_string\"}}],\"inLanguage\":\"es\"},{\"@type\":\"Organization\",\"@id\":\"https:\/\/www.nexoinformativo.mx\/#organization\",\"name\":\"Nexo Informativo Santiago de Quer\u00e9taro\",\"url\":\"https:\/\/www.nexoinformativo.mx\/\",\"logo\":{\"@type\":\"ImageObject\",\"inLanguage\":\"es\",\"@id\":\"https:\/\/www.nexoinformativo.mx\/#\/schema\/logo\/image\/\",\"url\":\"https:\/\/www.nexoinformativo.mx\/wp-content\/uploads\/2024\/07\/nexoi-trasparente-2.png\",\"contentUrl\":\"https:\/\/www.nexoinformativo.mx\/wp-content\/uploads\/2024\/07\/nexoi-trasparente-2.png\",\"width\":816,\"height\":339,\"caption\":\"Nexo Informativo Santiago de Quer\u00e9taro\"},\"image\":{\"@id\":\"https:\/\/www.nexoinformativo.mx\/#\/schema\/logo\/image\/\"},\"sameAs\":[\"https:\/\/www.facebook.com\/people\/Nexo-Informativo\/61564066885511\/\"]},{\"@type\":\"Person\",\"@id\":\"https:\/\/www.nexoinformativo.mx\/#\/schema\/person\/7749d380ba08c8ca00d7bc76fd907b7d\",\"name\":\"Nexo Informativo\",\"image\":{\"@type\":\"ImageObject\",\"inLanguage\":\"es\",\"@id\":\"https:\/\/www.nexoinformativo.mx\/#\/schema\/person\/image\/\",\"url\":\"https:\/\/secure.gravatar.com\/avatar\/dde2928154642a13d95f87ddf1ea9718fe2b46760a005c53e41ff5ad610704e6?s=96&d=mm&r=g\",\"contentUrl\":\"https:\/\/secure.gravatar.com\/avatar\/dde2928154642a13d95f87ddf1ea9718fe2b46760a005c53e41ff5ad610704e6?s=96&d=mm&r=g\",\"caption\":\"Nexo Informativo\"},\"url\":\"https:\/\/www.nexoinformativo.mx\/index.php\/author\/edicion\/\"}]}<\/script>\n<!-- \/ Yoast SEO plugin. -->","yoast_head_json":{"title":"La UAQ se consolida como referente educativo con un aumento del 13% en su presupuesto | Nexo Informativo Santiago de Quer\u00e9taro","description":"La UAQ se consolida como referente educativo con un aumento del 13% en su presupuesto","robots":{"index":"index","follow":"follow","max-snippet":"max-snippet:-1","max-image-preview":"max-image-preview:large","max-video-preview":"max-video-preview:-1"},"canonical":"https:\/\/www.nexoinformativo.mx\/index.php\/2024\/11\/28\/la-uaq-se-consolida-como-referente-educativo-con-un-aumento-del-13-en-su-presupuesto\/","og_locale":"es_MX","og_type":"article","og_title":"La UAQ se consolida como referente educativo con un aumento del 13% en su presupuesto | Nexo Informativo Santiago de Quer\u00e9taro","og_description":"La UAQ se consolida como referente educativo con un aumento del 13% en su presupuesto","og_url":"https:\/\/www.nexoinformativo.mx\/index.php\/2024\/11\/28\/la-uaq-se-consolida-como-referente-educativo-con-un-aumento-del-13-en-su-presupuesto\/","og_site_name":"Nexo Informativo Santiago de Quer\u00e9taro","article_publisher":"https:\/\/www.facebook.com\/people\/Nexo-Informativo\/61564066885511\/","article_published_time":"2024-11-28T23:00:11+00:00","article_modified_time":"2024-11-29T03:05:17+00:00","og_image":[{"width":800,"height":533,"url":"https:\/\/www.nexoinformativo.mx\/wp-content\/uploads\/2024\/11\/PHOTO-2024-11-28-14-45-04-e1732849509411.jpg","type":"image\/jpeg"}],"author":"Nexo Informativo","twitter_card":"summary_large_image","twitter_misc":{"Escrito por":"Nexo Informativo","Tiempo de lectura":"2 minutos"},"schema":{"@context":"https:\/\/schema.org","@graph":[{"@type":"Article","@id":"https:\/\/www.nexoinformativo.mx\/index.php\/2024\/11\/28\/la-uaq-se-consolida-como-referente-educativo-con-un-aumento-del-13-en-su-presupuesto\/#article","isPartOf":{"@id":"https:\/\/www.nexoinformativo.mx\/index.php\/2024\/11\/28\/la-uaq-se-consolida-como-referente-educativo-con-un-aumento-del-13-en-su-presupuesto\/"},"author":{"name":"Nexo Informativo","@id":"https:\/\/www.nexoinformativo.mx\/#\/schema\/person\/7749d380ba08c8ca00d7bc76fd907b7d"},"headline":"La UAQ se consolida como referente educativo con un aumento del 13% en su presupuesto","datePublished":"2024-11-28T23:00:11+00:00","dateModified":"2024-11-29T03:05:17+00:00","mainEntityOfPage":{"@id":"https:\/\/www.nexoinformativo.mx\/index.php\/2024\/11\/28\/la-uaq-se-consolida-como-referente-educativo-con-un-aumento-del-13-en-su-presupuesto\/"},"wordCount":232,"commentCount":0,"publisher":{"@id":"https:\/\/www.nexoinformativo.mx\/#organization"},"image":{"@id":"https:\/\/www.nexoinformativo.mx\/index.php\/2024\/11\/28\/la-uaq-se-consolida-como-referente-educativo-con-un-aumento-del-13-en-su-presupuesto\/#primaryimage"},"thumbnailUrl":"https:\/\/www.nexoinformativo.mx\/wp-content\/uploads\/2024\/11\/PHOTO-2024-11-28-14-45-04-e1732849509411.jpg","keywords":["Educaci\u00f3nSuperior","Presupuesto","Quer\u00e9taro","UAQ"],"articleSection":["Estado","\u00daltima Hora"],"inLanguage":"es","potentialAction":[{"@type":"CommentAction","name":"Comment","target":["https:\/\/www.nexoinformativo.mx\/index.php\/2024\/11\/28\/la-uaq-se-consolida-como-referente-educativo-con-un-aumento-del-13-en-su-presupuesto\/#respond"]}]},{"@type":"WebPage","@id":"https:\/\/www.nexoinformativo.mx\/index.php\/2024\/11\/28\/la-uaq-se-consolida-como-referente-educativo-con-un-aumento-del-13-en-su-presupuesto\/","url":"https:\/\/www.nexoinformativo.mx\/index.php\/2024\/11\/28\/la-uaq-se-consolida-como-referente-educativo-con-un-aumento-del-13-en-su-presupuesto\/","name":"La UAQ se consolida como referente educativo con un aumento del 13% en su presupuesto | Nexo Informativo Santiago de Quer\u00e9taro","isPartOf":{"@id":"https:\/\/www.nexoinformativo.mx\/#website"},"primaryImageOfPage":{"@id":"https:\/\/www.nexoinformativo.mx\/index.php\/2024\/11\/28\/la-uaq-se-consolida-como-referente-educativo-con-un-aumento-del-13-en-su-presupuesto\/#primaryimage"},"image":{"@id":"https:\/\/www.nexoinformativo.mx\/index.php\/2024\/11\/28\/la-uaq-se-consolida-como-referente-educativo-con-un-aumento-del-13-en-su-presupuesto\/#primaryimage"},"thumbnailUrl":"https:\/\/www.nexoinformativo.mx\/wp-content\/uploads\/2024\/11\/PHOTO-2024-11-28-14-45-04-e1732849509411.jpg","datePublished":"2024-11-28T23:00:11+00:00","dateModified":"2024-11-29T03:05:17+00:00","description":"La UAQ se consolida como referente educativo con un aumento del 13% en su presupuesto","breadcrumb":{"@id":"https:\/\/www.nexoinformativo.mx\/index.php\/2024\/11\/28\/la-uaq-se-consolida-como-referente-educativo-con-un-aumento-del-13-en-su-presupuesto\/#breadcrumb"},"inLanguage":"es","potentialAction":[{"@type":"ReadAction","target":["https:\/\/www.nexoinformativo.mx\/index.php\/2024\/11\/28\/la-uaq-se-consolida-como-referente-educativo-con-un-aumento-del-13-en-su-presupuesto\/"]}]},{"@type":"ImageObject","inLanguage":"es","@id":"https:\/\/www.nexoinformativo.mx\/index.php\/2024\/11\/28\/la-uaq-se-consolida-como-referente-educativo-con-un-aumento-del-13-en-su-presupuesto\/#primaryimage","url":"https:\/\/www.nexoinformativo.mx\/wp-content\/uploads\/2024\/11\/PHOTO-2024-11-28-14-45-04-e1732849509411.jpg","contentUrl":"https:\/\/www.nexoinformativo.mx\/wp-content\/uploads\/2024\/11\/PHOTO-2024-11-28-14-45-04-e1732849509411.jpg","width":800,"height":533},{"@type":"BreadcrumbList","@id":"https:\/\/www.nexoinformativo.mx\/index.php\/2024\/11\/28\/la-uaq-se-consolida-como-referente-educativo-con-un-aumento-del-13-en-su-presupuesto\/#breadcrumb","itemListElement":[{"@type":"ListItem","position":1,"name":"Inicio","item":"https:\/\/www.nexoinformativo.mx\/"},{"@type":"ListItem","position":2,"name":"La UAQ se consolida como referente educativo con un aumento del 13% en su presupuesto"}]},{"@type":"WebSite","@id":"https:\/\/www.nexoinformativo.mx\/#website","url":"https:\/\/www.nexoinformativo.mx\/","name":"Nexo Informativo Santiago de Quer\u00e9taro","description":"Explora NexoInformativo y convi\u00e9rtete en parte de una comunidad que valora el conocimiento y la verdad. Tu nexoinformativo es tu puente hacia una comprensi\u00f3n m\u00e1s profunda del mundo que te rodea.","publisher":{"@id":"https:\/\/www.nexoinformativo.mx\/#organization"},"potentialAction":[{"@type":"SearchAction","target":{"@type":"EntryPoint","urlTemplate":"https:\/\/www.nexoinformativo.mx\/?s={search_term_string}"},"query-input":{"@type":"PropertyValueSpecification","valueRequired":true,"valueName":"search_term_string"}}],"inLanguage":"es"},{"@type":"Organization","@id":"https:\/\/www.nexoinformativo.mx\/#organization","name":"Nexo Informativo Santiago de Quer\u00e9taro","url":"https:\/\/www.nexoinformativo.mx\/","logo":{"@type":"ImageObject","inLanguage":"es","@id":"https:\/\/www.nexoinformativo.mx\/#\/schema\/logo\/image\/","url":"https:\/\/www.nexoinformativo.mx\/wp-content\/uploads\/2024\/07\/nexoi-trasparente-2.png","contentUrl":"https:\/\/www.nexoinformativo.mx\/wp-content\/uploads\/2024\/07\/nexoi-trasparente-2.png","width":816,"height":339,"caption":"Nexo Informativo Santiago de Quer\u00e9taro"},"image":{"@id":"https:\/\/www.nexoinformativo.mx\/#\/schema\/logo\/image\/"},"sameAs":["https:\/\/www.facebook.com\/people\/Nexo-Informativo\/61564066885511\/"]},{"@type":"Person","@id":"https:\/\/www.nexoinformativo.mx\/#\/schema\/person\/7749d380ba08c8ca00d7bc76fd907b7d","name":"Nexo Informativo","image":{"@type":"ImageObject","inLanguage":"es","@id":"https:\/\/www.nexoinformativo.mx\/#\/schema\/person\/image\/","url":"https:\/\/secure.gravatar.com\/avatar\/dde2928154642a13d95f87ddf1ea9718fe2b46760a005c53e41ff5ad610704e6?s=96&d=mm&r=g","contentUrl":"https:\/\/secure.gravatar.com\/avatar\/dde2928154642a13d95f87ddf1ea9718fe2b46760a005c53e41ff5ad610704e6?s=96&d=mm&r=g","caption":"Nexo Informativo"},"url":"https:\/\/www.nexoinformativo.mx\/index.php\/author\/edicion\/"}]}},"_links":{"self":[{"href":"https:\/\/www.nexoinformativo.mx\/index.php\/wp-json\/wp\/v2\/posts\/7197","targetHints":{"allow":["GET"]}}],"collection":[{"href":"https:\/\/www.nexoinformativo.mx\/index.php\/wp-json\/wp\/v2\/posts"}],"about":[{"href":"https:\/\/www.nexoinformativo.mx\/index.php\/wp-json\/wp\/v2\/types\/post"}],"author":[{"embeddable":true,"href":"https:\/\/www.nexoinformativo.mx\/index.php\/wp-json\/wp\/v2\/users\/3"}],"replies":[{"embeddable":true,"href":"https:\/\/www.nexoinformativo.mx\/index.php\/wp-json\/wp\/v2\/comments?post=7197"}],"version-history":[{"count":3,"href":"https:\/\/www.nexoinformativo.mx\/index.php\/wp-json\/wp\/v2\/posts\/7197\/revisions"}],"predecessor-version":[{"id":7202,"href":"https:\/\/www.nexoinformativo.mx\/index.php\/wp-json\/wp\/v2\/posts\/7197\/revisions\/7202"}],"wp:featuredmedia":[{"embeddable":true,"href":"https:\/\/www.nexoinformativo.mx\/index.php\/wp-json\/wp\/v2\/media\/7201"}],"wp:attachment":[{"href":"https:\/\/www.nexoinformativo.mx\/index.php\/wp-json\/wp\/v2\/media?parent=7197"}],"wp:term":[{"taxonomy":"category","embeddable":true,"href":"https:\/\/www.nexoinformativo.mx\/index.php\/wp-json\/wp\/v2\/categories?post=7197"},{"taxonomy":"post_tag","embeddable":true,"href":"https:\/\/www.nexoinformativo.mx\/index.php\/wp-json\/wp\/v2\/tags?post=7197"}],"curies":[{"name":"wp","href":"https:\/\/api.w.org\/{rel}","templated":true}]}}