{"id":7208,"date":"2024-11-28T19:00:29","date_gmt":"2024-11-29T01:00:29","guid":{"rendered":"https:\/\/www.nexoinformativo.mx\/?p=7208"},"modified":"2024-11-28T21:22:44","modified_gmt":"2024-11-29T03:22:44","slug":"kuri-encabeza-operativo-de-seguridad-para-una-figq-2024-segura-y-familiar","status":"publish","type":"post","link":"https:\/\/www.nexoinformativo.mx\/index.php\/2024\/11\/28\/kuri-encabeza-operativo-de-seguridad-para-una-figq-2024-segura-y-familiar\/","title":{"rendered":"Kuri encabeza operativo de seguridad para una FIGQ 2024 segura y familiar"},"content":{"rendered":"<p style=\"text-align: justify;\" data-sourcepos=\"9:1-9:298\">El gobernador de Quer\u00e9taro, Mauricio Kuri, encabez\u00f3 un pase de revista para supervisar los dispositivos de seguridad que garantizar\u00e1n un ambiente tranquilo y familiar en la <strong>Feria Internacional Ganadera de Quer\u00e9taro<\/strong> (FIGQ 2024), que se llevar\u00e1 a cabo del 29 de noviembre al 15 de diciembre.<\/p>\n<p>&nbsp;<\/p>\n<p style=\"text-align: justify;\" data-sourcepos=\"11:1-11:403\">En compa\u00f1\u00eda de autoridades estatales y municipales, Kuri destac\u00f3 la importancia de la coordinaci\u00f3n entre las diferentes corporaciones para brindar seguridad a los miles de visitantes que se esperan.<\/p>\n<p>&nbsp;<\/p>\n<p style=\"text-align: justify;\" data-sourcepos=\"11:1-11:403\">Elementos de la Secretar\u00eda de la Defensa Nacional, Guardia Nacional, Polic\u00eda Estatal, Protecci\u00f3n Civil y otras instituciones trabajar\u00e1n de manera conjunta para prevenir cualquier incidente.<\/p>\n<p>&nbsp;<\/p>\n<p style=\"text-align: justify;\" data-sourcepos=\"13:1-13:190\"><strong>&#8220;Queremos que todos los queretanos y visitantes disfruten de una feria segura y familiar&#8221;<\/strong>, afirm\u00f3 el gobernador. &#8220;Hemos trabajado arduamente para garantizar que as\u00ed sea&#8221;.<\/p>\n<p>&nbsp;<\/p>\n<p style=\"text-align: justify;\" data-sourcepos=\"15:1-15:280\">Durante el recorrido, las autoridades supervisaron los puntos de acceso, las \u00e1reas de mayor afluencia y los dispositivos de vigilancia. Adem\u00e1s, se dieron a conocer los horarios de apertura y los costos de entrada, as\u00ed como las medidas de seguridad sanitarias que se implementar\u00e1n.<\/p>\n<p>&nbsp;<\/p>\n<p style=\"text-align: justify;\" data-sourcepos=\"17:1-17:308\">La FIGQ 2024 tambi\u00e9n ofrecer\u00e1 una amplia variedad de espect\u00e1culos, juegos mec\u00e1nicos y opciones gastron\u00f3micas. Adem\u00e1s, se contar\u00e1 con la exposici\u00f3n de las Fuerzas Armadas, donde los asistentes podr\u00e1n conocer m\u00e1s sobre el trabajo de las instituciones castrenses.<\/p>\n<p>&nbsp;<\/p>\n<p style=\"text-align: center;\" data-sourcepos=\"17:1-17:308\"><em><strong>\u00a1Informaci\u00f3n que transforma!<\/strong><\/em><\/p>\n","protected":false},"excerpt":{"rendered":"<p>El gobernador de Quer\u00e9taro, Mauricio Kuri, encabez\u00f3 un pase de revista para supervisar los dispositivos de seguridad que garantizar\u00e1n un ambiente tranquilo y familiar en la Feria Internacional Ganadera de Quer\u00e9taro (FIGQ 2024), que se llevar\u00e1 a cabo del 29 de noviembre al 15 de diciembre.<\/p>\n","protected":false},"author":3,"featured_media":7209,"comment_status":"open","ping_status":"open","sticky":false,"template":"","format":"standard","meta":{"footnotes":""},"categories":[65,58],"tags":[771,293,661,266],"class_list":["post-7208","post","type-post","status-publish","format-standard","has-post-thumbnail","hentry","category-municipios","category-ultima-hora","tag-feriaganadera","tag-figq2024","tag-mauriciokuri","tag-seguridadqueretaro"],"yoast_head":"<!-- This site is optimized with the Yoast SEO plugin v25.0 - https:\/\/yoast.com\/wordpress\/plugins\/seo\/ -->\n<title>Kuri encabeza operativo de seguridad para una FIGQ 2024 segura y familiar | Nexo Informativo Santiago de Quer\u00e9taro<\/title>\n<meta name=\"robots\" content=\"index, follow, max-snippet:-1, max-image-preview:large, max-video-preview:-1\" \/>\n<link rel=\"canonical\" href=\"https:\/\/www.nexoinformativo.mx\/index.php\/2024\/11\/28\/kuri-encabeza-operativo-de-seguridad-para-una-figq-2024-segura-y-familiar\/\" \/>\n<meta property=\"og:locale\" content=\"es_MX\" \/>\n<meta property=\"og:type\" content=\"article\" \/>\n<meta property=\"og:title\" content=\"Kuri encabeza operativo de seguridad para una FIGQ 2024 segura y familiar | Nexo Informativo Santiago de Quer\u00e9taro\" \/>\n<meta property=\"og:description\" content=\"El gobernador de Quer\u00e9taro, Mauricio Kuri, encabez\u00f3 un pase de revista para supervisar los dispositivos de seguridad que garantizar\u00e1n un ambiente tranquilo y familiar en la Feria Internacional Ganadera de Quer\u00e9taro (FIGQ 2024), que se llevar\u00e1 a cabo del 29 de noviembre al 15 de diciembre.\" \/>\n<meta property=\"og:url\" content=\"https:\/\/www.nexoinformativo.mx\/index.php\/2024\/11\/28\/kuri-encabeza-operativo-de-seguridad-para-una-figq-2024-segura-y-familiar\/\" \/>\n<meta property=\"og:site_name\" content=\"Nexo Informativo Santiago de Quer\u00e9taro\" \/>\n<meta property=\"article:publisher\" content=\"https:\/\/www.facebook.com\/people\/Nexo-Informativo\/61564066885511\/\" \/>\n<meta property=\"article:published_time\" content=\"2024-11-29T01:00:29+00:00\" \/>\n<meta property=\"article:modified_time\" content=\"2024-11-29T03:22:44+00:00\" \/>\n<meta property=\"og:image\" content=\"https:\/\/www.nexoinformativo.mx\/wp-content\/uploads\/2024\/11\/PHOTO-2024-11-28-20-51-45-e1732850406922.jpg\" \/>\n\t<meta property=\"og:image:width\" content=\"800\" \/>\n\t<meta property=\"og:image:height\" content=\"533\" \/>\n\t<meta property=\"og:image:type\" content=\"image\/jpeg\" \/>\n<meta name=\"author\" content=\"Nexo Informativo\" \/>\n<meta name=\"twitter:card\" content=\"summary_large_image\" \/>\n<meta name=\"twitter:label1\" content=\"Escrito por\" \/>\n\t<meta name=\"twitter:data1\" content=\"Nexo Informativo\" \/>\n\t<meta name=\"twitter:label2\" content=\"Tiempo de lectura\" \/>\n\t<meta name=\"twitter:data2\" content=\"2 minutos\" \/>\n<script type=\"application\/ld+json\" class=\"yoast-schema-graph\">{\"@context\":\"https:\/\/schema.org\",\"@graph\":[{\"@type\":\"Article\",\"@id\":\"https:\/\/www.nexoinformativo.mx\/index.php\/2024\/11\/28\/kuri-encabeza-operativo-de-seguridad-para-una-figq-2024-segura-y-familiar\/#article\",\"isPartOf\":{\"@id\":\"https:\/\/www.nexoinformativo.mx\/index.php\/2024\/11\/28\/kuri-encabeza-operativo-de-seguridad-para-una-figq-2024-segura-y-familiar\/\"},\"author\":{\"name\":\"Nexo Informativo\",\"@id\":\"https:\/\/www.nexoinformativo.mx\/#\/schema\/person\/7749d380ba08c8ca00d7bc76fd907b7d\"},\"headline\":\"Kuri encabeza operativo de seguridad para una FIGQ 2024 segura y familiar\",\"datePublished\":\"2024-11-29T01:00:29+00:00\",\"dateModified\":\"2024-11-29T03:22:44+00:00\",\"mainEntityOfPage\":{\"@id\":\"https:\/\/www.nexoinformativo.mx\/index.php\/2024\/11\/28\/kuri-encabeza-operativo-de-seguridad-para-una-figq-2024-segura-y-familiar\/\"},\"wordCount\":243,\"commentCount\":0,\"publisher\":{\"@id\":\"https:\/\/www.nexoinformativo.mx\/#organization\"},\"image\":{\"@id\":\"https:\/\/www.nexoinformativo.mx\/index.php\/2024\/11\/28\/kuri-encabeza-operativo-de-seguridad-para-una-figq-2024-segura-y-familiar\/#primaryimage\"},\"thumbnailUrl\":\"https:\/\/www.nexoinformativo.mx\/wp-content\/uploads\/2024\/11\/PHOTO-2024-11-28-20-51-45-e1732850406922.jpg\",\"keywords\":[\"FeriaGanadera\",\"FIGQ2024\",\"MauricioKuri\",\"SeguridadQueretaro\"],\"articleSection\":[\"Municipios\",\"\u00daltima Hora\"],\"inLanguage\":\"es\",\"potentialAction\":[{\"@type\":\"CommentAction\",\"name\":\"Comment\",\"target\":[\"https:\/\/www.nexoinformativo.mx\/index.php\/2024\/11\/28\/kuri-encabeza-operativo-de-seguridad-para-una-figq-2024-segura-y-familiar\/#respond\"]}]},{\"@type\":\"WebPage\",\"@id\":\"https:\/\/www.nexoinformativo.mx\/index.php\/2024\/11\/28\/kuri-encabeza-operativo-de-seguridad-para-una-figq-2024-segura-y-familiar\/\",\"url\":\"https:\/\/www.nexoinformativo.mx\/index.php\/2024\/11\/28\/kuri-encabeza-operativo-de-seguridad-para-una-figq-2024-segura-y-familiar\/\",\"name\":\"Kuri encabeza operativo de seguridad para una FIGQ 2024 segura y familiar | Nexo Informativo Santiago de Quer\u00e9taro\",\"isPartOf\":{\"@id\":\"https:\/\/www.nexoinformativo.mx\/#website\"},\"primaryImageOfPage\":{\"@id\":\"https:\/\/www.nexoinformativo.mx\/index.php\/2024\/11\/28\/kuri-encabeza-operativo-de-seguridad-para-una-figq-2024-segura-y-familiar\/#primaryimage\"},\"image\":{\"@id\":\"https:\/\/www.nexoinformativo.mx\/index.php\/2024\/11\/28\/kuri-encabeza-operativo-de-seguridad-para-una-figq-2024-segura-y-familiar\/#primaryimage\"},\"thumbnailUrl\":\"https:\/\/www.nexoinformativo.mx\/wp-content\/uploads\/2024\/11\/PHOTO-2024-11-28-20-51-45-e1732850406922.jpg\",\"datePublished\":\"2024-11-29T01:00:29+00:00\",\"dateModified\":\"2024-11-29T03:22:44+00:00\",\"breadcrumb\":{\"@id\":\"https:\/\/www.nexoinformativo.mx\/index.php\/2024\/11\/28\/kuri-encabeza-operativo-de-seguridad-para-una-figq-2024-segura-y-familiar\/#breadcrumb\"},\"inLanguage\":\"es\",\"potentialAction\":[{\"@type\":\"ReadAction\",\"target\":[\"https:\/\/www.nexoinformativo.mx\/index.php\/2024\/11\/28\/kuri-encabeza-operativo-de-seguridad-para-una-figq-2024-segura-y-familiar\/\"]}]},{\"@type\":\"ImageObject\",\"inLanguage\":\"es\",\"@id\":\"https:\/\/www.nexoinformativo.mx\/index.php\/2024\/11\/28\/kuri-encabeza-operativo-de-seguridad-para-una-figq-2024-segura-y-familiar\/#primaryimage\",\"url\":\"https:\/\/www.nexoinformativo.mx\/wp-content\/uploads\/2024\/11\/PHOTO-2024-11-28-20-51-45-e1732850406922.jpg\",\"contentUrl\":\"https:\/\/www.nexoinformativo.mx\/wp-content\/uploads\/2024\/11\/PHOTO-2024-11-28-20-51-45-e1732850406922.jpg\",\"width\":800,\"height\":533},{\"@type\":\"BreadcrumbList\",\"@id\":\"https:\/\/www.nexoinformativo.mx\/index.php\/2024\/11\/28\/kuri-encabeza-operativo-de-seguridad-para-una-figq-2024-segura-y-familiar\/#breadcrumb\",\"itemListElement\":[{\"@type\":\"ListItem\",\"position\":1,\"name\":\"Inicio\",\"item\":\"https:\/\/www.nexoinformativo.mx\/\"},{\"@type\":\"ListItem\",\"position\":2,\"name\":\"Kuri encabeza operativo de seguridad para una FIGQ 2024 segura y familiar\"}]},{\"@type\":\"WebSite\",\"@id\":\"https:\/\/www.nexoinformativo.mx\/#website\",\"url\":\"https:\/\/www.nexoinformativo.mx\/\",\"name\":\"Nexo Informativo Santiago de Quer\u00e9taro\",\"description\":\"Explora NexoInformativo y convi\u00e9rtete en parte de una comunidad que valora el conocimiento y la verdad. Tu nexoinformativo es tu puente hacia una comprensi\u00f3n m\u00e1s profunda del mundo que te rodea.\",\"publisher\":{\"@id\":\"https:\/\/www.nexoinformativo.mx\/#organization\"},\"potentialAction\":[{\"@type\":\"SearchAction\",\"target\":{\"@type\":\"EntryPoint\",\"urlTemplate\":\"https:\/\/www.nexoinformativo.mx\/?s={search_term_string}\"},\"query-input\":{\"@type\":\"PropertyValueSpecification\",\"valueRequired\":true,\"valueName\":\"search_term_string\"}}],\"inLanguage\":\"es\"},{\"@type\":\"Organization\",\"@id\":\"https:\/\/www.nexoinformativo.mx\/#organization\",\"name\":\"Nexo Informativo Santiago de Quer\u00e9taro\",\"url\":\"https:\/\/www.nexoinformativo.mx\/\",\"logo\":{\"@type\":\"ImageObject\",\"inLanguage\":\"es\",\"@id\":\"https:\/\/www.nexoinformativo.mx\/#\/schema\/logo\/image\/\",\"url\":\"https:\/\/www.nexoinformativo.mx\/wp-content\/uploads\/2024\/07\/nexoi-trasparente-2.png\",\"contentUrl\":\"https:\/\/www.nexoinformativo.mx\/wp-content\/uploads\/2024\/07\/nexoi-trasparente-2.png\",\"width\":816,\"height\":339,\"caption\":\"Nexo Informativo Santiago de Quer\u00e9taro\"},\"image\":{\"@id\":\"https:\/\/www.nexoinformativo.mx\/#\/schema\/logo\/image\/\"},\"sameAs\":[\"https:\/\/www.facebook.com\/people\/Nexo-Informativo\/61564066885511\/\"]},{\"@type\":\"Person\",\"@id\":\"https:\/\/www.nexoinformativo.mx\/#\/schema\/person\/7749d380ba08c8ca00d7bc76fd907b7d\",\"name\":\"Nexo Informativo\",\"image\":{\"@type\":\"ImageObject\",\"inLanguage\":\"es\",\"@id\":\"https:\/\/www.nexoinformativo.mx\/#\/schema\/person\/image\/\",\"url\":\"https:\/\/secure.gravatar.com\/avatar\/dde2928154642a13d95f87ddf1ea9718fe2b46760a005c53e41ff5ad610704e6?s=96&d=mm&r=g\",\"contentUrl\":\"https:\/\/secure.gravatar.com\/avatar\/dde2928154642a13d95f87ddf1ea9718fe2b46760a005c53e41ff5ad610704e6?s=96&d=mm&r=g\",\"caption\":\"Nexo Informativo\"},\"url\":\"https:\/\/www.nexoinformativo.mx\/index.php\/author\/edicion\/\"}]}<\/script>\n<!-- \/ Yoast SEO plugin. -->","yoast_head_json":{"title":"Kuri encabeza operativo de seguridad para una FIGQ 2024 segura y familiar | Nexo Informativo Santiago de Quer\u00e9taro","robots":{"index":"index","follow":"follow","max-snippet":"max-snippet:-1","max-image-preview":"max-image-preview:large","max-video-preview":"max-video-preview:-1"},"canonical":"https:\/\/www.nexoinformativo.mx\/index.php\/2024\/11\/28\/kuri-encabeza-operativo-de-seguridad-para-una-figq-2024-segura-y-familiar\/","og_locale":"es_MX","og_type":"article","og_title":"Kuri encabeza operativo de seguridad para una FIGQ 2024 segura y familiar | Nexo Informativo Santiago de Quer\u00e9taro","og_description":"El gobernador de Quer\u00e9taro, Mauricio Kuri, encabez\u00f3 un pase de revista para supervisar los dispositivos de seguridad que garantizar\u00e1n un ambiente tranquilo y familiar en la Feria Internacional Ganadera de Quer\u00e9taro (FIGQ 2024), que se llevar\u00e1 a cabo del 29 de noviembre al 15 de diciembre.","og_url":"https:\/\/www.nexoinformativo.mx\/index.php\/2024\/11\/28\/kuri-encabeza-operativo-de-seguridad-para-una-figq-2024-segura-y-familiar\/","og_site_name":"Nexo Informativo Santiago de Quer\u00e9taro","article_publisher":"https:\/\/www.facebook.com\/people\/Nexo-Informativo\/61564066885511\/","article_published_time":"2024-11-29T01:00:29+00:00","article_modified_time":"2024-11-29T03:22:44+00:00","og_image":[{"width":800,"height":533,"url":"https:\/\/www.nexoinformativo.mx\/wp-content\/uploads\/2024\/11\/PHOTO-2024-11-28-20-51-45-e1732850406922.jpg","type":"image\/jpeg"}],"author":"Nexo Informativo","twitter_card":"summary_large_image","twitter_misc":{"Escrito por":"Nexo Informativo","Tiempo de lectura":"2 minutos"},"schema":{"@context":"https:\/\/schema.org","@graph":[{"@type":"Article","@id":"https:\/\/www.nexoinformativo.mx\/index.php\/2024\/11\/28\/kuri-encabeza-operativo-de-seguridad-para-una-figq-2024-segura-y-familiar\/#article","isPartOf":{"@id":"https:\/\/www.nexoinformativo.mx\/index.php\/2024\/11\/28\/kuri-encabeza-operativo-de-seguridad-para-una-figq-2024-segura-y-familiar\/"},"author":{"name":"Nexo Informativo","@id":"https:\/\/www.nexoinformativo.mx\/#\/schema\/person\/7749d380ba08c8ca00d7bc76fd907b7d"},"headline":"Kuri encabeza operativo de seguridad para una FIGQ 2024 segura y familiar","datePublished":"2024-11-29T01:00:29+00:00","dateModified":"2024-11-29T03:22:44+00:00","mainEntityOfPage":{"@id":"https:\/\/www.nexoinformativo.mx\/index.php\/2024\/11\/28\/kuri-encabeza-operativo-de-seguridad-para-una-figq-2024-segura-y-familiar\/"},"wordCount":243,"commentCount":0,"publisher":{"@id":"https:\/\/www.nexoinformativo.mx\/#organization"},"image":{"@id":"https:\/\/www.nexoinformativo.mx\/index.php\/2024\/11\/28\/kuri-encabeza-operativo-de-seguridad-para-una-figq-2024-segura-y-familiar\/#primaryimage"},"thumbnailUrl":"https:\/\/www.nexoinformativo.mx\/wp-content\/uploads\/2024\/11\/PHOTO-2024-11-28-20-51-45-e1732850406922.jpg","keywords":["FeriaGanadera","FIGQ2024","MauricioKuri","SeguridadQueretaro"],"articleSection":["Municipios","\u00daltima Hora"],"inLanguage":"es","potentialAction":[{"@type":"CommentAction","name":"Comment","target":["https:\/\/www.nexoinformativo.mx\/index.php\/2024\/11\/28\/kuri-encabeza-operativo-de-seguridad-para-una-figq-2024-segura-y-familiar\/#respond"]}]},{"@type":"WebPage","@id":"https:\/\/www.nexoinformativo.mx\/index.php\/2024\/11\/28\/kuri-encabeza-operativo-de-seguridad-para-una-figq-2024-segura-y-familiar\/","url":"https:\/\/www.nexoinformativo.mx\/index.php\/2024\/11\/28\/kuri-encabeza-operativo-de-seguridad-para-una-figq-2024-segura-y-familiar\/","name":"Kuri encabeza operativo de seguridad para una FIGQ 2024 segura y familiar | Nexo Informativo Santiago de Quer\u00e9taro","isPartOf":{"@id":"https:\/\/www.nexoinformativo.mx\/#website"},"primaryImageOfPage":{"@id":"https:\/\/www.nexoinformativo.mx\/index.php\/2024\/11\/28\/kuri-encabeza-operativo-de-seguridad-para-una-figq-2024-segura-y-familiar\/#primaryimage"},"image":{"@id":"https:\/\/www.nexoinformativo.mx\/index.php\/2024\/11\/28\/kuri-encabeza-operativo-de-seguridad-para-una-figq-2024-segura-y-familiar\/#primaryimage"},"thumbnailUrl":"https:\/\/www.nexoinformativo.mx\/wp-content\/uploads\/2024\/11\/PHOTO-2024-11-28-20-51-45-e1732850406922.jpg","datePublished":"2024-11-29T01:00:29+00:00","dateModified":"2024-11-29T03:22:44+00:00","breadcrumb":{"@id":"https:\/\/www.nexoinformativo.mx\/index.php\/2024\/11\/28\/kuri-encabeza-operativo-de-seguridad-para-una-figq-2024-segura-y-familiar\/#breadcrumb"},"inLanguage":"es","potentialAction":[{"@type":"ReadAction","target":["https:\/\/www.nexoinformativo.mx\/index.php\/2024\/11\/28\/kuri-encabeza-operativo-de-seguridad-para-una-figq-2024-segura-y-familiar\/"]}]},{"@type":"ImageObject","inLanguage":"es","@id":"https:\/\/www.nexoinformativo.mx\/index.php\/2024\/11\/28\/kuri-encabeza-operativo-de-seguridad-para-una-figq-2024-segura-y-familiar\/#primaryimage","url":"https:\/\/www.nexoinformativo.mx\/wp-content\/uploads\/2024\/11\/PHOTO-2024-11-28-20-51-45-e1732850406922.jpg","contentUrl":"https:\/\/www.nexoinformativo.mx\/wp-content\/uploads\/2024\/11\/PHOTO-2024-11-28-20-51-45-e1732850406922.jpg","width":800,"height":533},{"@type":"BreadcrumbList","@id":"https:\/\/www.nexoinformativo.mx\/index.php\/2024\/11\/28\/kuri-encabeza-operativo-de-seguridad-para-una-figq-2024-segura-y-familiar\/#breadcrumb","itemListElement":[{"@type":"ListItem","position":1,"name":"Inicio","item":"https:\/\/www.nexoinformativo.mx\/"},{"@type":"ListItem","position":2,"name":"Kuri encabeza operativo de seguridad para una FIGQ 2024 segura y familiar"}]},{"@type":"WebSite","@id":"https:\/\/www.nexoinformativo.mx\/#website","url":"https:\/\/www.nexoinformativo.mx\/","name":"Nexo Informativo Santiago de Quer\u00e9taro","description":"Explora NexoInformativo y convi\u00e9rtete en parte de una comunidad que valora el conocimiento y la verdad. Tu nexoinformativo es tu puente hacia una comprensi\u00f3n m\u00e1s profunda del mundo que te rodea.","publisher":{"@id":"https:\/\/www.nexoinformativo.mx\/#organization"},"potentialAction":[{"@type":"SearchAction","target":{"@type":"EntryPoint","urlTemplate":"https:\/\/www.nexoinformativo.mx\/?s={search_term_string}"},"query-input":{"@type":"PropertyValueSpecification","valueRequired":true,"valueName":"search_term_string"}}],"inLanguage":"es"},{"@type":"Organization","@id":"https:\/\/www.nexoinformativo.mx\/#organization","name":"Nexo Informativo Santiago de Quer\u00e9taro","url":"https:\/\/www.nexoinformativo.mx\/","logo":{"@type":"ImageObject","inLanguage":"es","@id":"https:\/\/www.nexoinformativo.mx\/#\/schema\/logo\/image\/","url":"https:\/\/www.nexoinformativo.mx\/wp-content\/uploads\/2024\/07\/nexoi-trasparente-2.png","contentUrl":"https:\/\/www.nexoinformativo.mx\/wp-content\/uploads\/2024\/07\/nexoi-trasparente-2.png","width":816,"height":339,"caption":"Nexo Informativo Santiago de Quer\u00e9taro"},"image":{"@id":"https:\/\/www.nexoinformativo.mx\/#\/schema\/logo\/image\/"},"sameAs":["https:\/\/www.facebook.com\/people\/Nexo-Informativo\/61564066885511\/"]},{"@type":"Person","@id":"https:\/\/www.nexoinformativo.mx\/#\/schema\/person\/7749d380ba08c8ca00d7bc76fd907b7d","name":"Nexo Informativo","image":{"@type":"ImageObject","inLanguage":"es","@id":"https:\/\/www.nexoinformativo.mx\/#\/schema\/person\/image\/","url":"https:\/\/secure.gravatar.com\/avatar\/dde2928154642a13d95f87ddf1ea9718fe2b46760a005c53e41ff5ad610704e6?s=96&d=mm&r=g","contentUrl":"https:\/\/secure.gravatar.com\/avatar\/dde2928154642a13d95f87ddf1ea9718fe2b46760a005c53e41ff5ad610704e6?s=96&d=mm&r=g","caption":"Nexo Informativo"},"url":"https:\/\/www.nexoinformativo.mx\/index.php\/author\/edicion\/"}]}},"_links":{"self":[{"href":"https:\/\/www.nexoinformativo.mx\/index.php\/wp-json\/wp\/v2\/posts\/7208","targetHints":{"allow":["GET"]}}],"collection":[{"href":"https:\/\/www.nexoinformativo.mx\/index.php\/wp-json\/wp\/v2\/posts"}],"about":[{"href":"https:\/\/www.nexoinformativo.mx\/index.php\/wp-json\/wp\/v2\/types\/post"}],"author":[{"embeddable":true,"href":"https:\/\/www.nexoinformativo.mx\/index.php\/wp-json\/wp\/v2\/users\/3"}],"replies":[{"embeddable":true,"href":"https:\/\/www.nexoinformativo.mx\/index.php\/wp-json\/wp\/v2\/comments?post=7208"}],"version-history":[{"count":6,"href":"https:\/\/www.nexoinformativo.mx\/index.php\/wp-json\/wp\/v2\/posts\/7208\/revisions"}],"predecessor-version":[{"id":7216,"href":"https:\/\/www.nexoinformativo.mx\/index.php\/wp-json\/wp\/v2\/posts\/7208\/revisions\/7216"}],"wp:featuredmedia":[{"embeddable":true,"href":"https:\/\/www.nexoinformativo.mx\/index.php\/wp-json\/wp\/v2\/media\/7209"}],"wp:attachment":[{"href":"https:\/\/www.nexoinformativo.mx\/index.php\/wp-json\/wp\/v2\/media?parent=7208"}],"wp:term":[{"taxonomy":"category","embeddable":true,"href":"https:\/\/www.nexoinformativo.mx\/index.php\/wp-json\/wp\/v2\/categories?post=7208"},{"taxonomy":"post_tag","embeddable":true,"href":"https:\/\/www.nexoinformativo.mx\/index.php\/wp-json\/wp\/v2\/tags?post=7208"}],"curies":[{"name":"wp","href":"https:\/\/api.w.org\/{rel}","templated":true}]}}