{"id":7222,"date":"2024-11-29T12:00:56","date_gmt":"2024-11-29T18:00:56","guid":{"rendered":"https:\/\/www.nexoinformativo.mx\/?p=7222"},"modified":"2024-11-29T13:50:19","modified_gmt":"2024-11-29T19:50:19","slug":"felifer-macias-reconoce-la-labor-de-maestros-queretanos-y-refrenda-su-compromiso-con-la-educacion","status":"publish","type":"post","link":"https:\/\/www.nexoinformativo.mx\/index.php\/2024\/11\/29\/felifer-macias-reconoce-la-labor-de-maestros-queretanos-y-refrenda-su-compromiso-con-la-educacion\/","title":{"rendered":"Felifer Mac\u00edas reconoce la labor de maestros queretanos y refrenda su compromiso con la educaci\u00f3n"},"content":{"rendered":"<p style=\"text-align: justify;\" data-sourcepos=\"7:1-7:241\">El presidente municipal de Quer\u00e9taro, Felifer Mac\u00edas, exalt\u00f3 el papel fundamental de los maestros en la formaci\u00f3n de las nuevas generaciones, reconociendo su compromiso con la educaci\u00f3n y la construcci\u00f3n de una sociedad m\u00e1s justa y pac\u00edfica.<\/p>\n<p>&nbsp;<\/p>\n<p style=\"text-align: justify;\" data-sourcepos=\"9:1-9:277\">Durante la entrega de becas organizada por el Fondo Magisterial de Quer\u00e9taro (FOMAQRO), Mac\u00edas destac\u00f3 que los docentes son pilares fundamentales en la educaci\u00f3n de ni\u00f1as, ni\u00f1os y j\u00f3venes, inculc\u00e1ndoles valores y conocimientos que les permitir\u00e1n enfrentar los retos del futuro.<\/p>\n<p>&nbsp;<\/p>\n<p style=\"text-align: justify;\" data-sourcepos=\"11:1-11:264\">\u201cQuer\u00e9taro es un referente en educaci\u00f3n gracias a la dedicaci\u00f3n de nuestros maestros\u201d, afirm\u00f3 el alcalde, quien resalt\u00f3 la importancia de trabajar en conjunto para mejorar las condiciones educativas y garantizar un futuro prometedor para las pr\u00f3ximas generaciones.<\/p>\n<p>&nbsp;<\/p>\n<p style=\"text-align: justify;\" data-sourcepos=\"13:1-13:246\">El evento sirvi\u00f3 como una muestra del compromiso del municipio con el sector educativo, al brindar apoyo econ\u00f3mico a estudiantes y docentes, lo que permitir\u00e1 fortalecer el sistema educativo y mejorar la calidad de vida de las familias queretanas.<\/p>\n<p>&nbsp;<\/p>\n<p style=\"text-align: center;\" data-sourcepos=\"13:1-13:246\"><em><strong>\u00a1Informaci\u00f3n que transforma!<\/strong><\/em><\/p>\n","protected":false},"excerpt":{"rendered":"<p>El presidente municipal de Quer\u00e9taro, Felifer Mac\u00edas, exalt\u00f3 el papel fundamental de los maestros en la formaci\u00f3n de las nuevas generaciones, reconociendo su compromiso con la educaci\u00f3n y la construcci\u00f3n de una sociedad m\u00e1s justa y pac\u00edfica.<\/p>\n","protected":false},"author":3,"featured_media":7223,"comment_status":"open","ping_status":"open","sticky":false,"template":"","format":"standard","meta":{"footnotes":""},"categories":[65,58],"tags":[2430,495,1000,2429],"class_list":["post-7222","post","type-post","status-publish","format-standard","has-post-thumbnail","hentry","category-municipios","category-ultima-hora","tag-educaciondecalidad","tag-educacionqueretaro","tag-felifermacias","tag-maestrosqueretanos"],"yoast_head":"<!-- This site is optimized with the Yoast SEO plugin v25.0 - https:\/\/yoast.com\/wordpress\/plugins\/seo\/ -->\n<title>Felifer Mac\u00edas reconoce la labor de maestros queretanos y refrenda su compromiso con la educaci\u00f3n | Nexo Informativo Santiago de Quer\u00e9taro<\/title>\n<meta name=\"description\" content=\"Felifer Mac\u00edas reconoce la labor de maestros queretanos y refrenda su compromiso con la educaci\u00f3n\" \/>\n<meta name=\"robots\" content=\"index, follow, max-snippet:-1, max-image-preview:large, max-video-preview:-1\" \/>\n<link rel=\"canonical\" href=\"https:\/\/www.nexoinformativo.mx\/index.php\/2024\/11\/29\/felifer-macias-reconoce-la-labor-de-maestros-queretanos-y-refrenda-su-compromiso-con-la-educacion\/\" \/>\n<meta property=\"og:locale\" content=\"es_MX\" \/>\n<meta property=\"og:type\" content=\"article\" \/>\n<meta property=\"og:title\" content=\"Felifer Mac\u00edas reconoce la labor de maestros queretanos y refrenda su compromiso con la educaci\u00f3n | Nexo Informativo Santiago de Quer\u00e9taro\" \/>\n<meta property=\"og:description\" content=\"Felifer Mac\u00edas reconoce la labor de maestros queretanos y refrenda su compromiso con la educaci\u00f3n\" \/>\n<meta property=\"og:url\" content=\"https:\/\/www.nexoinformativo.mx\/index.php\/2024\/11\/29\/felifer-macias-reconoce-la-labor-de-maestros-queretanos-y-refrenda-su-compromiso-con-la-educacion\/\" \/>\n<meta property=\"og:site_name\" content=\"Nexo Informativo Santiago de Quer\u00e9taro\" \/>\n<meta property=\"article:publisher\" content=\"https:\/\/www.facebook.com\/people\/Nexo-Informativo\/61564066885511\/\" \/>\n<meta property=\"article:published_time\" content=\"2024-11-29T18:00:56+00:00\" \/>\n<meta property=\"article:modified_time\" content=\"2024-11-29T19:50:19+00:00\" \/>\n<meta property=\"og:image\" content=\"https:\/\/www.nexoinformativo.mx\/wp-content\/uploads\/2024\/11\/PHOTO-2024-11-28-14-46-02-e1732909737737.jpg\" \/>\n\t<meta property=\"og:image:width\" content=\"800\" \/>\n\t<meta property=\"og:image:height\" content=\"533\" \/>\n\t<meta property=\"og:image:type\" content=\"image\/jpeg\" \/>\n<meta name=\"author\" content=\"Nexo Informativo\" \/>\n<meta name=\"twitter:card\" content=\"summary_large_image\" \/>\n<meta name=\"twitter:label1\" content=\"Escrito por\" \/>\n\t<meta name=\"twitter:data1\" content=\"Nexo Informativo\" \/>\n\t<meta name=\"twitter:label2\" content=\"Tiempo de lectura\" \/>\n\t<meta name=\"twitter:data2\" content=\"1 minuto\" \/>\n<script type=\"application\/ld+json\" class=\"yoast-schema-graph\">{\"@context\":\"https:\/\/schema.org\",\"@graph\":[{\"@type\":\"Article\",\"@id\":\"https:\/\/www.nexoinformativo.mx\/index.php\/2024\/11\/29\/felifer-macias-reconoce-la-labor-de-maestros-queretanos-y-refrenda-su-compromiso-con-la-educacion\/#article\",\"isPartOf\":{\"@id\":\"https:\/\/www.nexoinformativo.mx\/index.php\/2024\/11\/29\/felifer-macias-reconoce-la-labor-de-maestros-queretanos-y-refrenda-su-compromiso-con-la-educacion\/\"},\"author\":{\"name\":\"Nexo Informativo\",\"@id\":\"https:\/\/www.nexoinformativo.mx\/#\/schema\/person\/7749d380ba08c8ca00d7bc76fd907b7d\"},\"headline\":\"Felifer Mac\u00edas reconoce la labor de maestros queretanos y refrenda su compromiso con la educaci\u00f3n\",\"datePublished\":\"2024-11-29T18:00:56+00:00\",\"dateModified\":\"2024-11-29T19:50:19+00:00\",\"mainEntityOfPage\":{\"@id\":\"https:\/\/www.nexoinformativo.mx\/index.php\/2024\/11\/29\/felifer-macias-reconoce-la-labor-de-maestros-queretanos-y-refrenda-su-compromiso-con-la-educacion\/\"},\"wordCount\":200,\"commentCount\":0,\"publisher\":{\"@id\":\"https:\/\/www.nexoinformativo.mx\/#organization\"},\"image\":{\"@id\":\"https:\/\/www.nexoinformativo.mx\/index.php\/2024\/11\/29\/felifer-macias-reconoce-la-labor-de-maestros-queretanos-y-refrenda-su-compromiso-con-la-educacion\/#primaryimage\"},\"thumbnailUrl\":\"https:\/\/www.nexoinformativo.mx\/wp-content\/uploads\/2024\/11\/PHOTO-2024-11-28-14-46-02-e1732909737737.jpg\",\"keywords\":[\"Educaci\u00f3nDeCalidad\",\"Educaci\u00f3nQuer\u00e9taro\",\"FeliferMac\u00edas\",\"MaestrosQueretanos\"],\"articleSection\":[\"Municipios\",\"\u00daltima Hora\"],\"inLanguage\":\"es\",\"potentialAction\":[{\"@type\":\"CommentAction\",\"name\":\"Comment\",\"target\":[\"https:\/\/www.nexoinformativo.mx\/index.php\/2024\/11\/29\/felifer-macias-reconoce-la-labor-de-maestros-queretanos-y-refrenda-su-compromiso-con-la-educacion\/#respond\"]}]},{\"@type\":\"WebPage\",\"@id\":\"https:\/\/www.nexoinformativo.mx\/index.php\/2024\/11\/29\/felifer-macias-reconoce-la-labor-de-maestros-queretanos-y-refrenda-su-compromiso-con-la-educacion\/\",\"url\":\"https:\/\/www.nexoinformativo.mx\/index.php\/2024\/11\/29\/felifer-macias-reconoce-la-labor-de-maestros-queretanos-y-refrenda-su-compromiso-con-la-educacion\/\",\"name\":\"Felifer Mac\u00edas reconoce la labor de maestros queretanos y refrenda su compromiso con la educaci\u00f3n | Nexo Informativo Santiago de Quer\u00e9taro\",\"isPartOf\":{\"@id\":\"https:\/\/www.nexoinformativo.mx\/#website\"},\"primaryImageOfPage\":{\"@id\":\"https:\/\/www.nexoinformativo.mx\/index.php\/2024\/11\/29\/felifer-macias-reconoce-la-labor-de-maestros-queretanos-y-refrenda-su-compromiso-con-la-educacion\/#primaryimage\"},\"image\":{\"@id\":\"https:\/\/www.nexoinformativo.mx\/index.php\/2024\/11\/29\/felifer-macias-reconoce-la-labor-de-maestros-queretanos-y-refrenda-su-compromiso-con-la-educacion\/#primaryimage\"},\"thumbnailUrl\":\"https:\/\/www.nexoinformativo.mx\/wp-content\/uploads\/2024\/11\/PHOTO-2024-11-28-14-46-02-e1732909737737.jpg\",\"datePublished\":\"2024-11-29T18:00:56+00:00\",\"dateModified\":\"2024-11-29T19:50:19+00:00\",\"description\":\"Felifer Mac\u00edas reconoce la labor de maestros queretanos y refrenda su compromiso con la educaci\u00f3n\",\"breadcrumb\":{\"@id\":\"https:\/\/www.nexoinformativo.mx\/index.php\/2024\/11\/29\/felifer-macias-reconoce-la-labor-de-maestros-queretanos-y-refrenda-su-compromiso-con-la-educacion\/#breadcrumb\"},\"inLanguage\":\"es\",\"potentialAction\":[{\"@type\":\"ReadAction\",\"target\":[\"https:\/\/www.nexoinformativo.mx\/index.php\/2024\/11\/29\/felifer-macias-reconoce-la-labor-de-maestros-queretanos-y-refrenda-su-compromiso-con-la-educacion\/\"]}]},{\"@type\":\"ImageObject\",\"inLanguage\":\"es\",\"@id\":\"https:\/\/www.nexoinformativo.mx\/index.php\/2024\/11\/29\/felifer-macias-reconoce-la-labor-de-maestros-queretanos-y-refrenda-su-compromiso-con-la-educacion\/#primaryimage\",\"url\":\"https:\/\/www.nexoinformativo.mx\/wp-content\/uploads\/2024\/11\/PHOTO-2024-11-28-14-46-02-e1732909737737.jpg\",\"contentUrl\":\"https:\/\/www.nexoinformativo.mx\/wp-content\/uploads\/2024\/11\/PHOTO-2024-11-28-14-46-02-e1732909737737.jpg\",\"width\":800,\"height\":533},{\"@type\":\"BreadcrumbList\",\"@id\":\"https:\/\/www.nexoinformativo.mx\/index.php\/2024\/11\/29\/felifer-macias-reconoce-la-labor-de-maestros-queretanos-y-refrenda-su-compromiso-con-la-educacion\/#breadcrumb\",\"itemListElement\":[{\"@type\":\"ListItem\",\"position\":1,\"name\":\"Inicio\",\"item\":\"https:\/\/www.nexoinformativo.mx\/\"},{\"@type\":\"ListItem\",\"position\":2,\"name\":\"Felifer Mac\u00edas reconoce la labor de maestros queretanos y refrenda su compromiso con la educaci\u00f3n\"}]},{\"@type\":\"WebSite\",\"@id\":\"https:\/\/www.nexoinformativo.mx\/#website\",\"url\":\"https:\/\/www.nexoinformativo.mx\/\",\"name\":\"Nexo Informativo Santiago de Quer\u00e9taro\",\"description\":\"Explora NexoInformativo y convi\u00e9rtete en parte de una comunidad que valora el conocimiento y la verdad. Tu nexoinformativo es tu puente hacia una comprensi\u00f3n m\u00e1s profunda del mundo que te rodea.\",\"publisher\":{\"@id\":\"https:\/\/www.nexoinformativo.mx\/#organization\"},\"potentialAction\":[{\"@type\":\"SearchAction\",\"target\":{\"@type\":\"EntryPoint\",\"urlTemplate\":\"https:\/\/www.nexoinformativo.mx\/?s={search_term_string}\"},\"query-input\":{\"@type\":\"PropertyValueSpecification\",\"valueRequired\":true,\"valueName\":\"search_term_string\"}}],\"inLanguage\":\"es\"},{\"@type\":\"Organization\",\"@id\":\"https:\/\/www.nexoinformativo.mx\/#organization\",\"name\":\"Nexo Informativo Santiago de Quer\u00e9taro\",\"url\":\"https:\/\/www.nexoinformativo.mx\/\",\"logo\":{\"@type\":\"ImageObject\",\"inLanguage\":\"es\",\"@id\":\"https:\/\/www.nexoinformativo.mx\/#\/schema\/logo\/image\/\",\"url\":\"https:\/\/www.nexoinformativo.mx\/wp-content\/uploads\/2024\/07\/nexoi-trasparente-2.png\",\"contentUrl\":\"https:\/\/www.nexoinformativo.mx\/wp-content\/uploads\/2024\/07\/nexoi-trasparente-2.png\",\"width\":816,\"height\":339,\"caption\":\"Nexo Informativo Santiago de Quer\u00e9taro\"},\"image\":{\"@id\":\"https:\/\/www.nexoinformativo.mx\/#\/schema\/logo\/image\/\"},\"sameAs\":[\"https:\/\/www.facebook.com\/people\/Nexo-Informativo\/61564066885511\/\"]},{\"@type\":\"Person\",\"@id\":\"https:\/\/www.nexoinformativo.mx\/#\/schema\/person\/7749d380ba08c8ca00d7bc76fd907b7d\",\"name\":\"Nexo Informativo\",\"image\":{\"@type\":\"ImageObject\",\"inLanguage\":\"es\",\"@id\":\"https:\/\/www.nexoinformativo.mx\/#\/schema\/person\/image\/\",\"url\":\"https:\/\/secure.gravatar.com\/avatar\/dde2928154642a13d95f87ddf1ea9718fe2b46760a005c53e41ff5ad610704e6?s=96&d=mm&r=g\",\"contentUrl\":\"https:\/\/secure.gravatar.com\/avatar\/dde2928154642a13d95f87ddf1ea9718fe2b46760a005c53e41ff5ad610704e6?s=96&d=mm&r=g\",\"caption\":\"Nexo Informativo\"},\"url\":\"https:\/\/www.nexoinformativo.mx\/index.php\/author\/edicion\/\"}]}<\/script>\n<!-- \/ Yoast SEO plugin. -->","yoast_head_json":{"title":"Felifer Mac\u00edas reconoce la labor de maestros queretanos y refrenda su compromiso con la educaci\u00f3n | Nexo Informativo Santiago de Quer\u00e9taro","description":"Felifer Mac\u00edas reconoce la labor de maestros queretanos y refrenda su compromiso con la educaci\u00f3n","robots":{"index":"index","follow":"follow","max-snippet":"max-snippet:-1","max-image-preview":"max-image-preview:large","max-video-preview":"max-video-preview:-1"},"canonical":"https:\/\/www.nexoinformativo.mx\/index.php\/2024\/11\/29\/felifer-macias-reconoce-la-labor-de-maestros-queretanos-y-refrenda-su-compromiso-con-la-educacion\/","og_locale":"es_MX","og_type":"article","og_title":"Felifer Mac\u00edas reconoce la labor de maestros queretanos y refrenda su compromiso con la educaci\u00f3n | Nexo Informativo Santiago de Quer\u00e9taro","og_description":"Felifer Mac\u00edas reconoce la labor de maestros queretanos y refrenda su compromiso con la educaci\u00f3n","og_url":"https:\/\/www.nexoinformativo.mx\/index.php\/2024\/11\/29\/felifer-macias-reconoce-la-labor-de-maestros-queretanos-y-refrenda-su-compromiso-con-la-educacion\/","og_site_name":"Nexo Informativo Santiago de Quer\u00e9taro","article_publisher":"https:\/\/www.facebook.com\/people\/Nexo-Informativo\/61564066885511\/","article_published_time":"2024-11-29T18:00:56+00:00","article_modified_time":"2024-11-29T19:50:19+00:00","og_image":[{"width":800,"height":533,"url":"https:\/\/www.nexoinformativo.mx\/wp-content\/uploads\/2024\/11\/PHOTO-2024-11-28-14-46-02-e1732909737737.jpg","type":"image\/jpeg"}],"author":"Nexo Informativo","twitter_card":"summary_large_image","twitter_misc":{"Escrito por":"Nexo Informativo","Tiempo de lectura":"1 minuto"},"schema":{"@context":"https:\/\/schema.org","@graph":[{"@type":"Article","@id":"https:\/\/www.nexoinformativo.mx\/index.php\/2024\/11\/29\/felifer-macias-reconoce-la-labor-de-maestros-queretanos-y-refrenda-su-compromiso-con-la-educacion\/#article","isPartOf":{"@id":"https:\/\/www.nexoinformativo.mx\/index.php\/2024\/11\/29\/felifer-macias-reconoce-la-labor-de-maestros-queretanos-y-refrenda-su-compromiso-con-la-educacion\/"},"author":{"name":"Nexo Informativo","@id":"https:\/\/www.nexoinformativo.mx\/#\/schema\/person\/7749d380ba08c8ca00d7bc76fd907b7d"},"headline":"Felifer Mac\u00edas reconoce la labor de maestros queretanos y refrenda su compromiso con la educaci\u00f3n","datePublished":"2024-11-29T18:00:56+00:00","dateModified":"2024-11-29T19:50:19+00:00","mainEntityOfPage":{"@id":"https:\/\/www.nexoinformativo.mx\/index.php\/2024\/11\/29\/felifer-macias-reconoce-la-labor-de-maestros-queretanos-y-refrenda-su-compromiso-con-la-educacion\/"},"wordCount":200,"commentCount":0,"publisher":{"@id":"https:\/\/www.nexoinformativo.mx\/#organization"},"image":{"@id":"https:\/\/www.nexoinformativo.mx\/index.php\/2024\/11\/29\/felifer-macias-reconoce-la-labor-de-maestros-queretanos-y-refrenda-su-compromiso-con-la-educacion\/#primaryimage"},"thumbnailUrl":"https:\/\/www.nexoinformativo.mx\/wp-content\/uploads\/2024\/11\/PHOTO-2024-11-28-14-46-02-e1732909737737.jpg","keywords":["Educaci\u00f3nDeCalidad","Educaci\u00f3nQuer\u00e9taro","FeliferMac\u00edas","MaestrosQueretanos"],"articleSection":["Municipios","\u00daltima Hora"],"inLanguage":"es","potentialAction":[{"@type":"CommentAction","name":"Comment","target":["https:\/\/www.nexoinformativo.mx\/index.php\/2024\/11\/29\/felifer-macias-reconoce-la-labor-de-maestros-queretanos-y-refrenda-su-compromiso-con-la-educacion\/#respond"]}]},{"@type":"WebPage","@id":"https:\/\/www.nexoinformativo.mx\/index.php\/2024\/11\/29\/felifer-macias-reconoce-la-labor-de-maestros-queretanos-y-refrenda-su-compromiso-con-la-educacion\/","url":"https:\/\/www.nexoinformativo.mx\/index.php\/2024\/11\/29\/felifer-macias-reconoce-la-labor-de-maestros-queretanos-y-refrenda-su-compromiso-con-la-educacion\/","name":"Felifer Mac\u00edas reconoce la labor de maestros queretanos y refrenda su compromiso con la educaci\u00f3n | Nexo Informativo Santiago de Quer\u00e9taro","isPartOf":{"@id":"https:\/\/www.nexoinformativo.mx\/#website"},"primaryImageOfPage":{"@id":"https:\/\/www.nexoinformativo.mx\/index.php\/2024\/11\/29\/felifer-macias-reconoce-la-labor-de-maestros-queretanos-y-refrenda-su-compromiso-con-la-educacion\/#primaryimage"},"image":{"@id":"https:\/\/www.nexoinformativo.mx\/index.php\/2024\/11\/29\/felifer-macias-reconoce-la-labor-de-maestros-queretanos-y-refrenda-su-compromiso-con-la-educacion\/#primaryimage"},"thumbnailUrl":"https:\/\/www.nexoinformativo.mx\/wp-content\/uploads\/2024\/11\/PHOTO-2024-11-28-14-46-02-e1732909737737.jpg","datePublished":"2024-11-29T18:00:56+00:00","dateModified":"2024-11-29T19:50:19+00:00","description":"Felifer Mac\u00edas reconoce la labor de maestros queretanos y refrenda su compromiso con la educaci\u00f3n","breadcrumb":{"@id":"https:\/\/www.nexoinformativo.mx\/index.php\/2024\/11\/29\/felifer-macias-reconoce-la-labor-de-maestros-queretanos-y-refrenda-su-compromiso-con-la-educacion\/#breadcrumb"},"inLanguage":"es","potentialAction":[{"@type":"ReadAction","target":["https:\/\/www.nexoinformativo.mx\/index.php\/2024\/11\/29\/felifer-macias-reconoce-la-labor-de-maestros-queretanos-y-refrenda-su-compromiso-con-la-educacion\/"]}]},{"@type":"ImageObject","inLanguage":"es","@id":"https:\/\/www.nexoinformativo.mx\/index.php\/2024\/11\/29\/felifer-macias-reconoce-la-labor-de-maestros-queretanos-y-refrenda-su-compromiso-con-la-educacion\/#primaryimage","url":"https:\/\/www.nexoinformativo.mx\/wp-content\/uploads\/2024\/11\/PHOTO-2024-11-28-14-46-02-e1732909737737.jpg","contentUrl":"https:\/\/www.nexoinformativo.mx\/wp-content\/uploads\/2024\/11\/PHOTO-2024-11-28-14-46-02-e1732909737737.jpg","width":800,"height":533},{"@type":"BreadcrumbList","@id":"https:\/\/www.nexoinformativo.mx\/index.php\/2024\/11\/29\/felifer-macias-reconoce-la-labor-de-maestros-queretanos-y-refrenda-su-compromiso-con-la-educacion\/#breadcrumb","itemListElement":[{"@type":"ListItem","position":1,"name":"Inicio","item":"https:\/\/www.nexoinformativo.mx\/"},{"@type":"ListItem","position":2,"name":"Felifer Mac\u00edas reconoce la labor de maestros queretanos y refrenda su compromiso con la educaci\u00f3n"}]},{"@type":"WebSite","@id":"https:\/\/www.nexoinformativo.mx\/#website","url":"https:\/\/www.nexoinformativo.mx\/","name":"Nexo Informativo Santiago de Quer\u00e9taro","description":"Explora NexoInformativo y convi\u00e9rtete en parte de una comunidad que valora el conocimiento y la verdad. Tu nexoinformativo es tu puente hacia una comprensi\u00f3n m\u00e1s profunda del mundo que te rodea.","publisher":{"@id":"https:\/\/www.nexoinformativo.mx\/#organization"},"potentialAction":[{"@type":"SearchAction","target":{"@type":"EntryPoint","urlTemplate":"https:\/\/www.nexoinformativo.mx\/?s={search_term_string}"},"query-input":{"@type":"PropertyValueSpecification","valueRequired":true,"valueName":"search_term_string"}}],"inLanguage":"es"},{"@type":"Organization","@id":"https:\/\/www.nexoinformativo.mx\/#organization","name":"Nexo Informativo Santiago de Quer\u00e9taro","url":"https:\/\/www.nexoinformativo.mx\/","logo":{"@type":"ImageObject","inLanguage":"es","@id":"https:\/\/www.nexoinformativo.mx\/#\/schema\/logo\/image\/","url":"https:\/\/www.nexoinformativo.mx\/wp-content\/uploads\/2024\/07\/nexoi-trasparente-2.png","contentUrl":"https:\/\/www.nexoinformativo.mx\/wp-content\/uploads\/2024\/07\/nexoi-trasparente-2.png","width":816,"height":339,"caption":"Nexo Informativo Santiago de Quer\u00e9taro"},"image":{"@id":"https:\/\/www.nexoinformativo.mx\/#\/schema\/logo\/image\/"},"sameAs":["https:\/\/www.facebook.com\/people\/Nexo-Informativo\/61564066885511\/"]},{"@type":"Person","@id":"https:\/\/www.nexoinformativo.mx\/#\/schema\/person\/7749d380ba08c8ca00d7bc76fd907b7d","name":"Nexo Informativo","image":{"@type":"ImageObject","inLanguage":"es","@id":"https:\/\/www.nexoinformativo.mx\/#\/schema\/person\/image\/","url":"https:\/\/secure.gravatar.com\/avatar\/dde2928154642a13d95f87ddf1ea9718fe2b46760a005c53e41ff5ad610704e6?s=96&d=mm&r=g","contentUrl":"https:\/\/secure.gravatar.com\/avatar\/dde2928154642a13d95f87ddf1ea9718fe2b46760a005c53e41ff5ad610704e6?s=96&d=mm&r=g","caption":"Nexo Informativo"},"url":"https:\/\/www.nexoinformativo.mx\/index.php\/author\/edicion\/"}]}},"_links":{"self":[{"href":"https:\/\/www.nexoinformativo.mx\/index.php\/wp-json\/wp\/v2\/posts\/7222","targetHints":{"allow":["GET"]}}],"collection":[{"href":"https:\/\/www.nexoinformativo.mx\/index.php\/wp-json\/wp\/v2\/posts"}],"about":[{"href":"https:\/\/www.nexoinformativo.mx\/index.php\/wp-json\/wp\/v2\/types\/post"}],"author":[{"embeddable":true,"href":"https:\/\/www.nexoinformativo.mx\/index.php\/wp-json\/wp\/v2\/users\/3"}],"replies":[{"embeddable":true,"href":"https:\/\/www.nexoinformativo.mx\/index.php\/wp-json\/wp\/v2\/comments?post=7222"}],"version-history":[{"count":3,"href":"https:\/\/www.nexoinformativo.mx\/index.php\/wp-json\/wp\/v2\/posts\/7222\/revisions"}],"predecessor-version":[{"id":7226,"href":"https:\/\/www.nexoinformativo.mx\/index.php\/wp-json\/wp\/v2\/posts\/7222\/revisions\/7226"}],"wp:featuredmedia":[{"embeddable":true,"href":"https:\/\/www.nexoinformativo.mx\/index.php\/wp-json\/wp\/v2\/media\/7223"}],"wp:attachment":[{"href":"https:\/\/www.nexoinformativo.mx\/index.php\/wp-json\/wp\/v2\/media?parent=7222"}],"wp:term":[{"taxonomy":"category","embeddable":true,"href":"https:\/\/www.nexoinformativo.mx\/index.php\/wp-json\/wp\/v2\/categories?post=7222"},{"taxonomy":"post_tag","embeddable":true,"href":"https:\/\/www.nexoinformativo.mx\/index.php\/wp-json\/wp\/v2\/tags?post=7222"}],"curies":[{"name":"wp","href":"https:\/\/api.w.org\/{rel}","templated":true}]}}