{"id":724,"date":"2024-08-18T16:42:59","date_gmt":"2024-08-18T22:42:59","guid":{"rendered":"https:\/\/www.nexoinformativo.mx\/?p=724"},"modified":"2024-10-07T12:23:19","modified_gmt":"2024-10-07T18:23:19","slug":"cultura-comunitaria-impulsa-la-creacion-y-el-disfrute-del-cine-mexicano","status":"publish","type":"post","link":"https:\/\/www.nexoinformativo.mx\/index.php\/2024\/08\/18\/cultura-comunitaria-impulsa-la-creacion-y-el-disfrute-del-cine-mexicano\/","title":{"rendered":"Cultura Comunitaria impulsa la creaci\u00f3n y el disfrute del cine mexicano"},"content":{"rendered":"<p style=\"margin-top: 0pt; margin-bottom: 0pt; color: #222222; font-family: Arial, Helvetica, sans-serif; font-size: small; white-space-collapse: collapse; direction: ltr; text-align: justify; line-height: 1.2; padding: 11pt 0pt;\"><span style=\"font-family: Montserrat, sans-serif; font-size: 12pt; color: #000000;\">En el marco del D\u00eda Nacional del Cine Mexicano, que se conmemora hoy 15 de agosto, el programa Cultura Comunitaria, de la Secretar\u00eda de Cultura del Gobierno de M\u00e9xico, te invita a conocer los Semilleros Creativos y Cine sillitas desde donde se fomenta la creaci\u00f3n y el goce del cine.<\/span><\/p>\n<p style=\"margin-top: 0pt; margin-bottom: 0pt; color: #222222; font-family: Arial, Helvetica, sans-serif; font-size: small; white-space-collapse: collapse; direction: ltr; text-align: justify; line-height: 1.2; padding: 0pt 0pt 11pt;\"><span style=\"font-family: Montserrat, sans-serif; font-size: 12pt; color: #000000;\">Existen siete Semilleros Creativos -grupos de formaci\u00f3n art\u00edstica gratuita con enfoque comunitario para infancias y juventudes del pa\u00eds- en donde sus integrantes realizan producciones propias y fomentan sus habilidades videogr\u00e1ficas y creatividad a trav\u00e9s de la cinematograf\u00eda y la animaci\u00f3n.<\/span><\/p>\n<p style=\"margin-top: 0pt; margin-bottom: 0pt; color: #222222; font-family: Arial, Helvetica, sans-serif; font-size: small; white-space-collapse: collapse; direction: ltr; text-align: justify; line-height: 1.2; padding: 0pt 0pt 11pt;\"><span style=\"font-family: Montserrat, sans-serif; font-size: 12pt; color: #000000;\">Estos Semilleros Creativos se encuentran ubicados en: Ciudad de M\u00e9xico (2), Tlaxcala (1), Tamaulipas (1), Durango (1), Sinaloa (1) y Quer\u00e9taro (1). Actualmente cuentan con 217 integrantes en total, quienes d\u00eda con d\u00eda utilizan al s\u00e9ptimo arte como forma de expresi\u00f3n.<\/span><\/p>\n<p style=\"margin-top: 0pt; margin-bottom: 0pt; color: #222222; font-family: Arial, Helvetica, sans-serif; font-size: small; white-space-collapse: collapse; direction: ltr; text-align: justify; line-height: 1.2; padding: 0pt 0pt 11pt;\"><span style=\"font-family: Montserrat, sans-serif; font-size: 12pt; color: #000000;\">Dentro de estos espacios se realizan animaciones, cortometrajes, documentales y otras producciones audiovisuales, como es el caso de\u00a0<i>La m\u00fasica (2023),\u00a0<\/i>cortometraje sobre la inclusi\u00f3n y el respeto, realizado por integrantes del Semillero Creativo de Cinematograf\u00eda en Durango, Durango, el cual form\u00f3 parte del 29.\u00ba Festival Internacional de Cine para Ni\u00f1os (&#8230;y no tan Ni\u00f1os) de La Matatena A.C.<\/span><\/p>\n<p style=\"margin-top: 0pt; margin-bottom: 0pt; color: #222222; font-family: Arial, Helvetica, sans-serif; font-size: small; white-space-collapse: collapse; direction: ltr; text-align: justify; line-height: 1.2; padding: 0pt 0pt 11pt;\"><span style=\"font-family: Montserrat, sans-serif; font-size: 12pt; color: #000000;\">Otra experiencia destacable que se ha vivido en el interior de estos grupos colaborativos es la de Metzli, joven participante del Semillero Creativo de Cinematograf\u00eda en Guasave, Sinaloa, que motivada por su inquietud hacia el cine desarroll\u00f3 en este espacio habilidades como escritora, directora y actriz. Ella, al igual que varios j\u00f3venes de los Semilleros, participaron en caravanas audiovisuales, encargadas de recopilar historias de las diversas regiones del pa\u00eds para la serie de televisi\u00f3n Semilleros Creativos, la cual fue recientemente transmitida por Canal 22. En Metzli, quien compagina su tiempo entre la escuela y el Semillero, ha despertado la inquietud por comenzar una carrera profesional en cinematograf\u00eda.<\/span><\/p>\n<p style=\"margin-top: 0pt; margin-bottom: 0pt; color: #222222; font-family: Arial, Helvetica, sans-serif; font-size: small; white-space-collapse: collapse; direction: ltr; text-align: justify; line-height: 1.2; padding: 0pt 0pt 11pt;\"><span style=\"font-family: Montserrat, sans-serif; font-size: 12pt; color: #000000;\">Otra de las acciones de Cultura Comunitaria que impulsan el goce del cine mexicano ocurre a trav\u00e9s de los Cine sillitas, con los que se fomenta la sana convivencia, la cultura de paz y la apropiaci\u00f3n afectiva de espacios p\u00fablicos, mediante el acceso libre a proyecciones de pel\u00edculas y cortometrajes para personas de todas las edades.<\/span><\/p>\n<p style=\"margin-top: 0pt; margin-bottom: 0pt; color: #222222; font-family: Arial, Helvetica, sans-serif; font-size: small; white-space-collapse: collapse; direction: ltr; text-align: justify; line-height: 1.2; padding: 0pt 0pt 11pt;\"><span style=\"font-family: Montserrat, sans-serif; font-size: 12pt; color: #000000;\">A la fecha, Cine sillita cuenta con 24 sedes, distribuidas en 15 municipios a lo largo de nueve estados de la Rep\u00fablica: CDMX, Chiapas, Jalisco, Michoac\u00e1n, Oaxaca, Sonora, Tabasco, Tamaulipas y Veracruz.<\/span><\/p>\n<p style=\"margin-top: 0pt; margin-bottom: 0pt; color: #222222; font-family: Arial, Helvetica, sans-serif; font-size: small; white-space-collapse: collapse; direction: ltr; text-align: justify; line-height: 1.2; padding: 0pt 0pt 11pt;\"><span style=\"font-family: Montserrat, sans-serif; font-size: 12pt; color: #000000;\">Gracias a este proyecto, en la primera mitad del a\u00f1o, se han generado 508 jornadas de proyecci\u00f3n entre las distintas sedes, en las que se pudieron apreciar 67 producciones distintas (cortometrajes y largometrajes), todas ellas producciones mexicanas, en colaboraci\u00f3n con la Cineteca Nacional y el Instituto Mexicano de Cinematograf\u00eda.<\/span><\/p>\n<p style=\"margin-top: 0pt; margin-bottom: 0pt; color: #222222; font-family: Arial, Helvetica, sans-serif; font-size: small; white-space-collapse: collapse; direction: ltr; text-align: justify; line-height: 1.2; padding: 0pt 0pt 11pt;\"><span style=\"font-family: Montserrat, sans-serif; font-size: 12pt; color: #000000;\">Diez de estos t\u00edtulos corresponden a la colecci\u00f3n del Cine de Oro Mexicano, incluyendo pel\u00edculas como:\u00a0<i>\u00a1Ah\u00ed est\u00e1 el detalle!,<\/i>\u00a0de Juan Bustillo Oro;\u00a0<i>Una familia de tantas,<\/i>\u00a0de Alejandro Galindo, as\u00ed como\u00a0<i>La perla<\/i>\u00a0y\u00a0<i>Sal\u00f3n M\u00e9xico,<\/i>\u00a0de Emilio Fern\u00e1ndez.<\/span><\/p>\n<p style=\"margin-top: 0pt; margin-bottom: 0pt; color: #222222; font-family: Arial, Helvetica, sans-serif; font-size: small; white-space-collapse: collapse; direction: ltr; text-align: justify; line-height: 1.2; padding: 0pt 0pt 11pt;\"><span style=\"font-family: Montserrat, sans-serif; font-size: 12pt; color: #000000;\">De igual manera se realizaron funciones especiales de cine contempor\u00e1neo con la pel\u00edcula\u00a0<i>Los Adioses,<\/i>\u00a0de Natalia Beristain, en conmemoraci\u00f3n por el 50 aniversario luctuoso de la escritora, periodista y diplom\u00e1tica, Rosario Castellanos.<\/span><\/p>\n<p style=\"margin-top: 0pt; margin-bottom: 0pt; color: #222222; font-family: Arial, Helvetica, sans-serif; font-size: small; white-space-collapse: collapse; direction: ltr; text-align: justify; line-height: 1.2; padding: 0pt 0pt 11pt;\"><span style=\"font-family: Montserrat, sans-serif; font-size: 12pt; color: #000000;\">Tambi\u00e9n, durante diversas jornadas se han proyectado 14 cortometrajes producidos por distintos Semilleros Creativos, adem\u00e1s del\u00a0<i>trailer<\/i>\u00a0promocional de la primera temporada de la serie Semilleros Creativos\u00a0<i>El poder de la cultura<\/i>.<\/span><\/p>\n<p style=\"margin-top: 0pt; margin-bottom: 0pt; color: #222222; font-family: Arial, Helvetica, sans-serif; font-size: small; white-space-collapse: collapse; direction: ltr; text-align: justify; line-height: 1.2; padding: 0pt 0pt 11pt;\"><span style=\"font-family: Montserrat, sans-serif; font-size: 12pt; color: #000000;\">Para conocer la cartelera en las siguientes jornadas de Cine sillita y m\u00e1s informaci\u00f3n de los Semilleros Creativos, se pueden consultar las redes sociales @VinculaCultura y la p\u00e1gina\u00a0<i>web<\/i><a id=\"m_-610697642581416346OWAdfc252ba-6b04-9f02-ecd4-4d0a34d93d0d\" style=\"color: #000000; text-decoration-line: none; margin-top: 0px; margin-bottom: 0px;\" href=\"http:\/\/www.culturacomunitaria.gob.mx\/\" target=\"_blank\" rel=\"noopener\" data-saferedirecturl=\"https:\/\/www.google.com\/url?q=http:\/\/www.culturacomunitaria.gob.mx\/&amp;source=gmail&amp;ust=1724106250580000&amp;usg=AOvVaw1DH6I9eK52Ve7eIherFEAB\">\u00a0<\/a><\/span><span style=\"font-family: Montserrat, sans-serif; font-size: 12pt; color: #1155cc;\"><a id=\"m_-610697642581416346OWA82d913cb-b5d9-c4ab-b403-2f0d49de8f78\" style=\"color: #1155cc; text-decoration-line: none; margin-top: 0px; margin-bottom: 0px;\" href=\"http:\/\/www.culturacomunitaria.gob.mx\/\" target=\"_blank\" rel=\"noopener\" data-saferedirecturl=\"https:\/\/www.google.com\/url?q=http:\/\/www.culturacomunitaria.gob.mx\/&amp;source=gmail&amp;ust=1724106250580000&amp;usg=AOvVaw1DH6I9eK52Ve7eIherFEAB\">culturacomunitaria.gob.mx<\/a><\/span><\/p>\n","protected":false},"excerpt":{"rendered":"<p>En el marco del D\u00eda Nacional del Cine Mexicano, que se conmemora hoy 15 de agosto, el programa Cultura Comunitaria, de la Secretar\u00eda de Cultura del Gobierno de M\u00e9xico, te invita a conocer los Semilleros Creativos y Cine sillitas desde donde se fomenta la creaci\u00f3n y el goce del cine. Existen siete Semilleros Creativos -grupos [&hellip;]<\/p>\n","protected":false},"author":3,"featured_media":726,"comment_status":"open","ping_status":"open","sticky":false,"template":"","format":"standard","meta":{"footnotes":""},"categories":[50],"tags":[125,127,123,126,124],"class_list":["post-724","post","type-post","status-publish","format-standard","has-post-thumbnail","hentry","category-espectaculos","tag-apyos","tag-arte","tag-cultura","tag-emprendimiento","tag-gobierno-federal"],"yoast_head":"<!-- This site is optimized with the Yoast SEO plugin v25.0 - https:\/\/yoast.com\/wordpress\/plugins\/seo\/ -->\n<title>Cultura Comunitaria impulsa la creaci\u00f3n y el disfrute del cine mexicano | Nexo Informativo Santiago de Quer\u00e9taro<\/title>\n<meta name=\"robots\" content=\"index, follow, max-snippet:-1, max-image-preview:large, max-video-preview:-1\" \/>\n<link rel=\"canonical\" href=\"https:\/\/www.nexoinformativo.mx\/index.php\/2024\/08\/18\/cultura-comunitaria-impulsa-la-creacion-y-el-disfrute-del-cine-mexicano\/\" \/>\n<meta property=\"og:locale\" content=\"es_MX\" \/>\n<meta property=\"og:type\" content=\"article\" \/>\n<meta property=\"og:title\" content=\"Cultura Comunitaria impulsa la creaci\u00f3n y el disfrute del cine mexicano | Nexo Informativo Santiago de Quer\u00e9taro\" \/>\n<meta property=\"og:description\" content=\"En el marco del D\u00eda Nacional del Cine Mexicano, que se conmemora hoy 15 de agosto, el programa Cultura Comunitaria, de la Secretar\u00eda de Cultura del Gobierno de M\u00e9xico, te invita a conocer los Semilleros Creativos y Cine sillitas desde donde se fomenta la creaci\u00f3n y el goce del cine. Existen siete Semilleros Creativos -grupos [&hellip;]\" \/>\n<meta property=\"og:url\" content=\"https:\/\/www.nexoinformativo.mx\/index.php\/2024\/08\/18\/cultura-comunitaria-impulsa-la-creacion-y-el-disfrute-del-cine-mexicano\/\" \/>\n<meta property=\"og:site_name\" content=\"Nexo Informativo Santiago de Quer\u00e9taro\" \/>\n<meta property=\"article:publisher\" content=\"https:\/\/www.facebook.com\/people\/Nexo-Informativo\/61564066885511\/\" \/>\n<meta property=\"article:published_time\" content=\"2024-08-18T22:42:59+00:00\" \/>\n<meta property=\"article:modified_time\" content=\"2024-10-07T18:23:19+00:00\" \/>\n<meta property=\"og:image\" content=\"https:\/\/www.nexoinformativo.mx\/wp-content\/uploads\/2024\/08\/PHOTO-2024-08-15-12-42-223-e1724020726353.jpg\" \/>\n\t<meta property=\"og:image:width\" content=\"800\" \/>\n\t<meta property=\"og:image:height\" content=\"602\" \/>\n\t<meta property=\"og:image:type\" content=\"image\/jpeg\" \/>\n<meta name=\"author\" content=\"Nexo Informativo\" \/>\n<meta name=\"twitter:card\" content=\"summary_large_image\" \/>\n<meta name=\"twitter:label1\" content=\"Escrito por\" \/>\n\t<meta name=\"twitter:data1\" content=\"Nexo Informativo\" \/>\n\t<meta name=\"twitter:label2\" content=\"Tiempo de lectura\" \/>\n\t<meta name=\"twitter:data2\" content=\"3 minutos\" \/>\n<script type=\"application\/ld+json\" class=\"yoast-schema-graph\">{\"@context\":\"https:\/\/schema.org\",\"@graph\":[{\"@type\":\"Article\",\"@id\":\"https:\/\/www.nexoinformativo.mx\/index.php\/2024\/08\/18\/cultura-comunitaria-impulsa-la-creacion-y-el-disfrute-del-cine-mexicano\/#article\",\"isPartOf\":{\"@id\":\"https:\/\/www.nexoinformativo.mx\/index.php\/2024\/08\/18\/cultura-comunitaria-impulsa-la-creacion-y-el-disfrute-del-cine-mexicano\/\"},\"author\":{\"name\":\"Nexo Informativo\",\"@id\":\"https:\/\/www.nexoinformativo.mx\/#\/schema\/person\/7749d380ba08c8ca00d7bc76fd907b7d\"},\"headline\":\"Cultura Comunitaria impulsa la creaci\u00f3n y el disfrute del cine mexicano\",\"datePublished\":\"2024-08-18T22:42:59+00:00\",\"dateModified\":\"2024-10-07T18:23:19+00:00\",\"mainEntityOfPage\":{\"@id\":\"https:\/\/www.nexoinformativo.mx\/index.php\/2024\/08\/18\/cultura-comunitaria-impulsa-la-creacion-y-el-disfrute-del-cine-mexicano\/\"},\"wordCount\":620,\"commentCount\":0,\"publisher\":{\"@id\":\"https:\/\/www.nexoinformativo.mx\/#organization\"},\"image\":{\"@id\":\"https:\/\/www.nexoinformativo.mx\/index.php\/2024\/08\/18\/cultura-comunitaria-impulsa-la-creacion-y-el-disfrute-del-cine-mexicano\/#primaryimage\"},\"thumbnailUrl\":\"https:\/\/www.nexoinformativo.mx\/wp-content\/uploads\/2024\/08\/PHOTO-2024-08-15-12-42-223-e1724020726353.jpg\",\"keywords\":[\"apyos\",\"arte\",\"Cultura\",\"emprendimiento\",\"Gobierno Federal\"],\"articleSection\":[\"Espect\u00e1culos\"],\"inLanguage\":\"es\",\"potentialAction\":[{\"@type\":\"CommentAction\",\"name\":\"Comment\",\"target\":[\"https:\/\/www.nexoinformativo.mx\/index.php\/2024\/08\/18\/cultura-comunitaria-impulsa-la-creacion-y-el-disfrute-del-cine-mexicano\/#respond\"]}]},{\"@type\":\"WebPage\",\"@id\":\"https:\/\/www.nexoinformativo.mx\/index.php\/2024\/08\/18\/cultura-comunitaria-impulsa-la-creacion-y-el-disfrute-del-cine-mexicano\/\",\"url\":\"https:\/\/www.nexoinformativo.mx\/index.php\/2024\/08\/18\/cultura-comunitaria-impulsa-la-creacion-y-el-disfrute-del-cine-mexicano\/\",\"name\":\"Cultura Comunitaria impulsa la creaci\u00f3n y el disfrute del cine mexicano | Nexo Informativo Santiago de Quer\u00e9taro\",\"isPartOf\":{\"@id\":\"https:\/\/www.nexoinformativo.mx\/#website\"},\"primaryImageOfPage\":{\"@id\":\"https:\/\/www.nexoinformativo.mx\/index.php\/2024\/08\/18\/cultura-comunitaria-impulsa-la-creacion-y-el-disfrute-del-cine-mexicano\/#primaryimage\"},\"image\":{\"@id\":\"https:\/\/www.nexoinformativo.mx\/index.php\/2024\/08\/18\/cultura-comunitaria-impulsa-la-creacion-y-el-disfrute-del-cine-mexicano\/#primaryimage\"},\"thumbnailUrl\":\"https:\/\/www.nexoinformativo.mx\/wp-content\/uploads\/2024\/08\/PHOTO-2024-08-15-12-42-223-e1724020726353.jpg\",\"datePublished\":\"2024-08-18T22:42:59+00:00\",\"dateModified\":\"2024-10-07T18:23:19+00:00\",\"breadcrumb\":{\"@id\":\"https:\/\/www.nexoinformativo.mx\/index.php\/2024\/08\/18\/cultura-comunitaria-impulsa-la-creacion-y-el-disfrute-del-cine-mexicano\/#breadcrumb\"},\"inLanguage\":\"es\",\"potentialAction\":[{\"@type\":\"ReadAction\",\"target\":[\"https:\/\/www.nexoinformativo.mx\/index.php\/2024\/08\/18\/cultura-comunitaria-impulsa-la-creacion-y-el-disfrute-del-cine-mexicano\/\"]}]},{\"@type\":\"ImageObject\",\"inLanguage\":\"es\",\"@id\":\"https:\/\/www.nexoinformativo.mx\/index.php\/2024\/08\/18\/cultura-comunitaria-impulsa-la-creacion-y-el-disfrute-del-cine-mexicano\/#primaryimage\",\"url\":\"https:\/\/www.nexoinformativo.mx\/wp-content\/uploads\/2024\/08\/PHOTO-2024-08-15-12-42-223-e1724020726353.jpg\",\"contentUrl\":\"https:\/\/www.nexoinformativo.mx\/wp-content\/uploads\/2024\/08\/PHOTO-2024-08-15-12-42-223-e1724020726353.jpg\",\"width\":800,\"height\":602,\"caption\":\"SRIA CULTURA\"},{\"@type\":\"BreadcrumbList\",\"@id\":\"https:\/\/www.nexoinformativo.mx\/index.php\/2024\/08\/18\/cultura-comunitaria-impulsa-la-creacion-y-el-disfrute-del-cine-mexicano\/#breadcrumb\",\"itemListElement\":[{\"@type\":\"ListItem\",\"position\":1,\"name\":\"Inicio\",\"item\":\"https:\/\/www.nexoinformativo.mx\/\"},{\"@type\":\"ListItem\",\"position\":2,\"name\":\"Cultura Comunitaria impulsa la creaci\u00f3n y el disfrute del cine mexicano\"}]},{\"@type\":\"WebSite\",\"@id\":\"https:\/\/www.nexoinformativo.mx\/#website\",\"url\":\"https:\/\/www.nexoinformativo.mx\/\",\"name\":\"Nexo Informativo Santiago de Quer\u00e9taro\",\"description\":\"Explora NexoInformativo y convi\u00e9rtete en parte de una comunidad que valora el conocimiento y la verdad. Tu nexoinformativo es tu puente hacia una comprensi\u00f3n m\u00e1s profunda del mundo que te rodea.\",\"publisher\":{\"@id\":\"https:\/\/www.nexoinformativo.mx\/#organization\"},\"potentialAction\":[{\"@type\":\"SearchAction\",\"target\":{\"@type\":\"EntryPoint\",\"urlTemplate\":\"https:\/\/www.nexoinformativo.mx\/?s={search_term_string}\"},\"query-input\":{\"@type\":\"PropertyValueSpecification\",\"valueRequired\":true,\"valueName\":\"search_term_string\"}}],\"inLanguage\":\"es\"},{\"@type\":\"Organization\",\"@id\":\"https:\/\/www.nexoinformativo.mx\/#organization\",\"name\":\"Nexo Informativo Santiago de Quer\u00e9taro\",\"url\":\"https:\/\/www.nexoinformativo.mx\/\",\"logo\":{\"@type\":\"ImageObject\",\"inLanguage\":\"es\",\"@id\":\"https:\/\/www.nexoinformativo.mx\/#\/schema\/logo\/image\/\",\"url\":\"https:\/\/www.nexoinformativo.mx\/wp-content\/uploads\/2024\/07\/nexoi-trasparente-2.png\",\"contentUrl\":\"https:\/\/www.nexoinformativo.mx\/wp-content\/uploads\/2024\/07\/nexoi-trasparente-2.png\",\"width\":816,\"height\":339,\"caption\":\"Nexo Informativo Santiago de Quer\u00e9taro\"},\"image\":{\"@id\":\"https:\/\/www.nexoinformativo.mx\/#\/schema\/logo\/image\/\"},\"sameAs\":[\"https:\/\/www.facebook.com\/people\/Nexo-Informativo\/61564066885511\/\"]},{\"@type\":\"Person\",\"@id\":\"https:\/\/www.nexoinformativo.mx\/#\/schema\/person\/7749d380ba08c8ca00d7bc76fd907b7d\",\"name\":\"Nexo Informativo\",\"image\":{\"@type\":\"ImageObject\",\"inLanguage\":\"es\",\"@id\":\"https:\/\/www.nexoinformativo.mx\/#\/schema\/person\/image\/\",\"url\":\"https:\/\/secure.gravatar.com\/avatar\/dde2928154642a13d95f87ddf1ea9718fe2b46760a005c53e41ff5ad610704e6?s=96&d=mm&r=g\",\"contentUrl\":\"https:\/\/secure.gravatar.com\/avatar\/dde2928154642a13d95f87ddf1ea9718fe2b46760a005c53e41ff5ad610704e6?s=96&d=mm&r=g\",\"caption\":\"Nexo Informativo\"},\"url\":\"https:\/\/www.nexoinformativo.mx\/index.php\/author\/edicion\/\"}]}<\/script>\n<!-- \/ Yoast SEO plugin. -->","yoast_head_json":{"title":"Cultura Comunitaria impulsa la creaci\u00f3n y el disfrute del cine mexicano | Nexo Informativo Santiago de Quer\u00e9taro","robots":{"index":"index","follow":"follow","max-snippet":"max-snippet:-1","max-image-preview":"max-image-preview:large","max-video-preview":"max-video-preview:-1"},"canonical":"https:\/\/www.nexoinformativo.mx\/index.php\/2024\/08\/18\/cultura-comunitaria-impulsa-la-creacion-y-el-disfrute-del-cine-mexicano\/","og_locale":"es_MX","og_type":"article","og_title":"Cultura Comunitaria impulsa la creaci\u00f3n y el disfrute del cine mexicano | Nexo Informativo Santiago de Quer\u00e9taro","og_description":"En el marco del D\u00eda Nacional del Cine Mexicano, que se conmemora hoy 15 de agosto, el programa Cultura Comunitaria, de la Secretar\u00eda de Cultura del Gobierno de M\u00e9xico, te invita a conocer los Semilleros Creativos y Cine sillitas desde donde se fomenta la creaci\u00f3n y el goce del cine. Existen siete Semilleros Creativos -grupos [&hellip;]","og_url":"https:\/\/www.nexoinformativo.mx\/index.php\/2024\/08\/18\/cultura-comunitaria-impulsa-la-creacion-y-el-disfrute-del-cine-mexicano\/","og_site_name":"Nexo Informativo Santiago de Quer\u00e9taro","article_publisher":"https:\/\/www.facebook.com\/people\/Nexo-Informativo\/61564066885511\/","article_published_time":"2024-08-18T22:42:59+00:00","article_modified_time":"2024-10-07T18:23:19+00:00","og_image":[{"width":800,"height":602,"url":"https:\/\/www.nexoinformativo.mx\/wp-content\/uploads\/2024\/08\/PHOTO-2024-08-15-12-42-223-e1724020726353.jpg","type":"image\/jpeg"}],"author":"Nexo Informativo","twitter_card":"summary_large_image","twitter_misc":{"Escrito por":"Nexo Informativo","Tiempo de lectura":"3 minutos"},"schema":{"@context":"https:\/\/schema.org","@graph":[{"@type":"Article","@id":"https:\/\/www.nexoinformativo.mx\/index.php\/2024\/08\/18\/cultura-comunitaria-impulsa-la-creacion-y-el-disfrute-del-cine-mexicano\/#article","isPartOf":{"@id":"https:\/\/www.nexoinformativo.mx\/index.php\/2024\/08\/18\/cultura-comunitaria-impulsa-la-creacion-y-el-disfrute-del-cine-mexicano\/"},"author":{"name":"Nexo Informativo","@id":"https:\/\/www.nexoinformativo.mx\/#\/schema\/person\/7749d380ba08c8ca00d7bc76fd907b7d"},"headline":"Cultura Comunitaria impulsa la creaci\u00f3n y el disfrute del cine mexicano","datePublished":"2024-08-18T22:42:59+00:00","dateModified":"2024-10-07T18:23:19+00:00","mainEntityOfPage":{"@id":"https:\/\/www.nexoinformativo.mx\/index.php\/2024\/08\/18\/cultura-comunitaria-impulsa-la-creacion-y-el-disfrute-del-cine-mexicano\/"},"wordCount":620,"commentCount":0,"publisher":{"@id":"https:\/\/www.nexoinformativo.mx\/#organization"},"image":{"@id":"https:\/\/www.nexoinformativo.mx\/index.php\/2024\/08\/18\/cultura-comunitaria-impulsa-la-creacion-y-el-disfrute-del-cine-mexicano\/#primaryimage"},"thumbnailUrl":"https:\/\/www.nexoinformativo.mx\/wp-content\/uploads\/2024\/08\/PHOTO-2024-08-15-12-42-223-e1724020726353.jpg","keywords":["apyos","arte","Cultura","emprendimiento","Gobierno Federal"],"articleSection":["Espect\u00e1culos"],"inLanguage":"es","potentialAction":[{"@type":"CommentAction","name":"Comment","target":["https:\/\/www.nexoinformativo.mx\/index.php\/2024\/08\/18\/cultura-comunitaria-impulsa-la-creacion-y-el-disfrute-del-cine-mexicano\/#respond"]}]},{"@type":"WebPage","@id":"https:\/\/www.nexoinformativo.mx\/index.php\/2024\/08\/18\/cultura-comunitaria-impulsa-la-creacion-y-el-disfrute-del-cine-mexicano\/","url":"https:\/\/www.nexoinformativo.mx\/index.php\/2024\/08\/18\/cultura-comunitaria-impulsa-la-creacion-y-el-disfrute-del-cine-mexicano\/","name":"Cultura Comunitaria impulsa la creaci\u00f3n y el disfrute del cine mexicano | Nexo Informativo Santiago de Quer\u00e9taro","isPartOf":{"@id":"https:\/\/www.nexoinformativo.mx\/#website"},"primaryImageOfPage":{"@id":"https:\/\/www.nexoinformativo.mx\/index.php\/2024\/08\/18\/cultura-comunitaria-impulsa-la-creacion-y-el-disfrute-del-cine-mexicano\/#primaryimage"},"image":{"@id":"https:\/\/www.nexoinformativo.mx\/index.php\/2024\/08\/18\/cultura-comunitaria-impulsa-la-creacion-y-el-disfrute-del-cine-mexicano\/#primaryimage"},"thumbnailUrl":"https:\/\/www.nexoinformativo.mx\/wp-content\/uploads\/2024\/08\/PHOTO-2024-08-15-12-42-223-e1724020726353.jpg","datePublished":"2024-08-18T22:42:59+00:00","dateModified":"2024-10-07T18:23:19+00:00","breadcrumb":{"@id":"https:\/\/www.nexoinformativo.mx\/index.php\/2024\/08\/18\/cultura-comunitaria-impulsa-la-creacion-y-el-disfrute-del-cine-mexicano\/#breadcrumb"},"inLanguage":"es","potentialAction":[{"@type":"ReadAction","target":["https:\/\/www.nexoinformativo.mx\/index.php\/2024\/08\/18\/cultura-comunitaria-impulsa-la-creacion-y-el-disfrute-del-cine-mexicano\/"]}]},{"@type":"ImageObject","inLanguage":"es","@id":"https:\/\/www.nexoinformativo.mx\/index.php\/2024\/08\/18\/cultura-comunitaria-impulsa-la-creacion-y-el-disfrute-del-cine-mexicano\/#primaryimage","url":"https:\/\/www.nexoinformativo.mx\/wp-content\/uploads\/2024\/08\/PHOTO-2024-08-15-12-42-223-e1724020726353.jpg","contentUrl":"https:\/\/www.nexoinformativo.mx\/wp-content\/uploads\/2024\/08\/PHOTO-2024-08-15-12-42-223-e1724020726353.jpg","width":800,"height":602,"caption":"SRIA CULTURA"},{"@type":"BreadcrumbList","@id":"https:\/\/www.nexoinformativo.mx\/index.php\/2024\/08\/18\/cultura-comunitaria-impulsa-la-creacion-y-el-disfrute-del-cine-mexicano\/#breadcrumb","itemListElement":[{"@type":"ListItem","position":1,"name":"Inicio","item":"https:\/\/www.nexoinformativo.mx\/"},{"@type":"ListItem","position":2,"name":"Cultura Comunitaria impulsa la creaci\u00f3n y el disfrute del cine mexicano"}]},{"@type":"WebSite","@id":"https:\/\/www.nexoinformativo.mx\/#website","url":"https:\/\/www.nexoinformativo.mx\/","name":"Nexo Informativo Santiago de Quer\u00e9taro","description":"Explora NexoInformativo y convi\u00e9rtete en parte de una comunidad que valora el conocimiento y la verdad. Tu nexoinformativo es tu puente hacia una comprensi\u00f3n m\u00e1s profunda del mundo que te rodea.","publisher":{"@id":"https:\/\/www.nexoinformativo.mx\/#organization"},"potentialAction":[{"@type":"SearchAction","target":{"@type":"EntryPoint","urlTemplate":"https:\/\/www.nexoinformativo.mx\/?s={search_term_string}"},"query-input":{"@type":"PropertyValueSpecification","valueRequired":true,"valueName":"search_term_string"}}],"inLanguage":"es"},{"@type":"Organization","@id":"https:\/\/www.nexoinformativo.mx\/#organization","name":"Nexo Informativo Santiago de Quer\u00e9taro","url":"https:\/\/www.nexoinformativo.mx\/","logo":{"@type":"ImageObject","inLanguage":"es","@id":"https:\/\/www.nexoinformativo.mx\/#\/schema\/logo\/image\/","url":"https:\/\/www.nexoinformativo.mx\/wp-content\/uploads\/2024\/07\/nexoi-trasparente-2.png","contentUrl":"https:\/\/www.nexoinformativo.mx\/wp-content\/uploads\/2024\/07\/nexoi-trasparente-2.png","width":816,"height":339,"caption":"Nexo Informativo Santiago de Quer\u00e9taro"},"image":{"@id":"https:\/\/www.nexoinformativo.mx\/#\/schema\/logo\/image\/"},"sameAs":["https:\/\/www.facebook.com\/people\/Nexo-Informativo\/61564066885511\/"]},{"@type":"Person","@id":"https:\/\/www.nexoinformativo.mx\/#\/schema\/person\/7749d380ba08c8ca00d7bc76fd907b7d","name":"Nexo Informativo","image":{"@type":"ImageObject","inLanguage":"es","@id":"https:\/\/www.nexoinformativo.mx\/#\/schema\/person\/image\/","url":"https:\/\/secure.gravatar.com\/avatar\/dde2928154642a13d95f87ddf1ea9718fe2b46760a005c53e41ff5ad610704e6?s=96&d=mm&r=g","contentUrl":"https:\/\/secure.gravatar.com\/avatar\/dde2928154642a13d95f87ddf1ea9718fe2b46760a005c53e41ff5ad610704e6?s=96&d=mm&r=g","caption":"Nexo Informativo"},"url":"https:\/\/www.nexoinformativo.mx\/index.php\/author\/edicion\/"}]}},"_links":{"self":[{"href":"https:\/\/www.nexoinformativo.mx\/index.php\/wp-json\/wp\/v2\/posts\/724","targetHints":{"allow":["GET"]}}],"collection":[{"href":"https:\/\/www.nexoinformativo.mx\/index.php\/wp-json\/wp\/v2\/posts"}],"about":[{"href":"https:\/\/www.nexoinformativo.mx\/index.php\/wp-json\/wp\/v2\/types\/post"}],"author":[{"embeddable":true,"href":"https:\/\/www.nexoinformativo.mx\/index.php\/wp-json\/wp\/v2\/users\/3"}],"replies":[{"embeddable":true,"href":"https:\/\/www.nexoinformativo.mx\/index.php\/wp-json\/wp\/v2\/comments?post=724"}],"version-history":[{"count":3,"href":"https:\/\/www.nexoinformativo.mx\/index.php\/wp-json\/wp\/v2\/posts\/724\/revisions"}],"predecessor-version":[{"id":825,"href":"https:\/\/www.nexoinformativo.mx\/index.php\/wp-json\/wp\/v2\/posts\/724\/revisions\/825"}],"wp:featuredmedia":[{"embeddable":true,"href":"https:\/\/www.nexoinformativo.mx\/index.php\/wp-json\/wp\/v2\/media\/726"}],"wp:attachment":[{"href":"https:\/\/www.nexoinformativo.mx\/index.php\/wp-json\/wp\/v2\/media?parent=724"}],"wp:term":[{"taxonomy":"category","embeddable":true,"href":"https:\/\/www.nexoinformativo.mx\/index.php\/wp-json\/wp\/v2\/categories?post=724"},{"taxonomy":"post_tag","embeddable":true,"href":"https:\/\/www.nexoinformativo.mx\/index.php\/wp-json\/wp\/v2\/tags?post=724"}],"curies":[{"name":"wp","href":"https:\/\/api.w.org\/{rel}","templated":true}]}}