{"id":7241,"date":"2024-11-30T11:00:19","date_gmt":"2024-11-30T17:00:19","guid":{"rendered":"https:\/\/www.nexoinformativo.mx\/?p=7241"},"modified":"2024-11-30T16:15:24","modified_gmt":"2024-11-30T22:15:24","slug":"operativo-sorpresa-desmantela-nido-de-pirateria-en-cdmx","status":"publish","type":"post","link":"https:\/\/www.nexoinformativo.mx\/index.php\/2024\/11\/30\/operativo-sorpresa-desmantela-nido-de-pirateria-en-cdmx\/","title":{"rendered":"Operativo sorpresa desmantela nido de pirater\u00eda en CDMX"},"content":{"rendered":"<p style=\"text-align: justify;\" data-sourcepos=\"9:1-9:437\">En un contundente golpe al comercio ilegal, el gobierno de M\u00e9xico, encabezado por el secretario de Econom\u00eda, Marcelo Ebrard, llev\u00f3 a cabo un operativo en la CDMX para combatir la pirater\u00eda y el contrabando.<\/p>\n<p>&nbsp;<\/p>\n<p style=\"text-align: justify;\" data-sourcepos=\"9:1-9:437\">Como resultado de esta acci\u00f3n, se ha solicitado a la Fiscal\u00eda General de la Rep\u00fablica la extinci\u00f3n de dominio de un inmueble ubicado en Izazaga 89, utilizado para almacenar y distribuir productos falsificados.<\/p>\n<p>&nbsp;<\/p>\n<p style=\"text-align: justify;\" data-sourcepos=\"11:1-11:217\">Esta medida, sin precedentes, busca proteger a la industria mexicana y a los consumidores, al eliminar los espacios donde se comercializan productos que violan la propiedad intelectual y las regulaciones comerciales.<\/p>\n<p>&nbsp;<\/p>\n<p style=\"text-align: justify;\" data-sourcepos=\"13:1-13:296\"><strong>&#8220;No podemos permitir que el comercio ilegal afecte a nuestra econom\u00eda y a nuestros productores&#8221;<\/strong>, afirm\u00f3 Ebrard. El funcionario destac\u00f3 la importancia de la coordinaci\u00f3n entre los diferentes niveles de gobierno para lograr resultados efectivos en la lucha contra el contrabando.<\/p>\n<p>&nbsp;<\/p>\n<p style=\"text-align: justify;\" data-sourcepos=\"15:1-15:323\">Este operativo es solo el inicio de una estrategia nacional que busca erradicar la pirater\u00eda en todo el pa\u00eds. Las autoridades federales y estatales trabajar\u00e1n de manera coordinada para identificar y desmantelar las redes de contrabando, as\u00ed como para proteger a los consumidores de productos falsificados y de baja calidad.<\/p>\n<p>&nbsp;<\/p>\n<p style=\"text-align: justify;\" data-sourcepos=\"27:1-27:310\">Con esta acci\u00f3n, el gobierno de M\u00e9xico reafirma su compromiso con la protecci\u00f3n de la propiedad intelectual y la lucha contra el crimen organizado. Se espera que este operativo sirva como un mensaje claro a quienes se dedican al contrabando y la pirater\u00eda: en M\u00e9xico no habr\u00e1 tolerancia para estas actividades.<\/p>\n<p>&nbsp;<\/p>\n<p style=\"text-align: center;\" data-sourcepos=\"27:1-27:310\"><em><strong>\u00a1Informaci\u00f3n que transforma!<\/strong><\/em><\/p>\n","protected":false},"excerpt":{"rendered":"<p>En un contundente golpe al comercio ilegal, el gobierno de M\u00e9xico, encabezado por el secretario de Econom\u00eda, Marcelo Ebrard, llev\u00f3 a cabo un operativo en la CDMX para combatir la pirater\u00eda y el contrabando.<\/p>\n","protected":false},"author":3,"featured_media":7242,"comment_status":"open","ping_status":"open","sticky":false,"template":"","format":"standard","meta":{"footnotes":""},"categories":[88,58],"tags":[2432,2433,210,2434],"class_list":["post-7241","post","type-post","status-publish","format-standard","has-post-thumbnail","hentry","category-nacional","category-ultima-hora","tag-combatealcontrabando","tag-extinciondedominio","tag-mexicoseguro","tag-pirateria"],"yoast_head":"<!-- This site is optimized with the Yoast SEO plugin v25.0 - https:\/\/yoast.com\/wordpress\/plugins\/seo\/ -->\n<title>Operativo sorpresa desmantela nido de pirater\u00eda en CDMX | Nexo Informativo Santiago de Quer\u00e9taro<\/title>\n<meta name=\"description\" content=\"Operativo sorpresa desmantela nido de pirater\u00eda en CDMX\" \/>\n<meta name=\"robots\" content=\"index, follow, max-snippet:-1, max-image-preview:large, max-video-preview:-1\" \/>\n<link rel=\"canonical\" href=\"https:\/\/www.nexoinformativo.mx\/index.php\/2024\/11\/30\/operativo-sorpresa-desmantela-nido-de-pirateria-en-cdmx\/\" \/>\n<meta property=\"og:locale\" content=\"es_MX\" \/>\n<meta property=\"og:type\" content=\"article\" \/>\n<meta property=\"og:title\" content=\"Operativo sorpresa desmantela nido de pirater\u00eda en CDMX | Nexo Informativo Santiago de Quer\u00e9taro\" \/>\n<meta property=\"og:description\" content=\"Operativo sorpresa desmantela nido de pirater\u00eda en CDMX\" \/>\n<meta property=\"og:url\" content=\"https:\/\/www.nexoinformativo.mx\/index.php\/2024\/11\/30\/operativo-sorpresa-desmantela-nido-de-pirateria-en-cdmx\/\" \/>\n<meta property=\"og:site_name\" content=\"Nexo Informativo Santiago de Quer\u00e9taro\" \/>\n<meta property=\"article:publisher\" content=\"https:\/\/www.facebook.com\/people\/Nexo-Informativo\/61564066885511\/\" \/>\n<meta property=\"article:published_time\" content=\"2024-11-30T17:00:19+00:00\" \/>\n<meta property=\"article:modified_time\" content=\"2024-11-30T22:15:24+00:00\" \/>\n<meta property=\"og:image\" content=\"https:\/\/www.nexoinformativo.mx\/wp-content\/uploads\/2024\/11\/IMG_8287-e1733004856102.jpg\" \/>\n\t<meta property=\"og:image:width\" content=\"700\" \/>\n\t<meta property=\"og:image:height\" content=\"386\" \/>\n\t<meta property=\"og:image:type\" content=\"image\/jpeg\" \/>\n<meta name=\"author\" content=\"Nexo Informativo\" \/>\n<meta name=\"twitter:card\" content=\"summary_large_image\" \/>\n<meta name=\"twitter:label1\" content=\"Escrito por\" \/>\n\t<meta name=\"twitter:data1\" content=\"Nexo Informativo\" \/>\n\t<meta name=\"twitter:label2\" content=\"Tiempo de lectura\" \/>\n\t<meta name=\"twitter:data2\" content=\"2 minutos\" \/>\n<script type=\"application\/ld+json\" class=\"yoast-schema-graph\">{\"@context\":\"https:\/\/schema.org\",\"@graph\":[{\"@type\":\"Article\",\"@id\":\"https:\/\/www.nexoinformativo.mx\/index.php\/2024\/11\/30\/operativo-sorpresa-desmantela-nido-de-pirateria-en-cdmx\/#article\",\"isPartOf\":{\"@id\":\"https:\/\/www.nexoinformativo.mx\/index.php\/2024\/11\/30\/operativo-sorpresa-desmantela-nido-de-pirateria-en-cdmx\/\"},\"author\":{\"name\":\"Nexo Informativo\",\"@id\":\"https:\/\/www.nexoinformativo.mx\/#\/schema\/person\/7749d380ba08c8ca00d7bc76fd907b7d\"},\"headline\":\"Operativo sorpresa desmantela nido de pirater\u00eda en CDMX\",\"datePublished\":\"2024-11-30T17:00:19+00:00\",\"dateModified\":\"2024-11-30T22:15:24+00:00\",\"mainEntityOfPage\":{\"@id\":\"https:\/\/www.nexoinformativo.mx\/index.php\/2024\/11\/30\/operativo-sorpresa-desmantela-nido-de-pirateria-en-cdmx\/\"},\"wordCount\":275,\"commentCount\":0,\"publisher\":{\"@id\":\"https:\/\/www.nexoinformativo.mx\/#organization\"},\"image\":{\"@id\":\"https:\/\/www.nexoinformativo.mx\/index.php\/2024\/11\/30\/operativo-sorpresa-desmantela-nido-de-pirateria-en-cdmx\/#primaryimage\"},\"thumbnailUrl\":\"https:\/\/www.nexoinformativo.mx\/wp-content\/uploads\/2024\/11\/IMG_8287-e1733004856102.jpg\",\"keywords\":[\"CombateAlContrabando\",\"Extinci\u00f3nDeDominio\",\"M\u00e9xicoSeguro\",\"Pirater\u00eda\"],\"articleSection\":[\"Nacional\",\"\u00daltima Hora\"],\"inLanguage\":\"es\",\"potentialAction\":[{\"@type\":\"CommentAction\",\"name\":\"Comment\",\"target\":[\"https:\/\/www.nexoinformativo.mx\/index.php\/2024\/11\/30\/operativo-sorpresa-desmantela-nido-de-pirateria-en-cdmx\/#respond\"]}]},{\"@type\":\"WebPage\",\"@id\":\"https:\/\/www.nexoinformativo.mx\/index.php\/2024\/11\/30\/operativo-sorpresa-desmantela-nido-de-pirateria-en-cdmx\/\",\"url\":\"https:\/\/www.nexoinformativo.mx\/index.php\/2024\/11\/30\/operativo-sorpresa-desmantela-nido-de-pirateria-en-cdmx\/\",\"name\":\"Operativo sorpresa desmantela nido de pirater\u00eda en CDMX | Nexo Informativo Santiago de Quer\u00e9taro\",\"isPartOf\":{\"@id\":\"https:\/\/www.nexoinformativo.mx\/#website\"},\"primaryImageOfPage\":{\"@id\":\"https:\/\/www.nexoinformativo.mx\/index.php\/2024\/11\/30\/operativo-sorpresa-desmantela-nido-de-pirateria-en-cdmx\/#primaryimage\"},\"image\":{\"@id\":\"https:\/\/www.nexoinformativo.mx\/index.php\/2024\/11\/30\/operativo-sorpresa-desmantela-nido-de-pirateria-en-cdmx\/#primaryimage\"},\"thumbnailUrl\":\"https:\/\/www.nexoinformativo.mx\/wp-content\/uploads\/2024\/11\/IMG_8287-e1733004856102.jpg\",\"datePublished\":\"2024-11-30T17:00:19+00:00\",\"dateModified\":\"2024-11-30T22:15:24+00:00\",\"description\":\"Operativo sorpresa desmantela nido de pirater\u00eda en CDMX\",\"breadcrumb\":{\"@id\":\"https:\/\/www.nexoinformativo.mx\/index.php\/2024\/11\/30\/operativo-sorpresa-desmantela-nido-de-pirateria-en-cdmx\/#breadcrumb\"},\"inLanguage\":\"es\",\"potentialAction\":[{\"@type\":\"ReadAction\",\"target\":[\"https:\/\/www.nexoinformativo.mx\/index.php\/2024\/11\/30\/operativo-sorpresa-desmantela-nido-de-pirateria-en-cdmx\/\"]}]},{\"@type\":\"ImageObject\",\"inLanguage\":\"es\",\"@id\":\"https:\/\/www.nexoinformativo.mx\/index.php\/2024\/11\/30\/operativo-sorpresa-desmantela-nido-de-pirateria-en-cdmx\/#primaryimage\",\"url\":\"https:\/\/www.nexoinformativo.mx\/wp-content\/uploads\/2024\/11\/IMG_8287-e1733004856102.jpg\",\"contentUrl\":\"https:\/\/www.nexoinformativo.mx\/wp-content\/uploads\/2024\/11\/IMG_8287-e1733004856102.jpg\",\"width\":700,\"height\":386},{\"@type\":\"BreadcrumbList\",\"@id\":\"https:\/\/www.nexoinformativo.mx\/index.php\/2024\/11\/30\/operativo-sorpresa-desmantela-nido-de-pirateria-en-cdmx\/#breadcrumb\",\"itemListElement\":[{\"@type\":\"ListItem\",\"position\":1,\"name\":\"Inicio\",\"item\":\"https:\/\/www.nexoinformativo.mx\/\"},{\"@type\":\"ListItem\",\"position\":2,\"name\":\"Operativo sorpresa desmantela nido de pirater\u00eda en CDMX\"}]},{\"@type\":\"WebSite\",\"@id\":\"https:\/\/www.nexoinformativo.mx\/#website\",\"url\":\"https:\/\/www.nexoinformativo.mx\/\",\"name\":\"Nexo Informativo Santiago de Quer\u00e9taro\",\"description\":\"Explora NexoInformativo y convi\u00e9rtete en parte de una comunidad que valora el conocimiento y la verdad. Tu nexoinformativo es tu puente hacia una comprensi\u00f3n m\u00e1s profunda del mundo que te rodea.\",\"publisher\":{\"@id\":\"https:\/\/www.nexoinformativo.mx\/#organization\"},\"potentialAction\":[{\"@type\":\"SearchAction\",\"target\":{\"@type\":\"EntryPoint\",\"urlTemplate\":\"https:\/\/www.nexoinformativo.mx\/?s={search_term_string}\"},\"query-input\":{\"@type\":\"PropertyValueSpecification\",\"valueRequired\":true,\"valueName\":\"search_term_string\"}}],\"inLanguage\":\"es\"},{\"@type\":\"Organization\",\"@id\":\"https:\/\/www.nexoinformativo.mx\/#organization\",\"name\":\"Nexo Informativo Santiago de Quer\u00e9taro\",\"url\":\"https:\/\/www.nexoinformativo.mx\/\",\"logo\":{\"@type\":\"ImageObject\",\"inLanguage\":\"es\",\"@id\":\"https:\/\/www.nexoinformativo.mx\/#\/schema\/logo\/image\/\",\"url\":\"https:\/\/www.nexoinformativo.mx\/wp-content\/uploads\/2024\/07\/nexoi-trasparente-2.png\",\"contentUrl\":\"https:\/\/www.nexoinformativo.mx\/wp-content\/uploads\/2024\/07\/nexoi-trasparente-2.png\",\"width\":816,\"height\":339,\"caption\":\"Nexo Informativo Santiago de Quer\u00e9taro\"},\"image\":{\"@id\":\"https:\/\/www.nexoinformativo.mx\/#\/schema\/logo\/image\/\"},\"sameAs\":[\"https:\/\/www.facebook.com\/people\/Nexo-Informativo\/61564066885511\/\"]},{\"@type\":\"Person\",\"@id\":\"https:\/\/www.nexoinformativo.mx\/#\/schema\/person\/7749d380ba08c8ca00d7bc76fd907b7d\",\"name\":\"Nexo Informativo\",\"image\":{\"@type\":\"ImageObject\",\"inLanguage\":\"es\",\"@id\":\"https:\/\/www.nexoinformativo.mx\/#\/schema\/person\/image\/\",\"url\":\"https:\/\/secure.gravatar.com\/avatar\/dde2928154642a13d95f87ddf1ea9718fe2b46760a005c53e41ff5ad610704e6?s=96&d=mm&r=g\",\"contentUrl\":\"https:\/\/secure.gravatar.com\/avatar\/dde2928154642a13d95f87ddf1ea9718fe2b46760a005c53e41ff5ad610704e6?s=96&d=mm&r=g\",\"caption\":\"Nexo Informativo\"},\"url\":\"https:\/\/www.nexoinformativo.mx\/index.php\/author\/edicion\/\"}]}<\/script>\n<!-- \/ Yoast SEO plugin. -->","yoast_head_json":{"title":"Operativo sorpresa desmantela nido de pirater\u00eda en CDMX | Nexo Informativo Santiago de Quer\u00e9taro","description":"Operativo sorpresa desmantela nido de pirater\u00eda en CDMX","robots":{"index":"index","follow":"follow","max-snippet":"max-snippet:-1","max-image-preview":"max-image-preview:large","max-video-preview":"max-video-preview:-1"},"canonical":"https:\/\/www.nexoinformativo.mx\/index.php\/2024\/11\/30\/operativo-sorpresa-desmantela-nido-de-pirateria-en-cdmx\/","og_locale":"es_MX","og_type":"article","og_title":"Operativo sorpresa desmantela nido de pirater\u00eda en CDMX | Nexo Informativo Santiago de Quer\u00e9taro","og_description":"Operativo sorpresa desmantela nido de pirater\u00eda en CDMX","og_url":"https:\/\/www.nexoinformativo.mx\/index.php\/2024\/11\/30\/operativo-sorpresa-desmantela-nido-de-pirateria-en-cdmx\/","og_site_name":"Nexo Informativo Santiago de Quer\u00e9taro","article_publisher":"https:\/\/www.facebook.com\/people\/Nexo-Informativo\/61564066885511\/","article_published_time":"2024-11-30T17:00:19+00:00","article_modified_time":"2024-11-30T22:15:24+00:00","og_image":[{"width":700,"height":386,"url":"https:\/\/www.nexoinformativo.mx\/wp-content\/uploads\/2024\/11\/IMG_8287-e1733004856102.jpg","type":"image\/jpeg"}],"author":"Nexo Informativo","twitter_card":"summary_large_image","twitter_misc":{"Escrito por":"Nexo Informativo","Tiempo de lectura":"2 minutos"},"schema":{"@context":"https:\/\/schema.org","@graph":[{"@type":"Article","@id":"https:\/\/www.nexoinformativo.mx\/index.php\/2024\/11\/30\/operativo-sorpresa-desmantela-nido-de-pirateria-en-cdmx\/#article","isPartOf":{"@id":"https:\/\/www.nexoinformativo.mx\/index.php\/2024\/11\/30\/operativo-sorpresa-desmantela-nido-de-pirateria-en-cdmx\/"},"author":{"name":"Nexo Informativo","@id":"https:\/\/www.nexoinformativo.mx\/#\/schema\/person\/7749d380ba08c8ca00d7bc76fd907b7d"},"headline":"Operativo sorpresa desmantela nido de pirater\u00eda en CDMX","datePublished":"2024-11-30T17:00:19+00:00","dateModified":"2024-11-30T22:15:24+00:00","mainEntityOfPage":{"@id":"https:\/\/www.nexoinformativo.mx\/index.php\/2024\/11\/30\/operativo-sorpresa-desmantela-nido-de-pirateria-en-cdmx\/"},"wordCount":275,"commentCount":0,"publisher":{"@id":"https:\/\/www.nexoinformativo.mx\/#organization"},"image":{"@id":"https:\/\/www.nexoinformativo.mx\/index.php\/2024\/11\/30\/operativo-sorpresa-desmantela-nido-de-pirateria-en-cdmx\/#primaryimage"},"thumbnailUrl":"https:\/\/www.nexoinformativo.mx\/wp-content\/uploads\/2024\/11\/IMG_8287-e1733004856102.jpg","keywords":["CombateAlContrabando","Extinci\u00f3nDeDominio","M\u00e9xicoSeguro","Pirater\u00eda"],"articleSection":["Nacional","\u00daltima Hora"],"inLanguage":"es","potentialAction":[{"@type":"CommentAction","name":"Comment","target":["https:\/\/www.nexoinformativo.mx\/index.php\/2024\/11\/30\/operativo-sorpresa-desmantela-nido-de-pirateria-en-cdmx\/#respond"]}]},{"@type":"WebPage","@id":"https:\/\/www.nexoinformativo.mx\/index.php\/2024\/11\/30\/operativo-sorpresa-desmantela-nido-de-pirateria-en-cdmx\/","url":"https:\/\/www.nexoinformativo.mx\/index.php\/2024\/11\/30\/operativo-sorpresa-desmantela-nido-de-pirateria-en-cdmx\/","name":"Operativo sorpresa desmantela nido de pirater\u00eda en CDMX | Nexo Informativo Santiago de Quer\u00e9taro","isPartOf":{"@id":"https:\/\/www.nexoinformativo.mx\/#website"},"primaryImageOfPage":{"@id":"https:\/\/www.nexoinformativo.mx\/index.php\/2024\/11\/30\/operativo-sorpresa-desmantela-nido-de-pirateria-en-cdmx\/#primaryimage"},"image":{"@id":"https:\/\/www.nexoinformativo.mx\/index.php\/2024\/11\/30\/operativo-sorpresa-desmantela-nido-de-pirateria-en-cdmx\/#primaryimage"},"thumbnailUrl":"https:\/\/www.nexoinformativo.mx\/wp-content\/uploads\/2024\/11\/IMG_8287-e1733004856102.jpg","datePublished":"2024-11-30T17:00:19+00:00","dateModified":"2024-11-30T22:15:24+00:00","description":"Operativo sorpresa desmantela nido de pirater\u00eda en CDMX","breadcrumb":{"@id":"https:\/\/www.nexoinformativo.mx\/index.php\/2024\/11\/30\/operativo-sorpresa-desmantela-nido-de-pirateria-en-cdmx\/#breadcrumb"},"inLanguage":"es","potentialAction":[{"@type":"ReadAction","target":["https:\/\/www.nexoinformativo.mx\/index.php\/2024\/11\/30\/operativo-sorpresa-desmantela-nido-de-pirateria-en-cdmx\/"]}]},{"@type":"ImageObject","inLanguage":"es","@id":"https:\/\/www.nexoinformativo.mx\/index.php\/2024\/11\/30\/operativo-sorpresa-desmantela-nido-de-pirateria-en-cdmx\/#primaryimage","url":"https:\/\/www.nexoinformativo.mx\/wp-content\/uploads\/2024\/11\/IMG_8287-e1733004856102.jpg","contentUrl":"https:\/\/www.nexoinformativo.mx\/wp-content\/uploads\/2024\/11\/IMG_8287-e1733004856102.jpg","width":700,"height":386},{"@type":"BreadcrumbList","@id":"https:\/\/www.nexoinformativo.mx\/index.php\/2024\/11\/30\/operativo-sorpresa-desmantela-nido-de-pirateria-en-cdmx\/#breadcrumb","itemListElement":[{"@type":"ListItem","position":1,"name":"Inicio","item":"https:\/\/www.nexoinformativo.mx\/"},{"@type":"ListItem","position":2,"name":"Operativo sorpresa desmantela nido de pirater\u00eda en CDMX"}]},{"@type":"WebSite","@id":"https:\/\/www.nexoinformativo.mx\/#website","url":"https:\/\/www.nexoinformativo.mx\/","name":"Nexo Informativo Santiago de Quer\u00e9taro","description":"Explora NexoInformativo y convi\u00e9rtete en parte de una comunidad que valora el conocimiento y la verdad. Tu nexoinformativo es tu puente hacia una comprensi\u00f3n m\u00e1s profunda del mundo que te rodea.","publisher":{"@id":"https:\/\/www.nexoinformativo.mx\/#organization"},"potentialAction":[{"@type":"SearchAction","target":{"@type":"EntryPoint","urlTemplate":"https:\/\/www.nexoinformativo.mx\/?s={search_term_string}"},"query-input":{"@type":"PropertyValueSpecification","valueRequired":true,"valueName":"search_term_string"}}],"inLanguage":"es"},{"@type":"Organization","@id":"https:\/\/www.nexoinformativo.mx\/#organization","name":"Nexo Informativo Santiago de Quer\u00e9taro","url":"https:\/\/www.nexoinformativo.mx\/","logo":{"@type":"ImageObject","inLanguage":"es","@id":"https:\/\/www.nexoinformativo.mx\/#\/schema\/logo\/image\/","url":"https:\/\/www.nexoinformativo.mx\/wp-content\/uploads\/2024\/07\/nexoi-trasparente-2.png","contentUrl":"https:\/\/www.nexoinformativo.mx\/wp-content\/uploads\/2024\/07\/nexoi-trasparente-2.png","width":816,"height":339,"caption":"Nexo Informativo Santiago de Quer\u00e9taro"},"image":{"@id":"https:\/\/www.nexoinformativo.mx\/#\/schema\/logo\/image\/"},"sameAs":["https:\/\/www.facebook.com\/people\/Nexo-Informativo\/61564066885511\/"]},{"@type":"Person","@id":"https:\/\/www.nexoinformativo.mx\/#\/schema\/person\/7749d380ba08c8ca00d7bc76fd907b7d","name":"Nexo Informativo","image":{"@type":"ImageObject","inLanguage":"es","@id":"https:\/\/www.nexoinformativo.mx\/#\/schema\/person\/image\/","url":"https:\/\/secure.gravatar.com\/avatar\/dde2928154642a13d95f87ddf1ea9718fe2b46760a005c53e41ff5ad610704e6?s=96&d=mm&r=g","contentUrl":"https:\/\/secure.gravatar.com\/avatar\/dde2928154642a13d95f87ddf1ea9718fe2b46760a005c53e41ff5ad610704e6?s=96&d=mm&r=g","caption":"Nexo Informativo"},"url":"https:\/\/www.nexoinformativo.mx\/index.php\/author\/edicion\/"}]}},"_links":{"self":[{"href":"https:\/\/www.nexoinformativo.mx\/index.php\/wp-json\/wp\/v2\/posts\/7241","targetHints":{"allow":["GET"]}}],"collection":[{"href":"https:\/\/www.nexoinformativo.mx\/index.php\/wp-json\/wp\/v2\/posts"}],"about":[{"href":"https:\/\/www.nexoinformativo.mx\/index.php\/wp-json\/wp\/v2\/types\/post"}],"author":[{"embeddable":true,"href":"https:\/\/www.nexoinformativo.mx\/index.php\/wp-json\/wp\/v2\/users\/3"}],"replies":[{"embeddable":true,"href":"https:\/\/www.nexoinformativo.mx\/index.php\/wp-json\/wp\/v2\/comments?post=7241"}],"version-history":[{"count":2,"href":"https:\/\/www.nexoinformativo.mx\/index.php\/wp-json\/wp\/v2\/posts\/7241\/revisions"}],"predecessor-version":[{"id":7244,"href":"https:\/\/www.nexoinformativo.mx\/index.php\/wp-json\/wp\/v2\/posts\/7241\/revisions\/7244"}],"wp:featuredmedia":[{"embeddable":true,"href":"https:\/\/www.nexoinformativo.mx\/index.php\/wp-json\/wp\/v2\/media\/7242"}],"wp:attachment":[{"href":"https:\/\/www.nexoinformativo.mx\/index.php\/wp-json\/wp\/v2\/media?parent=7241"}],"wp:term":[{"taxonomy":"category","embeddable":true,"href":"https:\/\/www.nexoinformativo.mx\/index.php\/wp-json\/wp\/v2\/categories?post=7241"},{"taxonomy":"post_tag","embeddable":true,"href":"https:\/\/www.nexoinformativo.mx\/index.php\/wp-json\/wp\/v2\/tags?post=7241"}],"curies":[{"name":"wp","href":"https:\/\/api.w.org\/{rel}","templated":true}]}}